{"id":6000,"date":"2011-11-28T18:49:32","date_gmt":"2011-11-28T17:49:32","guid":{"rendered":"http:\/\/evertonfc.cz\/?p=6000"},"modified":"2019-02-16T18:53:01","modified_gmt":"2019-02-16T17:53:01","slug":"zdrcujici-odchod-garyho-speeda","status":"publish","type":"post","link":"https:\/\/evertonfc.cz\/index.php\/2011\/11\/28\/zdrcujici-odchod-garyho-speeda\/","title":{"rendered":"Zdrcuj\u00edc\u00ed odchod Garyho Speeda"},"content":{"rendered":"<h4>Nejen ten ostrovn\u00ed fotbalov\u00fd sv\u011bt v\u010dera zas\u00e1hla tragick\u00e1 zpr\u00e1va. Legenda fotbalov\u00fdch tr\u00e1vn\u00edk\u016f Gary Speed si vzal \u017eivot.<\/h4>\n<p>Z Evertonu Gary Speed sice nikoliv svoj\u00ed vinou ode\u0161el za kontroverzn\u00edch okolnost\u00ed, Evertonians v ka\u017ed\u00e9m p\u0159\u00edpad\u011b ztratili jednoho ze sv\u00fdch hrdin\u016f pochmurn\u00fdch devades\u00e1t\u00fdch let. Ale nejen oni, truchl\u00ed tak\u00e9 fanou\u0161ci Leedsu United, Newcastlu United, Boltonu a Sheffiledu United, za kter\u00e9 \u201cSpeedo\u201c takt\u00e9\u017e kopal a s nimi cel\u00fd fotbalov\u00fd sv\u011bt.<\/p>\n<p>Zpr\u00e1va o Speedov\u011b \u00famrt\u00ed p\u0159i\u0161la jako blesk z \u010dist\u00e9ho nebe. Je\u0161t\u011b p\u00e1r hodin p\u0159ed osudn\u00fdm rozhodnut\u00edm byla fotbalov\u00e1 legenda hostem po\u0159adu BBC a jeho dobrou n\u00e1ladu ne\u0161lo p\u0159ehl\u00e9dnout. Ale stalo se. Gary Speed za sebou zanechal man\u017eelku Louise, dv\u011b d\u011bti, nad\u011bjn\u011b rozd\u011blanou pr\u00e1ci u vel\u0161sk\u00e9ho n\u00e1rodn\u00edho t\u00fdmu a titul rekordmana, kter\u00e9mu se jako prvn\u00edmu poda\u0159ilo dos\u00e1hnout hranice 500 z\u00e1pas\u016f v Premier League.<\/p>\n<p><em>\u201eFotbal ztratil svou legendu. Pokud se pod\u00edv\u00e1te, kolik z\u00e1pas\u016f Gary odehr\u00e1l, na v\u00fdkony, kter\u00e9 v nim p\u0159edvedl a na kluby, za kter\u00e9 hr\u00e1l, je jasn\u00e9, \u017ee byl skute\u010dn\u00e1 legenda,\u201c<\/em>\u00a0\u0159\u00edk\u00e1 Andy Hinchcliffe, Speed\u016fv n\u011bkdej\u0161\u00ed spoluhr\u00e1\u010d z Evertonu. <em>\u201eAle mus\u00edte tak\u00e9 myslet na jeho \u017eenu a d\u011bti. S\u00e1m jsem \u017eenat\u00fd, m\u00e1m dva kluky a jsem ve stejn\u00e9m v\u011bku jako Gary a v\u00edm, jak by se m\u00e1 rodina c\u00edtila, kdyby m\u011b ztratila.<\/em><\/p>\n<p><em>Jsme v podobn\u00fdch pozic\u00edch na\u0161ich \u017eivot\u016f, Gary byl sice mana\u017eerem a j\u00e1 pracuji v m\u00e9di\u00edch, ale v ohledu rodiny a v\u011bku, jsme byli stejn\u00ed, tak\u017ee rozum\u00edm jak t\u011b\u017ek\u00e9, to pro ka\u017ed\u00e9ho mus\u00ed b\u00fdt. Je to \u0161ok, fotbal ztratil velk\u00e9ho mu\u017ee, ale v tuto chv\u00edli je hlavn\u00ed, \u017ee na\u0161e my\u0161lenky sm\u011b\u0159uj\u00ed ke Garyho rodin\u011b a jeho p\u0159\u00e1tel\u016fm.\u201c<\/em><\/p>\n<p>Podle Hinchcliffa byl Speed dokonal\u00fdm t\u00fdmov\u00fdm hr\u00e1\u010dem a jeho nesobeck\u00fd p\u0159\u00edstup nejen ke h\u0159e, ale i k \u017eivotu, byl velkou inspirac\u00ed.\u00a0<em>\u201eNa h\u0159i\u0161ti to byl obrovsk\u00fd profesion\u00e1l, kter\u00fd ovliv\u0148oval lidi kolem sebe a ani tr\u00e9ninku nikdy nedal m\u00e9n\u011b, ne\u017e 100%. M\u011bl na ostatn\u00ed hr\u00e1\u010de velk\u00fd vliv a n\u011bco takov\u00e9ho je t\u011b\u017ek\u00e9 naj\u00edt. Byl to skv\u011bl\u00fd individu\u00e1ln\u00ed hr\u00e1\u010d, ale tak\u00e9 nesobeck\u00fd. \u00dasp\u011bch jeho kari\u00e9ry byl v jeho individu\u00e1ln\u00edch schopnostech, spojen\u00fdch s ochotou ob\u011btovat se pro t\u00fdm. V\u017edycky m\u011bl \u00fasm\u011bv na tv\u00e1\u0159i, kter\u00fd si p\u0159en\u00e1\u0161el i na h\u0159i\u0161t\u011b.\u201c<\/em><\/p>\n<p>Zpr\u00e1v\u011b se zdr\u00e1h\u00e1 uv\u011b\u0159it tak\u00e9 Joe Royle, mana\u017eer, kter\u00fd Speeda v l\u00e9t\u011b 1996 do Evertonu p\u0159ivedl.\u00a0<em>&#8222;Sv\u016fj \u017eivot \u017eil tak, jak hr\u00e1l fotbal &#8211; bez poskvrny, v\u017edycky tu byl pro v\u00e1s. Nikdy jsem nikoho nesly\u0161el o n\u011bm \u0159\u00edct \u0161patn\u00e9 slovo. Pro ka\u017ed\u00e9ho byl Speedo fantastick\u00fd \u010dlov\u011bk. Sly\u0161el jsem, jak Howard Wilikinson \u0159ekl, \u017ee ze sv\u00fdch hr\u00e1\u010dsk\u00fdch schopnost\u00ed vyt\u011b\u017eil v\u0161echno a Howard ho zn\u00e1 l\u00e9pe, ne\u017e j\u00e1.\u201c<\/em><\/p>\n<p>Klubem Garyho Speeda byl odjak\u017eiva Everton. U\u017e odmali\u010dka na Goodison Park jezdil jen co to \u0161lo a uj\u00edt si nenechal ani posledn\u00ed dom\u00e1c\u00ed z\u00e1pas proti Wolves. Kdy\u017e tedy v roce 1996 z Leedsu p\u0159estoupil ke sv\u00fdm milovan\u00fdm Blues, splnil se mu velk\u00fd sen a podle toho si podle Joe Roylea tak\u00e9 svoj\u00ed p\u0159\u00edle\u017eitosti v\u00e1\u017eil.<\/p>\n<p><em>\u201eKa\u017ed\u00fd den tr\u00e9noval na maximum, za \u017e\u00e1dn\u00fdch okolnost\u00ed se nestalo, \u017ee n\u011bkdy nebyl p\u0159ipraven tr\u00e9novat. Po\u0159\u00e1d m\u011bl \u00fasm\u011bv na tv\u00e1\u0159i, hr\u00e1l s \u00fasm\u011bvem\u00a0na tv\u00e1\u0159i a byl to jeden z nejlep\u0161\u00edch hr\u00e1\u010d\u016f, kter\u00e9 jsem m\u011bl to \u0161t\u011bst\u00ed tr\u00e9novat. Po\u0159\u00e1d tomu nem\u016f\u017eu uv\u011b\u0159it. Do Everton tou\u017eil p\u0159ij\u00edt, kdy\u017e se jeho \u010das v Leedsu naklonil, nebylo to pro n\u011bj v\u016fbec t\u011b\u017ek\u00e9, proto\u017ee to v\u017edycky byl Evertonian. Byl \u010dlenem fanklubu Evertonians ze severn\u00edho Walesu a od prvn\u00ed minuty, co p\u0159i\u0161el, byl pro klub perfektn\u00ed.\u201c<\/em><\/p>\n<p>Zdrcen\u00ed neskr\u00fdv\u00e1 ani Barry Horne. Ten se se Speedem v Evertonu sice t\u011bsn\u011b minul, ale n\u011bkolik let byli spoluhr\u00e1\u010di ve vel\u0161sk\u00e9 reprezentaci.<em>\u00a0\u201eMockr\u00e1t jsme spolu na reprezenta\u010dn\u00edch srazech bydleli na pokoji, kdy\u017e byl je\u0161t\u011b mlad\u00fd kluk a nav\u00edc byl ze stejn\u00e9 \u010d\u00e1sti Walesu jako j\u00e1, tak\u017ee jsme se stali dobr\u00fdmi p\u0159\u00e1teli a hlavn\u011b jsme jimi z\u016fstali. V dlouh\u00e9 fotbalov\u00e9 kari\u00e9\u0159e si moc p\u0159\u00e1tel neudr\u017e\u00edte, ale n\u00e1m se to povedlo a st\u00e1lo to za to. Byl skromn\u00fd, trp\u011bliv\u00fd a dobrosrde\u010dn\u00fd. Byl to zkr\u00e1tka dobr\u00fd chlap. Lidi po\u0159\u00e1d \u0159\u00edkaj\u00ed, \u017ee t\u011bm zpr\u00e1v\u00e1m nemohou uv\u011b\u0159it, ale j\u00e1 si st\u00e1le namlouv\u00e1m, \u017ee se n\u011bkdo musel spl\u00e9st. Je to nepochopiteln\u00e9.\u201c<\/em><\/p>\n<p>Jako obrovskou ztr\u00e1tu vid\u00ed n\u00e1hlou Speedovu smrt tak\u00e9 David Moyes.<em>\u00a0\u201eByl jsem s t\u00fdmem, kdy\u017e jsme se to dozv\u011bd\u011bli a v\u0161ichni jsme byli naprosto ot\u0159eseni. Ve\u010der p\u0159ed na\u0161\u00edm z\u00e1pasem jsem ho sledoval ve Football Focus a potom sly\u0161et, \u017ee zem\u0159el, je neuv\u011b\u0159iteln\u00fd \u0161ok. Je hodn\u011b t\u011b\u017ek\u00e9 tomu porozum\u011bt. \u010casem to mo\u017en\u00e1 bude srozumiteln\u011bj\u0161\u00ed, ale moment\u00e1ln\u011b jsou na\u0161e my\u0161lenky s jeho rodinou.<\/em><\/p>\n<p><em>Gary byl pro Everton skv\u011bl\u00fdm slu\u017eebn\u00edkem a d\u011blal pokroky jako mana\u017eer. N\u011bkolik na\u0161ich kluk\u016f s n\u00edm pracovalo. Louis Saha s n\u00edm hr\u00e1l v Newcastlu a Phil Jagielka ho znal ze sv\u00fdch dn\u00ed v Sheffieldu United. Pracoval s n\u00edm tak\u00e9 Jimmy Lumsden potom, co p\u0159estoupil do Leedsu. J\u00e1 ho tak dob\u0159e neznal jako tren\u00e9ra a mana\u017eera, ale mnohokr\u00e1t jsme se potkali a byl to skute\u010dn\u011b dobr\u00fd a mil\u00fd chlap.\u201c<\/em><\/p>\n<p>Odpo\u010d\u00edvej v pokoji, Gary.<\/p>\n","protected":false},"excerpt":{"rendered":"<p>Nejen ten ostrovn\u00ed fotbalov\u00fd sv\u011bt v\u010dera zas\u00e1hla tragick\u00e1 zpr\u00e1va. Legenda fotbalov\u00fdch tr\u00e1vn\u00edk\u016f Gary Speed si vzal \u017eivot. Z Evertonu Gary&hellip;<\/p>\n","protected":false},"author":7,"featured_media":1313,"comment_status":"open","ping_status":"closed","sticky":false,"template":"","format":"standard","meta":{"_eb_attr":"","_monsterinsights_skip_tracking":false,"_monsterinsights_sitenote_active":false,"_monsterinsights_sitenote_note":"","_monsterinsights_sitenote_category":0,"footnotes":""},"categories":[42],"tags":[],"yoast_head":"<!-- This site is optimized with the Yoast SEO plugin v23.4 - https:\/\/yoast.com\/wordpress\/plugins\/seo\/ -->\n<title>Zdrcuj\u00edc\u00ed odchod Garyho Speeda - Official Czech &amp; Slovak Everton Supporters&#039; Club<\/title>\n<meta name=\"robots\" content=\"index, follow, max-snippet:-1, max-image-preview:large, max-video-preview:-1\" \/>\n<link rel=\"canonical\" href=\"https:\/\/evertonfc.cz\/index.php\/2011\/11\/28\/zdrcujici-odchod-garyho-speeda\/\" \/>\n<meta property=\"og:locale\" content=\"cs_CZ\" \/>\n<meta property=\"og:type\" content=\"article\" \/>\n<meta property=\"og:title\" content=\"Zdrcuj\u00edc\u00ed odchod Garyho Speeda - Official Czech &amp; Slovak Everton Supporters&#039; Club\" \/>\n<meta property=\"og:description\" content=\"Nejen ten ostrovn\u00ed fotbalov\u00fd sv\u011bt v\u010dera zas\u00e1hla tragick\u00e1 zpr\u00e1va. Legenda fotbalov\u00fdch tr\u00e1vn\u00edk\u016f Gary Speed si vzal \u017eivot. Z Evertonu Gary&hellip;\" \/>\n<meta property=\"og:url\" content=\"https:\/\/evertonfc.cz\/index.php\/2011\/11\/28\/zdrcujici-odchod-garyho-speeda\/\" \/>\n<meta property=\"og:site_name\" content=\"Official Czech &amp; Slovak Everton Supporters&#039; Club\" \/>\n<meta property=\"article:publisher\" content=\"https:\/\/www.facebook.com\/everton.fans.cz.sk\" \/>\n<meta property=\"article:published_time\" content=\"2011-11-28T17:49:32+00:00\" \/>\n<meta property=\"article:modified_time\" content=\"2019-02-16T17:53:01+00:00\" \/>\n<meta property=\"og:image\" content=\"https:\/\/evertonfc.cz\/wp-content\/uploads\/2019\/01\/news.jpg\" \/>\n\t<meta property=\"og:image:width\" content=\"720\" \/>\n\t<meta property=\"og:image:height\" content=\"405\" \/>\n\t<meta property=\"og:image:type\" content=\"image\/jpeg\" \/>\n<meta name=\"author\" content=\"Me\u0148a\" \/>\n<meta name=\"twitter:card\" content=\"summary_large_image\" \/>\n<meta name=\"twitter:label1\" content=\"Napsal(a)\" \/>\n\t<meta name=\"twitter:data1\" content=\"Me\u0148a\" \/>\n\t<meta name=\"twitter:label2\" content=\"Odhadovan\u00e1 doba \u010dten\u00ed\" \/>\n\t<meta name=\"twitter:data2\" content=\"5 minut\" \/>\n<script type=\"application\/ld+json\" class=\"yoast-schema-graph\">{\"@context\":\"https:\/\/schema.org\",\"@graph\":[{\"@type\":\"Article\",\"@id\":\"https:\/\/evertonfc.cz\/index.php\/2011\/11\/28\/zdrcujici-odchod-garyho-speeda\/#article\",\"isPartOf\":{\"@id\":\"https:\/\/evertonfc.cz\/index.php\/2011\/11\/28\/zdrcujici-odchod-garyho-speeda\/\"},\"author\":{\"name\":\"Me\u0148a\",\"@id\":\"https:\/\/evertonfc.cz\/#\/schema\/person\/cd6328a75577de2add7793fd4b0930c3\"},\"headline\":\"Zdrcuj\u00edc\u00ed odchod Garyho Speeda\",\"datePublished\":\"2011-11-28T17:49:32+00:00\",\"dateModified\":\"2019-02-16T17:53:01+00:00\",\"mainEntityOfPage\":{\"@id\":\"https:\/\/evertonfc.cz\/index.php\/2011\/11\/28\/zdrcujici-odchod-garyho-speeda\/\"},\"wordCount\":1037,\"commentCount\":0,\"publisher\":{\"@id\":\"https:\/\/evertonfc.cz\/#organization\"},\"image\":{\"@id\":\"https:\/\/evertonfc.cz\/index.php\/2011\/11\/28\/zdrcujici-odchod-garyho-speeda\/#primaryimage\"},\"thumbnailUrl\":\"https:\/\/evertonfc.cz\/wp-content\/uploads\/2019\/01\/news.jpg\",\"articleSection\":[\"Aktuality\"],\"inLanguage\":\"cs\",\"potentialAction\":[{\"@type\":\"CommentAction\",\"name\":\"Comment\",\"target\":[\"https:\/\/evertonfc.cz\/index.php\/2011\/11\/28\/zdrcujici-odchod-garyho-speeda\/#respond\"]}]},{\"@type\":\"WebPage\",\"@id\":\"https:\/\/evertonfc.cz\/index.php\/2011\/11\/28\/zdrcujici-odchod-garyho-speeda\/\",\"url\":\"https:\/\/evertonfc.cz\/index.php\/2011\/11\/28\/zdrcujici-odchod-garyho-speeda\/\",\"name\":\"Zdrcuj\u00edc\u00ed odchod Garyho Speeda - Official Czech &amp; Slovak Everton Supporters&#039; Club\",\"isPartOf\":{\"@id\":\"https:\/\/evertonfc.cz\/#website\"},\"primaryImageOfPage\":{\"@id\":\"https:\/\/evertonfc.cz\/index.php\/2011\/11\/28\/zdrcujici-odchod-garyho-speeda\/#primaryimage\"},\"image\":{\"@id\":\"https:\/\/evertonfc.cz\/index.php\/2011\/11\/28\/zdrcujici-odchod-garyho-speeda\/#primaryimage\"},\"thumbnailUrl\":\"https:\/\/evertonfc.cz\/wp-content\/uploads\/2019\/01\/news.jpg\",\"datePublished\":\"2011-11-28T17:49:32+00:00\",\"dateModified\":\"2019-02-16T17:53:01+00:00\",\"breadcrumb\":{\"@id\":\"https:\/\/evertonfc.cz\/index.php\/2011\/11\/28\/zdrcujici-odchod-garyho-speeda\/#breadcrumb\"},\"inLanguage\":\"cs\",\"potentialAction\":[{\"@type\":\"ReadAction\",\"target\":[\"https:\/\/evertonfc.cz\/index.php\/2011\/11\/28\/zdrcujici-odchod-garyho-speeda\/\"]}]},{\"@type\":\"ImageObject\",\"inLanguage\":\"cs\",\"@id\":\"https:\/\/evertonfc.cz\/index.php\/2011\/11\/28\/zdrcujici-odchod-garyho-speeda\/#primaryimage\",\"url\":\"https:\/\/evertonfc.cz\/wp-content\/uploads\/2019\/01\/news.jpg\",\"contentUrl\":\"https:\/\/evertonfc.cz\/wp-content\/uploads\/2019\/01\/news.jpg\",\"width\":720,\"height\":405},{\"@type\":\"BreadcrumbList\",\"@id\":\"https:\/\/evertonfc.cz\/index.php\/2011\/11\/28\/zdrcujici-odchod-garyho-speeda\/#breadcrumb\",\"itemListElement\":[{\"@type\":\"ListItem\",\"position\":1,\"name\":\"Home\",\"item\":\"https:\/\/evertonfc.cz\/\"},{\"@type\":\"ListItem\",\"position\":2,\"name\":\"Zdrcuj\u00edc\u00ed odchod Garyho Speeda\"}]},{\"@type\":\"WebSite\",\"@id\":\"https:\/\/evertonfc.cz\/#website\",\"url\":\"https:\/\/evertonfc.cz\/\",\"name\":\"Official Czech &amp; Slovak Everton Supporters&#039; Club\",\"description\":\"\",\"publisher\":{\"@id\":\"https:\/\/evertonfc.cz\/#organization\"},\"potentialAction\":[{\"@type\":\"SearchAction\",\"target\":{\"@type\":\"EntryPoint\",\"urlTemplate\":\"https:\/\/evertonfc.cz\/?s={search_term_string}\"},\"query-input\":{\"@type\":\"PropertyValueSpecification\",\"valueRequired\":true,\"valueName\":\"search_term_string\"}}],\"inLanguage\":\"cs\"},{\"@type\":\"Organization\",\"@id\":\"https:\/\/evertonfc.cz\/#organization\",\"name\":\"Official Czech & Slovak Everton Supporters' Club\",\"url\":\"https:\/\/evertonfc.cz\/\",\"logo\":{\"@type\":\"ImageObject\",\"inLanguage\":\"cs\",\"@id\":\"https:\/\/evertonfc.cz\/#\/schema\/logo\/image\/\",\"url\":\"https:\/\/evertonfc.cz\/wp-content\/uploads\/2019\/05\/logo.png\",\"contentUrl\":\"https:\/\/evertonfc.cz\/wp-content\/uploads\/2019\/05\/logo.png\",\"width\":112,\"height\":112,\"caption\":\"Official Czech & Slovak Everton Supporters' Club\"},\"image\":{\"@id\":\"https:\/\/evertonfc.cz\/#\/schema\/logo\/image\/\"},\"sameAs\":[\"https:\/\/www.facebook.com\/everton.fans.cz.sk\"]},{\"@type\":\"Person\",\"@id\":\"https:\/\/evertonfc.cz\/#\/schema\/person\/cd6328a75577de2add7793fd4b0930c3\",\"name\":\"Me\u0148a\",\"url\":\"https:\/\/evertonfc.cz\/index.php\/author\/mena\/\"}]}<\/script>\n<!-- \/ Yoast SEO plugin. -->","yoast_head_json":{"title":"Zdrcuj\u00edc\u00ed odchod Garyho Speeda - Official Czech &amp; Slovak Everton Supporters&#039; Club","robots":{"index":"index","follow":"follow","max-snippet":"max-snippet:-1","max-image-preview":"max-image-preview:large","max-video-preview":"max-video-preview:-1"},"canonical":"https:\/\/evertonfc.cz\/index.php\/2011\/11\/28\/zdrcujici-odchod-garyho-speeda\/","og_locale":"cs_CZ","og_type":"article","og_title":"Zdrcuj\u00edc\u00ed odchod Garyho Speeda - Official Czech &amp; Slovak Everton Supporters&#039; Club","og_description":"Nejen ten ostrovn\u00ed fotbalov\u00fd sv\u011bt v\u010dera zas\u00e1hla tragick\u00e1 zpr\u00e1va. Legenda fotbalov\u00fdch tr\u00e1vn\u00edk\u016f Gary Speed si vzal \u017eivot. Z Evertonu Gary&hellip;","og_url":"https:\/\/evertonfc.cz\/index.php\/2011\/11\/28\/zdrcujici-odchod-garyho-speeda\/","og_site_name":"Official Czech &amp; Slovak Everton Supporters&#039; Club","article_publisher":"https:\/\/www.facebook.com\/everton.fans.cz.sk","article_published_time":"2011-11-28T17:49:32+00:00","article_modified_time":"2019-02-16T17:53:01+00:00","og_image":[{"width":720,"height":405,"url":"https:\/\/evertonfc.cz\/wp-content\/uploads\/2019\/01\/news.jpg","type":"image\/jpeg"}],"author":"Me\u0148a","twitter_card":"summary_large_image","twitter_misc":{"Napsal(a)":"Me\u0148a","Odhadovan\u00e1 doba \u010dten\u00ed":"5 minut"},"schema":{"@context":"https:\/\/schema.org","@graph":[{"@type":"Article","@id":"https:\/\/evertonfc.cz\/index.php\/2011\/11\/28\/zdrcujici-odchod-garyho-speeda\/#article","isPartOf":{"@id":"https:\/\/evertonfc.cz\/index.php\/2011\/11\/28\/zdrcujici-odchod-garyho-speeda\/"},"author":{"name":"Me\u0148a","@id":"https:\/\/evertonfc.cz\/#\/schema\/person\/cd6328a75577de2add7793fd4b0930c3"},"headline":"Zdrcuj\u00edc\u00ed odchod Garyho Speeda","datePublished":"2011-11-28T17:49:32+00:00","dateModified":"2019-02-16T17:53:01+00:00","mainEntityOfPage":{"@id":"https:\/\/evertonfc.cz\/index.php\/2011\/11\/28\/zdrcujici-odchod-garyho-speeda\/"},"wordCount":1037,"commentCount":0,"publisher":{"@id":"https:\/\/evertonfc.cz\/#organization"},"image":{"@id":"https:\/\/evertonfc.cz\/index.php\/2011\/11\/28\/zdrcujici-odchod-garyho-speeda\/#primaryimage"},"thumbnailUrl":"https:\/\/evertonfc.cz\/wp-content\/uploads\/2019\/01\/news.jpg","articleSection":["Aktuality"],"inLanguage":"cs","potentialAction":[{"@type":"CommentAction","name":"Comment","target":["https:\/\/evertonfc.cz\/index.php\/2011\/11\/28\/zdrcujici-odchod-garyho-speeda\/#respond"]}]},{"@type":"WebPage","@id":"https:\/\/evertonfc.cz\/index.php\/2011\/11\/28\/zdrcujici-odchod-garyho-speeda\/","url":"https:\/\/evertonfc.cz\/index.php\/2011\/11\/28\/zdrcujici-odchod-garyho-speeda\/","name":"Zdrcuj\u00edc\u00ed odchod Garyho Speeda - Official Czech &amp; Slovak Everton Supporters&#039; Club","isPartOf":{"@id":"https:\/\/evertonfc.cz\/#website"},"primaryImageOfPage":{"@id":"https:\/\/evertonfc.cz\/index.php\/2011\/11\/28\/zdrcujici-odchod-garyho-speeda\/#primaryimage"},"image":{"@id":"https:\/\/evertonfc.cz\/index.php\/2011\/11\/28\/zdrcujici-odchod-garyho-speeda\/#primaryimage"},"thumbnailUrl":"https:\/\/evertonfc.cz\/wp-content\/uploads\/2019\/01\/news.jpg","datePublished":"2011-11-28T17:49:32+00:00","dateModified":"2019-02-16T17:53:01+00:00","breadcrumb":{"@id":"https:\/\/evertonfc.cz\/index.php\/2011\/11\/28\/zdrcujici-odchod-garyho-speeda\/#breadcrumb"},"inLanguage":"cs","potentialAction":[{"@type":"ReadAction","target":["https:\/\/evertonfc.cz\/index.php\/2011\/11\/28\/zdrcujici-odchod-garyho-speeda\/"]}]},{"@type":"ImageObject","inLanguage":"cs","@id":"https:\/\/evertonfc.cz\/index.php\/2011\/11\/28\/zdrcujici-odchod-garyho-speeda\/#primaryimage","url":"https:\/\/evertonfc.cz\/wp-content\/uploads\/2019\/01\/news.jpg","contentUrl":"https:\/\/evertonfc.cz\/wp-content\/uploads\/2019\/01\/news.jpg","width":720,"height":405},{"@type":"BreadcrumbList","@id":"https:\/\/evertonfc.cz\/index.php\/2011\/11\/28\/zdrcujici-odchod-garyho-speeda\/#breadcrumb","itemListElement":[{"@type":"ListItem","position":1,"name":"Home","item":"https:\/\/evertonfc.cz\/"},{"@type":"ListItem","position":2,"name":"Zdrcuj\u00edc\u00ed odchod Garyho Speeda"}]},{"@type":"WebSite","@id":"https:\/\/evertonfc.cz\/#website","url":"https:\/\/evertonfc.cz\/","name":"Official Czech &amp; Slovak Everton Supporters&#039; Club","description":"","publisher":{"@id":"https:\/\/evertonfc.cz\/#organization"},"potentialAction":[{"@type":"SearchAction","target":{"@type":"EntryPoint","urlTemplate":"https:\/\/evertonfc.cz\/?s={search_term_string}"},"query-input":{"@type":"PropertyValueSpecification","valueRequired":true,"valueName":"search_term_string"}}],"inLanguage":"cs"},{"@type":"Organization","@id":"https:\/\/evertonfc.cz\/#organization","name":"Official Czech & Slovak Everton Supporters' Club","url":"https:\/\/evertonfc.cz\/","logo":{"@type":"ImageObject","inLanguage":"cs","@id":"https:\/\/evertonfc.cz\/#\/schema\/logo\/image\/","url":"https:\/\/evertonfc.cz\/wp-content\/uploads\/2019\/05\/logo.png","contentUrl":"https:\/\/evertonfc.cz\/wp-content\/uploads\/2019\/05\/logo.png","width":112,"height":112,"caption":"Official Czech & Slovak Everton Supporters' Club"},"image":{"@id":"https:\/\/evertonfc.cz\/#\/schema\/logo\/image\/"},"sameAs":["https:\/\/www.facebook.com\/everton.fans.cz.sk"]},{"@type":"Person","@id":"https:\/\/evertonfc.cz\/#\/schema\/person\/cd6328a75577de2add7793fd4b0930c3","name":"Me\u0148a","url":"https:\/\/evertonfc.cz\/index.php\/author\/mena\/"}]}},"_links":{"self":[{"href":"https:\/\/evertonfc.cz\/index.php\/wp-json\/wp\/v2\/posts\/6000"}],"collection":[{"href":"https:\/\/evertonfc.cz\/index.php\/wp-json\/wp\/v2\/posts"}],"about":[{"href":"https:\/\/evertonfc.cz\/index.php\/wp-json\/wp\/v2\/types\/post"}],"author":[{"embeddable":true,"href":"https:\/\/evertonfc.cz\/index.php\/wp-json\/wp\/v2\/users\/7"}],"replies":[{"embeddable":true,"href":"https:\/\/evertonfc.cz\/index.php\/wp-json\/wp\/v2\/comments?post=6000"}],"version-history":[{"count":3,"href":"https:\/\/evertonfc.cz\/index.php\/wp-json\/wp\/v2\/posts\/6000\/revisions"}],"predecessor-version":[{"id":6005,"href":"https:\/\/evertonfc.cz\/index.php\/wp-json\/wp\/v2\/posts\/6000\/revisions\/6005"}],"wp:featuredmedia":[{"embeddable":true,"href":"https:\/\/evertonfc.cz\/index.php\/wp-json\/wp\/v2\/media\/1313"}],"wp:attachment":[{"href":"https:\/\/evertonfc.cz\/index.php\/wp-json\/wp\/v2\/media?parent=6000"}],"wp:term":[{"taxonomy":"category","embeddable":true,"href":"https:\/\/evertonfc.cz\/index.php\/wp-json\/wp\/v2\/categories?post=6000"},{"taxonomy":"post_tag","embeddable":true,"href":"https:\/\/evertonfc.cz\/index.php\/wp-json\/wp\/v2\/tags?post=6000"}],"curies":[{"name":"wp","href":"https:\/\/api.w.org\/{rel}","templated":true}]}}