{"id":6006,"date":"2011-11-30T18:53:08","date_gmt":"2011-11-30T17:53:08","guid":{"rendered":"http:\/\/evertonfc.cz\/?p=6006"},"modified":"2019-02-16T18:54:52","modified_gmt":"2019-02-16T17:54:52","slug":"duncan-na-chatu","status":"publish","type":"post","link":"https:\/\/evertonfc.cz\/index.php\/2011\/11\/30\/duncan-na-chatu\/","title":{"rendered":"Duncan na chatu"},"content":{"rendered":"<h4 id=\"NewsPostDetailSummary\">Na r\u016fzn\u00e9 ot\u00e1zky z \u0159ad fanou\u0161k\u016f odpov\u00eddal na ofici\u00e1ln\u00ed str\u00e1nce tentokr\u00e1t legend\u00e1rn\u00ed Duncan Ferguson.<\/h4>\n<div id=\"NewsPostDetailContent\">\n<p><strong>Melanie Hampson<\/strong><br \/>\n<strong>Ahoj, Duncane, jak\u00fd je tv\u016fj nejpy\u0161n\u011bj\u0161\u00ed okam\u017eik v dresu Evertonu?<\/strong><\/p>\n<p>Kdy\u017e m\u011b Howard Kendall v sezon\u011b 1997\/98, ud\u011blal kapit\u00e1nem.<\/p>\n<p><strong>LydiaEFC<\/strong><br \/>\n<strong>Ke komu jsi jako kluk vzhl\u00ed\u017eel?<\/strong><\/p>\n<p>Davie Cooper, lev\u00fd k\u0159\u00eddeln\u00edk Rangers &#8211; byl to m\u016fj idol.<\/p>\n<p><strong>david connor<\/strong><br \/>\n<strong>Kdo by nejlep\u0161\u00ed hr\u00e1\u010d, se kter\u00fdm si v Evertonu hr\u00e1l?<\/strong><\/p>\n<p>Je jich n\u011bkolik &#8211; Campbell, Kanchelskis, Dave Watson&#8230; A taky Tim Cahill, Leon Osman a Hibbo ze sou\u010dasn\u00fdch hr\u00e1\u010d\u016f, proto\u017ee pro n\u011b m\u00e1m velkou slabost.<\/p>\n<p><strong>Alan Rodger<\/strong><br \/>\n<strong>Je skv\u011bl\u00e9 vid\u011bt t\u011b zp\u011bt doma. Jak\u00fd je tv\u016fj obl\u00edben\u00fd g\u00f3l?<\/strong><\/p>\n<p>Ten proti Liverpoolu, kdy jsem se na kraji v\u00e1pna oto\u010dil a nap\u00e1lil jsem m\u00ed\u010d do spodn\u00edho rohu. Bylo to ne\u010dekan\u00e9 a fanou\u0161ci byli p\u0159ekvapeni, jak rychle jsem se oto\u010dil a p\u0159ekonal brank\u00e1\u0159e! Lol.<\/p>\n<p><strong>Steve Robinson<\/strong><br \/>\n<strong>Jak ses c\u00edtil, kdy\u017e ses dozv\u011bd\u011bl o smrti Garyho Speeda?<\/strong><\/p>\n<p>M\u011bl jsem srdce a\u017e v \u017ealudku. Myslel jsem, \u017ee to mus\u00ed b\u00fdt n\u011bjak\u00e1 chyba. A pak jsem si za\u010dal myslet, \u017ee to musel b\u00fdt infarkt nebo n\u011bco takov\u00e9ho. Dozv\u011bd\u011bt se to bylo tragick\u00e9.<\/p>\n<p><strong>woodlousedesign<\/strong><br \/>\n<strong>Te\u010f, kdy\u017e d\u011bl\u00e1\u0161 tren\u00e9rsk\u00e9 zkou\u0161ky, znamen\u00e1 to, \u017ee se brzy zapoj\u00ed\u0161 do managementu nebo z\u016fstane\u0161 za oponou?<\/strong><\/p>\n<p>Nejd\u0159\u00edv chci z\u00edskat kvalifikaci jako tren\u00e9r a pak se uvid\u00ed. Nejprve chci v\u011bd\u011bt, jestli v tom budu dobr\u00fd. B\u00fdt na Finch Farm a u\u010dit se od jmen jako Alan Irvine, je nedoceniteln\u00e9.<\/p>\n<p><strong>Donnah Crummey<\/strong><br \/>\n<strong>Po\u0159\u00e1d chov\u00e1\u0161 holuby?<\/strong><\/p>\n<p>M\u011bl jsem je i ve \u0160pan\u011blsku, ale musel jsem se jich vzd\u00e1t abych se mohl vr\u00e1tit do Evertonu. Vid\u00edte, co pro m\u011b klub znamen\u00e1 &#8211; dokonce jsem se vzdal sv\u00fdch holub\u016f!<\/p>\n<p><strong>lizfoster9<\/strong><br \/>\n<strong>Nen\u00e1\u0161\u00ed\u0161 Collinu stejn\u011b jako my ostatn\u00ed po TOM g\u00f3lu?<\/strong><\/p>\n<p>Ano. Vypad\u00e1 jako ten chl\u00e1pek z \u201cHory maj\u00ed o\u010di\u201c! St\u00e1l n\u00e1s m\u00edsto ve skupin\u011b Champions League, a to je nejv\u011bt\u0161\u00ed zklam\u00e1n\u00ed m\u00e9 fotbalov\u00e9 kari\u00e9ry.<\/p>\n<p><strong>Jamie Williams<\/strong><br \/>\n<strong>Kdo m\u00edval v Evertonu nejhor\u0161\u00ed vkus obl\u00e9k\u00e1n\u00ed?<\/strong><\/p>\n<p>V\u0161ichni. J\u00e1 se samoz\u0159ejm\u011b obl\u00e9kal nejl\u00edp!<\/p>\n<p><strong>Graeme Parrington<\/strong><br \/>\n<strong>Kdo byl nejtvrd\u0161\u00edm obr\u00e1ncem, proti kter\u00e9mu jsi hr\u00e1l?<\/strong><\/p>\n<p>Bylo jich hodn\u011b. Tony Adams, Sol Campbell, Pallister, Bruce, Keown, Hyppia, Stam a n\u011bkolik dal\u0161\u00edch. V\u0161echny jsem je respektoval.<\/p>\n<p><strong>millysacca<\/strong><br \/>\n<strong>Kdo byl nejlep\u0161\u00edm \u00fato\u010dn\u00edkem, se kter\u00fdm jsi hr\u00e1l?<\/strong><\/p>\n<p>Alan Shearer v Newcastlu, v Evertonu Rooney a Kevin Campbell. V Rangers pak Brian Laudrup a Ally McCoist.<\/p>\n<p><strong>david connor<\/strong><br \/>\n<strong>Kdo byl \u0161\u00edlen\u011bj\u0161\u00ed, Gazza nebo Tommy Gravesen?<\/strong><\/p>\n<p>Oba to byli stejn\u00ed bl\u00e1zni&#8230; a taky m\u011bkc\u00ed!<\/p>\n<p><strong>alexefc94<\/strong><br \/>\n<strong>Jak vysoko hodnot\u00ed\u0161 Velliose?<\/strong><\/p>\n<p>\u010castokr\u00e1t jsem ho je\u0161t\u011b nevid\u011bl, m\u011bl jsem s n\u00edm jen jeden tr\u00e9nink. Bylo hezk\u00e9 sly\u0161et to, co o v\u00edkendu \u0159ekl, je to dobr\u00fd hr\u00e1\u010d s velk\u00fdm potenci\u00e1lem.<\/p>\n<p><strong>Andy Forsyth<\/strong><br \/>\n<strong>Byl n\u011bkdo, koho jsi cht\u011bl opravdu hodn\u011b pra\u0161tit, kdy\u017e jsi byl na h\u0159i\u0161ti?<\/strong><\/p>\n<p>Ne, v\u011bt\u0161inu jsem jich dostal, haha.<\/p>\n<p><strong>Emma Pursey<\/strong><br \/>\n<strong>Jak\u00e9 bylo hr\u00e1t s Nevillem Southallem?<\/strong><\/p>\n<p>Divn\u00e9. Ale je to obrovsk\u00e1 legenda!<\/p>\n<p><strong>Jack Oconnor<\/strong><br \/>\n<strong>Proti kter\u00e9mu t\u00fdmu jsi podal nejlep\u0161\u00ed v\u00fdkon?<\/strong><\/p>\n<p>Doma proti Newcastlu v srpnu 1996. Byl to debut Alana Shearera a taky Garyho Speeda. Porazili jsme je 2-0 a opravdu jsem si ten z\u00e1pas u\u017eil. P\u0159ihr\u00e1l jsem Garymu na g\u00f3l a vybojoval jsem penaltu.<\/p>\n<p><strong>John Bailey<\/strong><br \/>\n<strong>Pokud bys nebyl fotbalistou, jako kari\u00e9ru bys zvolil?<\/strong><\/p>\n<p>L\u00edbilo by se mi boxov\u00e1n\u00ed &#8211; v ringu, kde by to leg\u00e1ln\u00ed, na rozd\u00edl od h\u0159i\u0161t\u011b! Haha!<\/p>\n<p><strong>tonytwelvetoes<\/strong><br \/>\n<strong>Jak\u00e9 bylo tvoje obl\u00edben\u00e9 venkovn\u00ed h\u0159i\u0161t\u011b a pro\u010d?<\/strong><\/p>\n<p>V\u017edycky se mi l\u00edbil St. James Park, a\u0165 u\u017e jako dom\u00e1c\u00ed hr\u00e1\u010d nebo hostuj\u00edc\u00ed. Skv\u011bl\u00ed fanou\u0161ci &#8211; velmi podobn\u00ed Bluenoses, ale ne tak fanati\u010dt\u00ed.<\/p>\n<p><strong>Craig Maidment<\/strong><br \/>\n<strong>Kdo d\u00e1 g\u00f3l sp\u00ed\u0161, Tim Howard nebo Tony Hibbert?<\/strong><\/p>\n<p>Tony nem\u00e1 \u017e\u00e1dnou \u0161anci d\u00e1t g\u00f3l, dokud se mnou v tr\u00e9ninku nestr\u00e1v\u00ed dvacet minut, haha.<\/p>\n<p><strong>Chris Hunter<\/strong><br \/>\n<strong>P\u0159em\u00fd\u0161lel jsi nad naps\u00e1n\u00edm autobiografie? Bylo by to zaj\u00edmav\u00e9 \u010dten\u00ed&#8230; plus kdy\u017e ji m\u016f\u017ee napsat Baz, tak kdokoliv haha.<\/strong><\/p>\n<p>Tahle ot\u00e1zka mi bylo polo\u017eena mockr\u00e1t a nikdy ne\u0159\u00edkej nikdy.<\/p>\n<p><strong>blue_nose_amy<\/strong><br \/>\n<strong>Jsou tvoje d\u011bti fanou\u0161ci Evertonu?<\/strong><\/p>\n<p>Rozhodn\u011b.<\/p>\n<p><strong>Lee Anson<\/strong><br \/>\n<strong>Jak\u00e9 bylo kdy\u017e jsi zjistil, \u017ee se t\u011b Everton sna\u017e\u00ed z Newcastlu z\u00edskat zp\u011bt?<\/strong><\/p>\n<p>Bylo to jako n\u00e1vrat dom\u016f. Nikdy jsem necht\u011bl odej\u00edt a byl to skv\u011bl\u00fd pocit, b\u00fdt zp\u00e1tky.<\/p>\n<p><strong>Kevin Jones<\/strong><br \/>\n<strong>Pokud bys m\u011bl \u0161anci tr\u00e9novat Newcastle nebo Everton, koho bys zvolil?<\/strong><\/p>\n<p>Everton.<\/p>\n<p><strong>MrKapowArt<\/strong><br \/>\n<strong>Jsi zp\u00e1tky v UK nadobro?<\/strong><\/p>\n<p>Ano.<\/p>\n<p><strong>Sarah Roberts<\/strong><br \/>\n<strong>Kdo je tvrd\u0161\u00ed, David Moyes nebo Walter Smith?<\/strong><\/p>\n<p>Dva tvrd\u00ed Glaswegians. Necht\u011bl bych st\u00e1t mezi nimi.<\/p>\n<p><strong>brianlawl77<\/strong><br \/>\n<strong>Mohl jsi p\u0159estoupit do jin\u00e9ho klubu po tv\u00e9m konci v Evertonu?<\/strong><\/p>\n<p>Byl tu z\u00e1jem z Wiganu a Portsmouthu. Mo\u017en\u00e1 jich bylo i v\u00edc, ale dal jsem najevo, \u017ee jsem cht\u011bl skon\u010dit kari\u00e9ru v Evertonu a aby se na m\u011b vzpom\u00ednalo jako na hr\u00e1\u010de Evertonu.<\/p>\n<p><strong>Phil_Seddo<\/strong><br \/>\n<strong>Jak ses c\u00edtil, kdy\u017e jsi kopal tu penaltu proti Portsmouthu ve tv\u00e9m posledn\u00edm z\u00e1pase?<\/strong><\/p>\n<p>Bylo to proti West Bromu. Musel jsi b\u00fdt opil\u00fd, synku!!!<\/p>\n<p><strong>Phil_Seddo<\/strong><br \/>\n<strong>Hr\u00e1l bys za Liverpool, kdyby ti nab\u00eddli 250 tis\u00edc liber t\u00fddn\u011b?<\/strong><\/p>\n<p>Za Liverpool bych nehr\u00e1l, ani kdyby mi dali 2.5 milionu t\u00fddn\u011b.<\/p>\n<p><strong>Daniel O\u00b4Connor<\/strong><br \/>\n<strong>Mysl\u00ed\u0161, \u017ee ti idiot\u0161t\u00ed zlod\u011bji v\u011bd\u011bli, \u017ee to byl tv\u016fj d\u016fm?<\/strong><\/p>\n<p>V\u011bd\u011bli to, ale mysleli jsi, \u017ee jsem pry\u010d! M\u00fdlili se!<\/p>\n<p><strong>Sarah Roberts<\/strong><br \/>\n<strong>M\u00e1\u0161 po\u0159\u00e1d svoje tetov\u00e1n\u00ed?<\/strong><\/p>\n<p>Ano.<\/p>\n<p><strong>Leigh Hough<\/strong><br \/>\n<strong>Jak\u00e9 to bylo, kdy\u017e brank\u00e1\u0159 West Bromu tvou penaltu nejd\u0159\u00edv vyrazil?<\/strong><\/p>\n<p>J\u00e1 ani penalty tehdy nekopal, ale kluci mi \u0159ekli, a\u0165 ji kopnu. M\u011bl jsem k\u0159e\u010de v obou l\u00fdtk\u00e1ch a kdy\u017e ji brank\u00e1\u0159 vyrazil, pomyslel jsem si \u201cale ne, k tomu m\u00ed\u010di se nikdy nedostanu!\u201c<\/p>\n<p><strong>Neil Singleton<\/strong><br \/>\n<strong>Bude\u0161 v ned\u011bli na z\u00e1pase spolu s ostatn\u00edmi kamar\u00e1dy Garyho Speeda?<\/strong><\/p>\n<p>Ano, budu tam.<\/p>\n<p><strong>Gill Mackay<\/strong><br \/>\n<strong>Kdo je tv\u00fdm nejlep\u0161\u00edm p\u0159\u00edtelem ve fotbale?<\/strong><\/p>\n<p>Nikdo!<\/p>\n<p><strong>Um\u00ed Dave Billows (hlavn\u00ed kondi\u010dn\u00ed tren\u00e9r) po\u0159\u00e1d zp\u00edvat? V\u00ed\u0161, \u017ee je v kapele zvan\u00e9 BlueNoseB?<\/strong><\/p>\n<p>V\u00edm \u017ee m\u00e1 kapelu a up\u0159\u00edmn\u011b m\u011bl rad\u0161i z\u016fstat u n\u00ed!<\/p>\n<p><strong>Wayne Prescott<\/strong><br \/>\n<strong>V\u00edd\u00e1v\u00e1\u0161 n\u011bkdy Joe Roylea? M\u011bl v tebe hodn\u011b v\u00edry.<\/strong><\/p>\n<p>Vid\u011bl jsem ho na z\u00e1pase s Chelsea. Je to legenda. Jsem mu neskute\u010dn\u011b vd\u011b\u010dn\u00fd, \u017ee m\u011b tehdy p\u0159ivedl. A m\u011bl pravdu, nikdy jsem nebyl tak dobr\u00fd, jako on!<\/p>\n<p><strong>Maccalie<\/strong><br \/>\n<strong>Jak\u00fd je tv\u016fj obl\u00edben\u00fd evertonsk\u00fd pok\u0159ik?<\/strong><\/p>\n<p>Duncan, Duncan Ferguson!<\/p>\n<p><strong>Adam John Partington<\/strong><br \/>\n<strong>Jak mysl\u00ed\u0161, \u017ee by se ti v dne\u0161n\u00ed Premier League da\u0159ilo?<\/strong><\/p>\n<p>Nev\u00edm, jestli by m\u011b v\u016fbec nechali hr\u00e1t! Jsou m\u011bkc\u00ed!<\/p>\n<p><strong>Paul Woodsy P Woods<\/strong><br \/>\n<strong>Jak\u00e9 bylo d\u00e1t g\u00f3l United deset let potom, co se ti to na Goodisonu povedlo poprv\u00e9?<\/strong><\/p>\n<p>C\u00edtil jsem se star\u00fd! Ale byla to skv\u011bl\u00e1 noc, jedna z nejlep\u0161\u00edch atmosf\u00e9r, ve kter\u00e9m jsem kdy hr\u00e1l. Stadion byl ohlu\u0161uj\u00edc\u00ed.<\/p>\n<p><strong>Sarah Roberts<\/strong><br \/>\n<strong>Opil ses n\u011bkdy p\u0159ed z\u00e1pasem?<\/strong><\/p>\n<p>Ano, b\u011bhem i potom.<\/p>\n<p><strong>Nigel Kneale<\/strong><br \/>\n<strong>Dok\u00e1\u017ee\u0161 Tonyho Hibberta nau\u010dit st\u0159\u00edlet a d\u00e1vat g\u00f3ly?<\/strong><\/p>\n<p>Ani Ronaldo by ho to nenau\u010dil!<\/p>\n<p><strong>Paul Woodsy P Woods<\/strong><br \/>\n<strong>Jak\u00e9 byl vyhr\u00e1t FA Cup?<\/strong><\/p>\n<p>Neuv\u011b\u0159iteln\u00e9, skv\u011bl\u00fd den, skv\u011bl\u00e1 cesta zp\u011bt se zast\u00e1vkami u benz\u00ednek, kde jsme jedli burgery s FA Cupem! A potom n\u011bkolik skv\u011bl\u00fdch noc\u00ed pln\u00fdch oslav&#8230;<\/p>\n<p><strong>Lee Anson<\/strong><br \/>\n<strong>Jsi &#8222;Once a blue, always a blue&#8220;, Duncu?<\/strong><\/p>\n<p>Samoz\u0159ejm\u011b. Tak jo, vrac\u00edm se zp\u011bt na tr\u00e9ninkov\u00e9 h\u0159i\u0161t\u011b pod\u00edvat se, jak jde Tonymu st\u0159elba. Za deset let v\u00e1m d\u00e1m v\u011bd\u011bt, jak to \u0161lo!<\/p>\n<p>Nil Satis Nisi Optimum<\/p>\n<p>S pozdravem, Duncan.<\/p>\n<\/div>\n","protected":false},"excerpt":{"rendered":"<p>Na r\u016fzn\u00e9 ot\u00e1zky z \u0159ad fanou\u0161k\u016f odpov\u00eddal na ofici\u00e1ln\u00ed str\u00e1nce tentokr\u00e1t legend\u00e1rn\u00ed Duncan Ferguson. Melanie Hampson Ahoj, Duncane, jak\u00fd je&hellip;<\/p>\n","protected":false},"author":7,"featured_media":1312,"comment_status":"open","ping_status":"closed","sticky":false,"template":"","format":"standard","meta":{"_eb_attr":"","_monsterinsights_skip_tracking":false,"_monsterinsights_sitenote_active":false,"_monsterinsights_sitenote_note":"","_monsterinsights_sitenote_category":0,"footnotes":""},"categories":[1],"tags":[],"yoast_head":"<!-- This site is optimized with the Yoast SEO plugin v23.4 - https:\/\/yoast.com\/wordpress\/plugins\/seo\/ -->\n<title>Duncan na chatu - Official Czech &amp; Slovak Everton Supporters&#039; Club<\/title>\n<meta name=\"robots\" content=\"index, follow, max-snippet:-1, max-image-preview:large, max-video-preview:-1\" \/>\n<link rel=\"canonical\" href=\"https:\/\/evertonfc.cz\/index.php\/2011\/11\/30\/duncan-na-chatu\/\" \/>\n<meta property=\"og:locale\" content=\"cs_CZ\" \/>\n<meta property=\"og:type\" content=\"article\" \/>\n<meta property=\"og:title\" content=\"Duncan na chatu - Official Czech &amp; Slovak Everton Supporters&#039; Club\" \/>\n<meta property=\"og:description\" content=\"Na r\u016fzn\u00e9 ot\u00e1zky z \u0159ad fanou\u0161k\u016f odpov\u00eddal na ofici\u00e1ln\u00ed str\u00e1nce tentokr\u00e1t legend\u00e1rn\u00ed Duncan Ferguson. Melanie Hampson Ahoj, Duncane, jak\u00fd je&hellip;\" \/>\n<meta property=\"og:url\" content=\"https:\/\/evertonfc.cz\/index.php\/2011\/11\/30\/duncan-na-chatu\/\" \/>\n<meta property=\"og:site_name\" content=\"Official Czech &amp; Slovak Everton Supporters&#039; Club\" \/>\n<meta property=\"article:publisher\" content=\"https:\/\/www.facebook.com\/everton.fans.cz.sk\" \/>\n<meta property=\"article:published_time\" content=\"2011-11-30T17:53:08+00:00\" \/>\n<meta property=\"article:modified_time\" content=\"2019-02-16T17:54:52+00:00\" \/>\n<meta property=\"og:image\" content=\"https:\/\/evertonfc.cz\/wp-content\/uploads\/2019\/01\/interview.jpg\" \/>\n\t<meta property=\"og:image:width\" content=\"720\" \/>\n\t<meta property=\"og:image:height\" content=\"405\" \/>\n\t<meta property=\"og:image:type\" content=\"image\/jpeg\" \/>\n<meta name=\"author\" content=\"Me\u0148a\" \/>\n<meta name=\"twitter:card\" content=\"summary_large_image\" \/>\n<meta name=\"twitter:label1\" content=\"Napsal(a)\" \/>\n\t<meta name=\"twitter:data1\" content=\"Me\u0148a\" \/>\n\t<meta name=\"twitter:label2\" content=\"Odhadovan\u00e1 doba \u010dten\u00ed\" \/>\n\t<meta name=\"twitter:data2\" content=\"7 minut\" \/>\n<script type=\"application\/ld+json\" class=\"yoast-schema-graph\">{\"@context\":\"https:\/\/schema.org\",\"@graph\":[{\"@type\":\"Article\",\"@id\":\"https:\/\/evertonfc.cz\/index.php\/2011\/11\/30\/duncan-na-chatu\/#article\",\"isPartOf\":{\"@id\":\"https:\/\/evertonfc.cz\/index.php\/2011\/11\/30\/duncan-na-chatu\/\"},\"author\":{\"name\":\"Me\u0148a\",\"@id\":\"https:\/\/evertonfc.cz\/#\/schema\/person\/cd6328a75577de2add7793fd4b0930c3\"},\"headline\":\"Duncan na chatu\",\"datePublished\":\"2011-11-30T17:53:08+00:00\",\"dateModified\":\"2019-02-16T17:54:52+00:00\",\"mainEntityOfPage\":{\"@id\":\"https:\/\/evertonfc.cz\/index.php\/2011\/11\/30\/duncan-na-chatu\/\"},\"wordCount\":1428,\"commentCount\":0,\"publisher\":{\"@id\":\"https:\/\/evertonfc.cz\/#organization\"},\"image\":{\"@id\":\"https:\/\/evertonfc.cz\/index.php\/2011\/11\/30\/duncan-na-chatu\/#primaryimage\"},\"thumbnailUrl\":\"https:\/\/evertonfc.cz\/wp-content\/uploads\/2019\/01\/interview.jpg\",\"articleSection\":[\"Rozhovory\"],\"inLanguage\":\"cs\",\"potentialAction\":[{\"@type\":\"CommentAction\",\"name\":\"Comment\",\"target\":[\"https:\/\/evertonfc.cz\/index.php\/2011\/11\/30\/duncan-na-chatu\/#respond\"]}]},{\"@type\":\"WebPage\",\"@id\":\"https:\/\/evertonfc.cz\/index.php\/2011\/11\/30\/duncan-na-chatu\/\",\"url\":\"https:\/\/evertonfc.cz\/index.php\/2011\/11\/30\/duncan-na-chatu\/\",\"name\":\"Duncan na chatu - Official Czech &amp; Slovak Everton Supporters&#039; Club\",\"isPartOf\":{\"@id\":\"https:\/\/evertonfc.cz\/#website\"},\"primaryImageOfPage\":{\"@id\":\"https:\/\/evertonfc.cz\/index.php\/2011\/11\/30\/duncan-na-chatu\/#primaryimage\"},\"image\":{\"@id\":\"https:\/\/evertonfc.cz\/index.php\/2011\/11\/30\/duncan-na-chatu\/#primaryimage\"},\"thumbnailUrl\":\"https:\/\/evertonfc.cz\/wp-content\/uploads\/2019\/01\/interview.jpg\",\"datePublished\":\"2011-11-30T17:53:08+00:00\",\"dateModified\":\"2019-02-16T17:54:52+00:00\",\"breadcrumb\":{\"@id\":\"https:\/\/evertonfc.cz\/index.php\/2011\/11\/30\/duncan-na-chatu\/#breadcrumb\"},\"inLanguage\":\"cs\",\"potentialAction\":[{\"@type\":\"ReadAction\",\"target\":[\"https:\/\/evertonfc.cz\/index.php\/2011\/11\/30\/duncan-na-chatu\/\"]}]},{\"@type\":\"ImageObject\",\"inLanguage\":\"cs\",\"@id\":\"https:\/\/evertonfc.cz\/index.php\/2011\/11\/30\/duncan-na-chatu\/#primaryimage\",\"url\":\"https:\/\/evertonfc.cz\/wp-content\/uploads\/2019\/01\/interview.jpg\",\"contentUrl\":\"https:\/\/evertonfc.cz\/wp-content\/uploads\/2019\/01\/interview.jpg\",\"width\":720,\"height\":405},{\"@type\":\"BreadcrumbList\",\"@id\":\"https:\/\/evertonfc.cz\/index.php\/2011\/11\/30\/duncan-na-chatu\/#breadcrumb\",\"itemListElement\":[{\"@type\":\"ListItem\",\"position\":1,\"name\":\"Home\",\"item\":\"https:\/\/evertonfc.cz\/\"},{\"@type\":\"ListItem\",\"position\":2,\"name\":\"Duncan na chatu\"}]},{\"@type\":\"WebSite\",\"@id\":\"https:\/\/evertonfc.cz\/#website\",\"url\":\"https:\/\/evertonfc.cz\/\",\"name\":\"Official Czech &amp; Slovak Everton Supporters&#039; Club\",\"description\":\"\",\"publisher\":{\"@id\":\"https:\/\/evertonfc.cz\/#organization\"},\"potentialAction\":[{\"@type\":\"SearchAction\",\"target\":{\"@type\":\"EntryPoint\",\"urlTemplate\":\"https:\/\/evertonfc.cz\/?s={search_term_string}\"},\"query-input\":{\"@type\":\"PropertyValueSpecification\",\"valueRequired\":true,\"valueName\":\"search_term_string\"}}],\"inLanguage\":\"cs\"},{\"@type\":\"Organization\",\"@id\":\"https:\/\/evertonfc.cz\/#organization\",\"name\":\"Official Czech & Slovak Everton Supporters' Club\",\"url\":\"https:\/\/evertonfc.cz\/\",\"logo\":{\"@type\":\"ImageObject\",\"inLanguage\":\"cs\",\"@id\":\"https:\/\/evertonfc.cz\/#\/schema\/logo\/image\/\",\"url\":\"https:\/\/evertonfc.cz\/wp-content\/uploads\/2019\/05\/logo.png\",\"contentUrl\":\"https:\/\/evertonfc.cz\/wp-content\/uploads\/2019\/05\/logo.png\",\"width\":112,\"height\":112,\"caption\":\"Official Czech & Slovak Everton Supporters' Club\"},\"image\":{\"@id\":\"https:\/\/evertonfc.cz\/#\/schema\/logo\/image\/\"},\"sameAs\":[\"https:\/\/www.facebook.com\/everton.fans.cz.sk\"]},{\"@type\":\"Person\",\"@id\":\"https:\/\/evertonfc.cz\/#\/schema\/person\/cd6328a75577de2add7793fd4b0930c3\",\"name\":\"Me\u0148a\",\"url\":\"https:\/\/evertonfc.cz\/index.php\/author\/mena\/\"}]}<\/script>\n<!-- \/ Yoast SEO plugin. -->","yoast_head_json":{"title":"Duncan na chatu - Official Czech &amp; Slovak Everton Supporters&#039; Club","robots":{"index":"index","follow":"follow","max-snippet":"max-snippet:-1","max-image-preview":"max-image-preview:large","max-video-preview":"max-video-preview:-1"},"canonical":"https:\/\/evertonfc.cz\/index.php\/2011\/11\/30\/duncan-na-chatu\/","og_locale":"cs_CZ","og_type":"article","og_title":"Duncan na chatu - Official Czech &amp; Slovak Everton Supporters&#039; Club","og_description":"Na r\u016fzn\u00e9 ot\u00e1zky z \u0159ad fanou\u0161k\u016f odpov\u00eddal na ofici\u00e1ln\u00ed str\u00e1nce tentokr\u00e1t legend\u00e1rn\u00ed Duncan Ferguson. Melanie Hampson Ahoj, Duncane, jak\u00fd je&hellip;","og_url":"https:\/\/evertonfc.cz\/index.php\/2011\/11\/30\/duncan-na-chatu\/","og_site_name":"Official Czech &amp; Slovak Everton Supporters&#039; Club","article_publisher":"https:\/\/www.facebook.com\/everton.fans.cz.sk","article_published_time":"2011-11-30T17:53:08+00:00","article_modified_time":"2019-02-16T17:54:52+00:00","og_image":[{"width":720,"height":405,"url":"https:\/\/evertonfc.cz\/wp-content\/uploads\/2019\/01\/interview.jpg","type":"image\/jpeg"}],"author":"Me\u0148a","twitter_card":"summary_large_image","twitter_misc":{"Napsal(a)":"Me\u0148a","Odhadovan\u00e1 doba \u010dten\u00ed":"7 minut"},"schema":{"@context":"https:\/\/schema.org","@graph":[{"@type":"Article","@id":"https:\/\/evertonfc.cz\/index.php\/2011\/11\/30\/duncan-na-chatu\/#article","isPartOf":{"@id":"https:\/\/evertonfc.cz\/index.php\/2011\/11\/30\/duncan-na-chatu\/"},"author":{"name":"Me\u0148a","@id":"https:\/\/evertonfc.cz\/#\/schema\/person\/cd6328a75577de2add7793fd4b0930c3"},"headline":"Duncan na chatu","datePublished":"2011-11-30T17:53:08+00:00","dateModified":"2019-02-16T17:54:52+00:00","mainEntityOfPage":{"@id":"https:\/\/evertonfc.cz\/index.php\/2011\/11\/30\/duncan-na-chatu\/"},"wordCount":1428,"commentCount":0,"publisher":{"@id":"https:\/\/evertonfc.cz\/#organization"},"image":{"@id":"https:\/\/evertonfc.cz\/index.php\/2011\/11\/30\/duncan-na-chatu\/#primaryimage"},"thumbnailUrl":"https:\/\/evertonfc.cz\/wp-content\/uploads\/2019\/01\/interview.jpg","articleSection":["Rozhovory"],"inLanguage":"cs","potentialAction":[{"@type":"CommentAction","name":"Comment","target":["https:\/\/evertonfc.cz\/index.php\/2011\/11\/30\/duncan-na-chatu\/#respond"]}]},{"@type":"WebPage","@id":"https:\/\/evertonfc.cz\/index.php\/2011\/11\/30\/duncan-na-chatu\/","url":"https:\/\/evertonfc.cz\/index.php\/2011\/11\/30\/duncan-na-chatu\/","name":"Duncan na chatu - Official Czech &amp; Slovak Everton Supporters&#039; Club","isPartOf":{"@id":"https:\/\/evertonfc.cz\/#website"},"primaryImageOfPage":{"@id":"https:\/\/evertonfc.cz\/index.php\/2011\/11\/30\/duncan-na-chatu\/#primaryimage"},"image":{"@id":"https:\/\/evertonfc.cz\/index.php\/2011\/11\/30\/duncan-na-chatu\/#primaryimage"},"thumbnailUrl":"https:\/\/evertonfc.cz\/wp-content\/uploads\/2019\/01\/interview.jpg","datePublished":"2011-11-30T17:53:08+00:00","dateModified":"2019-02-16T17:54:52+00:00","breadcrumb":{"@id":"https:\/\/evertonfc.cz\/index.php\/2011\/11\/30\/duncan-na-chatu\/#breadcrumb"},"inLanguage":"cs","potentialAction":[{"@type":"ReadAction","target":["https:\/\/evertonfc.cz\/index.php\/2011\/11\/30\/duncan-na-chatu\/"]}]},{"@type":"ImageObject","inLanguage":"cs","@id":"https:\/\/evertonfc.cz\/index.php\/2011\/11\/30\/duncan-na-chatu\/#primaryimage","url":"https:\/\/evertonfc.cz\/wp-content\/uploads\/2019\/01\/interview.jpg","contentUrl":"https:\/\/evertonfc.cz\/wp-content\/uploads\/2019\/01\/interview.jpg","width":720,"height":405},{"@type":"BreadcrumbList","@id":"https:\/\/evertonfc.cz\/index.php\/2011\/11\/30\/duncan-na-chatu\/#breadcrumb","itemListElement":[{"@type":"ListItem","position":1,"name":"Home","item":"https:\/\/evertonfc.cz\/"},{"@type":"ListItem","position":2,"name":"Duncan na chatu"}]},{"@type":"WebSite","@id":"https:\/\/evertonfc.cz\/#website","url":"https:\/\/evertonfc.cz\/","name":"Official Czech &amp; Slovak Everton Supporters&#039; Club","description":"","publisher":{"@id":"https:\/\/evertonfc.cz\/#organization"},"potentialAction":[{"@type":"SearchAction","target":{"@type":"EntryPoint","urlTemplate":"https:\/\/evertonfc.cz\/?s={search_term_string}"},"query-input":{"@type":"PropertyValueSpecification","valueRequired":true,"valueName":"search_term_string"}}],"inLanguage":"cs"},{"@type":"Organization","@id":"https:\/\/evertonfc.cz\/#organization","name":"Official Czech & Slovak Everton Supporters' Club","url":"https:\/\/evertonfc.cz\/","logo":{"@type":"ImageObject","inLanguage":"cs","@id":"https:\/\/evertonfc.cz\/#\/schema\/logo\/image\/","url":"https:\/\/evertonfc.cz\/wp-content\/uploads\/2019\/05\/logo.png","contentUrl":"https:\/\/evertonfc.cz\/wp-content\/uploads\/2019\/05\/logo.png","width":112,"height":112,"caption":"Official Czech & Slovak Everton Supporters' Club"},"image":{"@id":"https:\/\/evertonfc.cz\/#\/schema\/logo\/image\/"},"sameAs":["https:\/\/www.facebook.com\/everton.fans.cz.sk"]},{"@type":"Person","@id":"https:\/\/evertonfc.cz\/#\/schema\/person\/cd6328a75577de2add7793fd4b0930c3","name":"Me\u0148a","url":"https:\/\/evertonfc.cz\/index.php\/author\/mena\/"}]}},"_links":{"self":[{"href":"https:\/\/evertonfc.cz\/index.php\/wp-json\/wp\/v2\/posts\/6006"}],"collection":[{"href":"https:\/\/evertonfc.cz\/index.php\/wp-json\/wp\/v2\/posts"}],"about":[{"href":"https:\/\/evertonfc.cz\/index.php\/wp-json\/wp\/v2\/types\/post"}],"author":[{"embeddable":true,"href":"https:\/\/evertonfc.cz\/index.php\/wp-json\/wp\/v2\/users\/7"}],"replies":[{"embeddable":true,"href":"https:\/\/evertonfc.cz\/index.php\/wp-json\/wp\/v2\/comments?post=6006"}],"version-history":[{"count":1,"href":"https:\/\/evertonfc.cz\/index.php\/wp-json\/wp\/v2\/posts\/6006\/revisions"}],"predecessor-version":[{"id":6007,"href":"https:\/\/evertonfc.cz\/index.php\/wp-json\/wp\/v2\/posts\/6006\/revisions\/6007"}],"wp:featuredmedia":[{"embeddable":true,"href":"https:\/\/evertonfc.cz\/index.php\/wp-json\/wp\/v2\/media\/1312"}],"wp:attachment":[{"href":"https:\/\/evertonfc.cz\/index.php\/wp-json\/wp\/v2\/media?parent=6006"}],"wp:term":[{"taxonomy":"category","embeddable":true,"href":"https:\/\/evertonfc.cz\/index.php\/wp-json\/wp\/v2\/categories?post=6006"},{"taxonomy":"post_tag","embeddable":true,"href":"https:\/\/evertonfc.cz\/index.php\/wp-json\/wp\/v2\/tags?post=6006"}],"curies":[{"name":"wp","href":"https:\/\/api.w.org\/{rel}","templated":true}]}}