{"id":6008,"date":"2011-12-02T18:55:06","date_gmt":"2011-12-02T17:55:06","guid":{"rendered":"http:\/\/evertonfc.cz\/?p=6008"},"modified":"2024-11-02T13:45:18","modified_gmt":"2024-11-02T12:45:18","slug":"preview-everton-stoke-city-7","status":"publish","type":"post","link":"https:\/\/evertonfc.cz\/index.php\/2011\/12\/02\/preview-everton-stoke-city-7\/","title":{"rendered":"Preview: Everton &#8211; Stoke City"},"content":{"rendered":"<h4>Za\u010d\u00edn\u00e1 posledn\u00ed a z\u00e1rove\u0148 tak\u00e9 fotbalov\u011b nejvyt\u00ed\u017een\u011bj\u0161\u00ed m\u011bs\u00edc roku, do prosince by tedy nebylo na \u0161kodu vykro\u010dit pokra\u010dov\u00e1n\u00edm na v\u00edt\u011bzn\u00e9 not\u011b.<\/h4>\n<p>Ned\u011bln\u00ed souboj nab\u00eddne klasickou konfrontaci dvou celk\u016f ze st\u0159edu tabulky. Pr\u00e1v\u011b tam se Everton i Stoke City pohybuj\u00ed a po z obou pohled\u016f v\u00edt\u011bzn\u00e9m minul\u00e9m v\u00edkendu, si oba brous\u00ed zuby na dal\u0161\u00ed t\u0159\u00edbodov\u00fd d\u00e1re\u010dek. Pap\u00edrovou v\u00fdhodu maj\u00ed p\u0159ed utk\u00e1n\u00edm Toffees. Po nevyda\u0159en\u00e9m podzimu se jak se zd\u00e1, znovu postupn\u011b nala\u010fuj\u00ed na daleko p\u0159\u00edjemn\u011bj\u0161\u00ed vlnu a v\u00fdsledkov\u011b pro\u017e\u00edvaj\u00ed zat\u00edm nejlep\u0161\u00ed \u010d\u00e1st sezony.<\/p>\n<p>Postarala se o to hladk\u00e1 v\u00fdhra na p\u016fd\u011b Boltonu, kter\u00e1 z\u00e1rove\u0148 znamenala druhou v\u00fdhru v \u0159ad\u011b prvn\u011b teprve od dubna. Blues se na ni p\u0159\u00edli\u0161 nad\u0159\u00edt nemuseli, by\u0165 pr\u00e1ci m\u011bli uleh\u010denou d\u00edky v\u00edce ne\u017e hodinu trvaj\u00edc\u00ed p\u0159esilovce a pot\u011b\u0161il tak\u00e9 \u010dist\u00fd \u0161t\u00edt &#8211; teprve druh\u00fd v sezon\u011b a prvn\u00ed po jeden\u00e1cti z\u00e1pasech.<\/p>\n<p>Stoke City zat\u00edm pro\u017e\u00edv\u00e1 sm\u00ed\u0161enou sezonu. Na konci t\u00e9 minul\u00e9 slavili Potters jako\u017eto finalista FA Cupu postup do Evropsk\u00e9 ligy a mo\u017en\u00e1 pr\u00e1v\u011b dal\u0161\u00ed sout\u011b\u017e nav\u00edc je faktorem, neblaze ovliv\u0148uj\u00edc\u00ed ligovou formu. Stoke samoz\u0159ejm\u011b netr\u00e1p\u00ed \u017e\u00e1dn\u00e1 katastrof\u00e1ln\u00ed v\u00fdkonnost, v tabulce mu p\u0159\u00edslu\u0161\u00ed dvan\u00e1ct\u00e9 m\u00edsto s patn\u00e1cti body a v posledn\u00edm z\u00e1pase si Hrn\u010d\u00ed\u0159i doma p\u0159esv\u011bd\u010div\u011b poradili s Blackburnem, nelze si v\u0161ak nepov\u0161imnout v\u00fdrazn\u00e9ho rysu leto\u0161n\u00ed sezony na Britannia Stadium.<\/p>\n<p>Jsou j\u00edm por\u00e1\u017eky, kter\u00e9 zpravidla p\u0159ich\u00e1zej\u00ed pr\u00e1v\u011b po z\u00e1pasech Evropsk\u00e9 ligy. Po poh\u00e1rov\u00e9m z\u00e1pase nejd\u0159\u00edv Stoke prohr\u00e1l se Sunderlandem (0-4), Swansea City (1-2), Arsenalem (1-3) a naposled s Boltonem (0-5), p\u0159i\u010dem\u017e v\u0161echny \u010dty\u0159i z\u00e1pasy byly venkovn\u00ed. Bude tak zaj\u00edmav\u00e9 sledovat, jak se Potters s nep\u0159\u00edjemn\u00fdm syndromem poperou v ned\u011bli, kdy ov\u0161em budou na druhou stranu hr\u00e1t s v\u011bdom\u00edm, \u017ee postup do vy\u0159azovac\u00ed f\u00e1ze u\u017e maj\u00ed v kapse. Zajistila jim ho \u010dtvrte\u010dn\u00ed dom\u00e1c\u00ed rem\u00edza s Dynamem Kyjev.<\/p>\n<p>Ani poevropsk\u00e9 v\u00fdpadky host\u00ed nicm\u00e9n\u011b Evertonu z\u00e1pas nijak zvl\u00e1\u0161\u0165 neuleh\u010d\u00ed. Potters p\u0159edstavuj\u00ed typick\u00fd p\u0159\u00edklad t\u00fdmu, na kter\u00fd Toffees zt\u011b\u017eka nach\u00e1zej\u00ed recept, d\u016fkazem budi\u017e pouze jedin\u00fd g\u00f3l, kter\u00fd Everton Stoke v posledn\u00edch t\u0159ech z\u00e1pasech vst\u0159elil. Trp\u011blivost proto bude proti fyzick\u00e9mu soupe\u0159i kl\u00ed\u010dem, zvl\u00e1\u0161t\u011b kdy\u017e se d\u00e1 p\u0159edpov\u00eddat, \u017ee Blues budou jasn\u011b dominovat v dr\u017een\u00ed m\u00ed\u010de. V t\u00e9to statistice je toti\u017e Stoke nejhor\u0161\u00ed v cel\u00e9 lize s pr\u016fm\u011brn\u00fdm dr\u017een\u00ed balonu 41,4%, spole\u010dn\u011b tak\u00e9 s nejni\u017e\u0161\u00ed \u00fasp\u011b\u0161nost\u00ed p\u0159ihr\u00e1vek &#8211; 70,2% na z\u00e1pas.<\/p>\n<p>Po posledn\u00edm vz\u00e1jemn\u00e9m z\u00e1pase nad\u0161en\u00ed rozhodn\u011b nep\u0159evl\u00e1dalo. Z Britannia Stadium si Everton na Nov\u00fd rok odvezl prohru 0-2, zat\u00edmco na Goodisonu posledn\u011b vyhr\u00e1li dom\u00e1c\u00ed, a to v \u0159\u00edjnu minul\u00e9ho roku, kdy se o v\u00fdhru 1-0 postaral Yakubu.<\/p>\n<h4><strong>Historie soupe\u0159e<\/strong><\/h4>\n<p>Klub byl zalo\u017een pod n\u00e1zvem Stoke Ramblers roku 1863, co\u017e z n\u011bj d\u011bl\u00e1 druh\u00fd nejstar\u0161\u00ed anglick\u00fd profesion\u00e1ln\u00ed klub. Pod p\u016fvodn\u00edm n\u00e1zvem hr\u00e1l pom\u011brn\u011b dlouho, zm\u011bna do dne\u0161n\u00ed podoby nastala v roce 1878, kdy se z\u00e1rove\u0148 p\u0159est\u011bhoval na sv\u016fj p\u016fvodn\u00ed st\u00e1nek Victoria Ground. P\u0159esn\u011b o deset let pozd\u011bji se Potters stali zakladateli Football League. Prvn\u00ed sezony v nov\u011b zformovan\u00e9 sout\u011b\u017ei ov\u0161em nedopadly dob\u0159e; v obou \u00favodn\u00edch sezon\u00e1ch Stoke skon\u010dil na chvostu tabulky. Prvn\u00ed sv\u011btov\u00e1 v\u00e1lka sice znamenala p\u0159eru\u0161en\u00ed fotbalov\u00e9ho d\u011bn\u00ed, nicm\u00e9n\u011b Potters nezah\u00e1leli a po \u010dty\u0159i v\u00e1le\u010dn\u00e9 roky byli \u00fa\u010dastn\u00edky neligov\u00e9 Lancashire Primary and Secondary League.<\/p>\n<p>Rok 1930 si v\u0161ichni Stokies spojuj\u00ed s jedin\u00fdm &#8211; tohoto roku nastoupil v prvn\u00edm z\u00e1pase za Stoke nejv\u011bt\u0161\u00ed klubov\u00e1 legenda, a z\u00e1rove\u0148 jedna z nejv\u011bt\u0161\u00edch osobnost\u00ed anglick\u00e9 kopan\u00e9, Sir Stanley Matthews. Ani p\u0159esto v\u0161ak klub nedosahoval \u017e\u00e1dn\u00fdch \u00fasp\u011bch\u016f, a u toho z\u016fstalo a\u017e do vypuknut\u00ed sv\u011btov\u00e9ho v\u00e1le\u010dn\u00e9ho konfliktu \u010d\u00edslo 2. Po jeho skon\u010den\u00ed Stoke sahal po velk\u00e9m \u00fasp\u011bchu. V sezon\u011b 1946\/47 mu toti\u017e ligov\u00fd titul jen o vl\u00e1sek unikl, z\u00edskal jej Liverpool. Po skon\u010den\u00ed sezony ode\u0161el do Blackpoolu Matthews a v n\u00e1sleduj\u00edc\u00edm ro\u010dn\u00edku Potters neunikli sestupu.<\/p>\n<p>Jako vysvobozen\u00ed z \u010dern\u00fdch sezon dorazil na Britannia Stadium\u00a0mana\u017eer Tony Waddington, mu\u017e, kter\u00fd s klubem vyhr\u00e1l jedinou cennou trofej v historii klubu. Potters se pod jeho rukou postupn\u011b zvedali a nem\u00e1lokdy se jim poda\u0159ilo dos\u00e1hnout solidn\u00edho ligov\u00e9ho um\u00edst\u011bn\u00ed. Z\u00e1sadn\u00ed zlom p\u0159i\u0161el roku 1972, kdy Stoke porazil ve fin\u00e1le Ligov\u00e9ho poh\u00e1ru favorizovanou Chelsea 2:1, co\u017e je doposud nejv\u011bt\u0161\u00ed \u00fasp\u011bch klubov\u00e9 historie. Rokem 1976\u00a0 ale poveden\u00e9\u00a0sezony skon\u010dily.<\/p>\n<p>V lednu\u00a076\u00b4 \u0159\u00e1dila nad Stoke vich\u0159ice, kter\u00e1 byla natolik siln\u00e1, \u017ee odnesla st\u0159echu tribuny Butler Stand. Pro jak\u00fdkoliv jin\u00fd klub jist\u011b nep\u0159\u00edjemn\u00e1, av\u0161ak \u0159e\u0161iteln\u00e1 v\u011bc, ne tak pro Stoke. Klubov\u00e9 veden\u00ed toti\u017e jaksi &#8222;zapomn\u011blo&#8220; tribunu pojistit. V\u00fddaje spojen\u00e9 s n\u00e1hradami \u0161kod tak zp\u016fsobily znovu bou\u0159i, ale tentokr\u00e1t v klubov\u00e9 pokladn\u011b. Opravy klub st\u00e1ly 250,000 liber, co\u017e Stoke uvrhlo do zna\u010dn\u00fdch finan\u010dn\u00edch pot\u00ed\u017e\u00ed. Jedinou mo\u017enost\u00ed jak zvl\u00e1dnout nast\u00e1lou situaci, byl prodej nejlep\u0161\u00edch hr\u00e1\u010d\u016f. Z Victoria Ground tak ode\u0161li\u00a0osobnosti jako\u00a0Alan Hudson, Mike Pejic, \u010di Jimmy Greenhoff. Zna\u010dn\u011b oslaben\u00fd t\u00fdm rok po ne\u0161\u0165astn\u00e9 ud\u00e1losti, sestoupil\u00a0o sout\u011b\u017e n\u00ed\u017e.<\/p>\n<p>V ni\u017e\u0161\u00edch\u00a0lig\u00e1ch na\u0161el Stoke pro dlouh\u00e9 nadch\u00e1zej\u00edc\u00ed sezony sv\u016fj nov\u00fd domov. Na konci 80. let na tom Potters byli tak b\u00eddn\u011b, \u017ee sestoupili a\u017e do Third Division. Frustraci si klub i fanou\u0161ci trochu vynahradili ziskem Football League Trophy v roce 1992. V dal\u0161\u00ed sezon\u011b se Hrn\u010d\u00ed\u0159i probojovali zp\u011bt do druh\u00e9 nejvy\u0161\u0161\u00ed sout\u011b\u017ee, kde se dok\u00e1zali stabilizovat a ke konci tis\u00edcilet\u00ed byl klub p\u0159ipraven vstoupit do sv\u00e9 nov\u00e9 \u00e9ry. Po 120 letech toti\u017e Stoke opustil sta\u0159i\u010dk\u00fd Victoria Ground a nov\u00fd domov na\u0161el na nov\u00e9m Britannia Stadium s kapacitou 27,500 div\u00e1k\u016f.<\/p>\n<p>O dva roky pozd\u011bji p\u0159i\u0161lo do Staffordshire ps\u00e1t novou kapitolu klubov\u00fdch d\u011bjin jist\u00e9 islandsk\u00e9 konsorcium, kter\u00e9 se stalo nov\u00fdmi majiteli klubu. Sever\u0161t\u00ed investo\u0159i si do klubu p\u0159ivedli mimojin\u00e9 sv\u00e9ho \u010dlov\u011bka &#8211; b\u00fdval\u00e9ho tren\u00e9ra islandsk\u00e9 reprezentace, Gudjona Thodarsona, kter\u00fd sice zpo\u010d\u00e1tku \u010delil u Stokies velk\u00e9 kritice, nakonec se ale v Potteries stal obl\u00edbencem. Poda\u0159ilo se mu toti\u017e znovu vyt\u00e1hnout Stoke ze t\u0159et\u00ed ligy, kam mezit\u00edm op\u011bt spadl. V Championship se Stoke ji\u017e pod veden\u00edm Tonyho Pulise dok\u00e1zal probojovat mezi lep\u0161\u00ed celky a pod Pulisov\u00fdm veden\u00edm si Stoke po bezm\u00e1la t\u0159iceti letech znovu vychutn\u00e1v\u00e1 \u00fa\u010dast mezi elitn\u00ed dvac\u00edtkou anglick\u00e9ho fotbalu.<\/p>\n<h4><strong>Z\u00e1pasov\u00e1 fakta<\/strong><\/h4>\n<p>Lednov\u00fd z\u00e1pas na Britannia Stadium byl prvn\u00ed prohrou Evertonu se Stoke po 28 letech, v dom\u00e1c\u00edm prost\u0159ed\u00ed tedy Blues st\u00e1le dr\u017e\u00ed neprohern\u00ed s\u00e9rii, kter\u00e1 nyn\u00ed \u010d\u00edt\u00e1 sedm z\u00e1pas\u016f (p\u011bt v\u00fdher, dv\u011b rem\u00edzy). Naposled Potters Goodison Park dobyli v dubnu 1981, kdy slavili v\u00fdhru 1-0.<\/p>\n<p>Ned\u011bln\u00ed utk\u00e1n\u00ed bude ji\u017e 120. vz\u00e1jemn\u00fdm z\u00e1pasem, p\u0159i\u010dem\u017e celkov\u011b v\u00e9vod\u00ed Toffees s 58 v\u00fdhrami ku 31 v\u00edt\u011bzstv\u00edm Potters. Historicky nejvy\u0161\u0161\u00ed triumf nad Stoke se datuje k roku 1889, kdy Everton vyhr\u00e1l 8-0, v pov\u00e1le\u010dn\u00e9 \u00e9\u0159e je to pak v\u00edt\u011bzstv\u00ed 6-2 z roku 1969.<\/p>\n<h4><strong>Everton<\/strong><\/h4>\n<p>P\u0159\u00edpadn\u00e1 v\u00fdhra by znamenala s\u00e9rii t\u0159\u00ed v\u00edt\u011bzn\u00fdch z\u00e1pas\u016f v \u0159ad\u011b poprv\u00e9 od podzimu 2008, kdy Everton porazil Bolton, Fulham a West Ham. Pakli\u017ee by Blues sk\u00f3re ot\u00e1\u010deli, povedlo by se jim to ji\u017e pot\u0159et\u00ed v sezon\u011b a z\u00e1rove\u0148 jsou v tomto ohledu spolu s Arsenalem nejlep\u0161\u00ed v sout\u011b\u017ei.<\/p>\n<h4><strong>Stoke City<\/strong><\/h4>\n<p>V\u00fdhrou nad Blackburnem ukon\u010dil \u0161\u0148\u016fru \u010dty\u0159 proher, p\u0159i\u010dem\u017e prohr\u00e1l i posledn\u00ed \u010dty\u0159i venkovn\u00ed z\u00e1pasy. V posledn\u00edch p\u011bti z\u00e1pasech Potters inkasovali 15 g\u00f3l\u016f, za celou sezonu p\u0159itom sami vst\u0159elili branek jen t\u0159in\u00e1ct a z toho 8 jich padlo ze standardn\u00edch situac\u00ed. Nep\u0159ekvap\u00ed ani, \u017ee Stoke m\u00e1 nejvy\u0161\u0161\u00ed procento dlouh\u00fdch m\u00ed\u010d\u016f v lize &#8211; v pr\u016fm\u011bru 22% na z\u00e1pas.<\/p>\n<h4><strong>Vz\u00e1jemn\u00e1 bilance<\/strong><\/h4>\n<ul>\n<li>Celkov\u011b:\u00a0\u00a0\u00a0\u00a0\u00a0\u00a0\u00a0\u00a0\u00a0\u00a0\u00a0\u00a0\u00a0\u00a0\u00a0\u00a0\u00a0 58-30-31<\/li>\n<li>Na Goodison Parku:\u00a0 38-12-7<\/li>\n<li>V Premier League:\u00a0\u00a0\u00a0 3-2-1<\/li>\n<\/ul>\n<h4><strong>Absence<\/strong><\/h4>\n<p>Do tr\u00e9ninku se po n\u011bkolikat\u00fddenn\u00ed pauze vr\u00e1til Sylvain Distin a Jack Rodwell, zda nastoup\u00ed v\u0161ak nen\u00ed jist\u00e9. Na druh\u00e9 stran\u011b m\u00e1 probl\u00e9m s kolenem a l\u00fdtkem Andy Wilkinson, dlouhodob\u011b zran\u011bn\u00fd z\u016fst\u00e1v\u00e1 Sidibe.<\/p>\n<p><strong>Everton:<\/strong> Howard, Hahnemann, Hibbert, Neville, Distin, Jagielka, Baines, Barkley, Fellaini, Osman, Coleman, Gueye, Rodwell, Cahill, Stracqualursi, Saha, Bilyaletdinov, Vellios<\/p>\n<p><strong>Stoke City:<\/strong> Sorensen, Begovic, Huth, Shawcross, Woodgate, Higginbotham, Upson, Wilkinson, Whelan, Wilson, Pennant, Whitehead, Delap, Etherington, Walters, Crouch, Jones, Fuller, Jerome<\/p>\n<ul>\n<li><strong>Kdy:\u00a0<\/strong>4.12. 16:00 SE\u010c<strong><br \/>\n<\/strong><\/li>\n<li><strong>Kde:\u00a0<\/strong>Goodison Park<strong><br \/>\n<\/strong><\/li>\n<li><strong>Rozhod\u010d\u00ed:\u00a0<\/strong>Lee Mason<\/li>\n<\/ul>\n","protected":false},"excerpt":{"rendered":"<p>Za\u010d\u00edn\u00e1 posledn\u00ed a z\u00e1rove\u0148 tak\u00e9 fotbalov\u011b nejvyt\u00ed\u017een\u011bj\u0161\u00ed m\u011bs\u00edc roku, do prosince by tedy nebylo na \u0161kodu vykro\u010dit pokra\u010dov\u00e1n\u00edm na v\u00edt\u011bzn\u00e9&hellip;<\/p>\n","protected":false},"author":7,"featured_media":25543,"comment_status":"open","ping_status":"closed","sticky":false,"template":"","format":"standard","meta":{"_eb_attr":"","_monsterinsights_skip_tracking":false,"_monsterinsights_sitenote_active":false,"_monsterinsights_sitenote_note":"","_monsterinsights_sitenote_category":0,"footnotes":""},"categories":[4],"tags":[],"yoast_head":"<!-- This site is optimized with the Yoast SEO plugin v23.4 - https:\/\/yoast.com\/wordpress\/plugins\/seo\/ -->\n<title>Preview: Everton - Stoke City - Official Czech &amp; Slovak Everton Supporters&#039; Club<\/title>\n<meta name=\"robots\" content=\"index, follow, max-snippet:-1, max-image-preview:large, max-video-preview:-1\" \/>\n<link rel=\"canonical\" href=\"https:\/\/evertonfc.cz\/index.php\/2011\/12\/02\/preview-everton-stoke-city-7\/\" \/>\n<meta property=\"og:locale\" content=\"cs_CZ\" \/>\n<meta property=\"og:type\" content=\"article\" \/>\n<meta property=\"og:title\" content=\"Preview: Everton - Stoke City - Official Czech &amp; Slovak Everton Supporters&#039; Club\" \/>\n<meta property=\"og:description\" content=\"Za\u010d\u00edn\u00e1 posledn\u00ed a z\u00e1rove\u0148 tak\u00e9 fotbalov\u011b nejvyt\u00ed\u017een\u011bj\u0161\u00ed m\u011bs\u00edc roku, do prosince by tedy nebylo na \u0161kodu vykro\u010dit pokra\u010dov\u00e1n\u00edm na v\u00edt\u011bzn\u00e9&hellip;\" \/>\n<meta property=\"og:url\" content=\"https:\/\/evertonfc.cz\/index.php\/2011\/12\/02\/preview-everton-stoke-city-7\/\" \/>\n<meta property=\"og:site_name\" content=\"Official Czech &amp; Slovak Everton Supporters&#039; Club\" \/>\n<meta property=\"article:publisher\" content=\"https:\/\/www.facebook.com\/everton.fans.cz.sk\" \/>\n<meta property=\"article:published_time\" content=\"2011-12-02T17:55:06+00:00\" \/>\n<meta property=\"article:modified_time\" content=\"2024-11-02T12:45:18+00:00\" \/>\n<meta property=\"og:image\" content=\"https:\/\/evertonfc.cz\/wp-content\/uploads\/2024\/11\/Everton-VS-Stoke-City.png\" \/>\n\t<meta property=\"og:image:width\" content=\"720\" \/>\n\t<meta property=\"og:image:height\" content=\"405\" \/>\n\t<meta property=\"og:image:type\" content=\"image\/png\" \/>\n<meta name=\"author\" content=\"Me\u0148a\" \/>\n<meta name=\"twitter:card\" content=\"summary_large_image\" \/>\n<meta name=\"twitter:label1\" content=\"Napsal(a)\" \/>\n\t<meta name=\"twitter:data1\" content=\"Me\u0148a\" \/>\n\t<meta name=\"twitter:label2\" content=\"Odhadovan\u00e1 doba \u010dten\u00ed\" \/>\n\t<meta name=\"twitter:data2\" content=\"7 minut\" \/>\n<script type=\"application\/ld+json\" class=\"yoast-schema-graph\">{\"@context\":\"https:\/\/schema.org\",\"@graph\":[{\"@type\":\"Article\",\"@id\":\"https:\/\/evertonfc.cz\/index.php\/2011\/12\/02\/preview-everton-stoke-city-7\/#article\",\"isPartOf\":{\"@id\":\"https:\/\/evertonfc.cz\/index.php\/2011\/12\/02\/preview-everton-stoke-city-7\/\"},\"author\":{\"name\":\"Me\u0148a\",\"@id\":\"https:\/\/evertonfc.cz\/#\/schema\/person\/cd6328a75577de2add7793fd4b0930c3\"},\"headline\":\"Preview: Everton &#8211; Stoke City\",\"datePublished\":\"2011-12-02T17:55:06+00:00\",\"dateModified\":\"2024-11-02T12:45:18+00:00\",\"mainEntityOfPage\":{\"@id\":\"https:\/\/evertonfc.cz\/index.php\/2011\/12\/02\/preview-everton-stoke-city-7\/\"},\"wordCount\":1597,\"commentCount\":0,\"publisher\":{\"@id\":\"https:\/\/evertonfc.cz\/#organization\"},\"image\":{\"@id\":\"https:\/\/evertonfc.cz\/index.php\/2011\/12\/02\/preview-everton-stoke-city-7\/#primaryimage\"},\"thumbnailUrl\":\"https:\/\/evertonfc.cz\/wp-content\/uploads\/2024\/11\/Everton-VS-Stoke-City.png\",\"articleSection\":[\"Z\u00e1pasy\"],\"inLanguage\":\"cs\",\"potentialAction\":[{\"@type\":\"CommentAction\",\"name\":\"Comment\",\"target\":[\"https:\/\/evertonfc.cz\/index.php\/2011\/12\/02\/preview-everton-stoke-city-7\/#respond\"]}]},{\"@type\":\"WebPage\",\"@id\":\"https:\/\/evertonfc.cz\/index.php\/2011\/12\/02\/preview-everton-stoke-city-7\/\",\"url\":\"https:\/\/evertonfc.cz\/index.php\/2011\/12\/02\/preview-everton-stoke-city-7\/\",\"name\":\"Preview: Everton - Stoke City - Official Czech &amp; Slovak Everton Supporters&#039; Club\",\"isPartOf\":{\"@id\":\"https:\/\/evertonfc.cz\/#website\"},\"primaryImageOfPage\":{\"@id\":\"https:\/\/evertonfc.cz\/index.php\/2011\/12\/02\/preview-everton-stoke-city-7\/#primaryimage\"},\"image\":{\"@id\":\"https:\/\/evertonfc.cz\/index.php\/2011\/12\/02\/preview-everton-stoke-city-7\/#primaryimage\"},\"thumbnailUrl\":\"https:\/\/evertonfc.cz\/wp-content\/uploads\/2024\/11\/Everton-VS-Stoke-City.png\",\"datePublished\":\"2011-12-02T17:55:06+00:00\",\"dateModified\":\"2024-11-02T12:45:18+00:00\",\"breadcrumb\":{\"@id\":\"https:\/\/evertonfc.cz\/index.php\/2011\/12\/02\/preview-everton-stoke-city-7\/#breadcrumb\"},\"inLanguage\":\"cs\",\"potentialAction\":[{\"@type\":\"ReadAction\",\"target\":[\"https:\/\/evertonfc.cz\/index.php\/2011\/12\/02\/preview-everton-stoke-city-7\/\"]}]},{\"@type\":\"ImageObject\",\"inLanguage\":\"cs\",\"@id\":\"https:\/\/evertonfc.cz\/index.php\/2011\/12\/02\/preview-everton-stoke-city-7\/#primaryimage\",\"url\":\"https:\/\/evertonfc.cz\/wp-content\/uploads\/2024\/11\/Everton-VS-Stoke-City.png\",\"contentUrl\":\"https:\/\/evertonfc.cz\/wp-content\/uploads\/2024\/11\/Everton-VS-Stoke-City.png\",\"width\":720,\"height\":405},{\"@type\":\"BreadcrumbList\",\"@id\":\"https:\/\/evertonfc.cz\/index.php\/2011\/12\/02\/preview-everton-stoke-city-7\/#breadcrumb\",\"itemListElement\":[{\"@type\":\"ListItem\",\"position\":1,\"name\":\"Home\",\"item\":\"https:\/\/evertonfc.cz\/\"},{\"@type\":\"ListItem\",\"position\":2,\"name\":\"Preview: Everton &#8211; Stoke City\"}]},{\"@type\":\"WebSite\",\"@id\":\"https:\/\/evertonfc.cz\/#website\",\"url\":\"https:\/\/evertonfc.cz\/\",\"name\":\"Official Czech &amp; Slovak Everton Supporters&#039; Club\",\"description\":\"\",\"publisher\":{\"@id\":\"https:\/\/evertonfc.cz\/#organization\"},\"potentialAction\":[{\"@type\":\"SearchAction\",\"target\":{\"@type\":\"EntryPoint\",\"urlTemplate\":\"https:\/\/evertonfc.cz\/?s={search_term_string}\"},\"query-input\":{\"@type\":\"PropertyValueSpecification\",\"valueRequired\":true,\"valueName\":\"search_term_string\"}}],\"inLanguage\":\"cs\"},{\"@type\":\"Organization\",\"@id\":\"https:\/\/evertonfc.cz\/#organization\",\"name\":\"Official Czech & Slovak Everton Supporters' Club\",\"url\":\"https:\/\/evertonfc.cz\/\",\"logo\":{\"@type\":\"ImageObject\",\"inLanguage\":\"cs\",\"@id\":\"https:\/\/evertonfc.cz\/#\/schema\/logo\/image\/\",\"url\":\"https:\/\/evertonfc.cz\/wp-content\/uploads\/2019\/05\/logo.png\",\"contentUrl\":\"https:\/\/evertonfc.cz\/wp-content\/uploads\/2019\/05\/logo.png\",\"width\":112,\"height\":112,\"caption\":\"Official Czech & Slovak Everton Supporters' Club\"},\"image\":{\"@id\":\"https:\/\/evertonfc.cz\/#\/schema\/logo\/image\/\"},\"sameAs\":[\"https:\/\/www.facebook.com\/everton.fans.cz.sk\"]},{\"@type\":\"Person\",\"@id\":\"https:\/\/evertonfc.cz\/#\/schema\/person\/cd6328a75577de2add7793fd4b0930c3\",\"name\":\"Me\u0148a\",\"url\":\"https:\/\/evertonfc.cz\/index.php\/author\/mena\/\"}]}<\/script>\n<!-- \/ Yoast SEO plugin. -->","yoast_head_json":{"title":"Preview: Everton - Stoke City - Official Czech &amp; Slovak Everton Supporters&#039; Club","robots":{"index":"index","follow":"follow","max-snippet":"max-snippet:-1","max-image-preview":"max-image-preview:large","max-video-preview":"max-video-preview:-1"},"canonical":"https:\/\/evertonfc.cz\/index.php\/2011\/12\/02\/preview-everton-stoke-city-7\/","og_locale":"cs_CZ","og_type":"article","og_title":"Preview: Everton - Stoke City - Official Czech &amp; Slovak Everton Supporters&#039; Club","og_description":"Za\u010d\u00edn\u00e1 posledn\u00ed a z\u00e1rove\u0148 tak\u00e9 fotbalov\u011b nejvyt\u00ed\u017een\u011bj\u0161\u00ed m\u011bs\u00edc roku, do prosince by tedy nebylo na \u0161kodu vykro\u010dit pokra\u010dov\u00e1n\u00edm na v\u00edt\u011bzn\u00e9&hellip;","og_url":"https:\/\/evertonfc.cz\/index.php\/2011\/12\/02\/preview-everton-stoke-city-7\/","og_site_name":"Official Czech &amp; Slovak Everton Supporters&#039; Club","article_publisher":"https:\/\/www.facebook.com\/everton.fans.cz.sk","article_published_time":"2011-12-02T17:55:06+00:00","article_modified_time":"2024-11-02T12:45:18+00:00","og_image":[{"width":720,"height":405,"url":"https:\/\/evertonfc.cz\/wp-content\/uploads\/2024\/11\/Everton-VS-Stoke-City.png","type":"image\/png"}],"author":"Me\u0148a","twitter_card":"summary_large_image","twitter_misc":{"Napsal(a)":"Me\u0148a","Odhadovan\u00e1 doba \u010dten\u00ed":"7 minut"},"schema":{"@context":"https:\/\/schema.org","@graph":[{"@type":"Article","@id":"https:\/\/evertonfc.cz\/index.php\/2011\/12\/02\/preview-everton-stoke-city-7\/#article","isPartOf":{"@id":"https:\/\/evertonfc.cz\/index.php\/2011\/12\/02\/preview-everton-stoke-city-7\/"},"author":{"name":"Me\u0148a","@id":"https:\/\/evertonfc.cz\/#\/schema\/person\/cd6328a75577de2add7793fd4b0930c3"},"headline":"Preview: Everton &#8211; Stoke City","datePublished":"2011-12-02T17:55:06+00:00","dateModified":"2024-11-02T12:45:18+00:00","mainEntityOfPage":{"@id":"https:\/\/evertonfc.cz\/index.php\/2011\/12\/02\/preview-everton-stoke-city-7\/"},"wordCount":1597,"commentCount":0,"publisher":{"@id":"https:\/\/evertonfc.cz\/#organization"},"image":{"@id":"https:\/\/evertonfc.cz\/index.php\/2011\/12\/02\/preview-everton-stoke-city-7\/#primaryimage"},"thumbnailUrl":"https:\/\/evertonfc.cz\/wp-content\/uploads\/2024\/11\/Everton-VS-Stoke-City.png","articleSection":["Z\u00e1pasy"],"inLanguage":"cs","potentialAction":[{"@type":"CommentAction","name":"Comment","target":["https:\/\/evertonfc.cz\/index.php\/2011\/12\/02\/preview-everton-stoke-city-7\/#respond"]}]},{"@type":"WebPage","@id":"https:\/\/evertonfc.cz\/index.php\/2011\/12\/02\/preview-everton-stoke-city-7\/","url":"https:\/\/evertonfc.cz\/index.php\/2011\/12\/02\/preview-everton-stoke-city-7\/","name":"Preview: Everton - Stoke City - Official Czech &amp; Slovak Everton Supporters&#039; Club","isPartOf":{"@id":"https:\/\/evertonfc.cz\/#website"},"primaryImageOfPage":{"@id":"https:\/\/evertonfc.cz\/index.php\/2011\/12\/02\/preview-everton-stoke-city-7\/#primaryimage"},"image":{"@id":"https:\/\/evertonfc.cz\/index.php\/2011\/12\/02\/preview-everton-stoke-city-7\/#primaryimage"},"thumbnailUrl":"https:\/\/evertonfc.cz\/wp-content\/uploads\/2024\/11\/Everton-VS-Stoke-City.png","datePublished":"2011-12-02T17:55:06+00:00","dateModified":"2024-11-02T12:45:18+00:00","breadcrumb":{"@id":"https:\/\/evertonfc.cz\/index.php\/2011\/12\/02\/preview-everton-stoke-city-7\/#breadcrumb"},"inLanguage":"cs","potentialAction":[{"@type":"ReadAction","target":["https:\/\/evertonfc.cz\/index.php\/2011\/12\/02\/preview-everton-stoke-city-7\/"]}]},{"@type":"ImageObject","inLanguage":"cs","@id":"https:\/\/evertonfc.cz\/index.php\/2011\/12\/02\/preview-everton-stoke-city-7\/#primaryimage","url":"https:\/\/evertonfc.cz\/wp-content\/uploads\/2024\/11\/Everton-VS-Stoke-City.png","contentUrl":"https:\/\/evertonfc.cz\/wp-content\/uploads\/2024\/11\/Everton-VS-Stoke-City.png","width":720,"height":405},{"@type":"BreadcrumbList","@id":"https:\/\/evertonfc.cz\/index.php\/2011\/12\/02\/preview-everton-stoke-city-7\/#breadcrumb","itemListElement":[{"@type":"ListItem","position":1,"name":"Home","item":"https:\/\/evertonfc.cz\/"},{"@type":"ListItem","position":2,"name":"Preview: Everton &#8211; Stoke City"}]},{"@type":"WebSite","@id":"https:\/\/evertonfc.cz\/#website","url":"https:\/\/evertonfc.cz\/","name":"Official Czech &amp; Slovak Everton Supporters&#039; Club","description":"","publisher":{"@id":"https:\/\/evertonfc.cz\/#organization"},"potentialAction":[{"@type":"SearchAction","target":{"@type":"EntryPoint","urlTemplate":"https:\/\/evertonfc.cz\/?s={search_term_string}"},"query-input":{"@type":"PropertyValueSpecification","valueRequired":true,"valueName":"search_term_string"}}],"inLanguage":"cs"},{"@type":"Organization","@id":"https:\/\/evertonfc.cz\/#organization","name":"Official Czech & Slovak Everton Supporters' Club","url":"https:\/\/evertonfc.cz\/","logo":{"@type":"ImageObject","inLanguage":"cs","@id":"https:\/\/evertonfc.cz\/#\/schema\/logo\/image\/","url":"https:\/\/evertonfc.cz\/wp-content\/uploads\/2019\/05\/logo.png","contentUrl":"https:\/\/evertonfc.cz\/wp-content\/uploads\/2019\/05\/logo.png","width":112,"height":112,"caption":"Official Czech & Slovak Everton Supporters' Club"},"image":{"@id":"https:\/\/evertonfc.cz\/#\/schema\/logo\/image\/"},"sameAs":["https:\/\/www.facebook.com\/everton.fans.cz.sk"]},{"@type":"Person","@id":"https:\/\/evertonfc.cz\/#\/schema\/person\/cd6328a75577de2add7793fd4b0930c3","name":"Me\u0148a","url":"https:\/\/evertonfc.cz\/index.php\/author\/mena\/"}]}},"_links":{"self":[{"href":"https:\/\/evertonfc.cz\/index.php\/wp-json\/wp\/v2\/posts\/6008"}],"collection":[{"href":"https:\/\/evertonfc.cz\/index.php\/wp-json\/wp\/v2\/posts"}],"about":[{"href":"https:\/\/evertonfc.cz\/index.php\/wp-json\/wp\/v2\/types\/post"}],"author":[{"embeddable":true,"href":"https:\/\/evertonfc.cz\/index.php\/wp-json\/wp\/v2\/users\/7"}],"replies":[{"embeddable":true,"href":"https:\/\/evertonfc.cz\/index.php\/wp-json\/wp\/v2\/comments?post=6008"}],"version-history":[{"count":1,"href":"https:\/\/evertonfc.cz\/index.php\/wp-json\/wp\/v2\/posts\/6008\/revisions"}],"predecessor-version":[{"id":6010,"href":"https:\/\/evertonfc.cz\/index.php\/wp-json\/wp\/v2\/posts\/6008\/revisions\/6010"}],"wp:featuredmedia":[{"embeddable":true,"href":"https:\/\/evertonfc.cz\/index.php\/wp-json\/wp\/v2\/media\/25543"}],"wp:attachment":[{"href":"https:\/\/evertonfc.cz\/index.php\/wp-json\/wp\/v2\/media?parent=6008"}],"wp:term":[{"taxonomy":"category","embeddable":true,"href":"https:\/\/evertonfc.cz\/index.php\/wp-json\/wp\/v2\/categories?post=6008"},{"taxonomy":"post_tag","embeddable":true,"href":"https:\/\/evertonfc.cz\/index.php\/wp-json\/wp\/v2\/tags?post=6008"}],"curies":[{"name":"wp","href":"https:\/\/api.w.org\/{rel}","templated":true}]}}