{"id":6014,"date":"2011-12-06T19:06:33","date_gmt":"2011-12-06T18:06:33","guid":{"rendered":"http:\/\/evertonfc.cz\/?p=6014"},"modified":"2019-02-16T19:13:16","modified_gmt":"2019-02-16T18:13:16","slug":"heitinga-a-jeho-statecne-tymy","status":"publish","type":"post","link":"https:\/\/evertonfc.cz\/index.php\/2011\/12\/06\/heitinga-a-jeho-statecne-tymy\/","title":{"rendered":"Heitinga a jeho state\u010dn\u00e9 t\u00fdmy"},"content":{"rendered":"<h4>John Heitinga vzpom\u00edn\u00e1 na lo\u0148sk\u00e9 ta\u017een\u00ed Holandska mistrovstv\u00edm sv\u011bta a ve sv\u00e9m n\u00e1rodn\u00edm t\u00fdmu vid\u00ed podobnost se sv\u00fdm klubem.<\/h4>\n<p>John Heitinga si zahr\u00e1l krom rodn\u00e9ho Holandska i ve \u0160pan\u011blsku a Anglii, \u010d\u00edm\u017e si splnil sen kopat za kluby z, podle jeho n\u00e1zoru, dvou nejlep\u0161\u00edch ligov\u00fdch sout\u011b\u017e\u00ed v Evrop\u011b. Z mate\u0159sk\u00e9ho Ajaxu p\u0159estoupil v roce 2008 do madridsk\u00e9ho Atl\u00e9tica a moment\u00e1ln\u011b pro\u017e\u00edv\u00e1 svoji t\u0159et\u00ed sezonu v Evertonu a pr\u00e1v\u011b anglickou nejvy\u0161\u0161\u00ed sout\u011b\u017e si u\u017e\u00edv\u00e1 nejv\u00edc.<\/p>\n<p><em>\u201eNe\u0159\u00edk\u00e1m, \u017ee se tu poka\u017ed\u00e9 hraje nejlep\u0161\u00ed fotbal na sv\u011bt\u011b. Ale anglick\u00fd fotbal jsem m\u011bl v\u017edycky r\u00e1d a po\u0159\u00e1d to plat\u00ed. Mysl\u00edm, \u017ee Premier League je kv\u016fli atmosf\u00e9\u0159e na stadionech a t\u00fdmov\u00e9mu duchu na h\u0159i\u0161ti nejlep\u0161\u00ed. Ka\u017ed\u00fd t\u00fdden se tu hraj\u00ed neuv\u011b\u0159iteln\u00e9 z\u00e1pasy. Nen\u00ed snadn\u00e9 tu hr\u00e1t, a proto je to nejlep\u0161\u00ed liga.\u201c<\/em><\/p>\n<p>Snadn\u00e9 rozhodn\u011b nen\u00ed hr\u00e1t nyn\u00ed v Evertonu. Toffees se znovu tr\u00e1p\u00ed a v pozad\u00ed je klub su\u017eov\u00e1n nep\u0159\u00edjemnou finan\u010dn\u00ed situac\u00ed. Obr\u00e1nce, kter\u00fd se p\u0159ed \u0161irokou fotbalovou ve\u0159ejnost\u00ed proslavil tak\u00e9 vylou\u010den\u00edm ve fin\u00e1le mistrovstv\u00ed sv\u011bta, v\u0161ak v\u00ed, \u017ee karty jsou v dne\u0161n\u00edm fotbale vylo\u017eeny jasn\u011b.<\/p>\n<p><em>\u201eLep\u0161\u00ed t\u00fdmy jsou v Anglii moment\u00e1ln\u011b ty, kter\u00e9 utr\u00e1cej\u00ed v\u011bt\u0161inu pen\u011bz. Nen\u00ed t\u011b\u017ek\u00e9 se k tomu propracovat. Ale takov\u00fd je dne\u0161n\u00ed fotbal a mus\u00edte si s t\u00edm um\u011bt poradit,\u201c\u00a0<\/em>filozofuje Heitinga.<em>\u00a0\u201eNa\u0161e v\u00fdsledky proti siln\u00fdm t\u00fdm\u016fm je\u0161t\u011b p\u0159ed touto sezonou nebyly \u0161patn\u00e9 a obzvl\u00e1\u0161t\u011b se n\u00e1m da\u0159ilo zejm\u00e9na proti Manchesteru City. Ok, letos n\u00e1s porazili a vedou tabulku, ale utratili sm\u011b\u0161n\u00e9 mno\u017estv\u00ed pen\u011bz.<\/em><\/p>\n<p><em>Kdy\u017e m\u00e1te mal\u00e9 mu\u017estvo jako Everton, mus\u00edte se na v\u011bci d\u00edvat jako na v\u00fdzvu. Liverpool loni nem\u011bl tak dobrou sezonu, ale utratili 100 milion\u016f a da\u0159\u00ed se jim l\u00e9pe. My si takovou finan\u010dn\u00ed injekci dovolit nem\u016f\u017eeme, tak\u017ee mus\u00edme z minima vyt\u011b\u017eit maximum. Zran\u011bn\u00ed jsou nejv\u00edce frustruj\u00edc\u00ed v\u011bc\u00ed, kter\u00e1 se m\u016f\u017ee \u00fazk\u00e9mu k\u00e1dru p\u0159ihodit a s prohrami kv\u016fli chyb\u011bj\u00edc\u00edm hr\u00e1\u010d\u016fm, se t\u011b\u017eko vypo\u0159\u00e1d\u00e1v\u00e1.\u201c<\/em><\/p>\n<p>P\u0159esto si rod\u00e1k z Alphen aan den Rijn, mal\u00e9ho m\u011bste\u010dka nedaleko Utrechtu, anglick\u00fd fotbal zamiloval.\u00a0<em>\u201eSledoval jsem ho u\u017e od d\u011btstv\u00ed, tak\u017ee jsem v\u011bd\u011bl, co \u010dekat,\u201c<\/em>\u00a0\u0159\u00edk\u00e1 osmadvacetilet\u00fd obr\u00e1nce.\u00a0<em>\u201eVe \u0160pan\u011blsku samoz\u0159ejm\u011b t\u00fdmy jako Stoke nebo Blackburn nejsou. Nikdo dlouh\u00e9 m\u00ed\u010de nehraje. \u017d\u00e1dn\u00fd \u0161pan\u011blsk\u00fd t\u00fdm ani nen\u00ed tak vysok\u00fd, jako Stoke City. J\u00e1 nepat\u0159\u00edm mezi nejvy\u0161\u0161\u00ed hr\u00e1\u010de, obzvl\u00e1\u0161\u0165 na stopera a tady je spousta obrovsk\u00fdch obr\u00e1nc\u016f a \u00fato\u010dn\u00edk\u016f, ale nemus\u00edte b\u00fdt vysoc\u00ed, abyste vyhr\u00e1vali souboje. Dost\u00e1v\u00e1te tu v\u00edc do t\u011bla, ale proti fyzick\u00fdm soupe\u0159\u016fm se mus\u00edte pokusit je fotbalov\u011b p\u0159echytra\u010dit, pou\u017e\u00edvat v\u00edc mozek.\u201c<\/em><\/p>\n<p>Byli to v\u0161ak pr\u00e1v\u011b Holan\u010fan\u00e9, kte\u0159\u00ed byli po lo\u0148sk\u00e9m mistrovstv\u00ed sv\u011bta kritizov\u00e1ni za p\u0159\u00edli\u0161 fyzick\u00e9 pojet\u00ed hry, Heitinga je nicm\u00e9n\u011b na \u00fasp\u011bchy svoj\u00ed reprezentace py\u0161n\u00fd a ned\u011bl\u00e1 mu pot\u00ed\u017e p\u0159em\u00edtat nad dv\u011bma \u017elut\u00fdmi kartami, kter\u00fdmi Holandsko ve fin\u00e1le oslabil.<\/p>\n<p><em>\u201eNehraji tak fyzicky a u\u017e v\u016fbec nejsem ne\u010dist\u00fd hr\u00e1\u010d. V moj\u00ed kari\u00e9\u0159e u\u017e jsem uvid\u011bl spoustu \u017elut\u00fdch karet, ale t\u011bch \u010derven\u00fdch moc nebylo. Je to z\u00e1bavn\u00e9, proto\u017ee z\u00e1le\u017e\u00ed na tom, kde hrajete. Kdy\u017e hraji v obran\u011b, obecn\u011b dost\u00e1v\u00e1m m\u00e9n\u011b karet, ne\u017e kdy\u017e hraji v z\u00e1loze. Ve st\u0159edu pole toti\u017e prob\u00edh\u00e1 v\u00edce souboj\u016f, v\u00edce m\u00ed\u010d\u016f, kter\u00e9 se daj\u00ed vyhr\u00e1t.<\/em><\/p>\n<p><em>Mysl\u00edm, \u017ee lid\u00e9 n\u00e1s chv\u00e1lili, i kdy\u017e po 25 minut\u00e1ch jsme prohr\u00e1vali s Braz\u00edli\u00ed a jen n\u00e1\u0161 fantastick\u00fd brank\u00e1\u0159 n\u00e1s dr\u017eel ve h\u0159e. B\u011bhem p\u0159est\u00e1vky jsme m\u011bli diskuzi a shodli jsme se, \u017ee 45 minut z va\u0161eho cel\u00e9ho \u017eivota je nic, tak\u017ee jsme se na h\u0159i\u0161t\u011b vr\u00e1tili s t\u00edm, \u017ee ze sebe vyd\u00e1me v\u0161echno. Spirit a bojovnost, kterou jsme p\u0159edvedli, pro n\u00e1s oto\u010dila cel\u00e9 mistrovstv\u00ed. Ukazuje to, \u017ee ve fotbale je st\u00e1le m\u00edsto pro \u010distou v\u00edru a v\u016fli po v\u00edt\u011bzstv\u00ed, dokonce i proti talentovan\u011bj\u0161\u00edm fotbalist\u016fm.<\/em><\/p>\n<p><em>Pokud chcete doj\u00edt do fin\u00e1le mistrovstv\u00ed sv\u011bta, nem\u016f\u017eete se strachovat o to, s k\u00fdm budete hr\u00e1t, mus\u00edte b\u00fdt p\u0159ipraveni porazit kohokoliv, kdo se v\u00e1m objev\u00ed v cest\u011b. Kdy\u017e jsme p\u0159ijeli do Ji\u017en\u00ed Afriky, \u0159ekli jsme si, \u017ee do fin\u00e1le vede jen \u0161est z\u00e1pas\u016f. Pak po z\u00e1pase proti D\u00e1nsku u\u017e to bylo jen p\u011bt a tak d\u00e1le. A nakonec jsme si uv\u011bdomili, \u017ee jsme vlastn\u011b ve fin\u00e1le mistrovstv\u00ed sv\u011bta.\u201c<\/em><\/p>\n<p>Nen\u00ed tedy divu, \u017ee na africk\u00fd \u0161ampion\u00e1t Heitinga r\u00e1d vzpom\u00edn\u00e1 a nic na tom nem\u011bn\u00ed ani zdrcuj\u00edc\u00ed fin\u00e1lov\u00e1 prohra v prodlou\u017een\u00ed se \u0160pan\u011blskem.<em>\u00a0\u201eMiloval jsem ka\u017edi\u010dk\u00fd den, byla to zat\u00edm nejlep\u0161\u00ed v\u011bc v m\u00e9m \u017eivot\u011b. A neplat\u00ed to jen o fotbalov\u00e9 str\u00e1nce. M\u011bli jsme \u010das relaxovat nebo pod\u00edvat se do centra m\u011bsta,\u201c\u00a0<\/em>vzpom\u00edn\u00e1.<em>\u00a0\u201eM\u011bli jsme s sebou vlastn\u00ed ochranku, kter\u00e1 n\u00e1m \u0159ekla a\u0165 jsme opatrn\u00ed, jinak jsme ale byli p\u00e1ny vlastn\u00edho \u010dasu. N\u011bkolik hr\u00e1\u010d\u016f \u0161lo nakupovat, n\u011bkolik \u0161lo do restaurace a podobn\u011b. Takov\u00e9 v\u011bci jsou d\u016fle\u017eit\u00e9, proto\u017ee \u0161est, sedm t\u00fddn\u016f mimo domov je dlouh\u00e1 doba pro ka\u017ed\u00e9ho. mistrovstv\u00ed sv\u011bta bylo skv\u011bl\u00e9.\u201c<\/em><\/p>\n<p>Heitinga si tak libuje v tom, \u017ee podobn\u00fd t\u00fdmov\u00fd duch, kter\u00fd panuje v holandsk\u00e9m n\u00e1rodn\u00edm t\u00fdmu, nechyb\u00ed ani v Evertonu, by\u0165 leto\u0161n\u00ed v\u00fdsledky jako d\u016fkaz sv\u011bd\u010dit nemohou.\u00a0<em>\u201eNejsme \u017e\u00e1dn\u00e1 Barcelona. O p\u0159est\u00e1vce v\u011bt\u0161inou nevedeme 2-0 a nem\u016f\u017eeme si dovolit polevit v tempu. V Evertonu mus\u00edme bojovat 90 minut abychom z\u00edskali body. Takov\u00e1 je na\u0161e hra, ale t\u00fdmov\u00fd duch tu po\u0159\u00e1d je, v n\u011bkolika posledn\u00edch z\u00e1pasech jste to mohli vid\u011bt.\u201c<\/em><\/p>\n<p>Z\u010d\u00e1sti za n\u011bj Blues mohou vd\u011b\u010dit Davidu Moyesovi a tak\u00e9 Heitinga, jako ka\u017ed\u00fd jin\u00fd Evertonian, kter\u00fd zrovna nepra\u017e\u00ed po mana\u017eerov\u011b odchodu, se boj\u00ed pomyslet na den, kdy Moyes Everton opust\u00ed.<em>\u00a0\u201eJe mo\u017en\u00e9, \u017ee by se to mohlo st\u00e1t, ale je tu u\u017e deset let a v srdci je to Evertonian. Bylo by zapot\u0159eb\u00ed velk\u00e9ho klubu, aby ho p\u0159esv\u011bd\u010dil Everton opustit. Obrovsk\u00e9ho klubu.\u201c<\/em><\/p>\n<p>A jak svou budoucnost na Goodison Parku vid\u00ed s\u00e1m Heitinga?\u00a0<em>\u201eEverton je kr\u00e1sn\u00fd, rodinn\u00fd klub. R\u00e1d bych vyhr\u00e1val trofeje, ale z\u00e1rove\u0148 jsem tu opravdu \u0161\u0165astn\u00fd.\u201c<\/em><\/p>\n","protected":false},"excerpt":{"rendered":"<p>John Heitinga vzpom\u00edn\u00e1 na lo\u0148sk\u00e9 ta\u017een\u00ed Holandska mistrovstv\u00edm sv\u011bta a ve sv\u00e9m n\u00e1rodn\u00edm t\u00fdmu vid\u00ed podobnost se sv\u00fdm klubem. John&hellip;<\/p>\n","protected":false},"author":7,"featured_media":1312,"comment_status":"open","ping_status":"closed","sticky":false,"template":"","format":"standard","meta":{"_eb_attr":"","_monsterinsights_skip_tracking":false,"_monsterinsights_sitenote_active":false,"_monsterinsights_sitenote_note":"","_monsterinsights_sitenote_category":0,"footnotes":""},"categories":[1],"tags":[],"yoast_head":"<!-- This site is optimized with the Yoast SEO plugin v23.4 - https:\/\/yoast.com\/wordpress\/plugins\/seo\/ -->\n<title>Heitinga a jeho state\u010dn\u00e9 t\u00fdmy - Official Czech &amp; Slovak Everton Supporters&#039; Club<\/title>\n<meta name=\"robots\" content=\"index, follow, max-snippet:-1, max-image-preview:large, max-video-preview:-1\" \/>\n<link rel=\"canonical\" href=\"https:\/\/evertonfc.cz\/index.php\/2011\/12\/06\/heitinga-a-jeho-statecne-tymy\/\" \/>\n<meta property=\"og:locale\" content=\"cs_CZ\" \/>\n<meta property=\"og:type\" content=\"article\" \/>\n<meta property=\"og:title\" content=\"Heitinga a jeho state\u010dn\u00e9 t\u00fdmy - Official Czech &amp; Slovak Everton Supporters&#039; Club\" \/>\n<meta property=\"og:description\" content=\"John Heitinga vzpom\u00edn\u00e1 na lo\u0148sk\u00e9 ta\u017een\u00ed Holandska mistrovstv\u00edm sv\u011bta a ve sv\u00e9m n\u00e1rodn\u00edm t\u00fdmu vid\u00ed podobnost se sv\u00fdm klubem. John&hellip;\" \/>\n<meta property=\"og:url\" content=\"https:\/\/evertonfc.cz\/index.php\/2011\/12\/06\/heitinga-a-jeho-statecne-tymy\/\" \/>\n<meta property=\"og:site_name\" content=\"Official Czech &amp; Slovak Everton Supporters&#039; Club\" \/>\n<meta property=\"article:publisher\" content=\"https:\/\/www.facebook.com\/everton.fans.cz.sk\" \/>\n<meta property=\"article:published_time\" content=\"2011-12-06T18:06:33+00:00\" \/>\n<meta property=\"article:modified_time\" content=\"2019-02-16T18:13:16+00:00\" \/>\n<meta property=\"og:image\" content=\"https:\/\/evertonfc.cz\/wp-content\/uploads\/2019\/01\/interview.jpg\" \/>\n\t<meta property=\"og:image:width\" content=\"720\" \/>\n\t<meta property=\"og:image:height\" content=\"405\" \/>\n\t<meta property=\"og:image:type\" content=\"image\/jpeg\" \/>\n<meta name=\"author\" content=\"Me\u0148a\" \/>\n<meta name=\"twitter:card\" content=\"summary_large_image\" \/>\n<meta name=\"twitter:label1\" content=\"Napsal(a)\" \/>\n\t<meta name=\"twitter:data1\" content=\"Me\u0148a\" \/>\n\t<meta name=\"twitter:label2\" content=\"Odhadovan\u00e1 doba \u010dten\u00ed\" \/>\n\t<meta name=\"twitter:data2\" content=\"6 minut\" \/>\n<script type=\"application\/ld+json\" class=\"yoast-schema-graph\">{\"@context\":\"https:\/\/schema.org\",\"@graph\":[{\"@type\":\"Article\",\"@id\":\"https:\/\/evertonfc.cz\/index.php\/2011\/12\/06\/heitinga-a-jeho-statecne-tymy\/#article\",\"isPartOf\":{\"@id\":\"https:\/\/evertonfc.cz\/index.php\/2011\/12\/06\/heitinga-a-jeho-statecne-tymy\/\"},\"author\":{\"name\":\"Me\u0148a\",\"@id\":\"https:\/\/evertonfc.cz\/#\/schema\/person\/cd6328a75577de2add7793fd4b0930c3\"},\"headline\":\"Heitinga a jeho state\u010dn\u00e9 t\u00fdmy\",\"datePublished\":\"2011-12-06T18:06:33+00:00\",\"dateModified\":\"2019-02-16T18:13:16+00:00\",\"mainEntityOfPage\":{\"@id\":\"https:\/\/evertonfc.cz\/index.php\/2011\/12\/06\/heitinga-a-jeho-statecne-tymy\/\"},\"wordCount\":1220,\"commentCount\":0,\"publisher\":{\"@id\":\"https:\/\/evertonfc.cz\/#organization\"},\"image\":{\"@id\":\"https:\/\/evertonfc.cz\/index.php\/2011\/12\/06\/heitinga-a-jeho-statecne-tymy\/#primaryimage\"},\"thumbnailUrl\":\"https:\/\/evertonfc.cz\/wp-content\/uploads\/2019\/01\/interview.jpg\",\"articleSection\":[\"Rozhovory\"],\"inLanguage\":\"cs\",\"potentialAction\":[{\"@type\":\"CommentAction\",\"name\":\"Comment\",\"target\":[\"https:\/\/evertonfc.cz\/index.php\/2011\/12\/06\/heitinga-a-jeho-statecne-tymy\/#respond\"]}]},{\"@type\":\"WebPage\",\"@id\":\"https:\/\/evertonfc.cz\/index.php\/2011\/12\/06\/heitinga-a-jeho-statecne-tymy\/\",\"url\":\"https:\/\/evertonfc.cz\/index.php\/2011\/12\/06\/heitinga-a-jeho-statecne-tymy\/\",\"name\":\"Heitinga a jeho state\u010dn\u00e9 t\u00fdmy - Official Czech &amp; Slovak Everton Supporters&#039; Club\",\"isPartOf\":{\"@id\":\"https:\/\/evertonfc.cz\/#website\"},\"primaryImageOfPage\":{\"@id\":\"https:\/\/evertonfc.cz\/index.php\/2011\/12\/06\/heitinga-a-jeho-statecne-tymy\/#primaryimage\"},\"image\":{\"@id\":\"https:\/\/evertonfc.cz\/index.php\/2011\/12\/06\/heitinga-a-jeho-statecne-tymy\/#primaryimage\"},\"thumbnailUrl\":\"https:\/\/evertonfc.cz\/wp-content\/uploads\/2019\/01\/interview.jpg\",\"datePublished\":\"2011-12-06T18:06:33+00:00\",\"dateModified\":\"2019-02-16T18:13:16+00:00\",\"breadcrumb\":{\"@id\":\"https:\/\/evertonfc.cz\/index.php\/2011\/12\/06\/heitinga-a-jeho-statecne-tymy\/#breadcrumb\"},\"inLanguage\":\"cs\",\"potentialAction\":[{\"@type\":\"ReadAction\",\"target\":[\"https:\/\/evertonfc.cz\/index.php\/2011\/12\/06\/heitinga-a-jeho-statecne-tymy\/\"]}]},{\"@type\":\"ImageObject\",\"inLanguage\":\"cs\",\"@id\":\"https:\/\/evertonfc.cz\/index.php\/2011\/12\/06\/heitinga-a-jeho-statecne-tymy\/#primaryimage\",\"url\":\"https:\/\/evertonfc.cz\/wp-content\/uploads\/2019\/01\/interview.jpg\",\"contentUrl\":\"https:\/\/evertonfc.cz\/wp-content\/uploads\/2019\/01\/interview.jpg\",\"width\":720,\"height\":405},{\"@type\":\"BreadcrumbList\",\"@id\":\"https:\/\/evertonfc.cz\/index.php\/2011\/12\/06\/heitinga-a-jeho-statecne-tymy\/#breadcrumb\",\"itemListElement\":[{\"@type\":\"ListItem\",\"position\":1,\"name\":\"Home\",\"item\":\"https:\/\/evertonfc.cz\/\"},{\"@type\":\"ListItem\",\"position\":2,\"name\":\"Heitinga a jeho state\u010dn\u00e9 t\u00fdmy\"}]},{\"@type\":\"WebSite\",\"@id\":\"https:\/\/evertonfc.cz\/#website\",\"url\":\"https:\/\/evertonfc.cz\/\",\"name\":\"Official Czech &amp; Slovak Everton Supporters&#039; Club\",\"description\":\"\",\"publisher\":{\"@id\":\"https:\/\/evertonfc.cz\/#organization\"},\"potentialAction\":[{\"@type\":\"SearchAction\",\"target\":{\"@type\":\"EntryPoint\",\"urlTemplate\":\"https:\/\/evertonfc.cz\/?s={search_term_string}\"},\"query-input\":{\"@type\":\"PropertyValueSpecification\",\"valueRequired\":true,\"valueName\":\"search_term_string\"}}],\"inLanguage\":\"cs\"},{\"@type\":\"Organization\",\"@id\":\"https:\/\/evertonfc.cz\/#organization\",\"name\":\"Official Czech & Slovak Everton Supporters' Club\",\"url\":\"https:\/\/evertonfc.cz\/\",\"logo\":{\"@type\":\"ImageObject\",\"inLanguage\":\"cs\",\"@id\":\"https:\/\/evertonfc.cz\/#\/schema\/logo\/image\/\",\"url\":\"https:\/\/evertonfc.cz\/wp-content\/uploads\/2019\/05\/logo.png\",\"contentUrl\":\"https:\/\/evertonfc.cz\/wp-content\/uploads\/2019\/05\/logo.png\",\"width\":112,\"height\":112,\"caption\":\"Official Czech & Slovak Everton Supporters' Club\"},\"image\":{\"@id\":\"https:\/\/evertonfc.cz\/#\/schema\/logo\/image\/\"},\"sameAs\":[\"https:\/\/www.facebook.com\/everton.fans.cz.sk\"]},{\"@type\":\"Person\",\"@id\":\"https:\/\/evertonfc.cz\/#\/schema\/person\/cd6328a75577de2add7793fd4b0930c3\",\"name\":\"Me\u0148a\",\"url\":\"https:\/\/evertonfc.cz\/index.php\/author\/mena\/\"}]}<\/script>\n<!-- \/ Yoast SEO plugin. -->","yoast_head_json":{"title":"Heitinga a jeho state\u010dn\u00e9 t\u00fdmy - Official Czech &amp; Slovak Everton Supporters&#039; Club","robots":{"index":"index","follow":"follow","max-snippet":"max-snippet:-1","max-image-preview":"max-image-preview:large","max-video-preview":"max-video-preview:-1"},"canonical":"https:\/\/evertonfc.cz\/index.php\/2011\/12\/06\/heitinga-a-jeho-statecne-tymy\/","og_locale":"cs_CZ","og_type":"article","og_title":"Heitinga a jeho state\u010dn\u00e9 t\u00fdmy - Official Czech &amp; Slovak Everton Supporters&#039; Club","og_description":"John Heitinga vzpom\u00edn\u00e1 na lo\u0148sk\u00e9 ta\u017een\u00ed Holandska mistrovstv\u00edm sv\u011bta a ve sv\u00e9m n\u00e1rodn\u00edm t\u00fdmu vid\u00ed podobnost se sv\u00fdm klubem. John&hellip;","og_url":"https:\/\/evertonfc.cz\/index.php\/2011\/12\/06\/heitinga-a-jeho-statecne-tymy\/","og_site_name":"Official Czech &amp; Slovak Everton Supporters&#039; Club","article_publisher":"https:\/\/www.facebook.com\/everton.fans.cz.sk","article_published_time":"2011-12-06T18:06:33+00:00","article_modified_time":"2019-02-16T18:13:16+00:00","og_image":[{"width":720,"height":405,"url":"https:\/\/evertonfc.cz\/wp-content\/uploads\/2019\/01\/interview.jpg","type":"image\/jpeg"}],"author":"Me\u0148a","twitter_card":"summary_large_image","twitter_misc":{"Napsal(a)":"Me\u0148a","Odhadovan\u00e1 doba \u010dten\u00ed":"6 minut"},"schema":{"@context":"https:\/\/schema.org","@graph":[{"@type":"Article","@id":"https:\/\/evertonfc.cz\/index.php\/2011\/12\/06\/heitinga-a-jeho-statecne-tymy\/#article","isPartOf":{"@id":"https:\/\/evertonfc.cz\/index.php\/2011\/12\/06\/heitinga-a-jeho-statecne-tymy\/"},"author":{"name":"Me\u0148a","@id":"https:\/\/evertonfc.cz\/#\/schema\/person\/cd6328a75577de2add7793fd4b0930c3"},"headline":"Heitinga a jeho state\u010dn\u00e9 t\u00fdmy","datePublished":"2011-12-06T18:06:33+00:00","dateModified":"2019-02-16T18:13:16+00:00","mainEntityOfPage":{"@id":"https:\/\/evertonfc.cz\/index.php\/2011\/12\/06\/heitinga-a-jeho-statecne-tymy\/"},"wordCount":1220,"commentCount":0,"publisher":{"@id":"https:\/\/evertonfc.cz\/#organization"},"image":{"@id":"https:\/\/evertonfc.cz\/index.php\/2011\/12\/06\/heitinga-a-jeho-statecne-tymy\/#primaryimage"},"thumbnailUrl":"https:\/\/evertonfc.cz\/wp-content\/uploads\/2019\/01\/interview.jpg","articleSection":["Rozhovory"],"inLanguage":"cs","potentialAction":[{"@type":"CommentAction","name":"Comment","target":["https:\/\/evertonfc.cz\/index.php\/2011\/12\/06\/heitinga-a-jeho-statecne-tymy\/#respond"]}]},{"@type":"WebPage","@id":"https:\/\/evertonfc.cz\/index.php\/2011\/12\/06\/heitinga-a-jeho-statecne-tymy\/","url":"https:\/\/evertonfc.cz\/index.php\/2011\/12\/06\/heitinga-a-jeho-statecne-tymy\/","name":"Heitinga a jeho state\u010dn\u00e9 t\u00fdmy - Official Czech &amp; Slovak Everton Supporters&#039; Club","isPartOf":{"@id":"https:\/\/evertonfc.cz\/#website"},"primaryImageOfPage":{"@id":"https:\/\/evertonfc.cz\/index.php\/2011\/12\/06\/heitinga-a-jeho-statecne-tymy\/#primaryimage"},"image":{"@id":"https:\/\/evertonfc.cz\/index.php\/2011\/12\/06\/heitinga-a-jeho-statecne-tymy\/#primaryimage"},"thumbnailUrl":"https:\/\/evertonfc.cz\/wp-content\/uploads\/2019\/01\/interview.jpg","datePublished":"2011-12-06T18:06:33+00:00","dateModified":"2019-02-16T18:13:16+00:00","breadcrumb":{"@id":"https:\/\/evertonfc.cz\/index.php\/2011\/12\/06\/heitinga-a-jeho-statecne-tymy\/#breadcrumb"},"inLanguage":"cs","potentialAction":[{"@type":"ReadAction","target":["https:\/\/evertonfc.cz\/index.php\/2011\/12\/06\/heitinga-a-jeho-statecne-tymy\/"]}]},{"@type":"ImageObject","inLanguage":"cs","@id":"https:\/\/evertonfc.cz\/index.php\/2011\/12\/06\/heitinga-a-jeho-statecne-tymy\/#primaryimage","url":"https:\/\/evertonfc.cz\/wp-content\/uploads\/2019\/01\/interview.jpg","contentUrl":"https:\/\/evertonfc.cz\/wp-content\/uploads\/2019\/01\/interview.jpg","width":720,"height":405},{"@type":"BreadcrumbList","@id":"https:\/\/evertonfc.cz\/index.php\/2011\/12\/06\/heitinga-a-jeho-statecne-tymy\/#breadcrumb","itemListElement":[{"@type":"ListItem","position":1,"name":"Home","item":"https:\/\/evertonfc.cz\/"},{"@type":"ListItem","position":2,"name":"Heitinga a jeho state\u010dn\u00e9 t\u00fdmy"}]},{"@type":"WebSite","@id":"https:\/\/evertonfc.cz\/#website","url":"https:\/\/evertonfc.cz\/","name":"Official Czech &amp; Slovak Everton Supporters&#039; Club","description":"","publisher":{"@id":"https:\/\/evertonfc.cz\/#organization"},"potentialAction":[{"@type":"SearchAction","target":{"@type":"EntryPoint","urlTemplate":"https:\/\/evertonfc.cz\/?s={search_term_string}"},"query-input":{"@type":"PropertyValueSpecification","valueRequired":true,"valueName":"search_term_string"}}],"inLanguage":"cs"},{"@type":"Organization","@id":"https:\/\/evertonfc.cz\/#organization","name":"Official Czech & Slovak Everton Supporters' Club","url":"https:\/\/evertonfc.cz\/","logo":{"@type":"ImageObject","inLanguage":"cs","@id":"https:\/\/evertonfc.cz\/#\/schema\/logo\/image\/","url":"https:\/\/evertonfc.cz\/wp-content\/uploads\/2019\/05\/logo.png","contentUrl":"https:\/\/evertonfc.cz\/wp-content\/uploads\/2019\/05\/logo.png","width":112,"height":112,"caption":"Official Czech & Slovak Everton Supporters' Club"},"image":{"@id":"https:\/\/evertonfc.cz\/#\/schema\/logo\/image\/"},"sameAs":["https:\/\/www.facebook.com\/everton.fans.cz.sk"]},{"@type":"Person","@id":"https:\/\/evertonfc.cz\/#\/schema\/person\/cd6328a75577de2add7793fd4b0930c3","name":"Me\u0148a","url":"https:\/\/evertonfc.cz\/index.php\/author\/mena\/"}]}},"_links":{"self":[{"href":"https:\/\/evertonfc.cz\/index.php\/wp-json\/wp\/v2\/posts\/6014"}],"collection":[{"href":"https:\/\/evertonfc.cz\/index.php\/wp-json\/wp\/v2\/posts"}],"about":[{"href":"https:\/\/evertonfc.cz\/index.php\/wp-json\/wp\/v2\/types\/post"}],"author":[{"embeddable":true,"href":"https:\/\/evertonfc.cz\/index.php\/wp-json\/wp\/v2\/users\/7"}],"replies":[{"embeddable":true,"href":"https:\/\/evertonfc.cz\/index.php\/wp-json\/wp\/v2\/comments?post=6014"}],"version-history":[{"count":1,"href":"https:\/\/evertonfc.cz\/index.php\/wp-json\/wp\/v2\/posts\/6014\/revisions"}],"predecessor-version":[{"id":6015,"href":"https:\/\/evertonfc.cz\/index.php\/wp-json\/wp\/v2\/posts\/6014\/revisions\/6015"}],"wp:featuredmedia":[{"embeddable":true,"href":"https:\/\/evertonfc.cz\/index.php\/wp-json\/wp\/v2\/media\/1312"}],"wp:attachment":[{"href":"https:\/\/evertonfc.cz\/index.php\/wp-json\/wp\/v2\/media?parent=6014"}],"wp:term":[{"taxonomy":"category","embeddable":true,"href":"https:\/\/evertonfc.cz\/index.php\/wp-json\/wp\/v2\/categories?post=6014"},{"taxonomy":"post_tag","embeddable":true,"href":"https:\/\/evertonfc.cz\/index.php\/wp-json\/wp\/v2\/tags?post=6014"}],"curies":[{"name":"wp","href":"https:\/\/api.w.org\/{rel}","templated":true}]}}