{"id":6016,"date":"2011-12-09T19:13:27","date_gmt":"2011-12-09T18:13:27","guid":{"rendered":"http:\/\/evertonfc.cz\/?p=6016"},"modified":"2021-04-25T16:45:03","modified_gmt":"2021-04-25T14:45:03","slug":"preview-arsenal-everton-10","status":"publish","type":"post","link":"https:\/\/evertonfc.cz\/index.php\/2011\/12\/09\/preview-arsenal-everton-10\/","title":{"rendered":"Preview: Arsenal &#8211; Everton"},"content":{"rendered":"<h4>Sobotn\u00ed odpoledne bude pro Everton znamenat v\u00fdlet na Emirates Stadium, kde se pokus\u00ed p\u0159ekvapit dob\u0159e rozjet\u00fd Arsenal.<\/h4>\n<p>Tak jak Evertonu m\u011bs\u00edc listopad v\u00fdsledkov\u011b relativn\u011b vy\u0161el, do posledn\u00edho m\u011bs\u00edce v roce vykro\u010dil p\u0159\u00ed\u0161ern\u011b. A napravovat se nav\u00edc v sobotu vyd\u00e1 do jedn\u00e9 z t\u011bch nejobt\u00ed\u017en\u011bj\u0161\u00edch destinac\u00ed &#8211; Emirates Stadium. P\u0159itom kdyby los Evertonu nad\u011blil v\u00fdlet do severn\u00edho Lond\u00fdna za\u010d\u00e1tkem sezony, nejsp\u00ed\u0161 by se Toffees p\u0159ipisovaly \u0161ance o n\u011bco v\u011bt\u0161\u00ed.<\/p>\n<p>Gunners za\u010d\u00e1tek ro\u010dn\u00edku zaspali v evertonsk\u00e9m stylu, v\u017edy\u0165 je\u0161t\u011b za\u010d\u00e1tkem sezony se pohybovali na dohled t\u011bch nejni\u017e\u0161\u00edch p\u0159\u00ed\u010dek, o co\u017e se zaslou\u017eila t\u0159eba krut\u00e1 prohra na Old Trafford, dom\u00e1c\u00ed por\u00e1\u017eka od Liverpoolu, nebo nep\u0159\u00edjemn\u00e1 prohra v derby s Tottenhamem. Kanon\u00fd\u0159i ale narozd\u00edl od jejich v\u00edkendov\u00e9ho protivn\u00edka zav\u010das zabrali a pr\u00e1v\u011b od prohry na White Hart Lane na za\u010d\u00e1tku \u0159\u00edjna, se vydali za neprohern\u00ed s\u00e9ri\u00ed, kter\u00e1 v lize \u010d\u00edt\u00e1 \u0161est v\u00fdher a jedinou rem\u00edzu. Blues tak budou \u010delit celku s jednou nejlep\u0161\u00edch aktu\u00e1ln\u00edch v\u00fdkonnost\u00ed v cel\u00e9 sout\u011b\u017ei.<\/p>\n<p>Jisk\u0159i\u010dkou nad\u011bje tak m\u016f\u017ee b\u00fdt alespo\u0148 fakt, \u017ee na Emirates se dom\u00e1c\u00ed s Evertonem \u010dastokr\u00e1t museli natr\u00e1pit. Hned v posledn\u00edch \u010dty\u0159ech vz\u00e1jemn\u00fdch venkovn\u00edch z\u00e1pasech z p\u011bti se Blues ocitli ve veden\u00ed. Na bodov\u00e9m sou\u010dtu se to ov\u0161em projevilo minim\u00e1ln\u011b, kdy\u017e v nich Everton dvakr\u00e1t remizoval a t\u0159ikr\u00e1t Arsenal v\u00fdvoj utk\u00e1n\u00ed oto\u010dil. Tehdy za Toffees kopal je\u0161t\u011b Mikel Arteta, nyn\u011bj\u0161\u00ed zam\u011bstnanec Arsenalu. A o tom, \u017ee pro dlouholet\u00e9ho z\u00e1lo\u017en\u00edka Evertonu \u0161lo o krok dop\u0159edu sv\u011bd\u010d\u00ed i \u010d\u00edsla. Jeho p\u0159esnost p\u0159ihr\u00e1vek \u010din\u00ed 90% oproti 83 procent\u016fm z minul\u00e9 sezony, p\u0159i\u010dem\u017e v pr\u016fm\u011bru vytvo\u0159\u00ed 2.5 \u0161anc\u00ed na z\u00e1pas v porovn\u00e1n\u00ed s dv\u011bma z lo\u0148ska. Nezaost\u00e1vaj\u00ed za n\u00edm ale ani dal\u0161\u00ed kolegov\u00e9 ze z\u00e1lo\u017en\u00ed \u0159ady. Aaron Ramsey zat\u00edm p\u0159ihr\u00e1l na \u010dty\u0159i g\u00f3ly, Gervinho na p\u011bt.<\/p>\n<p>Everton m\u011bl minul\u00fd v\u00edkend \u0161anci pln\u011b bodovat t\u0159ikr\u00e1t za sebou. Jen\u017ee m\u00edsto toho paradoxn\u011b potvrdil, pro\u010d jsou t\u0159i v\u00fdhry v \u0159ad\u011b v jeho pod\u00e1n\u00ed tolik raritn\u00ed z\u00e1le\u017eitost\u00ed. Na Goodison Park p\u0159ijel Stoke, tradi\u010dn\u011b si p\u0159ichystal sv\u016fj presink, zahu\u0161t\u011bn\u00fd st\u0159ed pole a ob\u011btavou obranu a Everton m\u011bl zad\u011bl\u00e1no na probl\u00e9m. Zoufal\u00ed borci v modr\u00e9m si nechali d\u00e1t g\u00f3l z jedin\u00e9 \u0161ance soupe\u0159e a k tomu, co n\u00e1sledovalo, se ji\u017e nem\u00e1 cenu vracet. Bylo to tu ji\u017e tis\u00edckr\u00e1t a ur\u010dit\u011b ne naposled.<\/p>\n<p>Dal\u0161\u00ed \u0161anc\u00ed posunout se tabulkou, tak Toffees pohrdli, a\u010dkoliv se jim letos da\u0159\u00ed pr\u00e1v\u011b proti t\u011bm pap\u00edrov\u011b slab\u0161\u00edm. Narozd\u00edl od minul\u00e9 sezony, kdy Everton p\u0159ekvapoval ty kvalitn\u011bj\u0161\u00ed celky. Podle Seamuse Colemana je tak na \u010dase, aby t\u00fdm uhr\u00e1l v\u00fdsledek i proti mu\u017estv\u016fm z vrcholu tabulky.<\/p>\n<p><em>\u201eV derby jsme hr\u00e1li v oslaben\u00ed, zat\u00edmco proti Manchester United jsme dominovali, ale nepoda\u0159ilo se n\u00e1m d\u00e1t g\u00f3l. Doufejme, \u017ee v sobotu se to zm\u011bn\u00ed, pokus\u00edme se vyhr\u00e1t, tak jako v\u017edycky. Bod by nebyl \u0161patn\u00fd, ale poka\u017ed\u00e9 c\u00edt\u00edme, \u017ee i velk\u00e9 t\u00fdmy m\u016f\u017eeme porazit. Bude t\u011b\u017ek\u00e9 udr\u017eet \u010dist\u00fd \u0161t\u00edt, ale budeme se o to sna\u017eit a snad n\u00e1m tam n\u011bco spadne. Arsenal za\u010dal pomalu, ale maj\u00ed opravdovou kvalitu a bylo by hezk\u00e9 je v sobotu zastavit. Robin van Persie je fantastick\u00fd, jeho zakon\u010dov\u00e1n\u00ed je neuv\u011b\u0159iteln\u00e9.\u201c<\/em><\/p>\n<p>Naposled se oba celky potkaly v \u00fanoru a pr\u00e1v\u011b i tehdy ude\u0159ili Toffees jako prvn\u00ed, konkr\u00e9tn\u011b Louis Saha. Gunners nicm\u00e9n\u011b dv\u011bma trefami z posledn\u00ed dvacetiminutovky z\u00e1pas oto\u010dili.<\/p>\n<h4><strong>Historie soupe\u0159e<\/strong><\/h4>\n<p>Jeden z nejslavn\u011bj\u0161\u00edch klub\u016f anglick\u00e9 fotbalov\u00e9 historie zapo\u010dal svoji prvn\u00ed kapitolu roku 1886. Tehdy si d\u011bln\u00edci ze zbrojn\u00ed tov\u00e1rny v jiholond\u00fdnsk\u00e9m Woolwichi rozhodli zalo\u017eit vlastn\u00ed fotbalov\u00fd klub, kter\u00e9mu dali n\u00e1zev Dial Square. Zanedlouho se ale klubu za\u010dalo \u0159\u00edkat Royal Arsenal a jakmile v roce 1891 z\u00edskal profesion\u00e1ln\u00ed licenci, ust\u00e1lil se n\u00e1zev Woolwich Arsenal. A kone\u010dn\u011b, k sou\u010dasn\u00e9mu n\u00e1zvu Arsenal Football Club do\u0161lo p\u0159edstavenstvo jen o n\u011bkolik let pozd\u011bji.<\/p>\n<p>Prvn\u00ed skute\u010dnou fotbalovou pou\u0165 Arsenal nastartoval v roce 1893, kdy se pod\u00edval do Second Division. Ve druh\u00e9 nejvy\u0161\u0161\u00ed sout\u011b\u017ei p\u0159e\u017e\u00edval jeden\u00e1ct let, ne\u017e se mu povedlo pod\u00edvat se poprv\u00e9 mezi smet\u00e1nku. Ve First Division Gunners str\u00e1vili dev\u011bt let, b\u011bhem kter\u00fdch se jim v roce 1906 povedlo dos\u00e1hnout semifin\u00e1le FA Cupu a o t\u0159i roky pozd\u011bji \u0161est\u00e9ho m\u00edsta v ligov\u00e9 tabulce.<\/p>\n<p>Nane\u0161t\u011bst\u00ed \u010dekal na Arsenal v roce 1913 sestup, kter\u00fd ov\u0161em kolidoval s doposud nejv\u011bt\u0161\u00ed zm\u011bnami klubov\u00e9 historie. Po 27 letech, b\u011bhem kter\u00fdch Kanon\u00fd\u0159i hr\u00e1vali v Plumsteadu, se klubov\u00ed \u010dinovn\u00edci rozhodli pro p\u0159esun do severn\u00edho Lond\u00fdna, kde se jim nov\u00fdm domovem stalo legend\u00e1rn\u00ed Highbury.\u00a0 St\u011bhov\u00e1n\u00ed podn\u00edtil p\u0159edseda klubu Sir Henry Norris, kter\u00fd v severolon\u00fddnsk\u00e9 oblasti vid\u011bl pro sv\u016fj klub v\u011bt\u0161\u00ed potenci\u00e1l. P\u0159esun se mu vyplatil t\u00e9m\u011b\u0159 okam\u017eit\u011b, v\u017edy\u0165 Arsenalu unikl postup v n\u00e1sleduj\u00edc\u00ed sezon\u011b o jedin\u00fd bod.<\/p>\n<p>\u00da\u010dasti zp\u011bt v nejvy\u0161\u0161\u00ed sout\u011b\u017ei se ale Gunners p\u0159ece jen do\u010dkali. Roku 1919 se ale do First Division, kterou od t\u00e9 doby ji\u017e ani jedinkr\u00e1t neopustili, pod\u00edvali za nav\u00fdsost kontroverzn\u00edch okolnost\u00ed, kter\u00e9 spole\u010dn\u011b s p\u0159esunem do severn\u00edho Lond\u00fdna, nastartovaly tradi\u010dn\u00ed rivalitu s nov\u00fdmi sousedy z Tottenhamu. Spurs na konci sezony 1914\/15 fini\u0161ovali na dn\u011b tabulky, po konci prvn\u00ed sv\u011btov\u00e9 v\u00e1lky byla ov\u0161em First Division roz\u0161\u00ed\u0159ena o dva nov\u00e9 kluby. O\u010dek\u00e1valo se proto, \u017ee Tottenham v nejvy\u0161\u0161\u00ed sout\u011b\u017ei z\u016fstane. Norris nicm\u00e9n\u011b dok\u00e1zal Arsenalu za\u0159\u00eddit m\u00edstenku mezi elitou, zat\u00edmco Spurs skute\u010dn\u011b spadli o patro n\u00ed\u017ee.<\/p>\n<p>V n\u00e1sleduj\u00edc\u00edch sezon\u00e1ch sice Arsenal hr\u00e1l p\u0159inejlep\u0161\u00edm o st\u0159ed tabulky, ov\u0161em obrat k lep\u0161\u00edmu na sebe nenechal tak dlouho \u010dekat. Legend\u00e1rn\u00ed Herbert Chapman, jen\u017e dovedl Huddersfield Town ke t\u0159em za sebou jedouc\u00edm mistrovsk\u00fdm titul\u016fm, usedl na mana\u017eersk\u00e9 k\u0159eslo na Highbury a b\u011bhem dev\u00edti let z pr\u016fm\u011brn\u00e9ho Arsenalu vybudoval jedno z nejv\u011bhlasn\u011bj\u0161\u00edch jmen sv\u011btov\u00e9ho fotbalu. Pod jeho veden\u00edm se Gunners nejprve v roce 1927 z\u00fa\u010dastnili fin\u00e1le FA Cupu, ne\u017e o t\u0159i roky pozd\u011bji ve stejn\u00e9 sout\u011b\u017ei p\u0159i\u0161la prvn\u00ed hlavn\u00ed klubov\u00e1 trofej. O sezonu pozd\u011bji Kanon\u00fd\u0159i poprv\u00e9 ovl\u00e1dli ligovou sc\u00e9nu a v n\u00e1sleduj\u00edc\u00edch sedmi letech do klubov\u00e9 vitr\u00edny putovaly dal\u0161\u00ed \u010dty\u0159i tituly a druh\u00fd FA Cup.<\/p>\n<p>P\u00e1t\u00fd titul Arsenalu p\u0159inesl ro\u010dn\u00edk 1937\/38, av\u0161ak jeho dominance pomalu za\u010d\u00ednala ustupovat. Po dal\u0161\u00edm p\u0159eru\u0161en\u00ed, zp\u016fsoben\u00e9m druhou sv\u011btovou v\u00e1lkou, ale Tom Whittaker nam\u00edchal dal\u0161\u00ed ide\u00e1ln\u011b slo\u017een\u00fdm t\u00fdm, a ten po v\u00e1lce z\u00edskal dal\u0161\u00ed dva tituly a FA Cup, a to v\u0161echno b\u011bhem p\u011bti let.<\/p>\n<p>Whittakerova smrt roku 1956 v\u0161ak p\u0159edznamenala skute\u010dn\u00fd \u00fapadek. Dokonce ani obsazen\u00ed Billyho Wrighta, jednoho z velik\u00e1n\u016f anglick\u00e9ho fotbalu, nep\u0159ineslo ovoce. Arsenalu se tak ujal Bertie Mee, p\u016fvodn\u00edm povol\u00e1n\u00edm fyzioterapeut, s minim\u00e1ln\u00edmi znalostmi profesion\u00e1ln\u00edho fotbalu. I p\u0159esto ale Gunners dovedl do fin\u00e1le League Cupu 1968, kde Arsenal \u0161okuj\u00edc\u00edm zp\u016fsobem podlehl t\u0159etiligov\u00e9mu Swindonu. Za dva roky se ale Gunners mohli py\u0161nit prvn\u00ed evropskou trofej\u00ed &#8211; Veletr\u017en\u00edm poh\u00e1rem, v jeho\u017e fin\u00e1le zdolali Anderlecht.<\/p>\n<p>Sedmdes\u00e1t\u00e1 l\u00e9ta nebyla ni\u010d\u00edm v\u00fdjime\u010dn\u00fdm. V roce 1972 si Arsenal sice zahr\u00e1l ve fin\u00e1le FA Cupu a o sezonu pozd\u011bji obsadil druh\u00e9 m\u00edsto v lize, nicm\u00e9n\u011b po zbytek dek\u00e1dy se Gunners zmohli pouze na st\u0159ed tabulky. O p\u00e1r let pozd\u011bji se Arsenal znovu pod\u00edval do fin\u00e1le Anglick\u00e9ho poh\u00e1ru, a to dokonce t\u0159ikr\u00e1t v \u0159ad\u011b, ov\u0161em za trofej\u00ed Gunners svoje sna\u017een\u00ed dovedli pouze v prost\u0159edn\u00edm v\u00fdletu do Wembley v roce 1979, kdy v posledn\u00ed minut\u011b urvali v\u00fdhru 3-2 nad Manchesterem United. V dal\u0161\u00ed sezon\u011b m\u011bli Kanon\u00fd\u0159i na dosah Poh\u00e1r V\u00edt\u011bz\u016f Poh\u00e1r\u016f, jen\u017ee ve fin\u00e1le proti Valencii nezvl\u00e1dli penaltov\u00fd rozst\u0159el.<\/p>\n<p>Na \u010dast\u011bj\u0161\u00ed \u00fasp\u011bchy si tak fanou\u0161ci Gunners p\u0159ivykli a\u017e b\u011bhem \u00e9ry George Grahama. Ten se Arsenalu ujal v roce 1986 a z\u00edskal s t\u00fdmem \u0161est trofej\u00ed. Na v\u00edt\u011bzstv\u00ed v Ligov\u00e9m poh\u00e1ru roku 1987 nav\u00e1zal o dva roky pozd\u011bji titulem, kter\u00fd se na Highbury vr\u00e1til po osmn\u00e1ctilet\u00e9m \u010dek\u00e1n\u00ed. \u0160amiony se Gunners stali po nejstrhuj\u00edc\u00edm ligov\u00e9m fini\u0161i, kter\u00fd kdy Anglie za\u017eila. Arsenal pot\u0159eboval k zisku titulu zv\u00edt\u011bzit na Anfield Road o dva g\u00f3ly. A povedlo se, rozhoduj\u00edc\u00ed g\u00f3l na 2-0 vst\u0159elil v posledn\u00ed minut\u011b Michael Thomas.<\/p>\n<p>I pod hlavi\u010dkou nov\u011b vznikl\u00e9 Premier League Arsenal slavil \u00fasp\u011bchy. V sezon\u011b 1992\/93 se nav\u00edc stal prvn\u00edm t\u00fdmem, je\u017e vyhr\u00e1l oba dom\u00e1c\u00ed poh\u00e1ry v jedin\u00e9 sezon\u011b. V obou p\u0159\u00edpadech se pora\u017een\u00fdmi ne\u0161\u0165astn\u00edky stal Sheffield Wednesday. Po odchodu Grahama se t\u00fdmu nakr\u00e1tko ujal Bruce Ricoh, kter\u00fd se vyznamenal zejm\u00e9na koup\u00ed ikonick\u00e9ho Dennise Bergkampa. Koncem z\u00e1\u0159\u00ed 1996 Arsenal jmenoval nov\u00fdm mana\u017eerem Arsena Wengera, a tomu zisk fanou\u0161k\u016f na svoji stranu netrval dlouho. Koncem sezony dovedl Arsenal na t\u0159et\u00ed m\u00edsto a zajistil kvalifikaci do poh\u00e1ru UEFA.<\/p>\n<p>V dal\u0161\u00ed sezon\u011b u\u017e Francouz se sv\u00fdmi sv\u011b\u0159enci slavil druh\u00fd double v klubov\u00e9 historii, co\u017e se Arsenalu povedlo i v sezon\u011b 2001\/02. Zakr\u00e1tko n\u00e1sledovaly i dal\u0161\u00ed dva FA Cupy a kone\u010dn\u011b i ligov\u00fd titul, kter\u00fd si Gunners obstarali suver\u00e9nn\u00edm ta\u017een\u00edm, kdy\u017e v sezon\u011b 2003\/04 neprohr\u00e1li jedin\u00fd z\u00e1pas. Celkov\u00e9 \u010d\u00edslo neprohern\u00ed s\u00e9rie \u010din\u00ed 49, co\u017e je n\u00e1rodn\u00ed rekord. \u00dasp\u011bchy na dom\u00e1c\u00ed sc\u00e9n\u011b ov\u0161em Guners nedovedli napodobit na evropsk\u00e9m poli. Po d\u0159\u00edv\u011bj\u0161\u00ed proh\u0159e ve fin\u00e1le poh\u00e1ru UEFA s Galatasaray, potvrdili evropskou sm\u016flu i ve fin\u00e1le Champions League 2006, kdy prohr\u00e1li s Barcelonou 1-2.<\/p>\n<h4><strong>Z\u00e1pasov\u00e1 fakta<\/strong><\/h4>\n<p>Nadch\u00e1zej\u00edc\u00ed souboj ponese \u0159adov\u00e9 \u010d\u00edslo 196. Gunners vedou s 96 v\u00fdhrami oproti 58, jedna\u010dty\u0159icetkr\u00e1t se potom remizovalo. Posledn\u00ed v\u00fdhra nad Arsenalem se vztahuje k b\u0159eznu 2007, kdy v posledn\u00ed minut\u011b dom\u00e1c\u00edho z\u00e1pasu poslal Goodison do ext\u00e1ze Andy Johnson. Na stadionu Kanon\u00fdr\u016f naposled Blues triumfovali v lednu 1996, kde v\u00fdvoj z\u00e1pasu ot\u00e1\u010deli Graham Stuart a Andrei Kanchelskis. Od t\u00e9 doby Gunners zv\u00edt\u011bzili ve 13 z 15 dom\u00e1c\u00edch z\u00e1pas\u016f.<\/p>\n<h4><strong>Arsenal<\/strong><\/h4>\n<p>Pot\u00e9, co prohr\u00e1l \u010dty\u0159i ze sedmi \u00favodn\u00edch z\u00e1pas\u016f, vyhr\u00e1l \u0161est ze sedmi posledn\u00edch utk\u00e1n\u00ed. V p\u0159epo\u010dtu na body to pak \u010din\u00ed 19 z 21 mo\u017en\u00fdch. Doma letos Gunners prohr\u00e1li jednou, a to s Liverpoolem, p\u0159i\u010dem\u017e jedin\u00fdm dal\u0161\u00edm t\u00fdmem, kter\u00fd je doma obral o body, je Fulham, kter\u00fd na Emirates remizoval.<\/p>\n<p>Za svoji p\u011bknou s\u00e9rii vd\u011b\u010d\u00ed Arsenal ze v\u0161ech nejv\u00edce Robinu van Persiemu. Holandsk\u00fd \u00fato\u010dn\u00edk dal v roce 2011 ji\u017e 32 ligov\u00fdch g\u00f3l\u016f a v leto\u0161n\u00ed sezon\u011b m\u00e1 na kont\u011b zat\u00edm 18 z\u00e1sah\u016f, z toho 14 vst\u0159elil v Premier League. Moment\u00e1ln\u011b se van Perise v dresu Gunners trefil celkem 113kr\u00e1t, co\u017e je p\u0159esn\u011b polovina 226 g\u00f3l\u016f, kter\u00e9 za klub nas\u00e1zel Thiery Henry, historicky nejlep\u0161\u00ed st\u0159elec Arsenalu.<\/p>\n<h4><strong>Everton<\/strong><\/h4>\n<p>Prohr\u00e1l t\u0159i z posledn\u00edch sedmi z\u00e1pas\u016f a v cel\u00e9 sezon\u011b zat\u00edm jen jednou remizoval, p\u0159itom loni touto dobou m\u011bl Everton za sebou ji\u017e osm nerozhodn\u00fdch z\u00e1pas\u016f. Plat\u00ed tak\u00e9 skute\u010dnost, \u017ee Blues jsou \u00fasp\u011b\u0161n\u011bj\u0161\u00ed venku, ne\u017e na Goodisonu &#8211; t\u0159i z \u0161esti venkovn\u00edch z\u00e1pas\u016f vyhr\u00e1li, zat\u00edmco doma se radovali z v\u00edt\u011bzstv\u00ed jen ve dvou ze sedmi duel\u016f. Dohromady Everton vst\u0159elil pouh\u00fdch 15 g\u00f3l\u016f, co\u017e je pouze o g\u00f3l v\u00edc, ne\u017e sou\u010dasn\u00e1 bilance samotn\u00e9ho Robina van Persieho.<\/p>\n<h4><strong>Vz\u00e1jemn\u00e1 bilance<\/strong><\/h4>\n<ul>\n<li>Celkov\u011b:\u00a0\u00a0\u00a0\u00a0\u00a0 \u00a0 \u00a0 \u00a0 \u00a0 \u00a0 96-41-58<\/li>\n<li>Na h\u0159i\u0161ti Arsenalu:\u00a0 65-15-17<\/li>\n<li>V Premier League:\u00a0 24-9-5<\/li>\n<\/ul>\n<h4><strong>Absence<\/strong><\/h4>\n<p>Arsenalu bude chyb\u011bt Andres Santos, kter\u00fd si v z\u00e1pase Ligy Mistr\u016f poranil kotn\u00edk. Do t\u00fdmu se vrac\u00ed Manuel Almunia, proto\u017ee Lukasz Fabianski a Vito Manone, jsou mimo hru. Everton mus\u00ed \u0159e\u0161it starosti v podob\u011b zran\u011bn\u00ed Osmana a\u00a0 Rodwella, kte\u0159\u00ed maj\u00ed oba trable s podkolenn\u00ed \u0161lachou, p\u0159i\u010dem\u017e nejistota st\u00e1le panuje u Drentheho.<\/p>\n<p><strong>Everton: <\/strong>Howard, Hahnemann, Hibbert, Neville, Distin, Jagielka, Baines, Barkley, Fellaini, Osman, Coleman, Gueye, Rodwell, Cahill, Stracqualursi, Saha, Bilyaletdinov, Vellios<\/p>\n<p><strong>Arsenal:<\/strong> Szczesny, Almunia, Mertesacker, Vermaelen, Koscileny, Djourou, Arteta, Walcott, Benayoun, Ramsey, Song, Arshavin, Oxlaid-Chamberlain, Coquelin, Gervinho, Chamakh, Van Persie<\/p>\n<ul>\n<li><strong>Kdy:\u00a0<\/strong>10.12. 16:00 SE\u010c<strong><br \/>\n<\/strong><\/li>\n<li><strong>Kde:\u00a0<\/strong>Emirates Stadium<strong><br \/>\n<\/strong><\/li>\n<li><strong>Rozhod\u010d\u00ed:<\/strong>\u00a0Howard Webb<\/li>\n<\/ul>\n","protected":false},"excerpt":{"rendered":"<p>Sobotn\u00ed odpoledne bude pro Everton znamenat v\u00fdlet na Emirates Stadium, kde se pokus\u00ed p\u0159ekvapit dob\u0159e rozjet\u00fd Arsenal.<\/p>\n","protected":false},"author":7,"featured_media":15084,"comment_status":"open","ping_status":"closed","sticky":false,"template":"","format":"standard","meta":{"_eb_attr":"","_monsterinsights_skip_tracking":false,"_monsterinsights_sitenote_active":false,"_monsterinsights_sitenote_note":"","_monsterinsights_sitenote_category":0,"footnotes":""},"categories":[4],"tags":[],"yoast_head":"<!-- This site is optimized with the Yoast SEO plugin v23.4 - https:\/\/yoast.com\/wordpress\/plugins\/seo\/ -->\n<title>Preview: Arsenal - Everton - Official Czech &amp; Slovak Everton Supporters&#039; Club<\/title>\n<meta name=\"robots\" content=\"index, follow, max-snippet:-1, max-image-preview:large, max-video-preview:-1\" \/>\n<link rel=\"canonical\" href=\"https:\/\/evertonfc.cz\/index.php\/2011\/12\/09\/preview-arsenal-everton-10\/\" \/>\n<meta property=\"og:locale\" content=\"cs_CZ\" \/>\n<meta property=\"og:type\" content=\"article\" \/>\n<meta property=\"og:title\" content=\"Preview: Arsenal - Everton - Official Czech &amp; Slovak Everton Supporters&#039; Club\" \/>\n<meta property=\"og:description\" content=\"Sobotn\u00ed odpoledne bude pro Everton znamenat v\u00fdlet na Emirates Stadium, kde se pokus\u00ed p\u0159ekvapit dob\u0159e rozjet\u00fd Arsenal.\" \/>\n<meta property=\"og:url\" content=\"https:\/\/evertonfc.cz\/index.php\/2011\/12\/09\/preview-arsenal-everton-10\/\" \/>\n<meta property=\"og:site_name\" content=\"Official Czech &amp; Slovak Everton Supporters&#039; Club\" \/>\n<meta property=\"article:publisher\" content=\"https:\/\/www.facebook.com\/everton.fans.cz.sk\" \/>\n<meta property=\"article:published_time\" content=\"2011-12-09T18:13:27+00:00\" \/>\n<meta property=\"article:modified_time\" content=\"2021-04-25T14:45:03+00:00\" \/>\n<meta property=\"og:image\" content=\"https:\/\/evertonfc.cz\/wp-content\/uploads\/2021\/04\/Arsenal-VS-Everton.jpg\" \/>\n\t<meta property=\"og:image:width\" content=\"720\" \/>\n\t<meta property=\"og:image:height\" content=\"405\" \/>\n\t<meta property=\"og:image:type\" content=\"image\/jpeg\" \/>\n<meta name=\"author\" content=\"Me\u0148a\" \/>\n<meta name=\"twitter:card\" content=\"summary_large_image\" \/>\n<meta name=\"twitter:label1\" content=\"Napsal(a)\" \/>\n\t<meta name=\"twitter:data1\" content=\"Me\u0148a\" \/>\n\t<meta name=\"twitter:label2\" content=\"Odhadovan\u00e1 doba \u010dten\u00ed\" \/>\n\t<meta name=\"twitter:data2\" content=\"12 minut\" \/>\n<script type=\"application\/ld+json\" class=\"yoast-schema-graph\">{\"@context\":\"https:\/\/schema.org\",\"@graph\":[{\"@type\":\"Article\",\"@id\":\"https:\/\/evertonfc.cz\/index.php\/2011\/12\/09\/preview-arsenal-everton-10\/#article\",\"isPartOf\":{\"@id\":\"https:\/\/evertonfc.cz\/index.php\/2011\/12\/09\/preview-arsenal-everton-10\/\"},\"author\":{\"name\":\"Me\u0148a\",\"@id\":\"https:\/\/evertonfc.cz\/#\/schema\/person\/cd6328a75577de2add7793fd4b0930c3\"},\"headline\":\"Preview: Arsenal &#8211; Everton\",\"datePublished\":\"2011-12-09T18:13:27+00:00\",\"dateModified\":\"2021-04-25T14:45:03+00:00\",\"mainEntityOfPage\":{\"@id\":\"https:\/\/evertonfc.cz\/index.php\/2011\/12\/09\/preview-arsenal-everton-10\/\"},\"wordCount\":2319,\"commentCount\":0,\"publisher\":{\"@id\":\"https:\/\/evertonfc.cz\/#organization\"},\"image\":{\"@id\":\"https:\/\/evertonfc.cz\/index.php\/2011\/12\/09\/preview-arsenal-everton-10\/#primaryimage\"},\"thumbnailUrl\":\"https:\/\/evertonfc.cz\/wp-content\/uploads\/2021\/04\/Arsenal-VS-Everton.jpg\",\"articleSection\":[\"Z\u00e1pasy\"],\"inLanguage\":\"cs\",\"potentialAction\":[{\"@type\":\"CommentAction\",\"name\":\"Comment\",\"target\":[\"https:\/\/evertonfc.cz\/index.php\/2011\/12\/09\/preview-arsenal-everton-10\/#respond\"]}]},{\"@type\":\"WebPage\",\"@id\":\"https:\/\/evertonfc.cz\/index.php\/2011\/12\/09\/preview-arsenal-everton-10\/\",\"url\":\"https:\/\/evertonfc.cz\/index.php\/2011\/12\/09\/preview-arsenal-everton-10\/\",\"name\":\"Preview: Arsenal - Everton - Official Czech &amp; Slovak Everton Supporters&#039; Club\",\"isPartOf\":{\"@id\":\"https:\/\/evertonfc.cz\/#website\"},\"primaryImageOfPage\":{\"@id\":\"https:\/\/evertonfc.cz\/index.php\/2011\/12\/09\/preview-arsenal-everton-10\/#primaryimage\"},\"image\":{\"@id\":\"https:\/\/evertonfc.cz\/index.php\/2011\/12\/09\/preview-arsenal-everton-10\/#primaryimage\"},\"thumbnailUrl\":\"https:\/\/evertonfc.cz\/wp-content\/uploads\/2021\/04\/Arsenal-VS-Everton.jpg\",\"datePublished\":\"2011-12-09T18:13:27+00:00\",\"dateModified\":\"2021-04-25T14:45:03+00:00\",\"breadcrumb\":{\"@id\":\"https:\/\/evertonfc.cz\/index.php\/2011\/12\/09\/preview-arsenal-everton-10\/#breadcrumb\"},\"inLanguage\":\"cs\",\"potentialAction\":[{\"@type\":\"ReadAction\",\"target\":[\"https:\/\/evertonfc.cz\/index.php\/2011\/12\/09\/preview-arsenal-everton-10\/\"]}]},{\"@type\":\"ImageObject\",\"inLanguage\":\"cs\",\"@id\":\"https:\/\/evertonfc.cz\/index.php\/2011\/12\/09\/preview-arsenal-everton-10\/#primaryimage\",\"url\":\"https:\/\/evertonfc.cz\/wp-content\/uploads\/2021\/04\/Arsenal-VS-Everton.jpg\",\"contentUrl\":\"https:\/\/evertonfc.cz\/wp-content\/uploads\/2021\/04\/Arsenal-VS-Everton.jpg\",\"width\":720,\"height\":405},{\"@type\":\"BreadcrumbList\",\"@id\":\"https:\/\/evertonfc.cz\/index.php\/2011\/12\/09\/preview-arsenal-everton-10\/#breadcrumb\",\"itemListElement\":[{\"@type\":\"ListItem\",\"position\":1,\"name\":\"Home\",\"item\":\"https:\/\/evertonfc.cz\/\"},{\"@type\":\"ListItem\",\"position\":2,\"name\":\"Preview: Arsenal &#8211; Everton\"}]},{\"@type\":\"WebSite\",\"@id\":\"https:\/\/evertonfc.cz\/#website\",\"url\":\"https:\/\/evertonfc.cz\/\",\"name\":\"Official Czech &amp; Slovak Everton Supporters&#039; Club\",\"description\":\"\",\"publisher\":{\"@id\":\"https:\/\/evertonfc.cz\/#organization\"},\"potentialAction\":[{\"@type\":\"SearchAction\",\"target\":{\"@type\":\"EntryPoint\",\"urlTemplate\":\"https:\/\/evertonfc.cz\/?s={search_term_string}\"},\"query-input\":{\"@type\":\"PropertyValueSpecification\",\"valueRequired\":true,\"valueName\":\"search_term_string\"}}],\"inLanguage\":\"cs\"},{\"@type\":\"Organization\",\"@id\":\"https:\/\/evertonfc.cz\/#organization\",\"name\":\"Official Czech & Slovak Everton Supporters' Club\",\"url\":\"https:\/\/evertonfc.cz\/\",\"logo\":{\"@type\":\"ImageObject\",\"inLanguage\":\"cs\",\"@id\":\"https:\/\/evertonfc.cz\/#\/schema\/logo\/image\/\",\"url\":\"https:\/\/evertonfc.cz\/wp-content\/uploads\/2019\/05\/logo.png\",\"contentUrl\":\"https:\/\/evertonfc.cz\/wp-content\/uploads\/2019\/05\/logo.png\",\"width\":112,\"height\":112,\"caption\":\"Official Czech & Slovak Everton Supporters' Club\"},\"image\":{\"@id\":\"https:\/\/evertonfc.cz\/#\/schema\/logo\/image\/\"},\"sameAs\":[\"https:\/\/www.facebook.com\/everton.fans.cz.sk\"]},{\"@type\":\"Person\",\"@id\":\"https:\/\/evertonfc.cz\/#\/schema\/person\/cd6328a75577de2add7793fd4b0930c3\",\"name\":\"Me\u0148a\",\"url\":\"https:\/\/evertonfc.cz\/index.php\/author\/mena\/\"}]}<\/script>\n<!-- \/ Yoast SEO plugin. -->","yoast_head_json":{"title":"Preview: Arsenal - Everton - Official Czech &amp; Slovak Everton Supporters&#039; Club","robots":{"index":"index","follow":"follow","max-snippet":"max-snippet:-1","max-image-preview":"max-image-preview:large","max-video-preview":"max-video-preview:-1"},"canonical":"https:\/\/evertonfc.cz\/index.php\/2011\/12\/09\/preview-arsenal-everton-10\/","og_locale":"cs_CZ","og_type":"article","og_title":"Preview: Arsenal - Everton - Official Czech &amp; Slovak Everton Supporters&#039; Club","og_description":"Sobotn\u00ed odpoledne bude pro Everton znamenat v\u00fdlet na Emirates Stadium, kde se pokus\u00ed p\u0159ekvapit dob\u0159e rozjet\u00fd Arsenal.","og_url":"https:\/\/evertonfc.cz\/index.php\/2011\/12\/09\/preview-arsenal-everton-10\/","og_site_name":"Official Czech &amp; Slovak Everton Supporters&#039; Club","article_publisher":"https:\/\/www.facebook.com\/everton.fans.cz.sk","article_published_time":"2011-12-09T18:13:27+00:00","article_modified_time":"2021-04-25T14:45:03+00:00","og_image":[{"width":720,"height":405,"url":"https:\/\/evertonfc.cz\/wp-content\/uploads\/2021\/04\/Arsenal-VS-Everton.jpg","type":"image\/jpeg"}],"author":"Me\u0148a","twitter_card":"summary_large_image","twitter_misc":{"Napsal(a)":"Me\u0148a","Odhadovan\u00e1 doba \u010dten\u00ed":"12 minut"},"schema":{"@context":"https:\/\/schema.org","@graph":[{"@type":"Article","@id":"https:\/\/evertonfc.cz\/index.php\/2011\/12\/09\/preview-arsenal-everton-10\/#article","isPartOf":{"@id":"https:\/\/evertonfc.cz\/index.php\/2011\/12\/09\/preview-arsenal-everton-10\/"},"author":{"name":"Me\u0148a","@id":"https:\/\/evertonfc.cz\/#\/schema\/person\/cd6328a75577de2add7793fd4b0930c3"},"headline":"Preview: Arsenal &#8211; Everton","datePublished":"2011-12-09T18:13:27+00:00","dateModified":"2021-04-25T14:45:03+00:00","mainEntityOfPage":{"@id":"https:\/\/evertonfc.cz\/index.php\/2011\/12\/09\/preview-arsenal-everton-10\/"},"wordCount":2319,"commentCount":0,"publisher":{"@id":"https:\/\/evertonfc.cz\/#organization"},"image":{"@id":"https:\/\/evertonfc.cz\/index.php\/2011\/12\/09\/preview-arsenal-everton-10\/#primaryimage"},"thumbnailUrl":"https:\/\/evertonfc.cz\/wp-content\/uploads\/2021\/04\/Arsenal-VS-Everton.jpg","articleSection":["Z\u00e1pasy"],"inLanguage":"cs","potentialAction":[{"@type":"CommentAction","name":"Comment","target":["https:\/\/evertonfc.cz\/index.php\/2011\/12\/09\/preview-arsenal-everton-10\/#respond"]}]},{"@type":"WebPage","@id":"https:\/\/evertonfc.cz\/index.php\/2011\/12\/09\/preview-arsenal-everton-10\/","url":"https:\/\/evertonfc.cz\/index.php\/2011\/12\/09\/preview-arsenal-everton-10\/","name":"Preview: Arsenal - Everton - Official Czech &amp; Slovak Everton Supporters&#039; Club","isPartOf":{"@id":"https:\/\/evertonfc.cz\/#website"},"primaryImageOfPage":{"@id":"https:\/\/evertonfc.cz\/index.php\/2011\/12\/09\/preview-arsenal-everton-10\/#primaryimage"},"image":{"@id":"https:\/\/evertonfc.cz\/index.php\/2011\/12\/09\/preview-arsenal-everton-10\/#primaryimage"},"thumbnailUrl":"https:\/\/evertonfc.cz\/wp-content\/uploads\/2021\/04\/Arsenal-VS-Everton.jpg","datePublished":"2011-12-09T18:13:27+00:00","dateModified":"2021-04-25T14:45:03+00:00","breadcrumb":{"@id":"https:\/\/evertonfc.cz\/index.php\/2011\/12\/09\/preview-arsenal-everton-10\/#breadcrumb"},"inLanguage":"cs","potentialAction":[{"@type":"ReadAction","target":["https:\/\/evertonfc.cz\/index.php\/2011\/12\/09\/preview-arsenal-everton-10\/"]}]},{"@type":"ImageObject","inLanguage":"cs","@id":"https:\/\/evertonfc.cz\/index.php\/2011\/12\/09\/preview-arsenal-everton-10\/#primaryimage","url":"https:\/\/evertonfc.cz\/wp-content\/uploads\/2021\/04\/Arsenal-VS-Everton.jpg","contentUrl":"https:\/\/evertonfc.cz\/wp-content\/uploads\/2021\/04\/Arsenal-VS-Everton.jpg","width":720,"height":405},{"@type":"BreadcrumbList","@id":"https:\/\/evertonfc.cz\/index.php\/2011\/12\/09\/preview-arsenal-everton-10\/#breadcrumb","itemListElement":[{"@type":"ListItem","position":1,"name":"Home","item":"https:\/\/evertonfc.cz\/"},{"@type":"ListItem","position":2,"name":"Preview: Arsenal &#8211; Everton"}]},{"@type":"WebSite","@id":"https:\/\/evertonfc.cz\/#website","url":"https:\/\/evertonfc.cz\/","name":"Official Czech &amp; Slovak Everton Supporters&#039; Club","description":"","publisher":{"@id":"https:\/\/evertonfc.cz\/#organization"},"potentialAction":[{"@type":"SearchAction","target":{"@type":"EntryPoint","urlTemplate":"https:\/\/evertonfc.cz\/?s={search_term_string}"},"query-input":{"@type":"PropertyValueSpecification","valueRequired":true,"valueName":"search_term_string"}}],"inLanguage":"cs"},{"@type":"Organization","@id":"https:\/\/evertonfc.cz\/#organization","name":"Official Czech & Slovak Everton Supporters' Club","url":"https:\/\/evertonfc.cz\/","logo":{"@type":"ImageObject","inLanguage":"cs","@id":"https:\/\/evertonfc.cz\/#\/schema\/logo\/image\/","url":"https:\/\/evertonfc.cz\/wp-content\/uploads\/2019\/05\/logo.png","contentUrl":"https:\/\/evertonfc.cz\/wp-content\/uploads\/2019\/05\/logo.png","width":112,"height":112,"caption":"Official Czech & Slovak Everton Supporters' Club"},"image":{"@id":"https:\/\/evertonfc.cz\/#\/schema\/logo\/image\/"},"sameAs":["https:\/\/www.facebook.com\/everton.fans.cz.sk"]},{"@type":"Person","@id":"https:\/\/evertonfc.cz\/#\/schema\/person\/cd6328a75577de2add7793fd4b0930c3","name":"Me\u0148a","url":"https:\/\/evertonfc.cz\/index.php\/author\/mena\/"}]}},"_links":{"self":[{"href":"https:\/\/evertonfc.cz\/index.php\/wp-json\/wp\/v2\/posts\/6016"}],"collection":[{"href":"https:\/\/evertonfc.cz\/index.php\/wp-json\/wp\/v2\/posts"}],"about":[{"href":"https:\/\/evertonfc.cz\/index.php\/wp-json\/wp\/v2\/types\/post"}],"author":[{"embeddable":true,"href":"https:\/\/evertonfc.cz\/index.php\/wp-json\/wp\/v2\/users\/7"}],"replies":[{"embeddable":true,"href":"https:\/\/evertonfc.cz\/index.php\/wp-json\/wp\/v2\/comments?post=6016"}],"version-history":[{"count":3,"href":"https:\/\/evertonfc.cz\/index.php\/wp-json\/wp\/v2\/posts\/6016\/revisions"}],"predecessor-version":[{"id":15112,"href":"https:\/\/evertonfc.cz\/index.php\/wp-json\/wp\/v2\/posts\/6016\/revisions\/15112"}],"wp:featuredmedia":[{"embeddable":true,"href":"https:\/\/evertonfc.cz\/index.php\/wp-json\/wp\/v2\/media\/15084"}],"wp:attachment":[{"href":"https:\/\/evertonfc.cz\/index.php\/wp-json\/wp\/v2\/media?parent=6016"}],"wp:term":[{"taxonomy":"category","embeddable":true,"href":"https:\/\/evertonfc.cz\/index.php\/wp-json\/wp\/v2\/categories?post=6016"},{"taxonomy":"post_tag","embeddable":true,"href":"https:\/\/evertonfc.cz\/index.php\/wp-json\/wp\/v2\/tags?post=6016"}],"curies":[{"name":"wp","href":"https:\/\/api.w.org\/{rel}","templated":true}]}}