{"id":6018,"date":"2011-12-10T19:19:24","date_gmt":"2011-12-10T18:19:24","guid":{"rendered":"http:\/\/evertonfc.cz\/?p=6018"},"modified":"2019-02-16T19:22:13","modified_gmt":"2019-02-16T18:22:13","slug":"arsenal-everton-10","status":"publish","type":"post","link":"https:\/\/evertonfc.cz\/index.php\/2011\/12\/10\/arsenal-everton-10\/","title":{"rendered":"Arsenal &#8211; Everton 1:0"},"content":{"rendered":"<h4>Everton se po ned\u00e1vn\u00e9m z\u00e1blesku nad\u011bje znovu ocit\u00e1 na \u0161patn\u00e9 vln\u011b. Z Emirates Stadium si odvezl t\u011bsnou, nicm\u00e9n\u011b zaslou\u017eenou por\u00e1\u017eku.<\/h4>\n<p>P\u0159edz\u00e1pasov\u00fdm vyhl\u00eddk\u00e1m Toffees ur\u010dit\u011b neprosp\u011bly zpr\u00e1vy z marodky. Mimo hru se ocitli Jack Rodwell s Leonem Osmanem a do kupy se je\u0161t\u011b nestihl d\u00e1t ani Royston Drenthe. David Moyes tedy v z\u00e1loze zvolil opatrn\u011bj\u0161\u00ed, ale nep\u0159ekvapivou mo\u017enost, kterou byl Phil Neville.<\/p>\n<p>Prvn\u00ed \u0161ance p\u0159i\u0161ly po o\u0165uk\u00e1vac\u00ed \u00favodn\u00ed desetiminutovce a Everton se m\u011bl co ot\u00e1\u010det. Nejprve uvolnil Arteta kolmic\u00ed Walcotta, kter\u00fd se s\u00e1m \u0159\u00edtil na Howarda. Arsenalsk\u00fd rychl\u00edk v\u0161ak m\u00ed\u010d je\u0161t\u011b p\u0159edlo\u017eil dob\u00edhaj\u00edc\u00edmu Gervinhovi, jen\u017ee tomu pr\u00e1ci v\u010dasn\u00fdm z\u00e1sahem zt\u00ed\u017eil Tony Hibbert, a tak si mohli Blues poprv\u00e9 oddychnout. Ov\u0161em ne na dlouho. V podobn\u00e9 pozici se o chv\u00edli pozd\u011bji ocitl Van Persie, kter\u00e9mu v\u0161ak je\u0161t\u011b p\u0159edt\u00edm ne\u017e obe\u0161el Howarda, byl odp\u00edsk\u00e1n t\u011bsn\u00fd ofsajd.<\/p>\n<p>Everton se v ofenzivn\u00ed f\u00e1zi neprosazoval, zato Gunners vym\u00fd\u0161leli akci za akc\u00ed. Na konci t\u00e9 dal\u0161\u00ed byl Aaron Ramsey, p\u0159ed kter\u00fdm se op\u011bt zjevil osamocen\u00fd Howard. Z\u00e1lo\u017en\u00edk v\u0161ak nezakon\u010doval tv\u00e1\u0159\u00ed v tv\u00e1\u0159, n\u00fdbr\u017e z oto\u010dky a jeho pokus jen o p\u00e1r centimetr\u016f p\u0159elet\u011bl b\u0159evno. A aby vylo\u017een\u00fdch \u0161anc\u00ed Gunners nebylo m\u00e1lo, je\u0161t\u011b v jedn\u00e9 se objevil Gervinho, proti kter\u00e9mu se americk\u00fd brank\u00e1\u0159 bl\u00fdskl p\u011bkn\u00fdm z\u00e1krokem.<\/p>\n<p>Do druh\u00e9 p\u016fle vstoupili Kanon\u00fd\u0159i znateln\u011b pomalej\u0161\u00edm tempem, nev\u00fdrazn\u00fd Everton ov\u0161em st\u00e1le p\u0159evy\u0161ovali. A\u017e po hodin\u011b hry se pohledn\u011b sv\u00e9pomoc\u00ed uvolnil Walcott a ze solidn\u00ed pozice otestoval Howarda. Na druh\u00e9 stran\u011b pak v ojedin\u011bl\u00e9 \u0161anci host\u00ed odvracel p\u0159ed Cahillem nebezpe\u010d\u00ed Vermaelen. O chv\u00edli pozd\u011bji tak\u00e9 p\u0159i\u0161la dosud nejnad\u011bjn\u011bj\u0161\u00ed p\u0159\u00edle\u017eitost Blues, kdy\u017e z hranice v\u00e1pna st\u0159\u00edlel jen t\u011bsn\u011b nad Neville.<\/p>\n<p>\u010cas Arsenalu nade\u0161el v 70. minut\u011b. Milimetrov\u00fd Song\u016fv centr za obranu na\u0161el Robina van Persieho, kter\u00fd se do m\u00ed\u010de op\u0159el z voleje a um\u00edstil jej n\u00e1dhern\u011b ke vzd\u00e1len\u011bj\u0161\u00ed ty\u010di. Moyes odpov\u011bd\u011bl ne\u010dekan\u00fdm, ov\u0161em zaj\u00edmav\u00fdm st\u0159\u00edd\u00e1n\u00edm. Na tr\u00e1vn\u00edk krom Magaye Gueyeho vyslal debutanta Conora McAlenyho.<\/p>\n<p>A pr\u00e1v\u011b spolupr\u00e1ce dvou mlad\u00ed\u010dk\u016f mohlo n\u00e9st ovoce, francouzsk\u00fd z\u00e1lo\u017en\u00edk v\u0161ak vyst\u0159elil vedle. Velkou \u0161anci k vyrovn\u00e1n\u00ed si v\u0161ak Toffees schovali a\u017e do nastaven\u00ed, kdy se McAleny ocitl jen centimetry od snov\u00e9ho g\u00f3lu &#8211; jeho kr\u00e1sn\u011b trefen\u00e1 half-volej zapadla kous\u00ed\u010dek vedle ty\u010de. To u\u017e nicm\u00e9n\u011b bylo z reperto\u00e1ru Evertonu v\u0161e. Posledn\u00ed dva z\u00e1pasy tak p\u0159inesly nulovou g\u00f3lovou produktivitu, je tedy z\u0159ejm\u00e9, \u017ee p\u0159ed dv\u011bma nadch\u00e1zej\u00edc\u00edmi kl\u00ed\u010dov\u00fdmi dom\u00e1c\u00edmi z\u00e1pasy s Norwichem a Swansea, m\u00e1 Moyes a spol. o \u010dem p\u0159em\u00fd\u0161let.<\/p>\n<p><strong>Arsenal:<\/strong>\u00a0Szczesny, Mertesacker, Vermaelen (82. Miquel), Koscileny, Djourou, Arteta, Walcott (89. Frimpong), Ramsey, Song, Van Persie, Gervinho (83. Rosick\u00fd)<\/p>\n<p><strong>Everton:<\/strong>\u00a0Howard, Hibbert, Jagielka, Heitinga, Baines (76. McAleny), Coleman, Bilyaletdinov (76. Gueye), Cahill, Fellaini, Saha (64. Distin)<\/p>\n<p><strong>Hodnocen\u00ed hr\u00e1\u010d\u016f:\u00a0<\/strong>Howard 7, Hibbert 7, Jagielka 6, Heitinga 6, Baines 6, Coleman 6, Bilyaletdinov 5, Cahill 4, Saha 4, Distin 7, Gueye 7, McAleny 7<\/p>\n<p><strong>G\u00f3l:\u00a0<\/strong>70. Van Persie<\/p>\n<p><strong>\u017dlut\u00e9 karty:<\/strong>\u00a0Arteta, Ramsey &#8211; Coleman, Distin<\/p>\n<p><strong>Dr\u017een\u00ed m\u00ed\u010de:<\/strong>\u00a054% &#8211; 46%<\/p>\n<p><strong>St\u0159ely na br\u00e1nu:<\/strong>\u00a07 &#8211; 1<\/p>\n<p><strong>St\u0159ely mimo br\u00e1nu:\u00a0<\/strong>5 &#8211; 6<\/p>\n<p><strong>Rohov\u00e9 kopy:<\/strong>\u00a07 &#8211; 4<\/p>\n","protected":false},"excerpt":{"rendered":"<p>Everton se po ned\u00e1vn\u00e9m z\u00e1blesku nad\u011bje znovu ocit\u00e1 na \u0161patn\u00e9 vln\u011b. Z Emirates Stadium si odvezl t\u011bsnou, nicm\u00e9n\u011b zaslou\u017eenou por\u00e1\u017eku.&hellip;<\/p>\n","protected":false},"author":7,"featured_media":1315,"comment_status":"open","ping_status":"closed","sticky":false,"template":"","format":"standard","meta":{"_eb_attr":"","_monsterinsights_skip_tracking":false,"_monsterinsights_sitenote_active":false,"_monsterinsights_sitenote_note":"","_monsterinsights_sitenote_category":0,"footnotes":""},"categories":[4],"tags":[],"yoast_head":"<!-- This site is optimized with the Yoast SEO plugin v23.4 - https:\/\/yoast.com\/wordpress\/plugins\/seo\/ -->\n<title>Arsenal - Everton 1:0 - Official Czech &amp; Slovak Everton Supporters&#039; Club<\/title>\n<meta name=\"robots\" content=\"index, follow, max-snippet:-1, max-image-preview:large, max-video-preview:-1\" \/>\n<link rel=\"canonical\" href=\"https:\/\/evertonfc.cz\/index.php\/2011\/12\/10\/arsenal-everton-10\/\" \/>\n<meta property=\"og:locale\" content=\"cs_CZ\" \/>\n<meta property=\"og:type\" content=\"article\" \/>\n<meta property=\"og:title\" content=\"Arsenal - Everton 1:0 - Official Czech &amp; Slovak Everton Supporters&#039; Club\" \/>\n<meta property=\"og:description\" content=\"Everton se po ned\u00e1vn\u00e9m z\u00e1blesku nad\u011bje znovu ocit\u00e1 na \u0161patn\u00e9 vln\u011b. Z Emirates Stadium si odvezl t\u011bsnou, nicm\u00e9n\u011b zaslou\u017eenou por\u00e1\u017eku.&hellip;\" \/>\n<meta property=\"og:url\" content=\"https:\/\/evertonfc.cz\/index.php\/2011\/12\/10\/arsenal-everton-10\/\" \/>\n<meta property=\"og:site_name\" content=\"Official Czech &amp; Slovak Everton Supporters&#039; Club\" \/>\n<meta property=\"article:publisher\" content=\"https:\/\/www.facebook.com\/everton.fans.cz.sk\" \/>\n<meta property=\"article:published_time\" content=\"2011-12-10T18:19:24+00:00\" \/>\n<meta property=\"article:modified_time\" content=\"2019-02-16T18:22:13+00:00\" \/>\n<meta property=\"og:image\" content=\"https:\/\/evertonfc.cz\/wp-content\/uploads\/2019\/01\/report.jpg\" \/>\n\t<meta property=\"og:image:width\" content=\"720\" \/>\n\t<meta property=\"og:image:height\" content=\"405\" \/>\n\t<meta property=\"og:image:type\" content=\"image\/jpeg\" \/>\n<meta name=\"author\" content=\"Me\u0148a\" \/>\n<meta name=\"twitter:card\" content=\"summary_large_image\" \/>\n<meta name=\"twitter:label1\" content=\"Napsal(a)\" \/>\n\t<meta name=\"twitter:data1\" content=\"Me\u0148a\" \/>\n\t<meta name=\"twitter:label2\" content=\"Odhadovan\u00e1 doba \u010dten\u00ed\" \/>\n\t<meta name=\"twitter:data2\" content=\"3 minuty\" \/>\n<script type=\"application\/ld+json\" class=\"yoast-schema-graph\">{\"@context\":\"https:\/\/schema.org\",\"@graph\":[{\"@type\":\"Article\",\"@id\":\"https:\/\/evertonfc.cz\/index.php\/2011\/12\/10\/arsenal-everton-10\/#article\",\"isPartOf\":{\"@id\":\"https:\/\/evertonfc.cz\/index.php\/2011\/12\/10\/arsenal-everton-10\/\"},\"author\":{\"name\":\"Me\u0148a\",\"@id\":\"https:\/\/evertonfc.cz\/#\/schema\/person\/cd6328a75577de2add7793fd4b0930c3\"},\"headline\":\"Arsenal &#8211; Everton 1:0\",\"datePublished\":\"2011-12-10T18:19:24+00:00\",\"dateModified\":\"2019-02-16T18:22:13+00:00\",\"mainEntityOfPage\":{\"@id\":\"https:\/\/evertonfc.cz\/index.php\/2011\/12\/10\/arsenal-everton-10\/\"},\"wordCount\":616,\"commentCount\":0,\"publisher\":{\"@id\":\"https:\/\/evertonfc.cz\/#organization\"},\"image\":{\"@id\":\"https:\/\/evertonfc.cz\/index.php\/2011\/12\/10\/arsenal-everton-10\/#primaryimage\"},\"thumbnailUrl\":\"https:\/\/evertonfc.cz\/wp-content\/uploads\/2019\/01\/report.jpg\",\"articleSection\":[\"Z\u00e1pasy\"],\"inLanguage\":\"cs\",\"potentialAction\":[{\"@type\":\"CommentAction\",\"name\":\"Comment\",\"target\":[\"https:\/\/evertonfc.cz\/index.php\/2011\/12\/10\/arsenal-everton-10\/#respond\"]}]},{\"@type\":\"WebPage\",\"@id\":\"https:\/\/evertonfc.cz\/index.php\/2011\/12\/10\/arsenal-everton-10\/\",\"url\":\"https:\/\/evertonfc.cz\/index.php\/2011\/12\/10\/arsenal-everton-10\/\",\"name\":\"Arsenal - Everton 1:0 - Official Czech &amp; Slovak Everton Supporters&#039; Club\",\"isPartOf\":{\"@id\":\"https:\/\/evertonfc.cz\/#website\"},\"primaryImageOfPage\":{\"@id\":\"https:\/\/evertonfc.cz\/index.php\/2011\/12\/10\/arsenal-everton-10\/#primaryimage\"},\"image\":{\"@id\":\"https:\/\/evertonfc.cz\/index.php\/2011\/12\/10\/arsenal-everton-10\/#primaryimage\"},\"thumbnailUrl\":\"https:\/\/evertonfc.cz\/wp-content\/uploads\/2019\/01\/report.jpg\",\"datePublished\":\"2011-12-10T18:19:24+00:00\",\"dateModified\":\"2019-02-16T18:22:13+00:00\",\"breadcrumb\":{\"@id\":\"https:\/\/evertonfc.cz\/index.php\/2011\/12\/10\/arsenal-everton-10\/#breadcrumb\"},\"inLanguage\":\"cs\",\"potentialAction\":[{\"@type\":\"ReadAction\",\"target\":[\"https:\/\/evertonfc.cz\/index.php\/2011\/12\/10\/arsenal-everton-10\/\"]}]},{\"@type\":\"ImageObject\",\"inLanguage\":\"cs\",\"@id\":\"https:\/\/evertonfc.cz\/index.php\/2011\/12\/10\/arsenal-everton-10\/#primaryimage\",\"url\":\"https:\/\/evertonfc.cz\/wp-content\/uploads\/2019\/01\/report.jpg\",\"contentUrl\":\"https:\/\/evertonfc.cz\/wp-content\/uploads\/2019\/01\/report.jpg\",\"width\":720,\"height\":405},{\"@type\":\"BreadcrumbList\",\"@id\":\"https:\/\/evertonfc.cz\/index.php\/2011\/12\/10\/arsenal-everton-10\/#breadcrumb\",\"itemListElement\":[{\"@type\":\"ListItem\",\"position\":1,\"name\":\"Home\",\"item\":\"https:\/\/evertonfc.cz\/\"},{\"@type\":\"ListItem\",\"position\":2,\"name\":\"Arsenal &#8211; Everton 1:0\"}]},{\"@type\":\"WebSite\",\"@id\":\"https:\/\/evertonfc.cz\/#website\",\"url\":\"https:\/\/evertonfc.cz\/\",\"name\":\"Official Czech &amp; Slovak Everton Supporters&#039; Club\",\"description\":\"\",\"publisher\":{\"@id\":\"https:\/\/evertonfc.cz\/#organization\"},\"potentialAction\":[{\"@type\":\"SearchAction\",\"target\":{\"@type\":\"EntryPoint\",\"urlTemplate\":\"https:\/\/evertonfc.cz\/?s={search_term_string}\"},\"query-input\":{\"@type\":\"PropertyValueSpecification\",\"valueRequired\":true,\"valueName\":\"search_term_string\"}}],\"inLanguage\":\"cs\"},{\"@type\":\"Organization\",\"@id\":\"https:\/\/evertonfc.cz\/#organization\",\"name\":\"Official Czech & Slovak Everton Supporters' Club\",\"url\":\"https:\/\/evertonfc.cz\/\",\"logo\":{\"@type\":\"ImageObject\",\"inLanguage\":\"cs\",\"@id\":\"https:\/\/evertonfc.cz\/#\/schema\/logo\/image\/\",\"url\":\"https:\/\/evertonfc.cz\/wp-content\/uploads\/2019\/05\/logo.png\",\"contentUrl\":\"https:\/\/evertonfc.cz\/wp-content\/uploads\/2019\/05\/logo.png\",\"width\":112,\"height\":112,\"caption\":\"Official Czech & Slovak Everton Supporters' Club\"},\"image\":{\"@id\":\"https:\/\/evertonfc.cz\/#\/schema\/logo\/image\/\"},\"sameAs\":[\"https:\/\/www.facebook.com\/everton.fans.cz.sk\"]},{\"@type\":\"Person\",\"@id\":\"https:\/\/evertonfc.cz\/#\/schema\/person\/cd6328a75577de2add7793fd4b0930c3\",\"name\":\"Me\u0148a\",\"url\":\"https:\/\/evertonfc.cz\/index.php\/author\/mena\/\"}]}<\/script>\n<!-- \/ Yoast SEO plugin. -->","yoast_head_json":{"title":"Arsenal - Everton 1:0 - Official Czech &amp; Slovak Everton Supporters&#039; Club","robots":{"index":"index","follow":"follow","max-snippet":"max-snippet:-1","max-image-preview":"max-image-preview:large","max-video-preview":"max-video-preview:-1"},"canonical":"https:\/\/evertonfc.cz\/index.php\/2011\/12\/10\/arsenal-everton-10\/","og_locale":"cs_CZ","og_type":"article","og_title":"Arsenal - Everton 1:0 - Official Czech &amp; Slovak Everton Supporters&#039; Club","og_description":"Everton se po ned\u00e1vn\u00e9m z\u00e1blesku nad\u011bje znovu ocit\u00e1 na \u0161patn\u00e9 vln\u011b. Z Emirates Stadium si odvezl t\u011bsnou, nicm\u00e9n\u011b zaslou\u017eenou por\u00e1\u017eku.&hellip;","og_url":"https:\/\/evertonfc.cz\/index.php\/2011\/12\/10\/arsenal-everton-10\/","og_site_name":"Official Czech &amp; Slovak Everton Supporters&#039; Club","article_publisher":"https:\/\/www.facebook.com\/everton.fans.cz.sk","article_published_time":"2011-12-10T18:19:24+00:00","article_modified_time":"2019-02-16T18:22:13+00:00","og_image":[{"width":720,"height":405,"url":"https:\/\/evertonfc.cz\/wp-content\/uploads\/2019\/01\/report.jpg","type":"image\/jpeg"}],"author":"Me\u0148a","twitter_card":"summary_large_image","twitter_misc":{"Napsal(a)":"Me\u0148a","Odhadovan\u00e1 doba \u010dten\u00ed":"3 minuty"},"schema":{"@context":"https:\/\/schema.org","@graph":[{"@type":"Article","@id":"https:\/\/evertonfc.cz\/index.php\/2011\/12\/10\/arsenal-everton-10\/#article","isPartOf":{"@id":"https:\/\/evertonfc.cz\/index.php\/2011\/12\/10\/arsenal-everton-10\/"},"author":{"name":"Me\u0148a","@id":"https:\/\/evertonfc.cz\/#\/schema\/person\/cd6328a75577de2add7793fd4b0930c3"},"headline":"Arsenal &#8211; Everton 1:0","datePublished":"2011-12-10T18:19:24+00:00","dateModified":"2019-02-16T18:22:13+00:00","mainEntityOfPage":{"@id":"https:\/\/evertonfc.cz\/index.php\/2011\/12\/10\/arsenal-everton-10\/"},"wordCount":616,"commentCount":0,"publisher":{"@id":"https:\/\/evertonfc.cz\/#organization"},"image":{"@id":"https:\/\/evertonfc.cz\/index.php\/2011\/12\/10\/arsenal-everton-10\/#primaryimage"},"thumbnailUrl":"https:\/\/evertonfc.cz\/wp-content\/uploads\/2019\/01\/report.jpg","articleSection":["Z\u00e1pasy"],"inLanguage":"cs","potentialAction":[{"@type":"CommentAction","name":"Comment","target":["https:\/\/evertonfc.cz\/index.php\/2011\/12\/10\/arsenal-everton-10\/#respond"]}]},{"@type":"WebPage","@id":"https:\/\/evertonfc.cz\/index.php\/2011\/12\/10\/arsenal-everton-10\/","url":"https:\/\/evertonfc.cz\/index.php\/2011\/12\/10\/arsenal-everton-10\/","name":"Arsenal - Everton 1:0 - Official Czech &amp; Slovak Everton Supporters&#039; Club","isPartOf":{"@id":"https:\/\/evertonfc.cz\/#website"},"primaryImageOfPage":{"@id":"https:\/\/evertonfc.cz\/index.php\/2011\/12\/10\/arsenal-everton-10\/#primaryimage"},"image":{"@id":"https:\/\/evertonfc.cz\/index.php\/2011\/12\/10\/arsenal-everton-10\/#primaryimage"},"thumbnailUrl":"https:\/\/evertonfc.cz\/wp-content\/uploads\/2019\/01\/report.jpg","datePublished":"2011-12-10T18:19:24+00:00","dateModified":"2019-02-16T18:22:13+00:00","breadcrumb":{"@id":"https:\/\/evertonfc.cz\/index.php\/2011\/12\/10\/arsenal-everton-10\/#breadcrumb"},"inLanguage":"cs","potentialAction":[{"@type":"ReadAction","target":["https:\/\/evertonfc.cz\/index.php\/2011\/12\/10\/arsenal-everton-10\/"]}]},{"@type":"ImageObject","inLanguage":"cs","@id":"https:\/\/evertonfc.cz\/index.php\/2011\/12\/10\/arsenal-everton-10\/#primaryimage","url":"https:\/\/evertonfc.cz\/wp-content\/uploads\/2019\/01\/report.jpg","contentUrl":"https:\/\/evertonfc.cz\/wp-content\/uploads\/2019\/01\/report.jpg","width":720,"height":405},{"@type":"BreadcrumbList","@id":"https:\/\/evertonfc.cz\/index.php\/2011\/12\/10\/arsenal-everton-10\/#breadcrumb","itemListElement":[{"@type":"ListItem","position":1,"name":"Home","item":"https:\/\/evertonfc.cz\/"},{"@type":"ListItem","position":2,"name":"Arsenal &#8211; Everton 1:0"}]},{"@type":"WebSite","@id":"https:\/\/evertonfc.cz\/#website","url":"https:\/\/evertonfc.cz\/","name":"Official Czech &amp; Slovak Everton Supporters&#039; Club","description":"","publisher":{"@id":"https:\/\/evertonfc.cz\/#organization"},"potentialAction":[{"@type":"SearchAction","target":{"@type":"EntryPoint","urlTemplate":"https:\/\/evertonfc.cz\/?s={search_term_string}"},"query-input":{"@type":"PropertyValueSpecification","valueRequired":true,"valueName":"search_term_string"}}],"inLanguage":"cs"},{"@type":"Organization","@id":"https:\/\/evertonfc.cz\/#organization","name":"Official Czech & Slovak Everton Supporters' Club","url":"https:\/\/evertonfc.cz\/","logo":{"@type":"ImageObject","inLanguage":"cs","@id":"https:\/\/evertonfc.cz\/#\/schema\/logo\/image\/","url":"https:\/\/evertonfc.cz\/wp-content\/uploads\/2019\/05\/logo.png","contentUrl":"https:\/\/evertonfc.cz\/wp-content\/uploads\/2019\/05\/logo.png","width":112,"height":112,"caption":"Official Czech & Slovak Everton Supporters' Club"},"image":{"@id":"https:\/\/evertonfc.cz\/#\/schema\/logo\/image\/"},"sameAs":["https:\/\/www.facebook.com\/everton.fans.cz.sk"]},{"@type":"Person","@id":"https:\/\/evertonfc.cz\/#\/schema\/person\/cd6328a75577de2add7793fd4b0930c3","name":"Me\u0148a","url":"https:\/\/evertonfc.cz\/index.php\/author\/mena\/"}]}},"_links":{"self":[{"href":"https:\/\/evertonfc.cz\/index.php\/wp-json\/wp\/v2\/posts\/6018"}],"collection":[{"href":"https:\/\/evertonfc.cz\/index.php\/wp-json\/wp\/v2\/posts"}],"about":[{"href":"https:\/\/evertonfc.cz\/index.php\/wp-json\/wp\/v2\/types\/post"}],"author":[{"embeddable":true,"href":"https:\/\/evertonfc.cz\/index.php\/wp-json\/wp\/v2\/users\/7"}],"replies":[{"embeddable":true,"href":"https:\/\/evertonfc.cz\/index.php\/wp-json\/wp\/v2\/comments?post=6018"}],"version-history":[{"count":1,"href":"https:\/\/evertonfc.cz\/index.php\/wp-json\/wp\/v2\/posts\/6018\/revisions"}],"predecessor-version":[{"id":6019,"href":"https:\/\/evertonfc.cz\/index.php\/wp-json\/wp\/v2\/posts\/6018\/revisions\/6019"}],"wp:featuredmedia":[{"embeddable":true,"href":"https:\/\/evertonfc.cz\/index.php\/wp-json\/wp\/v2\/media\/1315"}],"wp:attachment":[{"href":"https:\/\/evertonfc.cz\/index.php\/wp-json\/wp\/v2\/media?parent=6018"}],"wp:term":[{"taxonomy":"category","embeddable":true,"href":"https:\/\/evertonfc.cz\/index.php\/wp-json\/wp\/v2\/categories?post=6018"},{"taxonomy":"post_tag","embeddable":true,"href":"https:\/\/evertonfc.cz\/index.php\/wp-json\/wp\/v2\/tags?post=6018"}],"curies":[{"name":"wp","href":"https:\/\/api.w.org\/{rel}","templated":true}]}}