{"id":6054,"date":"2012-01-06T20:06:40","date_gmt":"2012-01-06T19:06:40","guid":{"rendered":"http:\/\/evertonfc.cz\/?p=6054"},"modified":"2019-02-16T20:08:57","modified_gmt":"2019-02-16T19:08:57","slug":"preview-everton-tamworth","status":"publish","type":"post","link":"https:\/\/evertonfc.cz\/index.php\/2012\/01\/06\/preview-everton-tamworth\/","title":{"rendered":"Preview: Everton &#8211; Tamworth"},"content":{"rendered":"<h4>\u0158\u00edk\u00e1 se, \u017ee \u00favodn\u00ed kola FA Cupu b\u00fdvaj\u00ed nejzr\u00e1dn\u011bj\u0161\u00ed a pr\u00e1v\u011b jednoho takov\u00e9ho kandid\u00e1ta, kter\u00fd tou\u017e\u00ed p\u0159ekvapit celou Anglii, p\u0159iv\u00edt\u00e1 v sobotu Everton.<\/h4>\n<p>Mo\u017en\u00e1 posledn\u00ed zb\u00fdvaj\u00edc\u00ed fotbalov\u00e1 sout\u011b\u017e, kter\u00e1 si i p\u0159es ve\u0161ker\u00e9 n\u00e1strahy modern\u00ed doby dok\u00e1zala udr\u017eet v\u0161echny svoje charakteristick\u00e9 rysy od tradic t\u0159eba a\u017e k nevyzpytatlenosti on\u011bch kouzeln\u00fdch z\u00e1pas\u016f, je tu. Samotn\u00fd FA Cup za\u010dal pro ty nejmen\u0161\u00ed trpasl\u00edky na fotbalov\u00e9 map\u011b Anglie ji\u017e v letn\u00edch m\u011bs\u00edc\u00edch, mraziv\u00fd leden je pak m\u011bs\u00edcem M, kdy do boj\u016f o presti\u017en\u00ed trofej vstupuj\u00ed jm\u00e9na vzbuzuj\u00edc\u00ed respekt.<\/p>\n<p>Do lo\u0148sk\u00e9ho FA Cupu vykro\u010dil Everton duelem na h\u0159i\u0161ti Scunthorpe United a z\u00e1pas p\u0159inesl p\u0159\u00edjemnou zm\u011bnu. St\u0159elecky tr\u00e1p\u00edc\u00ed se t\u00fdm smetl Irons p\u011bti g\u00f3ly. Co by to ale bylo za sezonu, aby se Toffees v jednom z poh\u00e1r\u016f do cesty d\u0159\u00edve nebo pozd\u011bji nepostavila Chelsea. Ve \u010dtvrt\u00e9m kole se muselo rozhodovat a\u017e v odvet\u011b na Stamford Bridge, kter\u00e1 d\u00edky vyrovn\u00e1vac\u00edmu g\u00f3lu z konce prodlou\u017een\u00ed a v\u00edt\u011bzn\u00fdm penalt\u00e1m, p\u0159inesla mo\u017en\u00e1 nejlep\u0161\u00ed okam\u017eiky lo\u0148sk\u00e9 sezony. No a p\u00e1t\u00e9 kolo znamenalo kone\u010dnou a tak\u00e9 potvrzen\u00ed schopnosti Evertonu prohr\u00e1t s k\u00fdmkoliv. Na Goodison Parku se Blues nechali p\u0159ehr\u00e1t Readingem a nad\u011bjn\u011b rozehran\u00fd poh\u00e1r skon\u010dil ostudou.<\/p>\n<p>Tamworth, hraj\u00edc\u00ed Blue Square Bet Premier Conference National, se pochopiteln\u011b v Anglick\u00e9m poh\u00e1ru v\u011bt\u0161inou dlouho neoh\u0159eje, posledn\u00ed roky v\u0161ak p\u0159inesly viditeln\u00e9 zlep\u0161en\u00ed. Do t\u0159et\u00edho kola se letos Lambs probojovali ji\u017e pot\u0159et\u00ed b\u011bhem sedmi let, p\u0159i\u010dem\u017e naposled se tak stalo v roce 2007, kdy se setkali s Norwichem a je\u0161t\u011b o rok d\u0159\u00edve se pod\u00edvali na Britannia Stadium tehdy je\u0161t\u011b druholigov\u00e9ho Stoke City, kde p\u0159ed prohranou dom\u00e1c\u00ed odvetou na penalty, dokonce dok\u00e1zali remizovat. Loni Tamworth ztroskotal ve druh\u00e9m kvalifika\u010dn\u00edm kole, kdy\u017e nesta\u010dil na Carlisle United. Letos pak Lambs v cest\u011b na Goodison p\u0159e\u0161li p\u0159es Hinckley, Gateshead a King&#8217;s Lynn Town.<\/p>\n<p>Na mali\u010dk\u00fd klub ze Staffordshire v\u0161ak nyn\u00ed \u010dek\u00e1 jeden z nejv\u011bt\u0161\u00edch dn\u016f jejich historie. Proti klubu z Premier League si Lambs je\u0161t\u011b nikdy nezahr\u00e1li a mo\u017en\u00e1 na prstech jedn\u00e9 ruky by se dala spo\u010d\u00edtat p\u0159edchoz\u00ed st\u0159etnut\u00ed s celky, reprezentuj\u00edc\u00edmi elitn\u00ed sout\u011b\u017e.<\/p>\n<p><em>\u201eFA Cup m\u00e1 obrovskou historii. Nevybav\u00edm si \u017e\u00e1dnou jinou sout\u011b\u017e, kter\u00e1 m\u00e1 kolem sebe takov\u00e9 kouzlo,\u201c<\/em>\u00a0\u0159\u00edk\u00e1 mana\u017eer aktu\u00e1ln\u011b \u010dtrn\u00e1ct\u00e9ho t\u00fdmu Conference, Marcus Law.<em>\u00a0\u201eV sobotu budeme sou\u010d\u00e1st\u00ed i my a je to fantastick\u00fd \u00fasp\u011bch. A\u0165 u\u017e bude v\u00fdsledek jak\u00fdkoliv, hr\u00e1\u010di vejdou do historie jako ti, kte\u0159\u00ed dos\u00e1hli t\u0159et\u00edho kola FA Cupu na Goodison Parku, Everton proti Tamworthu a to je neuv\u011b\u0159iteln\u00fd pocit. Hr\u00e1\u010di snili o tom zahr\u00e1t si proti prvoligov\u00e9mu t\u00fdmu, na prvoligov\u00e9m h\u0159i\u0161ti, p\u0159ed prvoligov\u00fdm publikem a koncem t\u00fddne se jim to spln\u00ed.\u201c<\/em><\/p>\n<p>Utk\u00e1n\u00ed netrp\u011bliv\u011b vyhl\u00ed\u017e\u00ed i klubov\u00fd funkcion\u00e1\u0159 Rod Hadley, jedin\u00fd zam\u011bstanec klubu na pln\u00fd \u00favazek, jeho\u017e rozpis pr\u00e1ce nem\u00e1 nic spole\u010dn\u00e9ho s hern\u00ed str\u00e1nkou v\u011bci. Podle n\u011bj Tamworth p\u0159\u00edpravy na velk\u00fd z\u00e1pas zvl\u00e1dl na jedni\u010dku.\u00a0<em>\u201eDouf\u00e1m, \u017ee Everton v\u00ed, \u017ee tady se nebav\u00edme o hospodsk\u00e9m t\u00fdmu. V\u011bci tu d\u011bl\u00e1me po\u0159\u00e1dn\u011b,\u201c\u00a0<\/em>tvrd\u00ed Hadley.<em>\u00a0\u201ePo losu byli v\u0161ichni &#8211; hr\u00e1\u010di, tren\u00e9\u0159i, person\u00e1l, \u010dlenov\u00e9 veden\u00ed a fanou\u0161ci &#8211; v klubovn\u011b a cel\u00e9 m\u00edsto vybuchlo nad\u0161en\u00edm. Znamenalo to hodn\u011b pr\u00e1ce, ale m\u00e1me organiza\u010dn\u00ed schopnosti, d\u00edky kter\u00fdm jsme si s t\u00edm poradili.\u201c<\/em><\/p>\n<p><em>\u201eEverton je rozhodn\u011b po t\u00e9hle str\u00e1nce mil\u00fd klub. Nejsou to \u017e\u00e1dn\u00ed nafoukanci, jak byste od n\u011bkter\u00fdch t\u00fdm\u016f z Premier League o\u010dek\u00e1vali. My sami jsme skromn\u00ed. V na\u0161\u00ed lize jsou hr\u00e1\u010di, kte\u0159\u00ed si t\u00fddn\u011b vyd\u011bl\u00e1vaj\u00ed \u010dty\u0159m\u00edstn\u00e9 \u010d\u00e1stky, ale to u n\u00e1s neplat\u00ed. M\u00e1me \u0161t\u011bst\u00ed, \u017ee m\u00e1me takov\u00e9ho chairmana, jako Boba Andrewse. Pokud je tu deficit, v\u017edycky si s n\u00edm porad\u00ed. V posledn\u00edch letech se n\u00e1m da\u0159\u00ed.\u201c<\/em><\/p>\n<p>Hadley nezapomn\u011bl ani na p\u0159\u00edpadnou mo\u017enost odvety na Lamb Ground.\u00a0<em>&#8222;O\u010dek\u00e1v\u00e1m, \u017ee odveta by byla vys\u00edl\u00e1na v televizi a report\u00e9\u0159i by si cht\u011bli zabrat m\u00edsta okolo h\u0159i\u0161t\u011b. Mysl\u00edm, \u017ee stadion by mohlo naplnit 3800 div\u00e1k\u016f, p\u0159i\u010dem\u017e Everton by dostal 800 l\u00edstk\u016f za br\u00e1nou. Budeme p\u0159ipraveni pokud na Goodisonu remizujeme, ve fotbale nikdy nev\u00edte. Vstupenky by byly vytisknuty v ned\u011bli r\u00e1no a p\u0159edpokl\u00e1d\u00e1m, \u017ee u\u017e ve dv\u011b hodiny odpoledne by bylo vyprod\u00e1no.\u201c<\/em><\/p>\n<p>Utk\u00e1n\u00ed v \u017e\u00e1dn\u00e9m p\u0159\u00edpad\u011b nepodce\u0148ovat a br\u00e1t jej jako ligov\u00fd z\u00e1pas, pak Evertonu rad\u00ed legend\u00e1rn\u00ed Kevin Ratcliffe. N\u011bkdej\u0161\u00ed obr\u00e1nce v\u00ed o \u010dem mluv\u00ed. V roce 1985 si s Toffees zahr\u00e1l v p\u00e1t\u00e9m kole proti neligov\u00e9mu Telfordu, kter\u00fd z Goodisonu odjel s prohrou 3-0.<\/p>\n<p><em>\u201eS Tefordem jsme hr\u00e1li u\u017e d\u00e1vno. Ale po\u0159\u00e1d plat\u00ed to, \u017ee jim nesm\u00edte d\u00e1t \u0161anci. Bude to t\u011bsn\u00e9, pro n\u011b to bude jako fin\u00e1le. Budou cht\u00edt zanechat dojem. Je zapot\u0159eb\u00ed nebrat z\u00e1pas na lehkou v\u00e1hu a v\u011bnovat mu stejnou pozornost jako z\u00e1pasu Premier League,\u00a0<\/em>\u0159\u00edk\u00e1 Ratcliffe, podle kter\u00e9ho je na \u010dase, aby se ostatn\u00ed t\u00fdmy znovu za\u010daly b\u00e1t jezdit na Goodison.<\/p>\n<p><em>\u201eNed\u00e1v\u00e1me dost g\u00f3l\u016f a nem\u00e1me dost dom\u00e1c\u00edch v\u00fdher. To mluv\u00ed za v\u0161echno. Mus\u00edme tohle h\u0159i\u0161t\u011b zase p\u0159em\u011bnit v pevnost, kterou v ned\u00e1vn\u00fdch letech byla. V minulosti, nejen kdy\u017e jsem hr\u00e1l j\u00e1, ale i pod Davidem Moyesem, tu byl pro ostatn\u00ed t\u00fdmy faktor strachu. I ty nejlep\u0161\u00ed t\u00fdmy sem jezd\u00ed nerady. Goodison Park je jeden z t\u011bch origin\u00e1ln\u00edch stadion\u016f, ze kter\u00e9ho se pevnost d\u00e1 vytvo\u0159it. Div\u00e1ci mohou b\u00fdt dvan\u00e1ct\u00fdm mu\u017eem, ale na opl\u00e1tku jim mus\u00edte n\u011bco d\u00e1t. Pak zase dostanete n\u011bco od nich, funguje to oboustrann\u011b.\u201c<\/em><\/p>\n<h4><strong>Tamworth FC<\/strong><\/h4>\n<p>Zhruba p\u011btasedmdes\u00e1titis\u00edcov\u00e9 m\u011bsto ze Staffordshire v kopan\u00e9 nejd\u0159\u00edve reprezentoval klub pod n\u00e1zvem Tamworth Castle FC, ten ale v roce 1933 zanikl. Bez klubu ale v Tamworthu dlouho nebyli. Je\u0161t\u011b ve stejn\u00e9m roce rozjel jist\u00fd m\u00edstn\u00ed obchodn\u00edk kampa\u0148, ta dala v\u011bci do pohybu a vedla ke zrodu Tamworth FC. T\u00fdm hr\u00e1l p\u016fvodn\u011b na pl\u00e1cku vedle jedn\u00e9 z m\u011bstsk\u00fdch hospod, ne\u017e se v roce 1934 p\u0159esunul na sou\u010dasn\u00fd Lamb Ground.<\/p>\n<p>Zpo\u010d\u00e1tku hr\u00e1l Tamworth v sout\u011b\u017ei zvan\u00e9 Birmingham Combination a pozd\u011bji se p\u0159idal k West Midlands League. Prvn\u00ed v\u00fdrazn\u00fd \u00fasp\u011bch p\u0159i\u0161el v \u0161edes\u00e1t\u00fdch letech. Lambs v sezon\u00e1ch 1963\/64 a 1965\/66 ve svoj\u00ed lize triumfovali a z\u00e1rove\u0148 se ve stejn\u00e9m desetilet\u00ed stali v\u00edt\u011bzi West Midlands Cupu, Birmingham Senior Cupu a Staffordshire Senior Cupu. Roku 1972 Tamworth postoupil do Southern League, i p\u0159esto v\u0161ak klesala n\u00e1v\u0161t\u011bvnost a d\u00e1valy o sob\u011b v\u011bd\u011bt i finan\u010dn\u00ed pot\u00ed\u017ee. Klub se nakonec vr\u00e1til do West Midlands League a v roce 1984 byl p\u0159evzat konsorciem m\u00edstn\u00edch obchodn\u00edk\u016f. O \u010dty\u0159i roky pozd\u011bji Tamworth vyhr\u00e1l ligu a byl zp\u011bt v Southern League.<\/p>\n<p>Velk\u00fd \u00fasp\u011bch za\u017eil Tamworth, ji\u017e pod taktovkou Grahama Smithe, v roce 1989, kdy\u017e ve fin\u00e1le FA Vase porazil Sudbury Town. Ve Wembley se sice remizovalo 1-1, odvetu hranou na London Road v Peterborough, v\u0161ak Lambs ovl\u00e1dli jednozna\u010dn\u011b 3-0. Po\u010d\u00e1tkem nov\u00e9ho tis\u00edcilet\u00ed nav\u00edc za\u010dali sahat po postupu do Conference National, kter\u00fd se jim po p\u0159edchoz\u00edm ne\u00fasp\u011b\u0161n\u00e9m pokusu poda\u0159il na konci sezony 2002\/03, kdy\u017e vyhr\u00e1li celou Southern League. Ve stejn\u00e9 sezon\u011b se Tamworth pod\u00edval i do fin\u00e1le FA Trophy, zisk doublu jim v\u0161ak odep\u0159ela prohra 1-2 s Burscough.<\/p>\n<p>V \u00fanoru 2006 Lambs zkompletovali mo\u017en\u00e1 nejpresti\u017en\u011bj\u0161\u00ed p\u0159estup ve sv\u00e9 historii, kter\u00fdm byl p\u0159\u00edchod b\u00fdval\u00e9ho z\u00e1lo\u017en\u00edka Arsenalu a anglick\u00e9 reprezentace, Paula Mersona. Dohoda v\u0161ak trvala jen do konce sezony a v\u011bt\u0161ina platu byla hrazena Walsallem, klubem, kter\u00fd tehdy vedl jako mana\u017eer. Nakonec m\u011bla dohoda trv\u00e1n\u00ed pouh\u00fdch dvou z\u00e1pas\u016f, p\u0159i\u010dem\u017e Merson odehr\u00e1l z\u00e1pas jeden, a to v dom\u00e1c\u00ed proh\u0159e s Halifaxem. Ani ne m\u011bs\u00edc po p\u0159\u00edchodu do Tamworthu ozn\u00e1mil Merson konec hr\u00e1\u010dsk\u00e9 kari\u00e9ry.<\/p>\n<p>V sezon\u011b 2005\/06, se Lambs v\u016fbec poprv\u00e9 pod\u00edvali do t\u0159et\u00edho kola FA Cupu, co\u017e nap\u0159\u00ed\u010d b\u00eddn\u00e9 ligov\u00e9 form\u011b zopakovali je\u0161t\u011b o rok pozd\u011bji. Norwich City tehdy Tamworth porazil a o 18 dn\u00ed pozd\u011bji byl bez mana\u017eera. Ani zm\u011bna v\u0161ak nepomohla, t\u00fdm skon\u010dil na 22. p\u0159\u00ed\u010dce a porou\u010del se. Neda\u0159ilo se ani po sestupu do Conference North, kde Tamworth v n\u00e1sleduj\u00edc\u00ed sezon\u011b skon\u010dil patn\u00e1ct\u00fd. Zato dal\u0161\u00ed sezona u\u017e byla z jin\u00e9ho soudku. Lambs vyhr\u00e1li titul, ov\u0161em v n\u00e1rodn\u00ed Conferenci bojovali o hol\u00e9 p\u0159e\u017eit\u00ed a zachra\u0148ovali se a\u017e v posledn\u00ed den sezony, kdy porazili Forest Green Rovers. Ni\u010d\u00edm jist si Tamworth nemohl b\u00fdt ani v minul\u00e9 sezon\u011b, p\u0159\u00edslu\u0161nost v Conferenci si v\u0161ak udr\u017eel fini\u0161em na 19. p\u0159\u00ed\u010dce.<\/p>\n<ul>\n<li><strong>Kdy:\u00a0<\/strong>7.1. 16:00 SE\u010c<strong><br \/>\n<\/strong><\/li>\n<li><strong>Kde:\u00a0<\/strong>Goodison Park<strong><br \/>\n<\/strong><\/li>\n<li><strong>Rozhod\u010d\u00ed:<\/strong>\u00a0Robert Madley<\/li>\n<\/ul>\n","protected":false},"excerpt":{"rendered":"<p>\u0158\u00edk\u00e1 se, \u017ee \u00favodn\u00ed kola FA Cupu b\u00fdvaj\u00ed nejzr\u00e1dn\u011bj\u0161\u00ed a pr\u00e1v\u011b jednoho takov\u00e9ho kandid\u00e1ta, kter\u00fd tou\u017e\u00ed p\u0159ekvapit celou Anglii, p\u0159iv\u00edt\u00e1&hellip;<\/p>\n","protected":false},"author":7,"featured_media":1314,"comment_status":"open","ping_status":"closed","sticky":false,"template":"","format":"standard","meta":{"_eb_attr":"","_monsterinsights_skip_tracking":false,"_monsterinsights_sitenote_active":false,"_monsterinsights_sitenote_note":"","_monsterinsights_sitenote_category":0,"footnotes":""},"categories":[4],"tags":[],"yoast_head":"<!-- This site is optimized with the Yoast SEO plugin v23.4 - https:\/\/yoast.com\/wordpress\/plugins\/seo\/ -->\n<title>Preview: Everton - Tamworth - Official Czech &amp; Slovak Everton Supporters&#039; Club<\/title>\n<meta name=\"robots\" content=\"index, follow, max-snippet:-1, max-image-preview:large, max-video-preview:-1\" \/>\n<link rel=\"canonical\" href=\"https:\/\/evertonfc.cz\/index.php\/2012\/01\/06\/preview-everton-tamworth\/\" \/>\n<meta property=\"og:locale\" content=\"cs_CZ\" \/>\n<meta property=\"og:type\" content=\"article\" \/>\n<meta property=\"og:title\" content=\"Preview: Everton - Tamworth - Official Czech &amp; Slovak Everton Supporters&#039; Club\" \/>\n<meta property=\"og:description\" content=\"\u0158\u00edk\u00e1 se, \u017ee \u00favodn\u00ed kola FA Cupu b\u00fdvaj\u00ed nejzr\u00e1dn\u011bj\u0161\u00ed a pr\u00e1v\u011b jednoho takov\u00e9ho kandid\u00e1ta, kter\u00fd tou\u017e\u00ed p\u0159ekvapit celou Anglii, p\u0159iv\u00edt\u00e1&hellip;\" \/>\n<meta property=\"og:url\" content=\"https:\/\/evertonfc.cz\/index.php\/2012\/01\/06\/preview-everton-tamworth\/\" \/>\n<meta property=\"og:site_name\" content=\"Official Czech &amp; Slovak Everton Supporters&#039; Club\" \/>\n<meta property=\"article:publisher\" content=\"https:\/\/www.facebook.com\/everton.fans.cz.sk\" \/>\n<meta property=\"article:published_time\" content=\"2012-01-06T19:06:40+00:00\" \/>\n<meta property=\"article:modified_time\" content=\"2019-02-16T19:08:57+00:00\" \/>\n<meta property=\"og:image\" content=\"https:\/\/evertonfc.cz\/wp-content\/uploads\/2019\/01\/preview.jpg\" \/>\n\t<meta property=\"og:image:width\" content=\"720\" \/>\n\t<meta property=\"og:image:height\" content=\"405\" \/>\n\t<meta property=\"og:image:type\" content=\"image\/jpeg\" \/>\n<meta name=\"author\" content=\"Me\u0148a\" \/>\n<meta name=\"twitter:card\" content=\"summary_large_image\" \/>\n<meta name=\"twitter:label1\" content=\"Napsal(a)\" \/>\n\t<meta name=\"twitter:data1\" content=\"Me\u0148a\" \/>\n\t<meta name=\"twitter:label2\" content=\"Odhadovan\u00e1 doba \u010dten\u00ed\" \/>\n\t<meta name=\"twitter:data2\" content=\"8 minut\" \/>\n<script type=\"application\/ld+json\" class=\"yoast-schema-graph\">{\"@context\":\"https:\/\/schema.org\",\"@graph\":[{\"@type\":\"Article\",\"@id\":\"https:\/\/evertonfc.cz\/index.php\/2012\/01\/06\/preview-everton-tamworth\/#article\",\"isPartOf\":{\"@id\":\"https:\/\/evertonfc.cz\/index.php\/2012\/01\/06\/preview-everton-tamworth\/\"},\"author\":{\"name\":\"Me\u0148a\",\"@id\":\"https:\/\/evertonfc.cz\/#\/schema\/person\/cd6328a75577de2add7793fd4b0930c3\"},\"headline\":\"Preview: Everton &#8211; Tamworth\",\"datePublished\":\"2012-01-06T19:06:40+00:00\",\"dateModified\":\"2019-02-16T19:08:57+00:00\",\"mainEntityOfPage\":{\"@id\":\"https:\/\/evertonfc.cz\/index.php\/2012\/01\/06\/preview-everton-tamworth\/\"},\"wordCount\":1691,\"commentCount\":0,\"publisher\":{\"@id\":\"https:\/\/evertonfc.cz\/#organization\"},\"image\":{\"@id\":\"https:\/\/evertonfc.cz\/index.php\/2012\/01\/06\/preview-everton-tamworth\/#primaryimage\"},\"thumbnailUrl\":\"https:\/\/evertonfc.cz\/wp-content\/uploads\/2019\/01\/preview.jpg\",\"articleSection\":[\"Z\u00e1pasy\"],\"inLanguage\":\"cs\",\"potentialAction\":[{\"@type\":\"CommentAction\",\"name\":\"Comment\",\"target\":[\"https:\/\/evertonfc.cz\/index.php\/2012\/01\/06\/preview-everton-tamworth\/#respond\"]}]},{\"@type\":\"WebPage\",\"@id\":\"https:\/\/evertonfc.cz\/index.php\/2012\/01\/06\/preview-everton-tamworth\/\",\"url\":\"https:\/\/evertonfc.cz\/index.php\/2012\/01\/06\/preview-everton-tamworth\/\",\"name\":\"Preview: Everton - Tamworth - Official Czech &amp; Slovak Everton Supporters&#039; Club\",\"isPartOf\":{\"@id\":\"https:\/\/evertonfc.cz\/#website\"},\"primaryImageOfPage\":{\"@id\":\"https:\/\/evertonfc.cz\/index.php\/2012\/01\/06\/preview-everton-tamworth\/#primaryimage\"},\"image\":{\"@id\":\"https:\/\/evertonfc.cz\/index.php\/2012\/01\/06\/preview-everton-tamworth\/#primaryimage\"},\"thumbnailUrl\":\"https:\/\/evertonfc.cz\/wp-content\/uploads\/2019\/01\/preview.jpg\",\"datePublished\":\"2012-01-06T19:06:40+00:00\",\"dateModified\":\"2019-02-16T19:08:57+00:00\",\"breadcrumb\":{\"@id\":\"https:\/\/evertonfc.cz\/index.php\/2012\/01\/06\/preview-everton-tamworth\/#breadcrumb\"},\"inLanguage\":\"cs\",\"potentialAction\":[{\"@type\":\"ReadAction\",\"target\":[\"https:\/\/evertonfc.cz\/index.php\/2012\/01\/06\/preview-everton-tamworth\/\"]}]},{\"@type\":\"ImageObject\",\"inLanguage\":\"cs\",\"@id\":\"https:\/\/evertonfc.cz\/index.php\/2012\/01\/06\/preview-everton-tamworth\/#primaryimage\",\"url\":\"https:\/\/evertonfc.cz\/wp-content\/uploads\/2019\/01\/preview.jpg\",\"contentUrl\":\"https:\/\/evertonfc.cz\/wp-content\/uploads\/2019\/01\/preview.jpg\",\"width\":720,\"height\":405},{\"@type\":\"BreadcrumbList\",\"@id\":\"https:\/\/evertonfc.cz\/index.php\/2012\/01\/06\/preview-everton-tamworth\/#breadcrumb\",\"itemListElement\":[{\"@type\":\"ListItem\",\"position\":1,\"name\":\"Home\",\"item\":\"https:\/\/evertonfc.cz\/\"},{\"@type\":\"ListItem\",\"position\":2,\"name\":\"Preview: Everton &#8211; Tamworth\"}]},{\"@type\":\"WebSite\",\"@id\":\"https:\/\/evertonfc.cz\/#website\",\"url\":\"https:\/\/evertonfc.cz\/\",\"name\":\"Official Czech &amp; Slovak Everton Supporters&#039; Club\",\"description\":\"\",\"publisher\":{\"@id\":\"https:\/\/evertonfc.cz\/#organization\"},\"potentialAction\":[{\"@type\":\"SearchAction\",\"target\":{\"@type\":\"EntryPoint\",\"urlTemplate\":\"https:\/\/evertonfc.cz\/?s={search_term_string}\"},\"query-input\":{\"@type\":\"PropertyValueSpecification\",\"valueRequired\":true,\"valueName\":\"search_term_string\"}}],\"inLanguage\":\"cs\"},{\"@type\":\"Organization\",\"@id\":\"https:\/\/evertonfc.cz\/#organization\",\"name\":\"Official Czech & Slovak Everton Supporters' Club\",\"url\":\"https:\/\/evertonfc.cz\/\",\"logo\":{\"@type\":\"ImageObject\",\"inLanguage\":\"cs\",\"@id\":\"https:\/\/evertonfc.cz\/#\/schema\/logo\/image\/\",\"url\":\"https:\/\/evertonfc.cz\/wp-content\/uploads\/2019\/05\/logo.png\",\"contentUrl\":\"https:\/\/evertonfc.cz\/wp-content\/uploads\/2019\/05\/logo.png\",\"width\":112,\"height\":112,\"caption\":\"Official Czech & Slovak Everton Supporters' Club\"},\"image\":{\"@id\":\"https:\/\/evertonfc.cz\/#\/schema\/logo\/image\/\"},\"sameAs\":[\"https:\/\/www.facebook.com\/everton.fans.cz.sk\"]},{\"@type\":\"Person\",\"@id\":\"https:\/\/evertonfc.cz\/#\/schema\/person\/cd6328a75577de2add7793fd4b0930c3\",\"name\":\"Me\u0148a\",\"url\":\"https:\/\/evertonfc.cz\/index.php\/author\/mena\/\"}]}<\/script>\n<!-- \/ Yoast SEO plugin. -->","yoast_head_json":{"title":"Preview: Everton - Tamworth - Official Czech &amp; Slovak Everton Supporters&#039; Club","robots":{"index":"index","follow":"follow","max-snippet":"max-snippet:-1","max-image-preview":"max-image-preview:large","max-video-preview":"max-video-preview:-1"},"canonical":"https:\/\/evertonfc.cz\/index.php\/2012\/01\/06\/preview-everton-tamworth\/","og_locale":"cs_CZ","og_type":"article","og_title":"Preview: Everton - Tamworth - Official Czech &amp; Slovak Everton Supporters&#039; Club","og_description":"\u0158\u00edk\u00e1 se, \u017ee \u00favodn\u00ed kola FA Cupu b\u00fdvaj\u00ed nejzr\u00e1dn\u011bj\u0161\u00ed a pr\u00e1v\u011b jednoho takov\u00e9ho kandid\u00e1ta, kter\u00fd tou\u017e\u00ed p\u0159ekvapit celou Anglii, p\u0159iv\u00edt\u00e1&hellip;","og_url":"https:\/\/evertonfc.cz\/index.php\/2012\/01\/06\/preview-everton-tamworth\/","og_site_name":"Official Czech &amp; Slovak Everton Supporters&#039; Club","article_publisher":"https:\/\/www.facebook.com\/everton.fans.cz.sk","article_published_time":"2012-01-06T19:06:40+00:00","article_modified_time":"2019-02-16T19:08:57+00:00","og_image":[{"width":720,"height":405,"url":"https:\/\/evertonfc.cz\/wp-content\/uploads\/2019\/01\/preview.jpg","type":"image\/jpeg"}],"author":"Me\u0148a","twitter_card":"summary_large_image","twitter_misc":{"Napsal(a)":"Me\u0148a","Odhadovan\u00e1 doba \u010dten\u00ed":"8 minut"},"schema":{"@context":"https:\/\/schema.org","@graph":[{"@type":"Article","@id":"https:\/\/evertonfc.cz\/index.php\/2012\/01\/06\/preview-everton-tamworth\/#article","isPartOf":{"@id":"https:\/\/evertonfc.cz\/index.php\/2012\/01\/06\/preview-everton-tamworth\/"},"author":{"name":"Me\u0148a","@id":"https:\/\/evertonfc.cz\/#\/schema\/person\/cd6328a75577de2add7793fd4b0930c3"},"headline":"Preview: Everton &#8211; Tamworth","datePublished":"2012-01-06T19:06:40+00:00","dateModified":"2019-02-16T19:08:57+00:00","mainEntityOfPage":{"@id":"https:\/\/evertonfc.cz\/index.php\/2012\/01\/06\/preview-everton-tamworth\/"},"wordCount":1691,"commentCount":0,"publisher":{"@id":"https:\/\/evertonfc.cz\/#organization"},"image":{"@id":"https:\/\/evertonfc.cz\/index.php\/2012\/01\/06\/preview-everton-tamworth\/#primaryimage"},"thumbnailUrl":"https:\/\/evertonfc.cz\/wp-content\/uploads\/2019\/01\/preview.jpg","articleSection":["Z\u00e1pasy"],"inLanguage":"cs","potentialAction":[{"@type":"CommentAction","name":"Comment","target":["https:\/\/evertonfc.cz\/index.php\/2012\/01\/06\/preview-everton-tamworth\/#respond"]}]},{"@type":"WebPage","@id":"https:\/\/evertonfc.cz\/index.php\/2012\/01\/06\/preview-everton-tamworth\/","url":"https:\/\/evertonfc.cz\/index.php\/2012\/01\/06\/preview-everton-tamworth\/","name":"Preview: Everton - Tamworth - Official Czech &amp; Slovak Everton Supporters&#039; Club","isPartOf":{"@id":"https:\/\/evertonfc.cz\/#website"},"primaryImageOfPage":{"@id":"https:\/\/evertonfc.cz\/index.php\/2012\/01\/06\/preview-everton-tamworth\/#primaryimage"},"image":{"@id":"https:\/\/evertonfc.cz\/index.php\/2012\/01\/06\/preview-everton-tamworth\/#primaryimage"},"thumbnailUrl":"https:\/\/evertonfc.cz\/wp-content\/uploads\/2019\/01\/preview.jpg","datePublished":"2012-01-06T19:06:40+00:00","dateModified":"2019-02-16T19:08:57+00:00","breadcrumb":{"@id":"https:\/\/evertonfc.cz\/index.php\/2012\/01\/06\/preview-everton-tamworth\/#breadcrumb"},"inLanguage":"cs","potentialAction":[{"@type":"ReadAction","target":["https:\/\/evertonfc.cz\/index.php\/2012\/01\/06\/preview-everton-tamworth\/"]}]},{"@type":"ImageObject","inLanguage":"cs","@id":"https:\/\/evertonfc.cz\/index.php\/2012\/01\/06\/preview-everton-tamworth\/#primaryimage","url":"https:\/\/evertonfc.cz\/wp-content\/uploads\/2019\/01\/preview.jpg","contentUrl":"https:\/\/evertonfc.cz\/wp-content\/uploads\/2019\/01\/preview.jpg","width":720,"height":405},{"@type":"BreadcrumbList","@id":"https:\/\/evertonfc.cz\/index.php\/2012\/01\/06\/preview-everton-tamworth\/#breadcrumb","itemListElement":[{"@type":"ListItem","position":1,"name":"Home","item":"https:\/\/evertonfc.cz\/"},{"@type":"ListItem","position":2,"name":"Preview: Everton &#8211; Tamworth"}]},{"@type":"WebSite","@id":"https:\/\/evertonfc.cz\/#website","url":"https:\/\/evertonfc.cz\/","name":"Official Czech &amp; Slovak Everton Supporters&#039; Club","description":"","publisher":{"@id":"https:\/\/evertonfc.cz\/#organization"},"potentialAction":[{"@type":"SearchAction","target":{"@type":"EntryPoint","urlTemplate":"https:\/\/evertonfc.cz\/?s={search_term_string}"},"query-input":{"@type":"PropertyValueSpecification","valueRequired":true,"valueName":"search_term_string"}}],"inLanguage":"cs"},{"@type":"Organization","@id":"https:\/\/evertonfc.cz\/#organization","name":"Official Czech & Slovak Everton Supporters' Club","url":"https:\/\/evertonfc.cz\/","logo":{"@type":"ImageObject","inLanguage":"cs","@id":"https:\/\/evertonfc.cz\/#\/schema\/logo\/image\/","url":"https:\/\/evertonfc.cz\/wp-content\/uploads\/2019\/05\/logo.png","contentUrl":"https:\/\/evertonfc.cz\/wp-content\/uploads\/2019\/05\/logo.png","width":112,"height":112,"caption":"Official Czech & Slovak Everton Supporters' Club"},"image":{"@id":"https:\/\/evertonfc.cz\/#\/schema\/logo\/image\/"},"sameAs":["https:\/\/www.facebook.com\/everton.fans.cz.sk"]},{"@type":"Person","@id":"https:\/\/evertonfc.cz\/#\/schema\/person\/cd6328a75577de2add7793fd4b0930c3","name":"Me\u0148a","url":"https:\/\/evertonfc.cz\/index.php\/author\/mena\/"}]}},"_links":{"self":[{"href":"https:\/\/evertonfc.cz\/index.php\/wp-json\/wp\/v2\/posts\/6054"}],"collection":[{"href":"https:\/\/evertonfc.cz\/index.php\/wp-json\/wp\/v2\/posts"}],"about":[{"href":"https:\/\/evertonfc.cz\/index.php\/wp-json\/wp\/v2\/types\/post"}],"author":[{"embeddable":true,"href":"https:\/\/evertonfc.cz\/index.php\/wp-json\/wp\/v2\/users\/7"}],"replies":[{"embeddable":true,"href":"https:\/\/evertonfc.cz\/index.php\/wp-json\/wp\/v2\/comments?post=6054"}],"version-history":[{"count":1,"href":"https:\/\/evertonfc.cz\/index.php\/wp-json\/wp\/v2\/posts\/6054\/revisions"}],"predecessor-version":[{"id":6055,"href":"https:\/\/evertonfc.cz\/index.php\/wp-json\/wp\/v2\/posts\/6054\/revisions\/6055"}],"wp:featuredmedia":[{"embeddable":true,"href":"https:\/\/evertonfc.cz\/index.php\/wp-json\/wp\/v2\/media\/1314"}],"wp:attachment":[{"href":"https:\/\/evertonfc.cz\/index.php\/wp-json\/wp\/v2\/media?parent=6054"}],"wp:term":[{"taxonomy":"category","embeddable":true,"href":"https:\/\/evertonfc.cz\/index.php\/wp-json\/wp\/v2\/categories?post=6054"},{"taxonomy":"post_tag","embeddable":true,"href":"https:\/\/evertonfc.cz\/index.php\/wp-json\/wp\/v2\/tags?post=6054"}],"curies":[{"name":"wp","href":"https:\/\/api.w.org\/{rel}","templated":true}]}}