{"id":6063,"date":"2012-11-08T16:36:30","date_gmt":"2012-11-08T15:36:30","guid":{"rendered":"http:\/\/evertonfc.cz\/?p=6063"},"modified":"2019-02-17T16:37:58","modified_gmt":"2019-02-17T15:37:58","slug":"ossie-povolan-do-albionu","status":"publish","type":"post","link":"https:\/\/evertonfc.cz\/index.php\/2012\/11\/08\/ossie-povolan-do-albionu\/","title":{"rendered":"Ossie povol\u00e1n do Albionu"},"content":{"rendered":"<h4 id=\"NewsPostDetailSummary\">Leon Osman se poprv\u00e9 v \u017eivot\u011b do\u010dkal pozv\u00e1nky do reprezentace Anglie, Roy Hodgson ho nominoval na p\u0159\u00e1telsk\u00e9 utk\u00e1n\u00ed proti \u0160v\u00e9dsku, kter\u00e9 se odehraje ve st\u0159edu.<\/h4>\n<div id=\"NewsPostDetailContent\">\n<p>Krom\u011b jednaat\u0159icetilet\u00e9ho odchovance Toffees v nominace \u010d\u00edtaj\u00edc\u00ed 23 jmen figuruj\u00ed tak\u00e9 Phil Jagielka a Leighton Baines.<\/p>\n<p>A\u010dkoliv Osman nastoupil za Everton ve v\u00edce ne\u017e 300 z\u00e1pasech, nikdy se do reprezentace Anglie neve\u0161el, dokonce ani do v\u00fdb\u011bru U21.<\/p>\n<p>V leto\u0161n\u00ed sez\u00f3n\u011b Ossie p\u0159edstavuje z\u00e1kladn\u00ed stavebn\u00ed k\u00e1men sestavy Davida Moyese, pravideln\u011b nastupuju na pozici st\u0159edn\u00edho z\u00e1lo\u017en\u00edka a v Premier League pat\u0159\u00ed mezi nejl\u00e9pe nahr\u00e1vaj\u00edc\u00ed anglick\u00e9 z\u00e1lo\u017en\u00edky.<\/p>\n<p><strong>Nominace<\/strong><\/p>\n<p>Brank\u00e1\u0159i: Fraser Forster (Celtic), Joe Hart (Manchester City), John Ruddy (Norwich City)<\/p>\n<p>Obr\u00e1nci: <em>Leighton Baines (Everton)<\/em>, Ryan Bertrand (Chelsea), Gary Cahill (Chelsea), Steven Caulker (Tottenham Hotspur), <em>Phil Jagielka (Everton)<\/em>, Glen Johnson (Liverpool), Ryan Shawcross (Stoke City), Kyle Walker (Tottenham Hotspur)<\/p>\n<p>Z\u00e1lo\u017en\u00edci: Tom Cleverley (Manchester United), Steven Gerrard (Liverpool), Aaron Lennon (Tottenham Hotspur), <em>Leon Osman (Everton)<\/em>, Jonjo Shelvey (Liverpool), Raheem Sterling (Liverpool), Theo Walcott (Arsenal), Jack Wilshere (Arsenal), Ashley Young (Manchester United)<\/p>\n<p>\u00dato\u010dn\u00edci: Wayne Rooney (Manchester United), Daniel Sturridge (Chelsea), Daniel Welbeck (Manchester United)<\/p>\n<\/div>\n","protected":false},"excerpt":{"rendered":"<p>Leon Osman se poprv\u00e9 v \u017eivot\u011b do\u010dkal pozv\u00e1nky do reprezentace Anglie, Roy Hodgson ho nominoval na p\u0159\u00e1telsk\u00e9 utk\u00e1n\u00ed proti \u0160v\u00e9dsku,&hellip;<\/p>\n","protected":false},"author":6,"featured_media":1313,"comment_status":"open","ping_status":"closed","sticky":false,"template":"","format":"standard","meta":{"_eb_attr":"","_monsterinsights_skip_tracking":false,"_monsterinsights_sitenote_active":false,"_monsterinsights_sitenote_note":"","_monsterinsights_sitenote_category":0,"footnotes":""},"categories":[42],"tags":[],"yoast_head":"<!-- This site is optimized with the Yoast SEO plugin v23.4 - https:\/\/yoast.com\/wordpress\/plugins\/seo\/ -->\n<title>Ossie povol\u00e1n do Albionu - Official Czech &amp; Slovak Everton Supporters&#039; Club<\/title>\n<meta name=\"robots\" content=\"index, follow, max-snippet:-1, max-image-preview:large, max-video-preview:-1\" \/>\n<link rel=\"canonical\" href=\"https:\/\/evertonfc.cz\/index.php\/2012\/11\/08\/ossie-povolan-do-albionu\/\" \/>\n<meta property=\"og:locale\" content=\"cs_CZ\" \/>\n<meta property=\"og:type\" content=\"article\" \/>\n<meta property=\"og:title\" content=\"Ossie povol\u00e1n do Albionu - Official Czech &amp; Slovak Everton Supporters&#039; Club\" \/>\n<meta property=\"og:description\" content=\"Leon Osman se poprv\u00e9 v \u017eivot\u011b do\u010dkal pozv\u00e1nky do reprezentace Anglie, Roy Hodgson ho nominoval na p\u0159\u00e1telsk\u00e9 utk\u00e1n\u00ed proti \u0160v\u00e9dsku,&hellip;\" \/>\n<meta property=\"og:url\" content=\"https:\/\/evertonfc.cz\/index.php\/2012\/11\/08\/ossie-povolan-do-albionu\/\" \/>\n<meta property=\"og:site_name\" content=\"Official Czech &amp; Slovak Everton Supporters&#039; Club\" \/>\n<meta property=\"article:publisher\" content=\"https:\/\/www.facebook.com\/everton.fans.cz.sk\" \/>\n<meta property=\"article:published_time\" content=\"2012-11-08T15:36:30+00:00\" \/>\n<meta property=\"article:modified_time\" content=\"2019-02-17T15:37:58+00:00\" \/>\n<meta property=\"og:image\" content=\"https:\/\/evertonfc.cz\/wp-content\/uploads\/2019\/01\/news.jpg\" \/>\n\t<meta property=\"og:image:width\" content=\"720\" \/>\n\t<meta property=\"og:image:height\" content=\"405\" \/>\n\t<meta property=\"og:image:type\" content=\"image\/jpeg\" \/>\n<meta name=\"author\" content=\"Ri\u010di\" \/>\n<meta name=\"twitter:card\" content=\"summary_large_image\" \/>\n<meta name=\"twitter:creator\" content=\"@rbrejsa\" \/>\n<meta name=\"twitter:label1\" content=\"Napsal(a)\" \/>\n\t<meta name=\"twitter:data1\" content=\"Ri\u010di\" \/>\n\t<meta name=\"twitter:label2\" content=\"Odhadovan\u00e1 doba \u010dten\u00ed\" \/>\n\t<meta name=\"twitter:data2\" content=\"1 minuta\" \/>\n<script type=\"application\/ld+json\" class=\"yoast-schema-graph\">{\"@context\":\"https:\/\/schema.org\",\"@graph\":[{\"@type\":\"Article\",\"@id\":\"https:\/\/evertonfc.cz\/index.php\/2012\/11\/08\/ossie-povolan-do-albionu\/#article\",\"isPartOf\":{\"@id\":\"https:\/\/evertonfc.cz\/index.php\/2012\/11\/08\/ossie-povolan-do-albionu\/\"},\"author\":{\"name\":\"Ri\u010di\",\"@id\":\"https:\/\/evertonfc.cz\/#\/schema\/person\/f7a5daedb2ffee98480bc70e191aaef1\"},\"headline\":\"Ossie povol\u00e1n do Albionu\",\"datePublished\":\"2012-11-08T15:36:30+00:00\",\"dateModified\":\"2019-02-17T15:37:58+00:00\",\"mainEntityOfPage\":{\"@id\":\"https:\/\/evertonfc.cz\/index.php\/2012\/11\/08\/ossie-povolan-do-albionu\/\"},\"wordCount\":214,\"commentCount\":0,\"publisher\":{\"@id\":\"https:\/\/evertonfc.cz\/#organization\"},\"image\":{\"@id\":\"https:\/\/evertonfc.cz\/index.php\/2012\/11\/08\/ossie-povolan-do-albionu\/#primaryimage\"},\"thumbnailUrl\":\"https:\/\/evertonfc.cz\/wp-content\/uploads\/2019\/01\/news.jpg\",\"articleSection\":[\"Aktuality\"],\"inLanguage\":\"cs\",\"potentialAction\":[{\"@type\":\"CommentAction\",\"name\":\"Comment\",\"target\":[\"https:\/\/evertonfc.cz\/index.php\/2012\/11\/08\/ossie-povolan-do-albionu\/#respond\"]}]},{\"@type\":\"WebPage\",\"@id\":\"https:\/\/evertonfc.cz\/index.php\/2012\/11\/08\/ossie-povolan-do-albionu\/\",\"url\":\"https:\/\/evertonfc.cz\/index.php\/2012\/11\/08\/ossie-povolan-do-albionu\/\",\"name\":\"Ossie povol\u00e1n do Albionu - Official Czech &amp; Slovak Everton Supporters&#039; Club\",\"isPartOf\":{\"@id\":\"https:\/\/evertonfc.cz\/#website\"},\"primaryImageOfPage\":{\"@id\":\"https:\/\/evertonfc.cz\/index.php\/2012\/11\/08\/ossie-povolan-do-albionu\/#primaryimage\"},\"image\":{\"@id\":\"https:\/\/evertonfc.cz\/index.php\/2012\/11\/08\/ossie-povolan-do-albionu\/#primaryimage\"},\"thumbnailUrl\":\"https:\/\/evertonfc.cz\/wp-content\/uploads\/2019\/01\/news.jpg\",\"datePublished\":\"2012-11-08T15:36:30+00:00\",\"dateModified\":\"2019-02-17T15:37:58+00:00\",\"breadcrumb\":{\"@id\":\"https:\/\/evertonfc.cz\/index.php\/2012\/11\/08\/ossie-povolan-do-albionu\/#breadcrumb\"},\"inLanguage\":\"cs\",\"potentialAction\":[{\"@type\":\"ReadAction\",\"target\":[\"https:\/\/evertonfc.cz\/index.php\/2012\/11\/08\/ossie-povolan-do-albionu\/\"]}]},{\"@type\":\"ImageObject\",\"inLanguage\":\"cs\",\"@id\":\"https:\/\/evertonfc.cz\/index.php\/2012\/11\/08\/ossie-povolan-do-albionu\/#primaryimage\",\"url\":\"https:\/\/evertonfc.cz\/wp-content\/uploads\/2019\/01\/news.jpg\",\"contentUrl\":\"https:\/\/evertonfc.cz\/wp-content\/uploads\/2019\/01\/news.jpg\",\"width\":720,\"height\":405},{\"@type\":\"BreadcrumbList\",\"@id\":\"https:\/\/evertonfc.cz\/index.php\/2012\/11\/08\/ossie-povolan-do-albionu\/#breadcrumb\",\"itemListElement\":[{\"@type\":\"ListItem\",\"position\":1,\"name\":\"Home\",\"item\":\"https:\/\/evertonfc.cz\/\"},{\"@type\":\"ListItem\",\"position\":2,\"name\":\"Ossie povol\u00e1n do Albionu\"}]},{\"@type\":\"WebSite\",\"@id\":\"https:\/\/evertonfc.cz\/#website\",\"url\":\"https:\/\/evertonfc.cz\/\",\"name\":\"Official Czech &amp; Slovak Everton Supporters&#039; Club\",\"description\":\"\",\"publisher\":{\"@id\":\"https:\/\/evertonfc.cz\/#organization\"},\"potentialAction\":[{\"@type\":\"SearchAction\",\"target\":{\"@type\":\"EntryPoint\",\"urlTemplate\":\"https:\/\/evertonfc.cz\/?s={search_term_string}\"},\"query-input\":{\"@type\":\"PropertyValueSpecification\",\"valueRequired\":true,\"valueName\":\"search_term_string\"}}],\"inLanguage\":\"cs\"},{\"@type\":\"Organization\",\"@id\":\"https:\/\/evertonfc.cz\/#organization\",\"name\":\"Official Czech & Slovak Everton Supporters' Club\",\"url\":\"https:\/\/evertonfc.cz\/\",\"logo\":{\"@type\":\"ImageObject\",\"inLanguage\":\"cs\",\"@id\":\"https:\/\/evertonfc.cz\/#\/schema\/logo\/image\/\",\"url\":\"https:\/\/evertonfc.cz\/wp-content\/uploads\/2019\/05\/logo.png\",\"contentUrl\":\"https:\/\/evertonfc.cz\/wp-content\/uploads\/2019\/05\/logo.png\",\"width\":112,\"height\":112,\"caption\":\"Official Czech & Slovak Everton Supporters' Club\"},\"image\":{\"@id\":\"https:\/\/evertonfc.cz\/#\/schema\/logo\/image\/\"},\"sameAs\":[\"https:\/\/www.facebook.com\/everton.fans.cz.sk\"]},{\"@type\":\"Person\",\"@id\":\"https:\/\/evertonfc.cz\/#\/schema\/person\/f7a5daedb2ffee98480bc70e191aaef1\",\"name\":\"Ri\u010di\",\"sameAs\":[\"https:\/\/x.com\/rbrejsa\"],\"url\":\"https:\/\/evertonfc.cz\/index.php\/author\/rici\/\"}]}<\/script>\n<!-- \/ Yoast SEO plugin. -->","yoast_head_json":{"title":"Ossie povol\u00e1n do Albionu - Official Czech &amp; Slovak Everton Supporters&#039; Club","robots":{"index":"index","follow":"follow","max-snippet":"max-snippet:-1","max-image-preview":"max-image-preview:large","max-video-preview":"max-video-preview:-1"},"canonical":"https:\/\/evertonfc.cz\/index.php\/2012\/11\/08\/ossie-povolan-do-albionu\/","og_locale":"cs_CZ","og_type":"article","og_title":"Ossie povol\u00e1n do Albionu - Official Czech &amp; Slovak Everton Supporters&#039; Club","og_description":"Leon Osman se poprv\u00e9 v \u017eivot\u011b do\u010dkal pozv\u00e1nky do reprezentace Anglie, Roy Hodgson ho nominoval na p\u0159\u00e1telsk\u00e9 utk\u00e1n\u00ed proti \u0160v\u00e9dsku,&hellip;","og_url":"https:\/\/evertonfc.cz\/index.php\/2012\/11\/08\/ossie-povolan-do-albionu\/","og_site_name":"Official Czech &amp; Slovak Everton Supporters&#039; Club","article_publisher":"https:\/\/www.facebook.com\/everton.fans.cz.sk","article_published_time":"2012-11-08T15:36:30+00:00","article_modified_time":"2019-02-17T15:37:58+00:00","og_image":[{"width":720,"height":405,"url":"https:\/\/evertonfc.cz\/wp-content\/uploads\/2019\/01\/news.jpg","type":"image\/jpeg"}],"author":"Ri\u010di","twitter_card":"summary_large_image","twitter_creator":"@rbrejsa","twitter_misc":{"Napsal(a)":"Ri\u010di","Odhadovan\u00e1 doba \u010dten\u00ed":"1 minuta"},"schema":{"@context":"https:\/\/schema.org","@graph":[{"@type":"Article","@id":"https:\/\/evertonfc.cz\/index.php\/2012\/11\/08\/ossie-povolan-do-albionu\/#article","isPartOf":{"@id":"https:\/\/evertonfc.cz\/index.php\/2012\/11\/08\/ossie-povolan-do-albionu\/"},"author":{"name":"Ri\u010di","@id":"https:\/\/evertonfc.cz\/#\/schema\/person\/f7a5daedb2ffee98480bc70e191aaef1"},"headline":"Ossie povol\u00e1n do Albionu","datePublished":"2012-11-08T15:36:30+00:00","dateModified":"2019-02-17T15:37:58+00:00","mainEntityOfPage":{"@id":"https:\/\/evertonfc.cz\/index.php\/2012\/11\/08\/ossie-povolan-do-albionu\/"},"wordCount":214,"commentCount":0,"publisher":{"@id":"https:\/\/evertonfc.cz\/#organization"},"image":{"@id":"https:\/\/evertonfc.cz\/index.php\/2012\/11\/08\/ossie-povolan-do-albionu\/#primaryimage"},"thumbnailUrl":"https:\/\/evertonfc.cz\/wp-content\/uploads\/2019\/01\/news.jpg","articleSection":["Aktuality"],"inLanguage":"cs","potentialAction":[{"@type":"CommentAction","name":"Comment","target":["https:\/\/evertonfc.cz\/index.php\/2012\/11\/08\/ossie-povolan-do-albionu\/#respond"]}]},{"@type":"WebPage","@id":"https:\/\/evertonfc.cz\/index.php\/2012\/11\/08\/ossie-povolan-do-albionu\/","url":"https:\/\/evertonfc.cz\/index.php\/2012\/11\/08\/ossie-povolan-do-albionu\/","name":"Ossie povol\u00e1n do Albionu - Official Czech &amp; Slovak Everton Supporters&#039; Club","isPartOf":{"@id":"https:\/\/evertonfc.cz\/#website"},"primaryImageOfPage":{"@id":"https:\/\/evertonfc.cz\/index.php\/2012\/11\/08\/ossie-povolan-do-albionu\/#primaryimage"},"image":{"@id":"https:\/\/evertonfc.cz\/index.php\/2012\/11\/08\/ossie-povolan-do-albionu\/#primaryimage"},"thumbnailUrl":"https:\/\/evertonfc.cz\/wp-content\/uploads\/2019\/01\/news.jpg","datePublished":"2012-11-08T15:36:30+00:00","dateModified":"2019-02-17T15:37:58+00:00","breadcrumb":{"@id":"https:\/\/evertonfc.cz\/index.php\/2012\/11\/08\/ossie-povolan-do-albionu\/#breadcrumb"},"inLanguage":"cs","potentialAction":[{"@type":"ReadAction","target":["https:\/\/evertonfc.cz\/index.php\/2012\/11\/08\/ossie-povolan-do-albionu\/"]}]},{"@type":"ImageObject","inLanguage":"cs","@id":"https:\/\/evertonfc.cz\/index.php\/2012\/11\/08\/ossie-povolan-do-albionu\/#primaryimage","url":"https:\/\/evertonfc.cz\/wp-content\/uploads\/2019\/01\/news.jpg","contentUrl":"https:\/\/evertonfc.cz\/wp-content\/uploads\/2019\/01\/news.jpg","width":720,"height":405},{"@type":"BreadcrumbList","@id":"https:\/\/evertonfc.cz\/index.php\/2012\/11\/08\/ossie-povolan-do-albionu\/#breadcrumb","itemListElement":[{"@type":"ListItem","position":1,"name":"Home","item":"https:\/\/evertonfc.cz\/"},{"@type":"ListItem","position":2,"name":"Ossie povol\u00e1n do Albionu"}]},{"@type":"WebSite","@id":"https:\/\/evertonfc.cz\/#website","url":"https:\/\/evertonfc.cz\/","name":"Official Czech &amp; Slovak Everton Supporters&#039; Club","description":"","publisher":{"@id":"https:\/\/evertonfc.cz\/#organization"},"potentialAction":[{"@type":"SearchAction","target":{"@type":"EntryPoint","urlTemplate":"https:\/\/evertonfc.cz\/?s={search_term_string}"},"query-input":{"@type":"PropertyValueSpecification","valueRequired":true,"valueName":"search_term_string"}}],"inLanguage":"cs"},{"@type":"Organization","@id":"https:\/\/evertonfc.cz\/#organization","name":"Official Czech & Slovak Everton Supporters' Club","url":"https:\/\/evertonfc.cz\/","logo":{"@type":"ImageObject","inLanguage":"cs","@id":"https:\/\/evertonfc.cz\/#\/schema\/logo\/image\/","url":"https:\/\/evertonfc.cz\/wp-content\/uploads\/2019\/05\/logo.png","contentUrl":"https:\/\/evertonfc.cz\/wp-content\/uploads\/2019\/05\/logo.png","width":112,"height":112,"caption":"Official Czech & Slovak Everton Supporters' Club"},"image":{"@id":"https:\/\/evertonfc.cz\/#\/schema\/logo\/image\/"},"sameAs":["https:\/\/www.facebook.com\/everton.fans.cz.sk"]},{"@type":"Person","@id":"https:\/\/evertonfc.cz\/#\/schema\/person\/f7a5daedb2ffee98480bc70e191aaef1","name":"Ri\u010di","sameAs":["https:\/\/x.com\/rbrejsa"],"url":"https:\/\/evertonfc.cz\/index.php\/author\/rici\/"}]}},"_links":{"self":[{"href":"https:\/\/evertonfc.cz\/index.php\/wp-json\/wp\/v2\/posts\/6063"}],"collection":[{"href":"https:\/\/evertonfc.cz\/index.php\/wp-json\/wp\/v2\/posts"}],"about":[{"href":"https:\/\/evertonfc.cz\/index.php\/wp-json\/wp\/v2\/types\/post"}],"author":[{"embeddable":true,"href":"https:\/\/evertonfc.cz\/index.php\/wp-json\/wp\/v2\/users\/6"}],"replies":[{"embeddable":true,"href":"https:\/\/evertonfc.cz\/index.php\/wp-json\/wp\/v2\/comments?post=6063"}],"version-history":[{"count":1,"href":"https:\/\/evertonfc.cz\/index.php\/wp-json\/wp\/v2\/posts\/6063\/revisions"}],"predecessor-version":[{"id":6064,"href":"https:\/\/evertonfc.cz\/index.php\/wp-json\/wp\/v2\/posts\/6063\/revisions\/6064"}],"wp:featuredmedia":[{"embeddable":true,"href":"https:\/\/evertonfc.cz\/index.php\/wp-json\/wp\/v2\/media\/1313"}],"wp:attachment":[{"href":"https:\/\/evertonfc.cz\/index.php\/wp-json\/wp\/v2\/media?parent=6063"}],"wp:term":[{"taxonomy":"category","embeddable":true,"href":"https:\/\/evertonfc.cz\/index.php\/wp-json\/wp\/v2\/categories?post=6063"},{"taxonomy":"post_tag","embeddable":true,"href":"https:\/\/evertonfc.cz\/index.php\/wp-json\/wp\/v2\/tags?post=6063"}],"curies":[{"name":"wp","href":"https:\/\/api.w.org\/{rel}","templated":true}]}}