{"id":6071,"date":"2012-01-11T16:47:09","date_gmt":"2012-01-11T15:47:09","guid":{"rendered":"http:\/\/evertonfc.cz\/?p=6071"},"modified":"2019-02-17T16:49:26","modified_gmt":"2019-02-17T15:49:26","slug":"bez-penez-a-za-tottenhamem","status":"publish","type":"post","link":"https:\/\/evertonfc.cz\/index.php\/2012\/01\/11\/bez-penez-a-za-tottenhamem\/","title":{"rendered":"Bez pen\u011bz a za Tottenhamem"},"content":{"rendered":"<h4>Je\u0161t\u011b p\u0159ed t\u0159emi lety platil Everton za lep\u0161\u00ed t\u00fdm ne\u017e Spurs, jen\u017ee mu\u017estvo ze severu Lond\u00fdna za\u010dalo posledn\u00ed roky nakukovat mezi nejlep\u0161\u00ed anglick\u00e9 t\u00fdmy, p\u0159i\u010dem\u017e na\u0161lo i spr\u00e1vnou cestu, jak se mezi elitou na Ostrovech, ne-li v Evrop\u011b, udr\u017eet.<\/h4>\n<p>Ona z\u00e1hadn\u00e1 ingredience na \u00fasp\u011bch nen\u00ed \u017e\u00e1dn\u00fdm tajemstv\u00edm, sta\u010d\u00ed m\u00edt rozumn\u00e9ho a dostate\u010dn\u011b bohat\u00e9ho majitele, kter\u00fd se obklop\u00ed schopn\u00fdmi lidmi. A Daniel Levy, p\u0159edseda Tottenhamu, mu\u017eem na sv\u00e9m m\u00edst\u011b rozhodn\u011b je. Tak\u017ee zat\u00edmco na White Hart Lane mohou ti odv\u00e1\u017en\u00ed mluvit o \u0161anc\u00edch na titul, Evertonians t\u00ed\u017e\u00ed zcela jin\u00e9 probl\u00e9my. Bill Kenwright sice d\u00fdch\u00e1 pro Toffees, ov\u0161em v o\u010d\u00edch mnoho fanou\u0161k\u016f je onou pov\u011bstnou \u017e\u00e1bou na prameni. Sice podle sv\u00fdch prohl\u00e1\u0161en\u00ed hled\u00e1 pro Everton vhodn\u00e9ho kupce, realita je v\u0161ak takov\u00e1, \u017ee David Moyes nedost\u00e1v\u00e1 \u017e\u00e1dn\u00e9 pen\u00edze na p\u0159estupy, opory t\u00fdmu odch\u00e1zej\u00ed za lep\u0161\u00edm a klub z Goodisonu pomalu ale jist\u011b zapad\u00e1v\u00e1 do \u0161ed\u00e9ho pr\u016fm\u011bru Premier League.<\/p>\n<p>Dal\u0161\u00ed velk\u00e9 zklam\u00e1n\u00ed p\u0159ineslo dne\u0161n\u00ed prohl\u00e1\u0161en\u00ed Davida Moyese, podle n\u011bho\u017e nedostane z letn\u00edho p\u0159estupu Mikela Artety do Arsenalu ani libru na n\u00e1kupy nov\u00fdch hr\u00e1\u010d\u016f. Cel\u00fdch \u00a310 poputuje bank\u00e1m.<\/p>\n<p><em>\u201eJe trochu smutn\u00e9, kdy\u017e se n\u00e1m Tottenham vzdaluje trochu v\u00edce, ne\u017e bychom cht\u011bli. V\u0161ichni mana\u017ee\u0159i v\u00e1m potvrd\u00ed, jak si nep\u0159ej\u00ed hr\u00e1t proti mu\u017estv\u016fm, kter\u00e9 se v porovn\u00e1n\u00ed s v\u00e1mi zlep\u0161uj\u00ed. Je to frustruj\u00edc\u00ed, ov\u0161em na dne\u0161n\u00ed z\u00e1pas se i tak t\u011b\u0161\u00edme,\u201c<\/em>\u00a0prozradil mana\u017eer o ve\u010dern\u00ed dohr\u00e1vce prvn\u00ed kola na p\u016fd\u011b Spurs. A nezapomn\u011bl ani vyzvednout poveden\u00e9 posily Harryho Redknappa:\u00a0<em>\u201eZa posledn\u00ed l\u00e9ta Tottenham p\u0159ivedl n\u011bkolik opravdu dobr\u00fdch hr\u00e1\u010d\u016f. Mysl\u00edm Rafaela van der Vaarta nebo Scotta Parkera.\u201c<\/em><\/p>\n<p>V sam\u00e9m z\u00e1v\u011bru letn\u00edho p\u0159estupov\u00e9ho okna ode\u0161el Mikel Arteta do Arsenalu. David Moyes v minulosti mluvil o prodeji v souvislosti s fotbalov\u00fdmi d\u016fvody, jen\u017ee aktu\u00e1ln\u011b p\u0159i\u0161el s nepot\u011b\u0161uj\u00edc\u00edm prohl\u00e1\u0161en\u00edm &#8211; pen\u00edze z Mikkyho odchodu nebude moct v lednu pou\u017e\u00edt na n\u00e1kupy.\u00a0<em>\u201ePodle m\u011b v\u0161ichni tu\u0161ili, \u017ee banka chce pen\u00edze. V\u011bd\u011bli to v\u0161ichni,\u201c<\/em>\u00a0nechal DM sly\u0161et. Eveton si p\u0159itom minul\u00fd rok vynutil od periodika Liverpool Echo ofici\u00e1ln\u00ed omluvu, kdy\u017e jeho novin\u00e1\u0159i napsali, \u017ee Moyes nedostane v lednu z Artetova prodeje pen\u00edze na p\u0159estupy.<\/p>\n<p>David Moyes pokra\u010doval ve srovn\u00e1n\u00ed Evertonu a Tottenhamu:\u00a0<em>\u201eNezavid\u00edm jim, n\u011bkolik let jsme s Tottenhamem soupe\u0159ili o podobn\u00e1 m\u00edsta v tabulce. V posledn\u00edch deseti letech, h\u00e1d\u00e1m, pat\u0159\u00ed k nejv\u00edce utr\u00e1cej\u00edc\u00edm t\u00fdm\u016fm v Premier League. V\u017edy poskytovali sv\u00fdm mana\u017eer\u016fm pot\u0159ebn\u00e9 finan\u010dn\u00ed prost\u0159edky, a\u0165 \u0161lo o Juanda Ramose, Martina Jola nebo Harryho Redknappa.<\/em><\/p>\n<p><em>Uv\u011bdomujeme si nutnost p\u0159iv\u00e9st do t\u00fdmu nov\u00e9 tv\u00e1\u0159e, abychom se zlep\u0161ili, je to pro n\u00e1s v\u0161ak t\u011b\u017ek\u00e9. Jeden \u010di dva t\u00fdmy si tak\u00e9 mohou \u0159\u00edct, jak je\u0161t\u011b ned\u00e1vno bojovali s Evertonem a Tottenhamem o stejn\u00e9 pozice a dnes jsou v podobn\u00e9 situaci jako my. Mus\u00edme vychov\u00e1vat vlastn\u00ed fotbalisty, kter\u00e9 dopln\u00edme o hr\u00e1\u010de z ni\u017e\u0161\u00edch lig, ty pak u n\u00e1s vytr\u00e9nujeme v konkurenceschopn\u00e9 v Premier League.\u201c<\/em> Na ot\u00e1zku, zda se nov\u00e9 tv\u00e1\u0159e z Championshipu \u010di League One do\u010dk\u00e1me v lednu, Moyes odpov\u011bd\u011bl:\u00a0<em>\u201eByl bych p\u0159ekvapen, kdyby ano.\u201c<\/em><\/p>\n","protected":false},"excerpt":{"rendered":"<p>Je\u0161t\u011b p\u0159ed t\u0159emi lety platil Everton za lep\u0161\u00ed t\u00fdm ne\u017e Spurs, jen\u017ee mu\u017estvo ze severu Lond\u00fdna za\u010dalo posledn\u00ed roky nakukovat&hellip;<\/p>\n","protected":false},"author":6,"featured_media":1312,"comment_status":"open","ping_status":"closed","sticky":false,"template":"","format":"standard","meta":{"_eb_attr":"","_monsterinsights_skip_tracking":false,"_monsterinsights_sitenote_active":false,"_monsterinsights_sitenote_note":"","_monsterinsights_sitenote_category":0,"footnotes":""},"categories":[42,1],"tags":[],"yoast_head":"<!-- This site is optimized with the Yoast SEO plugin v23.4 - https:\/\/yoast.com\/wordpress\/plugins\/seo\/ -->\n<title>Bez pen\u011bz a za Tottenhamem - Official Czech &amp; Slovak Everton Supporters&#039; Club<\/title>\n<meta name=\"robots\" content=\"index, follow, max-snippet:-1, max-image-preview:large, max-video-preview:-1\" \/>\n<link rel=\"canonical\" href=\"https:\/\/evertonfc.cz\/index.php\/2012\/01\/11\/bez-penez-a-za-tottenhamem\/\" \/>\n<meta property=\"og:locale\" content=\"cs_CZ\" \/>\n<meta property=\"og:type\" content=\"article\" \/>\n<meta property=\"og:title\" content=\"Bez pen\u011bz a za Tottenhamem - Official Czech &amp; Slovak Everton Supporters&#039; Club\" \/>\n<meta property=\"og:description\" content=\"Je\u0161t\u011b p\u0159ed t\u0159emi lety platil Everton za lep\u0161\u00ed t\u00fdm ne\u017e Spurs, jen\u017ee mu\u017estvo ze severu Lond\u00fdna za\u010dalo posledn\u00ed roky nakukovat&hellip;\" \/>\n<meta property=\"og:url\" content=\"https:\/\/evertonfc.cz\/index.php\/2012\/01\/11\/bez-penez-a-za-tottenhamem\/\" \/>\n<meta property=\"og:site_name\" content=\"Official Czech &amp; Slovak Everton Supporters&#039; Club\" \/>\n<meta property=\"article:publisher\" content=\"https:\/\/www.facebook.com\/everton.fans.cz.sk\" \/>\n<meta property=\"article:published_time\" content=\"2012-01-11T15:47:09+00:00\" \/>\n<meta property=\"article:modified_time\" content=\"2019-02-17T15:49:26+00:00\" \/>\n<meta property=\"og:image\" content=\"https:\/\/evertonfc.cz\/wp-content\/uploads\/2019\/01\/interview.jpg\" \/>\n\t<meta property=\"og:image:width\" content=\"720\" \/>\n\t<meta property=\"og:image:height\" content=\"405\" \/>\n\t<meta property=\"og:image:type\" content=\"image\/jpeg\" \/>\n<meta name=\"author\" content=\"Ri\u010di\" \/>\n<meta name=\"twitter:card\" content=\"summary_large_image\" \/>\n<meta name=\"twitter:creator\" content=\"@rbrejsa\" \/>\n<meta name=\"twitter:label1\" content=\"Napsal(a)\" \/>\n\t<meta name=\"twitter:data1\" content=\"Ri\u010di\" \/>\n\t<meta name=\"twitter:label2\" content=\"Odhadovan\u00e1 doba \u010dten\u00ed\" \/>\n\t<meta name=\"twitter:data2\" content=\"3 minuty\" \/>\n<script type=\"application\/ld+json\" class=\"yoast-schema-graph\">{\"@context\":\"https:\/\/schema.org\",\"@graph\":[{\"@type\":\"Article\",\"@id\":\"https:\/\/evertonfc.cz\/index.php\/2012\/01\/11\/bez-penez-a-za-tottenhamem\/#article\",\"isPartOf\":{\"@id\":\"https:\/\/evertonfc.cz\/index.php\/2012\/01\/11\/bez-penez-a-za-tottenhamem\/\"},\"author\":{\"name\":\"Ri\u010di\",\"@id\":\"https:\/\/evertonfc.cz\/#\/schema\/person\/f7a5daedb2ffee98480bc70e191aaef1\"},\"headline\":\"Bez pen\u011bz a za Tottenhamem\",\"datePublished\":\"2012-01-11T15:47:09+00:00\",\"dateModified\":\"2019-02-17T15:49:26+00:00\",\"mainEntityOfPage\":{\"@id\":\"https:\/\/evertonfc.cz\/index.php\/2012\/01\/11\/bez-penez-a-za-tottenhamem\/\"},\"wordCount\":645,\"commentCount\":0,\"publisher\":{\"@id\":\"https:\/\/evertonfc.cz\/#organization\"},\"image\":{\"@id\":\"https:\/\/evertonfc.cz\/index.php\/2012\/01\/11\/bez-penez-a-za-tottenhamem\/#primaryimage\"},\"thumbnailUrl\":\"https:\/\/evertonfc.cz\/wp-content\/uploads\/2019\/01\/interview.jpg\",\"articleSection\":[\"Aktuality\",\"Rozhovory\"],\"inLanguage\":\"cs\",\"potentialAction\":[{\"@type\":\"CommentAction\",\"name\":\"Comment\",\"target\":[\"https:\/\/evertonfc.cz\/index.php\/2012\/01\/11\/bez-penez-a-za-tottenhamem\/#respond\"]}]},{\"@type\":\"WebPage\",\"@id\":\"https:\/\/evertonfc.cz\/index.php\/2012\/01\/11\/bez-penez-a-za-tottenhamem\/\",\"url\":\"https:\/\/evertonfc.cz\/index.php\/2012\/01\/11\/bez-penez-a-za-tottenhamem\/\",\"name\":\"Bez pen\u011bz a za Tottenhamem - Official Czech &amp; Slovak Everton Supporters&#039; Club\",\"isPartOf\":{\"@id\":\"https:\/\/evertonfc.cz\/#website\"},\"primaryImageOfPage\":{\"@id\":\"https:\/\/evertonfc.cz\/index.php\/2012\/01\/11\/bez-penez-a-za-tottenhamem\/#primaryimage\"},\"image\":{\"@id\":\"https:\/\/evertonfc.cz\/index.php\/2012\/01\/11\/bez-penez-a-za-tottenhamem\/#primaryimage\"},\"thumbnailUrl\":\"https:\/\/evertonfc.cz\/wp-content\/uploads\/2019\/01\/interview.jpg\",\"datePublished\":\"2012-01-11T15:47:09+00:00\",\"dateModified\":\"2019-02-17T15:49:26+00:00\",\"breadcrumb\":{\"@id\":\"https:\/\/evertonfc.cz\/index.php\/2012\/01\/11\/bez-penez-a-za-tottenhamem\/#breadcrumb\"},\"inLanguage\":\"cs\",\"potentialAction\":[{\"@type\":\"ReadAction\",\"target\":[\"https:\/\/evertonfc.cz\/index.php\/2012\/01\/11\/bez-penez-a-za-tottenhamem\/\"]}]},{\"@type\":\"ImageObject\",\"inLanguage\":\"cs\",\"@id\":\"https:\/\/evertonfc.cz\/index.php\/2012\/01\/11\/bez-penez-a-za-tottenhamem\/#primaryimage\",\"url\":\"https:\/\/evertonfc.cz\/wp-content\/uploads\/2019\/01\/interview.jpg\",\"contentUrl\":\"https:\/\/evertonfc.cz\/wp-content\/uploads\/2019\/01\/interview.jpg\",\"width\":720,\"height\":405},{\"@type\":\"BreadcrumbList\",\"@id\":\"https:\/\/evertonfc.cz\/index.php\/2012\/01\/11\/bez-penez-a-za-tottenhamem\/#breadcrumb\",\"itemListElement\":[{\"@type\":\"ListItem\",\"position\":1,\"name\":\"Home\",\"item\":\"https:\/\/evertonfc.cz\/\"},{\"@type\":\"ListItem\",\"position\":2,\"name\":\"Bez pen\u011bz a za Tottenhamem\"}]},{\"@type\":\"WebSite\",\"@id\":\"https:\/\/evertonfc.cz\/#website\",\"url\":\"https:\/\/evertonfc.cz\/\",\"name\":\"Official Czech &amp; Slovak Everton Supporters&#039; Club\",\"description\":\"\",\"publisher\":{\"@id\":\"https:\/\/evertonfc.cz\/#organization\"},\"potentialAction\":[{\"@type\":\"SearchAction\",\"target\":{\"@type\":\"EntryPoint\",\"urlTemplate\":\"https:\/\/evertonfc.cz\/?s={search_term_string}\"},\"query-input\":{\"@type\":\"PropertyValueSpecification\",\"valueRequired\":true,\"valueName\":\"search_term_string\"}}],\"inLanguage\":\"cs\"},{\"@type\":\"Organization\",\"@id\":\"https:\/\/evertonfc.cz\/#organization\",\"name\":\"Official Czech & Slovak Everton Supporters' Club\",\"url\":\"https:\/\/evertonfc.cz\/\",\"logo\":{\"@type\":\"ImageObject\",\"inLanguage\":\"cs\",\"@id\":\"https:\/\/evertonfc.cz\/#\/schema\/logo\/image\/\",\"url\":\"https:\/\/evertonfc.cz\/wp-content\/uploads\/2019\/05\/logo.png\",\"contentUrl\":\"https:\/\/evertonfc.cz\/wp-content\/uploads\/2019\/05\/logo.png\",\"width\":112,\"height\":112,\"caption\":\"Official Czech & Slovak Everton Supporters' Club\"},\"image\":{\"@id\":\"https:\/\/evertonfc.cz\/#\/schema\/logo\/image\/\"},\"sameAs\":[\"https:\/\/www.facebook.com\/everton.fans.cz.sk\"]},{\"@type\":\"Person\",\"@id\":\"https:\/\/evertonfc.cz\/#\/schema\/person\/f7a5daedb2ffee98480bc70e191aaef1\",\"name\":\"Ri\u010di\",\"sameAs\":[\"https:\/\/x.com\/rbrejsa\"],\"url\":\"https:\/\/evertonfc.cz\/index.php\/author\/rici\/\"}]}<\/script>\n<!-- \/ Yoast SEO plugin. -->","yoast_head_json":{"title":"Bez pen\u011bz a za Tottenhamem - Official Czech &amp; Slovak Everton Supporters&#039; Club","robots":{"index":"index","follow":"follow","max-snippet":"max-snippet:-1","max-image-preview":"max-image-preview:large","max-video-preview":"max-video-preview:-1"},"canonical":"https:\/\/evertonfc.cz\/index.php\/2012\/01\/11\/bez-penez-a-za-tottenhamem\/","og_locale":"cs_CZ","og_type":"article","og_title":"Bez pen\u011bz a za Tottenhamem - Official Czech &amp; Slovak Everton Supporters&#039; Club","og_description":"Je\u0161t\u011b p\u0159ed t\u0159emi lety platil Everton za lep\u0161\u00ed t\u00fdm ne\u017e Spurs, jen\u017ee mu\u017estvo ze severu Lond\u00fdna za\u010dalo posledn\u00ed roky nakukovat&hellip;","og_url":"https:\/\/evertonfc.cz\/index.php\/2012\/01\/11\/bez-penez-a-za-tottenhamem\/","og_site_name":"Official Czech &amp; Slovak Everton Supporters&#039; Club","article_publisher":"https:\/\/www.facebook.com\/everton.fans.cz.sk","article_published_time":"2012-01-11T15:47:09+00:00","article_modified_time":"2019-02-17T15:49:26+00:00","og_image":[{"width":720,"height":405,"url":"https:\/\/evertonfc.cz\/wp-content\/uploads\/2019\/01\/interview.jpg","type":"image\/jpeg"}],"author":"Ri\u010di","twitter_card":"summary_large_image","twitter_creator":"@rbrejsa","twitter_misc":{"Napsal(a)":"Ri\u010di","Odhadovan\u00e1 doba \u010dten\u00ed":"3 minuty"},"schema":{"@context":"https:\/\/schema.org","@graph":[{"@type":"Article","@id":"https:\/\/evertonfc.cz\/index.php\/2012\/01\/11\/bez-penez-a-za-tottenhamem\/#article","isPartOf":{"@id":"https:\/\/evertonfc.cz\/index.php\/2012\/01\/11\/bez-penez-a-za-tottenhamem\/"},"author":{"name":"Ri\u010di","@id":"https:\/\/evertonfc.cz\/#\/schema\/person\/f7a5daedb2ffee98480bc70e191aaef1"},"headline":"Bez pen\u011bz a za Tottenhamem","datePublished":"2012-01-11T15:47:09+00:00","dateModified":"2019-02-17T15:49:26+00:00","mainEntityOfPage":{"@id":"https:\/\/evertonfc.cz\/index.php\/2012\/01\/11\/bez-penez-a-za-tottenhamem\/"},"wordCount":645,"commentCount":0,"publisher":{"@id":"https:\/\/evertonfc.cz\/#organization"},"image":{"@id":"https:\/\/evertonfc.cz\/index.php\/2012\/01\/11\/bez-penez-a-za-tottenhamem\/#primaryimage"},"thumbnailUrl":"https:\/\/evertonfc.cz\/wp-content\/uploads\/2019\/01\/interview.jpg","articleSection":["Aktuality","Rozhovory"],"inLanguage":"cs","potentialAction":[{"@type":"CommentAction","name":"Comment","target":["https:\/\/evertonfc.cz\/index.php\/2012\/01\/11\/bez-penez-a-za-tottenhamem\/#respond"]}]},{"@type":"WebPage","@id":"https:\/\/evertonfc.cz\/index.php\/2012\/01\/11\/bez-penez-a-za-tottenhamem\/","url":"https:\/\/evertonfc.cz\/index.php\/2012\/01\/11\/bez-penez-a-za-tottenhamem\/","name":"Bez pen\u011bz a za Tottenhamem - Official Czech &amp; Slovak Everton Supporters&#039; Club","isPartOf":{"@id":"https:\/\/evertonfc.cz\/#website"},"primaryImageOfPage":{"@id":"https:\/\/evertonfc.cz\/index.php\/2012\/01\/11\/bez-penez-a-za-tottenhamem\/#primaryimage"},"image":{"@id":"https:\/\/evertonfc.cz\/index.php\/2012\/01\/11\/bez-penez-a-za-tottenhamem\/#primaryimage"},"thumbnailUrl":"https:\/\/evertonfc.cz\/wp-content\/uploads\/2019\/01\/interview.jpg","datePublished":"2012-01-11T15:47:09+00:00","dateModified":"2019-02-17T15:49:26+00:00","breadcrumb":{"@id":"https:\/\/evertonfc.cz\/index.php\/2012\/01\/11\/bez-penez-a-za-tottenhamem\/#breadcrumb"},"inLanguage":"cs","potentialAction":[{"@type":"ReadAction","target":["https:\/\/evertonfc.cz\/index.php\/2012\/01\/11\/bez-penez-a-za-tottenhamem\/"]}]},{"@type":"ImageObject","inLanguage":"cs","@id":"https:\/\/evertonfc.cz\/index.php\/2012\/01\/11\/bez-penez-a-za-tottenhamem\/#primaryimage","url":"https:\/\/evertonfc.cz\/wp-content\/uploads\/2019\/01\/interview.jpg","contentUrl":"https:\/\/evertonfc.cz\/wp-content\/uploads\/2019\/01\/interview.jpg","width":720,"height":405},{"@type":"BreadcrumbList","@id":"https:\/\/evertonfc.cz\/index.php\/2012\/01\/11\/bez-penez-a-za-tottenhamem\/#breadcrumb","itemListElement":[{"@type":"ListItem","position":1,"name":"Home","item":"https:\/\/evertonfc.cz\/"},{"@type":"ListItem","position":2,"name":"Bez pen\u011bz a za Tottenhamem"}]},{"@type":"WebSite","@id":"https:\/\/evertonfc.cz\/#website","url":"https:\/\/evertonfc.cz\/","name":"Official Czech &amp; Slovak Everton Supporters&#039; Club","description":"","publisher":{"@id":"https:\/\/evertonfc.cz\/#organization"},"potentialAction":[{"@type":"SearchAction","target":{"@type":"EntryPoint","urlTemplate":"https:\/\/evertonfc.cz\/?s={search_term_string}"},"query-input":{"@type":"PropertyValueSpecification","valueRequired":true,"valueName":"search_term_string"}}],"inLanguage":"cs"},{"@type":"Organization","@id":"https:\/\/evertonfc.cz\/#organization","name":"Official Czech & Slovak Everton Supporters' Club","url":"https:\/\/evertonfc.cz\/","logo":{"@type":"ImageObject","inLanguage":"cs","@id":"https:\/\/evertonfc.cz\/#\/schema\/logo\/image\/","url":"https:\/\/evertonfc.cz\/wp-content\/uploads\/2019\/05\/logo.png","contentUrl":"https:\/\/evertonfc.cz\/wp-content\/uploads\/2019\/05\/logo.png","width":112,"height":112,"caption":"Official Czech & Slovak Everton Supporters' Club"},"image":{"@id":"https:\/\/evertonfc.cz\/#\/schema\/logo\/image\/"},"sameAs":["https:\/\/www.facebook.com\/everton.fans.cz.sk"]},{"@type":"Person","@id":"https:\/\/evertonfc.cz\/#\/schema\/person\/f7a5daedb2ffee98480bc70e191aaef1","name":"Ri\u010di","sameAs":["https:\/\/x.com\/rbrejsa"],"url":"https:\/\/evertonfc.cz\/index.php\/author\/rici\/"}]}},"_links":{"self":[{"href":"https:\/\/evertonfc.cz\/index.php\/wp-json\/wp\/v2\/posts\/6071"}],"collection":[{"href":"https:\/\/evertonfc.cz\/index.php\/wp-json\/wp\/v2\/posts"}],"about":[{"href":"https:\/\/evertonfc.cz\/index.php\/wp-json\/wp\/v2\/types\/post"}],"author":[{"embeddable":true,"href":"https:\/\/evertonfc.cz\/index.php\/wp-json\/wp\/v2\/users\/6"}],"replies":[{"embeddable":true,"href":"https:\/\/evertonfc.cz\/index.php\/wp-json\/wp\/v2\/comments?post=6071"}],"version-history":[{"count":1,"href":"https:\/\/evertonfc.cz\/index.php\/wp-json\/wp\/v2\/posts\/6071\/revisions"}],"predecessor-version":[{"id":6074,"href":"https:\/\/evertonfc.cz\/index.php\/wp-json\/wp\/v2\/posts\/6071\/revisions\/6074"}],"wp:featuredmedia":[{"embeddable":true,"href":"https:\/\/evertonfc.cz\/index.php\/wp-json\/wp\/v2\/media\/1312"}],"wp:attachment":[{"href":"https:\/\/evertonfc.cz\/index.php\/wp-json\/wp\/v2\/media?parent=6071"}],"wp:term":[{"taxonomy":"category","embeddable":true,"href":"https:\/\/evertonfc.cz\/index.php\/wp-json\/wp\/v2\/categories?post=6071"},{"taxonomy":"post_tag","embeddable":true,"href":"https:\/\/evertonfc.cz\/index.php\/wp-json\/wp\/v2\/tags?post=6071"}],"curies":[{"name":"wp","href":"https:\/\/api.w.org\/{rel}","templated":true}]}}