{"id":6080,"date":"2012-10-28T16:51:07","date_gmt":"2012-10-28T15:51:07","guid":{"rendered":"http:\/\/evertonfc.cz\/?p=6080"},"modified":"2019-02-17T18:04:52","modified_gmt":"2019-02-17T17:04:52","slug":"everton-liverpool-22","status":"publish","type":"post","link":"https:\/\/evertonfc.cz\/index.php\/2012\/10\/28\/everton-liverpool-22\/","title":{"rendered":"Everton &#8211; Liverpool 2:2"},"content":{"rendered":"<h4 id=\"NewsPostDetailSummary\">Toffees po dvaceti minut\u00e1ch prohr\u00e1vali 0:2, ov\u0161em je\u0161t\u011b do p\u0159est\u00e1vky vyrovnali. A jeliko\u017e druh\u00fd polo\u010das \u017e\u00e1dn\u00fd g\u00f3l nep\u0159inesl, tedy \u017e\u00e1dn\u00fd g\u00f3l, kter\u00fd by sud\u00ed uznal, oba t\u00fdmy si rozd\u011blily po bodu.<\/h4>\n<div id=\"NewsPostDetailContent\">\n<p>Sedm\u00e1 minuta a Coleman alibisticky br\u00e1nil Enrique, tak\u017ee mu \u0160pan\u011bl utekl a jeho p\u0159eta\u017een\u00fd centr si zpracoval Su\u00e1rez, nap\u00e1lil m\u00ed\u010d p\u0159ed br\u00e1nu, kde trefil Baines, od n\u011bho\u017e se st\u0159ela odrazila do br\u00e1ny &#8211; <strong>0:1<\/strong>. Uruguajsk\u00fd \u00fato\u010dn\u00edk dal oslavou branky Moyesovi jasn\u011b najevo (teatr\u00e1ln\u011b spadl p\u0159ed lavi\u010dkou Evertonu), co si mysl\u00ed o jeho \u0159e\u010dech na svou adresu.<\/p>\n<p>O \u0161est minut bylo je\u0161t\u011b h\u016f\u0159e, Gerrard ide\u00e1ln\u011b zahr\u00e1l standartn\u00ed situaci a Luis Su\u00e1rez nik\u00fdm nehl\u00eddan\u00fd hlavi\u010dkou p\u0159ekonal Howarda &#8211; 0:2. Na\u0161t\u011bst\u00ed ve 22. minut\u011b Leon Osman odra\u017een\u00fd balon po rohov\u00e9m kopu s te\u010d\u00ed Allena p\u0159esn\u011b uklidil do branky &#8211; <strong>1:2<\/strong>.<\/p>\n<p>Everton v tento moment sv\u00e9ho soupe\u0159e p\u0159ehr\u00e1val, Jelavi\u0107 ale nad\u011bjnou situaci vy\u0159e\u0161il \u0161patnou p\u0159ihr\u00e1vkou na Fellainiho. Ve 35. minut\u011b vlasat\u00fd z\u00e1lo\u017en\u00edk poslal p\u0159esn\u00fd pas p\u0159ed br\u00e1nku, Steven Naismith u\u017e v\u011bd\u011bl co d\u011blat a bez probl\u00e9mu zbl\u00edzka sk\u00f3roval &#8211; <strong>2:2<\/strong>. Naismith v z\u00e1kladn\u00ed sestav\u011b nahradil potrestan\u00e9ho Pienaara a Moyesovi se za d\u016fv\u011bru odvd\u011b\u010dil prvn\u00ed brankou za EFC.<\/p>\n<p>Do konce polo\u010dasu se \u010dinil hlavn\u011b Mirallas, dvakr\u00e1t hezky prov\u011btroval obranu Reds, jednou musel Jones zasahovat. Bohu\u017eel do Mirallase p\u0159ed p\u0159est\u00e1vkou zajel nedovolen\u00fdm zp\u016fsobem Suar\u00e9z, Belgi\u010dan tak musel o p\u0159est\u00e1vce st\u0159\u00eddat. Mimochodem Suar\u00e9z za sv\u016fj z\u00e1krok nevid\u011bl ani \u017elutou kartu, tu si naopak prohl\u00e9dl b\u011bhem prvn\u00ed p\u016fli za simulaci Neville.<\/p>\n<p>Na za\u010d\u00e1tku druh\u00e9 p\u016fle Toffees \u0161patn\u011b br\u00e1nili, op\u011bt chyboval Jagielka a Sterling se po Enriqueho pasu objevil v jasn\u00e9 \u0161anci s\u00e1m p\u0159ed branka\u0159, zakon\u010dil v\u0161ak velmi zle a br\u00e1nu o mnoho minul. Rodgers se o polo\u010dase uch\u00fdlil k rozestaven\u00ed s p\u011bti obr\u00e1nci a Liverpool vypadal jako kdyby mu bod sta\u010dil, hr\u00e1t necht\u011bl, spol\u00e9hal jen na brejkov\u00e9 situace.<\/p>\n<p>Everton p\u016fsobil aktivn\u011bji, ov\u0161em chyb\u011bla mu fin\u00e1ln\u00ed f\u00e1ze. Po hodin\u011b Fellaini nebezpe\u010dn\u011b hlavi\u010dkoval, br\u00e1nu minul o metr. Neusp\u011bl ani Jelavi\u0107, jeho hlavi\u010dka \u0161la tak\u00e9 vedle. Evertonsk\u00fd \u00fato\u010dn\u00edk se ale ocitnul v dobr\u00e9 pozici, minim\u00e1ln\u011b z\u00e1krok Jonese m\u011bl n\u00e1sledovat.<\/p>\n<p>Liverpool hrozil po akci Suar\u00e9ze a Gerrada, jejich st\u0159el\u00e1m blokem zabr\u00e1nili Jagielka a Baines. V sam\u00e9m nastaven\u00ed Coates po trestn\u00e9m kopu prodlou\u017eil na Suareze, jen\u017e p\u0159ekonal Howard. Pomezn\u00ed na lajn\u011b ale odm\u00e1val ofsajd. \u0160patn\u011b. Na druhou stranu Suar\u00e9z i ve druh\u00e9 p\u016fli p\u0159edvedl nechutn\u00fd z\u00e1krok, Distina nepochopiteln\u011b do\u0161l\u00e1pl zezadu, uvid\u011bl sice \u017elutou kartu, se\u010dteno s faulem na Mirallase se rovn\u00e1 \u010derven\u00e9 kart\u011b.<\/p>\n<p><strong>Branky:<\/strong> 22. Leon Osman, 35. Steven Naismith &#8211; 14. Leighton Baines (vl.), 20. Luis Su\u00e1rez<br \/>\n<strong>\u017dK:<\/strong> 20. Leon Osman, 45. Phil Neville, 57. Phil Jagielka, 86. Seamus Coleman &#8211; 29. Raheem Sterling, 69. Daniel Agger, 71. Luis Su\u00e1rez<br \/>\n<strong>Everton FC:<\/strong> Tim Howard, Leighton Baines, Phil Jagielka, Sylvain Distin, Seamus Coleman, Kevin Mirallas (46. Magaye Gueye), Steven Naismith (85. Bryan Oviedo), Phil Neville, Leon Osman, Nikica Jelavi\u0107, Marouane Fellaini<br \/>\n<strong>Liverpool FC:<\/strong> Brad Jones, Jos\u00e9 Enrique, Daniel Agger, Martin \u0160krtel, Andre Wisdom (70. Jordan Henderson), Steven Gerrard, Joe Allen, Suso (46. Jonjo Shelvey), Raheem Sterling, Nuri \u015eahin (46. Sebastian Coates), Luis Su\u00e1rez<br \/>\n<strong>Rozhod\u010d\u00ed:<\/strong> Andre Marriner<br \/>\n<strong>Div\u00e1ci:<\/strong> 39 613<\/p>\n<\/div>\n","protected":false},"excerpt":{"rendered":"<p>Toffees po dvaceti minut\u00e1ch prohr\u00e1vali 0:2, ov\u0161em je\u0161t\u011b do p\u0159est\u00e1vky vyrovnali. A jeliko\u017e druh\u00fd polo\u010das \u017e\u00e1dn\u00fd g\u00f3l nep\u0159inesl, tedy \u017e\u00e1dn\u00fd&hellip;<\/p>\n","protected":false},"author":6,"featured_media":1315,"comment_status":"open","ping_status":"closed","sticky":false,"template":"","format":"standard","meta":{"_eb_attr":"","_monsterinsights_skip_tracking":false,"_monsterinsights_sitenote_active":false,"_monsterinsights_sitenote_note":"","_monsterinsights_sitenote_category":0,"footnotes":""},"categories":[4],"tags":[],"yoast_head":"<!-- This site is optimized with the Yoast SEO plugin v23.4 - https:\/\/yoast.com\/wordpress\/plugins\/seo\/ -->\n<title>Everton - Liverpool 2:2 - Official Czech &amp; Slovak Everton Supporters&#039; Club<\/title>\n<meta name=\"robots\" content=\"index, follow, max-snippet:-1, max-image-preview:large, max-video-preview:-1\" \/>\n<link rel=\"canonical\" href=\"https:\/\/evertonfc.cz\/index.php\/2012\/10\/28\/everton-liverpool-22\/\" \/>\n<meta property=\"og:locale\" content=\"cs_CZ\" \/>\n<meta property=\"og:type\" content=\"article\" \/>\n<meta property=\"og:title\" content=\"Everton - Liverpool 2:2 - Official Czech &amp; Slovak Everton Supporters&#039; Club\" \/>\n<meta property=\"og:description\" content=\"Toffees po dvaceti minut\u00e1ch prohr\u00e1vali 0:2, ov\u0161em je\u0161t\u011b do p\u0159est\u00e1vky vyrovnali. A jeliko\u017e druh\u00fd polo\u010das \u017e\u00e1dn\u00fd g\u00f3l nep\u0159inesl, tedy \u017e\u00e1dn\u00fd&hellip;\" \/>\n<meta property=\"og:url\" content=\"https:\/\/evertonfc.cz\/index.php\/2012\/10\/28\/everton-liverpool-22\/\" \/>\n<meta property=\"og:site_name\" content=\"Official Czech &amp; Slovak Everton Supporters&#039; Club\" \/>\n<meta property=\"article:publisher\" content=\"https:\/\/www.facebook.com\/everton.fans.cz.sk\" \/>\n<meta property=\"article:published_time\" content=\"2012-10-28T15:51:07+00:00\" \/>\n<meta property=\"article:modified_time\" content=\"2019-02-17T17:04:52+00:00\" \/>\n<meta property=\"og:image\" content=\"https:\/\/evertonfc.cz\/wp-content\/uploads\/2019\/01\/report.jpg\" \/>\n\t<meta property=\"og:image:width\" content=\"720\" \/>\n\t<meta property=\"og:image:height\" content=\"405\" \/>\n\t<meta property=\"og:image:type\" content=\"image\/jpeg\" \/>\n<meta name=\"author\" content=\"Ri\u010di\" \/>\n<meta name=\"twitter:card\" content=\"summary_large_image\" \/>\n<meta name=\"twitter:creator\" content=\"@rbrejsa\" \/>\n<meta name=\"twitter:label1\" content=\"Napsal(a)\" \/>\n\t<meta name=\"twitter:data1\" content=\"Ri\u010di\" \/>\n\t<meta name=\"twitter:label2\" content=\"Odhadovan\u00e1 doba \u010dten\u00ed\" \/>\n\t<meta name=\"twitter:data2\" content=\"3 minuty\" \/>\n<script type=\"application\/ld+json\" class=\"yoast-schema-graph\">{\"@context\":\"https:\/\/schema.org\",\"@graph\":[{\"@type\":\"Article\",\"@id\":\"https:\/\/evertonfc.cz\/index.php\/2012\/10\/28\/everton-liverpool-22\/#article\",\"isPartOf\":{\"@id\":\"https:\/\/evertonfc.cz\/index.php\/2012\/10\/28\/everton-liverpool-22\/\"},\"author\":{\"name\":\"Ri\u010di\",\"@id\":\"https:\/\/evertonfc.cz\/#\/schema\/person\/f7a5daedb2ffee98480bc70e191aaef1\"},\"headline\":\"Everton &#8211; Liverpool 2:2\",\"datePublished\":\"2012-10-28T15:51:07+00:00\",\"dateModified\":\"2019-02-17T17:04:52+00:00\",\"mainEntityOfPage\":{\"@id\":\"https:\/\/evertonfc.cz\/index.php\/2012\/10\/28\/everton-liverpool-22\/\"},\"wordCount\":621,\"commentCount\":0,\"publisher\":{\"@id\":\"https:\/\/evertonfc.cz\/#organization\"},\"image\":{\"@id\":\"https:\/\/evertonfc.cz\/index.php\/2012\/10\/28\/everton-liverpool-22\/#primaryimage\"},\"thumbnailUrl\":\"https:\/\/evertonfc.cz\/wp-content\/uploads\/2019\/01\/report.jpg\",\"articleSection\":[\"Z\u00e1pasy\"],\"inLanguage\":\"cs\",\"potentialAction\":[{\"@type\":\"CommentAction\",\"name\":\"Comment\",\"target\":[\"https:\/\/evertonfc.cz\/index.php\/2012\/10\/28\/everton-liverpool-22\/#respond\"]}]},{\"@type\":\"WebPage\",\"@id\":\"https:\/\/evertonfc.cz\/index.php\/2012\/10\/28\/everton-liverpool-22\/\",\"url\":\"https:\/\/evertonfc.cz\/index.php\/2012\/10\/28\/everton-liverpool-22\/\",\"name\":\"Everton - Liverpool 2:2 - Official Czech &amp; Slovak Everton Supporters&#039; Club\",\"isPartOf\":{\"@id\":\"https:\/\/evertonfc.cz\/#website\"},\"primaryImageOfPage\":{\"@id\":\"https:\/\/evertonfc.cz\/index.php\/2012\/10\/28\/everton-liverpool-22\/#primaryimage\"},\"image\":{\"@id\":\"https:\/\/evertonfc.cz\/index.php\/2012\/10\/28\/everton-liverpool-22\/#primaryimage\"},\"thumbnailUrl\":\"https:\/\/evertonfc.cz\/wp-content\/uploads\/2019\/01\/report.jpg\",\"datePublished\":\"2012-10-28T15:51:07+00:00\",\"dateModified\":\"2019-02-17T17:04:52+00:00\",\"breadcrumb\":{\"@id\":\"https:\/\/evertonfc.cz\/index.php\/2012\/10\/28\/everton-liverpool-22\/#breadcrumb\"},\"inLanguage\":\"cs\",\"potentialAction\":[{\"@type\":\"ReadAction\",\"target\":[\"https:\/\/evertonfc.cz\/index.php\/2012\/10\/28\/everton-liverpool-22\/\"]}]},{\"@type\":\"ImageObject\",\"inLanguage\":\"cs\",\"@id\":\"https:\/\/evertonfc.cz\/index.php\/2012\/10\/28\/everton-liverpool-22\/#primaryimage\",\"url\":\"https:\/\/evertonfc.cz\/wp-content\/uploads\/2019\/01\/report.jpg\",\"contentUrl\":\"https:\/\/evertonfc.cz\/wp-content\/uploads\/2019\/01\/report.jpg\",\"width\":720,\"height\":405},{\"@type\":\"BreadcrumbList\",\"@id\":\"https:\/\/evertonfc.cz\/index.php\/2012\/10\/28\/everton-liverpool-22\/#breadcrumb\",\"itemListElement\":[{\"@type\":\"ListItem\",\"position\":1,\"name\":\"Home\",\"item\":\"https:\/\/evertonfc.cz\/\"},{\"@type\":\"ListItem\",\"position\":2,\"name\":\"Everton &#8211; Liverpool 2:2\"}]},{\"@type\":\"WebSite\",\"@id\":\"https:\/\/evertonfc.cz\/#website\",\"url\":\"https:\/\/evertonfc.cz\/\",\"name\":\"Official Czech &amp; Slovak Everton Supporters&#039; Club\",\"description\":\"\",\"publisher\":{\"@id\":\"https:\/\/evertonfc.cz\/#organization\"},\"potentialAction\":[{\"@type\":\"SearchAction\",\"target\":{\"@type\":\"EntryPoint\",\"urlTemplate\":\"https:\/\/evertonfc.cz\/?s={search_term_string}\"},\"query-input\":{\"@type\":\"PropertyValueSpecification\",\"valueRequired\":true,\"valueName\":\"search_term_string\"}}],\"inLanguage\":\"cs\"},{\"@type\":\"Organization\",\"@id\":\"https:\/\/evertonfc.cz\/#organization\",\"name\":\"Official Czech & Slovak Everton Supporters' Club\",\"url\":\"https:\/\/evertonfc.cz\/\",\"logo\":{\"@type\":\"ImageObject\",\"inLanguage\":\"cs\",\"@id\":\"https:\/\/evertonfc.cz\/#\/schema\/logo\/image\/\",\"url\":\"https:\/\/evertonfc.cz\/wp-content\/uploads\/2019\/05\/logo.png\",\"contentUrl\":\"https:\/\/evertonfc.cz\/wp-content\/uploads\/2019\/05\/logo.png\",\"width\":112,\"height\":112,\"caption\":\"Official Czech & Slovak Everton Supporters' Club\"},\"image\":{\"@id\":\"https:\/\/evertonfc.cz\/#\/schema\/logo\/image\/\"},\"sameAs\":[\"https:\/\/www.facebook.com\/everton.fans.cz.sk\"]},{\"@type\":\"Person\",\"@id\":\"https:\/\/evertonfc.cz\/#\/schema\/person\/f7a5daedb2ffee98480bc70e191aaef1\",\"name\":\"Ri\u010di\",\"sameAs\":[\"https:\/\/x.com\/rbrejsa\"],\"url\":\"https:\/\/evertonfc.cz\/index.php\/author\/rici\/\"}]}<\/script>\n<!-- \/ Yoast SEO plugin. -->","yoast_head_json":{"title":"Everton - Liverpool 2:2 - Official Czech &amp; Slovak Everton Supporters&#039; Club","robots":{"index":"index","follow":"follow","max-snippet":"max-snippet:-1","max-image-preview":"max-image-preview:large","max-video-preview":"max-video-preview:-1"},"canonical":"https:\/\/evertonfc.cz\/index.php\/2012\/10\/28\/everton-liverpool-22\/","og_locale":"cs_CZ","og_type":"article","og_title":"Everton - Liverpool 2:2 - Official Czech &amp; Slovak Everton Supporters&#039; Club","og_description":"Toffees po dvaceti minut\u00e1ch prohr\u00e1vali 0:2, ov\u0161em je\u0161t\u011b do p\u0159est\u00e1vky vyrovnali. A jeliko\u017e druh\u00fd polo\u010das \u017e\u00e1dn\u00fd g\u00f3l nep\u0159inesl, tedy \u017e\u00e1dn\u00fd&hellip;","og_url":"https:\/\/evertonfc.cz\/index.php\/2012\/10\/28\/everton-liverpool-22\/","og_site_name":"Official Czech &amp; Slovak Everton Supporters&#039; Club","article_publisher":"https:\/\/www.facebook.com\/everton.fans.cz.sk","article_published_time":"2012-10-28T15:51:07+00:00","article_modified_time":"2019-02-17T17:04:52+00:00","og_image":[{"width":720,"height":405,"url":"https:\/\/evertonfc.cz\/wp-content\/uploads\/2019\/01\/report.jpg","type":"image\/jpeg"}],"author":"Ri\u010di","twitter_card":"summary_large_image","twitter_creator":"@rbrejsa","twitter_misc":{"Napsal(a)":"Ri\u010di","Odhadovan\u00e1 doba \u010dten\u00ed":"3 minuty"},"schema":{"@context":"https:\/\/schema.org","@graph":[{"@type":"Article","@id":"https:\/\/evertonfc.cz\/index.php\/2012\/10\/28\/everton-liverpool-22\/#article","isPartOf":{"@id":"https:\/\/evertonfc.cz\/index.php\/2012\/10\/28\/everton-liverpool-22\/"},"author":{"name":"Ri\u010di","@id":"https:\/\/evertonfc.cz\/#\/schema\/person\/f7a5daedb2ffee98480bc70e191aaef1"},"headline":"Everton &#8211; Liverpool 2:2","datePublished":"2012-10-28T15:51:07+00:00","dateModified":"2019-02-17T17:04:52+00:00","mainEntityOfPage":{"@id":"https:\/\/evertonfc.cz\/index.php\/2012\/10\/28\/everton-liverpool-22\/"},"wordCount":621,"commentCount":0,"publisher":{"@id":"https:\/\/evertonfc.cz\/#organization"},"image":{"@id":"https:\/\/evertonfc.cz\/index.php\/2012\/10\/28\/everton-liverpool-22\/#primaryimage"},"thumbnailUrl":"https:\/\/evertonfc.cz\/wp-content\/uploads\/2019\/01\/report.jpg","articleSection":["Z\u00e1pasy"],"inLanguage":"cs","potentialAction":[{"@type":"CommentAction","name":"Comment","target":["https:\/\/evertonfc.cz\/index.php\/2012\/10\/28\/everton-liverpool-22\/#respond"]}]},{"@type":"WebPage","@id":"https:\/\/evertonfc.cz\/index.php\/2012\/10\/28\/everton-liverpool-22\/","url":"https:\/\/evertonfc.cz\/index.php\/2012\/10\/28\/everton-liverpool-22\/","name":"Everton - Liverpool 2:2 - Official Czech &amp; Slovak Everton Supporters&#039; Club","isPartOf":{"@id":"https:\/\/evertonfc.cz\/#website"},"primaryImageOfPage":{"@id":"https:\/\/evertonfc.cz\/index.php\/2012\/10\/28\/everton-liverpool-22\/#primaryimage"},"image":{"@id":"https:\/\/evertonfc.cz\/index.php\/2012\/10\/28\/everton-liverpool-22\/#primaryimage"},"thumbnailUrl":"https:\/\/evertonfc.cz\/wp-content\/uploads\/2019\/01\/report.jpg","datePublished":"2012-10-28T15:51:07+00:00","dateModified":"2019-02-17T17:04:52+00:00","breadcrumb":{"@id":"https:\/\/evertonfc.cz\/index.php\/2012\/10\/28\/everton-liverpool-22\/#breadcrumb"},"inLanguage":"cs","potentialAction":[{"@type":"ReadAction","target":["https:\/\/evertonfc.cz\/index.php\/2012\/10\/28\/everton-liverpool-22\/"]}]},{"@type":"ImageObject","inLanguage":"cs","@id":"https:\/\/evertonfc.cz\/index.php\/2012\/10\/28\/everton-liverpool-22\/#primaryimage","url":"https:\/\/evertonfc.cz\/wp-content\/uploads\/2019\/01\/report.jpg","contentUrl":"https:\/\/evertonfc.cz\/wp-content\/uploads\/2019\/01\/report.jpg","width":720,"height":405},{"@type":"BreadcrumbList","@id":"https:\/\/evertonfc.cz\/index.php\/2012\/10\/28\/everton-liverpool-22\/#breadcrumb","itemListElement":[{"@type":"ListItem","position":1,"name":"Home","item":"https:\/\/evertonfc.cz\/"},{"@type":"ListItem","position":2,"name":"Everton &#8211; Liverpool 2:2"}]},{"@type":"WebSite","@id":"https:\/\/evertonfc.cz\/#website","url":"https:\/\/evertonfc.cz\/","name":"Official Czech &amp; Slovak Everton Supporters&#039; Club","description":"","publisher":{"@id":"https:\/\/evertonfc.cz\/#organization"},"potentialAction":[{"@type":"SearchAction","target":{"@type":"EntryPoint","urlTemplate":"https:\/\/evertonfc.cz\/?s={search_term_string}"},"query-input":{"@type":"PropertyValueSpecification","valueRequired":true,"valueName":"search_term_string"}}],"inLanguage":"cs"},{"@type":"Organization","@id":"https:\/\/evertonfc.cz\/#organization","name":"Official Czech & Slovak Everton Supporters' Club","url":"https:\/\/evertonfc.cz\/","logo":{"@type":"ImageObject","inLanguage":"cs","@id":"https:\/\/evertonfc.cz\/#\/schema\/logo\/image\/","url":"https:\/\/evertonfc.cz\/wp-content\/uploads\/2019\/05\/logo.png","contentUrl":"https:\/\/evertonfc.cz\/wp-content\/uploads\/2019\/05\/logo.png","width":112,"height":112,"caption":"Official Czech & Slovak Everton Supporters' Club"},"image":{"@id":"https:\/\/evertonfc.cz\/#\/schema\/logo\/image\/"},"sameAs":["https:\/\/www.facebook.com\/everton.fans.cz.sk"]},{"@type":"Person","@id":"https:\/\/evertonfc.cz\/#\/schema\/person\/f7a5daedb2ffee98480bc70e191aaef1","name":"Ri\u010di","sameAs":["https:\/\/x.com\/rbrejsa"],"url":"https:\/\/evertonfc.cz\/index.php\/author\/rici\/"}]}},"_links":{"self":[{"href":"https:\/\/evertonfc.cz\/index.php\/wp-json\/wp\/v2\/posts\/6080"}],"collection":[{"href":"https:\/\/evertonfc.cz\/index.php\/wp-json\/wp\/v2\/posts"}],"about":[{"href":"https:\/\/evertonfc.cz\/index.php\/wp-json\/wp\/v2\/types\/post"}],"author":[{"embeddable":true,"href":"https:\/\/evertonfc.cz\/index.php\/wp-json\/wp\/v2\/users\/6"}],"replies":[{"embeddable":true,"href":"https:\/\/evertonfc.cz\/index.php\/wp-json\/wp\/v2\/comments?post=6080"}],"version-history":[{"count":3,"href":"https:\/\/evertonfc.cz\/index.php\/wp-json\/wp\/v2\/posts\/6080\/revisions"}],"predecessor-version":[{"id":6209,"href":"https:\/\/evertonfc.cz\/index.php\/wp-json\/wp\/v2\/posts\/6080\/revisions\/6209"}],"wp:featuredmedia":[{"embeddable":true,"href":"https:\/\/evertonfc.cz\/index.php\/wp-json\/wp\/v2\/media\/1315"}],"wp:attachment":[{"href":"https:\/\/evertonfc.cz\/index.php\/wp-json\/wp\/v2\/media?parent=6080"}],"wp:term":[{"taxonomy":"category","embeddable":true,"href":"https:\/\/evertonfc.cz\/index.php\/wp-json\/wp\/v2\/categories?post=6080"},{"taxonomy":"post_tag","embeddable":true,"href":"https:\/\/evertonfc.cz\/index.php\/wp-json\/wp\/v2\/tags?post=6080"}],"curies":[{"name":"wp","href":"https:\/\/api.w.org\/{rel}","templated":true}]}}