{"id":6081,"date":"2012-01-13T16:51:15","date_gmt":"2012-01-13T15:51:15","guid":{"rendered":"http:\/\/evertonfc.cz\/?p=6081"},"modified":"2019-02-17T16:53:03","modified_gmt":"2019-02-17T15:53:03","slug":"darron-gibson-novou-posilou","status":"publish","type":"post","link":"https:\/\/evertonfc.cz\/index.php\/2012\/01\/13\/darron-gibson-novou-posilou\/","title":{"rendered":"Darron Gibson novou posilou"},"content":{"rendered":"<h4>Po v\u00edce ne\u017e dvou letech Everton koupil hr\u00e1\u010de do prvn\u00edho t\u00fdmu. Darron Gibson dnes na Goodison Parku podepsal smlouvu na \u010dty\u0159i a p\u016fl roku.<\/h4>\n<p>Za \u010dty\u0159iadvacetilet\u00e9ho st\u0159edn\u00edho z\u00e1lo\u017en\u00edka zaplatil Everton nezve\u0159ejn\u011bnou sumu, nej\u010dast\u011bji se v\u0161ak mluv\u00ed o 1.5 milionu. Irsk\u00fd reprezentant, kter\u00e9mu na Old Trafford v l\u00e9t\u011b kon\u010dila smlouva, bude nosit dres s \u010d\u00edslem 4.<\/p>\n<p><em>\u201eEverton je velk\u00fd klub se skv\u011bl\u00fdmi fanou\u0161ky a douf\u00e1m, \u017ee t\u00fdmu pom\u016f\u017eu,\u201c<\/em>\u00a0\u0159\u00edk\u00e1 nov\u00e1 tv\u00e1\u0159.\u00a0<em>\u201eMysl\u00edm, \u017ee jsem g\u00f3lov\u011b produktivn\u00ed z\u00e1lo\u017en\u00edk, n\u011bkolik g\u00f3l\u016f z v\u011bt\u0161\u00ed vzd\u00e1lenosti u\u017e jsem vst\u0159elil, i kdy\u017e mysl\u00edm \u017ee jsem je\u0161t\u011b nedal \u017e\u00e1dn\u00fd z pozice ve v\u00e1pn\u011b! Pokud d\u00e1v\u00e1m g\u00f3ly, je to pro m\u011b bonus. Jen chci hr\u00e1t pro t\u00fdm tak dob\u0159e, jak jen to p\u016fjde.\u201c<\/em><\/p>\n<p>Gibson naposled za Manchester United nastoupil na Boxing Day, kdy Red Devils porazili Wigan 5-0. Debutovat v kr\u00e1lovsky modr\u00e9 by pak mohl u\u017e z\u00edtra proti Aston Ville. Odchovanec United za\u010dal do tamn\u00edho prvn\u00edho t\u00fdmu nakukovat v sezon\u011b 2005\/06 a od t\u00e9 doby nastoupil v \u0161edes\u00e1ti z\u00e1pasech, v nich\u017e se trefil desetkr\u00e1t &#8211; v\u011bt\u0161inou pr\u00e1v\u011b z v\u011bt\u0161\u00ed \u010di st\u0159edn\u00ed vzd\u00e1lenosti, co\u017e pat\u0159\u00ed k jeho velk\u00fdm p\u0159ednostem. Irskou republiku zat\u00edm reprezentoval v sedmn\u00e1cti utk\u00e1n\u00edch, ve kter\u00fdch se st\u0159elecky prosadil jednou.<\/p>\n<p><em>\u201eV United jsem byl hodn\u011b frustrovan\u00fd, ob\u010das to bylo hodn\u011b t\u011b\u017ek\u00e9. Mysl\u00edm, \u017ee kdy\u017e jsem \u0161anci dostal, hr\u00e1l jsem dob\u0159e, ale i tak na m\u011b nikdy nezb\u00fdvalo m\u00edsto a sem tam jsem jen odehr\u00e1l jeden nebo dva z\u00e1pasy. Bylo to frustruj\u00edc\u00ed. Tohle byl spr\u00e1vn\u00fd \u010das odej\u00edt a na nov\u00fd t\u00fdm se t\u011b\u0161\u00edm. Kdy\u017e jsou v\u0161ichni zdrav\u00ed, je tu skv\u011bl\u00e9 mu\u017estvo a douf\u00e1m, \u017ee ho dok\u00e1\u017eu je\u0161t\u011b vylep\u0161it,\u201c<\/em>\u00a0\u0159\u00edk\u00e1 rod\u00e1k ze severoirsk\u00e9ho Derry.<\/p>\n<p>Podle Davida Moyese Gibson pom\u016f\u017ee ofenzivn\u00ed str\u00e1nce t\u00fdmu a z\u00e1rove\u0148 si pochvaluje, \u017ee hr\u00e1\u010d m\u00e1 nejlep\u0161\u00ed fotbalov\u00e9 roky je\u0161t\u011b p\u0159ed sebou.\u00a0<em>\u201eDouf\u00e1m, \u017ee se n\u00e1m poda\u0159ilo z\u00edskat opravdu hladov\u00e9ho hr\u00e1\u010de a n\u011bkoho, kdo chce za ka\u017edou cenu uk\u00e1zat, co um\u00ed. Vid\u00edm v n\u011bm hou\u017eevnatost, vid\u00edm v n\u011bm hlad a je pouze na n\u011bm, jestli se mu poda\u0159\u00ed dostat se i do irsk\u00e9 nominace na Euro. Bude to pro n\u011bj velk\u00fdch \u0161est m\u011bs\u00edc\u016f,\u201c<\/em>\u00a0\u0159ekl mana\u017eer.<\/p>\n<p><em>\u201ePokus\u00edme se na n\u011bj vyvinout tlak, aby byl ze z\u00e1lohy \u010dast\u00fdm st\u0159elcem. Nav\u00edc m\u00e1 i dobrou p\u0159ihr\u00e1vac\u00ed techniku, co\u017e n\u00e1m doufejme pom\u016f\u017ee tak\u00e9 p\u0159i standardn\u00edch\u00a0situac\u00edch. Darron je slu\u0161n\u00fd hr\u00e1\u010d a mysl\u00edm, \u017ee alespo\u0148 dobr\u00e1 polovina t\u00fdm\u016f z Premier League by ho b\u00fdvala r\u00e1da z\u00edskala. Pro klub je to dobr\u00fd obchod, je to mlad\u00fd hr\u00e1\u010d, kter\u00fd tu m\u016f\u017ee z\u016fstat dal\u0161\u00ed \u010dty\u0159i, p\u011bt let. Te\u010f je v\u0161e na n\u011bm.\u201c<\/em><\/p>\n","protected":false},"excerpt":{"rendered":"<p>Po v\u00edce ne\u017e dvou letech Everton koupil hr\u00e1\u010de do prvn\u00edho t\u00fdmu. Darron Gibson dnes na Goodison Parku podepsal smlouvu na&hellip;<\/p>\n","protected":false},"author":7,"featured_media":1316,"comment_status":"open","ping_status":"closed","sticky":false,"template":"","format":"standard","meta":{"_eb_attr":"","_monsterinsights_skip_tracking":false,"_monsterinsights_sitenote_active":false,"_monsterinsights_sitenote_note":"","_monsterinsights_sitenote_category":0,"footnotes":""},"categories":[41],"tags":[],"yoast_head":"<!-- This site is optimized with the Yoast SEO plugin v23.4 - https:\/\/yoast.com\/wordpress\/plugins\/seo\/ -->\n<title>Darron Gibson novou posilou - Official Czech &amp; Slovak Everton Supporters&#039; Club<\/title>\n<meta name=\"robots\" content=\"index, follow, max-snippet:-1, max-image-preview:large, max-video-preview:-1\" \/>\n<link rel=\"canonical\" href=\"https:\/\/evertonfc.cz\/index.php\/2012\/01\/13\/darron-gibson-novou-posilou\/\" \/>\n<meta property=\"og:locale\" content=\"cs_CZ\" \/>\n<meta property=\"og:type\" content=\"article\" \/>\n<meta property=\"og:title\" content=\"Darron Gibson novou posilou - Official Czech &amp; Slovak Everton Supporters&#039; Club\" \/>\n<meta property=\"og:description\" content=\"Po v\u00edce ne\u017e dvou letech Everton koupil hr\u00e1\u010de do prvn\u00edho t\u00fdmu. Darron Gibson dnes na Goodison Parku podepsal smlouvu na&hellip;\" \/>\n<meta property=\"og:url\" content=\"https:\/\/evertonfc.cz\/index.php\/2012\/01\/13\/darron-gibson-novou-posilou\/\" \/>\n<meta property=\"og:site_name\" content=\"Official Czech &amp; Slovak Everton Supporters&#039; Club\" \/>\n<meta property=\"article:publisher\" content=\"https:\/\/www.facebook.com\/everton.fans.cz.sk\" \/>\n<meta property=\"article:published_time\" content=\"2012-01-13T15:51:15+00:00\" \/>\n<meta property=\"article:modified_time\" content=\"2019-02-17T15:53:03+00:00\" \/>\n<meta property=\"og:image\" content=\"https:\/\/evertonfc.cz\/wp-content\/uploads\/2019\/01\/transfer.jpg\" \/>\n\t<meta property=\"og:image:width\" content=\"720\" \/>\n\t<meta property=\"og:image:height\" content=\"405\" \/>\n\t<meta property=\"og:image:type\" content=\"image\/jpeg\" \/>\n<meta name=\"author\" content=\"Me\u0148a\" \/>\n<meta name=\"twitter:card\" content=\"summary_large_image\" \/>\n<meta name=\"twitter:label1\" content=\"Napsal(a)\" \/>\n\t<meta name=\"twitter:data1\" content=\"Me\u0148a\" \/>\n\t<meta name=\"twitter:label2\" content=\"Odhadovan\u00e1 doba \u010dten\u00ed\" \/>\n\t<meta name=\"twitter:data2\" content=\"3 minuty\" \/>\n<script type=\"application\/ld+json\" class=\"yoast-schema-graph\">{\"@context\":\"https:\/\/schema.org\",\"@graph\":[{\"@type\":\"Article\",\"@id\":\"https:\/\/evertonfc.cz\/index.php\/2012\/01\/13\/darron-gibson-novou-posilou\/#article\",\"isPartOf\":{\"@id\":\"https:\/\/evertonfc.cz\/index.php\/2012\/01\/13\/darron-gibson-novou-posilou\/\"},\"author\":{\"name\":\"Me\u0148a\",\"@id\":\"https:\/\/evertonfc.cz\/#\/schema\/person\/cd6328a75577de2add7793fd4b0930c3\"},\"headline\":\"Darron Gibson novou posilou\",\"datePublished\":\"2012-01-13T15:51:15+00:00\",\"dateModified\":\"2019-02-17T15:53:03+00:00\",\"mainEntityOfPage\":{\"@id\":\"https:\/\/evertonfc.cz\/index.php\/2012\/01\/13\/darron-gibson-novou-posilou\/\"},\"wordCount\":552,\"commentCount\":0,\"publisher\":{\"@id\":\"https:\/\/evertonfc.cz\/#organization\"},\"image\":{\"@id\":\"https:\/\/evertonfc.cz\/index.php\/2012\/01\/13\/darron-gibson-novou-posilou\/#primaryimage\"},\"thumbnailUrl\":\"https:\/\/evertonfc.cz\/wp-content\/uploads\/2019\/01\/transfer.jpg\",\"articleSection\":[\"P\u0159estupy\"],\"inLanguage\":\"cs\",\"potentialAction\":[{\"@type\":\"CommentAction\",\"name\":\"Comment\",\"target\":[\"https:\/\/evertonfc.cz\/index.php\/2012\/01\/13\/darron-gibson-novou-posilou\/#respond\"]}]},{\"@type\":\"WebPage\",\"@id\":\"https:\/\/evertonfc.cz\/index.php\/2012\/01\/13\/darron-gibson-novou-posilou\/\",\"url\":\"https:\/\/evertonfc.cz\/index.php\/2012\/01\/13\/darron-gibson-novou-posilou\/\",\"name\":\"Darron Gibson novou posilou - Official Czech &amp; Slovak Everton Supporters&#039; Club\",\"isPartOf\":{\"@id\":\"https:\/\/evertonfc.cz\/#website\"},\"primaryImageOfPage\":{\"@id\":\"https:\/\/evertonfc.cz\/index.php\/2012\/01\/13\/darron-gibson-novou-posilou\/#primaryimage\"},\"image\":{\"@id\":\"https:\/\/evertonfc.cz\/index.php\/2012\/01\/13\/darron-gibson-novou-posilou\/#primaryimage\"},\"thumbnailUrl\":\"https:\/\/evertonfc.cz\/wp-content\/uploads\/2019\/01\/transfer.jpg\",\"datePublished\":\"2012-01-13T15:51:15+00:00\",\"dateModified\":\"2019-02-17T15:53:03+00:00\",\"breadcrumb\":{\"@id\":\"https:\/\/evertonfc.cz\/index.php\/2012\/01\/13\/darron-gibson-novou-posilou\/#breadcrumb\"},\"inLanguage\":\"cs\",\"potentialAction\":[{\"@type\":\"ReadAction\",\"target\":[\"https:\/\/evertonfc.cz\/index.php\/2012\/01\/13\/darron-gibson-novou-posilou\/\"]}]},{\"@type\":\"ImageObject\",\"inLanguage\":\"cs\",\"@id\":\"https:\/\/evertonfc.cz\/index.php\/2012\/01\/13\/darron-gibson-novou-posilou\/#primaryimage\",\"url\":\"https:\/\/evertonfc.cz\/wp-content\/uploads\/2019\/01\/transfer.jpg\",\"contentUrl\":\"https:\/\/evertonfc.cz\/wp-content\/uploads\/2019\/01\/transfer.jpg\",\"width\":720,\"height\":405},{\"@type\":\"BreadcrumbList\",\"@id\":\"https:\/\/evertonfc.cz\/index.php\/2012\/01\/13\/darron-gibson-novou-posilou\/#breadcrumb\",\"itemListElement\":[{\"@type\":\"ListItem\",\"position\":1,\"name\":\"Home\",\"item\":\"https:\/\/evertonfc.cz\/\"},{\"@type\":\"ListItem\",\"position\":2,\"name\":\"Darron Gibson novou posilou\"}]},{\"@type\":\"WebSite\",\"@id\":\"https:\/\/evertonfc.cz\/#website\",\"url\":\"https:\/\/evertonfc.cz\/\",\"name\":\"Official Czech &amp; Slovak Everton Supporters&#039; Club\",\"description\":\"\",\"publisher\":{\"@id\":\"https:\/\/evertonfc.cz\/#organization\"},\"potentialAction\":[{\"@type\":\"SearchAction\",\"target\":{\"@type\":\"EntryPoint\",\"urlTemplate\":\"https:\/\/evertonfc.cz\/?s={search_term_string}\"},\"query-input\":{\"@type\":\"PropertyValueSpecification\",\"valueRequired\":true,\"valueName\":\"search_term_string\"}}],\"inLanguage\":\"cs\"},{\"@type\":\"Organization\",\"@id\":\"https:\/\/evertonfc.cz\/#organization\",\"name\":\"Official Czech & Slovak Everton Supporters' Club\",\"url\":\"https:\/\/evertonfc.cz\/\",\"logo\":{\"@type\":\"ImageObject\",\"inLanguage\":\"cs\",\"@id\":\"https:\/\/evertonfc.cz\/#\/schema\/logo\/image\/\",\"url\":\"https:\/\/evertonfc.cz\/wp-content\/uploads\/2019\/05\/logo.png\",\"contentUrl\":\"https:\/\/evertonfc.cz\/wp-content\/uploads\/2019\/05\/logo.png\",\"width\":112,\"height\":112,\"caption\":\"Official Czech & Slovak Everton Supporters' Club\"},\"image\":{\"@id\":\"https:\/\/evertonfc.cz\/#\/schema\/logo\/image\/\"},\"sameAs\":[\"https:\/\/www.facebook.com\/everton.fans.cz.sk\"]},{\"@type\":\"Person\",\"@id\":\"https:\/\/evertonfc.cz\/#\/schema\/person\/cd6328a75577de2add7793fd4b0930c3\",\"name\":\"Me\u0148a\",\"url\":\"https:\/\/evertonfc.cz\/index.php\/author\/mena\/\"}]}<\/script>\n<!-- \/ Yoast SEO plugin. -->","yoast_head_json":{"title":"Darron Gibson novou posilou - Official Czech &amp; Slovak Everton Supporters&#039; Club","robots":{"index":"index","follow":"follow","max-snippet":"max-snippet:-1","max-image-preview":"max-image-preview:large","max-video-preview":"max-video-preview:-1"},"canonical":"https:\/\/evertonfc.cz\/index.php\/2012\/01\/13\/darron-gibson-novou-posilou\/","og_locale":"cs_CZ","og_type":"article","og_title":"Darron Gibson novou posilou - Official Czech &amp; Slovak Everton Supporters&#039; Club","og_description":"Po v\u00edce ne\u017e dvou letech Everton koupil hr\u00e1\u010de do prvn\u00edho t\u00fdmu. Darron Gibson dnes na Goodison Parku podepsal smlouvu na&hellip;","og_url":"https:\/\/evertonfc.cz\/index.php\/2012\/01\/13\/darron-gibson-novou-posilou\/","og_site_name":"Official Czech &amp; Slovak Everton Supporters&#039; Club","article_publisher":"https:\/\/www.facebook.com\/everton.fans.cz.sk","article_published_time":"2012-01-13T15:51:15+00:00","article_modified_time":"2019-02-17T15:53:03+00:00","og_image":[{"width":720,"height":405,"url":"https:\/\/evertonfc.cz\/wp-content\/uploads\/2019\/01\/transfer.jpg","type":"image\/jpeg"}],"author":"Me\u0148a","twitter_card":"summary_large_image","twitter_misc":{"Napsal(a)":"Me\u0148a","Odhadovan\u00e1 doba \u010dten\u00ed":"3 minuty"},"schema":{"@context":"https:\/\/schema.org","@graph":[{"@type":"Article","@id":"https:\/\/evertonfc.cz\/index.php\/2012\/01\/13\/darron-gibson-novou-posilou\/#article","isPartOf":{"@id":"https:\/\/evertonfc.cz\/index.php\/2012\/01\/13\/darron-gibson-novou-posilou\/"},"author":{"name":"Me\u0148a","@id":"https:\/\/evertonfc.cz\/#\/schema\/person\/cd6328a75577de2add7793fd4b0930c3"},"headline":"Darron Gibson novou posilou","datePublished":"2012-01-13T15:51:15+00:00","dateModified":"2019-02-17T15:53:03+00:00","mainEntityOfPage":{"@id":"https:\/\/evertonfc.cz\/index.php\/2012\/01\/13\/darron-gibson-novou-posilou\/"},"wordCount":552,"commentCount":0,"publisher":{"@id":"https:\/\/evertonfc.cz\/#organization"},"image":{"@id":"https:\/\/evertonfc.cz\/index.php\/2012\/01\/13\/darron-gibson-novou-posilou\/#primaryimage"},"thumbnailUrl":"https:\/\/evertonfc.cz\/wp-content\/uploads\/2019\/01\/transfer.jpg","articleSection":["P\u0159estupy"],"inLanguage":"cs","potentialAction":[{"@type":"CommentAction","name":"Comment","target":["https:\/\/evertonfc.cz\/index.php\/2012\/01\/13\/darron-gibson-novou-posilou\/#respond"]}]},{"@type":"WebPage","@id":"https:\/\/evertonfc.cz\/index.php\/2012\/01\/13\/darron-gibson-novou-posilou\/","url":"https:\/\/evertonfc.cz\/index.php\/2012\/01\/13\/darron-gibson-novou-posilou\/","name":"Darron Gibson novou posilou - Official Czech &amp; Slovak Everton Supporters&#039; Club","isPartOf":{"@id":"https:\/\/evertonfc.cz\/#website"},"primaryImageOfPage":{"@id":"https:\/\/evertonfc.cz\/index.php\/2012\/01\/13\/darron-gibson-novou-posilou\/#primaryimage"},"image":{"@id":"https:\/\/evertonfc.cz\/index.php\/2012\/01\/13\/darron-gibson-novou-posilou\/#primaryimage"},"thumbnailUrl":"https:\/\/evertonfc.cz\/wp-content\/uploads\/2019\/01\/transfer.jpg","datePublished":"2012-01-13T15:51:15+00:00","dateModified":"2019-02-17T15:53:03+00:00","breadcrumb":{"@id":"https:\/\/evertonfc.cz\/index.php\/2012\/01\/13\/darron-gibson-novou-posilou\/#breadcrumb"},"inLanguage":"cs","potentialAction":[{"@type":"ReadAction","target":["https:\/\/evertonfc.cz\/index.php\/2012\/01\/13\/darron-gibson-novou-posilou\/"]}]},{"@type":"ImageObject","inLanguage":"cs","@id":"https:\/\/evertonfc.cz\/index.php\/2012\/01\/13\/darron-gibson-novou-posilou\/#primaryimage","url":"https:\/\/evertonfc.cz\/wp-content\/uploads\/2019\/01\/transfer.jpg","contentUrl":"https:\/\/evertonfc.cz\/wp-content\/uploads\/2019\/01\/transfer.jpg","width":720,"height":405},{"@type":"BreadcrumbList","@id":"https:\/\/evertonfc.cz\/index.php\/2012\/01\/13\/darron-gibson-novou-posilou\/#breadcrumb","itemListElement":[{"@type":"ListItem","position":1,"name":"Home","item":"https:\/\/evertonfc.cz\/"},{"@type":"ListItem","position":2,"name":"Darron Gibson novou posilou"}]},{"@type":"WebSite","@id":"https:\/\/evertonfc.cz\/#website","url":"https:\/\/evertonfc.cz\/","name":"Official Czech &amp; Slovak Everton Supporters&#039; Club","description":"","publisher":{"@id":"https:\/\/evertonfc.cz\/#organization"},"potentialAction":[{"@type":"SearchAction","target":{"@type":"EntryPoint","urlTemplate":"https:\/\/evertonfc.cz\/?s={search_term_string}"},"query-input":{"@type":"PropertyValueSpecification","valueRequired":true,"valueName":"search_term_string"}}],"inLanguage":"cs"},{"@type":"Organization","@id":"https:\/\/evertonfc.cz\/#organization","name":"Official Czech & Slovak Everton Supporters' Club","url":"https:\/\/evertonfc.cz\/","logo":{"@type":"ImageObject","inLanguage":"cs","@id":"https:\/\/evertonfc.cz\/#\/schema\/logo\/image\/","url":"https:\/\/evertonfc.cz\/wp-content\/uploads\/2019\/05\/logo.png","contentUrl":"https:\/\/evertonfc.cz\/wp-content\/uploads\/2019\/05\/logo.png","width":112,"height":112,"caption":"Official Czech & Slovak Everton Supporters' Club"},"image":{"@id":"https:\/\/evertonfc.cz\/#\/schema\/logo\/image\/"},"sameAs":["https:\/\/www.facebook.com\/everton.fans.cz.sk"]},{"@type":"Person","@id":"https:\/\/evertonfc.cz\/#\/schema\/person\/cd6328a75577de2add7793fd4b0930c3","name":"Me\u0148a","url":"https:\/\/evertonfc.cz\/index.php\/author\/mena\/"}]}},"_links":{"self":[{"href":"https:\/\/evertonfc.cz\/index.php\/wp-json\/wp\/v2\/posts\/6081"}],"collection":[{"href":"https:\/\/evertonfc.cz\/index.php\/wp-json\/wp\/v2\/posts"}],"about":[{"href":"https:\/\/evertonfc.cz\/index.php\/wp-json\/wp\/v2\/types\/post"}],"author":[{"embeddable":true,"href":"https:\/\/evertonfc.cz\/index.php\/wp-json\/wp\/v2\/users\/7"}],"replies":[{"embeddable":true,"href":"https:\/\/evertonfc.cz\/index.php\/wp-json\/wp\/v2\/comments?post=6081"}],"version-history":[{"count":1,"href":"https:\/\/evertonfc.cz\/index.php\/wp-json\/wp\/v2\/posts\/6081\/revisions"}],"predecessor-version":[{"id":6084,"href":"https:\/\/evertonfc.cz\/index.php\/wp-json\/wp\/v2\/posts\/6081\/revisions\/6084"}],"wp:featuredmedia":[{"embeddable":true,"href":"https:\/\/evertonfc.cz\/index.php\/wp-json\/wp\/v2\/media\/1316"}],"wp:attachment":[{"href":"https:\/\/evertonfc.cz\/index.php\/wp-json\/wp\/v2\/media?parent=6081"}],"wp:term":[{"taxonomy":"category","embeddable":true,"href":"https:\/\/evertonfc.cz\/index.php\/wp-json\/wp\/v2\/categories?post=6081"},{"taxonomy":"post_tag","embeddable":true,"href":"https:\/\/evertonfc.cz\/index.php\/wp-json\/wp\/v2\/tags?post=6081"}],"curies":[{"name":"wp","href":"https:\/\/api.w.org\/{rel}","templated":true}]}}