{"id":6083,"date":"2012-10-27T16:52:20","date_gmt":"2012-10-27T14:52:20","guid":{"rendered":"http:\/\/evertonfc.cz\/?p=6083"},"modified":"2019-02-17T18:05:46","modified_gmt":"2019-02-17T17:05:46","slug":"preview-everton-liverpool-8","status":"publish","type":"post","link":"https:\/\/evertonfc.cz\/index.php\/2012\/10\/27\/preview-everton-liverpool-8\/","title":{"rendered":"Preview: Everton &#8211; Liverpool"},"content":{"rendered":"<h4 id=\"NewsPostDetailSummary\"><em>\u201eEverton v\u017edycky cht\u011bl hr\u00e1t skute\u010dn\u00fd fotbal. Nenaz\u00fdvali n\u00e1s \u201cSchool of Science\u201c jen tak. Ti druz\u00ed, Reds&#8230; ti byli akor\u00e1t banda sprost\u00fdch \u0159ezn\u00edk\u016f. M\u011bli by v\u0161ichni do jednoho pracovat na jatk\u00e1ch. McNab, McKinlay, Wadsworths. Bo\u017ee, v\u017edy\u0165 to vid\u00ed\u0161. Kopli by i starou pan\u00ed!\u201c<\/em> Fotbalov\u00fd gentleman Dixie Dean n\u00e1s pr\u00e1v\u011b uvedl do 219. Merseyside derby.<\/h4>\n<div id=\"NewsPostDetailContent\">\n<p>Do z\u00e1pasu roku \u010di aspo\u0148 podzim vstupuj\u00ed Toffees v roli favorita, aspo\u0148 se tak chce \u0159\u00edci p\u0159i pohledu na tabulku. Z posledn\u00ed doby ale Liverpool v m\u011bstsk\u00fdch souboj\u00edch vl\u00e1dne, proto stav\u011bt kohokoliv na aspiranta v\u00edt\u011bze je troufal\u00e9.<\/p>\n<p>Lo\u0148skou sez\u00f3ny si Evertonians vychutn\u00e1vali skv\u011bl\u00fd pocit, jeliko\u017e v kone\u010dn\u00e9m z\u00fa\u010dtov\u00e1n\u00ed Premier League jim LFC koukal na z\u00e1da. Je tu ov\u0161em ALE a nen\u00ed v\u016fbec mal\u00e9. Ve v\u0161ech t\u0159\u00ed derby utk\u00e1n\u00ed v ro\u010dn\u00edku 2011\/12 Liverpool triumfoval, nejv\u00edce samoz\u0159ejm\u011b zabolelo vy\u0159azen\u00ed ze semifin\u00e1le FA Cup p\u0159ed napln\u011bn\u00fdm Wembley. Z\u00e1pas, kter\u00fd nechal vzpomenout na kr\u00e1sn\u00e9 souboje obou klub\u016f z 80. let. Everton m\u00e1 sv\u00e9mu soupe\u0159i z druh\u00e9ho konce Stanley Parku tedy co vracet, proto se od n\u011bj jeho fanou\u0161ci o\u010dek\u00e1vaj\u00ed v\u00fdhru.<\/p>\n<p>Everton se moment\u00e1ln\u011b nach\u00e1z\u00ed na \u010dtvrt\u00e9 p\u0159\u00ed\u010dce, jen\u017ee v posledn\u00edch dvou kolech jen remizoval na h\u0159i\u0161t\u00edch Wiganu a QPR, odkud mu ambice vel\u00ed vozit ve v\u011bt\u0161in\u011b p\u0159\u00edpad\u016f pln\u00e9 bodov\u00e9 zisky. Proti QPR nav\u00edc Steven Pienaar vid\u011bl \u010dervenou kartu, proto do Merseyside derby nezas\u00e1hne. Kdo nahrad\u00ed kl\u00ed\u010dovou postavu ofenzivy Davida Moyese? Mlad\u00fd Gueye, neozkou\u0161en\u00fd Oviedo, zat\u00edm nep\u0159esv\u011bd\u010div\u00fd Naismith, v z\u00e1loze slab\u0161\u00ed Anichebe, nebo se do z\u00e1kladn\u00ed sestavy vr\u00e1t\u00ed uzdraven\u00fd Tony Hibbert a Seamus Coleman se vysune z obrany o post v\u00fd\u0161e? T\u011b\u0161\u00ed aspo\u0148 pravd\u011bpodobn\u00fd n\u00e1vrat Marouaneho Fellainiho, jen\u017e by se mohl st\u00e1t on\u00edm rozd\u00edlov\u00fdm hr\u00e1\u010dem.<\/p>\n<p>Reds p\u0159ed sez\u00f3nou op\u011bt vym\u011bnil mana\u017eera, Brendana Rodgerse tud\u00ed\u017e vyhl\u00ed\u017e\u00ed prvn\u00ed liverpoolsk\u00e9 derby. S nov\u00fdm mu\u017eem na lavi\u010dce se sna\u017e\u00ed na Anfieldu praktikovat nov\u00fd styl hry, aktu\u00e1ln\u011b jsou v\u0161ak z toho nep\u0159esv\u011bd\u010div\u00e9 v\u00fdsledky a v\u00fdkony. Z toho d\u016fvodu pr\u016fb\u011b\u017en\u00e9 dvan\u00e1ct\u00e9 m\u00edsto nep\u0159ekvapuje.<\/p>\n<h4><strong>Z\u00e1pasov\u00e1 fakta<\/strong><\/h4>\n<p>Vz\u00e1jemn\u00e1<\/p>\n<ul>\n<li>Jde o 219. duel, Liverpool vyhr\u00e1l 87x, Everton 66x a 65x se zrodila rem\u00edzali&gt; Everton vyhr\u00e1l pouze jeden z jeden\u00e1cti posledn\u00edch ligov\u00fdch st\u0159etnut\u00ed proti Reds, sedmkr\u00e1t prohr\u00e1l<\/li>\n<li>v \u00e9\u0159e Premier League bylo vylou\u010den\u00fdch 20 hr\u00e1\u010d\u016f, o \u0161est \u010derven\u00fdch karet v\u00edce ne\u017e v druh\u00e9m nejtrestan\u011bj\u0161\u00edm z\u00e1pase.<\/li>\n<\/ul>\n<p>Everton<\/p>\n<ul>\n<li>Prohr\u00e1l jeden z posledn\u00edch 17 ligov\u00fdch kol (dev\u011bt v\u00fdher, \u0161est rem\u00edz)<\/li>\n<li>Davida Moyese \u010dek\u00e1 23. derby, Liverpool ho zdolal ve t\u0159in\u00e1cti p\u0159\u00edpadech a Skotovy \u010dty\u0159i v\u00fdhry se zrodily v\u017edy na Goodison Parku<\/li>\n<li>zas\u00e1hl v leto\u0161n\u00edm ro\u010dn\u00edku 10 b\u0159evno \u010di ty\u010d<\/li>\n<li>vst\u0159elil patn\u00e1ct g\u00f3l\u016f v \u00favodn\u00edch osmi kolech, v Premier League v t\u00e9to f\u00e1zi sout\u011b\u017ei produktivn\u011bj\u0161\u00ed je\u0161t\u011b nebyl.<\/li>\n<\/ul>\n<p>Liverpool<\/p>\n<ul>\n<li>Neprohr\u00e1l t\u0159i posledn\u00ed ligov\u00e9 z\u00e1pasy, co\u017e je jeho nejdel\u0161\u00ed s\u00e9rie v roce 2012<\/li>\n<li>udr\u017eel \u010dist\u00e9 konto dvakr\u00e1t za sebou, prvn\u011b od \u00fanora<\/li>\n<li>Rodgerse vyhl\u00ed\u017e\u00ed sv\u00e9 prvn\u00ed Merseyside derby, se Swansea vloni na Everton ani jednou ze dvou pokus\u016f nevyzr\u00e1l.<\/li>\n<\/ul>\n<h4><strong>T\u00fdmov\u00e9 novinky<\/strong><\/h4>\n<p>Marouane Fellaini nejsp\u00ed\u0161e stihne uzdravit poran\u011bn\u00e9 koleno, zat\u00edmco Darrona Gibsona zran\u011bn\u00ed je\u0161t\u011b do hry nepust\u00ed. Fit je tak\u00e9 Tony Hibbert, kv\u016fli vylou\u010den\u00ed chyb\u00ed Steven Pienaar.<\/p>\n<p>Pepe Reina se vr\u00e1til do tr\u00e9ninkov\u00e9ho procesu po probl\u00e9mech se stehenn\u00edm svalem, stejn\u011b jako ohledn\u011b startu Glena Johnsona ov\u0161em zat\u00edm stoprocentn\u011b rozhodnuto nen\u00ed. Dlouhodob\u011b mimo jsou Lucas, Kelly a Borini.<\/p>\n<p><strong>Co:<\/strong> Everton FC &#8211; Liverpool FC, 9. kolo Premier League<br \/>\n<strong>Kdy:<\/strong> 28.10.2012 od 14:30 SE\u010c<br \/>\n<strong>Kde:<\/strong> Goodison Park, Liverpool<br \/>\n<strong>Rozhod\u010d\u00ed:<\/strong> Andr\u00e9 Marriner<\/p>\n<\/div>\n","protected":false},"excerpt":{"rendered":"<p>\u201eEverton v\u017edycky cht\u011bl hr\u00e1t skute\u010dn\u00fd fotbal. Nenaz\u00fdvali n\u00e1s \u201cSchool of Science\u201c jen tak. Ti druz\u00ed, Reds&#8230; ti byli akor\u00e1t banda&hellip;<\/p>\n","protected":false},"author":6,"featured_media":1314,"comment_status":"open","ping_status":"closed","sticky":false,"template":"","format":"standard","meta":{"_eb_attr":"","_monsterinsights_skip_tracking":false,"_monsterinsights_sitenote_active":false,"_monsterinsights_sitenote_note":"","_monsterinsights_sitenote_category":0,"footnotes":""},"categories":[4],"tags":[],"yoast_head":"<!-- This site is optimized with the Yoast SEO plugin v23.4 - https:\/\/yoast.com\/wordpress\/plugins\/seo\/ -->\n<title>Preview: Everton - Liverpool - Official Czech &amp; Slovak Everton Supporters&#039; Club<\/title>\n<meta name=\"robots\" content=\"index, follow, max-snippet:-1, max-image-preview:large, max-video-preview:-1\" \/>\n<link rel=\"canonical\" href=\"https:\/\/evertonfc.cz\/index.php\/2012\/10\/27\/preview-everton-liverpool-8\/\" \/>\n<meta property=\"og:locale\" content=\"cs_CZ\" \/>\n<meta property=\"og:type\" content=\"article\" \/>\n<meta property=\"og:title\" content=\"Preview: Everton - Liverpool - Official Czech &amp; Slovak Everton Supporters&#039; Club\" \/>\n<meta property=\"og:description\" content=\"\u201eEverton v\u017edycky cht\u011bl hr\u00e1t skute\u010dn\u00fd fotbal. Nenaz\u00fdvali n\u00e1s \u201cSchool of Science\u201c jen tak. Ti druz\u00ed, Reds&#8230; ti byli akor\u00e1t banda&hellip;\" \/>\n<meta property=\"og:url\" content=\"https:\/\/evertonfc.cz\/index.php\/2012\/10\/27\/preview-everton-liverpool-8\/\" \/>\n<meta property=\"og:site_name\" content=\"Official Czech &amp; Slovak Everton Supporters&#039; Club\" \/>\n<meta property=\"article:publisher\" content=\"https:\/\/www.facebook.com\/everton.fans.cz.sk\" \/>\n<meta property=\"article:published_time\" content=\"2012-10-27T14:52:20+00:00\" \/>\n<meta property=\"article:modified_time\" content=\"2019-02-17T17:05:46+00:00\" \/>\n<meta property=\"og:image\" content=\"https:\/\/evertonfc.cz\/wp-content\/uploads\/2019\/01\/preview.jpg\" \/>\n\t<meta property=\"og:image:width\" content=\"720\" \/>\n\t<meta property=\"og:image:height\" content=\"405\" \/>\n\t<meta property=\"og:image:type\" content=\"image\/jpeg\" \/>\n<meta name=\"author\" content=\"Ri\u010di\" \/>\n<meta name=\"twitter:card\" content=\"summary_large_image\" \/>\n<meta name=\"twitter:creator\" content=\"@rbrejsa\" \/>\n<meta name=\"twitter:label1\" content=\"Napsal(a)\" \/>\n\t<meta name=\"twitter:data1\" content=\"Ri\u010di\" \/>\n\t<meta name=\"twitter:label2\" content=\"Odhadovan\u00e1 doba \u010dten\u00ed\" \/>\n\t<meta name=\"twitter:data2\" content=\"3 minuty\" \/>\n<script type=\"application\/ld+json\" class=\"yoast-schema-graph\">{\"@context\":\"https:\/\/schema.org\",\"@graph\":[{\"@type\":\"Article\",\"@id\":\"https:\/\/evertonfc.cz\/index.php\/2012\/10\/27\/preview-everton-liverpool-8\/#article\",\"isPartOf\":{\"@id\":\"https:\/\/evertonfc.cz\/index.php\/2012\/10\/27\/preview-everton-liverpool-8\/\"},\"author\":{\"name\":\"Ri\u010di\",\"@id\":\"https:\/\/evertonfc.cz\/#\/schema\/person\/f7a5daedb2ffee98480bc70e191aaef1\"},\"headline\":\"Preview: Everton &#8211; Liverpool\",\"datePublished\":\"2012-10-27T14:52:20+00:00\",\"dateModified\":\"2019-02-17T17:05:46+00:00\",\"mainEntityOfPage\":{\"@id\":\"https:\/\/evertonfc.cz\/index.php\/2012\/10\/27\/preview-everton-liverpool-8\/\"},\"wordCount\":700,\"commentCount\":0,\"publisher\":{\"@id\":\"https:\/\/evertonfc.cz\/#organization\"},\"image\":{\"@id\":\"https:\/\/evertonfc.cz\/index.php\/2012\/10\/27\/preview-everton-liverpool-8\/#primaryimage\"},\"thumbnailUrl\":\"https:\/\/evertonfc.cz\/wp-content\/uploads\/2019\/01\/preview.jpg\",\"articleSection\":[\"Z\u00e1pasy\"],\"inLanguage\":\"cs\",\"potentialAction\":[{\"@type\":\"CommentAction\",\"name\":\"Comment\",\"target\":[\"https:\/\/evertonfc.cz\/index.php\/2012\/10\/27\/preview-everton-liverpool-8\/#respond\"]}]},{\"@type\":\"WebPage\",\"@id\":\"https:\/\/evertonfc.cz\/index.php\/2012\/10\/27\/preview-everton-liverpool-8\/\",\"url\":\"https:\/\/evertonfc.cz\/index.php\/2012\/10\/27\/preview-everton-liverpool-8\/\",\"name\":\"Preview: Everton - Liverpool - Official Czech &amp; Slovak Everton Supporters&#039; Club\",\"isPartOf\":{\"@id\":\"https:\/\/evertonfc.cz\/#website\"},\"primaryImageOfPage\":{\"@id\":\"https:\/\/evertonfc.cz\/index.php\/2012\/10\/27\/preview-everton-liverpool-8\/#primaryimage\"},\"image\":{\"@id\":\"https:\/\/evertonfc.cz\/index.php\/2012\/10\/27\/preview-everton-liverpool-8\/#primaryimage\"},\"thumbnailUrl\":\"https:\/\/evertonfc.cz\/wp-content\/uploads\/2019\/01\/preview.jpg\",\"datePublished\":\"2012-10-27T14:52:20+00:00\",\"dateModified\":\"2019-02-17T17:05:46+00:00\",\"breadcrumb\":{\"@id\":\"https:\/\/evertonfc.cz\/index.php\/2012\/10\/27\/preview-everton-liverpool-8\/#breadcrumb\"},\"inLanguage\":\"cs\",\"potentialAction\":[{\"@type\":\"ReadAction\",\"target\":[\"https:\/\/evertonfc.cz\/index.php\/2012\/10\/27\/preview-everton-liverpool-8\/\"]}]},{\"@type\":\"ImageObject\",\"inLanguage\":\"cs\",\"@id\":\"https:\/\/evertonfc.cz\/index.php\/2012\/10\/27\/preview-everton-liverpool-8\/#primaryimage\",\"url\":\"https:\/\/evertonfc.cz\/wp-content\/uploads\/2019\/01\/preview.jpg\",\"contentUrl\":\"https:\/\/evertonfc.cz\/wp-content\/uploads\/2019\/01\/preview.jpg\",\"width\":720,\"height\":405},{\"@type\":\"BreadcrumbList\",\"@id\":\"https:\/\/evertonfc.cz\/index.php\/2012\/10\/27\/preview-everton-liverpool-8\/#breadcrumb\",\"itemListElement\":[{\"@type\":\"ListItem\",\"position\":1,\"name\":\"Home\",\"item\":\"https:\/\/evertonfc.cz\/\"},{\"@type\":\"ListItem\",\"position\":2,\"name\":\"Preview: Everton &#8211; Liverpool\"}]},{\"@type\":\"WebSite\",\"@id\":\"https:\/\/evertonfc.cz\/#website\",\"url\":\"https:\/\/evertonfc.cz\/\",\"name\":\"Official Czech &amp; Slovak Everton Supporters&#039; Club\",\"description\":\"\",\"publisher\":{\"@id\":\"https:\/\/evertonfc.cz\/#organization\"},\"potentialAction\":[{\"@type\":\"SearchAction\",\"target\":{\"@type\":\"EntryPoint\",\"urlTemplate\":\"https:\/\/evertonfc.cz\/?s={search_term_string}\"},\"query-input\":{\"@type\":\"PropertyValueSpecification\",\"valueRequired\":true,\"valueName\":\"search_term_string\"}}],\"inLanguage\":\"cs\"},{\"@type\":\"Organization\",\"@id\":\"https:\/\/evertonfc.cz\/#organization\",\"name\":\"Official Czech & Slovak Everton Supporters' Club\",\"url\":\"https:\/\/evertonfc.cz\/\",\"logo\":{\"@type\":\"ImageObject\",\"inLanguage\":\"cs\",\"@id\":\"https:\/\/evertonfc.cz\/#\/schema\/logo\/image\/\",\"url\":\"https:\/\/evertonfc.cz\/wp-content\/uploads\/2019\/05\/logo.png\",\"contentUrl\":\"https:\/\/evertonfc.cz\/wp-content\/uploads\/2019\/05\/logo.png\",\"width\":112,\"height\":112,\"caption\":\"Official Czech & Slovak Everton Supporters' Club\"},\"image\":{\"@id\":\"https:\/\/evertonfc.cz\/#\/schema\/logo\/image\/\"},\"sameAs\":[\"https:\/\/www.facebook.com\/everton.fans.cz.sk\"]},{\"@type\":\"Person\",\"@id\":\"https:\/\/evertonfc.cz\/#\/schema\/person\/f7a5daedb2ffee98480bc70e191aaef1\",\"name\":\"Ri\u010di\",\"sameAs\":[\"https:\/\/x.com\/rbrejsa\"],\"url\":\"https:\/\/evertonfc.cz\/index.php\/author\/rici\/\"}]}<\/script>\n<!-- \/ Yoast SEO plugin. -->","yoast_head_json":{"title":"Preview: Everton - Liverpool - Official Czech &amp; Slovak Everton Supporters&#039; Club","robots":{"index":"index","follow":"follow","max-snippet":"max-snippet:-1","max-image-preview":"max-image-preview:large","max-video-preview":"max-video-preview:-1"},"canonical":"https:\/\/evertonfc.cz\/index.php\/2012\/10\/27\/preview-everton-liverpool-8\/","og_locale":"cs_CZ","og_type":"article","og_title":"Preview: Everton - Liverpool - Official Czech &amp; Slovak Everton Supporters&#039; Club","og_description":"\u201eEverton v\u017edycky cht\u011bl hr\u00e1t skute\u010dn\u00fd fotbal. Nenaz\u00fdvali n\u00e1s \u201cSchool of Science\u201c jen tak. Ti druz\u00ed, Reds&#8230; ti byli akor\u00e1t banda&hellip;","og_url":"https:\/\/evertonfc.cz\/index.php\/2012\/10\/27\/preview-everton-liverpool-8\/","og_site_name":"Official Czech &amp; Slovak Everton Supporters&#039; Club","article_publisher":"https:\/\/www.facebook.com\/everton.fans.cz.sk","article_published_time":"2012-10-27T14:52:20+00:00","article_modified_time":"2019-02-17T17:05:46+00:00","og_image":[{"width":720,"height":405,"url":"https:\/\/evertonfc.cz\/wp-content\/uploads\/2019\/01\/preview.jpg","type":"image\/jpeg"}],"author":"Ri\u010di","twitter_card":"summary_large_image","twitter_creator":"@rbrejsa","twitter_misc":{"Napsal(a)":"Ri\u010di","Odhadovan\u00e1 doba \u010dten\u00ed":"3 minuty"},"schema":{"@context":"https:\/\/schema.org","@graph":[{"@type":"Article","@id":"https:\/\/evertonfc.cz\/index.php\/2012\/10\/27\/preview-everton-liverpool-8\/#article","isPartOf":{"@id":"https:\/\/evertonfc.cz\/index.php\/2012\/10\/27\/preview-everton-liverpool-8\/"},"author":{"name":"Ri\u010di","@id":"https:\/\/evertonfc.cz\/#\/schema\/person\/f7a5daedb2ffee98480bc70e191aaef1"},"headline":"Preview: Everton &#8211; Liverpool","datePublished":"2012-10-27T14:52:20+00:00","dateModified":"2019-02-17T17:05:46+00:00","mainEntityOfPage":{"@id":"https:\/\/evertonfc.cz\/index.php\/2012\/10\/27\/preview-everton-liverpool-8\/"},"wordCount":700,"commentCount":0,"publisher":{"@id":"https:\/\/evertonfc.cz\/#organization"},"image":{"@id":"https:\/\/evertonfc.cz\/index.php\/2012\/10\/27\/preview-everton-liverpool-8\/#primaryimage"},"thumbnailUrl":"https:\/\/evertonfc.cz\/wp-content\/uploads\/2019\/01\/preview.jpg","articleSection":["Z\u00e1pasy"],"inLanguage":"cs","potentialAction":[{"@type":"CommentAction","name":"Comment","target":["https:\/\/evertonfc.cz\/index.php\/2012\/10\/27\/preview-everton-liverpool-8\/#respond"]}]},{"@type":"WebPage","@id":"https:\/\/evertonfc.cz\/index.php\/2012\/10\/27\/preview-everton-liverpool-8\/","url":"https:\/\/evertonfc.cz\/index.php\/2012\/10\/27\/preview-everton-liverpool-8\/","name":"Preview: Everton - Liverpool - Official Czech &amp; Slovak Everton Supporters&#039; Club","isPartOf":{"@id":"https:\/\/evertonfc.cz\/#website"},"primaryImageOfPage":{"@id":"https:\/\/evertonfc.cz\/index.php\/2012\/10\/27\/preview-everton-liverpool-8\/#primaryimage"},"image":{"@id":"https:\/\/evertonfc.cz\/index.php\/2012\/10\/27\/preview-everton-liverpool-8\/#primaryimage"},"thumbnailUrl":"https:\/\/evertonfc.cz\/wp-content\/uploads\/2019\/01\/preview.jpg","datePublished":"2012-10-27T14:52:20+00:00","dateModified":"2019-02-17T17:05:46+00:00","breadcrumb":{"@id":"https:\/\/evertonfc.cz\/index.php\/2012\/10\/27\/preview-everton-liverpool-8\/#breadcrumb"},"inLanguage":"cs","potentialAction":[{"@type":"ReadAction","target":["https:\/\/evertonfc.cz\/index.php\/2012\/10\/27\/preview-everton-liverpool-8\/"]}]},{"@type":"ImageObject","inLanguage":"cs","@id":"https:\/\/evertonfc.cz\/index.php\/2012\/10\/27\/preview-everton-liverpool-8\/#primaryimage","url":"https:\/\/evertonfc.cz\/wp-content\/uploads\/2019\/01\/preview.jpg","contentUrl":"https:\/\/evertonfc.cz\/wp-content\/uploads\/2019\/01\/preview.jpg","width":720,"height":405},{"@type":"BreadcrumbList","@id":"https:\/\/evertonfc.cz\/index.php\/2012\/10\/27\/preview-everton-liverpool-8\/#breadcrumb","itemListElement":[{"@type":"ListItem","position":1,"name":"Home","item":"https:\/\/evertonfc.cz\/"},{"@type":"ListItem","position":2,"name":"Preview: Everton &#8211; Liverpool"}]},{"@type":"WebSite","@id":"https:\/\/evertonfc.cz\/#website","url":"https:\/\/evertonfc.cz\/","name":"Official Czech &amp; Slovak Everton Supporters&#039; Club","description":"","publisher":{"@id":"https:\/\/evertonfc.cz\/#organization"},"potentialAction":[{"@type":"SearchAction","target":{"@type":"EntryPoint","urlTemplate":"https:\/\/evertonfc.cz\/?s={search_term_string}"},"query-input":{"@type":"PropertyValueSpecification","valueRequired":true,"valueName":"search_term_string"}}],"inLanguage":"cs"},{"@type":"Organization","@id":"https:\/\/evertonfc.cz\/#organization","name":"Official Czech & Slovak Everton Supporters' Club","url":"https:\/\/evertonfc.cz\/","logo":{"@type":"ImageObject","inLanguage":"cs","@id":"https:\/\/evertonfc.cz\/#\/schema\/logo\/image\/","url":"https:\/\/evertonfc.cz\/wp-content\/uploads\/2019\/05\/logo.png","contentUrl":"https:\/\/evertonfc.cz\/wp-content\/uploads\/2019\/05\/logo.png","width":112,"height":112,"caption":"Official Czech & Slovak Everton Supporters' Club"},"image":{"@id":"https:\/\/evertonfc.cz\/#\/schema\/logo\/image\/"},"sameAs":["https:\/\/www.facebook.com\/everton.fans.cz.sk"]},{"@type":"Person","@id":"https:\/\/evertonfc.cz\/#\/schema\/person\/f7a5daedb2ffee98480bc70e191aaef1","name":"Ri\u010di","sameAs":["https:\/\/x.com\/rbrejsa"],"url":"https:\/\/evertonfc.cz\/index.php\/author\/rici\/"}]}},"_links":{"self":[{"href":"https:\/\/evertonfc.cz\/index.php\/wp-json\/wp\/v2\/posts\/6083"}],"collection":[{"href":"https:\/\/evertonfc.cz\/index.php\/wp-json\/wp\/v2\/posts"}],"about":[{"href":"https:\/\/evertonfc.cz\/index.php\/wp-json\/wp\/v2\/types\/post"}],"author":[{"embeddable":true,"href":"https:\/\/evertonfc.cz\/index.php\/wp-json\/wp\/v2\/users\/6"}],"replies":[{"embeddable":true,"href":"https:\/\/evertonfc.cz\/index.php\/wp-json\/wp\/v2\/comments?post=6083"}],"version-history":[{"count":3,"href":"https:\/\/evertonfc.cz\/index.php\/wp-json\/wp\/v2\/posts\/6083\/revisions"}],"predecessor-version":[{"id":6214,"href":"https:\/\/evertonfc.cz\/index.php\/wp-json\/wp\/v2\/posts\/6083\/revisions\/6214"}],"wp:featuredmedia":[{"embeddable":true,"href":"https:\/\/evertonfc.cz\/index.php\/wp-json\/wp\/v2\/media\/1314"}],"wp:attachment":[{"href":"https:\/\/evertonfc.cz\/index.php\/wp-json\/wp\/v2\/media?parent=6083"}],"wp:term":[{"taxonomy":"category","embeddable":true,"href":"https:\/\/evertonfc.cz\/index.php\/wp-json\/wp\/v2\/categories?post=6083"},{"taxonomy":"post_tag","embeddable":true,"href":"https:\/\/evertonfc.cz\/index.php\/wp-json\/wp\/v2\/tags?post=6083"}],"curies":[{"name":"wp","href":"https:\/\/api.w.org\/{rel}","templated":true}]}}