{"id":6085,"date":"2012-01-13T16:53:14","date_gmt":"2012-01-13T15:53:14","guid":{"rendered":"http:\/\/evertonfc.cz\/?p=6085"},"modified":"2021-05-10T09:58:21","modified_gmt":"2021-05-10T07:58:21","slug":"preview-aston-villa-everton-6","status":"publish","type":"post","link":"https:\/\/evertonfc.cz\/index.php\/2012\/01\/13\/preview-aston-villa-everton-6\/","title":{"rendered":"Preview: Aston Villa &#8211; Everton"},"content":{"rendered":"<h4>V dal\u0161\u00ed z bitev o st\u0159ed tabulky, se bude Everton uch\u00e1zet o body na h\u0159i\u0161ti Aston Villy.<\/h4>\n<p>S Aston Villou si m\u016f\u017ee Everton podat ruce. Tak\u00e9 n\u00e1\u0161 sobotn\u00ed soupe\u0159 ji\u017e zdaleka nepro\u017e\u00edv\u00e1 tak vyda\u0159en\u00e9 \u010dasy, narozd\u00edl od let ned\u00e1vn\u00fdch, se tak na Villa Parku bude v\u00e1l\u010dit jen o lep\u0161\u00ed pozici ve st\u0159edu tabulky. T\u0159i body jsou ale t\u0159i body a do kr\u00e1mu by se hodily ob\u011bma t\u00fdm\u016fm.<\/p>\n<p>Mnoha rozd\u00edl\u016f v podzimn\u00edch v\u00fdsledc\u00edch Villans a Toffees, vskutku moc nenalezneme. Birmingham\u0161t\u00ed jsou na tom podobn\u011b zoufale s po\u010dtem v\u00fdher &#8211; t\u011bch od minul\u00e9ho vz\u00e1jemn\u00e9ho souboje na Goodison Parku posb\u00edrala v\u0161ehov\u0161udy \u010dty\u0159i &#8211; i \u010d\u00edslem proher, kter\u00e9 se zat\u00edm vy\u0161plhaly na sedm. Dob\u0159e sezonu Aston Villy dokumentuje silvestrovsk\u00e1 v\u00fdhra na Stamford Bridge a n\u00e1sledn\u00e1 dom\u00e1c\u00ed prohra se Swansea, posledn\u00edm t\u00fdmem z cel\u00e9 sout\u011b\u017ee, kter\u00e9mu chyb\u011blo vyhr\u00e1t na ciz\u00ed p\u016fd\u011b.<\/p>\n<p>Stejn\u011b jako Everton nav\u00edc Villans tr\u00e1p\u00ed nedostatek branek. V lize jich zat\u00edm nast\u0159\u00edleli jen dvaadvacet, a tak bude Alex McLeish doufat, \u017ee alespo\u0148 kr\u00e1tkodob\u00e9 \u0159e\u0161en\u00ed p\u0159inese \u0161estit\u00fddenn\u00ed hostov\u00e1n\u00ed Robbieho Keana, spoluhr\u00e1\u010de Landona Donovana z LA Galaxy. V\u017edy\u0165 pr\u016fm\u011brn\u011b Villans v z\u00e1pase na br\u00e1nu vyst\u0159el\u00ed jen t\u0159ikr\u00e1t, a tak nep\u0159ekvap\u00ed, \u017ee \u010dty\u0159i posledn\u00ed dom\u00e1c\u00ed z\u00e1pasy prohr\u00e1li, a to s t\u00edm, \u017ee v nich vst\u0159elili jedin\u00fd g\u00f3l.<\/p>\n<p>Pakli\u017ee u\u017e jsme zm\u00ednili \u0161\u00e9fa borc\u016f hraj\u00edc\u00edch ve v\u00ednov\u00e9 kombinaci, je t\u0159eba \u0159\u00edct, \u017ee sv\u00fdm ne zrovna chytlav\u00fdm pojet\u00edm fotbalu u\u017e se sta\u010dil v Aston Ville podepsat. U\u017e jen Stoke City a Blackburn maj\u00ed hor\u0161\u00ed pr\u016fm\u011brn\u00e9 \u010d\u00edslo dr\u017een\u00ed m\u00ed\u010de na z\u00e1pas &#8211; 43% a p\u0159\u00edli\u0161 vychloubat se nemohou ani takov\u00ed Charles N\u2019Zogbia a Stylian Petrov, kte\u0159\u00ed v utk\u00e1n\u00ed pr\u016fm\u011brn\u011b provedou pouze 1.6 kl\u00ed\u010dov\u00fdch p\u0159ihr\u00e1vek. Sv\u016fj pozn\u00e1vac\u00ed znak &#8211; rychlost a pohyblivost &#8211; ale Villans neztratili. Nap\u0159\u00edklad v p\u0159edv\u00e1no\u010dn\u00edm dom\u00e1c\u00edm z\u00e1pase proti Liverpoolu nab\u011bhali hr\u00e1\u010di celkov\u011b 68.13 mil, nejv\u00edce z dan\u00e9ho v\u00edkendu.<\/p>\n<p>Everton na White Hart Lane nep\u0159ekvapil, prohr\u00e1l podruh\u00e9 v \u0159ad\u011b a znovu se mu poda\u0159ilo odhodit navaz\u00e1n\u00ed na nad\u011bjn\u00e9 v\u00fdsledky z p\u0159elomu roku, daleko do ztracena. I p\u0159es ve\u0161ker\u00e9 probl\u00e9my, kter\u00e9 Toffees doprov\u00e1zej\u00ed, v\u0161ak situaci p\u0159\u00edli\u0161 do karet nehraj\u00ed ani aktu\u00e1ln\u00ed ztr\u00e1ty. Everton po\u010d\u00edt\u00e1 nejrozs\u00e1hlej\u0161\u00ed marodku za dlouh\u00e9 m\u011bs\u00edce a kritick\u00e9 jsou pom\u011bry nov\u011b i v obran\u011b. D\u00edky zran\u011bn\u00ed Sylvaina Distina tak po debutu proti Spurs, mo\u017en\u00e1 \u010dek\u00e1 prvn\u00ed start na Shanea Duffyho, devaten\u00e1ctilet\u00e9ho irsk\u00e9ho stopera, kter\u00fd tak m\u016f\u017ee dostat po\u0159\u00e1dnou \u0161anci uk\u00e1zat se sv\u011btu.<\/p>\n<p>Z\u00e1pas na Villa Parku ale v ka\u017ed\u00e9m p\u0159\u00edpad\u011b p\u0159inese je\u0161t\u011b jednu pikant\u00e9rii. Premier League toti\u017e ud\u011blila \u0159\u00edzen\u00ed z\u00e1pasu Marku Cla*ttenburgovi. Ano, tomu, kter\u00fd z\u00e1pas Evertonu nep\u00edskal t\u00e9m\u011b\u0159 \u010dty\u0159i a p\u016fl roku po sv\u00e9m\u00a0patetick\u00e9m p\u0159edstaven\u00ed\u00a0v Merseyside derby. Asi zbyte\u010dn\u00e9 dod\u00e1vat, \u017ee cestuj\u00edc\u00ed Evertonians budou m\u00edt b\u011bhem utk\u00e1n\u00ed o z\u00e1bavu postar\u00e1no, kdy\u017e jim po\u017eitek ze hry nep\u0159in\u00e1\u0161\u00ed jejich t\u00fdm.<\/p>\n<h4><strong>Historie soupe\u0159e<\/strong><\/h4>\n<p>Aston Villa FC byla zalo\u017eena v b\u0159eznu roku 1874 v Handworthu, co\u017e je nyn\u00ed sou\u010d\u00e1st druh\u00e9ho nejv\u011bt\u0161\u00edho m\u011bsta Spojen\u00e9ho kr\u00e1lovstv\u00ed, Birminghamu. Historicky prvn\u00ed z\u00e1pas sehr\u00e1la Aston Villa s rugbyov\u00fdm t\u00fdmem Aston Brook St. Mary\u00b4s Rugby Team. Zaj\u00edmavost\u00ed je, \u017ee prvn\u00ed polo\u010das tohoto kl\u00e1n\u00ed se hr\u00e1l podle pravidel rugby a ten druh\u00fd u\u017e podle tehdej\u0161\u00edch fotbalov\u00fdch pravidel.<\/p>\n<p>Netrvalo dlouho a Villa se stala jedn\u00edm z nejlep\u0161\u00edch t\u00fdm\u016f v Midlands. Prvn\u00ed trofej, Birminghamsk\u00fd poh\u00e1r vyhr\u00e1la v roce 1880. Ov\u0161em o sedm let pozd\u011bji mohl klub slavit u\u017e daleko v\u011bt\u0161\u00ed \u00fasp\u011bch &#8211; zisk Anglick\u00e9ho poh\u00e1ru. Roku 1888 se Villans stali jedn\u00edm ze zakl\u00e1daj\u00edc\u00edch \u010dlen\u016f Football League. V t\u00e9 dob\u011b u\u017e byli d\u00edky zisku n\u011bkolika Anglick\u00fdch poh\u00e1r\u016f a ligov\u00fdch titul\u016f, proslaveni po cel\u00e9 zemi a stali se nej\u00fasp\u011b\u0161n\u011bj\u0161\u00edm anglick\u00fdm klubem Viktori\u00e1nsk\u00e9 \u00e9ry. V roce 1897 se klub p\u0159est\u011bhoval na nyn\u011bj\u0161\u00ed st\u00e1nek Aston Lower Grounds, kter\u00e9mu fanou\u0161ci za\u010dali brzy \u0159\u00edkat Villa Park.<\/p>\n<p>V po\u0159ad\u00ed \u0161est\u00fd FA Cup Villa z\u00edskala ji\u017e v roce 1920 a to byl tak\u00e9 za\u010d\u00e1tek pomal\u00e9ho \u00fapadku. Aston Villa, klub kter\u00fd pat\u0159il nejlep\u0161\u00edm na sv\u011bt\u011b, fini\u0161oval v tabulce rok od roku h\u016f\u0159e a tak v roce 1936 musel \u010delit sestupu do Second Divison. Poprv\u00e9 v historii. Toto obdob\u00ed je tak\u00e9 sv\u011bdkem rekordu, kter\u00fdm by se nechlubil \u017e\u00e1dn\u00fd fotbalov\u00fd klub. Aston Villa\u00a0inkasovala b\u011bhem jedn\u00e9 sezony neuv\u011b\u0159iteln\u00fdch 110 branek.<\/p>\n<p>Po v\u00e1lce se klubu ujal b\u00fdval\u00fd hr\u00e1\u010d Villans, Alex Massie a ten s Villou tak\u00e9 vyhr\u00e1l prvn\u00ed trofej po 37 letech, kdy\u017e ve fin\u00e1le FA Cupu zdolala slavn\u00e9 Busbyho d\u011bti z Manchesteru United. V 60. letech se v Aston Ville vyst\u0159\u00eddalo hned n\u011bkolik mana\u017eer\u016f a klubem zm\u00edtala nestabilita. V\u0161e vyvrcholilo t\u0159et\u00edm sestupem o ligu n\u00ed\u017ee v roce 1967.<\/p>\n<p>Ani tam se ale neda\u0159ilo. Prvn\u00ed sezonu Villa skon\u010dila ve druh\u00e9 lize 16. a i d\u00edky nar\u016fstaj\u00edc\u00edm dluh\u016fm se dostala a\u017e na samotn\u00e9 dno druh\u00e9 nejvy\u0161\u0161\u00ed sout\u011b\u017ee. Jedin\u00fdm \u0159e\u0161en\u00edm jak se dostat z krize, byla razantn\u00ed zm\u011bna ve veden\u00ed. Klub koupil lond\u00fdnsk\u00fd finan\u010dn\u00edk Pat Matthews, kter\u00fd si s sebou p\u0159ivedl i Douga Ellise, pozd\u011bj\u0161\u00ed v\u00fdraznou postavu d\u011bjin Aston Villy. Jen\u017ee ani nov\u00fd management zprvu nezabr\u00e1nil sestupu do Third Division. Pot\u00e9 u\u017e se Aston Villa postupn\u011b zvedala a po p\u011bti letech tvrd\u00e9 pr\u00e1ce se znovu vr\u00e1tila mezi elitn\u00ed \u010dleny Football League.<\/p>\n<p>Nej\u00fasp\u011b\u0161n\u011bj\u0161\u00ed klubov\u00e9 obdob\u00ed na sebe nenechalo dlouho \u010dekat.\u00a0V sezon\u011b 1980\/81 vyhr\u00e1la Villa ligov\u00fd titul a\u00a0v n\u00e1sleduj\u00edc\u00ed sezon\u011b za\u017eila obrovsk\u00fd \u00fasp\u011bch\u00a0v podob\u011b fin\u00e1lov\u00e9ho v\u00edt\u011bzstv\u00ed nad Bayernem Mnichov ve fin\u00e1le Evropsk\u00e9ho poh\u00e1ru. Jen\u017ee nic netrv\u00e1 v\u011b\u010dn\u011b a Villans se za p\u00e1r let museli znovu smi\u0159ovat se sestupem. To se psal rok 1987.\u00a0V roce 1992, u\u017e op\u011bt jako prvoligist\u00e9, se stali jedn\u00edm ze zakladatel\u016f Premier League a skon\u010dili na druh\u00e9m m\u00edst\u011b. Po zbytek 90. let Villa \u010dasto m\u011bnila mana\u017eery a v lize se umis\u0165ovala rok od roku jinak. I p\u0159esto ale z\u00edskala dva Ligov\u00e9 poh\u00e1ry a dos\u00e1hla na fin\u00e1le FA Cupu.<\/p>\n<p>Z\u00e1sadn\u00ed zm\u011bna p\u0159i\u0161la v roce 2006, kdy se fanou\u0161ky neobl\u00edben\u00fd Doug Ellis rozhodl klub prodat americk\u00e9mu byznysmenovi Randymu Lernerovi.\u00a0To u\u017e byl u t\u00fdmu i sou\u010dasn\u00fd severoirsk\u00fd mana\u017eer Martin O\u00b4Neill, kter\u00fd Villans dovedl do horn\u00edch echelon\u016f tabulky a tak\u00e9 do evropsk\u00fdch poh\u00e1r\u016f. Severoirsk\u00fd mana\u017eer v\u0161ak ne\u010dekan\u011b v l\u00e9t\u011b 2010 ozn\u00e1mil svoji rezignaci a jeho n\u00e1stupce Gerard Houllier ve sv\u00e9 funkci ze zdravotn\u00edch d\u016fvod\u016f vydr\u017eel sotva rok. V kr\u00e1tk\u00e9m sledu t\u0159et\u00ed jmenov\u00e1n\u00ed mana\u017eera znamenalo pro fotbalovou ve\u0159ejnost \u0161ok &#8211; stal se j\u00edm n\u011bkdej\u0161\u00ed \u0161\u00e9f m\u011bstsk\u00fdch rival\u016f ze St. Andrews, Alex McLeish.<\/p>\n<h4><strong>Z\u00e1pasov\u00e1 fakta<\/strong><\/h4>\n<p>Nej\u010dast\u011bji hran\u00fd z\u00e1pas historie anglick\u00e9 nejvy\u0161\u0161\u00ed sout\u011b\u017ee se v\u00edkendov\u00fdm st\u0159etnut\u00edm dost\u00e1v\u00e1 na celkov\u00e9 \u010d\u00edslo 211. Aston Villa st\u00e1le se 79 ligov\u00fdmi v\u00fdhrami ku 76 Evertonu t\u011bsn\u011b vede. Villans nav\u00edc maj\u00ed navrch i v posledn\u00edch sezon\u00e1ch. Naposled je Everton porazil v b\u0159eznu 2006 doma vysoko 4-1, od t\u00e9 doby v\u0161ak uplynulo ji\u017e jeden\u00e1ct vz\u00e1jemn\u00fdch nev\u00fdhern\u00edch z\u00e1pas\u016f. Na Villa Parku naposled Everton zv\u00edt\u011bzil je\u0161t\u011b o rok d\u0159\u00edve. Aston Villu tak Toffees neporazili nejd\u00e9le ze v\u0161ech prvoligov\u00fdch \u00fa\u010dastn\u00edk\u016f.<\/p>\n<p><strong>Aston Villa<\/strong><\/p>\n<p>Posledn\u00ed \u010dty\u0159i prohran\u00e9 dom\u00e1c\u00ed z\u00e1pasy sta\u010dily k vyrovn\u00e1n\u00ed klubov\u00e9ho rekordu v Premier League, kter\u00fd Villans stanovili v b\u0159eznu 1999. Od p\u011bti po sob\u011b jdouc\u00edch por\u00e1\u017eek p\u0159ed vlastn\u00edm publikem u\u017e v\u0161ak ub\u011bhlo 49 let. Bilance je ne\u00faprosn\u00e1 &#8211; z posledn\u00edch t\u0159in\u00e1cti z\u00e1pas\u016f Aston Villa vydolovala jen dvan\u00e1ct bod\u016f a g\u00f3l se t\u00fdmu nepoda\u0159ilo vst\u0159elit v osmi z dvaceti dosavadn\u00edch z\u00e1pas\u016f. H\u016f\u0159e u\u017e je na tom jen Swansea.<\/p>\n<h4><strong>Everton<\/strong><\/h4>\n<p>Dv\u011b prohry v \u0159ad\u011b p\u0159i\u0161ly po \u010dty\u0159z\u00e1pasov\u00e9 neporazitelnosti &#8211; nejlep\u0161\u00ed v\u00fdsledkov\u00e9 s\u00e9rii v sezon\u011b. Nad\u011bji ale p\u0159in\u00e1\u0161\u00ed leto\u0161n\u00ed venkovn\u00ed forma. Na ciz\u00edch h\u0159i\u0161t\u00edch Toffees vyhr\u00e1li \u010dty\u0159ikr\u00e1t, zat\u00edmco doma t\u0159ikr\u00e1t. St\u0159\u00edlen\u00ed g\u00f3l\u016f je v\u0161eobecn\u00fdm probl\u00e9mem, kdy\u017e ale g\u00f3l padne, nej\u010dast\u011bji tomu b\u00fdv\u00e1 ve druh\u00e9m polo\u010dase. V prvn\u00ed polovin\u011b utk\u00e1n\u00ed Everton nedal g\u00f3l u\u017e v dev\u00edti z\u00e1pasech, naposled se to povedlo Philu Jagielkovi proti Wolves v polovin\u011b listopadu.<\/p>\n<h4><strong>Vz\u00e1jemn\u00e1 bilance<\/strong><\/h4>\n<ul>\n<li>Celkov\u011b:\u00a0\u00a0\u00a0\u00a0\u00a0\u00a0\u00a0\u00a0\u00a0\u00a0\u00a0\u00a0\u00a0\u00a0\u00a0 79-56-76<\/li>\n<li>Na Villa Parku:\u00a0\u00a0\u00a0\u00a0\u00a0\u00a0\u00a0 48-26-26<\/li>\n<li>V Premier League:\u00a0 17-15-7<\/li>\n<\/ul>\n<h4><strong>Posledn\u00edch p\u011bt vz\u00e1jemn\u00fdch z\u00e1pas\u016f<\/strong><\/h4>\n<p>10.9. 2011 &#8211; EPL, Everton &#8211; Aston Villa 2-2 (Osman, Baines &#8211; Petrov, Agbonlahor)<br \/>\n2.4. 2011 &#8211; EPL, Everton &#8211; Aston Villa 2-2 (Osman, Baines &#8211; 2x Bent)<br \/>\n29.8. 2010 &#8211; EPL, Aston Villa &#8211; Everton 1-0 (L. Young)<br \/>\n14.4. 2010 &#8211; EPL, Aston Villa &#8211; Everton 2-2 (Agbonlahor, Jagielka OG &#8211; 2x Cahill)<br \/>\n31.10. 2009 &#8211; EPL, Everton &#8211; Aston Villa 1-1 (Bilyaletdinov &#8211; Carew)<\/p>\n<h4><strong>Absence<\/strong><\/h4>\n<p>Ke d\u0159\u00edv\u011bj\u0161\u00edm marod\u016fm se p\u0159idal Sylvain Distin, kter\u00fd pravd\u011bpodobn\u011b v z\u00e1pase nenastoup\u00ed. Aston Ville ji\u017e bude k dispozici Shay Given, kter\u00fd marodil s podkolenn\u00ed \u0161lachou, chyb\u011bt v\u0161ak nad\u00e1le bude Jermaine Jenas (achilovka), Emile Heskey (achilovka), Eric Lichaj (ky\u010del) a \u00fa\u010dast Carlose Cuellara je kv\u016fli poran\u011bn\u00e9mu stehnu v ohro\u017een\u00ed.<\/p>\n<ul>\n<li><strong>Kdy:\u00a0<\/strong>14.1. 16:00 SE\u010c<\/li>\n<li><strong>Kde:\u00a0<\/strong>Villa Park<\/li>\n<li><strong>Rozhod\u010d\u00ed:<\/strong>\u00a0Mark Clattenburg<\/li>\n<\/ul>\n","protected":false},"excerpt":{"rendered":"<p>V dal\u0161\u00ed z bitev o st\u0159ed tabulky, se bude Everton uch\u00e1zet o body na h\u0159i\u0161ti Aston Villy.<\/p>\n","protected":false},"author":7,"featured_media":15296,"comment_status":"open","ping_status":"closed","sticky":false,"template":"","format":"standard","meta":{"_eb_attr":"","_monsterinsights_skip_tracking":false,"_monsterinsights_sitenote_active":false,"_monsterinsights_sitenote_note":"","_monsterinsights_sitenote_category":0,"footnotes":""},"categories":[4],"tags":[],"yoast_head":"<!-- This site is optimized with the Yoast SEO plugin v23.4 - https:\/\/yoast.com\/wordpress\/plugins\/seo\/ -->\n<title>Preview: Aston Villa - Everton - Official Czech &amp; Slovak Everton Supporters&#039; Club<\/title>\n<meta name=\"robots\" content=\"index, follow, max-snippet:-1, max-image-preview:large, max-video-preview:-1\" \/>\n<link rel=\"canonical\" href=\"https:\/\/evertonfc.cz\/index.php\/2012\/01\/13\/preview-aston-villa-everton-6\/\" \/>\n<meta property=\"og:locale\" content=\"cs_CZ\" \/>\n<meta property=\"og:type\" content=\"article\" \/>\n<meta property=\"og:title\" content=\"Preview: Aston Villa - Everton - Official Czech &amp; Slovak Everton Supporters&#039; Club\" \/>\n<meta property=\"og:description\" content=\"V dal\u0161\u00ed z bitev o st\u0159ed tabulky, se bude Everton uch\u00e1zet o body na h\u0159i\u0161ti Aston Villy.\" \/>\n<meta property=\"og:url\" content=\"https:\/\/evertonfc.cz\/index.php\/2012\/01\/13\/preview-aston-villa-everton-6\/\" \/>\n<meta property=\"og:site_name\" content=\"Official Czech &amp; Slovak Everton Supporters&#039; Club\" \/>\n<meta property=\"article:publisher\" content=\"https:\/\/www.facebook.com\/everton.fans.cz.sk\" \/>\n<meta property=\"article:published_time\" content=\"2012-01-13T15:53:14+00:00\" \/>\n<meta property=\"article:modified_time\" content=\"2021-05-10T07:58:21+00:00\" \/>\n<meta property=\"og:image\" content=\"https:\/\/evertonfc.cz\/wp-content\/uploads\/2021\/05\/Aston-Villa-VS-Everton.jpg\" \/>\n\t<meta property=\"og:image:width\" content=\"720\" \/>\n\t<meta property=\"og:image:height\" content=\"405\" \/>\n\t<meta property=\"og:image:type\" content=\"image\/jpeg\" \/>\n<meta name=\"author\" content=\"Me\u0148a\" \/>\n<meta name=\"twitter:card\" content=\"summary_large_image\" \/>\n<meta name=\"twitter:label1\" content=\"Napsal(a)\" \/>\n\t<meta name=\"twitter:data1\" content=\"Me\u0148a\" \/>\n\t<meta name=\"twitter:label2\" content=\"Odhadovan\u00e1 doba \u010dten\u00ed\" \/>\n\t<meta name=\"twitter:data2\" content=\"9 minut\" \/>\n<script type=\"application\/ld+json\" class=\"yoast-schema-graph\">{\"@context\":\"https:\/\/schema.org\",\"@graph\":[{\"@type\":\"Article\",\"@id\":\"https:\/\/evertonfc.cz\/index.php\/2012\/01\/13\/preview-aston-villa-everton-6\/#article\",\"isPartOf\":{\"@id\":\"https:\/\/evertonfc.cz\/index.php\/2012\/01\/13\/preview-aston-villa-everton-6\/\"},\"author\":{\"name\":\"Me\u0148a\",\"@id\":\"https:\/\/evertonfc.cz\/#\/schema\/person\/cd6328a75577de2add7793fd4b0930c3\"},\"headline\":\"Preview: Aston Villa &#8211; Everton\",\"datePublished\":\"2012-01-13T15:53:14+00:00\",\"dateModified\":\"2021-05-10T07:58:21+00:00\",\"mainEntityOfPage\":{\"@id\":\"https:\/\/evertonfc.cz\/index.php\/2012\/01\/13\/preview-aston-villa-everton-6\/\"},\"wordCount\":1773,\"commentCount\":0,\"publisher\":{\"@id\":\"https:\/\/evertonfc.cz\/#organization\"},\"image\":{\"@id\":\"https:\/\/evertonfc.cz\/index.php\/2012\/01\/13\/preview-aston-villa-everton-6\/#primaryimage\"},\"thumbnailUrl\":\"https:\/\/evertonfc.cz\/wp-content\/uploads\/2021\/05\/Aston-Villa-VS-Everton.jpg\",\"articleSection\":[\"Z\u00e1pasy\"],\"inLanguage\":\"cs\",\"potentialAction\":[{\"@type\":\"CommentAction\",\"name\":\"Comment\",\"target\":[\"https:\/\/evertonfc.cz\/index.php\/2012\/01\/13\/preview-aston-villa-everton-6\/#respond\"]}]},{\"@type\":\"WebPage\",\"@id\":\"https:\/\/evertonfc.cz\/index.php\/2012\/01\/13\/preview-aston-villa-everton-6\/\",\"url\":\"https:\/\/evertonfc.cz\/index.php\/2012\/01\/13\/preview-aston-villa-everton-6\/\",\"name\":\"Preview: Aston Villa - Everton - Official Czech &amp; Slovak Everton Supporters&#039; Club\",\"isPartOf\":{\"@id\":\"https:\/\/evertonfc.cz\/#website\"},\"primaryImageOfPage\":{\"@id\":\"https:\/\/evertonfc.cz\/index.php\/2012\/01\/13\/preview-aston-villa-everton-6\/#primaryimage\"},\"image\":{\"@id\":\"https:\/\/evertonfc.cz\/index.php\/2012\/01\/13\/preview-aston-villa-everton-6\/#primaryimage\"},\"thumbnailUrl\":\"https:\/\/evertonfc.cz\/wp-content\/uploads\/2021\/05\/Aston-Villa-VS-Everton.jpg\",\"datePublished\":\"2012-01-13T15:53:14+00:00\",\"dateModified\":\"2021-05-10T07:58:21+00:00\",\"breadcrumb\":{\"@id\":\"https:\/\/evertonfc.cz\/index.php\/2012\/01\/13\/preview-aston-villa-everton-6\/#breadcrumb\"},\"inLanguage\":\"cs\",\"potentialAction\":[{\"@type\":\"ReadAction\",\"target\":[\"https:\/\/evertonfc.cz\/index.php\/2012\/01\/13\/preview-aston-villa-everton-6\/\"]}]},{\"@type\":\"ImageObject\",\"inLanguage\":\"cs\",\"@id\":\"https:\/\/evertonfc.cz\/index.php\/2012\/01\/13\/preview-aston-villa-everton-6\/#primaryimage\",\"url\":\"https:\/\/evertonfc.cz\/wp-content\/uploads\/2021\/05\/Aston-Villa-VS-Everton.jpg\",\"contentUrl\":\"https:\/\/evertonfc.cz\/wp-content\/uploads\/2021\/05\/Aston-Villa-VS-Everton.jpg\",\"width\":720,\"height\":405},{\"@type\":\"BreadcrumbList\",\"@id\":\"https:\/\/evertonfc.cz\/index.php\/2012\/01\/13\/preview-aston-villa-everton-6\/#breadcrumb\",\"itemListElement\":[{\"@type\":\"ListItem\",\"position\":1,\"name\":\"Home\",\"item\":\"https:\/\/evertonfc.cz\/\"},{\"@type\":\"ListItem\",\"position\":2,\"name\":\"Preview: Aston Villa &#8211; Everton\"}]},{\"@type\":\"WebSite\",\"@id\":\"https:\/\/evertonfc.cz\/#website\",\"url\":\"https:\/\/evertonfc.cz\/\",\"name\":\"Official Czech &amp; Slovak Everton Supporters&#039; Club\",\"description\":\"\",\"publisher\":{\"@id\":\"https:\/\/evertonfc.cz\/#organization\"},\"potentialAction\":[{\"@type\":\"SearchAction\",\"target\":{\"@type\":\"EntryPoint\",\"urlTemplate\":\"https:\/\/evertonfc.cz\/?s={search_term_string}\"},\"query-input\":{\"@type\":\"PropertyValueSpecification\",\"valueRequired\":true,\"valueName\":\"search_term_string\"}}],\"inLanguage\":\"cs\"},{\"@type\":\"Organization\",\"@id\":\"https:\/\/evertonfc.cz\/#organization\",\"name\":\"Official Czech & Slovak Everton Supporters' Club\",\"url\":\"https:\/\/evertonfc.cz\/\",\"logo\":{\"@type\":\"ImageObject\",\"inLanguage\":\"cs\",\"@id\":\"https:\/\/evertonfc.cz\/#\/schema\/logo\/image\/\",\"url\":\"https:\/\/evertonfc.cz\/wp-content\/uploads\/2019\/05\/logo.png\",\"contentUrl\":\"https:\/\/evertonfc.cz\/wp-content\/uploads\/2019\/05\/logo.png\",\"width\":112,\"height\":112,\"caption\":\"Official Czech & Slovak Everton Supporters' Club\"},\"image\":{\"@id\":\"https:\/\/evertonfc.cz\/#\/schema\/logo\/image\/\"},\"sameAs\":[\"https:\/\/www.facebook.com\/everton.fans.cz.sk\"]},{\"@type\":\"Person\",\"@id\":\"https:\/\/evertonfc.cz\/#\/schema\/person\/cd6328a75577de2add7793fd4b0930c3\",\"name\":\"Me\u0148a\",\"url\":\"https:\/\/evertonfc.cz\/index.php\/author\/mena\/\"}]}<\/script>\n<!-- \/ Yoast SEO plugin. -->","yoast_head_json":{"title":"Preview: Aston Villa - Everton - Official Czech &amp; Slovak Everton Supporters&#039; Club","robots":{"index":"index","follow":"follow","max-snippet":"max-snippet:-1","max-image-preview":"max-image-preview:large","max-video-preview":"max-video-preview:-1"},"canonical":"https:\/\/evertonfc.cz\/index.php\/2012\/01\/13\/preview-aston-villa-everton-6\/","og_locale":"cs_CZ","og_type":"article","og_title":"Preview: Aston Villa - Everton - Official Czech &amp; Slovak Everton Supporters&#039; Club","og_description":"V dal\u0161\u00ed z bitev o st\u0159ed tabulky, se bude Everton uch\u00e1zet o body na h\u0159i\u0161ti Aston Villy.","og_url":"https:\/\/evertonfc.cz\/index.php\/2012\/01\/13\/preview-aston-villa-everton-6\/","og_site_name":"Official Czech &amp; Slovak Everton Supporters&#039; Club","article_publisher":"https:\/\/www.facebook.com\/everton.fans.cz.sk","article_published_time":"2012-01-13T15:53:14+00:00","article_modified_time":"2021-05-10T07:58:21+00:00","og_image":[{"width":720,"height":405,"url":"https:\/\/evertonfc.cz\/wp-content\/uploads\/2021\/05\/Aston-Villa-VS-Everton.jpg","type":"image\/jpeg"}],"author":"Me\u0148a","twitter_card":"summary_large_image","twitter_misc":{"Napsal(a)":"Me\u0148a","Odhadovan\u00e1 doba \u010dten\u00ed":"9 minut"},"schema":{"@context":"https:\/\/schema.org","@graph":[{"@type":"Article","@id":"https:\/\/evertonfc.cz\/index.php\/2012\/01\/13\/preview-aston-villa-everton-6\/#article","isPartOf":{"@id":"https:\/\/evertonfc.cz\/index.php\/2012\/01\/13\/preview-aston-villa-everton-6\/"},"author":{"name":"Me\u0148a","@id":"https:\/\/evertonfc.cz\/#\/schema\/person\/cd6328a75577de2add7793fd4b0930c3"},"headline":"Preview: Aston Villa &#8211; Everton","datePublished":"2012-01-13T15:53:14+00:00","dateModified":"2021-05-10T07:58:21+00:00","mainEntityOfPage":{"@id":"https:\/\/evertonfc.cz\/index.php\/2012\/01\/13\/preview-aston-villa-everton-6\/"},"wordCount":1773,"commentCount":0,"publisher":{"@id":"https:\/\/evertonfc.cz\/#organization"},"image":{"@id":"https:\/\/evertonfc.cz\/index.php\/2012\/01\/13\/preview-aston-villa-everton-6\/#primaryimage"},"thumbnailUrl":"https:\/\/evertonfc.cz\/wp-content\/uploads\/2021\/05\/Aston-Villa-VS-Everton.jpg","articleSection":["Z\u00e1pasy"],"inLanguage":"cs","potentialAction":[{"@type":"CommentAction","name":"Comment","target":["https:\/\/evertonfc.cz\/index.php\/2012\/01\/13\/preview-aston-villa-everton-6\/#respond"]}]},{"@type":"WebPage","@id":"https:\/\/evertonfc.cz\/index.php\/2012\/01\/13\/preview-aston-villa-everton-6\/","url":"https:\/\/evertonfc.cz\/index.php\/2012\/01\/13\/preview-aston-villa-everton-6\/","name":"Preview: Aston Villa - Everton - Official Czech &amp; Slovak Everton Supporters&#039; Club","isPartOf":{"@id":"https:\/\/evertonfc.cz\/#website"},"primaryImageOfPage":{"@id":"https:\/\/evertonfc.cz\/index.php\/2012\/01\/13\/preview-aston-villa-everton-6\/#primaryimage"},"image":{"@id":"https:\/\/evertonfc.cz\/index.php\/2012\/01\/13\/preview-aston-villa-everton-6\/#primaryimage"},"thumbnailUrl":"https:\/\/evertonfc.cz\/wp-content\/uploads\/2021\/05\/Aston-Villa-VS-Everton.jpg","datePublished":"2012-01-13T15:53:14+00:00","dateModified":"2021-05-10T07:58:21+00:00","breadcrumb":{"@id":"https:\/\/evertonfc.cz\/index.php\/2012\/01\/13\/preview-aston-villa-everton-6\/#breadcrumb"},"inLanguage":"cs","potentialAction":[{"@type":"ReadAction","target":["https:\/\/evertonfc.cz\/index.php\/2012\/01\/13\/preview-aston-villa-everton-6\/"]}]},{"@type":"ImageObject","inLanguage":"cs","@id":"https:\/\/evertonfc.cz\/index.php\/2012\/01\/13\/preview-aston-villa-everton-6\/#primaryimage","url":"https:\/\/evertonfc.cz\/wp-content\/uploads\/2021\/05\/Aston-Villa-VS-Everton.jpg","contentUrl":"https:\/\/evertonfc.cz\/wp-content\/uploads\/2021\/05\/Aston-Villa-VS-Everton.jpg","width":720,"height":405},{"@type":"BreadcrumbList","@id":"https:\/\/evertonfc.cz\/index.php\/2012\/01\/13\/preview-aston-villa-everton-6\/#breadcrumb","itemListElement":[{"@type":"ListItem","position":1,"name":"Home","item":"https:\/\/evertonfc.cz\/"},{"@type":"ListItem","position":2,"name":"Preview: Aston Villa &#8211; Everton"}]},{"@type":"WebSite","@id":"https:\/\/evertonfc.cz\/#website","url":"https:\/\/evertonfc.cz\/","name":"Official Czech &amp; Slovak Everton Supporters&#039; Club","description":"","publisher":{"@id":"https:\/\/evertonfc.cz\/#organization"},"potentialAction":[{"@type":"SearchAction","target":{"@type":"EntryPoint","urlTemplate":"https:\/\/evertonfc.cz\/?s={search_term_string}"},"query-input":{"@type":"PropertyValueSpecification","valueRequired":true,"valueName":"search_term_string"}}],"inLanguage":"cs"},{"@type":"Organization","@id":"https:\/\/evertonfc.cz\/#organization","name":"Official Czech & Slovak Everton Supporters' Club","url":"https:\/\/evertonfc.cz\/","logo":{"@type":"ImageObject","inLanguage":"cs","@id":"https:\/\/evertonfc.cz\/#\/schema\/logo\/image\/","url":"https:\/\/evertonfc.cz\/wp-content\/uploads\/2019\/05\/logo.png","contentUrl":"https:\/\/evertonfc.cz\/wp-content\/uploads\/2019\/05\/logo.png","width":112,"height":112,"caption":"Official Czech & Slovak Everton Supporters' Club"},"image":{"@id":"https:\/\/evertonfc.cz\/#\/schema\/logo\/image\/"},"sameAs":["https:\/\/www.facebook.com\/everton.fans.cz.sk"]},{"@type":"Person","@id":"https:\/\/evertonfc.cz\/#\/schema\/person\/cd6328a75577de2add7793fd4b0930c3","name":"Me\u0148a","url":"https:\/\/evertonfc.cz\/index.php\/author\/mena\/"}]}},"_links":{"self":[{"href":"https:\/\/evertonfc.cz\/index.php\/wp-json\/wp\/v2\/posts\/6085"}],"collection":[{"href":"https:\/\/evertonfc.cz\/index.php\/wp-json\/wp\/v2\/posts"}],"about":[{"href":"https:\/\/evertonfc.cz\/index.php\/wp-json\/wp\/v2\/types\/post"}],"author":[{"embeddable":true,"href":"https:\/\/evertonfc.cz\/index.php\/wp-json\/wp\/v2\/users\/7"}],"replies":[{"embeddable":true,"href":"https:\/\/evertonfc.cz\/index.php\/wp-json\/wp\/v2\/comments?post=6085"}],"version-history":[{"count":3,"href":"https:\/\/evertonfc.cz\/index.php\/wp-json\/wp\/v2\/posts\/6085\/revisions"}],"predecessor-version":[{"id":15304,"href":"https:\/\/evertonfc.cz\/index.php\/wp-json\/wp\/v2\/posts\/6085\/revisions\/15304"}],"wp:featuredmedia":[{"embeddable":true,"href":"https:\/\/evertonfc.cz\/index.php\/wp-json\/wp\/v2\/media\/15296"}],"wp:attachment":[{"href":"https:\/\/evertonfc.cz\/index.php\/wp-json\/wp\/v2\/media?parent=6085"}],"wp:term":[{"taxonomy":"category","embeddable":true,"href":"https:\/\/evertonfc.cz\/index.php\/wp-json\/wp\/v2\/categories?post=6085"},{"taxonomy":"post_tag","embeddable":true,"href":"https:\/\/evertonfc.cz\/index.php\/wp-json\/wp\/v2\/tags?post=6085"}],"curies":[{"name":"wp","href":"https:\/\/api.w.org\/{rel}","templated":true}]}}