{"id":6087,"date":"2012-10-26T16:53:50","date_gmt":"2012-10-26T14:53:50","guid":{"rendered":"http:\/\/evertonfc.cz\/?p=6087"},"modified":"2019-02-17T18:06:49","modified_gmt":"2019-02-17T17:06:49","slug":"jelavic-muj-prvni-dotek-je-instinkt","status":"publish","type":"post","link":"https:\/\/evertonfc.cz\/index.php\/2012\/10\/26\/jelavic-muj-prvni-dotek-je-instinkt\/","title":{"rendered":"Jelavi\u0107: M\u016fj prvn\u00ed dotek je instinkt"},"content":{"rendered":"<h4 id=\"NewsPostDetailSummary\">Temperamentn\u00ed koment\u00e1to\u0159i p\u0159irovn\u00e1vaj\u00ed Merseyside derby v nads\u00e1zce k fotbalov\u00e9 v\u00e1lce. Nikica Jelavi\u0107 dob\u0159e v\u00ed, co prav\u00fd v\u00fdznam slovo v\u00e1lka vystihuje, v ml\u00e1d\u00ed k n\u00ed m\u011bl toti\u017e bl\u00edzko.<\/h4>\n<div id=\"NewsPostDetailContent\">\n<p>Chorvatsk\u00fd striker pro\u017e\u00edval sv\u00e9 d\u011btstv\u00ed v dob\u011b boj\u016f na Balk\u00e1nsk\u00e9m poloostrov\u011b b\u011bhem prvn\u00edch rok\u016f devades\u00e1t\u00fdch let, kter\u00e9 vedly k rozpadu Jugosl\u00e1vie. \u0160lo o jeden z nejbrut\u00e1ln\u011bj\u0161\u00edch konflikt\u016f v novodob\u00e9 Evrop\u011b a v\u016fbec prvn\u00ed v\u00e1le\u010dn\u00fd konflikt na kontinentu po II. sv\u011btov\u00e9 v\u00e1lce.<\/p>\n<p><em>\u201eBylo mi \u0161est, kdy\u017e v\u00e1lka za\u010dala, a mo\u017en\u00e1 to bude zn\u00edt trochu zvl\u00e1\u0161tn\u011b a pro n\u011bkoho t\u011b\u017ece pochopiteln\u011b, ale tehdy jsem pro\u017e\u00edval nejlep\u0161\u00ed \u010dasy sv\u00e9ho \u017eivota. P\u0159\u00edsah\u00e1m,\u201c<\/em>\u00a0za\u010dal Jelavi\u0107 pon\u011bkud p\u0159ekvapiv\u011b, aby vz\u00e1p\u011bt\u00ed sv\u00e9 prohl\u00e1\u0161en\u00ed vysv\u011btlil: <em>\u201eNeexistovala pravidla. R\u00e1no jsem se probudil a mohl jsem j\u00edt ven, mohl jsem cel\u00fd den hr\u00e1t fotbal nebo se koupat v \u0159ece.<\/em><\/p>\n<p><em>M\u016fj t\u00e1ta bojoval v prvn\u00ed linii a m\u00e1ma z\u016fst\u00e1vala doma, tak\u017ee se mi jako d\u00edt\u011bti dostalo hodn\u011b svobody. Z\u00e1kladn\u00ed lidsk\u00e9 n\u00e1vyky se kv\u016fli v\u00e1lce nedodr\u017eovali, nechodil jsem do \u0161koly.<\/em><\/p>\n<p><em>Tenkr\u00e1t jsme pochopiteln\u011b postr\u00e1dali dobr\u00e9 z\u00e1zem\u00ed, s dne\u0161n\u00ed Angli\u00ed se to v\u016fbec ned\u00e1 srovn\u00e1vat. Na\u0161lo se u v\u0161ak n\u00e1s mnoho talentovan\u00fdch chlapc\u016f. Pamatuji si, jak jsem v\u017edy hr\u00e1l fotbal proti star\u0161\u00edm kluk\u016fm. \u0160lo o v\u00fdzvu, stejn\u011b jsem ale b\u00fdval nejlep\u0161\u00ed.<\/em><\/p>\n<p><em>Pro mou generaci na\u0161e mlad\u00e1 l\u00e9ta znamenala hezk\u00e9 obdob\u00ed. Jako d\u00edt\u011b jsem si v\u00e1\u017enost situace v\u016fbec neuv\u011bdomoval, dnes ji\u017e v\u0161e ch\u00e1pu. Rozhovory s t\u00e1tou na toto t\u00e9ma jsou v\u017edy zaj\u00edmav\u00e9, p\u0159\u00edli\u0161 se mu ov\u0161em o v\u00e1lce mluvit nechce, nen\u00ed pro n\u011bj lehk\u00e9 vzpom\u00ednat.\u201c<\/em><\/p>\n<p>Jelavi\u0107 se py\u0161n\u00ed skv\u011bl\u00fdm instinktem, ve v\u00e1pn\u011b mu sta\u010d\u00ed mal\u00fd prostor a z prvn\u00edho doteku \u010dasto uklid\u00ed m\u00ed\u010d do br\u00e1ny, sna\u017e\u00ed se vy\u0159e\u0161it situace jednodu\u0161e. Svou p\u0159ednost\u00ed se chlubil u\u017e od mala.<\/p>\n<p><em>\u201eT\u00e1ta m\u011b p\u0159ed z\u00e1pasy \u010dasto motivoval, sliboval mi pen\u011b\u017en\u00ed obnos srovnateln\u00fd s n\u011bkolika librami za ka\u017ed\u00fd vst\u0159elen\u00fd g\u00f3l. Jen\u017ee ob\u010das jsem za sv\u016fj prvn\u00ed ml\u00e1de\u017enick\u00fd t\u00fdm, GOSK Gabela, sk\u00f3roval b\u011bhem jednoho utk\u00e1n\u00ed \u0161estkr\u00e1t, sedmkr\u00e1t a potom mi \u0159\u00edkal: V\u00edce ne! &#8218;Nem\u00e1m \u017e\u00e1dn\u00e9 pen\u00edze!&#8216; V\u00fdd\u011blek jsem utr\u00e1cel na sladkosti a \u010dokol\u00e1du, v\u011bt\u0161inou jsem v\u0161ak celou odm\u011bnu nedostal. A mo\u017en\u00e1 je to i dob\u0159e.<\/em><\/p>\n<p><em>T\u00e1ta tak\u00e9 hr\u00e1val fotbal a pozd\u011bji se stal rozhod\u010d\u00edm v bosensk\u00e9 lize. Nyn\u00ed rozhod\u010d\u00ed posuzuje a t\u00e9m\u011b\u0159 neust\u00e1le na m\u011b po telefonu apeluje, abych se vyh\u00fdbal rozhovor\u016fm se sud\u00edmi.\u00a0<\/em><em>Jsem odli\u0161n\u00fd typ fotbalisty ne\u017e t\u0159eba Phil Neville, on se soust\u0159ed\u00ed na z\u00e1pasy dny p\u0159edem, j\u00e1 o n\u011bm tak nep\u0159em\u00fd\u0161l\u00edm. Nen\u00ed to m\u016fj styl.<\/em><\/p>\n<p><em>Nikdy si v hlav\u011b nep\u0159em\u00edt\u00e1m, kolik dotek\u016f mi bude sta\u010dit ke g\u00f3lu a jak\u00fdm zp\u016fsobem ho dos\u00e1hnu. Kdy\u017e se ke mn\u011b dostane m\u00ed\u010d a vid\u00edm branku, st\u0159\u00edl\u00edm. Pro\u010d si v\u011bci komplikovat?\u00a0<\/em><em>Jestli\u017ee dr\u017e\u00ed m\u00ed\u010d u nohy Mirallas, Pienaar, Bainsey, nebo kdokoliv jin\u00fd, v\u00edm, kam bude p\u0159ihr\u00e1vat, a sna\u017e\u00edm se na ono m\u00edsto dob\u011bhnout. Jsem hr\u00e1\u010d do v\u00e1pna, kde v\u011bt\u0161inou sta\u010d\u00ed jeden poveden\u00fd dotyk s balonem, a m\u00e1te\u00a0\u0161anci vst\u0159elit g\u00f3l.\u201c<\/em><\/p>\n<p>Everton pro\u017e\u00edv\u00e1 \u00fasp\u011b\u0161n\u00fd start do sez\u00f3ny, Merseyside derby m\u016f\u017ee pozvednout jeho prapor je\u0161t\u011b v\u00fd\u0161e a d\u016fle\u017eitost st\u0159etnut\u00ed si uv\u011bdomuje rovn\u011b\u017e Jelavi\u0107.<\/p>\n<p><em>\u201eJsem si v\u011bdom \u00fasp\u011bch\u016f Evertonu v 80. letech. Nemohu sl\u00edbit, \u017ee dos\u00e1hne stejn\u00e9 \u00farovni, m\u00e1me ale skv\u011bl\u00fd t\u00fdm a sna\u017e\u00edme se posunout na ur\u010ditou \u00farove\u0148. Jsem p\u0159esv\u011bd\u010den o na\u0161e s\u00edle zahr\u00e1t si Ligy mistr\u016f.<\/em><\/p>\n<p><em>Letos jsme porazili Manchester United, v minul\u00e9m ro\u010dn\u00edku jsme zase zv\u00edt\u011bzili nad Manchesterem City. Jsme schopni \u010delit nejlep\u0161\u00edm klub\u016fm, u\u017e jsme to uk\u00e1zali.\u00a0<\/em><em>V Anglii jsem s Liverpoolem zat\u00edm dvakr\u00e1t prohr\u00e1l, d\u0159\u00edve jsem nad n\u00edm ji\u017e triumfoval. S Rapidem V\u00edde\u0148 jsme jej udolali v p\u0159edsez\u00f3nn\u00edm p\u0159\u00e1telsk\u00e9m utk\u00e1n\u00ed. Souboj Evertonu a Liverpool je velk\u00e1 v\u011bc, tou\u017e\u00edm Liverpool porazit tak\u00e9 v\u00a0dresu Evertonu.\u201c<\/em><\/p>\n<\/div>\n","protected":false},"excerpt":{"rendered":"<p>Temperamentn\u00ed koment\u00e1to\u0159i p\u0159irovn\u00e1vaj\u00ed Merseyside derby v nads\u00e1zce k fotbalov\u00e9 v\u00e1lce. Nikica Jelavi\u0107 dob\u0159e v\u00ed, co prav\u00fd v\u00fdznam slovo v\u00e1lka vystihuje,&hellip;<\/p>\n","protected":false},"author":6,"featured_media":1312,"comment_status":"open","ping_status":"closed","sticky":false,"template":"","format":"standard","meta":{"_eb_attr":"","_monsterinsights_skip_tracking":false,"_monsterinsights_sitenote_active":false,"_monsterinsights_sitenote_note":"","_monsterinsights_sitenote_category":0,"footnotes":""},"categories":[1],"tags":[],"yoast_head":"<!-- This site is optimized with the Yoast SEO plugin v23.4 - https:\/\/yoast.com\/wordpress\/plugins\/seo\/ -->\n<title>Jelavi\u0107: M\u016fj prvn\u00ed dotek je instinkt - Official Czech &amp; Slovak Everton Supporters&#039; Club<\/title>\n<meta name=\"robots\" content=\"index, follow, max-snippet:-1, max-image-preview:large, max-video-preview:-1\" \/>\n<link rel=\"canonical\" href=\"https:\/\/evertonfc.cz\/index.php\/2012\/10\/26\/jelavic-muj-prvni-dotek-je-instinkt\/\" \/>\n<meta property=\"og:locale\" content=\"cs_CZ\" \/>\n<meta property=\"og:type\" content=\"article\" \/>\n<meta property=\"og:title\" content=\"Jelavi\u0107: M\u016fj prvn\u00ed dotek je instinkt - Official Czech &amp; Slovak Everton Supporters&#039; Club\" \/>\n<meta property=\"og:description\" content=\"Temperamentn\u00ed koment\u00e1to\u0159i p\u0159irovn\u00e1vaj\u00ed Merseyside derby v nads\u00e1zce k fotbalov\u00e9 v\u00e1lce. Nikica Jelavi\u0107 dob\u0159e v\u00ed, co prav\u00fd v\u00fdznam slovo v\u00e1lka vystihuje,&hellip;\" \/>\n<meta property=\"og:url\" content=\"https:\/\/evertonfc.cz\/index.php\/2012\/10\/26\/jelavic-muj-prvni-dotek-je-instinkt\/\" \/>\n<meta property=\"og:site_name\" content=\"Official Czech &amp; Slovak Everton Supporters&#039; Club\" \/>\n<meta property=\"article:publisher\" content=\"https:\/\/www.facebook.com\/everton.fans.cz.sk\" \/>\n<meta property=\"article:published_time\" content=\"2012-10-26T14:53:50+00:00\" \/>\n<meta property=\"article:modified_time\" content=\"2019-02-17T17:06:49+00:00\" \/>\n<meta property=\"og:image\" content=\"https:\/\/evertonfc.cz\/wp-content\/uploads\/2019\/01\/interview.jpg\" \/>\n\t<meta property=\"og:image:width\" content=\"720\" \/>\n\t<meta property=\"og:image:height\" content=\"405\" \/>\n\t<meta property=\"og:image:type\" content=\"image\/jpeg\" \/>\n<meta name=\"author\" content=\"Ri\u010di\" \/>\n<meta name=\"twitter:card\" content=\"summary_large_image\" \/>\n<meta name=\"twitter:creator\" content=\"@rbrejsa\" \/>\n<meta name=\"twitter:label1\" content=\"Napsal(a)\" \/>\n\t<meta name=\"twitter:data1\" content=\"Ri\u010di\" \/>\n\t<meta name=\"twitter:label2\" content=\"Odhadovan\u00e1 doba \u010dten\u00ed\" \/>\n\t<meta name=\"twitter:data2\" content=\"4 minuty\" \/>\n<script type=\"application\/ld+json\" class=\"yoast-schema-graph\">{\"@context\":\"https:\/\/schema.org\",\"@graph\":[{\"@type\":\"Article\",\"@id\":\"https:\/\/evertonfc.cz\/index.php\/2012\/10\/26\/jelavic-muj-prvni-dotek-je-instinkt\/#article\",\"isPartOf\":{\"@id\":\"https:\/\/evertonfc.cz\/index.php\/2012\/10\/26\/jelavic-muj-prvni-dotek-je-instinkt\/\"},\"author\":{\"name\":\"Ri\u010di\",\"@id\":\"https:\/\/evertonfc.cz\/#\/schema\/person\/f7a5daedb2ffee98480bc70e191aaef1\"},\"headline\":\"Jelavi\u0107: M\u016fj prvn\u00ed dotek je instinkt\",\"datePublished\":\"2012-10-26T14:53:50+00:00\",\"dateModified\":\"2019-02-17T17:06:49+00:00\",\"mainEntityOfPage\":{\"@id\":\"https:\/\/evertonfc.cz\/index.php\/2012\/10\/26\/jelavic-muj-prvni-dotek-je-instinkt\/\"},\"wordCount\":807,\"commentCount\":0,\"publisher\":{\"@id\":\"https:\/\/evertonfc.cz\/#organization\"},\"image\":{\"@id\":\"https:\/\/evertonfc.cz\/index.php\/2012\/10\/26\/jelavic-muj-prvni-dotek-je-instinkt\/#primaryimage\"},\"thumbnailUrl\":\"https:\/\/evertonfc.cz\/wp-content\/uploads\/2019\/01\/interview.jpg\",\"articleSection\":[\"Rozhovory\"],\"inLanguage\":\"cs\",\"potentialAction\":[{\"@type\":\"CommentAction\",\"name\":\"Comment\",\"target\":[\"https:\/\/evertonfc.cz\/index.php\/2012\/10\/26\/jelavic-muj-prvni-dotek-je-instinkt\/#respond\"]}]},{\"@type\":\"WebPage\",\"@id\":\"https:\/\/evertonfc.cz\/index.php\/2012\/10\/26\/jelavic-muj-prvni-dotek-je-instinkt\/\",\"url\":\"https:\/\/evertonfc.cz\/index.php\/2012\/10\/26\/jelavic-muj-prvni-dotek-je-instinkt\/\",\"name\":\"Jelavi\u0107: M\u016fj prvn\u00ed dotek je instinkt - Official Czech &amp; Slovak Everton Supporters&#039; Club\",\"isPartOf\":{\"@id\":\"https:\/\/evertonfc.cz\/#website\"},\"primaryImageOfPage\":{\"@id\":\"https:\/\/evertonfc.cz\/index.php\/2012\/10\/26\/jelavic-muj-prvni-dotek-je-instinkt\/#primaryimage\"},\"image\":{\"@id\":\"https:\/\/evertonfc.cz\/index.php\/2012\/10\/26\/jelavic-muj-prvni-dotek-je-instinkt\/#primaryimage\"},\"thumbnailUrl\":\"https:\/\/evertonfc.cz\/wp-content\/uploads\/2019\/01\/interview.jpg\",\"datePublished\":\"2012-10-26T14:53:50+00:00\",\"dateModified\":\"2019-02-17T17:06:49+00:00\",\"breadcrumb\":{\"@id\":\"https:\/\/evertonfc.cz\/index.php\/2012\/10\/26\/jelavic-muj-prvni-dotek-je-instinkt\/#breadcrumb\"},\"inLanguage\":\"cs\",\"potentialAction\":[{\"@type\":\"ReadAction\",\"target\":[\"https:\/\/evertonfc.cz\/index.php\/2012\/10\/26\/jelavic-muj-prvni-dotek-je-instinkt\/\"]}]},{\"@type\":\"ImageObject\",\"inLanguage\":\"cs\",\"@id\":\"https:\/\/evertonfc.cz\/index.php\/2012\/10\/26\/jelavic-muj-prvni-dotek-je-instinkt\/#primaryimage\",\"url\":\"https:\/\/evertonfc.cz\/wp-content\/uploads\/2019\/01\/interview.jpg\",\"contentUrl\":\"https:\/\/evertonfc.cz\/wp-content\/uploads\/2019\/01\/interview.jpg\",\"width\":720,\"height\":405},{\"@type\":\"BreadcrumbList\",\"@id\":\"https:\/\/evertonfc.cz\/index.php\/2012\/10\/26\/jelavic-muj-prvni-dotek-je-instinkt\/#breadcrumb\",\"itemListElement\":[{\"@type\":\"ListItem\",\"position\":1,\"name\":\"Home\",\"item\":\"https:\/\/evertonfc.cz\/\"},{\"@type\":\"ListItem\",\"position\":2,\"name\":\"Jelavi\u0107: M\u016fj prvn\u00ed dotek je instinkt\"}]},{\"@type\":\"WebSite\",\"@id\":\"https:\/\/evertonfc.cz\/#website\",\"url\":\"https:\/\/evertonfc.cz\/\",\"name\":\"Official Czech &amp; Slovak Everton Supporters&#039; Club\",\"description\":\"\",\"publisher\":{\"@id\":\"https:\/\/evertonfc.cz\/#organization\"},\"potentialAction\":[{\"@type\":\"SearchAction\",\"target\":{\"@type\":\"EntryPoint\",\"urlTemplate\":\"https:\/\/evertonfc.cz\/?s={search_term_string}\"},\"query-input\":{\"@type\":\"PropertyValueSpecification\",\"valueRequired\":true,\"valueName\":\"search_term_string\"}}],\"inLanguage\":\"cs\"},{\"@type\":\"Organization\",\"@id\":\"https:\/\/evertonfc.cz\/#organization\",\"name\":\"Official Czech & Slovak Everton Supporters' Club\",\"url\":\"https:\/\/evertonfc.cz\/\",\"logo\":{\"@type\":\"ImageObject\",\"inLanguage\":\"cs\",\"@id\":\"https:\/\/evertonfc.cz\/#\/schema\/logo\/image\/\",\"url\":\"https:\/\/evertonfc.cz\/wp-content\/uploads\/2019\/05\/logo.png\",\"contentUrl\":\"https:\/\/evertonfc.cz\/wp-content\/uploads\/2019\/05\/logo.png\",\"width\":112,\"height\":112,\"caption\":\"Official Czech & Slovak Everton Supporters' Club\"},\"image\":{\"@id\":\"https:\/\/evertonfc.cz\/#\/schema\/logo\/image\/\"},\"sameAs\":[\"https:\/\/www.facebook.com\/everton.fans.cz.sk\"]},{\"@type\":\"Person\",\"@id\":\"https:\/\/evertonfc.cz\/#\/schema\/person\/f7a5daedb2ffee98480bc70e191aaef1\",\"name\":\"Ri\u010di\",\"sameAs\":[\"https:\/\/x.com\/rbrejsa\"],\"url\":\"https:\/\/evertonfc.cz\/index.php\/author\/rici\/\"}]}<\/script>\n<!-- \/ Yoast SEO plugin. -->","yoast_head_json":{"title":"Jelavi\u0107: M\u016fj prvn\u00ed dotek je instinkt - Official Czech &amp; Slovak Everton Supporters&#039; Club","robots":{"index":"index","follow":"follow","max-snippet":"max-snippet:-1","max-image-preview":"max-image-preview:large","max-video-preview":"max-video-preview:-1"},"canonical":"https:\/\/evertonfc.cz\/index.php\/2012\/10\/26\/jelavic-muj-prvni-dotek-je-instinkt\/","og_locale":"cs_CZ","og_type":"article","og_title":"Jelavi\u0107: M\u016fj prvn\u00ed dotek je instinkt - Official Czech &amp; Slovak Everton Supporters&#039; Club","og_description":"Temperamentn\u00ed koment\u00e1to\u0159i p\u0159irovn\u00e1vaj\u00ed Merseyside derby v nads\u00e1zce k fotbalov\u00e9 v\u00e1lce. Nikica Jelavi\u0107 dob\u0159e v\u00ed, co prav\u00fd v\u00fdznam slovo v\u00e1lka vystihuje,&hellip;","og_url":"https:\/\/evertonfc.cz\/index.php\/2012\/10\/26\/jelavic-muj-prvni-dotek-je-instinkt\/","og_site_name":"Official Czech &amp; Slovak Everton Supporters&#039; Club","article_publisher":"https:\/\/www.facebook.com\/everton.fans.cz.sk","article_published_time":"2012-10-26T14:53:50+00:00","article_modified_time":"2019-02-17T17:06:49+00:00","og_image":[{"width":720,"height":405,"url":"https:\/\/evertonfc.cz\/wp-content\/uploads\/2019\/01\/interview.jpg","type":"image\/jpeg"}],"author":"Ri\u010di","twitter_card":"summary_large_image","twitter_creator":"@rbrejsa","twitter_misc":{"Napsal(a)":"Ri\u010di","Odhadovan\u00e1 doba \u010dten\u00ed":"4 minuty"},"schema":{"@context":"https:\/\/schema.org","@graph":[{"@type":"Article","@id":"https:\/\/evertonfc.cz\/index.php\/2012\/10\/26\/jelavic-muj-prvni-dotek-je-instinkt\/#article","isPartOf":{"@id":"https:\/\/evertonfc.cz\/index.php\/2012\/10\/26\/jelavic-muj-prvni-dotek-je-instinkt\/"},"author":{"name":"Ri\u010di","@id":"https:\/\/evertonfc.cz\/#\/schema\/person\/f7a5daedb2ffee98480bc70e191aaef1"},"headline":"Jelavi\u0107: M\u016fj prvn\u00ed dotek je instinkt","datePublished":"2012-10-26T14:53:50+00:00","dateModified":"2019-02-17T17:06:49+00:00","mainEntityOfPage":{"@id":"https:\/\/evertonfc.cz\/index.php\/2012\/10\/26\/jelavic-muj-prvni-dotek-je-instinkt\/"},"wordCount":807,"commentCount":0,"publisher":{"@id":"https:\/\/evertonfc.cz\/#organization"},"image":{"@id":"https:\/\/evertonfc.cz\/index.php\/2012\/10\/26\/jelavic-muj-prvni-dotek-je-instinkt\/#primaryimage"},"thumbnailUrl":"https:\/\/evertonfc.cz\/wp-content\/uploads\/2019\/01\/interview.jpg","articleSection":["Rozhovory"],"inLanguage":"cs","potentialAction":[{"@type":"CommentAction","name":"Comment","target":["https:\/\/evertonfc.cz\/index.php\/2012\/10\/26\/jelavic-muj-prvni-dotek-je-instinkt\/#respond"]}]},{"@type":"WebPage","@id":"https:\/\/evertonfc.cz\/index.php\/2012\/10\/26\/jelavic-muj-prvni-dotek-je-instinkt\/","url":"https:\/\/evertonfc.cz\/index.php\/2012\/10\/26\/jelavic-muj-prvni-dotek-je-instinkt\/","name":"Jelavi\u0107: M\u016fj prvn\u00ed dotek je instinkt - Official Czech &amp; Slovak Everton Supporters&#039; Club","isPartOf":{"@id":"https:\/\/evertonfc.cz\/#website"},"primaryImageOfPage":{"@id":"https:\/\/evertonfc.cz\/index.php\/2012\/10\/26\/jelavic-muj-prvni-dotek-je-instinkt\/#primaryimage"},"image":{"@id":"https:\/\/evertonfc.cz\/index.php\/2012\/10\/26\/jelavic-muj-prvni-dotek-je-instinkt\/#primaryimage"},"thumbnailUrl":"https:\/\/evertonfc.cz\/wp-content\/uploads\/2019\/01\/interview.jpg","datePublished":"2012-10-26T14:53:50+00:00","dateModified":"2019-02-17T17:06:49+00:00","breadcrumb":{"@id":"https:\/\/evertonfc.cz\/index.php\/2012\/10\/26\/jelavic-muj-prvni-dotek-je-instinkt\/#breadcrumb"},"inLanguage":"cs","potentialAction":[{"@type":"ReadAction","target":["https:\/\/evertonfc.cz\/index.php\/2012\/10\/26\/jelavic-muj-prvni-dotek-je-instinkt\/"]}]},{"@type":"ImageObject","inLanguage":"cs","@id":"https:\/\/evertonfc.cz\/index.php\/2012\/10\/26\/jelavic-muj-prvni-dotek-je-instinkt\/#primaryimage","url":"https:\/\/evertonfc.cz\/wp-content\/uploads\/2019\/01\/interview.jpg","contentUrl":"https:\/\/evertonfc.cz\/wp-content\/uploads\/2019\/01\/interview.jpg","width":720,"height":405},{"@type":"BreadcrumbList","@id":"https:\/\/evertonfc.cz\/index.php\/2012\/10\/26\/jelavic-muj-prvni-dotek-je-instinkt\/#breadcrumb","itemListElement":[{"@type":"ListItem","position":1,"name":"Home","item":"https:\/\/evertonfc.cz\/"},{"@type":"ListItem","position":2,"name":"Jelavi\u0107: M\u016fj prvn\u00ed dotek je instinkt"}]},{"@type":"WebSite","@id":"https:\/\/evertonfc.cz\/#website","url":"https:\/\/evertonfc.cz\/","name":"Official Czech &amp; Slovak Everton Supporters&#039; Club","description":"","publisher":{"@id":"https:\/\/evertonfc.cz\/#organization"},"potentialAction":[{"@type":"SearchAction","target":{"@type":"EntryPoint","urlTemplate":"https:\/\/evertonfc.cz\/?s={search_term_string}"},"query-input":{"@type":"PropertyValueSpecification","valueRequired":true,"valueName":"search_term_string"}}],"inLanguage":"cs"},{"@type":"Organization","@id":"https:\/\/evertonfc.cz\/#organization","name":"Official Czech & Slovak Everton Supporters' Club","url":"https:\/\/evertonfc.cz\/","logo":{"@type":"ImageObject","inLanguage":"cs","@id":"https:\/\/evertonfc.cz\/#\/schema\/logo\/image\/","url":"https:\/\/evertonfc.cz\/wp-content\/uploads\/2019\/05\/logo.png","contentUrl":"https:\/\/evertonfc.cz\/wp-content\/uploads\/2019\/05\/logo.png","width":112,"height":112,"caption":"Official Czech & Slovak Everton Supporters' Club"},"image":{"@id":"https:\/\/evertonfc.cz\/#\/schema\/logo\/image\/"},"sameAs":["https:\/\/www.facebook.com\/everton.fans.cz.sk"]},{"@type":"Person","@id":"https:\/\/evertonfc.cz\/#\/schema\/person\/f7a5daedb2ffee98480bc70e191aaef1","name":"Ri\u010di","sameAs":["https:\/\/x.com\/rbrejsa"],"url":"https:\/\/evertonfc.cz\/index.php\/author\/rici\/"}]}},"_links":{"self":[{"href":"https:\/\/evertonfc.cz\/index.php\/wp-json\/wp\/v2\/posts\/6087"}],"collection":[{"href":"https:\/\/evertonfc.cz\/index.php\/wp-json\/wp\/v2\/posts"}],"about":[{"href":"https:\/\/evertonfc.cz\/index.php\/wp-json\/wp\/v2\/types\/post"}],"author":[{"embeddable":true,"href":"https:\/\/evertonfc.cz\/index.php\/wp-json\/wp\/v2\/users\/6"}],"replies":[{"embeddable":true,"href":"https:\/\/evertonfc.cz\/index.php\/wp-json\/wp\/v2\/comments?post=6087"}],"version-history":[{"count":3,"href":"https:\/\/evertonfc.cz\/index.php\/wp-json\/wp\/v2\/posts\/6087\/revisions"}],"predecessor-version":[{"id":6219,"href":"https:\/\/evertonfc.cz\/index.php\/wp-json\/wp\/v2\/posts\/6087\/revisions\/6219"}],"wp:featuredmedia":[{"embeddable":true,"href":"https:\/\/evertonfc.cz\/index.php\/wp-json\/wp\/v2\/media\/1312"}],"wp:attachment":[{"href":"https:\/\/evertonfc.cz\/index.php\/wp-json\/wp\/v2\/media?parent=6087"}],"wp:term":[{"taxonomy":"category","embeddable":true,"href":"https:\/\/evertonfc.cz\/index.php\/wp-json\/wp\/v2\/categories?post=6087"},{"taxonomy":"post_tag","embeddable":true,"href":"https:\/\/evertonfc.cz\/index.php\/wp-json\/wp\/v2\/tags?post=6087"}],"curies":[{"name":"wp","href":"https:\/\/api.w.org\/{rel}","templated":true}]}}