{"id":6089,"date":"2012-10-25T16:55:21","date_gmt":"2012-10-25T14:55:21","guid":{"rendered":"http:\/\/evertonfc.cz\/?p=6089"},"modified":"2019-02-17T16:56:34","modified_gmt":"2019-02-17T15:56:34","slug":"rozhovor-s-fanouskem-lfc","status":"publish","type":"post","link":"https:\/\/evertonfc.cz\/index.php\/2012\/10\/25\/rozhovor-s-fanouskem-lfc\/","title":{"rendered":"Rozhovor s fanou\u0161kem LFC"},"content":{"rendered":"<h4 id=\"NewsPostDetailSummary\">V posledn\u00ed dob\u011b vzpov\u00edd\u00e1me p\u0159ed Merseyside derby p\u0159\u00edznivce z tabora rivala, jinak tomu nen\u00ed ani p\u0159ed nadch\u00e1zej\u00edc\u00edm \u0161l\u00e1grem Premier League. Na ot\u00e1zky odpov\u00eddal ardno01, redaktor lfcway.com<\/h4>\n<div id=\"NewsPostDetailContent\">\n<p><strong>Vra\u0165me se na za\u010d\u00e1tek trochu v \u010dase. Je 1. \u010dervna leto\u0161n\u00edho roku a Brendan Rodgers se st\u00e1v\u00e1 mana\u017eerem Liverpoolu. Co t\u011b v tu chv\u00edli napadlo, souhlasil si s volbou Rodgerse, p\u0159\u00edpadn\u011b si vid\u011bl vhodn\u011bj\u0161\u00edho kandid\u00e1ta?<\/strong><\/p>\n<p>Nejprve bych moc r\u00e1d pod\u011bkoval v\u0161em fanou\u0161k\u016fm Evertonu za to, jak se zachovali p\u0159i vzpom\u00edn\u00e1n\u00ed na trag\u00e9dii v Hillsborough p\u0159i odhalen\u00ed dokument\u016f. Te\u010f u\u017e k ot\u00e1zce. J\u00e1 bych se vr\u00e1til je\u0161t\u011b o p\u00e1r dn\u016f zp\u011bt a to do chv\u00edle, kdy byl propu\u0161t\u011bn Kenny Dalglish. Pro m\u011b obrovsk\u00e1 legenda a \u010dlov\u011bk, co by pro klub ud\u011blal prvn\u00ed posledn\u00ed. Jeho n\u00e1vrat byl n\u011b\u010d\u00edm naprosto nepopsateln\u00fdm. O to h\u016f\u0159e jsem sn\u00e1\u0161el jeho vyhazov. T\u011bch kandid\u00e1t\u016f na jeho post bylo v\u00edce a kdy\u017e p\u0159i spekulac\u00edch padlo jm\u00e9no Rodgerse, tak d\u00edky stylu, co praktikoval ve Swansea, se mi docela zamlouval. Nebyl jsem si zcela jist\u00fd, zda bude tou spr\u00e1vnou osobou, ale z kandid\u00e1t\u016f byl asi nejlep\u0161\u00ed. Sice za sebou nem\u011bl \u017e\u00e1dn\u00fd velk\u00fd \u00fasp\u011bch, ale \u0159\u00edkal jsem si, \u017ee to je po\u0159\u00e1d lep\u0161\u00ed volba ne\u017e Martin\u00e9z, kter\u00fd se s Wiganem ka\u017ed\u00fd rok jen zachra\u0148uje.<\/p>\n<p><strong>Letn\u00ed p\u0159estupov\u00e9 obdob\u00ed dopadlo pro LFC \u0161patn\u011b, nejeden fanou\u0161ek rivala se nad p\u0159estupovou politikou Reds posm\u011b\u0161n\u011b u\u0161kl\u00edbl. \u010cekal si podobn\u00fd pr\u016fb\u011bh a zkus zhodnotit odchody a p\u0159\u00edchody.<\/strong><\/p>\n<p>Nepo\u010d\u00edtal jsem s t\u00edm, \u017ee se zase utrat\u00ed obrovsk\u00e9 miliony. U\u017e to zimn\u00ed p\u0159estupov\u00e9 obdob\u00ed uk\u00e1zalo, \u017ee se v l\u00e9t\u011b p\u0159i v\u00fdb\u011bru hr\u00e1\u010d\u016f \u0161l\u00e1plo vedle a majitel\u00e9 nebudou cht\u00edt znovu tolik investovat. Co se t\u00fdk\u00e1 odchod\u016f, klub se zbavil n\u011bkolika hr\u00e1\u010d\u016f z Akademie, tak\u00e9 star\u0161\u00edch hr\u00e1\u010d\u016f jako Kuyt a Maxi, co\u017e pova\u017euji za spr\u00e1vn\u00e9 kroky, kone\u010dn\u011b ode\u0161el Aquilani a \u0161koda, \u017ee ne\u0161el i Cole. Co se t\u00fdk\u00e1 Carrolla, j\u00e1 to beru jako spr\u00e1vn\u00fd krok. St\u00e1l n\u00e1s sice obrovsk\u00e9 pen\u00edze, ale prakticky nic neuk\u00e1zal a do Rodgersova stylu hry absolutn\u011b nezapad\u00e1. Jeho prodejem obrovsky prod\u011bl\u00e1me (budeme r\u00e1di za 15 milion\u016f), ale pokud ho Rodgers v t\u00fdmu nechce, nem\u00e1 cenu ho dr\u017eet za ka\u017edou cenu.<\/p>\n<p>Kdy\u017e se zamysl\u00edm nad p\u0159\u00edchody, koup\u011b Allena byl v\u00fdborn\u00fd tah, i hostov\u00e1n\u00ed Sahina je super. Taky jsme z\u00edskali dva nad\u011bjn\u00e9 mlad\u00edky, Assaidiho a Yesila. S hodnocen\u00edm Boriniho si je\u0161t\u011b po\u010dk\u00e1m, nav\u00edc se te\u010f zranil a n\u011bjakou dobu si nezahraje. Ov\u0161em hodn\u011b mrzelo, \u017ee nevy\u0161el p\u0159\u00edchod Dempseyho, p\u0159\u00edpadn\u011b n\u011bkoho dal\u0161\u00edho. Je p\u0159\u00edmo nutnost\u00ed kone\u010dn\u011b sehnat golov\u00e9ho \u00fato\u010dn\u00edka a tak\u00e9 by se hodilo kvalitn\u00ed k\u0159\u00eddlo. Tak\u017ee to l\u00e9to nepova\u017euji zase za tak velk\u00fd ne\u00fasp\u011bch. Po t\u011bch letech, co LFC fand\u00edm, jsem se stal trp\u011bliv\u00fdm fanou\u0161kem a vyzn\u00e1v\u00e1m n\u00e1zor, \u017ee je lep\u0161\u00ed s koup\u00ed po\u010dkat, ne\u017e se un\u00e1hlit a zopakovat p\u0159estup typu Carroll.<\/p>\n<p><strong>Sou\u010dasn\u00ed majitel\u00e9 Liverpoolu vyvol\u00e1vaj\u00ed \u0159adu ot\u00e1zek, sympatizuje\u0161 s Fenway Sports Group?<\/strong><\/p>\n<p>Na majitele se m\u00e9 n\u00e1zory hodn\u011b m\u011bn\u00ed. Po jejich p\u0159\u00edchodu, dosazen\u00ed Kennyho do funkce, uvoln\u011bn\u00ed pen\u011bz na p\u0159estupy a vyda\u0159en\u00e9m p\u016flroku panovalo velk\u00e9 nad\u0161en\u00ed. Oni na za\u010d\u00e1tku prohla\u0161ovali, \u017ee budou trp\u011bliv\u00ed a jsou si v\u011bdomi toho, \u017ee se \u00fasp\u011bchy nedostav\u00ed p\u0159es noc. Pak po sezon\u011b a p\u016fl odvolaj\u00ed Kennyho a \u010dlov\u011bk najedou zapochybuje a mysl\u00ed si, \u017ee jim jde jen o zisk. Ale s odstupem \u010dasu se na to d\u00edv\u00e1m zase trochu jinak. Taky hned na za\u010d\u00e1tku \u0159ekli, \u017ee cht\u011bj\u00ed na m\u00edsto mana\u017eera n\u011bkoho mlad\u00e9ho a perspektivn\u00edho. Nepoda\u0159ilo se jim ho naj\u00edt hned, a tak i na n\u00e1tlak fanou\u0161k\u016f zvolili Kennyho, se kter\u00fdm po\u010d\u00edtali jen na tu polovinu sezony. Ov\u0161em Kennymu se mimo\u0159\u00e1dn\u011b da\u0159ilo a oni se podle m\u011b namlsali, zjistili, \u017ee by mohl \u00fasp\u011bch brzy p\u0159ij\u00edt a asi i proto tak utr\u00e1celi. Jen\u017ee b\u011bhem sezony si dob\u0159e uv\u011bdomili, \u017ee opravdu nic nejde zm\u011bnit hned, a tak se vr\u00e1tili k p\u016fvodn\u00edmu pl\u00e1nu, tedy aspo\u0148 v tom douf\u00e1m. Snad dostane Rodgers v\u00edce \u010dasu ne\u017e Kenny, proto\u017ee pro vybudov\u00e1n\u00ed t\u00fdmu je pot\u0159eba v\u00edce jak jedna sezona.<\/p>\n<p>Co se t\u00fdk\u00e1 stadionu, rozhodnut\u00edm o p\u0159estavb\u011b na svou stranu z\u00edskaj\u00ed zp\u011bt velk\u00e9 mno\u017estv\u00ed fanou\u0161k\u016f, proto\u017ee odej\u00edt z Anfieldu by jim spousta fans neodpustila, pat\u0159\u00edm mezi n\u011b.<\/p>\n<p><strong>V sou\u010dasnosti nalezneme v sestav\u011b n\u011bkolik talent\u016f, m\u016f\u017ee s nimi Liverpool ale bojovat o p\u0159edn\u00ed p\u0159\u00ed\u010dky v Premier League? <\/strong><\/p>\n<p>S mlad\u00fdmi hr\u00e1\u010di se to nesm\u00ed p\u0159eh\u00e1n\u011bt. Vloni se hodn\u011b volalo po \u0161anci pro mlad\u00edky, ale nyn\u00ed jsem v\u00edce opatrn\u011bj\u0161\u00ed. P\u0159ece jen Sterling m\u00e1 po\u0159\u00e1d 17 let a moment\u00e1ln\u011b hraje ka\u017ed\u00e9 kolo, co\u017e by ho mohlo poznamenat do budoucna. Osobn\u011b douf\u00e1m, \u017ee se n\u00e1m v zim\u011b poda\u0159\u00ed z\u00edskat jednoho a\u017e dva hr\u00e1\u010de, co se za\u0159ad\u00ed do sestavy, a d\u00edky tomu mlad\u00edci nebudou muset hr\u00e1t ka\u017ed\u00fd duel. Abych p\u0159esn\u011b odpov\u011bd\u011bl na ot\u00e1zku, lze s nimi bojovat o nejvy\u0161\u0161\u00ed p\u0159\u00ed\u010dky, proto\u017ee hr\u00e1\u010di jako Sterling \u010di Suso u\u017e v tak mlad\u00e9m v\u011bku vynikaj\u00ed, ov\u0161em t\u00fdm je nutno dob\u0159e doplnit, proto\u017ee jen na mlad\u00e9 se spol\u00e9hat ned\u00e1.<\/p>\n<p><strong>Rodgers vyzn\u00e1v\u00e1 styl fotbalu tiki-taka. Jak tuto volbu hodnot\u00ed\u0161 a mohou s n\u00ed Reds usp\u011bt?<\/strong><\/p>\n<p>Nau\u010dil to hr\u00e1\u010de ve Swansea a na soupe\u0159e to platilo, tak nevid\u00edm d\u016fvod, pro\u010d by to ne\u0161lo v Liverpoolu. Jen to chce v\u0161echno \u010das. V\u00edm, \u017ee to je ot\u0159epan\u00e1 fr\u00e1ze, ale pro tento styl fotbalu je toho \u010dasu zapot\u0159eb\u00ed opravdu hodn\u011b. Hr\u00e1\u010di jako Allen, Sahin nebo Suso jsou pro tento styl p\u0159\u00edmo zrozeni, jen\u017ee t\u0159eba Su\u00e1rez jde rad\u011bji do kli\u010dky ne\u017e aby si pomohl nar\u00e1\u017ee\u010dkou a Gerrard je zvykl\u00fd po celou svou kari\u00e9ru hr\u00e1t dlouh\u00e9 pasy, a najednou se po n\u011bm chce, aby to zm\u011bnil. Prost\u011b si to mus\u00ed sednout a \u010dasem by mohl b\u00fdt LFC s t\u00edmto stylem \u00fasp\u011b\u0161n\u00fd.<\/p>\n<p><strong>Co si vlastn\u011b slibuje\u0161 od leto\u0161n\u00ed sez\u00f3ny a jak jej\u00ed pr\u016fb\u011bh tipuje\u0161, dok\u00e1\u017ee se mu\u017estvo dostat z mdl\u00e9ho za\u010d\u00e1tku ro\u010dn\u00edku?<\/strong><\/p>\n<p>Postupuje se pomalu, ale ur\u010dit\u00e9 n\u00e1znaky tam jsou. T\u00fdm nutn\u011b pot\u0159ebuje zakon\u010dovatele, proto\u017ee kdy\u017e v z\u00e1pase neprom\u011bn\u00edte 5-6 dobr\u00fdch golovek, nejde vyhr\u00e1t. R\u00e1d bych, kdyby se n\u00e1m zase zada\u0159ilo v n\u011bkter\u00e9m z anglick\u00fdch poh\u00e1r\u016f \u010di Evropsk\u00e9 lize, ale v Premier League to bude hor\u0161\u00ed. 4. m\u00edsto je sp\u00ed\u0161e z \u0159ady sn\u016f, o\u010dek\u00e1v\u00e1m um\u00edst\u011bn\u00ed nejl\u00e9pe na 6. p\u0159\u00ed\u010dce.<\/p>\n<p><strong>Jmenuj hr\u00e1\u010de, kte\u0159\u00ed do k\u00e1dru LFC kvalitativn\u011b nepat\u0159\u00ed a m\u011bli by odej\u00edt.<\/strong><\/p>\n<p>Ten t\u00fdm se neust\u00e1le m\u011bn\u00ed a nav\u00edc je za n\u00e1mi teprve p\u011btina ligy, proto se tohle t\u011b\u017eko hodnot\u00ed. Ten, komu to ne\u0161lo vloni, se m\u016f\u017ee pod Rodgersem chytit. P\u0159esto mus\u00edm jmenovat Colea, kter\u00fd podle m\u011b m\u00e1 nejlep\u0161\u00ed roky za sebou a jen zab\u00edr\u00e1 m\u00edsto mlad\u0161\u00edm a lep\u0161\u00edm hr\u00e1\u010d\u016fm. \u00davod sezony se v\u016fbec nepoda\u0159il dvojici lev\u00e1k\u016f, Enriquemu a Downingovi, tak\u017ee je jen na nich, jak zabojuj\u00ed o sv\u00e1 m\u00edsta. Ale v\u00edm, \u017ee dok\u00e1\u017eou hr\u00e1t mnohem l\u00e9pe a kvalitu maj\u00ed. Mezi fans Reds je velmi kontroverzn\u00ed postavou Lucas, kter\u00fd p\u0159ed sv\u00fdm lo\u0148sk\u00fdm zran\u011bn\u00edm odehr\u00e1l p\u00e1r \u0161pi\u010dkov\u00fdch z\u00e1pas\u016f a najedou je n\u011bkter\u00fdmi fans LFC i p\u0159es des\u00edtky podpr\u016fm\u011brn\u00fdch v\u00fdkon\u016f pasov\u00e1n na nejlep\u0161\u00edho DM v lize. Je\u0161t\u011b p\u0159ed lo\u0148skou sezonou bych byl za jeho odchod, nyn\u00ed si r\u00e1d po\u010dk\u00e1m, jak bude pod Rodgersem hr\u00e1t. Jinak v tom t\u00fdmu nevid\u00edm nikoho, kdo by byl n\u011bjak v\u00fdrazn\u011b slab\u00fd a v z\u00e1pasech propadal. Je pot\u0159eba pos\u00edlit a pak se uvid\u00ed, jak na tom jednotliv\u00ed hr\u00e1\u010di budou.<\/p>\n<p><strong>Louis Su\u00e1rez leze krkem mnoha fanou\u0161k\u016fm, nebylo by pro kredit Liverpoolu a i samotn\u00e9ho fotbalisty lep\u0161\u00ed ho prodat n\u011bkam do \u0160pan\u011blska za solidn\u00ed cenu?<\/strong><\/p>\n<p>Nechci se n\u011bjak vracet ke kauze s Evrou a ani se nechci moc zapl\u00e9tat do t\u00e9 aktu\u00e1ln\u00ed af\u00e9ry se simulov\u00e1n\u00edm. Je jasn\u00e9, \u017ee se Su\u00e1rez stal ob\u011bt\u00ed a novin\u00e1\u0159i na n\u011bj po\u0159\u00e1daj\u00ed hon, ov\u0161em vinu nese rozhodn\u011b i s\u00e1m Luis. S m\u00ed\u010dem je to geni\u00e1ln\u00ed hr\u00e1\u010d, jen\u017ee se mus\u00ed pln\u011b soust\u0159edit na fotbal a ne na to, kdy a jak m\u00e1 spadnout. N\u011bkdo tvrd\u00ed, \u017ee to k jeho h\u0159e pat\u0159\u00ed, ale mysl\u00edm si, \u017ee to jde zm\u011bnit. Kdy\u017e vemu jako p\u0159\u00edklad Ronalda, v Manchesteru padal neust\u00e1le, nyn\u00ed v Realu je to u n\u011bj vid\u011bt minim\u00e1ln\u011b a jen mu to prosp\u011blo. Luis by pot\u0159eboval zm\u011bnit sv\u00e9 chov\u00e1n\u00ed v z\u00e1pasech, jen tak bude lep\u0161\u00ed a bude m\u00edt klid od novin\u00e1\u0159\u016f. Ov\u0161em ob\u00e1v\u00e1m se, \u017ee tuto cestu si p\u0159eju sp\u00ed\u0161e jen j\u00e1 a Luis d\u0159\u00edv \u010di pozd\u011bji odejde. Kdy\u017e by zm\u011bnil sv\u00e9 chov\u00e1n\u00ed b\u011bhem hry, bude t\u00fdmu prosp\u011b\u0161n\u00fd, v opa\u010dn\u00e9m p\u0159\u00edpad\u011b bude skute\u010dn\u011b lep\u0161\u00edm \u0159e\u0161en\u00edm prodej.<\/p>\n<p><strong>Hodn\u011b se \u0161\u00ed\u0159\u00ed z t\u00e1bora p\u0159\u00edznivc\u016f Reds n\u00e1zory, \u017ee FA nem\u011b\u0159\u00ed stejn\u00fdm metrem, jak\u00fd na to m\u00e1\u0161 n\u00e1zor?<\/strong><\/p>\n<p>V \u017e\u00e1dn\u00e9m p\u0159\u00edpad\u011b nem\u011b\u0159\u00ed stejn\u00fdm metrem. Na Luise se po\u0159\u00e1d\u00e1 hon a kdy\u017e se vr\u00e1t\u00edm t\u0159eba k tomu dom\u00e1c\u00edmu duelu s Manchesterem, kdy Man Utd vyhr\u00e1li pr\u00e1v\u011b d\u00edky nasimulovan\u00e9 penalt\u011b, tak se v\u016fbec nic nestalo. Jen\u017ee jak to zm\u011bnit? Mo\u017en\u00e1 n\u011bkoho napadne, \u017ee by to vy\u0159e\u0161il odchod Su\u00e1reze, ale ono je toho v\u00edce. U\u017e jen samotn\u00e9 nasazov\u00e1n\u00ed rozhod\u010d\u00edch do z\u00e1pas\u016f Manchesteru je podivn\u00e9 a v\u00fdroky b\u011bhem jejich z\u00e1pas\u016f, ale tak\u00e9 b\u011bhem z\u00e1pas\u016f jejich konkurent\u016f, jsou hodn\u011b zvl\u00e1\u0161tn\u00ed. Zaveden\u00ed videa a dodate\u010dn\u00e9 tresty pro hr\u00e1\u010de by spoustu pochybnost\u00ed vy\u0159e\u0161ilo, jen\u017ee t\u00edm by se mo\u017en\u00e1 naru\u0161il n\u011bjak\u00fd syst\u00e9m, o kter\u00e9m je lep\u0161\u00ed nev\u011bd\u011bt.<\/p>\n<p><strong>Jak vn\u00edm\u00e1\u0161 Merseyside derby a vlastn\u011b celou rivalitu Evertonu s Liverpoolem?<\/strong><\/p>\n<p>Na derby se v\u017edycky moc t\u011b\u0161\u00edm, ale s tou rivalitou to nen\u00ed z m\u00e9 strany nijak p\u0159ehnan\u00e9. Na Everton se d\u00edv\u00e1m \u00fapln\u011b jinak ne\u017e na Man Utd. Manchester p\u0159\u00edmo nen\u00e1vid\u00edm, ale Evertonu naopak v mnoha z\u00e1pasech fand\u00edm. Ve spole\u010dn\u00fdch duelech jde hlavn\u011b o to, kdo bude m\u00edt ve m\u011bst\u011b moment\u00e1ln\u011b navrch, ale v\u00edc v tom nevid\u00edm. Hra Evertonu se mi l\u00edb\u00ed a kdy\u017e je mo\u017enost, r\u00e1d se na jejich z\u00e1pasy pod\u00edv\u00e1m. \u017d\u00e1dnou nen\u00e1vist nebo n\u011bco podobn\u00e9ho nec\u00edt\u00edm, sp\u00ed\u0161e naopak. Jak u\u017e jsem psal v prvn\u00ed ot\u00e1zce, v\u017edy se mi l\u00edbil p\u0159\u00edstup fans Evertonu k Hillsborough a za to pat\u0159\u00ed velk\u00fd d\u00edk.<\/p>\n<p><strong>P\u00ed\u0161e\u0161 o ur\u010dit\u00fdch sympati\u00edm k Toffees. Zd\u00e1 se mi, \u017ee \u010deskosloven\u0161t\u00ed fanou\u0161ci Liverpoolu mnohdy Evertonu p\u0159ej\u00ed a velmi pohrdaj\u00ed Manchesterem United. Naopak Evertonians sice tak\u00e9 pohrdaj\u00ed ManUnited, ov\u0161em LFC rozhodn\u011b nedr\u017e\u00ed palce a i p\u0159es n\u011bjak\u00fd respekt se raduj\u00ed, kdy\u017e se klubu z Anfieldu neda\u0159\u00ed. Pro\u010d tomu tak podle tebe je?<\/strong><\/p>\n<p>Mysl\u00edm si, \u017ee tohle hodn\u011b z\u00e1le\u017e\u00ed na tom, kde se klub v tabulce pohybuje. Nen\u00ed to sice pravidlem, ale v t\u011bch posledn\u00edch sezon\u00e1ch jsem nem\u011bl d\u016fvod p\u0159\u00e1t Evertonu n\u011bco \u0161patn\u00e9ho. T\u00e9m\u011b\u0159 v\u017edy skon\u010dil v lize za n\u00e1mi, tak\u017ee mi bylo lhostejn\u00e9, zda vyhraje \u010di prohraje. A kdy\u017e hr\u00e1l p\u011bkn\u00fd fotbal, fandil jsem mu v dan\u00e9m z\u00e1pase. Naopak si mysl\u00edm, \u017ee fans Evertonu n\u00e1m docela z\u00e1vid\u00ed v\u0161echny ty \u00fasp\u011bchy a nav\u00edc v\u017edy se o nich mluv\u00ed jako o t\u011bch &#8222;druh\u00fdch&#8220;. Tohle by \u0161tvalo i m\u011b a b\u00fdt ta situace opa\u010dn\u00e1, tak bych se c\u00edtil podobn\u011b jako fans Toffees.<\/p>\n<p>Nev\u00edm, zda si vzpomenu na 6 duel\u016f, ale pokus\u00edm se vybrat z t\u011bch posledn\u00edch let, to bych si je\u0161t\u011b mohl pamatovat. Dob\u0159e se mi vybavuje duel ze za\u010d\u00e1tku sezony 03\/04, kdy jsme hr\u00e1li v Goodisonu a vyhr\u00e1li 3:0. Dv\u011b branky dal Owen, d\u0159\u00edve m\u016fj obrovsk\u00fd obl\u00edbenec, a prvn\u00ed branku za n\u00e1s dal Harry Kewell, kter\u00e9ho jsem m\u011bl rovn\u011b\u017e v oblib\u011b. Pak si vzpom\u00edn\u00e1m na duel v roce 2006 doma na Anfieldu. Tehdy dostal Gerrard ve 20. minut\u011b \u010dervenou, ale i tak jsme neskute\u010dn\u011b zabojovali a porazili v\u00e1s 3:1. Jako t\u0159et\u00ed vyberu t\u0159eba tu lo\u0148skou dom\u00e1c\u00ed v\u00fdhru 3:0, kdy dal Stevie hattrick.<\/p>\n<p><strong>Jmenuj z tv\u00e9ho pohledu t\u0159i nejobl\u00edben\u011bj\u0161\u00ed a t\u0159i nejhor\u0161\u00ed Merseyside derby.<\/strong><\/p>\n<p>Nev\u00edm, zda si vzpomenu na 6 duel\u016f, ale pokus\u00edm se vybrat z t\u011bch posledn\u00edch let, to bych si je\u0161t\u011b mohl pamatovat. Dob\u0159e se mi vybavuje duel ze za\u010d\u00e1tku sezony 03\/04, kdy jsme hr\u00e1li v Goodisonu a vyhr\u00e1li 3:0. Dv\u011b branky dal Owen, d\u0159\u00edve m\u016fj obrovsk\u00fd obl\u00edbenec, a prvn\u00ed branku za n\u00e1s dal Harry Kewell, kter\u00e9ho jsem m\u011bl rovn\u011b\u017e v oblib\u011b. Pak si vzpom\u00edn\u00e1m na duel v roce 2006 doma na Anfieldu. Tehdy dostal Gerrard ve 20. minut\u011b \u010dervenou, ale i tak jsme neskute\u010dn\u011b zabojovali a porazili v\u00e1s 3:1. Jako t\u0159et\u00ed vyberu t\u0159eba tu lo\u0148skou dom\u00e1c\u00ed v\u00fdhru 3:0, kdy dal Stevie hattrick.<\/p>\n<p>Co se t\u00fdk\u00e1 \u0161patn\u00fdch z\u00e1pas\u016f, neuv\u011b\u0159iteln\u011b hrozn\u00fd z\u00e1pas jsme odehr\u00e1li v sezon\u011b 06\/07 v Goodisonu. Prohr\u00e1li jsme 3:0. D\u00e1l si vzpom\u00edn\u00e1m na vypadnut\u00ed ve 4. kole FA Cupu nebo na p\u0159edlo\u0148skou prohru 2:0.<\/p>\n<p><strong>Zkus porovnat aktu\u00e1ln\u00ed sestavy Evertonu a Liverpoolu, kter\u00e1 je lep\u0161\u00ed?<\/strong><\/p>\n<p>Tak d\u00e1m si tu pr\u00e1ci a vemu to postupn\u011b. Te\u010f sice Reina nem\u00e1 dobrou formu, ale jinak byl v\u017edy oporou. Howard je podle m\u011b velice kvalitn\u00ed golman, tak\u017ee v brance nen\u00ed v\u00fdrazn\u00fd rozd\u00edl.<\/p>\n<p>Stopery m\u00e1me ur\u010dit\u011b lep\u0161\u00ed, prav\u00fd kraj obrany taky, ale ta lev\u00e1 je n\u011bco, co v\u00e1m neskute\u010dn\u011b z\u00e1vid\u00edm. Baines hraje skv\u011ble a n\u00e1m by se do t\u00fdmu moc hodil.<br \/>\nDo st\u0159edn\u00ed z\u00e1lohy m\u00e1me Gerrarda, Allena a Sahina. Po pap\u00edrov\u00e9 str\u00e1nce lep\u0161\u00ed hr\u00e1\u010di, jen\u017ee zat\u00edm to nen\u00ed ono. T\u0159eba Fellaini m\u00e1 moment\u00e1ln\u011b super formu a je lep\u0161\u00ed ne\u017e mnoz\u00ed na\u0161i hr\u00e1\u010di. To sam\u00e9 Pienaar. Na lev\u00e9 stran\u011b si dob\u0159e rozum\u00ed s Bainesem a pro Everton je super, \u017ee se z Tottenhamu vr\u00e1til. Na k\u0159\u00eddle hraje velice dob\u0159e i Mirallas, kter\u00fd je ur\u010dit\u011b lep\u0161\u00ed ne\u017e Downing v sou\u010dasn\u00e9 form\u011b nebo t\u0159eba Cole.<\/p>\n<p>Co se t\u00fdk\u00e1 \u00fatoku, Jelavi\u010d by se n\u00e1m moment\u00e1ln\u011b docela hodil. Zat\u00edm mu to st\u0159\u00edl\u00ed skv\u011ble.<\/p>\n<p>Tak\u017ee shrnut\u00ed na z\u00e1v\u011br. Pap\u00edrov\u011b m\u00e1me t\u00fdm ur\u010dit\u011b kvalitn\u011bj\u0161\u00ed, jen\u017ee na pap\u00ed\u0159e se nehraje a mnoho va\u0161ich hr\u00e1\u010d\u016f m\u00e1 moment\u00e1ln\u011b lep\u0161\u00ed formu ne\u017e ti na\u0161i. Taky o tom sv\u011bd\u010d\u00ed um\u00edst\u011bn\u00ed v tabulce.<\/p>\n<p><strong>Jak\u00e9ho hr\u00e1\u010de Evertonu nem\u00e1\u0161 r\u00e1d?<\/strong><\/p>\n<p>K\u00e1dr Evertonu m\u00e1m v posledn\u00ed dob\u011b docela obl\u00edben\u00fd, je dob\u0159e poskl\u00e1dan\u00fd. Ale kdybych m\u011bl \u0159\u00edct jedno jm\u00e9no, ur\u010dit\u011b Neville. Pochopiteln\u011b kv\u016fli tomu, \u017ee hr\u00e1l za Manchester. Mo\u017en\u00e1 je\u0161t\u011b Heitinga. Ten kv\u016fli tvrd\u00e9 a \u010dasto z\u00e1ke\u0159n\u00e9 h\u0159e. Jinak ve va\u0161em t\u00fdmu nen\u00ed nikdo, kdo by m\u011b vyt\u00e1\u010del podobn\u00fdm zp\u016fsobem, jako v\u00e1s mus\u00ed Su\u00e1rez.<\/p>\n<p><strong>Tip na v\u00fdsledek z\u00e1pasu?<\/strong><\/p>\n<p>Nerad tipuji, tak\u017ee p\u0159esn\u00fd v\u00fdsledek nepov\u00edm, ale kdy\u017e si odvezeme bod, bude to pro n\u00e1s p\u0159i va\u0161\u00ed sou\u010dasn\u00e9 form\u011b slu\u0161n\u00fd v\u00fdsledek.<strong><br \/>\n<\/strong><\/p>\n<\/div>\n","protected":false},"excerpt":{"rendered":"<p>V posledn\u00ed dob\u011b vzpov\u00edd\u00e1me p\u0159ed Merseyside derby p\u0159\u00edznivce z tabora rivala, jinak tomu nen\u00ed ani p\u0159ed nadch\u00e1zej\u00edc\u00edm \u0161l\u00e1grem Premier League.&hellip;<\/p>\n","protected":false},"author":6,"featured_media":1312,"comment_status":"open","ping_status":"closed","sticky":false,"template":"","format":"standard","meta":{"_eb_attr":"","_monsterinsights_skip_tracking":false,"_monsterinsights_sitenote_active":false,"_monsterinsights_sitenote_note":"","_monsterinsights_sitenote_category":0,"footnotes":""},"categories":[1],"tags":[],"yoast_head":"<!-- This site is optimized with the Yoast SEO plugin v23.4 - https:\/\/yoast.com\/wordpress\/plugins\/seo\/ -->\n<title>Rozhovor s fanou\u0161kem LFC - Official Czech &amp; Slovak Everton Supporters&#039; Club<\/title>\n<meta name=\"robots\" content=\"index, follow, max-snippet:-1, max-image-preview:large, max-video-preview:-1\" \/>\n<link rel=\"canonical\" href=\"https:\/\/evertonfc.cz\/index.php\/2012\/10\/25\/rozhovor-s-fanouskem-lfc\/\" \/>\n<meta property=\"og:locale\" content=\"cs_CZ\" \/>\n<meta property=\"og:type\" content=\"article\" \/>\n<meta property=\"og:title\" content=\"Rozhovor s fanou\u0161kem LFC - Official Czech &amp; Slovak Everton Supporters&#039; Club\" \/>\n<meta property=\"og:description\" content=\"V posledn\u00ed dob\u011b vzpov\u00edd\u00e1me p\u0159ed Merseyside derby p\u0159\u00edznivce z tabora rivala, jinak tomu nen\u00ed ani p\u0159ed nadch\u00e1zej\u00edc\u00edm \u0161l\u00e1grem Premier League.&hellip;\" \/>\n<meta property=\"og:url\" content=\"https:\/\/evertonfc.cz\/index.php\/2012\/10\/25\/rozhovor-s-fanouskem-lfc\/\" \/>\n<meta property=\"og:site_name\" content=\"Official Czech &amp; Slovak Everton Supporters&#039; Club\" \/>\n<meta property=\"article:publisher\" content=\"https:\/\/www.facebook.com\/everton.fans.cz.sk\" \/>\n<meta property=\"article:published_time\" content=\"2012-10-25T14:55:21+00:00\" \/>\n<meta property=\"article:modified_time\" content=\"2019-02-17T15:56:34+00:00\" \/>\n<meta property=\"og:image\" content=\"https:\/\/evertonfc.cz\/wp-content\/uploads\/2019\/01\/interview.jpg\" \/>\n\t<meta property=\"og:image:width\" content=\"720\" \/>\n\t<meta property=\"og:image:height\" content=\"405\" \/>\n\t<meta property=\"og:image:type\" content=\"image\/jpeg\" \/>\n<meta name=\"author\" content=\"Ri\u010di\" \/>\n<meta name=\"twitter:card\" content=\"summary_large_image\" \/>\n<meta name=\"twitter:creator\" content=\"@rbrejsa\" \/>\n<meta name=\"twitter:label1\" content=\"Napsal(a)\" \/>\n\t<meta name=\"twitter:data1\" content=\"Ri\u010di\" \/>\n\t<meta name=\"twitter:label2\" content=\"Odhadovan\u00e1 doba \u010dten\u00ed\" \/>\n\t<meta name=\"twitter:data2\" content=\"15 minut\" \/>\n<script type=\"application\/ld+json\" class=\"yoast-schema-graph\">{\"@context\":\"https:\/\/schema.org\",\"@graph\":[{\"@type\":\"Article\",\"@id\":\"https:\/\/evertonfc.cz\/index.php\/2012\/10\/25\/rozhovor-s-fanouskem-lfc\/#article\",\"isPartOf\":{\"@id\":\"https:\/\/evertonfc.cz\/index.php\/2012\/10\/25\/rozhovor-s-fanouskem-lfc\/\"},\"author\":{\"name\":\"Ri\u010di\",\"@id\":\"https:\/\/evertonfc.cz\/#\/schema\/person\/f7a5daedb2ffee98480bc70e191aaef1\"},\"headline\":\"Rozhovor s fanou\u0161kem LFC\",\"datePublished\":\"2012-10-25T14:55:21+00:00\",\"dateModified\":\"2019-02-17T15:56:34+00:00\",\"mainEntityOfPage\":{\"@id\":\"https:\/\/evertonfc.cz\/index.php\/2012\/10\/25\/rozhovor-s-fanouskem-lfc\/\"},\"wordCount\":2916,\"commentCount\":0,\"publisher\":{\"@id\":\"https:\/\/evertonfc.cz\/#organization\"},\"image\":{\"@id\":\"https:\/\/evertonfc.cz\/index.php\/2012\/10\/25\/rozhovor-s-fanouskem-lfc\/#primaryimage\"},\"thumbnailUrl\":\"https:\/\/evertonfc.cz\/wp-content\/uploads\/2019\/01\/interview.jpg\",\"articleSection\":[\"Rozhovory\"],\"inLanguage\":\"cs\",\"potentialAction\":[{\"@type\":\"CommentAction\",\"name\":\"Comment\",\"target\":[\"https:\/\/evertonfc.cz\/index.php\/2012\/10\/25\/rozhovor-s-fanouskem-lfc\/#respond\"]}]},{\"@type\":\"WebPage\",\"@id\":\"https:\/\/evertonfc.cz\/index.php\/2012\/10\/25\/rozhovor-s-fanouskem-lfc\/\",\"url\":\"https:\/\/evertonfc.cz\/index.php\/2012\/10\/25\/rozhovor-s-fanouskem-lfc\/\",\"name\":\"Rozhovor s fanou\u0161kem LFC - Official Czech &amp; Slovak Everton Supporters&#039; Club\",\"isPartOf\":{\"@id\":\"https:\/\/evertonfc.cz\/#website\"},\"primaryImageOfPage\":{\"@id\":\"https:\/\/evertonfc.cz\/index.php\/2012\/10\/25\/rozhovor-s-fanouskem-lfc\/#primaryimage\"},\"image\":{\"@id\":\"https:\/\/evertonfc.cz\/index.php\/2012\/10\/25\/rozhovor-s-fanouskem-lfc\/#primaryimage\"},\"thumbnailUrl\":\"https:\/\/evertonfc.cz\/wp-content\/uploads\/2019\/01\/interview.jpg\",\"datePublished\":\"2012-10-25T14:55:21+00:00\",\"dateModified\":\"2019-02-17T15:56:34+00:00\",\"breadcrumb\":{\"@id\":\"https:\/\/evertonfc.cz\/index.php\/2012\/10\/25\/rozhovor-s-fanouskem-lfc\/#breadcrumb\"},\"inLanguage\":\"cs\",\"potentialAction\":[{\"@type\":\"ReadAction\",\"target\":[\"https:\/\/evertonfc.cz\/index.php\/2012\/10\/25\/rozhovor-s-fanouskem-lfc\/\"]}]},{\"@type\":\"ImageObject\",\"inLanguage\":\"cs\",\"@id\":\"https:\/\/evertonfc.cz\/index.php\/2012\/10\/25\/rozhovor-s-fanouskem-lfc\/#primaryimage\",\"url\":\"https:\/\/evertonfc.cz\/wp-content\/uploads\/2019\/01\/interview.jpg\",\"contentUrl\":\"https:\/\/evertonfc.cz\/wp-content\/uploads\/2019\/01\/interview.jpg\",\"width\":720,\"height\":405},{\"@type\":\"BreadcrumbList\",\"@id\":\"https:\/\/evertonfc.cz\/index.php\/2012\/10\/25\/rozhovor-s-fanouskem-lfc\/#breadcrumb\",\"itemListElement\":[{\"@type\":\"ListItem\",\"position\":1,\"name\":\"Home\",\"item\":\"https:\/\/evertonfc.cz\/\"},{\"@type\":\"ListItem\",\"position\":2,\"name\":\"Rozhovor s fanou\u0161kem LFC\"}]},{\"@type\":\"WebSite\",\"@id\":\"https:\/\/evertonfc.cz\/#website\",\"url\":\"https:\/\/evertonfc.cz\/\",\"name\":\"Official Czech &amp; Slovak Everton Supporters&#039; Club\",\"description\":\"\",\"publisher\":{\"@id\":\"https:\/\/evertonfc.cz\/#organization\"},\"potentialAction\":[{\"@type\":\"SearchAction\",\"target\":{\"@type\":\"EntryPoint\",\"urlTemplate\":\"https:\/\/evertonfc.cz\/?s={search_term_string}\"},\"query-input\":{\"@type\":\"PropertyValueSpecification\",\"valueRequired\":true,\"valueName\":\"search_term_string\"}}],\"inLanguage\":\"cs\"},{\"@type\":\"Organization\",\"@id\":\"https:\/\/evertonfc.cz\/#organization\",\"name\":\"Official Czech & Slovak Everton Supporters' Club\",\"url\":\"https:\/\/evertonfc.cz\/\",\"logo\":{\"@type\":\"ImageObject\",\"inLanguage\":\"cs\",\"@id\":\"https:\/\/evertonfc.cz\/#\/schema\/logo\/image\/\",\"url\":\"https:\/\/evertonfc.cz\/wp-content\/uploads\/2019\/05\/logo.png\",\"contentUrl\":\"https:\/\/evertonfc.cz\/wp-content\/uploads\/2019\/05\/logo.png\",\"width\":112,\"height\":112,\"caption\":\"Official Czech & Slovak Everton Supporters' Club\"},\"image\":{\"@id\":\"https:\/\/evertonfc.cz\/#\/schema\/logo\/image\/\"},\"sameAs\":[\"https:\/\/www.facebook.com\/everton.fans.cz.sk\"]},{\"@type\":\"Person\",\"@id\":\"https:\/\/evertonfc.cz\/#\/schema\/person\/f7a5daedb2ffee98480bc70e191aaef1\",\"name\":\"Ri\u010di\",\"sameAs\":[\"https:\/\/x.com\/rbrejsa\"],\"url\":\"https:\/\/evertonfc.cz\/index.php\/author\/rici\/\"}]}<\/script>\n<!-- \/ Yoast SEO plugin. -->","yoast_head_json":{"title":"Rozhovor s fanou\u0161kem LFC - Official Czech &amp; Slovak Everton Supporters&#039; Club","robots":{"index":"index","follow":"follow","max-snippet":"max-snippet:-1","max-image-preview":"max-image-preview:large","max-video-preview":"max-video-preview:-1"},"canonical":"https:\/\/evertonfc.cz\/index.php\/2012\/10\/25\/rozhovor-s-fanouskem-lfc\/","og_locale":"cs_CZ","og_type":"article","og_title":"Rozhovor s fanou\u0161kem LFC - Official Czech &amp; Slovak Everton Supporters&#039; Club","og_description":"V posledn\u00ed dob\u011b vzpov\u00edd\u00e1me p\u0159ed Merseyside derby p\u0159\u00edznivce z tabora rivala, jinak tomu nen\u00ed ani p\u0159ed nadch\u00e1zej\u00edc\u00edm \u0161l\u00e1grem Premier League.&hellip;","og_url":"https:\/\/evertonfc.cz\/index.php\/2012\/10\/25\/rozhovor-s-fanouskem-lfc\/","og_site_name":"Official Czech &amp; Slovak Everton Supporters&#039; Club","article_publisher":"https:\/\/www.facebook.com\/everton.fans.cz.sk","article_published_time":"2012-10-25T14:55:21+00:00","article_modified_time":"2019-02-17T15:56:34+00:00","og_image":[{"width":720,"height":405,"url":"https:\/\/evertonfc.cz\/wp-content\/uploads\/2019\/01\/interview.jpg","type":"image\/jpeg"}],"author":"Ri\u010di","twitter_card":"summary_large_image","twitter_creator":"@rbrejsa","twitter_misc":{"Napsal(a)":"Ri\u010di","Odhadovan\u00e1 doba \u010dten\u00ed":"15 minut"},"schema":{"@context":"https:\/\/schema.org","@graph":[{"@type":"Article","@id":"https:\/\/evertonfc.cz\/index.php\/2012\/10\/25\/rozhovor-s-fanouskem-lfc\/#article","isPartOf":{"@id":"https:\/\/evertonfc.cz\/index.php\/2012\/10\/25\/rozhovor-s-fanouskem-lfc\/"},"author":{"name":"Ri\u010di","@id":"https:\/\/evertonfc.cz\/#\/schema\/person\/f7a5daedb2ffee98480bc70e191aaef1"},"headline":"Rozhovor s fanou\u0161kem LFC","datePublished":"2012-10-25T14:55:21+00:00","dateModified":"2019-02-17T15:56:34+00:00","mainEntityOfPage":{"@id":"https:\/\/evertonfc.cz\/index.php\/2012\/10\/25\/rozhovor-s-fanouskem-lfc\/"},"wordCount":2916,"commentCount":0,"publisher":{"@id":"https:\/\/evertonfc.cz\/#organization"},"image":{"@id":"https:\/\/evertonfc.cz\/index.php\/2012\/10\/25\/rozhovor-s-fanouskem-lfc\/#primaryimage"},"thumbnailUrl":"https:\/\/evertonfc.cz\/wp-content\/uploads\/2019\/01\/interview.jpg","articleSection":["Rozhovory"],"inLanguage":"cs","potentialAction":[{"@type":"CommentAction","name":"Comment","target":["https:\/\/evertonfc.cz\/index.php\/2012\/10\/25\/rozhovor-s-fanouskem-lfc\/#respond"]}]},{"@type":"WebPage","@id":"https:\/\/evertonfc.cz\/index.php\/2012\/10\/25\/rozhovor-s-fanouskem-lfc\/","url":"https:\/\/evertonfc.cz\/index.php\/2012\/10\/25\/rozhovor-s-fanouskem-lfc\/","name":"Rozhovor s fanou\u0161kem LFC - Official Czech &amp; Slovak Everton Supporters&#039; Club","isPartOf":{"@id":"https:\/\/evertonfc.cz\/#website"},"primaryImageOfPage":{"@id":"https:\/\/evertonfc.cz\/index.php\/2012\/10\/25\/rozhovor-s-fanouskem-lfc\/#primaryimage"},"image":{"@id":"https:\/\/evertonfc.cz\/index.php\/2012\/10\/25\/rozhovor-s-fanouskem-lfc\/#primaryimage"},"thumbnailUrl":"https:\/\/evertonfc.cz\/wp-content\/uploads\/2019\/01\/interview.jpg","datePublished":"2012-10-25T14:55:21+00:00","dateModified":"2019-02-17T15:56:34+00:00","breadcrumb":{"@id":"https:\/\/evertonfc.cz\/index.php\/2012\/10\/25\/rozhovor-s-fanouskem-lfc\/#breadcrumb"},"inLanguage":"cs","potentialAction":[{"@type":"ReadAction","target":["https:\/\/evertonfc.cz\/index.php\/2012\/10\/25\/rozhovor-s-fanouskem-lfc\/"]}]},{"@type":"ImageObject","inLanguage":"cs","@id":"https:\/\/evertonfc.cz\/index.php\/2012\/10\/25\/rozhovor-s-fanouskem-lfc\/#primaryimage","url":"https:\/\/evertonfc.cz\/wp-content\/uploads\/2019\/01\/interview.jpg","contentUrl":"https:\/\/evertonfc.cz\/wp-content\/uploads\/2019\/01\/interview.jpg","width":720,"height":405},{"@type":"BreadcrumbList","@id":"https:\/\/evertonfc.cz\/index.php\/2012\/10\/25\/rozhovor-s-fanouskem-lfc\/#breadcrumb","itemListElement":[{"@type":"ListItem","position":1,"name":"Home","item":"https:\/\/evertonfc.cz\/"},{"@type":"ListItem","position":2,"name":"Rozhovor s fanou\u0161kem LFC"}]},{"@type":"WebSite","@id":"https:\/\/evertonfc.cz\/#website","url":"https:\/\/evertonfc.cz\/","name":"Official Czech &amp; Slovak Everton Supporters&#039; Club","description":"","publisher":{"@id":"https:\/\/evertonfc.cz\/#organization"},"potentialAction":[{"@type":"SearchAction","target":{"@type":"EntryPoint","urlTemplate":"https:\/\/evertonfc.cz\/?s={search_term_string}"},"query-input":{"@type":"PropertyValueSpecification","valueRequired":true,"valueName":"search_term_string"}}],"inLanguage":"cs"},{"@type":"Organization","@id":"https:\/\/evertonfc.cz\/#organization","name":"Official Czech & Slovak Everton Supporters' Club","url":"https:\/\/evertonfc.cz\/","logo":{"@type":"ImageObject","inLanguage":"cs","@id":"https:\/\/evertonfc.cz\/#\/schema\/logo\/image\/","url":"https:\/\/evertonfc.cz\/wp-content\/uploads\/2019\/05\/logo.png","contentUrl":"https:\/\/evertonfc.cz\/wp-content\/uploads\/2019\/05\/logo.png","width":112,"height":112,"caption":"Official Czech & Slovak Everton Supporters' Club"},"image":{"@id":"https:\/\/evertonfc.cz\/#\/schema\/logo\/image\/"},"sameAs":["https:\/\/www.facebook.com\/everton.fans.cz.sk"]},{"@type":"Person","@id":"https:\/\/evertonfc.cz\/#\/schema\/person\/f7a5daedb2ffee98480bc70e191aaef1","name":"Ri\u010di","sameAs":["https:\/\/x.com\/rbrejsa"],"url":"https:\/\/evertonfc.cz\/index.php\/author\/rici\/"}]}},"_links":{"self":[{"href":"https:\/\/evertonfc.cz\/index.php\/wp-json\/wp\/v2\/posts\/6089"}],"collection":[{"href":"https:\/\/evertonfc.cz\/index.php\/wp-json\/wp\/v2\/posts"}],"about":[{"href":"https:\/\/evertonfc.cz\/index.php\/wp-json\/wp\/v2\/types\/post"}],"author":[{"embeddable":true,"href":"https:\/\/evertonfc.cz\/index.php\/wp-json\/wp\/v2\/users\/6"}],"replies":[{"embeddable":true,"href":"https:\/\/evertonfc.cz\/index.php\/wp-json\/wp\/v2\/comments?post=6089"}],"version-history":[{"count":1,"href":"https:\/\/evertonfc.cz\/index.php\/wp-json\/wp\/v2\/posts\/6089\/revisions"}],"predecessor-version":[{"id":6092,"href":"https:\/\/evertonfc.cz\/index.php\/wp-json\/wp\/v2\/posts\/6089\/revisions\/6092"}],"wp:featuredmedia":[{"embeddable":true,"href":"https:\/\/evertonfc.cz\/index.php\/wp-json\/wp\/v2\/media\/1312"}],"wp:attachment":[{"href":"https:\/\/evertonfc.cz\/index.php\/wp-json\/wp\/v2\/media?parent=6089"}],"wp:term":[{"taxonomy":"category","embeddable":true,"href":"https:\/\/evertonfc.cz\/index.php\/wp-json\/wp\/v2\/categories?post=6089"},{"taxonomy":"post_tag","embeddable":true,"href":"https:\/\/evertonfc.cz\/index.php\/wp-json\/wp\/v2\/tags?post=6089"}],"curies":[{"name":"wp","href":"https:\/\/api.w.org\/{rel}","templated":true}]}}