{"id":6091,"date":"2012-01-14T16:56:00","date_gmt":"2012-01-14T15:56:00","guid":{"rendered":"http:\/\/evertonfc.cz\/?p=6091"},"modified":"2019-02-17T16:57:35","modified_gmt":"2019-02-17T15:57:35","slug":"aston-villa-everton-11","status":"publish","type":"post","link":"https:\/\/evertonfc.cz\/index.php\/2012\/01\/14\/aston-villa-everton-11\/","title":{"rendered":"Aston Villa &#8211; Everton 1:1"},"content":{"rendered":"<h4>Ani letos Toffees na Villa Parku nedok\u00e1zali naj\u00edt recept k v\u00edt\u011bzstv\u00ed, a\u010d se dne\u0161n\u00ed v\u00fdkon d\u00e1 za\u0159adit do kategorie t\u011bch lep\u0161\u00edch.<\/h4>\n<p>Z\u00e1kladn\u00ed sestavu se David Moyes rozhodl postavit pom\u011brn\u011b vyv\u00e1\u017een\u011b. Zran\u011bn\u00e9ho Sylvaina Distina nahradil v obran\u011b Shane Duffy, kter\u00fd tak m\u00e1 za sebou sv\u016fj prvn\u00ed ligov\u00fd start, v sestav\u011b po del\u0161\u00ed dob\u011b nechyb\u011bl ani Royston Drenthe a premi\u00e9ru si ve st\u0159edu pole odbyl tak\u00e9 Darron Gibson. \u00datok ov\u0161em zm\u011bnu nepoznal, nastoupili neproduktivn\u00ed Tim Cahill s Louisem Sahou.<\/p>\n<p>Jako prvn\u00ed o slovo p\u0159ihl\u00e1sili dom\u00e1c\u00ed, kdy\u017e z p\u0159\u00edm\u00e9ho voln\u00e9ho kopu jedovat\u011b p\u00e1lil Stylian Petrov, jeho\u017e st\u0159elu Tim Howard vyboxoval. Po t\u0159in\u00e1cti minut\u00e1ch p\u0159i\u0161el prvn\u00ed n\u00e1znak ze strany Evertonu. Gibson\u016fv m\u00ed\u010d za obranu na\u0161el p\u0159esn\u011b Cahilla, kter\u00fd ale na m\u00ed\u010d v dobr\u00e9 pozici nedos\u00e1hl.<\/p>\n<p>Opravdovou p\u0159\u00edle\u017eitost\u00ed ale Blues zahrozili v sedmn\u00e1ct\u00e9 minut\u011b. Baines\u016fv centr ze standartn\u00ed situace se snesl na hlavu Sahy a \u00fato\u010dn\u00edk nezakon\u010dil \u0161patn\u011b, na p\u0159ekon\u00e1n\u00ed Shaye Givena to ale bylo m\u00e1lo. Saha byl \u00fast\u0159edn\u00ed postavou i dal\u0161\u00ed akce o n\u011bkolik minut pozd\u011bji. Landon Donovan sv\u016fj \u00fanik po k\u0159\u00eddle zakon\u010dil dobr\u00fdm centrem, na kter\u00fd ale Francouz nenav\u00e1zal. Na prvn\u00ed pohled se zd\u00e1lo, \u017ee \u0161lo o zahozenou \u0161anci, opakovan\u00fd z\u00e1b\u011br ale odhalil zata\u017een\u00ed ze strany Alana Huttona. Villans si nav\u00edc \u0161t\u011bst\u00ed vybrali i po Warnockov\u011b hlavi\u010dce na vlastn\u00ed br\u00e1nu, kterou Given na posledn\u00ed chv\u00edli zlikvidoval.<\/p>\n<p>Everton byl nad\u00e1le na h\u0159i\u0161ti t\u00edm aktivn\u011bj\u0161\u00edm, jeho posledn\u00ed \u0161ance polo\u010dasu v\u0161ak p\u0159i\u0161la ji\u017e v 27. minut\u011b, kdy Baines st\u0159\u00edlel z p\u0159\u00edm\u00e9ho kopu nad br\u00e1nu. Za dom\u00e1c\u00ed pak je\u0161t\u011b sta\u010dil nep\u0159esn\u011b hlavi\u010dkovat Darren Bent a t\u0159i minuty p\u0159ed odchodem do \u0161aten zne\u0161kodnil Howard p\u011bknou Agbonlahorovou r\u00e1nu z p\u011btadvaceti metr\u016f.<\/p>\n<p>Druhou p\u016fli Everton nakousnul Fellainiho hlavi\u010dkou, s kterou si ramenem na bli\u017e\u0161\u00ed ty\u010di poradil Given, vy\u0161\u0161\u00ed p\u0159evodov\u00fd stupe\u0148 ale za\u0159adila Aston Villa. V 52. minut\u011b nejprve p\u0159i\u0161el z\u00e1var p\u0159ed Howardovou br\u00e1nou, to hlavn\u00ed si ale Villans p\u0159ipravili a\u017e o \u010dty\u0159i minuty pozd\u011bji. Albrighton\u016fv centr do v\u00e1pna se v nev\u00fdhodn\u00e9 pozici dostal k Bentovi, ten ale vr\u00e1til m\u00ed\u010d Irelandovi, kter\u00fd n\u00e1sledn\u011b balon posunul zp\u011bt Bentovi a \u00fato\u010dn\u00edk Villans se v jasn\u00e9 g\u00f3lovce nemohl m\u00fdlit.<\/p>\n<p>Moyes odpov\u011bd\u011bl st\u0159\u00edd\u00e1n\u00edm nev\u00fdrazn\u00e9ho Drentheho za Victora Anichebeho a stejn\u011b jako v p\u0159edchoz\u00edm v\u00fdletu do Midlands na p\u016fd\u011b West Bromu, se mu jeho krok vyplatil. V 68. minut\u011b se Donovan vydal na pr\u016fnik st\u0159edem, Anichebeho na\u0161el kr\u00e1snou kolmic\u00ed a odchovanec Toffees tv\u00e1\u0159\u00ed v tv\u00e1\u0159 Givenovi p\u0159esn\u011b zav\u011bsil.<\/p>\n<p>Radost se ale pro \u00fato\u010dn\u00edka m\u00e1lem zm\u011bnila v no\u010dn\u00ed m\u016f\u0159u jen p\u00e1r sekund po jeho vyrovn\u00e1vac\u00ed tref\u011b. Ve snaze udr\u017eet m\u00ed\u010d v poli upadl a n\u011bkolik chvilek se sv\u00edjel v bolestech na zemi, nakonec ale se postavil na nohy a pokra\u010doval ve h\u0159e. Villans pak pos\u00edlili \u00fatok p\u0159\u00edchodem Robbieho Keana, \u017e\u00e1dn\u00e1 dal\u0161\u00ed p\u0159\u00edle\u017eitost se v\u0161ak dom\u00e1c\u00edm ji\u017e nenasyktla. Za Everton je\u0161t\u011b v 86. minut\u011b st\u0159\u00edlel z \u00fahlu Anichebe, na p\u0159edem tak trochu o\u010dek\u00e1van\u00e9 rem\u00edze u\u017e to ale nic nezm\u011bnilo.<\/p>\n<p><strong>Aston Villa:<\/strong>\u00a0Given, Hutton, Dunne, Collins, Warnock (81. Keane), Albrighton, Ireland, Clark, Petrov, Bent, Agbonlahor<\/p>\n<p><strong>Everton:<\/strong>\u00a0Howard, Neville, Heitinga, Duffy, Baines, Donovan, Fellaini, Gibson (84. Bilyaletdinov), Drenthe (61. Anichebe), Cahill, Saha (88. Stracqualursi)<\/p>\n<p><strong>Hodnocen\u00ed hr\u00e1\u010d\u016f:<\/strong>\u00a0Howard 6, Neville 6, Heitinga 5, Duffy 7, Baines 7, Donovan 8, Fellaini 6, Gibson 7, Drenthe 5, Cahill 5, Saha 6, Anichebe 8<\/p>\n<p><strong>G\u00f3ly:<\/strong>\u00a056. Bent &#8211; 69. Anichebe<\/p>\n<p><strong>\u017dlut\u00e9 karty:<\/strong>\u00a0Albrighton &#8211; Fellaini<\/p>\n<p><strong>Dr\u017een\u00ed m\u00ed\u010de:\u00a0<\/strong>56% &#8211; 44%<\/p>\n<p><strong>St\u0159ely na br\u00e1nu:<\/strong>\u00a011 &#8211; 4<\/p>\n<p><strong>St\u0159ely mimo br\u00e1nu:<\/strong>\u00a06 &#8211; 3<\/p>\n<p><strong>Rohov\u00e9 kopy:<\/strong>\u00a09 &#8211; 3<\/p>\n","protected":false},"excerpt":{"rendered":"<p>Ani letos Toffees na Villa Parku nedok\u00e1zali naj\u00edt recept k v\u00edt\u011bzstv\u00ed, a\u010d se dne\u0161n\u00ed v\u00fdkon d\u00e1 za\u0159adit do kategorie t\u011bch&hellip;<\/p>\n","protected":false},"author":7,"featured_media":1315,"comment_status":"open","ping_status":"closed","sticky":false,"template":"","format":"standard","meta":{"_eb_attr":"","_monsterinsights_skip_tracking":false,"_monsterinsights_sitenote_active":false,"_monsterinsights_sitenote_note":"","_monsterinsights_sitenote_category":0,"footnotes":""},"categories":[4],"tags":[],"yoast_head":"<!-- This site is optimized with the Yoast SEO plugin v23.4 - https:\/\/yoast.com\/wordpress\/plugins\/seo\/ -->\n<title>Aston Villa - Everton 1:1 - Official Czech &amp; Slovak Everton Supporters&#039; Club<\/title>\n<meta name=\"robots\" content=\"index, follow, max-snippet:-1, max-image-preview:large, max-video-preview:-1\" \/>\n<link rel=\"canonical\" href=\"https:\/\/evertonfc.cz\/index.php\/2012\/01\/14\/aston-villa-everton-11\/\" \/>\n<meta property=\"og:locale\" content=\"cs_CZ\" \/>\n<meta property=\"og:type\" content=\"article\" \/>\n<meta property=\"og:title\" content=\"Aston Villa - Everton 1:1 - Official Czech &amp; Slovak Everton Supporters&#039; Club\" \/>\n<meta property=\"og:description\" content=\"Ani letos Toffees na Villa Parku nedok\u00e1zali naj\u00edt recept k v\u00edt\u011bzstv\u00ed, a\u010d se dne\u0161n\u00ed v\u00fdkon d\u00e1 za\u0159adit do kategorie t\u011bch&hellip;\" \/>\n<meta property=\"og:url\" content=\"https:\/\/evertonfc.cz\/index.php\/2012\/01\/14\/aston-villa-everton-11\/\" \/>\n<meta property=\"og:site_name\" content=\"Official Czech &amp; Slovak Everton Supporters&#039; Club\" \/>\n<meta property=\"article:publisher\" content=\"https:\/\/www.facebook.com\/everton.fans.cz.sk\" \/>\n<meta property=\"article:published_time\" content=\"2012-01-14T15:56:00+00:00\" \/>\n<meta property=\"article:modified_time\" content=\"2019-02-17T15:57:35+00:00\" \/>\n<meta property=\"og:image\" content=\"https:\/\/evertonfc.cz\/wp-content\/uploads\/2019\/01\/report.jpg\" \/>\n\t<meta property=\"og:image:width\" content=\"720\" \/>\n\t<meta property=\"og:image:height\" content=\"405\" \/>\n\t<meta property=\"og:image:type\" content=\"image\/jpeg\" \/>\n<meta name=\"author\" content=\"Me\u0148a\" \/>\n<meta name=\"twitter:card\" content=\"summary_large_image\" \/>\n<meta name=\"twitter:label1\" content=\"Napsal(a)\" \/>\n\t<meta name=\"twitter:data1\" content=\"Me\u0148a\" \/>\n\t<meta name=\"twitter:label2\" content=\"Odhadovan\u00e1 doba \u010dten\u00ed\" \/>\n\t<meta name=\"twitter:data2\" content=\"3 minuty\" \/>\n<script type=\"application\/ld+json\" class=\"yoast-schema-graph\">{\"@context\":\"https:\/\/schema.org\",\"@graph\":[{\"@type\":\"Article\",\"@id\":\"https:\/\/evertonfc.cz\/index.php\/2012\/01\/14\/aston-villa-everton-11\/#article\",\"isPartOf\":{\"@id\":\"https:\/\/evertonfc.cz\/index.php\/2012\/01\/14\/aston-villa-everton-11\/\"},\"author\":{\"name\":\"Me\u0148a\",\"@id\":\"https:\/\/evertonfc.cz\/#\/schema\/person\/cd6328a75577de2add7793fd4b0930c3\"},\"headline\":\"Aston Villa &#8211; Everton 1:1\",\"datePublished\":\"2012-01-14T15:56:00+00:00\",\"dateModified\":\"2019-02-17T15:57:35+00:00\",\"mainEntityOfPage\":{\"@id\":\"https:\/\/evertonfc.cz\/index.php\/2012\/01\/14\/aston-villa-everton-11\/\"},\"wordCount\":691,\"commentCount\":0,\"publisher\":{\"@id\":\"https:\/\/evertonfc.cz\/#organization\"},\"image\":{\"@id\":\"https:\/\/evertonfc.cz\/index.php\/2012\/01\/14\/aston-villa-everton-11\/#primaryimage\"},\"thumbnailUrl\":\"https:\/\/evertonfc.cz\/wp-content\/uploads\/2019\/01\/report.jpg\",\"articleSection\":[\"Z\u00e1pasy\"],\"inLanguage\":\"cs\",\"potentialAction\":[{\"@type\":\"CommentAction\",\"name\":\"Comment\",\"target\":[\"https:\/\/evertonfc.cz\/index.php\/2012\/01\/14\/aston-villa-everton-11\/#respond\"]}]},{\"@type\":\"WebPage\",\"@id\":\"https:\/\/evertonfc.cz\/index.php\/2012\/01\/14\/aston-villa-everton-11\/\",\"url\":\"https:\/\/evertonfc.cz\/index.php\/2012\/01\/14\/aston-villa-everton-11\/\",\"name\":\"Aston Villa - Everton 1:1 - Official Czech &amp; Slovak Everton Supporters&#039; Club\",\"isPartOf\":{\"@id\":\"https:\/\/evertonfc.cz\/#website\"},\"primaryImageOfPage\":{\"@id\":\"https:\/\/evertonfc.cz\/index.php\/2012\/01\/14\/aston-villa-everton-11\/#primaryimage\"},\"image\":{\"@id\":\"https:\/\/evertonfc.cz\/index.php\/2012\/01\/14\/aston-villa-everton-11\/#primaryimage\"},\"thumbnailUrl\":\"https:\/\/evertonfc.cz\/wp-content\/uploads\/2019\/01\/report.jpg\",\"datePublished\":\"2012-01-14T15:56:00+00:00\",\"dateModified\":\"2019-02-17T15:57:35+00:00\",\"breadcrumb\":{\"@id\":\"https:\/\/evertonfc.cz\/index.php\/2012\/01\/14\/aston-villa-everton-11\/#breadcrumb\"},\"inLanguage\":\"cs\",\"potentialAction\":[{\"@type\":\"ReadAction\",\"target\":[\"https:\/\/evertonfc.cz\/index.php\/2012\/01\/14\/aston-villa-everton-11\/\"]}]},{\"@type\":\"ImageObject\",\"inLanguage\":\"cs\",\"@id\":\"https:\/\/evertonfc.cz\/index.php\/2012\/01\/14\/aston-villa-everton-11\/#primaryimage\",\"url\":\"https:\/\/evertonfc.cz\/wp-content\/uploads\/2019\/01\/report.jpg\",\"contentUrl\":\"https:\/\/evertonfc.cz\/wp-content\/uploads\/2019\/01\/report.jpg\",\"width\":720,\"height\":405},{\"@type\":\"BreadcrumbList\",\"@id\":\"https:\/\/evertonfc.cz\/index.php\/2012\/01\/14\/aston-villa-everton-11\/#breadcrumb\",\"itemListElement\":[{\"@type\":\"ListItem\",\"position\":1,\"name\":\"Home\",\"item\":\"https:\/\/evertonfc.cz\/\"},{\"@type\":\"ListItem\",\"position\":2,\"name\":\"Aston Villa &#8211; Everton 1:1\"}]},{\"@type\":\"WebSite\",\"@id\":\"https:\/\/evertonfc.cz\/#website\",\"url\":\"https:\/\/evertonfc.cz\/\",\"name\":\"Official Czech &amp; Slovak Everton Supporters&#039; Club\",\"description\":\"\",\"publisher\":{\"@id\":\"https:\/\/evertonfc.cz\/#organization\"},\"potentialAction\":[{\"@type\":\"SearchAction\",\"target\":{\"@type\":\"EntryPoint\",\"urlTemplate\":\"https:\/\/evertonfc.cz\/?s={search_term_string}\"},\"query-input\":{\"@type\":\"PropertyValueSpecification\",\"valueRequired\":true,\"valueName\":\"search_term_string\"}}],\"inLanguage\":\"cs\"},{\"@type\":\"Organization\",\"@id\":\"https:\/\/evertonfc.cz\/#organization\",\"name\":\"Official Czech & Slovak Everton Supporters' Club\",\"url\":\"https:\/\/evertonfc.cz\/\",\"logo\":{\"@type\":\"ImageObject\",\"inLanguage\":\"cs\",\"@id\":\"https:\/\/evertonfc.cz\/#\/schema\/logo\/image\/\",\"url\":\"https:\/\/evertonfc.cz\/wp-content\/uploads\/2019\/05\/logo.png\",\"contentUrl\":\"https:\/\/evertonfc.cz\/wp-content\/uploads\/2019\/05\/logo.png\",\"width\":112,\"height\":112,\"caption\":\"Official Czech & Slovak Everton Supporters' Club\"},\"image\":{\"@id\":\"https:\/\/evertonfc.cz\/#\/schema\/logo\/image\/\"},\"sameAs\":[\"https:\/\/www.facebook.com\/everton.fans.cz.sk\"]},{\"@type\":\"Person\",\"@id\":\"https:\/\/evertonfc.cz\/#\/schema\/person\/cd6328a75577de2add7793fd4b0930c3\",\"name\":\"Me\u0148a\",\"url\":\"https:\/\/evertonfc.cz\/index.php\/author\/mena\/\"}]}<\/script>\n<!-- \/ Yoast SEO plugin. -->","yoast_head_json":{"title":"Aston Villa - Everton 1:1 - Official Czech &amp; Slovak Everton Supporters&#039; Club","robots":{"index":"index","follow":"follow","max-snippet":"max-snippet:-1","max-image-preview":"max-image-preview:large","max-video-preview":"max-video-preview:-1"},"canonical":"https:\/\/evertonfc.cz\/index.php\/2012\/01\/14\/aston-villa-everton-11\/","og_locale":"cs_CZ","og_type":"article","og_title":"Aston Villa - Everton 1:1 - Official Czech &amp; Slovak Everton Supporters&#039; Club","og_description":"Ani letos Toffees na Villa Parku nedok\u00e1zali naj\u00edt recept k v\u00edt\u011bzstv\u00ed, a\u010d se dne\u0161n\u00ed v\u00fdkon d\u00e1 za\u0159adit do kategorie t\u011bch&hellip;","og_url":"https:\/\/evertonfc.cz\/index.php\/2012\/01\/14\/aston-villa-everton-11\/","og_site_name":"Official Czech &amp; Slovak Everton Supporters&#039; Club","article_publisher":"https:\/\/www.facebook.com\/everton.fans.cz.sk","article_published_time":"2012-01-14T15:56:00+00:00","article_modified_time":"2019-02-17T15:57:35+00:00","og_image":[{"width":720,"height":405,"url":"https:\/\/evertonfc.cz\/wp-content\/uploads\/2019\/01\/report.jpg","type":"image\/jpeg"}],"author":"Me\u0148a","twitter_card":"summary_large_image","twitter_misc":{"Napsal(a)":"Me\u0148a","Odhadovan\u00e1 doba \u010dten\u00ed":"3 minuty"},"schema":{"@context":"https:\/\/schema.org","@graph":[{"@type":"Article","@id":"https:\/\/evertonfc.cz\/index.php\/2012\/01\/14\/aston-villa-everton-11\/#article","isPartOf":{"@id":"https:\/\/evertonfc.cz\/index.php\/2012\/01\/14\/aston-villa-everton-11\/"},"author":{"name":"Me\u0148a","@id":"https:\/\/evertonfc.cz\/#\/schema\/person\/cd6328a75577de2add7793fd4b0930c3"},"headline":"Aston Villa &#8211; Everton 1:1","datePublished":"2012-01-14T15:56:00+00:00","dateModified":"2019-02-17T15:57:35+00:00","mainEntityOfPage":{"@id":"https:\/\/evertonfc.cz\/index.php\/2012\/01\/14\/aston-villa-everton-11\/"},"wordCount":691,"commentCount":0,"publisher":{"@id":"https:\/\/evertonfc.cz\/#organization"},"image":{"@id":"https:\/\/evertonfc.cz\/index.php\/2012\/01\/14\/aston-villa-everton-11\/#primaryimage"},"thumbnailUrl":"https:\/\/evertonfc.cz\/wp-content\/uploads\/2019\/01\/report.jpg","articleSection":["Z\u00e1pasy"],"inLanguage":"cs","potentialAction":[{"@type":"CommentAction","name":"Comment","target":["https:\/\/evertonfc.cz\/index.php\/2012\/01\/14\/aston-villa-everton-11\/#respond"]}]},{"@type":"WebPage","@id":"https:\/\/evertonfc.cz\/index.php\/2012\/01\/14\/aston-villa-everton-11\/","url":"https:\/\/evertonfc.cz\/index.php\/2012\/01\/14\/aston-villa-everton-11\/","name":"Aston Villa - Everton 1:1 - Official Czech &amp; Slovak Everton Supporters&#039; Club","isPartOf":{"@id":"https:\/\/evertonfc.cz\/#website"},"primaryImageOfPage":{"@id":"https:\/\/evertonfc.cz\/index.php\/2012\/01\/14\/aston-villa-everton-11\/#primaryimage"},"image":{"@id":"https:\/\/evertonfc.cz\/index.php\/2012\/01\/14\/aston-villa-everton-11\/#primaryimage"},"thumbnailUrl":"https:\/\/evertonfc.cz\/wp-content\/uploads\/2019\/01\/report.jpg","datePublished":"2012-01-14T15:56:00+00:00","dateModified":"2019-02-17T15:57:35+00:00","breadcrumb":{"@id":"https:\/\/evertonfc.cz\/index.php\/2012\/01\/14\/aston-villa-everton-11\/#breadcrumb"},"inLanguage":"cs","potentialAction":[{"@type":"ReadAction","target":["https:\/\/evertonfc.cz\/index.php\/2012\/01\/14\/aston-villa-everton-11\/"]}]},{"@type":"ImageObject","inLanguage":"cs","@id":"https:\/\/evertonfc.cz\/index.php\/2012\/01\/14\/aston-villa-everton-11\/#primaryimage","url":"https:\/\/evertonfc.cz\/wp-content\/uploads\/2019\/01\/report.jpg","contentUrl":"https:\/\/evertonfc.cz\/wp-content\/uploads\/2019\/01\/report.jpg","width":720,"height":405},{"@type":"BreadcrumbList","@id":"https:\/\/evertonfc.cz\/index.php\/2012\/01\/14\/aston-villa-everton-11\/#breadcrumb","itemListElement":[{"@type":"ListItem","position":1,"name":"Home","item":"https:\/\/evertonfc.cz\/"},{"@type":"ListItem","position":2,"name":"Aston Villa &#8211; Everton 1:1"}]},{"@type":"WebSite","@id":"https:\/\/evertonfc.cz\/#website","url":"https:\/\/evertonfc.cz\/","name":"Official Czech &amp; Slovak Everton Supporters&#039; Club","description":"","publisher":{"@id":"https:\/\/evertonfc.cz\/#organization"},"potentialAction":[{"@type":"SearchAction","target":{"@type":"EntryPoint","urlTemplate":"https:\/\/evertonfc.cz\/?s={search_term_string}"},"query-input":{"@type":"PropertyValueSpecification","valueRequired":true,"valueName":"search_term_string"}}],"inLanguage":"cs"},{"@type":"Organization","@id":"https:\/\/evertonfc.cz\/#organization","name":"Official Czech & Slovak Everton Supporters' Club","url":"https:\/\/evertonfc.cz\/","logo":{"@type":"ImageObject","inLanguage":"cs","@id":"https:\/\/evertonfc.cz\/#\/schema\/logo\/image\/","url":"https:\/\/evertonfc.cz\/wp-content\/uploads\/2019\/05\/logo.png","contentUrl":"https:\/\/evertonfc.cz\/wp-content\/uploads\/2019\/05\/logo.png","width":112,"height":112,"caption":"Official Czech & Slovak Everton Supporters' Club"},"image":{"@id":"https:\/\/evertonfc.cz\/#\/schema\/logo\/image\/"},"sameAs":["https:\/\/www.facebook.com\/everton.fans.cz.sk"]},{"@type":"Person","@id":"https:\/\/evertonfc.cz\/#\/schema\/person\/cd6328a75577de2add7793fd4b0930c3","name":"Me\u0148a","url":"https:\/\/evertonfc.cz\/index.php\/author\/mena\/"}]}},"_links":{"self":[{"href":"https:\/\/evertonfc.cz\/index.php\/wp-json\/wp\/v2\/posts\/6091"}],"collection":[{"href":"https:\/\/evertonfc.cz\/index.php\/wp-json\/wp\/v2\/posts"}],"about":[{"href":"https:\/\/evertonfc.cz\/index.php\/wp-json\/wp\/v2\/types\/post"}],"author":[{"embeddable":true,"href":"https:\/\/evertonfc.cz\/index.php\/wp-json\/wp\/v2\/users\/7"}],"replies":[{"embeddable":true,"href":"https:\/\/evertonfc.cz\/index.php\/wp-json\/wp\/v2\/comments?post=6091"}],"version-history":[{"count":1,"href":"https:\/\/evertonfc.cz\/index.php\/wp-json\/wp\/v2\/posts\/6091\/revisions"}],"predecessor-version":[{"id":6094,"href":"https:\/\/evertonfc.cz\/index.php\/wp-json\/wp\/v2\/posts\/6091\/revisions\/6094"}],"wp:featuredmedia":[{"embeddable":true,"href":"https:\/\/evertonfc.cz\/index.php\/wp-json\/wp\/v2\/media\/1315"}],"wp:attachment":[{"href":"https:\/\/evertonfc.cz\/index.php\/wp-json\/wp\/v2\/media?parent=6091"}],"wp:term":[{"taxonomy":"category","embeddable":true,"href":"https:\/\/evertonfc.cz\/index.php\/wp-json\/wp\/v2\/categories?post=6091"},{"taxonomy":"post_tag","embeddable":true,"href":"https:\/\/evertonfc.cz\/index.php\/wp-json\/wp\/v2\/tags?post=6091"}],"curies":[{"name":"wp","href":"https:\/\/api.w.org\/{rel}","templated":true}]}}