{"id":6093,"date":"2012-10-22T16:56:48","date_gmt":"2012-10-22T14:56:48","guid":{"rendered":"http:\/\/evertonfc.cz\/?p=6093"},"modified":"2019-02-17T18:07:46","modified_gmt":"2019-02-17T17:07:46","slug":"anichebemu-pomohla-viera-a-jeho-matka","status":"publish","type":"post","link":"https:\/\/evertonfc.cz\/index.php\/2012\/10\/22\/anichebemu-pomohla-viera-a-jeho-matka\/","title":{"rendered":"Anichebemu pomohla viera a jeho matka"},"content":{"rendered":"<h4 id=\"NewsPostDetailSummary\">Victor Anichebe s\u00edce disponuje v\u00fdbornou fyzi\u010dkou a ve\u013ekou silou, zranenia ho v\u0161ak v jeho kari\u00e9re neobi\u0161li.<\/h4>\n<div id=\"NewsPostDetailContent\">\n<p>Napriek tomu, \u017ee m\u00e1 Anichebe e\u0161te len 24 rokov, s\u00e1m tvrd\u00ed, \u017ee len viera a pomoc jeho matky mu pomohli v \u010dasoch, ke\u010f ho stret\u00e1valo jedno \u0165a\u017ek\u00e9 zranenie za druh\u00fdm. N\u00e1vrat jeho streleckej formy teraz pom\u00e1ha Evertonu k skvel\u00e9mu vstupu do sez\u00f3ny.<\/p>\n<p>Nie v\u017edy to bolo pre tohto \u00fato\u010dn\u00edka, ktor\u00fd vyrastal v Merseyside po pris\u0165ahovan\u00ed jeho rodi\u010dov tak\u00e9 jednoduch\u00e9. Po zranen\u00ed kolena v z\u00e1pase s Newcastlom v roku 2008 vynechal Anichebe cel\u00fa sez\u00f3nu, \u010fal\u0161\u00edch 6 mesiacov absentoval po poranen\u00ed jeho druh\u00e9ho kolena pri rozcvi\u010dke v priate\u013eskom z\u00e1pase s Prestonom. Minul\u00fd rok pre zmenu mar\u00f3doval 4 mesiace kv\u00f4li zraneniu stehna, ktor\u00e9 si privodil pri plnen\u00ed reprezenta\u010dn\u00fdch povinnost\u00ed v drese Nig\u00e9rie.<\/p>\n<p><em>\u201eBolo mnoho chv\u00ed\u013e, ke\u010f som bol psychicky na dne. Vr\u00e1ti\u0165 sa po 12 mesiacoch a zrani\u0165 sa, znovu a znovu. P\u00fdtal som sa, \u010di to zato v\u00f4bec stoj\u00ed. Pre \u013eud\u00ed je \u0165a\u017ek\u00e9 pochopi\u0165, ak\u00e9 je to by\u0165 zranen\u00fd. Nie je to len fyzick\u00e9, ale aj psychick\u00e9,\u201c<\/em> hovor\u00ed Anichebe.<\/p>\n<p><em>\u201eVid\u00edte svojich spoluhr\u00e1\u010dov hra\u0165, ke\u010f by ste tam mali by\u0165 s nimi. Priatelia a rodina chod\u00ed okolo v\u00e1s a nevedia, \u010di sa s vami maj\u00fa o va\u0161om zranen\u00ed rozpr\u00e1va\u0165. Som kres\u0165an a miestami bolo \u0165a\u017ek\u00e9 udr\u017ea\u0165 si vieru. Bolo pr\u00edli\u0161 \u013eahk\u00e9 si myslie\u0165, \u017ee v\u0161etko je na ni\u010d a ni\u010d to neznamen\u00e1. Ale znamen\u00e1.<\/em><\/p>\n<p><em>Moja mama ma podporovala a hovorila mi, \u017ee Boh mi dal schopnosti a mal by som ich vyu\u017ei\u0165. Don\u00fatila ma pokra\u010dova\u0165 v mojej viere, ke\u010f som ju u\u017e takmer stratil. Ak sa nie\u010doho dr\u017e\u00edte, pom\u00f4\u017ee v\u00e1m to prekona\u0165 prek\u00e1\u017eky, to ma dostalo cez \u0165a\u017ek\u00e9 situ\u00e1cie.<\/em><\/p>\n<p><em>Steven Pienaar taktie\u017e m\u00e1 svoju vieru. Netvrd\u00edm, \u017ee to z v\u00e1s urob\u00ed skvel\u00e9ho hr\u00e1\u010da, ale pom\u00e1ha v\u00e1m to. Je v\u017edy dobr\u00e9 ma\u0165 pocit, \u017ee za sebou st\u00e1le nie\u010do m\u00e1te, \u010do v\u00e1s poh\u00e1\u0148a.\u201c<\/em><\/p>\n<p>Napriek tomu, \u017ee Anichebe je obrovsk\u00fd sil\u00e1k a na ihrisku nie je agres\u00edvny, r\u00e1d svoju silu vyu\u017eije na odstavenie s\u00fapera. Raz bol kritizovan\u00fd za z\u00e1krok na brank\u00e1ra Liverpoolu, Jerzyho Dudeka po\u010das z\u00e1pasu rezervy, ktor\u00fd pril\u00e1kal mno\u017estvo pozornosti. V roku 2010 bol vyl\u00fa\u010den\u00fd v z\u00e1pase s Manchestrom City po s\u00faboji s Pablom Zabaletom. Citizens vtedy naposledy prehrali dom\u00e1ci z\u00e1pas.<\/p>\n<p><em>\u201eNepotrebujem chodi\u0165 do posil\u0148ovne a dv\u00edha\u0165 \u010dinky, aby som bol ve\u013ek\u00fd. Ke\u010f pr\u00eddem dole z ihriska, som uvo\u013enen\u00fd, norm\u00e1lny \u010dlovek, nie som agres\u00edvny. Niektor\u00ed \u013eudia hovoria, \u017ee je to nev\u00fdhoda, preto\u017ee na sebe nepracujem dos\u0165. Ale na ihrisku som in\u00fd.<\/em><\/p>\n<p><em>Pozrite sa na boxerov. Pred z\u00e1pasom si popraj\u00fa a potom sk\u00fa\u0161aj\u00fa niekoho udrie\u0165 do hlavy. Som ve\u013ek\u00fd a siln\u00fd, pou\u017e\u00edvam schopnosti, ktor\u00e9 mi dal Boh. Nie som ako Steven <\/em>(Pienaar)<em>, aby som prenikal pomedzi nieko\u013ek\u00fdch hr\u00e1\u010dov.\u201c<\/em><\/p>\n<p>Zranenia znamenali, \u017ee Anichebe si prip\u00edsal iba 40 \u0161tartov od podp\u00edsania zmluvy s Evertonom, e\u0161te v roku 2005, teda s klubom, s ktor\u00fdm tr\u00e9noval u\u017e od svojich 10 rokov. Na druhej strane a\u017e 85kr\u00e1t nast\u00fapil do z\u00e1pasu ako n\u00e1hradn\u00edk, \u010do je klubov\u00fd rekord.<\/p>\n<p>Pr\u00edchod Nikicu Jelavi\u010da a belgick\u00e9ho \u00fato\u010dn\u00edka, Kevina Mirallasa znamen\u00e1, \u017ee o miesto v zostave sa zv\u00e1dza ve\u013ek\u00fd boj. To je v\u0161ak nie\u010do, \u010do Anichebeho sk\u00f4r motivuje, ako odr\u00e1dza. V tejto sez\u00f3ne stihol vstreli\u0165 u\u017e tri g\u00f3ly.<\/p>\n<p>Najhor\u0161ia sk\u00fasenos\u0165, ak\u00fa musel vo svojej kari\u00e9re nig\u00e9rijsk\u00fd \u00fato\u010dn\u00edk prekona\u0165, pri\u0161la v z\u00e1rodku jeho kari\u00e9ry, ke\u010f hral Everton eur\u00f3psky z\u00e1pas v Ukrajine. Anichebe vtedy \u010delil podobn\u00fdm rasistick\u00fdm ur\u00e1\u017ekam, ako hr\u00e1\u010di Albionu do 21 rokov v z\u00e1pase proti Srbsku.<\/p>\n<p><em>\u201eStalo sa to pred z\u00e1pasom a je to pravdepodobne najhor\u0161ia vec, ak\u00fa som videl,&#8220;<\/em> povedal Anichebe. <em>\u201e\u0160iel som s t\u00edmom okolo ihriska a div\u00e1ci za\u010dali pokrikova\u0165 r\u00f4zne zvuky, ktor\u00fdmi napodob\u0148ovali opice. Bolo to akoby to robili synchronizovane \u2013 bolo to \u0161ialen\u00e9.<\/em><\/p>\n<p><em>V\u0161etci na m\u0148a p\u013euli, skoro ako keby pr\u0161alo. Povedal som to usporiadate\u013eom, oni sa v\u0161ak iba smiali. Viem si predstavi\u0165, \u010do pre\u017e\u00edvali anglick\u00fd chlapci minul\u00fd t\u00fd\u017ede\u0148,\u201c<\/em> spom\u00edna 24ro\u010dn\u00fd \u00fato\u010dn\u00edk ner\u00e1d.<\/p>\n<p>Bolestivou sk\u00fasenos\u0165ou si pre\u0161iel aj v roku 2009, ke\u010f ho pol\u00edcia vypo\u010d\u00favala, \u010di sa pozeral do klenotn\u00edctva, okolo ktor\u00e9ho prech\u00e1dzal, ke\u010f bol zranen\u00fd. Policajti ho poni\u017euj\u00faco schmatli za barle a obvinili z pokusu o \u00fatek. Nesk\u00f4r sa za incident, ktor\u00fd pova\u017euje Anichebe za rasovo motivovan\u00fd, ospravedlnili.<\/p>\n<p>D\u00f4le\u017eitej\u0161ie v\u0161ak je, \u017ee ak by pokra\u010doval vo svojej s\u00fa\u010dasnej forme, mohol by v janu\u00e1ri \u010deli\u0165 dileme pri pozv\u00e1nke na Africk\u00fd poh\u00e1r n\u00e1rodov. Ve\u013ek\u00fd fan\u00fa\u0161ik Nig\u00e9rie (jeho rodi\u010dia sa tam dokonca znovu ods\u0165ahovali) by tak st\u00e1l medzi rozhodnut\u00edm reprezentova\u0165 Super Eagles, alebo prejavi\u0165 lojalitu ku klubu, ktor\u00fd ho tak v\u00fdrazne podr\u017eal.<\/p>\n<p><em>\u201eMilujem svoju krajinu, ale mysl\u00edm na Everton,&#8220;<\/em> dodal. <em>\u201eEverton mi n\u00e1ramne pomohol, ke\u010f som bol v depresi\u00e1ch zo zranen\u00ed. St\u00e1li pri mne. Poslali ma do Ameriky a do Belgicka, aby som sa mohol zotavi\u0165. Mohol by som spom\u00edna\u0165 na svoje zranenia, ale je lep\u0161ie na to zabudn\u00fa\u0165 a by\u0165 mu\u017eom. K\u00fdm som zdrav\u00fd, som dobr\u00fd.\u201c<\/em><\/p>\n<\/div>\n","protected":false},"excerpt":{"rendered":"<p>Victor Anichebe s\u00edce disponuje v\u00fdbornou fyzi\u010dkou a ve\u013ekou silou, zranenia ho v\u0161ak v jeho kari\u00e9re neobi\u0161li. Napriek tomu, \u017ee m\u00e1&hellip;<\/p>\n","protected":false},"author":8,"featured_media":1312,"comment_status":"open","ping_status":"closed","sticky":false,"template":"","format":"standard","meta":{"_eb_attr":"","_monsterinsights_skip_tracking":false,"_monsterinsights_sitenote_active":false,"_monsterinsights_sitenote_note":"","_monsterinsights_sitenote_category":0,"footnotes":""},"categories":[1],"tags":[],"yoast_head":"<!-- This site is optimized with the Yoast SEO plugin v23.4 - https:\/\/yoast.com\/wordpress\/plugins\/seo\/ -->\n<title>Anichebemu pomohla viera a jeho matka - Official Czech &amp; Slovak Everton Supporters&#039; Club<\/title>\n<meta name=\"robots\" content=\"index, follow, max-snippet:-1, max-image-preview:large, max-video-preview:-1\" \/>\n<link rel=\"canonical\" href=\"https:\/\/evertonfc.cz\/index.php\/2012\/10\/22\/anichebemu-pomohla-viera-a-jeho-matka\/\" \/>\n<meta property=\"og:locale\" content=\"cs_CZ\" \/>\n<meta property=\"og:type\" content=\"article\" \/>\n<meta property=\"og:title\" content=\"Anichebemu pomohla viera a jeho matka - Official Czech &amp; Slovak Everton Supporters&#039; Club\" \/>\n<meta property=\"og:description\" content=\"Victor Anichebe s\u00edce disponuje v\u00fdbornou fyzi\u010dkou a ve\u013ekou silou, zranenia ho v\u0161ak v jeho kari\u00e9re neobi\u0161li. Napriek tomu, \u017ee m\u00e1&hellip;\" \/>\n<meta property=\"og:url\" content=\"https:\/\/evertonfc.cz\/index.php\/2012\/10\/22\/anichebemu-pomohla-viera-a-jeho-matka\/\" \/>\n<meta property=\"og:site_name\" content=\"Official Czech &amp; Slovak Everton Supporters&#039; Club\" \/>\n<meta property=\"article:publisher\" content=\"https:\/\/www.facebook.com\/everton.fans.cz.sk\" \/>\n<meta property=\"article:published_time\" content=\"2012-10-22T14:56:48+00:00\" \/>\n<meta property=\"article:modified_time\" content=\"2019-02-17T17:07:46+00:00\" \/>\n<meta property=\"og:image\" content=\"https:\/\/evertonfc.cz\/wp-content\/uploads\/2019\/01\/interview.jpg\" \/>\n\t<meta property=\"og:image:width\" content=\"720\" \/>\n\t<meta property=\"og:image:height\" content=\"405\" \/>\n\t<meta property=\"og:image:type\" content=\"image\/jpeg\" \/>\n<meta name=\"author\" content=\"premierleague.cz\" \/>\n<meta name=\"twitter:card\" content=\"summary_large_image\" \/>\n<meta name=\"twitter:label1\" content=\"Napsal(a)\" \/>\n\t<meta name=\"twitter:data1\" content=\"premierleague.cz\" \/>\n\t<meta name=\"twitter:label2\" content=\"Odhadovan\u00e1 doba \u010dten\u00ed\" \/>\n\t<meta name=\"twitter:data2\" content=\"5 minut\" \/>\n<script type=\"application\/ld+json\" class=\"yoast-schema-graph\">{\"@context\":\"https:\/\/schema.org\",\"@graph\":[{\"@type\":\"Article\",\"@id\":\"https:\/\/evertonfc.cz\/index.php\/2012\/10\/22\/anichebemu-pomohla-viera-a-jeho-matka\/#article\",\"isPartOf\":{\"@id\":\"https:\/\/evertonfc.cz\/index.php\/2012\/10\/22\/anichebemu-pomohla-viera-a-jeho-matka\/\"},\"author\":{\"name\":\"premierleague.cz\",\"@id\":\"https:\/\/evertonfc.cz\/#\/schema\/person\/0690e24296ea1918886ee0f6a0b7c1ef\"},\"headline\":\"Anichebemu pomohla viera a jeho matka\",\"datePublished\":\"2012-10-22T14:56:48+00:00\",\"dateModified\":\"2019-02-17T17:07:46+00:00\",\"mainEntityOfPage\":{\"@id\":\"https:\/\/evertonfc.cz\/index.php\/2012\/10\/22\/anichebemu-pomohla-viera-a-jeho-matka\/\"},\"wordCount\":972,\"commentCount\":0,\"publisher\":{\"@id\":\"https:\/\/evertonfc.cz\/#organization\"},\"image\":{\"@id\":\"https:\/\/evertonfc.cz\/index.php\/2012\/10\/22\/anichebemu-pomohla-viera-a-jeho-matka\/#primaryimage\"},\"thumbnailUrl\":\"https:\/\/evertonfc.cz\/wp-content\/uploads\/2019\/01\/interview.jpg\",\"articleSection\":[\"Rozhovory\"],\"inLanguage\":\"cs\",\"potentialAction\":[{\"@type\":\"CommentAction\",\"name\":\"Comment\",\"target\":[\"https:\/\/evertonfc.cz\/index.php\/2012\/10\/22\/anichebemu-pomohla-viera-a-jeho-matka\/#respond\"]}]},{\"@type\":\"WebPage\",\"@id\":\"https:\/\/evertonfc.cz\/index.php\/2012\/10\/22\/anichebemu-pomohla-viera-a-jeho-matka\/\",\"url\":\"https:\/\/evertonfc.cz\/index.php\/2012\/10\/22\/anichebemu-pomohla-viera-a-jeho-matka\/\",\"name\":\"Anichebemu pomohla viera a jeho matka - Official Czech &amp; Slovak Everton Supporters&#039; Club\",\"isPartOf\":{\"@id\":\"https:\/\/evertonfc.cz\/#website\"},\"primaryImageOfPage\":{\"@id\":\"https:\/\/evertonfc.cz\/index.php\/2012\/10\/22\/anichebemu-pomohla-viera-a-jeho-matka\/#primaryimage\"},\"image\":{\"@id\":\"https:\/\/evertonfc.cz\/index.php\/2012\/10\/22\/anichebemu-pomohla-viera-a-jeho-matka\/#primaryimage\"},\"thumbnailUrl\":\"https:\/\/evertonfc.cz\/wp-content\/uploads\/2019\/01\/interview.jpg\",\"datePublished\":\"2012-10-22T14:56:48+00:00\",\"dateModified\":\"2019-02-17T17:07:46+00:00\",\"breadcrumb\":{\"@id\":\"https:\/\/evertonfc.cz\/index.php\/2012\/10\/22\/anichebemu-pomohla-viera-a-jeho-matka\/#breadcrumb\"},\"inLanguage\":\"cs\",\"potentialAction\":[{\"@type\":\"ReadAction\",\"target\":[\"https:\/\/evertonfc.cz\/index.php\/2012\/10\/22\/anichebemu-pomohla-viera-a-jeho-matka\/\"]}]},{\"@type\":\"ImageObject\",\"inLanguage\":\"cs\",\"@id\":\"https:\/\/evertonfc.cz\/index.php\/2012\/10\/22\/anichebemu-pomohla-viera-a-jeho-matka\/#primaryimage\",\"url\":\"https:\/\/evertonfc.cz\/wp-content\/uploads\/2019\/01\/interview.jpg\",\"contentUrl\":\"https:\/\/evertonfc.cz\/wp-content\/uploads\/2019\/01\/interview.jpg\",\"width\":720,\"height\":405},{\"@type\":\"BreadcrumbList\",\"@id\":\"https:\/\/evertonfc.cz\/index.php\/2012\/10\/22\/anichebemu-pomohla-viera-a-jeho-matka\/#breadcrumb\",\"itemListElement\":[{\"@type\":\"ListItem\",\"position\":1,\"name\":\"Home\",\"item\":\"https:\/\/evertonfc.cz\/\"},{\"@type\":\"ListItem\",\"position\":2,\"name\":\"Anichebemu pomohla viera a jeho matka\"}]},{\"@type\":\"WebSite\",\"@id\":\"https:\/\/evertonfc.cz\/#website\",\"url\":\"https:\/\/evertonfc.cz\/\",\"name\":\"Official Czech &amp; Slovak Everton Supporters&#039; Club\",\"description\":\"\",\"publisher\":{\"@id\":\"https:\/\/evertonfc.cz\/#organization\"},\"potentialAction\":[{\"@type\":\"SearchAction\",\"target\":{\"@type\":\"EntryPoint\",\"urlTemplate\":\"https:\/\/evertonfc.cz\/?s={search_term_string}\"},\"query-input\":{\"@type\":\"PropertyValueSpecification\",\"valueRequired\":true,\"valueName\":\"search_term_string\"}}],\"inLanguage\":\"cs\"},{\"@type\":\"Organization\",\"@id\":\"https:\/\/evertonfc.cz\/#organization\",\"name\":\"Official Czech & Slovak Everton Supporters' Club\",\"url\":\"https:\/\/evertonfc.cz\/\",\"logo\":{\"@type\":\"ImageObject\",\"inLanguage\":\"cs\",\"@id\":\"https:\/\/evertonfc.cz\/#\/schema\/logo\/image\/\",\"url\":\"https:\/\/evertonfc.cz\/wp-content\/uploads\/2019\/05\/logo.png\",\"contentUrl\":\"https:\/\/evertonfc.cz\/wp-content\/uploads\/2019\/05\/logo.png\",\"width\":112,\"height\":112,\"caption\":\"Official Czech & Slovak Everton Supporters' Club\"},\"image\":{\"@id\":\"https:\/\/evertonfc.cz\/#\/schema\/logo\/image\/\"},\"sameAs\":[\"https:\/\/www.facebook.com\/everton.fans.cz.sk\"]},{\"@type\":\"Person\",\"@id\":\"https:\/\/evertonfc.cz\/#\/schema\/person\/0690e24296ea1918886ee0f6a0b7c1ef\",\"name\":\"premierleague.cz\",\"url\":\"https:\/\/evertonfc.cz\/index.php\/author\/premierleague\/\"}]}<\/script>\n<!-- \/ Yoast SEO plugin. -->","yoast_head_json":{"title":"Anichebemu pomohla viera a jeho matka - Official Czech &amp; Slovak Everton Supporters&#039; Club","robots":{"index":"index","follow":"follow","max-snippet":"max-snippet:-1","max-image-preview":"max-image-preview:large","max-video-preview":"max-video-preview:-1"},"canonical":"https:\/\/evertonfc.cz\/index.php\/2012\/10\/22\/anichebemu-pomohla-viera-a-jeho-matka\/","og_locale":"cs_CZ","og_type":"article","og_title":"Anichebemu pomohla viera a jeho matka - Official Czech &amp; Slovak Everton Supporters&#039; Club","og_description":"Victor Anichebe s\u00edce disponuje v\u00fdbornou fyzi\u010dkou a ve\u013ekou silou, zranenia ho v\u0161ak v jeho kari\u00e9re neobi\u0161li. Napriek tomu, \u017ee m\u00e1&hellip;","og_url":"https:\/\/evertonfc.cz\/index.php\/2012\/10\/22\/anichebemu-pomohla-viera-a-jeho-matka\/","og_site_name":"Official Czech &amp; Slovak Everton Supporters&#039; Club","article_publisher":"https:\/\/www.facebook.com\/everton.fans.cz.sk","article_published_time":"2012-10-22T14:56:48+00:00","article_modified_time":"2019-02-17T17:07:46+00:00","og_image":[{"width":720,"height":405,"url":"https:\/\/evertonfc.cz\/wp-content\/uploads\/2019\/01\/interview.jpg","type":"image\/jpeg"}],"author":"premierleague.cz","twitter_card":"summary_large_image","twitter_misc":{"Napsal(a)":"premierleague.cz","Odhadovan\u00e1 doba \u010dten\u00ed":"5 minut"},"schema":{"@context":"https:\/\/schema.org","@graph":[{"@type":"Article","@id":"https:\/\/evertonfc.cz\/index.php\/2012\/10\/22\/anichebemu-pomohla-viera-a-jeho-matka\/#article","isPartOf":{"@id":"https:\/\/evertonfc.cz\/index.php\/2012\/10\/22\/anichebemu-pomohla-viera-a-jeho-matka\/"},"author":{"name":"premierleague.cz","@id":"https:\/\/evertonfc.cz\/#\/schema\/person\/0690e24296ea1918886ee0f6a0b7c1ef"},"headline":"Anichebemu pomohla viera a jeho matka","datePublished":"2012-10-22T14:56:48+00:00","dateModified":"2019-02-17T17:07:46+00:00","mainEntityOfPage":{"@id":"https:\/\/evertonfc.cz\/index.php\/2012\/10\/22\/anichebemu-pomohla-viera-a-jeho-matka\/"},"wordCount":972,"commentCount":0,"publisher":{"@id":"https:\/\/evertonfc.cz\/#organization"},"image":{"@id":"https:\/\/evertonfc.cz\/index.php\/2012\/10\/22\/anichebemu-pomohla-viera-a-jeho-matka\/#primaryimage"},"thumbnailUrl":"https:\/\/evertonfc.cz\/wp-content\/uploads\/2019\/01\/interview.jpg","articleSection":["Rozhovory"],"inLanguage":"cs","potentialAction":[{"@type":"CommentAction","name":"Comment","target":["https:\/\/evertonfc.cz\/index.php\/2012\/10\/22\/anichebemu-pomohla-viera-a-jeho-matka\/#respond"]}]},{"@type":"WebPage","@id":"https:\/\/evertonfc.cz\/index.php\/2012\/10\/22\/anichebemu-pomohla-viera-a-jeho-matka\/","url":"https:\/\/evertonfc.cz\/index.php\/2012\/10\/22\/anichebemu-pomohla-viera-a-jeho-matka\/","name":"Anichebemu pomohla viera a jeho matka - Official Czech &amp; Slovak Everton Supporters&#039; Club","isPartOf":{"@id":"https:\/\/evertonfc.cz\/#website"},"primaryImageOfPage":{"@id":"https:\/\/evertonfc.cz\/index.php\/2012\/10\/22\/anichebemu-pomohla-viera-a-jeho-matka\/#primaryimage"},"image":{"@id":"https:\/\/evertonfc.cz\/index.php\/2012\/10\/22\/anichebemu-pomohla-viera-a-jeho-matka\/#primaryimage"},"thumbnailUrl":"https:\/\/evertonfc.cz\/wp-content\/uploads\/2019\/01\/interview.jpg","datePublished":"2012-10-22T14:56:48+00:00","dateModified":"2019-02-17T17:07:46+00:00","breadcrumb":{"@id":"https:\/\/evertonfc.cz\/index.php\/2012\/10\/22\/anichebemu-pomohla-viera-a-jeho-matka\/#breadcrumb"},"inLanguage":"cs","potentialAction":[{"@type":"ReadAction","target":["https:\/\/evertonfc.cz\/index.php\/2012\/10\/22\/anichebemu-pomohla-viera-a-jeho-matka\/"]}]},{"@type":"ImageObject","inLanguage":"cs","@id":"https:\/\/evertonfc.cz\/index.php\/2012\/10\/22\/anichebemu-pomohla-viera-a-jeho-matka\/#primaryimage","url":"https:\/\/evertonfc.cz\/wp-content\/uploads\/2019\/01\/interview.jpg","contentUrl":"https:\/\/evertonfc.cz\/wp-content\/uploads\/2019\/01\/interview.jpg","width":720,"height":405},{"@type":"BreadcrumbList","@id":"https:\/\/evertonfc.cz\/index.php\/2012\/10\/22\/anichebemu-pomohla-viera-a-jeho-matka\/#breadcrumb","itemListElement":[{"@type":"ListItem","position":1,"name":"Home","item":"https:\/\/evertonfc.cz\/"},{"@type":"ListItem","position":2,"name":"Anichebemu pomohla viera a jeho matka"}]},{"@type":"WebSite","@id":"https:\/\/evertonfc.cz\/#website","url":"https:\/\/evertonfc.cz\/","name":"Official Czech &amp; Slovak Everton Supporters&#039; Club","description":"","publisher":{"@id":"https:\/\/evertonfc.cz\/#organization"},"potentialAction":[{"@type":"SearchAction","target":{"@type":"EntryPoint","urlTemplate":"https:\/\/evertonfc.cz\/?s={search_term_string}"},"query-input":{"@type":"PropertyValueSpecification","valueRequired":true,"valueName":"search_term_string"}}],"inLanguage":"cs"},{"@type":"Organization","@id":"https:\/\/evertonfc.cz\/#organization","name":"Official Czech & Slovak Everton Supporters' Club","url":"https:\/\/evertonfc.cz\/","logo":{"@type":"ImageObject","inLanguage":"cs","@id":"https:\/\/evertonfc.cz\/#\/schema\/logo\/image\/","url":"https:\/\/evertonfc.cz\/wp-content\/uploads\/2019\/05\/logo.png","contentUrl":"https:\/\/evertonfc.cz\/wp-content\/uploads\/2019\/05\/logo.png","width":112,"height":112,"caption":"Official Czech & Slovak Everton Supporters' Club"},"image":{"@id":"https:\/\/evertonfc.cz\/#\/schema\/logo\/image\/"},"sameAs":["https:\/\/www.facebook.com\/everton.fans.cz.sk"]},{"@type":"Person","@id":"https:\/\/evertonfc.cz\/#\/schema\/person\/0690e24296ea1918886ee0f6a0b7c1ef","name":"premierleague.cz","url":"https:\/\/evertonfc.cz\/index.php\/author\/premierleague\/"}]}},"_links":{"self":[{"href":"https:\/\/evertonfc.cz\/index.php\/wp-json\/wp\/v2\/posts\/6093"}],"collection":[{"href":"https:\/\/evertonfc.cz\/index.php\/wp-json\/wp\/v2\/posts"}],"about":[{"href":"https:\/\/evertonfc.cz\/index.php\/wp-json\/wp\/v2\/types\/post"}],"author":[{"embeddable":true,"href":"https:\/\/evertonfc.cz\/index.php\/wp-json\/wp\/v2\/users\/8"}],"replies":[{"embeddable":true,"href":"https:\/\/evertonfc.cz\/index.php\/wp-json\/wp\/v2\/comments?post=6093"}],"version-history":[{"count":3,"href":"https:\/\/evertonfc.cz\/index.php\/wp-json\/wp\/v2\/posts\/6093\/revisions"}],"predecessor-version":[{"id":6224,"href":"https:\/\/evertonfc.cz\/index.php\/wp-json\/wp\/v2\/posts\/6093\/revisions\/6224"}],"wp:featuredmedia":[{"embeddable":true,"href":"https:\/\/evertonfc.cz\/index.php\/wp-json\/wp\/v2\/media\/1312"}],"wp:attachment":[{"href":"https:\/\/evertonfc.cz\/index.php\/wp-json\/wp\/v2\/media?parent=6093"}],"wp:term":[{"taxonomy":"category","embeddable":true,"href":"https:\/\/evertonfc.cz\/index.php\/wp-json\/wp\/v2\/categories?post=6093"},{"taxonomy":"post_tag","embeddable":true,"href":"https:\/\/evertonfc.cz\/index.php\/wp-json\/wp\/v2\/tags?post=6093"}],"curies":[{"name":"wp","href":"https:\/\/api.w.org\/{rel}","templated":true}]}}