{"id":6095,"date":"2012-01-16T16:57:44","date_gmt":"2012-01-16T15:57:44","guid":{"rendered":"http:\/\/evertonfc.cz\/?p=6095"},"modified":"2019-02-17T17:00:10","modified_gmt":"2019-02-17T16:00:10","slug":"je-to-splneny-sen-zari-duffy","status":"publish","type":"post","link":"https:\/\/evertonfc.cz\/index.php\/2012\/01\/16\/je-to-splneny-sen-zari-duffy\/","title":{"rendered":"Je to spln\u011bn\u00fd sen, z\u00e1\u0159\u00ed Duffy"},"content":{"rendered":"<h4>P\u0159epln\u011bn\u00e1 marodka mnohdy m\u00edv\u00e1 i pozitiva. Vypr\u00e1v\u011bt o tom m\u016f\u017ee Shane Duffy, kter\u00fd se d\u00edky zran\u011bn\u00edm zku\u0161en\u011bj\u0161\u00edch koleg\u016f nyn\u00ed rozkouk\u00e1v\u00e1 v prvoligov\u00e9m fotbale.<\/h4>\n<p>Je tomu rok a p\u016fl, co se Shane Duffy b\u00e1l nejen konce kari\u00e9ry. V tr\u00e9ninkov\u00e9m z\u00e1pase v domovsk\u00e9m Irsku si t\u00e9m\u011b\u0159 osudov\u011b zp\u016fsobil vnit\u0159n\u00ed zran\u011bn\u00ed a mohl vd\u011b\u010dit jen duchapt\u0159\u00edtomn\u00e9mu z\u00e1kroku l\u00e9ka\u0159\u016f, kte\u0159\u00ed mu zachr\u00e1nili \u017eivot. Mlad\u00edk se zotavil a\u017e p\u0159ekvapiv\u011b rychle a po opatrn\u011bj\u0161\u00ed lo\u0148sk\u00e9 sezon\u011b se vydal z\u00edsk\u00e1vat pot\u0159ebn\u00e9 zku\u0161enosti mezi profesion\u00e1ly.<\/p>\n<p>Na hostov\u00e1n\u00ed ve t\u0159etiligov\u00e9m Scunthorpe str\u00e1vil Shane prvn\u00ed polovinu leto\u0161n\u00ed sezony a ji\u017e za tak kr\u00e1tkou dobu se stal z\u00e1kladn\u00edm stavebn\u00edm kamenem obrany Irons. Ale pak v\u011bci nabraly rychl\u00fd sp\u00e1d. Zran\u011bn\u00ed Phila Jagielky znamenalo n\u00e1vrat do Evertonu a kdy\u017e na White Hart Lane \u201cpadl\u201c i Sylvain Distin, Duffy se zni\u010dehonic ocitl ve v\u0159av\u011b Premier League.<\/p>\n<p><em>\u201eHr\u00e1t v t\u00e9hle lize je spln\u011bn\u00fd sen,\u201c<\/em>\u00a0\u0159\u00edk\u00e1 devaten\u00e1ctilet\u00fd stoper.\u00a0<em>\u201eNa Tottenhamu bylo t\u011b\u017ek\u00e9 p\u0159ij\u00edt do z\u00e1pasu, proto\u017ee jsme prohr\u00e1vali 0-1 a Spurs jsou siln\u00fd t\u00fdm. P\u0159ipravil jsem se pro p\u0159\u00edpad, \u017ee by se n\u011bco stalo, jen pro jistotu. A kdy\u017e na m\u011b mana\u017eer zavolal \u017ee p\u016fjdu na h\u0159i\u0161t\u011b, stra\u0161n\u011b jsem se t\u011b\u0161il, ale z\u00e1rove\u0148 jsem byl i nerv\u00f3zn\u00ed. Ale hned jak jsem vyb\u011bhl na tr\u00e1vn\u00edk, tak jsem se uvolnil a sna\u017eil jsem si u\u017e\u00edt ka\u017ed\u00fd okam\u017eik.\u201c<\/em><\/p>\n<p>Rozd\u00edl mezi League One a Premier League pr\u00fd byl jednozna\u010dn\u011b citeln\u00fd.\u00a0<em>\u201eTen rozd\u00edl je zn\u00e1t. Ale m\u011bl jsem prost\u011b radost, \u017ee jsem na h\u0159i\u0161ti a \u017ee vlastn\u011b debutuji v Premier League, to je velk\u00e9 plus.\u201c<\/em><\/p>\n<p>Sv\u016fj prvn\u00ed ligov\u00fd start v z\u00e1kladn\u00ed sestav\u011b si pak Duffy odbyl v sobotu na Villa Parku, kde podal jist\u00fd a do budoucna p\u0159\u00edslibn\u00fd v\u00fdkon. P\u0159esto\u017ee tedy Toffees zlob\u00ed nedostatek obr\u00e1nc\u016f, pl\u00e1nuje Duffy p\u0159esv\u011bd\u010dit Davida Moyese, \u017ee p\u0159\u00edchod nov\u00e9ho obr\u00e1nce nen\u00ed nezbytn\u00fd.<\/p>\n<p><em>\u201eDouf\u00e1m, \u017ee jsem se Evertonu pokusil u\u0161et\u0159it n\u011bjak\u00e9 pen\u00edze, uvid\u00edme, co mana\u017eer \u0159ekne. J\u00e1 se pro klub budu sna\u017eit ze v\u0161ech sil. Je to na n\u011bm a pokud si nemysl\u00ed to, co j\u00e1, pak budu muset makat je\u0161t\u011b tvrd\u011bji. Tohle je dobr\u00e9 mu\u017estvo. M\u00e1me zkr\u00e1tka n\u011bkolik zran\u011bn\u00ed, ale mana\u017eer mi v\u011b\u0159\u00ed, a dod\u00e1v\u00e1 mi sebev\u011bdom\u00ed. Lep\u0161\u00edho mana\u017eera by jste si ani nemohli p\u0159\u00e1t a jsem vd\u011b\u010dn\u00fd, \u017ee svou \u0161anci m\u00e1m.\u201c<\/em><\/p>\n<p>Duffy p\u0159izn\u00e1v\u00e1, \u017ee jeho n\u00e1vrat z hostov\u00e1n\u00ed byl ne\u010dekan\u00fd, ale nervozitu ze sebe ji\u017e oklepal.<em>\u201eP\u0159ihodilo se to rychle. Boss mi \u0159ekl, a\u0165 budu v p\u0159\u00edpad\u011b pot\u0159eby p\u0159ipraven\u00fd. Oproti League One je to jin\u00e9, krok nahoru, ale mysl\u00edm, \u017ee si zat\u00edm nevedu \u0161patn\u011b. S Johnnym Heitingou se mi hraje dob\u0159e, v z\u00e1pase mi hodn\u011b pom\u00e1h\u00e1, ale to plat\u00ed pro cel\u00fd t\u00fdm. Ka\u017ed\u00fd den jsem tvrd\u011b pracoval, abych si jednou zahr\u00e1l v Premier League a te\u010f tu p\u0159\u00edle\u017eitost m\u00e1m, tak\u017ee douf\u00e1m, \u017ee v t\u00fdmu z\u016fstanu a budu hr\u00e1t je\u0161t\u011b l\u00e9pe.\u201c<\/em><\/p>\n<p>Krom\u011b mlad\u00e9ho obr\u00e1nce se v dresu Evertonu v sobotu uvedl i jeho krajan Darron Gibson, debutant p\u0159itom poch\u00e1z\u00ed ze stejn\u00e9ho m\u011bsta, jako Duffy &#8211; Derry.\u00a0<em>\u201eDarron odehr\u00e1l dobr\u00fd z\u00e1pas, je to dobr\u00e1 posila. Je to dobr\u00fd kluk a hned do t\u00fdmu zapadl. Za Manchester United moc nehr\u00e1l, tak\u017ee to byl jeho prvn\u00ed z\u00e1pas po n\u011bjak\u00e9 dob\u011b, ale proti Aston Ville podal slu\u0161n\u00fd v\u00fdkon. V dal\u0161\u00edch z\u00e1pasech ur\u010dit\u011b bude pokra\u010dovat. Jednoho dne spolu oba spole\u010dn\u011b doufejme nastoup\u00edme za Irsko. Hran\u00ed za Everton mus\u00ed b\u00fdt prioritou, ale bylo by skv\u011bl\u00e9 dostat pozv\u00e1nku do reprezentace,\u201c<\/em>\u00a0\u0159\u00edk\u00e1 pravideln\u00fd hr\u00e1\u010d irsk\u00e9 jednadvac\u00edtky.<\/p>\n","protected":false},"excerpt":{"rendered":"<p>P\u0159epln\u011bn\u00e1 marodka mnohdy m\u00edv\u00e1 i pozitiva. Vypr\u00e1v\u011bt o tom m\u016f\u017ee Shane Duffy, kter\u00fd se d\u00edky zran\u011bn\u00edm zku\u0161en\u011bj\u0161\u00edch koleg\u016f nyn\u00ed rozkouk\u00e1v\u00e1&hellip;<\/p>\n","protected":false},"author":7,"featured_media":1312,"comment_status":"open","ping_status":"closed","sticky":false,"template":"","format":"standard","meta":{"_eb_attr":"","_monsterinsights_skip_tracking":false,"_monsterinsights_sitenote_active":false,"_monsterinsights_sitenote_note":"","_monsterinsights_sitenote_category":0,"footnotes":""},"categories":[1],"tags":[],"yoast_head":"<!-- This site is optimized with the Yoast SEO plugin v23.4 - https:\/\/yoast.com\/wordpress\/plugins\/seo\/ -->\n<title>Je to spln\u011bn\u00fd sen, z\u00e1\u0159\u00ed Duffy - Official Czech &amp; Slovak Everton Supporters&#039; Club<\/title>\n<meta name=\"robots\" content=\"index, follow, max-snippet:-1, max-image-preview:large, max-video-preview:-1\" \/>\n<link rel=\"canonical\" href=\"https:\/\/evertonfc.cz\/index.php\/2012\/01\/16\/je-to-splneny-sen-zari-duffy\/\" \/>\n<meta property=\"og:locale\" content=\"cs_CZ\" \/>\n<meta property=\"og:type\" content=\"article\" \/>\n<meta property=\"og:title\" content=\"Je to spln\u011bn\u00fd sen, z\u00e1\u0159\u00ed Duffy - Official Czech &amp; Slovak Everton Supporters&#039; Club\" \/>\n<meta property=\"og:description\" content=\"P\u0159epln\u011bn\u00e1 marodka mnohdy m\u00edv\u00e1 i pozitiva. Vypr\u00e1v\u011bt o tom m\u016f\u017ee Shane Duffy, kter\u00fd se d\u00edky zran\u011bn\u00edm zku\u0161en\u011bj\u0161\u00edch koleg\u016f nyn\u00ed rozkouk\u00e1v\u00e1&hellip;\" \/>\n<meta property=\"og:url\" content=\"https:\/\/evertonfc.cz\/index.php\/2012\/01\/16\/je-to-splneny-sen-zari-duffy\/\" \/>\n<meta property=\"og:site_name\" content=\"Official Czech &amp; Slovak Everton Supporters&#039; Club\" \/>\n<meta property=\"article:publisher\" content=\"https:\/\/www.facebook.com\/everton.fans.cz.sk\" \/>\n<meta property=\"article:published_time\" content=\"2012-01-16T15:57:44+00:00\" \/>\n<meta property=\"article:modified_time\" content=\"2019-02-17T16:00:10+00:00\" \/>\n<meta property=\"og:image\" content=\"https:\/\/evertonfc.cz\/wp-content\/uploads\/2019\/01\/interview.jpg\" \/>\n\t<meta property=\"og:image:width\" content=\"720\" \/>\n\t<meta property=\"og:image:height\" content=\"405\" \/>\n\t<meta property=\"og:image:type\" content=\"image\/jpeg\" \/>\n<meta name=\"author\" content=\"Me\u0148a\" \/>\n<meta name=\"twitter:card\" content=\"summary_large_image\" \/>\n<meta name=\"twitter:label1\" content=\"Napsal(a)\" \/>\n\t<meta name=\"twitter:data1\" content=\"Me\u0148a\" \/>\n\t<meta name=\"twitter:label2\" content=\"Odhadovan\u00e1 doba \u010dten\u00ed\" \/>\n\t<meta name=\"twitter:data2\" content=\"4 minuty\" \/>\n<script type=\"application\/ld+json\" class=\"yoast-schema-graph\">{\"@context\":\"https:\/\/schema.org\",\"@graph\":[{\"@type\":\"Article\",\"@id\":\"https:\/\/evertonfc.cz\/index.php\/2012\/01\/16\/je-to-splneny-sen-zari-duffy\/#article\",\"isPartOf\":{\"@id\":\"https:\/\/evertonfc.cz\/index.php\/2012\/01\/16\/je-to-splneny-sen-zari-duffy\/\"},\"author\":{\"name\":\"Me\u0148a\",\"@id\":\"https:\/\/evertonfc.cz\/#\/schema\/person\/cd6328a75577de2add7793fd4b0930c3\"},\"headline\":\"Je to spln\u011bn\u00fd sen, z\u00e1\u0159\u00ed Duffy\",\"datePublished\":\"2012-01-16T15:57:44+00:00\",\"dateModified\":\"2019-02-17T16:00:10+00:00\",\"mainEntityOfPage\":{\"@id\":\"https:\/\/evertonfc.cz\/index.php\/2012\/01\/16\/je-to-splneny-sen-zari-duffy\/\"},\"wordCount\":730,\"commentCount\":0,\"publisher\":{\"@id\":\"https:\/\/evertonfc.cz\/#organization\"},\"image\":{\"@id\":\"https:\/\/evertonfc.cz\/index.php\/2012\/01\/16\/je-to-splneny-sen-zari-duffy\/#primaryimage\"},\"thumbnailUrl\":\"https:\/\/evertonfc.cz\/wp-content\/uploads\/2019\/01\/interview.jpg\",\"articleSection\":[\"Rozhovory\"],\"inLanguage\":\"cs\",\"potentialAction\":[{\"@type\":\"CommentAction\",\"name\":\"Comment\",\"target\":[\"https:\/\/evertonfc.cz\/index.php\/2012\/01\/16\/je-to-splneny-sen-zari-duffy\/#respond\"]}]},{\"@type\":\"WebPage\",\"@id\":\"https:\/\/evertonfc.cz\/index.php\/2012\/01\/16\/je-to-splneny-sen-zari-duffy\/\",\"url\":\"https:\/\/evertonfc.cz\/index.php\/2012\/01\/16\/je-to-splneny-sen-zari-duffy\/\",\"name\":\"Je to spln\u011bn\u00fd sen, z\u00e1\u0159\u00ed Duffy - Official Czech &amp; Slovak Everton Supporters&#039; Club\",\"isPartOf\":{\"@id\":\"https:\/\/evertonfc.cz\/#website\"},\"primaryImageOfPage\":{\"@id\":\"https:\/\/evertonfc.cz\/index.php\/2012\/01\/16\/je-to-splneny-sen-zari-duffy\/#primaryimage\"},\"image\":{\"@id\":\"https:\/\/evertonfc.cz\/index.php\/2012\/01\/16\/je-to-splneny-sen-zari-duffy\/#primaryimage\"},\"thumbnailUrl\":\"https:\/\/evertonfc.cz\/wp-content\/uploads\/2019\/01\/interview.jpg\",\"datePublished\":\"2012-01-16T15:57:44+00:00\",\"dateModified\":\"2019-02-17T16:00:10+00:00\",\"breadcrumb\":{\"@id\":\"https:\/\/evertonfc.cz\/index.php\/2012\/01\/16\/je-to-splneny-sen-zari-duffy\/#breadcrumb\"},\"inLanguage\":\"cs\",\"potentialAction\":[{\"@type\":\"ReadAction\",\"target\":[\"https:\/\/evertonfc.cz\/index.php\/2012\/01\/16\/je-to-splneny-sen-zari-duffy\/\"]}]},{\"@type\":\"ImageObject\",\"inLanguage\":\"cs\",\"@id\":\"https:\/\/evertonfc.cz\/index.php\/2012\/01\/16\/je-to-splneny-sen-zari-duffy\/#primaryimage\",\"url\":\"https:\/\/evertonfc.cz\/wp-content\/uploads\/2019\/01\/interview.jpg\",\"contentUrl\":\"https:\/\/evertonfc.cz\/wp-content\/uploads\/2019\/01\/interview.jpg\",\"width\":720,\"height\":405},{\"@type\":\"BreadcrumbList\",\"@id\":\"https:\/\/evertonfc.cz\/index.php\/2012\/01\/16\/je-to-splneny-sen-zari-duffy\/#breadcrumb\",\"itemListElement\":[{\"@type\":\"ListItem\",\"position\":1,\"name\":\"Home\",\"item\":\"https:\/\/evertonfc.cz\/\"},{\"@type\":\"ListItem\",\"position\":2,\"name\":\"Je to spln\u011bn\u00fd sen, z\u00e1\u0159\u00ed Duffy\"}]},{\"@type\":\"WebSite\",\"@id\":\"https:\/\/evertonfc.cz\/#website\",\"url\":\"https:\/\/evertonfc.cz\/\",\"name\":\"Official Czech &amp; Slovak Everton Supporters&#039; Club\",\"description\":\"\",\"publisher\":{\"@id\":\"https:\/\/evertonfc.cz\/#organization\"},\"potentialAction\":[{\"@type\":\"SearchAction\",\"target\":{\"@type\":\"EntryPoint\",\"urlTemplate\":\"https:\/\/evertonfc.cz\/?s={search_term_string}\"},\"query-input\":{\"@type\":\"PropertyValueSpecification\",\"valueRequired\":true,\"valueName\":\"search_term_string\"}}],\"inLanguage\":\"cs\"},{\"@type\":\"Organization\",\"@id\":\"https:\/\/evertonfc.cz\/#organization\",\"name\":\"Official Czech & Slovak Everton Supporters' Club\",\"url\":\"https:\/\/evertonfc.cz\/\",\"logo\":{\"@type\":\"ImageObject\",\"inLanguage\":\"cs\",\"@id\":\"https:\/\/evertonfc.cz\/#\/schema\/logo\/image\/\",\"url\":\"https:\/\/evertonfc.cz\/wp-content\/uploads\/2019\/05\/logo.png\",\"contentUrl\":\"https:\/\/evertonfc.cz\/wp-content\/uploads\/2019\/05\/logo.png\",\"width\":112,\"height\":112,\"caption\":\"Official Czech & Slovak Everton Supporters' Club\"},\"image\":{\"@id\":\"https:\/\/evertonfc.cz\/#\/schema\/logo\/image\/\"},\"sameAs\":[\"https:\/\/www.facebook.com\/everton.fans.cz.sk\"]},{\"@type\":\"Person\",\"@id\":\"https:\/\/evertonfc.cz\/#\/schema\/person\/cd6328a75577de2add7793fd4b0930c3\",\"name\":\"Me\u0148a\",\"url\":\"https:\/\/evertonfc.cz\/index.php\/author\/mena\/\"}]}<\/script>\n<!-- \/ Yoast SEO plugin. -->","yoast_head_json":{"title":"Je to spln\u011bn\u00fd sen, z\u00e1\u0159\u00ed Duffy - Official Czech &amp; Slovak Everton Supporters&#039; Club","robots":{"index":"index","follow":"follow","max-snippet":"max-snippet:-1","max-image-preview":"max-image-preview:large","max-video-preview":"max-video-preview:-1"},"canonical":"https:\/\/evertonfc.cz\/index.php\/2012\/01\/16\/je-to-splneny-sen-zari-duffy\/","og_locale":"cs_CZ","og_type":"article","og_title":"Je to spln\u011bn\u00fd sen, z\u00e1\u0159\u00ed Duffy - Official Czech &amp; Slovak Everton Supporters&#039; Club","og_description":"P\u0159epln\u011bn\u00e1 marodka mnohdy m\u00edv\u00e1 i pozitiva. Vypr\u00e1v\u011bt o tom m\u016f\u017ee Shane Duffy, kter\u00fd se d\u00edky zran\u011bn\u00edm zku\u0161en\u011bj\u0161\u00edch koleg\u016f nyn\u00ed rozkouk\u00e1v\u00e1&hellip;","og_url":"https:\/\/evertonfc.cz\/index.php\/2012\/01\/16\/je-to-splneny-sen-zari-duffy\/","og_site_name":"Official Czech &amp; Slovak Everton Supporters&#039; Club","article_publisher":"https:\/\/www.facebook.com\/everton.fans.cz.sk","article_published_time":"2012-01-16T15:57:44+00:00","article_modified_time":"2019-02-17T16:00:10+00:00","og_image":[{"width":720,"height":405,"url":"https:\/\/evertonfc.cz\/wp-content\/uploads\/2019\/01\/interview.jpg","type":"image\/jpeg"}],"author":"Me\u0148a","twitter_card":"summary_large_image","twitter_misc":{"Napsal(a)":"Me\u0148a","Odhadovan\u00e1 doba \u010dten\u00ed":"4 minuty"},"schema":{"@context":"https:\/\/schema.org","@graph":[{"@type":"Article","@id":"https:\/\/evertonfc.cz\/index.php\/2012\/01\/16\/je-to-splneny-sen-zari-duffy\/#article","isPartOf":{"@id":"https:\/\/evertonfc.cz\/index.php\/2012\/01\/16\/je-to-splneny-sen-zari-duffy\/"},"author":{"name":"Me\u0148a","@id":"https:\/\/evertonfc.cz\/#\/schema\/person\/cd6328a75577de2add7793fd4b0930c3"},"headline":"Je to spln\u011bn\u00fd sen, z\u00e1\u0159\u00ed Duffy","datePublished":"2012-01-16T15:57:44+00:00","dateModified":"2019-02-17T16:00:10+00:00","mainEntityOfPage":{"@id":"https:\/\/evertonfc.cz\/index.php\/2012\/01\/16\/je-to-splneny-sen-zari-duffy\/"},"wordCount":730,"commentCount":0,"publisher":{"@id":"https:\/\/evertonfc.cz\/#organization"},"image":{"@id":"https:\/\/evertonfc.cz\/index.php\/2012\/01\/16\/je-to-splneny-sen-zari-duffy\/#primaryimage"},"thumbnailUrl":"https:\/\/evertonfc.cz\/wp-content\/uploads\/2019\/01\/interview.jpg","articleSection":["Rozhovory"],"inLanguage":"cs","potentialAction":[{"@type":"CommentAction","name":"Comment","target":["https:\/\/evertonfc.cz\/index.php\/2012\/01\/16\/je-to-splneny-sen-zari-duffy\/#respond"]}]},{"@type":"WebPage","@id":"https:\/\/evertonfc.cz\/index.php\/2012\/01\/16\/je-to-splneny-sen-zari-duffy\/","url":"https:\/\/evertonfc.cz\/index.php\/2012\/01\/16\/je-to-splneny-sen-zari-duffy\/","name":"Je to spln\u011bn\u00fd sen, z\u00e1\u0159\u00ed Duffy - Official Czech &amp; Slovak Everton Supporters&#039; Club","isPartOf":{"@id":"https:\/\/evertonfc.cz\/#website"},"primaryImageOfPage":{"@id":"https:\/\/evertonfc.cz\/index.php\/2012\/01\/16\/je-to-splneny-sen-zari-duffy\/#primaryimage"},"image":{"@id":"https:\/\/evertonfc.cz\/index.php\/2012\/01\/16\/je-to-splneny-sen-zari-duffy\/#primaryimage"},"thumbnailUrl":"https:\/\/evertonfc.cz\/wp-content\/uploads\/2019\/01\/interview.jpg","datePublished":"2012-01-16T15:57:44+00:00","dateModified":"2019-02-17T16:00:10+00:00","breadcrumb":{"@id":"https:\/\/evertonfc.cz\/index.php\/2012\/01\/16\/je-to-splneny-sen-zari-duffy\/#breadcrumb"},"inLanguage":"cs","potentialAction":[{"@type":"ReadAction","target":["https:\/\/evertonfc.cz\/index.php\/2012\/01\/16\/je-to-splneny-sen-zari-duffy\/"]}]},{"@type":"ImageObject","inLanguage":"cs","@id":"https:\/\/evertonfc.cz\/index.php\/2012\/01\/16\/je-to-splneny-sen-zari-duffy\/#primaryimage","url":"https:\/\/evertonfc.cz\/wp-content\/uploads\/2019\/01\/interview.jpg","contentUrl":"https:\/\/evertonfc.cz\/wp-content\/uploads\/2019\/01\/interview.jpg","width":720,"height":405},{"@type":"BreadcrumbList","@id":"https:\/\/evertonfc.cz\/index.php\/2012\/01\/16\/je-to-splneny-sen-zari-duffy\/#breadcrumb","itemListElement":[{"@type":"ListItem","position":1,"name":"Home","item":"https:\/\/evertonfc.cz\/"},{"@type":"ListItem","position":2,"name":"Je to spln\u011bn\u00fd sen, z\u00e1\u0159\u00ed Duffy"}]},{"@type":"WebSite","@id":"https:\/\/evertonfc.cz\/#website","url":"https:\/\/evertonfc.cz\/","name":"Official Czech &amp; Slovak Everton Supporters&#039; Club","description":"","publisher":{"@id":"https:\/\/evertonfc.cz\/#organization"},"potentialAction":[{"@type":"SearchAction","target":{"@type":"EntryPoint","urlTemplate":"https:\/\/evertonfc.cz\/?s={search_term_string}"},"query-input":{"@type":"PropertyValueSpecification","valueRequired":true,"valueName":"search_term_string"}}],"inLanguage":"cs"},{"@type":"Organization","@id":"https:\/\/evertonfc.cz\/#organization","name":"Official Czech & Slovak Everton Supporters' Club","url":"https:\/\/evertonfc.cz\/","logo":{"@type":"ImageObject","inLanguage":"cs","@id":"https:\/\/evertonfc.cz\/#\/schema\/logo\/image\/","url":"https:\/\/evertonfc.cz\/wp-content\/uploads\/2019\/05\/logo.png","contentUrl":"https:\/\/evertonfc.cz\/wp-content\/uploads\/2019\/05\/logo.png","width":112,"height":112,"caption":"Official Czech & Slovak Everton Supporters' Club"},"image":{"@id":"https:\/\/evertonfc.cz\/#\/schema\/logo\/image\/"},"sameAs":["https:\/\/www.facebook.com\/everton.fans.cz.sk"]},{"@type":"Person","@id":"https:\/\/evertonfc.cz\/#\/schema\/person\/cd6328a75577de2add7793fd4b0930c3","name":"Me\u0148a","url":"https:\/\/evertonfc.cz\/index.php\/author\/mena\/"}]}},"_links":{"self":[{"href":"https:\/\/evertonfc.cz\/index.php\/wp-json\/wp\/v2\/posts\/6095"}],"collection":[{"href":"https:\/\/evertonfc.cz\/index.php\/wp-json\/wp\/v2\/posts"}],"about":[{"href":"https:\/\/evertonfc.cz\/index.php\/wp-json\/wp\/v2\/types\/post"}],"author":[{"embeddable":true,"href":"https:\/\/evertonfc.cz\/index.php\/wp-json\/wp\/v2\/users\/7"}],"replies":[{"embeddable":true,"href":"https:\/\/evertonfc.cz\/index.php\/wp-json\/wp\/v2\/comments?post=6095"}],"version-history":[{"count":1,"href":"https:\/\/evertonfc.cz\/index.php\/wp-json\/wp\/v2\/posts\/6095\/revisions"}],"predecessor-version":[{"id":6100,"href":"https:\/\/evertonfc.cz\/index.php\/wp-json\/wp\/v2\/posts\/6095\/revisions\/6100"}],"wp:featuredmedia":[{"embeddable":true,"href":"https:\/\/evertonfc.cz\/index.php\/wp-json\/wp\/v2\/media\/1312"}],"wp:attachment":[{"href":"https:\/\/evertonfc.cz\/index.php\/wp-json\/wp\/v2\/media?parent=6095"}],"wp:term":[{"taxonomy":"category","embeddable":true,"href":"https:\/\/evertonfc.cz\/index.php\/wp-json\/wp\/v2\/categories?post=6095"},{"taxonomy":"post_tag","embeddable":true,"href":"https:\/\/evertonfc.cz\/index.php\/wp-json\/wp\/v2\/tags?post=6095"}],"curies":[{"name":"wp","href":"https:\/\/api.w.org\/{rel}","templated":true}]}}