{"id":6101,"date":"2012-01-17T17:00:24","date_gmt":"2012-01-17T16:00:24","guid":{"rendered":"http:\/\/evertonfc.cz\/?p=6101"},"modified":"2019-02-17T17:03:19","modified_gmt":"2019-02-17T16:03:19","slug":"otevreny-dopis-mediim-kenwright-a-spol-jsou-lhari","status":"publish","type":"post","link":"https:\/\/evertonfc.cz\/index.php\/2012\/01\/17\/otevreny-dopis-mediim-kenwright-a-spol-jsou-lhari\/","title":{"rendered":"Otev\u0159en\u00fd dopis m\u00e9di\u00edm. Kenwright a spol jsou lh\u00e1\u0159i"},"content":{"rendered":"<h4>Dopis, kter\u00fd byl zasl\u00e1n m\u00e9di\u00edm a p\u016fvodn\u011b zve\u0159ejn\u011bn na jist\u00e9 fanou\u0161kovsk\u00e9 str\u00e1nce, pln\u00fd frustrace, ale tak\u00e9 fakt\u016f, kter\u00fd st\u00e1l za p\u0159eklad.<\/h4>\n<p>V\u00e1\u017een\u00ed p\u00e1nov\u00e9,<\/p>\n<p>P\u00ed\u0161i v\u00e1m v nad\u011bji, \u017ee pom\u016f\u017eete Evertonu a jeho fanou\u0161k\u016fm s nesn\u00e1zemi, kter\u00fdm n\u00e1\u0161 slavn\u00fd klub \u010del\u00ed. Je dok\u00e1zan\u00fdm faktem, \u017ee na\u0161e sou\u010dasn\u00e9 veden\u00ed, obzvl\u00e1\u0161t\u011b n\u00e1\u0161 p\u0159edseda Bill Kenwright, m\u00e1 historii plnou oklam\u00e1n\u00ed a zav\u00e1d\u011bn\u00ed na\u0161ich fanou\u0161k\u016f a jejich reakce na prodej kl\u00ed\u010dov\u00e9ho hr\u00e1\u010de Mikela Artety k zahn\u00e1n\u00ed tohoto pocitu nep\u0159isp\u011bla.<\/p>\n<p>Den\u00edk Liverpool Echo byl p\u0159inucen k omluv\u011b za &#8222;poskytov\u00e1n\u00ed myln\u00fdch dojm\u016f&#8220; v ot\u00e1zce kam zmizely pen\u00edze za Mikela Artetu. P\u0159edseda Bill Kenwright a \u0159editel Robert Elstone na\u0161im nejv\u00e1\u0161niv\u011bj\u0161\u00edm fanou\u0161k\u016fm v Anglii nazna\u010dili, \u017ee tyto finance budou k dispozici v lednov\u00e9m p\u0159estupn\u00edm term\u00ednu. P\u0159edv\u00eddateln\u011b n\u00e1\u0161 mana\u017eer David Moyes potvrdil, \u017ee tomu tak nen\u00ed, jak ned\u00e1vno ozn\u00e1mil.<em> \u201eMysl\u00edm, \u017ee to nebude pravda\u00a0<\/em>(utr\u00e1cen\u00ed pen\u011bz za Artetu)<em>. Ka\u017ed\u00fd musel tehdy v\u011bd\u011bt, \u017ee banka ty pen\u00edze cht\u011bla. Lid\u00e9 to v\u011bd\u011bli.\u201c<\/em><\/p>\n<p>Jako \u017eurnalist\u00e9 se asi pt\u00e1te, pro\u010d nepo\u017e\u00e1d\u00e1me zm\u00edn\u011bn\u00e9 Liverpool Echo o pomoc? Pravdou je, \u017ee ti, kte\u0159\u00ed protestovali kv\u016fli \u00fapadku Evertonu, se sna\u017eili s Echem spolupracovat. Obsah\u00a0<a href=\"http:\/\/www.toffeeweb.com\/season\/11-12\/news\/19668.html\" target=\"_blank\" rel=\"noopener\">email\u016f<\/a>, ned\u00e1vno uniknut\u00fdch k o\u010d\u00edm fanou\u0161k\u016fm, napov\u00eddaly o \u00fastupn\u00e9m vztahu, co\u017e se nyn\u00ed teprve za\u010d\u00edn\u00e1 podobat autenti\u010dt\u011bj\u0161\u00edmu novin\u00e1\u0159sk\u00e9mu postoji publikac\u00ed \u010dl\u00e1nku, jeho\u017e autorem je \u0161\u00e9fredaktor sportovn\u00ed redakce,\u00a0<a href=\"http:\/\/www.liverpoolecho.co.uk\/everton-fc\/everton-fc-news\/2012\/01\/13\/dave-prentice-why-it-s-the-everton-fc-fans-who-really-deserve-an-apology-100252-30113321\/\" target=\"_blank\" rel=\"noopener\">David Prentice<\/a>.<\/p>\n<p>Do zve\u0159ejn\u011bn\u00ed tohoto \u010dl\u00e1nku Bill Kenwright v\u011b\u0159il, \u017ee je nedotknuteln\u00fd a naprosto osvobozen\u00fd od ve\u0161ker\u00e9 viny za sou\u010dasn\u00fd stav Evertonu. Fanou\u0161ci a nyn\u00ed mo\u017en\u00e1 i sekce m\u00e9di\u00ed za\u010d\u00ednaj\u00ed rozum\u011bt t\u011bm probl\u00e9m\u016fm. Stejn\u00fdm probl\u00e9m\u016fm, kter\u00e9 vyzved\u00e1vaj\u00ed protestuj\u00edc\u00ed fanou\u0161ci, co\u017e lze vid\u011bt\u00a0<a href=\"http:\/\/peoplesgroup.wordpress.com\/2012\/01\/09\/your-blue-union-have-really-betrayed-this-club\/\" target=\"_blank\" rel=\"noopener\">zde<\/a>.<\/p>\n<p>Ka\u017ed\u00e9ho, kdo \u010dte tento \u010dl\u00e1nek, bych poprosil, aby za\u010dal vyv\u00edjet podn\u011bty sm\u011brem k veden\u00ed Evertonu. Pokl\u00e1dejte tyto relevantn\u00ed ot\u00e1zky, na kter\u00e9 si fanou\u0161ci zaslou\u017e\u00ed zn\u00e1t odpov\u011bdi. V minulosti m\u00e9dia na\u0161eho p\u0159edsedu vyobrazovala jako star\u00e9ho chud\u00e1\u010dka Billa, fanatick\u00e9ho fanou\u0161ka, d\u011blaj\u00edc\u00edho maximum. Up\u0159\u00edmn\u011b, n\u011bco takov\u00e9ho je absurdn\u00ed, jak jak\u00fdkoliv slu\u0161n\u00fd novin\u00e1\u0159 zjist\u00ed. Je tu neuv\u011b\u0159iteln\u011b komplexn\u00ed p\u0159\u00edb\u011bh a n\u011bjak\u00fd skv\u011bl\u00fd novin\u00e1\u0159 jej jednoho dne zve\u0159ejn\u00ed.<\/p>\n<p>Pod dvan\u00e1ctilet\u00fdm veden\u00edm Billa Kenwrighta zaznamenal Everton Football Club 18milionov\u00fd zisk z prodeje hr\u00e1\u010d\u016f. M\u00e1me z\u00e1pornou \u00fa\u010detn\u00ed rozvahu, 55 milion\u016f liber z ceny klubu u\u017e zmizelo a n\u00e1\u0161 dluh se v\u00edce ne\u017e zdvojn\u00e1sobil. Pro klub na\u0161\u00ed velikosti je to naprosto \u0161okuj\u00edc\u00ed.<\/p>\n<p>Pod mana\u017eerem Davidem Moyesem Everton pravideln\u011b fini\u0161uje v prvn\u00ed osmi\u010dce. B\u011bhem posledn\u00edch deseti let byl ve fin\u00e1le FA Cupu, hr\u00e1l v Evrop\u011b, ale p\u0159esto vyk\u00e1zal zisk m\u011b\u0159iteln\u00e9 hodnoty pouze jednou, a to d\u00edky prodeji Wayna Rooneyho. Co se Rooneyho t\u00fd\u010de, dal\u0161\u00ed holou p\u0159edsedovou l\u017e\u00ed bylo, kdy\u017e sleduj\u00edc\u00edmu sv\u011btu pov\u011bd\u011bl, \u017ee mlad\u00edka neprod\u00e1 ani za 50 milion\u016f, jak si sami m\u016f\u017eete p\u0159e\u010d\u00edst ve\u00a0<a href=\"http:\/\/news.bbc.co.uk\/sport2\/hi\/football\/teams\/e\/everton\/3822981.stm\" target=\"_blank\" rel=\"noopener\">zpr\u00e1v\u011b BBC<\/a>.<\/p>\n<p>N\u00e1sleduje seznam selh\u00e1n\u00ed a l\u017e\u00ed, kter\u00e9 m\u00e1 p\u0159edseda Bill Kenwright na sv\u011bdom\u00ed. Jsou skute\u010dn\u011b alarmuj\u00edc\u00ed.<\/p>\n<p>Pen\u00edze na projekt\u00a0<a href=\"http:\/\/www.telegraph.co.uk\/sport\/football\/3009397\/Evertons-stadium-fit-for-a-king.html\" target=\"_blank\" rel=\"noopener\">Kings Dock.<\/a><\/p>\n<p><a href=\"http:\/\/en.wikipedia.org\/wiki\/Alex_Nyarko\" target=\"_blank\" rel=\"noopener\">Podeps\u00e1n\u00ed Alexe Nyarka na p\u011bt let, zaji\u0161t\u011bn\u00ed pracovn\u00edho povolen\u00ed v\u0161ak jen \u010dty\u0159i roky.<\/a><\/p>\n<p><a href=\"http:\/\/news.bbc.co.uk\/sport2\/hi\/football\/teams\/e\/everton\/4072101.stm\" target=\"_blank\" rel=\"noopener\">Investice od Fortress Sports Fund budou v bance do pond\u011bl\u00ed.<\/a><\/p>\n<p><a href=\"http:\/\/news.bbc.co.uk\/sport2\/hi\/football\/teams\/e\/everton\/8379839.stm\" target=\"_blank\" rel=\"noopener\">Kirkby fiasko.<\/a><\/p>\n<p><a href=\"http:\/\/www.youtube.com\/watch?v=G7HQFLkxr2g\" target=\"_blank\" rel=\"noopener\">Goodison nespln\u00ed certifik\u00e1t bezpe\u010dnosti.<\/a><\/p>\n<p><a href=\"http:\/\/www.guardian.co.uk\/sport\/2011\/sep\/19\/everton-broadcast-income-mortgage\" target=\"_blank\" rel=\"noopener\">Dal\u0161\u00ed l\u017ei o pen\u011bz\u00edch.<\/a><\/p>\n<p>V posledn\u00edm odkazu si pov\u0161imn\u011bte vyj\u00e1d\u0159en\u00ed \u201cJe nemo\u017en\u00e9 vid\u011bt, kdo stoj\u00ed za Vibrac Corporation\u201c. P\u0159izn\u00e1v\u00e1m, \u017ee ka\u017ed\u00fd miluje dobrou konspiraci, nicm\u00e9n\u011b tady by se pro investigativn\u00edho novin\u00e1\u0159e mo\u017en\u00e1 v\u011bci mohly ubrat trochu zaj\u00edmav\u011bj\u0161\u00edm sm\u011brem.<\/p>\n<p>Toto je \u010dl\u00e1nek o \u00fadajn\u00e9m \u010dlenovi veden\u00ed,\u00a0<a href=\"http:\/\/en.wikipedia.org\/wiki\/Robert_Earl\" target=\"_blank\" rel=\"noopener\">Robertu Earlovi<\/a>. Sje\u010fte my\u0161\u00ed dol\u016f a spat\u0159\u00edte \u010d\u00e1st o BCR Sports. \u00dadajn\u011b jde o spole\u010dnost Roberta Earla, s\u00eddl\u00edc\u00ed na Britsk\u00fdch Panensk\u00fdch Ostrovech. Po\u0159\u00e1d nejste p\u0159esv\u011bd\u010deni? Kdy\u017e Robert Earl zakoupil sv\u016fj 23% pod\u00edl, hned vyjasnil, \u017ee nem\u00e1 \u017e\u00e1dn\u00e9 \u00famysly poskytnout mana\u017eerovi pen\u00edze na posily nebo hledat nov\u00fd stadion. O co mu tedy jde? BCR a Vibrac ob\u011b s\u00eddl\u00ed na Britsk\u00fdch Panensk\u00fdch Ostrovech. Je nemo\u017en\u00e9 \u0159\u00edct, kdo je za Vibracem. Je mo\u017en\u00e9, \u017ee jak Robert Earl a Phillip Green hraj\u00ed jako lichv\u00e1\u0159i? Na zah\u00e1jen\u00ed pro\u0161et\u0159ov\u00e1n\u00ed to ur\u010dit\u011b sta\u010d\u00ed. A pro\u010d Phillip Green? Viz n\u00e1sleduj\u00edc\u00ed odkaz.<\/p>\n<p><a href=\"http:\/\/news.bbc.co.uk\/sport2\/hi\/football\/teams\/e\/everton\/7532345.stm\" target=\"_blank\" rel=\"noopener\">news.bbc.co.uk\/sport2\/hi\/football\/teams\/e\/everton\/7532345.stm<\/a><\/p>\n<p><a href=\"http:\/\/www.guardian.co.uk\/football\/2010\/jul\/07\/dan-gosling-everton-free-agent\" target=\"_blank\" rel=\"noopener\">Af\u00e9ra s Danem Goslingem<\/a><\/p>\n<p><a href=\"http:\/\/news.bbc.co.uk\/sport2\/hi\/football\/teams\/e\/everton\/8209088.stm\" target=\"_blank\" rel=\"noopener\">Af\u00e9ra s Everem Banegou<\/a><\/p>\n<p>A to v\u0161echno p\u0159esto, \u017ee Ever Banega nem\u011bl o z\u00e1jmu Evertonu ani potuchy!<\/p>\n<p><a href=\"http:\/\/www.footballtradedirectory.com\/news\/2011\/october\/proposed-sale-of-finch-farm-causes.html\" target=\"_blank\" rel=\"noopener\">Finch Farm<\/a><\/p>\n<p>Nemus\u00edte b\u00fdt studov\u00e1n\u00ed ekonomov\u00e9, abyste pochopili, \u017ee prodat Finch Farm za 2 miliony a pronaj\u00edmat si jej zp\u011bt za 1.1 milionu ro\u010dn\u011b na pades\u00e1t let, skute\u010dn\u011b moc obchodn\u00edho smyslu ned\u00e1v\u00e1.<\/p>\n<p>Je tu daleko v\u00edce incident\u016f, l\u017e\u00ed a selh\u00e1n\u00ed, kter\u00e9 se v Evertonu ud\u00e1ly a je z\u0159eteln\u00e9, \u017ee v\u011bt\u0161ina z nich je z\u00e1sluhou Billa Kenwrighta. Je sm\u011b\u0161n\u00e9, \u017ee st\u00e1le existuj\u00ed lid\u00e9, kte\u0159\u00ed br\u00e1n\u00ed nebr\u00e1niteln\u00e9. N\u00e1\u0161 klub je v nebezpe\u010d\u00ed a Kenwright JE zodpov\u011bdn\u00fd. Mus\u00ed b\u00fdt \u0159e\u010deno, \u017ee p\u0159edsedovi Evertonu se dost\u00e1v\u00e1 v\u00edce respektu, ne\u017e si zaslou\u017e\u00ed.<\/p>\n<p>V\u011b\u0159\u00edm tomu, \u017ee Bill Kenwright hraje dv\u011b rozd\u00edln\u00e9 role. Roli \u201cnejv\u011bt\u0161\u00edho Evertoniana na sv\u011bt\u011b\u201c, kterou m\u00e9dia ba\u0161t\u00ed a roli toho co se sna\u017e\u00ed ud\u011blat co nejv\u011bt\u0161\u00ed zisk. The Blue Union se sna\u017e\u00ed upozornit na sou\u010dasnou situaci a zat\u00edmco V\u0160ICHNI Evertonians cht\u011bj\u00ed stejnou v\u011bc, n\u011bkte\u0159\u00ed fanou\u0161ci zpochyb\u0148uj\u00ed metody Blue Union, kv\u016fli po\u0161pi\u0148uj\u00edc\u00ed kampani, kterou si proti nim klub vymyslel.<\/p>\n<p>The Blue Union je ve sv\u00fdch po\u010d\u00e1tc\u00edch, vyv\u00edj\u00ed se a stane se siln\u011bj\u0161\u00ed. Upozor\u0148uj\u00ed na nedostatky sou\u010dasn\u00e9ho veden\u00ed nikoliv proto, \u017ee k n\u011bmu c\u00edt\u00ed nen\u00e1vist. Jsou kriti\u010dt\u00ed pro dobro klubu, klubu, kter\u00e9mu fand\u00ed cel\u00fd \u017eivot a budou mu fandit v dobr\u00fdch i \u0161patn\u00fdch \u010dasech. Kritika nele\u017e\u00ed na fiktivn\u00edch \u010dinech, le\u017e\u00ed na z\u00e1klad\u011b dvan\u00e1cti let tvrd\u00fdch FAKT\u016e.<\/p>\n<p>The Blue Union je sv\u011bd\u011bn\u00ed, na kter\u00e9m se Kenwright nem\u016f\u017ee po\u0161kr\u00e1bat, ale p\u011bkn\u011b ho dr\u00e1\u017ed\u00ed. Je na \u010dase, aby na pana Kenwrighta za\u010dala m\u00e9dia vyv\u00edjet tlak. Kam zmizely ty t\u0159i nebo \u010dty\u0159i zainteresovan\u00e9 strany, o kter\u00fdch jsme sly\u0161eli p\u0159ed listopadov\u00fdm protestem? Pokud si pan Kenwright tohle \u010dte, co se t\u00fd\u010de &#8222;zrady klubu&#8220;, d\u0159\u00edve nebo pozd\u011bji bude z\u00e1\u0159iv\u011b jasn\u00e9, kdo klub opravdu zradil. S\u00ed\u0165 se uzav\u00edr\u00e1.<\/p>\n<p style=\"text-align: right;\">Autor: Scotty<\/p>\n<p style=\"text-align: right;\">themerseyjuror.co.uk<\/p>\n","protected":false},"excerpt":{"rendered":"<p>Dopis, kter\u00fd byl zasl\u00e1n m\u00e9di\u00edm a p\u016fvodn\u011b zve\u0159ejn\u011bn na jist\u00e9 fanou\u0161kovsk\u00e9 str\u00e1nce, pln\u00fd frustrace, ale tak\u00e9 fakt\u016f, kter\u00fd st\u00e1l za&hellip;<\/p>\n","protected":false},"author":7,"featured_media":1310,"comment_status":"open","ping_status":"closed","sticky":false,"template":"","format":"standard","meta":{"_eb_attr":"","_monsterinsights_skip_tracking":false,"_monsterinsights_sitenote_active":false,"_monsterinsights_sitenote_note":"","_monsterinsights_sitenote_category":0,"footnotes":""},"categories":[39],"tags":[],"yoast_head":"<!-- This site is optimized with the Yoast SEO plugin v23.4 - https:\/\/yoast.com\/wordpress\/plugins\/seo\/ -->\n<title>Otev\u0159en\u00fd dopis m\u00e9di\u00edm. Kenwright a spol jsou lh\u00e1\u0159i - Official Czech &amp; Slovak Everton Supporters&#039; Club<\/title>\n<meta name=\"robots\" content=\"index, follow, max-snippet:-1, max-image-preview:large, max-video-preview:-1\" \/>\n<link rel=\"canonical\" href=\"https:\/\/evertonfc.cz\/index.php\/2012\/01\/17\/otevreny-dopis-mediim-kenwright-a-spol-jsou-lhari\/\" \/>\n<meta property=\"og:locale\" content=\"cs_CZ\" \/>\n<meta property=\"og:type\" content=\"article\" \/>\n<meta property=\"og:title\" content=\"Otev\u0159en\u00fd dopis m\u00e9di\u00edm. Kenwright a spol jsou lh\u00e1\u0159i - Official Czech &amp; Slovak Everton Supporters&#039; Club\" \/>\n<meta property=\"og:description\" content=\"Dopis, kter\u00fd byl zasl\u00e1n m\u00e9di\u00edm a p\u016fvodn\u011b zve\u0159ejn\u011bn na jist\u00e9 fanou\u0161kovsk\u00e9 str\u00e1nce, pln\u00fd frustrace, ale tak\u00e9 fakt\u016f, kter\u00fd st\u00e1l za&hellip;\" \/>\n<meta property=\"og:url\" content=\"https:\/\/evertonfc.cz\/index.php\/2012\/01\/17\/otevreny-dopis-mediim-kenwright-a-spol-jsou-lhari\/\" \/>\n<meta property=\"og:site_name\" content=\"Official Czech &amp; Slovak Everton Supporters&#039; Club\" \/>\n<meta property=\"article:publisher\" content=\"https:\/\/www.facebook.com\/everton.fans.cz.sk\" \/>\n<meta property=\"article:published_time\" content=\"2012-01-17T16:00:24+00:00\" \/>\n<meta property=\"article:modified_time\" content=\"2019-02-17T16:03:19+00:00\" \/>\n<meta property=\"og:image\" content=\"https:\/\/evertonfc.cz\/wp-content\/uploads\/2019\/01\/blog.jpg\" \/>\n\t<meta property=\"og:image:width\" content=\"720\" \/>\n\t<meta property=\"og:image:height\" content=\"405\" \/>\n\t<meta property=\"og:image:type\" content=\"image\/jpeg\" \/>\n<meta name=\"author\" content=\"Me\u0148a\" \/>\n<meta name=\"twitter:card\" content=\"summary_large_image\" \/>\n<meta name=\"twitter:label1\" content=\"Napsal(a)\" \/>\n\t<meta name=\"twitter:data1\" content=\"Me\u0148a\" \/>\n\t<meta name=\"twitter:label2\" content=\"Odhadovan\u00e1 doba \u010dten\u00ed\" \/>\n\t<meta name=\"twitter:data2\" content=\"6 minut\" \/>\n<script type=\"application\/ld+json\" class=\"yoast-schema-graph\">{\"@context\":\"https:\/\/schema.org\",\"@graph\":[{\"@type\":\"Article\",\"@id\":\"https:\/\/evertonfc.cz\/index.php\/2012\/01\/17\/otevreny-dopis-mediim-kenwright-a-spol-jsou-lhari\/#article\",\"isPartOf\":{\"@id\":\"https:\/\/evertonfc.cz\/index.php\/2012\/01\/17\/otevreny-dopis-mediim-kenwright-a-spol-jsou-lhari\/\"},\"author\":{\"name\":\"Me\u0148a\",\"@id\":\"https:\/\/evertonfc.cz\/#\/schema\/person\/cd6328a75577de2add7793fd4b0930c3\"},\"headline\":\"Otev\u0159en\u00fd dopis m\u00e9di\u00edm. Kenwright a spol jsou lh\u00e1\u0159i\",\"datePublished\":\"2012-01-17T16:00:24+00:00\",\"dateModified\":\"2019-02-17T16:03:19+00:00\",\"mainEntityOfPage\":{\"@id\":\"https:\/\/evertonfc.cz\/index.php\/2012\/01\/17\/otevreny-dopis-mediim-kenwright-a-spol-jsou-lhari\/\"},\"wordCount\":1253,\"commentCount\":0,\"publisher\":{\"@id\":\"https:\/\/evertonfc.cz\/#organization\"},\"image\":{\"@id\":\"https:\/\/evertonfc.cz\/index.php\/2012\/01\/17\/otevreny-dopis-mediim-kenwright-a-spol-jsou-lhari\/#primaryimage\"},\"thumbnailUrl\":\"https:\/\/evertonfc.cz\/wp-content\/uploads\/2019\/01\/blog.jpg\",\"articleSection\":[\"Blog\"],\"inLanguage\":\"cs\",\"potentialAction\":[{\"@type\":\"CommentAction\",\"name\":\"Comment\",\"target\":[\"https:\/\/evertonfc.cz\/index.php\/2012\/01\/17\/otevreny-dopis-mediim-kenwright-a-spol-jsou-lhari\/#respond\"]}]},{\"@type\":\"WebPage\",\"@id\":\"https:\/\/evertonfc.cz\/index.php\/2012\/01\/17\/otevreny-dopis-mediim-kenwright-a-spol-jsou-lhari\/\",\"url\":\"https:\/\/evertonfc.cz\/index.php\/2012\/01\/17\/otevreny-dopis-mediim-kenwright-a-spol-jsou-lhari\/\",\"name\":\"Otev\u0159en\u00fd dopis m\u00e9di\u00edm. Kenwright a spol jsou lh\u00e1\u0159i - Official Czech &amp; Slovak Everton Supporters&#039; Club\",\"isPartOf\":{\"@id\":\"https:\/\/evertonfc.cz\/#website\"},\"primaryImageOfPage\":{\"@id\":\"https:\/\/evertonfc.cz\/index.php\/2012\/01\/17\/otevreny-dopis-mediim-kenwright-a-spol-jsou-lhari\/#primaryimage\"},\"image\":{\"@id\":\"https:\/\/evertonfc.cz\/index.php\/2012\/01\/17\/otevreny-dopis-mediim-kenwright-a-spol-jsou-lhari\/#primaryimage\"},\"thumbnailUrl\":\"https:\/\/evertonfc.cz\/wp-content\/uploads\/2019\/01\/blog.jpg\",\"datePublished\":\"2012-01-17T16:00:24+00:00\",\"dateModified\":\"2019-02-17T16:03:19+00:00\",\"breadcrumb\":{\"@id\":\"https:\/\/evertonfc.cz\/index.php\/2012\/01\/17\/otevreny-dopis-mediim-kenwright-a-spol-jsou-lhari\/#breadcrumb\"},\"inLanguage\":\"cs\",\"potentialAction\":[{\"@type\":\"ReadAction\",\"target\":[\"https:\/\/evertonfc.cz\/index.php\/2012\/01\/17\/otevreny-dopis-mediim-kenwright-a-spol-jsou-lhari\/\"]}]},{\"@type\":\"ImageObject\",\"inLanguage\":\"cs\",\"@id\":\"https:\/\/evertonfc.cz\/index.php\/2012\/01\/17\/otevreny-dopis-mediim-kenwright-a-spol-jsou-lhari\/#primaryimage\",\"url\":\"https:\/\/evertonfc.cz\/wp-content\/uploads\/2019\/01\/blog.jpg\",\"contentUrl\":\"https:\/\/evertonfc.cz\/wp-content\/uploads\/2019\/01\/blog.jpg\",\"width\":720,\"height\":405},{\"@type\":\"BreadcrumbList\",\"@id\":\"https:\/\/evertonfc.cz\/index.php\/2012\/01\/17\/otevreny-dopis-mediim-kenwright-a-spol-jsou-lhari\/#breadcrumb\",\"itemListElement\":[{\"@type\":\"ListItem\",\"position\":1,\"name\":\"Home\",\"item\":\"https:\/\/evertonfc.cz\/\"},{\"@type\":\"ListItem\",\"position\":2,\"name\":\"Otev\u0159en\u00fd dopis m\u00e9di\u00edm. Kenwright a spol jsou lh\u00e1\u0159i\"}]},{\"@type\":\"WebSite\",\"@id\":\"https:\/\/evertonfc.cz\/#website\",\"url\":\"https:\/\/evertonfc.cz\/\",\"name\":\"Official Czech &amp; Slovak Everton Supporters&#039; Club\",\"description\":\"\",\"publisher\":{\"@id\":\"https:\/\/evertonfc.cz\/#organization\"},\"potentialAction\":[{\"@type\":\"SearchAction\",\"target\":{\"@type\":\"EntryPoint\",\"urlTemplate\":\"https:\/\/evertonfc.cz\/?s={search_term_string}\"},\"query-input\":{\"@type\":\"PropertyValueSpecification\",\"valueRequired\":true,\"valueName\":\"search_term_string\"}}],\"inLanguage\":\"cs\"},{\"@type\":\"Organization\",\"@id\":\"https:\/\/evertonfc.cz\/#organization\",\"name\":\"Official Czech & Slovak Everton Supporters' Club\",\"url\":\"https:\/\/evertonfc.cz\/\",\"logo\":{\"@type\":\"ImageObject\",\"inLanguage\":\"cs\",\"@id\":\"https:\/\/evertonfc.cz\/#\/schema\/logo\/image\/\",\"url\":\"https:\/\/evertonfc.cz\/wp-content\/uploads\/2019\/05\/logo.png\",\"contentUrl\":\"https:\/\/evertonfc.cz\/wp-content\/uploads\/2019\/05\/logo.png\",\"width\":112,\"height\":112,\"caption\":\"Official Czech & Slovak Everton Supporters' Club\"},\"image\":{\"@id\":\"https:\/\/evertonfc.cz\/#\/schema\/logo\/image\/\"},\"sameAs\":[\"https:\/\/www.facebook.com\/everton.fans.cz.sk\"]},{\"@type\":\"Person\",\"@id\":\"https:\/\/evertonfc.cz\/#\/schema\/person\/cd6328a75577de2add7793fd4b0930c3\",\"name\":\"Me\u0148a\",\"url\":\"https:\/\/evertonfc.cz\/index.php\/author\/mena\/\"}]}<\/script>\n<!-- \/ Yoast SEO plugin. -->","yoast_head_json":{"title":"Otev\u0159en\u00fd dopis m\u00e9di\u00edm. Kenwright a spol jsou lh\u00e1\u0159i - Official Czech &amp; Slovak Everton Supporters&#039; Club","robots":{"index":"index","follow":"follow","max-snippet":"max-snippet:-1","max-image-preview":"max-image-preview:large","max-video-preview":"max-video-preview:-1"},"canonical":"https:\/\/evertonfc.cz\/index.php\/2012\/01\/17\/otevreny-dopis-mediim-kenwright-a-spol-jsou-lhari\/","og_locale":"cs_CZ","og_type":"article","og_title":"Otev\u0159en\u00fd dopis m\u00e9di\u00edm. Kenwright a spol jsou lh\u00e1\u0159i - Official Czech &amp; Slovak Everton Supporters&#039; Club","og_description":"Dopis, kter\u00fd byl zasl\u00e1n m\u00e9di\u00edm a p\u016fvodn\u011b zve\u0159ejn\u011bn na jist\u00e9 fanou\u0161kovsk\u00e9 str\u00e1nce, pln\u00fd frustrace, ale tak\u00e9 fakt\u016f, kter\u00fd st\u00e1l za&hellip;","og_url":"https:\/\/evertonfc.cz\/index.php\/2012\/01\/17\/otevreny-dopis-mediim-kenwright-a-spol-jsou-lhari\/","og_site_name":"Official Czech &amp; Slovak Everton Supporters&#039; Club","article_publisher":"https:\/\/www.facebook.com\/everton.fans.cz.sk","article_published_time":"2012-01-17T16:00:24+00:00","article_modified_time":"2019-02-17T16:03:19+00:00","og_image":[{"width":720,"height":405,"url":"https:\/\/evertonfc.cz\/wp-content\/uploads\/2019\/01\/blog.jpg","type":"image\/jpeg"}],"author":"Me\u0148a","twitter_card":"summary_large_image","twitter_misc":{"Napsal(a)":"Me\u0148a","Odhadovan\u00e1 doba \u010dten\u00ed":"6 minut"},"schema":{"@context":"https:\/\/schema.org","@graph":[{"@type":"Article","@id":"https:\/\/evertonfc.cz\/index.php\/2012\/01\/17\/otevreny-dopis-mediim-kenwright-a-spol-jsou-lhari\/#article","isPartOf":{"@id":"https:\/\/evertonfc.cz\/index.php\/2012\/01\/17\/otevreny-dopis-mediim-kenwright-a-spol-jsou-lhari\/"},"author":{"name":"Me\u0148a","@id":"https:\/\/evertonfc.cz\/#\/schema\/person\/cd6328a75577de2add7793fd4b0930c3"},"headline":"Otev\u0159en\u00fd dopis m\u00e9di\u00edm. Kenwright a spol jsou lh\u00e1\u0159i","datePublished":"2012-01-17T16:00:24+00:00","dateModified":"2019-02-17T16:03:19+00:00","mainEntityOfPage":{"@id":"https:\/\/evertonfc.cz\/index.php\/2012\/01\/17\/otevreny-dopis-mediim-kenwright-a-spol-jsou-lhari\/"},"wordCount":1253,"commentCount":0,"publisher":{"@id":"https:\/\/evertonfc.cz\/#organization"},"image":{"@id":"https:\/\/evertonfc.cz\/index.php\/2012\/01\/17\/otevreny-dopis-mediim-kenwright-a-spol-jsou-lhari\/#primaryimage"},"thumbnailUrl":"https:\/\/evertonfc.cz\/wp-content\/uploads\/2019\/01\/blog.jpg","articleSection":["Blog"],"inLanguage":"cs","potentialAction":[{"@type":"CommentAction","name":"Comment","target":["https:\/\/evertonfc.cz\/index.php\/2012\/01\/17\/otevreny-dopis-mediim-kenwright-a-spol-jsou-lhari\/#respond"]}]},{"@type":"WebPage","@id":"https:\/\/evertonfc.cz\/index.php\/2012\/01\/17\/otevreny-dopis-mediim-kenwright-a-spol-jsou-lhari\/","url":"https:\/\/evertonfc.cz\/index.php\/2012\/01\/17\/otevreny-dopis-mediim-kenwright-a-spol-jsou-lhari\/","name":"Otev\u0159en\u00fd dopis m\u00e9di\u00edm. Kenwright a spol jsou lh\u00e1\u0159i - Official Czech &amp; Slovak Everton Supporters&#039; Club","isPartOf":{"@id":"https:\/\/evertonfc.cz\/#website"},"primaryImageOfPage":{"@id":"https:\/\/evertonfc.cz\/index.php\/2012\/01\/17\/otevreny-dopis-mediim-kenwright-a-spol-jsou-lhari\/#primaryimage"},"image":{"@id":"https:\/\/evertonfc.cz\/index.php\/2012\/01\/17\/otevreny-dopis-mediim-kenwright-a-spol-jsou-lhari\/#primaryimage"},"thumbnailUrl":"https:\/\/evertonfc.cz\/wp-content\/uploads\/2019\/01\/blog.jpg","datePublished":"2012-01-17T16:00:24+00:00","dateModified":"2019-02-17T16:03:19+00:00","breadcrumb":{"@id":"https:\/\/evertonfc.cz\/index.php\/2012\/01\/17\/otevreny-dopis-mediim-kenwright-a-spol-jsou-lhari\/#breadcrumb"},"inLanguage":"cs","potentialAction":[{"@type":"ReadAction","target":["https:\/\/evertonfc.cz\/index.php\/2012\/01\/17\/otevreny-dopis-mediim-kenwright-a-spol-jsou-lhari\/"]}]},{"@type":"ImageObject","inLanguage":"cs","@id":"https:\/\/evertonfc.cz\/index.php\/2012\/01\/17\/otevreny-dopis-mediim-kenwright-a-spol-jsou-lhari\/#primaryimage","url":"https:\/\/evertonfc.cz\/wp-content\/uploads\/2019\/01\/blog.jpg","contentUrl":"https:\/\/evertonfc.cz\/wp-content\/uploads\/2019\/01\/blog.jpg","width":720,"height":405},{"@type":"BreadcrumbList","@id":"https:\/\/evertonfc.cz\/index.php\/2012\/01\/17\/otevreny-dopis-mediim-kenwright-a-spol-jsou-lhari\/#breadcrumb","itemListElement":[{"@type":"ListItem","position":1,"name":"Home","item":"https:\/\/evertonfc.cz\/"},{"@type":"ListItem","position":2,"name":"Otev\u0159en\u00fd dopis m\u00e9di\u00edm. Kenwright a spol jsou lh\u00e1\u0159i"}]},{"@type":"WebSite","@id":"https:\/\/evertonfc.cz\/#website","url":"https:\/\/evertonfc.cz\/","name":"Official Czech &amp; Slovak Everton Supporters&#039; Club","description":"","publisher":{"@id":"https:\/\/evertonfc.cz\/#organization"},"potentialAction":[{"@type":"SearchAction","target":{"@type":"EntryPoint","urlTemplate":"https:\/\/evertonfc.cz\/?s={search_term_string}"},"query-input":{"@type":"PropertyValueSpecification","valueRequired":true,"valueName":"search_term_string"}}],"inLanguage":"cs"},{"@type":"Organization","@id":"https:\/\/evertonfc.cz\/#organization","name":"Official Czech & Slovak Everton Supporters' Club","url":"https:\/\/evertonfc.cz\/","logo":{"@type":"ImageObject","inLanguage":"cs","@id":"https:\/\/evertonfc.cz\/#\/schema\/logo\/image\/","url":"https:\/\/evertonfc.cz\/wp-content\/uploads\/2019\/05\/logo.png","contentUrl":"https:\/\/evertonfc.cz\/wp-content\/uploads\/2019\/05\/logo.png","width":112,"height":112,"caption":"Official Czech & Slovak Everton Supporters' Club"},"image":{"@id":"https:\/\/evertonfc.cz\/#\/schema\/logo\/image\/"},"sameAs":["https:\/\/www.facebook.com\/everton.fans.cz.sk"]},{"@type":"Person","@id":"https:\/\/evertonfc.cz\/#\/schema\/person\/cd6328a75577de2add7793fd4b0930c3","name":"Me\u0148a","url":"https:\/\/evertonfc.cz\/index.php\/author\/mena\/"}]}},"_links":{"self":[{"href":"https:\/\/evertonfc.cz\/index.php\/wp-json\/wp\/v2\/posts\/6101"}],"collection":[{"href":"https:\/\/evertonfc.cz\/index.php\/wp-json\/wp\/v2\/posts"}],"about":[{"href":"https:\/\/evertonfc.cz\/index.php\/wp-json\/wp\/v2\/types\/post"}],"author":[{"embeddable":true,"href":"https:\/\/evertonfc.cz\/index.php\/wp-json\/wp\/v2\/users\/7"}],"replies":[{"embeddable":true,"href":"https:\/\/evertonfc.cz\/index.php\/wp-json\/wp\/v2\/comments?post=6101"}],"version-history":[{"count":1,"href":"https:\/\/evertonfc.cz\/index.php\/wp-json\/wp\/v2\/posts\/6101\/revisions"}],"predecessor-version":[{"id":6106,"href":"https:\/\/evertonfc.cz\/index.php\/wp-json\/wp\/v2\/posts\/6101\/revisions\/6106"}],"wp:featuredmedia":[{"embeddable":true,"href":"https:\/\/evertonfc.cz\/index.php\/wp-json\/wp\/v2\/media\/1310"}],"wp:attachment":[{"href":"https:\/\/evertonfc.cz\/index.php\/wp-json\/wp\/v2\/media?parent=6101"}],"wp:term":[{"taxonomy":"category","embeddable":true,"href":"https:\/\/evertonfc.cz\/index.php\/wp-json\/wp\/v2\/categories?post=6101"},{"taxonomy":"post_tag","embeddable":true,"href":"https:\/\/evertonfc.cz\/index.php\/wp-json\/wp\/v2\/tags?post=6101"}],"curies":[{"name":"wp","href":"https:\/\/api.w.org\/{rel}","templated":true}]}}