{"id":6105,"date":"2012-10-17T17:02:50","date_gmt":"2012-10-17T15:02:50","guid":{"rendered":"http:\/\/evertonfc.cz\/?p=6105"},"modified":"2019-02-17T18:09:43","modified_gmt":"2019-02-17T17:09:43","slug":"sheedy-zpet-v-akci","status":"publish","type":"post","link":"https:\/\/evertonfc.cz\/index.php\/2012\/10\/17\/sheedy-zpet-v-akci\/","title":{"rendered":"Sheedy zp\u011bt v akci"},"content":{"rendered":"<h4 id=\"NewsPostDetailSummary\">Tr\u00e9n\u00e9r v\u00fdb\u011bru Evertonu do osmn\u00e1cti let a takt\u00e9\u017e legenda klubu, Kevin Sheedy, se po \u00fasp\u011b\u0161n\u00e9m boji s rakovinou znovu zapojil do d\u011bn\u00ed na Finch Farm.<\/h4>\n<div id=\"NewsPostDetailContent\">\n<p>Sheedymu na konci srpna l\u00e9ka\u0159i diagnostikovali rakovinu tlust\u00e9ho st\u0159eva, u\u017e o m\u011bs\u00edc pozd\u011bji podstoupil operaci a po dal\u0161\u00edch dvou t\u00fddnech jeho rekonvalescence pokro\u010dila natolik, \u017ee se mohl vr\u00e1tit zp\u00e1tky k tr\u00e9nov\u00e1n\u00ed.<\/p>\n<p>Dvaapades\u00e1tilet\u00e1 ikona Toffees se ohl\u00ed\u017e\u00ed za kr\u00e1tkou ale zcela ur\u010dit\u011b nep\u0159\u00edjemnou pas\u00e1\u017e\u00ed sv\u00e9ho \u017eivota: <em>\u201eOd pond\u011bl\u00ed jsem op\u011bt v pracovn\u00edm procesu, je\u0161t\u011b v\u0161ak nikoliv v pln\u00e9m zat\u00ed\u017een\u00ed. Pom\u00e1h\u00e1 mi Duncan Ferguson, d\u011bl\u00edme si \u00fakoly.<\/em><\/p>\n<p><em>\u201eJe skv\u011bl\u00e9 se vr\u00e1tit, c\u00edt\u00edm se jako na startu v nov\u00e9m klubu. Pro\u017eil jsem si, co jsem si pro\u017eil, p\u0159ekonal jsem to a nyn\u00ed jsem opravdu r\u00e1d \u2013 mohu b\u00fdt na m\u00e9m milovan\u00e9m m\u00edst\u011b a tr\u00e9novat hr\u00e1\u010de.<\/em><\/p>\n<p><em>Hodnot\u00edm to jako trochu divok\u00e9 obdob\u00ed a tak\u00e9 malinko neskute\u010dn\u00e9. V\u0161e se seb\u011bhlo toti\u017e stra\u0161n\u011b rychle, okam\u017eit\u011b jsem podstoupil operaci a n\u00e1sledn\u011b se uzdravoval. Prost\u011b to vypad\u00e1, jako kdyby se nic nestalo. Jen\u017ee stalo. A j\u00e1 jsem m\u011bl hodn\u011b, hodn\u011b \u0161t\u011bst\u00ed, jeliko\u017e se poda\u0159ilo odhalit rakovinu je\u0161t\u011b v z\u00e1rodku, dostalo se mi v\u00fdborn\u00e9 p\u00e9\u010de ze strany chirurga a v\u0161ech zam\u011bstnanc\u016f. V tomto ohledu jsem opravdu d\u00edt\u011b \u0161t\u011bst\u011bny.\u201c<\/em><\/p>\n<p>Napo\u010d\u00edtali bychom tis\u00edce zpr\u00e1v od fanou\u0161k\u016f a nav\u00edc v utk\u00e1n\u00ed s Aston Villou, kr\u00e1tce po zji\u0161t\u011bn\u00ed rakoviny, p\u0159\u00edznivci prozp\u011bvovali jm\u00e9no Kevina Sheedyho, jen\u017e byl ohromnou podporou dojat. <em>\u201eFanou\u0161ci se chovali \u00fa\u017easn\u011b, pro m\u011b \u0161lo o po\u0159\u00e1dnou vzpruhu. Podporovali m\u011b lid\u00e9 z prost\u0159ed\u00ed fotbalu i mimo n\u011bj. Kdy\u017e vezmu v potaz v\u0161echny dopisy a zpr\u00e1vy, neuv\u011b\u0159iteln\u00e9.<\/em><\/p>\n<p><em>Bohu\u017eel nelze odpov\u011bd\u011bt v\u0161em lidem jednotliv\u011b, tak\u017ee hluboce d\u011bkuji v\u0161em. Ka\u017ed\u00fd dopis mi dodal kur\u00e1\u017ee a zpr\u00e1vy od lid\u00ed, kte\u0159\u00ed prod\u011blali podobnou nemoc a zv\u00edt\u011bzili nad n\u00ed, mi pomohly. Doneslo se mi o chor\u00e1lech na Aston Ville, t\u00e9\u017e hluboce d\u011bkuji. Je hezk\u00e9 utknout v pam\u011bti a my\u0161lenk\u00e1ch lid\u00ed. \u0160lo o dal\u0161\u00ed d\u016fle\u017eit\u00e9 povzbuzen\u00ed v m\u00e9m \u00fasp\u011b\u0161n\u00e9m boji.<\/em><\/p>\n<p><em>Mohu jenom zopakovat, co jsem \u0159\u00edkal n\u011bkolikr\u00e1t: \u010d\u00edm d\u0159\u00edve se na rakovinu p\u0159ijde, t\u00edm se zv\u011bt\u0161\u00ed \u0161ance na uzdraven\u00ed. Hovo\u0159il jsem s obrovsk\u00fdm mno\u017estv\u00edm lid\u00ed a ti se m\u011b ptali, jak\u00e9 se objevily p\u0159\u00edznaky nemoci. \u010cty\u0159i \u010di p\u011bt osob po rozhovorech se mnou nakonec za\u0161lo ke sv\u00e9mu praktick\u00e9mu l\u00e9ka\u0159i.<\/em><\/p>\n<p><em>Aktu\u00e1ln\u011b jsem spokojen s pobytem na \u010derstv\u00e9m vzduchu a prac\u00ed, kterou zbo\u017e\u0148uji v m\u00e9m milovan\u00e9m klubu.\u201c<\/em><\/p>\n<\/div>\n","protected":false},"excerpt":{"rendered":"<p>Tr\u00e9n\u00e9r v\u00fdb\u011bru Evertonu do osmn\u00e1cti let a takt\u00e9\u017e legenda klubu, Kevin Sheedy, se po \u00fasp\u011b\u0161n\u00e9m boji s rakovinou znovu zapojil&hellip;<\/p>\n","protected":false},"author":6,"featured_media":1313,"comment_status":"open","ping_status":"closed","sticky":false,"template":"","format":"standard","meta":{"_eb_attr":"","_monsterinsights_skip_tracking":false,"_monsterinsights_sitenote_active":false,"_monsterinsights_sitenote_note":"","_monsterinsights_sitenote_category":0,"footnotes":""},"categories":[42],"tags":[],"yoast_head":"<!-- This site is optimized with the Yoast SEO plugin v23.4 - https:\/\/yoast.com\/wordpress\/plugins\/seo\/ -->\n<title>Sheedy zp\u011bt v akci - Official Czech &amp; Slovak Everton Supporters&#039; Club<\/title>\n<meta name=\"robots\" content=\"index, follow, max-snippet:-1, max-image-preview:large, max-video-preview:-1\" \/>\n<link rel=\"canonical\" href=\"https:\/\/evertonfc.cz\/index.php\/2012\/10\/17\/sheedy-zpet-v-akci\/\" \/>\n<meta property=\"og:locale\" content=\"cs_CZ\" \/>\n<meta property=\"og:type\" content=\"article\" \/>\n<meta property=\"og:title\" content=\"Sheedy zp\u011bt v akci - Official Czech &amp; Slovak Everton Supporters&#039; Club\" \/>\n<meta property=\"og:description\" content=\"Tr\u00e9n\u00e9r v\u00fdb\u011bru Evertonu do osmn\u00e1cti let a takt\u00e9\u017e legenda klubu, Kevin Sheedy, se po \u00fasp\u011b\u0161n\u00e9m boji s rakovinou znovu zapojil&hellip;\" \/>\n<meta property=\"og:url\" content=\"https:\/\/evertonfc.cz\/index.php\/2012\/10\/17\/sheedy-zpet-v-akci\/\" \/>\n<meta property=\"og:site_name\" content=\"Official Czech &amp; Slovak Everton Supporters&#039; Club\" \/>\n<meta property=\"article:publisher\" content=\"https:\/\/www.facebook.com\/everton.fans.cz.sk\" \/>\n<meta property=\"article:published_time\" content=\"2012-10-17T15:02:50+00:00\" \/>\n<meta property=\"article:modified_time\" content=\"2019-02-17T17:09:43+00:00\" \/>\n<meta property=\"og:image\" content=\"https:\/\/evertonfc.cz\/wp-content\/uploads\/2019\/01\/news.jpg\" \/>\n\t<meta property=\"og:image:width\" content=\"720\" \/>\n\t<meta property=\"og:image:height\" content=\"405\" \/>\n\t<meta property=\"og:image:type\" content=\"image\/jpeg\" \/>\n<meta name=\"author\" content=\"Ri\u010di\" \/>\n<meta name=\"twitter:card\" content=\"summary_large_image\" \/>\n<meta name=\"twitter:creator\" content=\"@rbrejsa\" \/>\n<meta name=\"twitter:label1\" content=\"Napsal(a)\" \/>\n\t<meta name=\"twitter:data1\" content=\"Ri\u010di\" \/>\n\t<meta name=\"twitter:label2\" content=\"Odhadovan\u00e1 doba \u010dten\u00ed\" \/>\n\t<meta name=\"twitter:data2\" content=\"3 minuty\" \/>\n<script type=\"application\/ld+json\" class=\"yoast-schema-graph\">{\"@context\":\"https:\/\/schema.org\",\"@graph\":[{\"@type\":\"Article\",\"@id\":\"https:\/\/evertonfc.cz\/index.php\/2012\/10\/17\/sheedy-zpet-v-akci\/#article\",\"isPartOf\":{\"@id\":\"https:\/\/evertonfc.cz\/index.php\/2012\/10\/17\/sheedy-zpet-v-akci\/\"},\"author\":{\"name\":\"Ri\u010di\",\"@id\":\"https:\/\/evertonfc.cz\/#\/schema\/person\/f7a5daedb2ffee98480bc70e191aaef1\"},\"headline\":\"Sheedy zp\u011bt v akci\",\"datePublished\":\"2012-10-17T15:02:50+00:00\",\"dateModified\":\"2019-02-17T17:09:43+00:00\",\"mainEntityOfPage\":{\"@id\":\"https:\/\/evertonfc.cz\/index.php\/2012\/10\/17\/sheedy-zpet-v-akci\/\"},\"wordCount\":512,\"commentCount\":0,\"publisher\":{\"@id\":\"https:\/\/evertonfc.cz\/#organization\"},\"image\":{\"@id\":\"https:\/\/evertonfc.cz\/index.php\/2012\/10\/17\/sheedy-zpet-v-akci\/#primaryimage\"},\"thumbnailUrl\":\"https:\/\/evertonfc.cz\/wp-content\/uploads\/2019\/01\/news.jpg\",\"articleSection\":[\"Aktuality\"],\"inLanguage\":\"cs\",\"potentialAction\":[{\"@type\":\"CommentAction\",\"name\":\"Comment\",\"target\":[\"https:\/\/evertonfc.cz\/index.php\/2012\/10\/17\/sheedy-zpet-v-akci\/#respond\"]}]},{\"@type\":\"WebPage\",\"@id\":\"https:\/\/evertonfc.cz\/index.php\/2012\/10\/17\/sheedy-zpet-v-akci\/\",\"url\":\"https:\/\/evertonfc.cz\/index.php\/2012\/10\/17\/sheedy-zpet-v-akci\/\",\"name\":\"Sheedy zp\u011bt v akci - Official Czech &amp; Slovak Everton Supporters&#039; Club\",\"isPartOf\":{\"@id\":\"https:\/\/evertonfc.cz\/#website\"},\"primaryImageOfPage\":{\"@id\":\"https:\/\/evertonfc.cz\/index.php\/2012\/10\/17\/sheedy-zpet-v-akci\/#primaryimage\"},\"image\":{\"@id\":\"https:\/\/evertonfc.cz\/index.php\/2012\/10\/17\/sheedy-zpet-v-akci\/#primaryimage\"},\"thumbnailUrl\":\"https:\/\/evertonfc.cz\/wp-content\/uploads\/2019\/01\/news.jpg\",\"datePublished\":\"2012-10-17T15:02:50+00:00\",\"dateModified\":\"2019-02-17T17:09:43+00:00\",\"breadcrumb\":{\"@id\":\"https:\/\/evertonfc.cz\/index.php\/2012\/10\/17\/sheedy-zpet-v-akci\/#breadcrumb\"},\"inLanguage\":\"cs\",\"potentialAction\":[{\"@type\":\"ReadAction\",\"target\":[\"https:\/\/evertonfc.cz\/index.php\/2012\/10\/17\/sheedy-zpet-v-akci\/\"]}]},{\"@type\":\"ImageObject\",\"inLanguage\":\"cs\",\"@id\":\"https:\/\/evertonfc.cz\/index.php\/2012\/10\/17\/sheedy-zpet-v-akci\/#primaryimage\",\"url\":\"https:\/\/evertonfc.cz\/wp-content\/uploads\/2019\/01\/news.jpg\",\"contentUrl\":\"https:\/\/evertonfc.cz\/wp-content\/uploads\/2019\/01\/news.jpg\",\"width\":720,\"height\":405},{\"@type\":\"BreadcrumbList\",\"@id\":\"https:\/\/evertonfc.cz\/index.php\/2012\/10\/17\/sheedy-zpet-v-akci\/#breadcrumb\",\"itemListElement\":[{\"@type\":\"ListItem\",\"position\":1,\"name\":\"Home\",\"item\":\"https:\/\/evertonfc.cz\/\"},{\"@type\":\"ListItem\",\"position\":2,\"name\":\"Sheedy zp\u011bt v akci\"}]},{\"@type\":\"WebSite\",\"@id\":\"https:\/\/evertonfc.cz\/#website\",\"url\":\"https:\/\/evertonfc.cz\/\",\"name\":\"Official Czech &amp; Slovak Everton Supporters&#039; Club\",\"description\":\"\",\"publisher\":{\"@id\":\"https:\/\/evertonfc.cz\/#organization\"},\"potentialAction\":[{\"@type\":\"SearchAction\",\"target\":{\"@type\":\"EntryPoint\",\"urlTemplate\":\"https:\/\/evertonfc.cz\/?s={search_term_string}\"},\"query-input\":{\"@type\":\"PropertyValueSpecification\",\"valueRequired\":true,\"valueName\":\"search_term_string\"}}],\"inLanguage\":\"cs\"},{\"@type\":\"Organization\",\"@id\":\"https:\/\/evertonfc.cz\/#organization\",\"name\":\"Official Czech & Slovak Everton Supporters' Club\",\"url\":\"https:\/\/evertonfc.cz\/\",\"logo\":{\"@type\":\"ImageObject\",\"inLanguage\":\"cs\",\"@id\":\"https:\/\/evertonfc.cz\/#\/schema\/logo\/image\/\",\"url\":\"https:\/\/evertonfc.cz\/wp-content\/uploads\/2019\/05\/logo.png\",\"contentUrl\":\"https:\/\/evertonfc.cz\/wp-content\/uploads\/2019\/05\/logo.png\",\"width\":112,\"height\":112,\"caption\":\"Official Czech & Slovak Everton Supporters' Club\"},\"image\":{\"@id\":\"https:\/\/evertonfc.cz\/#\/schema\/logo\/image\/\"},\"sameAs\":[\"https:\/\/www.facebook.com\/everton.fans.cz.sk\"]},{\"@type\":\"Person\",\"@id\":\"https:\/\/evertonfc.cz\/#\/schema\/person\/f7a5daedb2ffee98480bc70e191aaef1\",\"name\":\"Ri\u010di\",\"sameAs\":[\"https:\/\/x.com\/rbrejsa\"],\"url\":\"https:\/\/evertonfc.cz\/index.php\/author\/rici\/\"}]}<\/script>\n<!-- \/ Yoast SEO plugin. -->","yoast_head_json":{"title":"Sheedy zp\u011bt v akci - Official Czech &amp; Slovak Everton Supporters&#039; Club","robots":{"index":"index","follow":"follow","max-snippet":"max-snippet:-1","max-image-preview":"max-image-preview:large","max-video-preview":"max-video-preview:-1"},"canonical":"https:\/\/evertonfc.cz\/index.php\/2012\/10\/17\/sheedy-zpet-v-akci\/","og_locale":"cs_CZ","og_type":"article","og_title":"Sheedy zp\u011bt v akci - Official Czech &amp; Slovak Everton Supporters&#039; Club","og_description":"Tr\u00e9n\u00e9r v\u00fdb\u011bru Evertonu do osmn\u00e1cti let a takt\u00e9\u017e legenda klubu, Kevin Sheedy, se po \u00fasp\u011b\u0161n\u00e9m boji s rakovinou znovu zapojil&hellip;","og_url":"https:\/\/evertonfc.cz\/index.php\/2012\/10\/17\/sheedy-zpet-v-akci\/","og_site_name":"Official Czech &amp; Slovak Everton Supporters&#039; Club","article_publisher":"https:\/\/www.facebook.com\/everton.fans.cz.sk","article_published_time":"2012-10-17T15:02:50+00:00","article_modified_time":"2019-02-17T17:09:43+00:00","og_image":[{"width":720,"height":405,"url":"https:\/\/evertonfc.cz\/wp-content\/uploads\/2019\/01\/news.jpg","type":"image\/jpeg"}],"author":"Ri\u010di","twitter_card":"summary_large_image","twitter_creator":"@rbrejsa","twitter_misc":{"Napsal(a)":"Ri\u010di","Odhadovan\u00e1 doba \u010dten\u00ed":"3 minuty"},"schema":{"@context":"https:\/\/schema.org","@graph":[{"@type":"Article","@id":"https:\/\/evertonfc.cz\/index.php\/2012\/10\/17\/sheedy-zpet-v-akci\/#article","isPartOf":{"@id":"https:\/\/evertonfc.cz\/index.php\/2012\/10\/17\/sheedy-zpet-v-akci\/"},"author":{"name":"Ri\u010di","@id":"https:\/\/evertonfc.cz\/#\/schema\/person\/f7a5daedb2ffee98480bc70e191aaef1"},"headline":"Sheedy zp\u011bt v akci","datePublished":"2012-10-17T15:02:50+00:00","dateModified":"2019-02-17T17:09:43+00:00","mainEntityOfPage":{"@id":"https:\/\/evertonfc.cz\/index.php\/2012\/10\/17\/sheedy-zpet-v-akci\/"},"wordCount":512,"commentCount":0,"publisher":{"@id":"https:\/\/evertonfc.cz\/#organization"},"image":{"@id":"https:\/\/evertonfc.cz\/index.php\/2012\/10\/17\/sheedy-zpet-v-akci\/#primaryimage"},"thumbnailUrl":"https:\/\/evertonfc.cz\/wp-content\/uploads\/2019\/01\/news.jpg","articleSection":["Aktuality"],"inLanguage":"cs","potentialAction":[{"@type":"CommentAction","name":"Comment","target":["https:\/\/evertonfc.cz\/index.php\/2012\/10\/17\/sheedy-zpet-v-akci\/#respond"]}]},{"@type":"WebPage","@id":"https:\/\/evertonfc.cz\/index.php\/2012\/10\/17\/sheedy-zpet-v-akci\/","url":"https:\/\/evertonfc.cz\/index.php\/2012\/10\/17\/sheedy-zpet-v-akci\/","name":"Sheedy zp\u011bt v akci - Official Czech &amp; Slovak Everton Supporters&#039; Club","isPartOf":{"@id":"https:\/\/evertonfc.cz\/#website"},"primaryImageOfPage":{"@id":"https:\/\/evertonfc.cz\/index.php\/2012\/10\/17\/sheedy-zpet-v-akci\/#primaryimage"},"image":{"@id":"https:\/\/evertonfc.cz\/index.php\/2012\/10\/17\/sheedy-zpet-v-akci\/#primaryimage"},"thumbnailUrl":"https:\/\/evertonfc.cz\/wp-content\/uploads\/2019\/01\/news.jpg","datePublished":"2012-10-17T15:02:50+00:00","dateModified":"2019-02-17T17:09:43+00:00","breadcrumb":{"@id":"https:\/\/evertonfc.cz\/index.php\/2012\/10\/17\/sheedy-zpet-v-akci\/#breadcrumb"},"inLanguage":"cs","potentialAction":[{"@type":"ReadAction","target":["https:\/\/evertonfc.cz\/index.php\/2012\/10\/17\/sheedy-zpet-v-akci\/"]}]},{"@type":"ImageObject","inLanguage":"cs","@id":"https:\/\/evertonfc.cz\/index.php\/2012\/10\/17\/sheedy-zpet-v-akci\/#primaryimage","url":"https:\/\/evertonfc.cz\/wp-content\/uploads\/2019\/01\/news.jpg","contentUrl":"https:\/\/evertonfc.cz\/wp-content\/uploads\/2019\/01\/news.jpg","width":720,"height":405},{"@type":"BreadcrumbList","@id":"https:\/\/evertonfc.cz\/index.php\/2012\/10\/17\/sheedy-zpet-v-akci\/#breadcrumb","itemListElement":[{"@type":"ListItem","position":1,"name":"Home","item":"https:\/\/evertonfc.cz\/"},{"@type":"ListItem","position":2,"name":"Sheedy zp\u011bt v akci"}]},{"@type":"WebSite","@id":"https:\/\/evertonfc.cz\/#website","url":"https:\/\/evertonfc.cz\/","name":"Official Czech &amp; Slovak Everton Supporters&#039; Club","description":"","publisher":{"@id":"https:\/\/evertonfc.cz\/#organization"},"potentialAction":[{"@type":"SearchAction","target":{"@type":"EntryPoint","urlTemplate":"https:\/\/evertonfc.cz\/?s={search_term_string}"},"query-input":{"@type":"PropertyValueSpecification","valueRequired":true,"valueName":"search_term_string"}}],"inLanguage":"cs"},{"@type":"Organization","@id":"https:\/\/evertonfc.cz\/#organization","name":"Official Czech & Slovak Everton Supporters' Club","url":"https:\/\/evertonfc.cz\/","logo":{"@type":"ImageObject","inLanguage":"cs","@id":"https:\/\/evertonfc.cz\/#\/schema\/logo\/image\/","url":"https:\/\/evertonfc.cz\/wp-content\/uploads\/2019\/05\/logo.png","contentUrl":"https:\/\/evertonfc.cz\/wp-content\/uploads\/2019\/05\/logo.png","width":112,"height":112,"caption":"Official Czech & Slovak Everton Supporters' Club"},"image":{"@id":"https:\/\/evertonfc.cz\/#\/schema\/logo\/image\/"},"sameAs":["https:\/\/www.facebook.com\/everton.fans.cz.sk"]},{"@type":"Person","@id":"https:\/\/evertonfc.cz\/#\/schema\/person\/f7a5daedb2ffee98480bc70e191aaef1","name":"Ri\u010di","sameAs":["https:\/\/x.com\/rbrejsa"],"url":"https:\/\/evertonfc.cz\/index.php\/author\/rici\/"}]}},"_links":{"self":[{"href":"https:\/\/evertonfc.cz\/index.php\/wp-json\/wp\/v2\/posts\/6105"}],"collection":[{"href":"https:\/\/evertonfc.cz\/index.php\/wp-json\/wp\/v2\/posts"}],"about":[{"href":"https:\/\/evertonfc.cz\/index.php\/wp-json\/wp\/v2\/types\/post"}],"author":[{"embeddable":true,"href":"https:\/\/evertonfc.cz\/index.php\/wp-json\/wp\/v2\/users\/6"}],"replies":[{"embeddable":true,"href":"https:\/\/evertonfc.cz\/index.php\/wp-json\/wp\/v2\/comments?post=6105"}],"version-history":[{"count":3,"href":"https:\/\/evertonfc.cz\/index.php\/wp-json\/wp\/v2\/posts\/6105\/revisions"}],"predecessor-version":[{"id":6236,"href":"https:\/\/evertonfc.cz\/index.php\/wp-json\/wp\/v2\/posts\/6105\/revisions\/6236"}],"wp:featuredmedia":[{"embeddable":true,"href":"https:\/\/evertonfc.cz\/index.php\/wp-json\/wp\/v2\/media\/1313"}],"wp:attachment":[{"href":"https:\/\/evertonfc.cz\/index.php\/wp-json\/wp\/v2\/media?parent=6105"}],"wp:term":[{"taxonomy":"category","embeddable":true,"href":"https:\/\/evertonfc.cz\/index.php\/wp-json\/wp\/v2\/categories?post=6105"},{"taxonomy":"post_tag","embeddable":true,"href":"https:\/\/evertonfc.cz\/index.php\/wp-json\/wp\/v2\/tags?post=6105"}],"curies":[{"name":"wp","href":"https:\/\/api.w.org\/{rel}","templated":true}]}}