{"id":6107,"date":"2012-01-18T17:03:28","date_gmt":"2012-01-18T16:03:28","guid":{"rendered":"http:\/\/evertonfc.cz\/?p=6107"},"modified":"2019-02-17T17:05:45","modified_gmt":"2019-02-17T16:05:45","slug":"colin-harvey-na-chatu","status":"publish","type":"post","link":"https:\/\/evertonfc.cz\/index.php\/2012\/01\/18\/colin-harvey-na-chatu\/","title":{"rendered":"Colin Harvey na chatu"},"content":{"rendered":"<h4>Tentokr\u00e1t odpov\u00eddal na ot\u00e1zky fanou\u0161k\u016f prost\u0159ednictv\u00edm ofici\u00e1ln\u00edch klubov\u00fdch str\u00e1nek Colin Harvey, kter\u00fd si v Everton vyzkou\u0161el role hr\u00e1\u010de, tren\u00e9ra a mana\u017eera.<\/h4>\n<p>Harvey za sv\u00e9 kari\u00e9ry fotbalisty vytvo\u0159il spolu s Alanem Ballem a Howardem Kendallem tzv. The Hole Trinity, tyto t\u0159i legend\u00e1rn\u00ed z\u00e1lo\u017en\u00edci m\u011bli velk\u00fd pod\u00edl na \u00fasp\u011b\u0161n\u00fdch letech Evertonu. S Toffees z\u00edskal v roce 1966 FA Cupu a v sez\u00f3n\u011b 1969\/70 zajistil sv\u00fdm g\u00f3lem n\u00e1vrat ligov\u00e9ho titulu na Goodison Park.<\/p>\n<p>Pro sv\u016fj elegantn\u00ed styl hry si vyslou\u017eil mezi Evertonians p\u0159ezd\u00edvku &#8218;B\u00edl\u00fd Pel\u00e9&#8216;. Celkem odehr\u00e1l za EFC 384 z\u00e1pas\u016f, z nich\u017e pouze \u010dty\u0159ikr\u00e1t nasko\u010dil do utk\u00e1n\u00ed jako st\u0159\u00eddaj\u00edc\u00ed. Vst\u0159elil 24 branek. Pot\u00e9, co pov\u011bsil v roce 1976 kopa\u010dky na h\u0159eb\u00edk, se brzy do klubu vr\u00e1til, aby jako tren\u00e9r ml\u00e1de\u017ee vyhr\u00e1l v roce 1977 FA Youth Cup, v k\u00e1dru tehdy hr\u00e1li Kevin Ratcliffe \u010di Steve McMahon.<\/p>\n<p>V 1981, ve stejn\u00e9 dob\u011b jako na lavi\u010dku prvn\u00edho t\u00fdmu usedl Howard Kendall, se Harvey stal mana\u017eerem rezervy. O dva roky pozd\u011bji se p\u0159esunul na pozici tren\u00e9ra prvn\u00edho t\u00fdmu, kde podle mnoha hr\u00e1\u010d\u016f p\u0159isp\u011bl k obrovsk\u00fdm \u00fasp\u011bch\u016fm v polovin\u011b osmdes\u00e1t\u00fdch let. Po odchodu Kendalla p\u0159evzal Everton a b\u011bhem t\u0159\u00ed mana\u017eersk\u00fdch sezon skon\u010dil s klubem v lize \u010dtvrt\u00fd, osm\u00fd a \u0161est\u00fd, v roce 1989 s n\u00edm pro\u0161el do fin\u00e1le FA Cupu, kde v\u0161ak prohr\u00e1l s Liverpoolem 2:3. Po \u0161patn\u00e9m startu v \u0159\u00edjnu 1990 ode\u0161el, jen\u017ee se okam\u017eit\u011b vr\u00e1til jako pod\u0159\u00edzen\u00fd Kendalla. Ob\u011b legendy ode\u0161li v roce 1993, ale Harvey se o \u010dty\u0159i roky pozd\u011bji op\u011bt vr\u00e1til, tentokr\u00e1t vzal pr\u00e1ci v akademii, s n\u00ed\u017e v roce 1998 v\u00fdhral FA Youth Cup, nebo vychoval pro seniorsk\u00fd fotbal Tonyho Hibberta a Leona Osmana. Pozd\u011bji pod jeho rukama pro\u0161el i Wayne Rooney, kter\u00fd dovedl mlad\u00fd v\u00fdb\u011br do ne\u00fasp\u011b\u0161n\u00e9ho fin\u00e1le FA Youth Cupu (2002). Harvey v roce 2003 definitivn\u011b ode\u0161el, v Evertonu p\u016fsobil \u010dty\u0159icet let.<\/p>\n<h4><strong>Chat<\/strong><\/h4>\n<p><strong>Co nejd\u016fle\u017eit\u011bj\u0161\u00ed pot\u0159ebuje fotbalista, aby se prosadil na nejvy\u0161\u0161\u00ed \u00farovni?<\/strong><\/p>\n<p>Jsou hr\u00e1\u010di, kte\u0159\u00ed se d\u00edky sv\u00fdm schopnostem dostanou do prvn\u00edho t\u00fdmu, t\u00edm mysl\u00edm t\u0159eba Rooneyho. Jedin\u00e1 v\u011bc, je\u017e je m\u016f\u017ee p\u0159ibrzdit, je zran\u011bn\u00ed. Jde ale hlavn\u011b o nastolen\u00ed discipl\u00edny. Pot\u00e9 jsou toti\u017e hr\u00e1\u010di jako Tony Hibbert a Leon Osman. Kdy\u017e byli mlad\u00ed, p\u0159\u00edli\u0161 jsem nev\u011b\u0159il, \u017ee se prosad\u00ed seniorsk\u00e9ho mu\u017estva Evertonu. Disponovali talentem, jen\u017ee t\u00edm rozd\u00edlov\u00fdm faktorem pro prosazen\u00ed do prvn\u00edho t\u00fdmu byl jejich p\u0159\u00edstup a odhodl\u00e1n\u00ed.<\/p>\n<p><strong>V\u00e1\u0161 nejlep\u0161\u00ed momenty coby hr\u00e1\u010de Evertonu?<\/strong><\/p>\n<p>Pamatuji na v\u00edt\u011bznou branku ze semifin\u00e1le poh\u00e1ru proti Manchesteru United. Vyhr\u00e1li jsme 1:0 a j\u00e1 vst\u0159elil jedinou branku, kter\u00e1 n\u00e1s dostala do fin\u00e1le. Vzpom\u00edn\u00e1m si v\u0161ak, jak jsem mohl za stavu 1:0 p\u0159idat druh\u00fd g\u00f3l. Po \u010dase ov\u0161em jsem to ale hodil za hlavu, p\u0159eci jenom vzpom\u00ednka na jedinou branku je hezk\u00e1. Mus\u00edm zm\u00ednit tak\u00e9 g\u00f3l proti West Bromu, kter\u00fd n\u00e1m zajistil v roce 1970 titul. Utk\u00e1n\u00ed p\u0159\u00edmo na stadionu sledovala cel\u00e1 moje rodina &#8211; v\u0161ichni bl\u00e1zniv\u00fd Evertonians &#8211; a byla na m\u011b velmi py\u0161n\u00e1.<\/p>\n<p><strong>Jak\u00e9 se v\u00e1s zmoc\u0148ovaly pocity, kdy\u017e si spolu s Howardem Kendallem a Alanem Ballem pat\u0159il do &#8218;Holy Trinity&#8216;?<\/strong><\/p>\n<p>Za B nebo C t\u00fdm jsem nastoupil proti Howardovi v Prestonu, proti Ballymu v Blackpoolu a proti Georgovi Bestovi v United, v\u0161ichni m\u011bli \u0161estn\u00e1ct let. Pat\u0159ili k nejlep\u0161\u00edm hr\u00e1\u010d\u016fm \u0161iroko daleko a j\u00e1 se dv\u011bma z nich pot\u00e9 hr\u00e1l. \u00da\u017easn\u00e9. Bally byl nejlep\u0161\u00edm hr\u00e1\u010dem, jeho\u017e jsem kdy v Evertonu vid\u011bl. Howarda hodnot\u00edm velmi podobn\u011b. Brian Labone o n\u00e1s prohl\u00e1sil:\u00a0<em>\u201eTvo\u0159ili jedin\u00e9 t\u0159\u00ed\u010dlenn\u00e9 mu\u017estvo, kter\u00e9 kdy vyhr\u00e1lo titul!\u201c<\/em><\/p>\n<p><strong>Koho byste ze sou\u010dasn\u00e9ho Evertonu ozna\u010dil za nejslibn\u011bj\u0161\u00ed talent?<\/strong><\/p>\n<p>Posledn\u00ed dobou vid\u00edm Toffees velmi m\u00e1lo, zaujal m\u011b ale Barkley. Sledoval jsem ho v den, kdy\u017e se vracel po zran\u011bn\u00ed, a ohromil m\u011b. Pokud nepolev\u00ed, m\u016f\u017ee se st\u00e1t TOP hr\u00e1\u010dem.<\/p>\n<p><strong>Kdy\u017e jste poprv\u00e9 spat\u0159il Wayna Rooneyho jako mlad\u00e9ho chlapce, vypadly v\u00e1m o\u010di z d\u016flku?<\/strong><\/p>\n<p>Ne \u00fapln\u011b! V ned\u011bli r\u00e1no jsem pravideln\u011b pozoroval v\u00fdb\u011bru U14, U15 atd. V p\u0159est\u00e1vce jsem se za\u0161el pod\u00edvat na U11, jedno d\u00edt\u011b na p\u016flce p\u0159ebralo m\u00ed\u010d, p\u0159e\u0161lo p\u0159es \u010dty\u0159i \u010di p\u011bt protivn\u00edk\u016f a trefilo roh branky. To byl m\u016fj prvn\u00ed kontakt s Waynem. Pozd\u011bji jsem ho za\u010dal nasazovat do U18, to m\u011bl dvan\u00e1ct, t\u0159in\u00e1ct let. Skv\u011bl\u00e9 d\u00edt\u011b. I tehdy z n\u011bj vyza\u0159ovala aura.<\/p>\n<p><strong>Nejlep\u0161\u00ed fotbalista, proti n\u011bmu\u017e jste hr\u00e1l?<\/strong><\/p>\n<p>George Best. Disponoval zvl\u00e1\u0161tn\u00edmi schopnostmi, jak obch\u00e1zet hr\u00e1\u010de. Sice se staral o sebe, tr\u00e9noval ale tvrd\u011b. Po Alanu Ballovi nejlep\u0161\u00ed fotbalista, kter\u00e9ho jsem vid\u011bl.<\/p>\n<p><strong>Vyberte nejkvalitn\u011bj\u0161\u00edho spoluhr\u00e1\u010de?<\/strong><\/p>\n<p>Alan Ball. Na druh\u00e9m m\u00edst\u011b zm\u00edn\u00edm Bobbyho Collinse, Jimmy Gabriel tak\u00e9 zaslou\u017e\u00ed pozornost. Bally ale dovedl v\u0161e. Sta\u010d\u00ed si pustit fin\u00e1le Mistrovstv\u00ed sv\u011bta v roce 1966 a v\u0161imnout si jeho v\u00fdkonu. Neuv\u011b\u0159iteln\u00e9.<\/p>\n<p><strong>Co v sou\u010dasnosti d\u011bl\u00e1te?<\/strong><\/p>\n<p>Jsem skautem v Boltonu, v\u011bt\u0161inu \u010dasu tr\u00e1v\u00edm v zahrani\u010d\u00ed. Minul\u00fd v\u00edkend jsem pob\u00fdval ve \u0160pan\u011blsku, proto tuto sez\u00f3nu p\u0159\u00edli\u0161 Everton nesleduji. Vid\u011bl jsem v\u0161ak utk\u00e1n\u00ed proti Aston Ville, dobr\u00fd v\u00fdkon. Letos vezmu m\u00e9ho t\u0159\u00edlet\u00e9ho syna na Goodison Parku a p\u0159edstav\u00edm ho tam.<\/p>\n<p><strong>Kdo disponoval nejv\u011bt\u0161\u00ed talentem za va\u0161eho p\u016fsoben\u00ed v Evertonu?<\/strong><\/p>\n<p>Mus\u00ed to b\u00fdt Wayne Rooney. Jako d\u00edt\u011b dok\u00e1zal na h\u0159i\u0161ti zahr\u00e1t v\u0161echny pozice. St\u0159etnul jsem se b\u011bhem 40 a\u017e 50 roky, a\u0165 u\u017e jsem hr\u00e1l nebo tr\u00e9noval, s mnoha \u00fa\u017easn\u00fdmi fotbalisty, ov\u0161em Wayne byl z nich nejtalentovan\u011bj\u0161\u00ed. V\u00edce ne\u017e Alan Ball.<\/p>\n<p><strong>Kter\u00fd stadion, na n\u011bm\u017e jste hr\u00e1l, pova\u017eujete za nejlep\u0161\u00ed. A zaj\u00edmal by m\u011b tak\u00e9 nejlep\u0161\u00ed t\u00fdm, s n\u00edm\u017e si se utkal?<\/strong><\/p>\n<p>Za nejlep\u0161\u00ed stadion zvol\u00edm Wembley.<\/p>\n<p>V roce 1967 jsme se v p\u0159\u00edprav\u011b st\u0159etli s Ajaxem. Bylo to t\u011bsn\u011b p\u0159ed vynikaj\u00edc\u00edm Ajaxem ze sedmdes\u00e1t\u00fdch let. Porazili n\u00e1s 3:0, mohli n\u00e1m v\u0161ak nast\u0159\u00edlet klidn\u011b deset branek. Na h\u0159i\u0161ti se prezentovali neuv\u011b\u0159iteln\u011b. Otev\u0159eli mi o\u010di v oblasti modern\u00ed taktiky a zp\u016fsobu hry. Harry Catterick n\u00e1m dal po utk\u00e1n\u00ed volno, j\u00e1 ale ve\u010dern\u00ed Amsterdam odm\u00edtl, byl jsem stra\u0161n\u011b zklaman\u00fd.<\/p>\n<p><strong>Koho ozna\u010d\u00edte za nejlep\u0161\u00edho branka\u0159e Evertonu?<\/strong><\/p>\n<p>Gordon West m\u011b asi zabije. \u0158\u00edkal mi, \u017ee byl nejlep\u0161\u00ed v \u010dernob\u00edl\u00e9m, Neville Southall zase v barevn\u00e9m. J\u00e1 v\u0161ak \u0159eknu Neville, v osmdes\u00e1t\u00fdch letech nechytal na sv\u011bt\u011b nikdo l\u00e9pe.<\/p>\n","protected":false},"excerpt":{"rendered":"<p>Tentokr\u00e1t odpov\u00eddal na ot\u00e1zky fanou\u0161k\u016f prost\u0159ednictv\u00edm ofici\u00e1ln\u00edch klubov\u00fdch str\u00e1nek Colin Harvey, kter\u00fd si v Everton vyzkou\u0161el role hr\u00e1\u010de, tren\u00e9ra a&hellip;<\/p>\n","protected":false},"author":6,"featured_media":1312,"comment_status":"open","ping_status":"closed","sticky":false,"template":"","format":"standard","meta":{"_eb_attr":"","_monsterinsights_skip_tracking":false,"_monsterinsights_sitenote_active":false,"_monsterinsights_sitenote_note":"","_monsterinsights_sitenote_category":0,"footnotes":""},"categories":[1],"tags":[],"yoast_head":"<!-- This site is optimized with the Yoast SEO plugin v23.4 - https:\/\/yoast.com\/wordpress\/plugins\/seo\/ -->\n<title>Colin Harvey na chatu - Official Czech &amp; Slovak Everton Supporters&#039; Club<\/title>\n<meta name=\"robots\" content=\"index, follow, max-snippet:-1, max-image-preview:large, max-video-preview:-1\" \/>\n<link rel=\"canonical\" href=\"https:\/\/evertonfc.cz\/index.php\/2012\/01\/18\/colin-harvey-na-chatu\/\" \/>\n<meta property=\"og:locale\" content=\"cs_CZ\" \/>\n<meta property=\"og:type\" content=\"article\" \/>\n<meta property=\"og:title\" content=\"Colin Harvey na chatu - Official Czech &amp; Slovak Everton Supporters&#039; Club\" \/>\n<meta property=\"og:description\" content=\"Tentokr\u00e1t odpov\u00eddal na ot\u00e1zky fanou\u0161k\u016f prost\u0159ednictv\u00edm ofici\u00e1ln\u00edch klubov\u00fdch str\u00e1nek Colin Harvey, kter\u00fd si v Everton vyzkou\u0161el role hr\u00e1\u010de, tren\u00e9ra a&hellip;\" \/>\n<meta property=\"og:url\" content=\"https:\/\/evertonfc.cz\/index.php\/2012\/01\/18\/colin-harvey-na-chatu\/\" \/>\n<meta property=\"og:site_name\" content=\"Official Czech &amp; Slovak Everton Supporters&#039; Club\" \/>\n<meta property=\"article:publisher\" content=\"https:\/\/www.facebook.com\/everton.fans.cz.sk\" \/>\n<meta property=\"article:published_time\" content=\"2012-01-18T16:03:28+00:00\" \/>\n<meta property=\"article:modified_time\" content=\"2019-02-17T16:05:45+00:00\" \/>\n<meta property=\"og:image\" content=\"https:\/\/evertonfc.cz\/wp-content\/uploads\/2019\/01\/interview.jpg\" \/>\n\t<meta property=\"og:image:width\" content=\"720\" \/>\n\t<meta property=\"og:image:height\" content=\"405\" \/>\n\t<meta property=\"og:image:type\" content=\"image\/jpeg\" \/>\n<meta name=\"author\" content=\"Ri\u010di\" \/>\n<meta name=\"twitter:card\" content=\"summary_large_image\" \/>\n<meta name=\"twitter:creator\" content=\"@rbrejsa\" \/>\n<meta name=\"twitter:label1\" content=\"Napsal(a)\" \/>\n\t<meta name=\"twitter:data1\" content=\"Ri\u010di\" \/>\n\t<meta name=\"twitter:label2\" content=\"Odhadovan\u00e1 doba \u010dten\u00ed\" \/>\n\t<meta name=\"twitter:data2\" content=\"6 minut\" \/>\n<script type=\"application\/ld+json\" class=\"yoast-schema-graph\">{\"@context\":\"https:\/\/schema.org\",\"@graph\":[{\"@type\":\"Article\",\"@id\":\"https:\/\/evertonfc.cz\/index.php\/2012\/01\/18\/colin-harvey-na-chatu\/#article\",\"isPartOf\":{\"@id\":\"https:\/\/evertonfc.cz\/index.php\/2012\/01\/18\/colin-harvey-na-chatu\/\"},\"author\":{\"name\":\"Ri\u010di\",\"@id\":\"https:\/\/evertonfc.cz\/#\/schema\/person\/f7a5daedb2ffee98480bc70e191aaef1\"},\"headline\":\"Colin Harvey na chatu\",\"datePublished\":\"2012-01-18T16:03:28+00:00\",\"dateModified\":\"2019-02-17T16:05:45+00:00\",\"mainEntityOfPage\":{\"@id\":\"https:\/\/evertonfc.cz\/index.php\/2012\/01\/18\/colin-harvey-na-chatu\/\"},\"wordCount\":1258,\"commentCount\":0,\"publisher\":{\"@id\":\"https:\/\/evertonfc.cz\/#organization\"},\"image\":{\"@id\":\"https:\/\/evertonfc.cz\/index.php\/2012\/01\/18\/colin-harvey-na-chatu\/#primaryimage\"},\"thumbnailUrl\":\"https:\/\/evertonfc.cz\/wp-content\/uploads\/2019\/01\/interview.jpg\",\"articleSection\":[\"Rozhovory\"],\"inLanguage\":\"cs\",\"potentialAction\":[{\"@type\":\"CommentAction\",\"name\":\"Comment\",\"target\":[\"https:\/\/evertonfc.cz\/index.php\/2012\/01\/18\/colin-harvey-na-chatu\/#respond\"]}]},{\"@type\":\"WebPage\",\"@id\":\"https:\/\/evertonfc.cz\/index.php\/2012\/01\/18\/colin-harvey-na-chatu\/\",\"url\":\"https:\/\/evertonfc.cz\/index.php\/2012\/01\/18\/colin-harvey-na-chatu\/\",\"name\":\"Colin Harvey na chatu - Official Czech &amp; Slovak Everton Supporters&#039; Club\",\"isPartOf\":{\"@id\":\"https:\/\/evertonfc.cz\/#website\"},\"primaryImageOfPage\":{\"@id\":\"https:\/\/evertonfc.cz\/index.php\/2012\/01\/18\/colin-harvey-na-chatu\/#primaryimage\"},\"image\":{\"@id\":\"https:\/\/evertonfc.cz\/index.php\/2012\/01\/18\/colin-harvey-na-chatu\/#primaryimage\"},\"thumbnailUrl\":\"https:\/\/evertonfc.cz\/wp-content\/uploads\/2019\/01\/interview.jpg\",\"datePublished\":\"2012-01-18T16:03:28+00:00\",\"dateModified\":\"2019-02-17T16:05:45+00:00\",\"breadcrumb\":{\"@id\":\"https:\/\/evertonfc.cz\/index.php\/2012\/01\/18\/colin-harvey-na-chatu\/#breadcrumb\"},\"inLanguage\":\"cs\",\"potentialAction\":[{\"@type\":\"ReadAction\",\"target\":[\"https:\/\/evertonfc.cz\/index.php\/2012\/01\/18\/colin-harvey-na-chatu\/\"]}]},{\"@type\":\"ImageObject\",\"inLanguage\":\"cs\",\"@id\":\"https:\/\/evertonfc.cz\/index.php\/2012\/01\/18\/colin-harvey-na-chatu\/#primaryimage\",\"url\":\"https:\/\/evertonfc.cz\/wp-content\/uploads\/2019\/01\/interview.jpg\",\"contentUrl\":\"https:\/\/evertonfc.cz\/wp-content\/uploads\/2019\/01\/interview.jpg\",\"width\":720,\"height\":405},{\"@type\":\"BreadcrumbList\",\"@id\":\"https:\/\/evertonfc.cz\/index.php\/2012\/01\/18\/colin-harvey-na-chatu\/#breadcrumb\",\"itemListElement\":[{\"@type\":\"ListItem\",\"position\":1,\"name\":\"Home\",\"item\":\"https:\/\/evertonfc.cz\/\"},{\"@type\":\"ListItem\",\"position\":2,\"name\":\"Colin Harvey na chatu\"}]},{\"@type\":\"WebSite\",\"@id\":\"https:\/\/evertonfc.cz\/#website\",\"url\":\"https:\/\/evertonfc.cz\/\",\"name\":\"Official Czech &amp; Slovak Everton Supporters&#039; Club\",\"description\":\"\",\"publisher\":{\"@id\":\"https:\/\/evertonfc.cz\/#organization\"},\"potentialAction\":[{\"@type\":\"SearchAction\",\"target\":{\"@type\":\"EntryPoint\",\"urlTemplate\":\"https:\/\/evertonfc.cz\/?s={search_term_string}\"},\"query-input\":{\"@type\":\"PropertyValueSpecification\",\"valueRequired\":true,\"valueName\":\"search_term_string\"}}],\"inLanguage\":\"cs\"},{\"@type\":\"Organization\",\"@id\":\"https:\/\/evertonfc.cz\/#organization\",\"name\":\"Official Czech & Slovak Everton Supporters' Club\",\"url\":\"https:\/\/evertonfc.cz\/\",\"logo\":{\"@type\":\"ImageObject\",\"inLanguage\":\"cs\",\"@id\":\"https:\/\/evertonfc.cz\/#\/schema\/logo\/image\/\",\"url\":\"https:\/\/evertonfc.cz\/wp-content\/uploads\/2019\/05\/logo.png\",\"contentUrl\":\"https:\/\/evertonfc.cz\/wp-content\/uploads\/2019\/05\/logo.png\",\"width\":112,\"height\":112,\"caption\":\"Official Czech & Slovak Everton Supporters' Club\"},\"image\":{\"@id\":\"https:\/\/evertonfc.cz\/#\/schema\/logo\/image\/\"},\"sameAs\":[\"https:\/\/www.facebook.com\/everton.fans.cz.sk\"]},{\"@type\":\"Person\",\"@id\":\"https:\/\/evertonfc.cz\/#\/schema\/person\/f7a5daedb2ffee98480bc70e191aaef1\",\"name\":\"Ri\u010di\",\"sameAs\":[\"https:\/\/x.com\/rbrejsa\"],\"url\":\"https:\/\/evertonfc.cz\/index.php\/author\/rici\/\"}]}<\/script>\n<!-- \/ Yoast SEO plugin. -->","yoast_head_json":{"title":"Colin Harvey na chatu - Official Czech &amp; Slovak Everton Supporters&#039; Club","robots":{"index":"index","follow":"follow","max-snippet":"max-snippet:-1","max-image-preview":"max-image-preview:large","max-video-preview":"max-video-preview:-1"},"canonical":"https:\/\/evertonfc.cz\/index.php\/2012\/01\/18\/colin-harvey-na-chatu\/","og_locale":"cs_CZ","og_type":"article","og_title":"Colin Harvey na chatu - Official Czech &amp; Slovak Everton Supporters&#039; Club","og_description":"Tentokr\u00e1t odpov\u00eddal na ot\u00e1zky fanou\u0161k\u016f prost\u0159ednictv\u00edm ofici\u00e1ln\u00edch klubov\u00fdch str\u00e1nek Colin Harvey, kter\u00fd si v Everton vyzkou\u0161el role hr\u00e1\u010de, tren\u00e9ra a&hellip;","og_url":"https:\/\/evertonfc.cz\/index.php\/2012\/01\/18\/colin-harvey-na-chatu\/","og_site_name":"Official Czech &amp; Slovak Everton Supporters&#039; Club","article_publisher":"https:\/\/www.facebook.com\/everton.fans.cz.sk","article_published_time":"2012-01-18T16:03:28+00:00","article_modified_time":"2019-02-17T16:05:45+00:00","og_image":[{"width":720,"height":405,"url":"https:\/\/evertonfc.cz\/wp-content\/uploads\/2019\/01\/interview.jpg","type":"image\/jpeg"}],"author":"Ri\u010di","twitter_card":"summary_large_image","twitter_creator":"@rbrejsa","twitter_misc":{"Napsal(a)":"Ri\u010di","Odhadovan\u00e1 doba \u010dten\u00ed":"6 minut"},"schema":{"@context":"https:\/\/schema.org","@graph":[{"@type":"Article","@id":"https:\/\/evertonfc.cz\/index.php\/2012\/01\/18\/colin-harvey-na-chatu\/#article","isPartOf":{"@id":"https:\/\/evertonfc.cz\/index.php\/2012\/01\/18\/colin-harvey-na-chatu\/"},"author":{"name":"Ri\u010di","@id":"https:\/\/evertonfc.cz\/#\/schema\/person\/f7a5daedb2ffee98480bc70e191aaef1"},"headline":"Colin Harvey na chatu","datePublished":"2012-01-18T16:03:28+00:00","dateModified":"2019-02-17T16:05:45+00:00","mainEntityOfPage":{"@id":"https:\/\/evertonfc.cz\/index.php\/2012\/01\/18\/colin-harvey-na-chatu\/"},"wordCount":1258,"commentCount":0,"publisher":{"@id":"https:\/\/evertonfc.cz\/#organization"},"image":{"@id":"https:\/\/evertonfc.cz\/index.php\/2012\/01\/18\/colin-harvey-na-chatu\/#primaryimage"},"thumbnailUrl":"https:\/\/evertonfc.cz\/wp-content\/uploads\/2019\/01\/interview.jpg","articleSection":["Rozhovory"],"inLanguage":"cs","potentialAction":[{"@type":"CommentAction","name":"Comment","target":["https:\/\/evertonfc.cz\/index.php\/2012\/01\/18\/colin-harvey-na-chatu\/#respond"]}]},{"@type":"WebPage","@id":"https:\/\/evertonfc.cz\/index.php\/2012\/01\/18\/colin-harvey-na-chatu\/","url":"https:\/\/evertonfc.cz\/index.php\/2012\/01\/18\/colin-harvey-na-chatu\/","name":"Colin Harvey na chatu - Official Czech &amp; Slovak Everton Supporters&#039; Club","isPartOf":{"@id":"https:\/\/evertonfc.cz\/#website"},"primaryImageOfPage":{"@id":"https:\/\/evertonfc.cz\/index.php\/2012\/01\/18\/colin-harvey-na-chatu\/#primaryimage"},"image":{"@id":"https:\/\/evertonfc.cz\/index.php\/2012\/01\/18\/colin-harvey-na-chatu\/#primaryimage"},"thumbnailUrl":"https:\/\/evertonfc.cz\/wp-content\/uploads\/2019\/01\/interview.jpg","datePublished":"2012-01-18T16:03:28+00:00","dateModified":"2019-02-17T16:05:45+00:00","breadcrumb":{"@id":"https:\/\/evertonfc.cz\/index.php\/2012\/01\/18\/colin-harvey-na-chatu\/#breadcrumb"},"inLanguage":"cs","potentialAction":[{"@type":"ReadAction","target":["https:\/\/evertonfc.cz\/index.php\/2012\/01\/18\/colin-harvey-na-chatu\/"]}]},{"@type":"ImageObject","inLanguage":"cs","@id":"https:\/\/evertonfc.cz\/index.php\/2012\/01\/18\/colin-harvey-na-chatu\/#primaryimage","url":"https:\/\/evertonfc.cz\/wp-content\/uploads\/2019\/01\/interview.jpg","contentUrl":"https:\/\/evertonfc.cz\/wp-content\/uploads\/2019\/01\/interview.jpg","width":720,"height":405},{"@type":"BreadcrumbList","@id":"https:\/\/evertonfc.cz\/index.php\/2012\/01\/18\/colin-harvey-na-chatu\/#breadcrumb","itemListElement":[{"@type":"ListItem","position":1,"name":"Home","item":"https:\/\/evertonfc.cz\/"},{"@type":"ListItem","position":2,"name":"Colin Harvey na chatu"}]},{"@type":"WebSite","@id":"https:\/\/evertonfc.cz\/#website","url":"https:\/\/evertonfc.cz\/","name":"Official Czech &amp; Slovak Everton Supporters&#039; Club","description":"","publisher":{"@id":"https:\/\/evertonfc.cz\/#organization"},"potentialAction":[{"@type":"SearchAction","target":{"@type":"EntryPoint","urlTemplate":"https:\/\/evertonfc.cz\/?s={search_term_string}"},"query-input":{"@type":"PropertyValueSpecification","valueRequired":true,"valueName":"search_term_string"}}],"inLanguage":"cs"},{"@type":"Organization","@id":"https:\/\/evertonfc.cz\/#organization","name":"Official Czech & Slovak Everton Supporters' Club","url":"https:\/\/evertonfc.cz\/","logo":{"@type":"ImageObject","inLanguage":"cs","@id":"https:\/\/evertonfc.cz\/#\/schema\/logo\/image\/","url":"https:\/\/evertonfc.cz\/wp-content\/uploads\/2019\/05\/logo.png","contentUrl":"https:\/\/evertonfc.cz\/wp-content\/uploads\/2019\/05\/logo.png","width":112,"height":112,"caption":"Official Czech & Slovak Everton Supporters' Club"},"image":{"@id":"https:\/\/evertonfc.cz\/#\/schema\/logo\/image\/"},"sameAs":["https:\/\/www.facebook.com\/everton.fans.cz.sk"]},{"@type":"Person","@id":"https:\/\/evertonfc.cz\/#\/schema\/person\/f7a5daedb2ffee98480bc70e191aaef1","name":"Ri\u010di","sameAs":["https:\/\/x.com\/rbrejsa"],"url":"https:\/\/evertonfc.cz\/index.php\/author\/rici\/"}]}},"_links":{"self":[{"href":"https:\/\/evertonfc.cz\/index.php\/wp-json\/wp\/v2\/posts\/6107"}],"collection":[{"href":"https:\/\/evertonfc.cz\/index.php\/wp-json\/wp\/v2\/posts"}],"about":[{"href":"https:\/\/evertonfc.cz\/index.php\/wp-json\/wp\/v2\/types\/post"}],"author":[{"embeddable":true,"href":"https:\/\/evertonfc.cz\/index.php\/wp-json\/wp\/v2\/users\/6"}],"replies":[{"embeddable":true,"href":"https:\/\/evertonfc.cz\/index.php\/wp-json\/wp\/v2\/comments?post=6107"}],"version-history":[{"count":1,"href":"https:\/\/evertonfc.cz\/index.php\/wp-json\/wp\/v2\/posts\/6107\/revisions"}],"predecessor-version":[{"id":6109,"href":"https:\/\/evertonfc.cz\/index.php\/wp-json\/wp\/v2\/posts\/6107\/revisions\/6109"}],"wp:featuredmedia":[{"embeddable":true,"href":"https:\/\/evertonfc.cz\/index.php\/wp-json\/wp\/v2\/media\/1312"}],"wp:attachment":[{"href":"https:\/\/evertonfc.cz\/index.php\/wp-json\/wp\/v2\/media?parent=6107"}],"wp:term":[{"taxonomy":"category","embeddable":true,"href":"https:\/\/evertonfc.cz\/index.php\/wp-json\/wp\/v2\/categories?post=6107"},{"taxonomy":"post_tag","embeddable":true,"href":"https:\/\/evertonfc.cz\/index.php\/wp-json\/wp\/v2\/tags?post=6107"}],"curies":[{"name":"wp","href":"https:\/\/api.w.org\/{rel}","templated":true}]}}