{"id":6110,"date":"2012-01-20T17:05:58","date_gmt":"2012-01-20T16:05:58","guid":{"rendered":"http:\/\/evertonfc.cz\/?p=6110"},"modified":"2019-02-17T17:08:48","modified_gmt":"2019-02-17T16:08:48","slug":"preview-everton-blackburn-rovers-2","status":"publish","type":"post","link":"https:\/\/evertonfc.cz\/index.php\/2012\/01\/20\/preview-everton-blackburn-rovers-2\/","title":{"rendered":"Preview: Everton &#8211; Blackburn Rovers"},"content":{"rendered":"<h4>Na Goodison Park p\u0159ij\u00ed\u017ed\u00ed dal\u0161\u00ed t\u00fdm ohro\u017een\u00fd sestupem. Po proh\u0159e s Boltonem je v utk\u00e1n\u00ed proti Blackburnu Rovers jak\u00e1koli bodov\u00e1 ztr\u00e1ta nep\u0159ijateln\u00e1.<\/h4>\n<p>P\u0159i pohledu na \u00fanorov\u00e9 rozlosov\u00e1n\u00ed Premier League Everton opravdu nutn\u011b pot\u0159ebuje Blackburn porazit. V druh\u00e9m m\u011bs\u00edce roku 2012 se toti\u017e postupn\u011b st\u0159etne s Manchesterem City (d), Wiganem (v), Chelsea (d) a Liverpoolem (v). Z t\u011bchto z\u00e1pas\u016f se body budou sb\u00edrat jen t\u011b\u017eko. I kdy\u017e posledn\u00ed l\u00e9ta pat\u0159\u00ed \u00fanor k siln\u00fdm m\u011bs\u00edc\u016fm Evertonu, kdo v\u00ed ale, zda i se letos karta obr\u00e1t\u00ed k p\u0159\u00edzniv\u011bj\u0161\u00edm v\u00fdsledk\u016fm. Posledn\u00ed st\u0159etnut\u00ed na p\u016fd\u011b Aston Villy dalo trochu nad\u011bje, rem\u00edzu 1:1 sice zachra\u0148oval st\u0159\u00eddaj\u00edc\u00ed Vic Anichebe, ov\u0161em krom\u011b bodu se zrodila tak\u00e9 solidn\u00ed hra. Moment\u00e1ln\u011b se sv\u011b\u0159enci Davida Moyese nach\u00e1zej\u00ed na 11. m\u00edst\u011b v tabulce s 25 body, v\u00fdhra by mohla znamenat posun do lep\u0161\u00ed poloviny ligy. D\u016fle\u017eitost sobotn\u00edho kl\u00e1n\u00ed si uv\u011bdomuje Leighton Baines:\u00a0<em>\u201eNed\u00e1vn\u00e1 v\u00edt\u011bzstv\u00ed Blackburn trochu povzbudila, p\u0159eci oproti \u00favodu sez\u00f3ny si aktu\u00e1ln\u011b vedou l\u00e9pe. Liga je v\u0161ak velmi vyrovnan\u00e1 a t\u00fdmy mezi sebou nemaj\u00ed nep\u0159ekonateln\u00e9 bodov\u00e9 odstupy, co\u017e pro n\u00e1s znamen\u00e1 povinnost vyhr\u00e1vat utk\u00e1n\u00ed pr\u00e1v\u011b jako proti Blackburnu. Nejen aby se zv\u011bt\u0161ila propast mezi n\u00e1mi a mu\u017estvy bojuj\u00edc\u00ed o z\u00e1chranu, ale abychom se t\u00e9\u017e dot\u00e1hli na celky ve vy\u0161\u0161\u00edch patrech tabulky.\u201c<\/em><\/p>\n<p>Blackburn opravdu posledn\u00ed t\u00fddny zaznamenal progres, ov\u0161em i tak se nach\u00e1z\u00ed na prvn\u00edm nesestupov\u00e9m m\u00edst\u011b se\u00a0 17 body stejn\u011b jako osmn\u00e1ct\u00fd Queen\u00b4s Park Rangers. A n\u00e1lada v klubu nen\u00ed zrovna dvakr\u00e1t nejlep\u0161\u00ed, mana\u017eer Steve Kean a indi\u010dt\u00ed majitel\u00e9 \u010del\u00ed ohromn\u00fdm protest\u016fm ze strany fanou\u0161k\u016f. David Moyes, p\u0159\u00edtel Keana, se byl p\u0159ed V\u00e1noci pod\u00edvat na dom\u00e1c\u00ed z\u00e1pas Blackburnu s Boltonem a po polo\u010dase znechucen\u00fd nad\u00e1vkami p\u0159\u00edznivc\u016f na adresu Keana rad\u011bji ode\u0161el. Aby toho nebylo m\u00e1lo, v t\u00fddnu podal \u017e\u00e1dost o p\u0159estup Christopher Samba, urostl\u00fd stoper a kl\u00ed\u010dov\u00fd hr\u00e1\u010d by se cht\u011bl p\u0159esunout do v\u011bt\u0161\u00edho klubu.<\/p>\n<p>Goodison Park se t\u011b\u0161il na n\u00e1vrat Yakubua, nigerijsk\u00fd \u00fato\u010dn\u00edk p\u0159ed sez\u00f3nou ode\u0161el pr\u00e1v\u011b na Ewood Park, kde g\u00f3lov\u011b pook\u0159\u00e1l. V 19 st\u0159etnut\u00edch nast\u0159\u00edlel 13 branek a pat\u0159\u00ed k nejlep\u0161\u00edm st\u0159elc\u016fm Premier League. Do souboje proti Evertonu ale nezas\u00e1hne, jeliko\u017e se v posledn\u00edm kole proti Fulhamu nechal vylou\u010dit, a tak ho automaticky \u010dek\u00e1 t\u0159\u00edz\u00e1pasov\u00fd distanc. I bez sv\u00e9ho nejproduktivn\u011bj\u0161\u00edho hr\u00e1\u010de v\u0161ak Blackburn zv\u00edt\u011bzil 3:1. V onom kl\u00e1n\u00ed z\u00e1\u0159il k\u0159\u00eddeln\u00edk David Hoilett, jen\u017e by m\u011bl v ofenziv\u011b op\u011bt zapomenout na absenci Yakubua, o n\u011bm\u017e prozradil p\u00e1r slov op\u011bt Leighton Baines.\u00a0<em>\u201eJeho ztr\u00e1ta n\u00e1m nejsp\u00ed\u0161e pom\u016f\u017ee, jeliko\u017e se nach\u00e1z\u00ed ve st\u0159eleck\u00e9 form\u011b a jsme si v\u011bdomi, \u017ee pokud pravideln\u011b nastupuje, g\u00f3ly z jeho strany p\u0159ich\u00e1zej\u00ed. Br\u00e1nit Yaka nen\u00ed \u017e\u00e1dn\u00fd med. Soupe\u0159 ov\u0161em disponuje kvalitn\u00edmi hr\u00e1\u010di, kte\u0159\u00ed ho mohou nahradit.\u201c<\/em><\/p>\n<h4><strong>Historie soupe\u0159e\u00a0<\/strong><strong><sup>(by Me\u0148a)<\/sup><\/strong><\/h4>\n<p>Blackburn Rovers FC byl zalo\u017een roku 1875 a pat\u0159\u00ed mezi legend\u00e1rn\u00ed dvan\u00e1ctku zakl\u00e1daj\u00edc\u00edch \u010dlen\u016f Football League. Hned zpo\u010d\u00e1tku se Rovers za\u0159adili mezi elitn\u00ed anglick\u00e9 kluby, co\u017e se brzy projevilo. Roku 1879 do Blackburnu putoval prvn\u00ed FA Cup, kdy\u017e Rovers ve fin\u00e1le porazili Tyne Association FC 5:1. Fin\u00e1lov\u00fd \u00fasp\u011bch byl zopakov\u00e1n o t\u0159i roky pozd\u011bji, kdy Blackburn porazil Old Etonians.<\/p>\n<p>T\u0159et\u00ed Anglick\u00fd poh\u00e1r z\u00edskal klub v roce 1891, to u\u017e se v\u0161ak schylovalo k m\u00e9n\u011b sv\u011btl\u00fdm z\u00edt\u0159k\u016fm. Prvn\u00ed desetilet\u00ed dvac\u00e1t\u00e9ho stolet\u00ed bylo ve znamen\u00ed \u0161patn\u00fdch v\u00fdsledk\u016f, o to v\u00edce byl p\u0159ekvapuj\u00edc\u00ed zisk dvou mistrovsk\u00fdch titul\u016f v letech 1912 a 1914. Jen\u017ee pot\u00e9 Blackburn znovu upadl do \u0161edi st\u0159edu tabulky, a\u017e nakonec v polovin\u011b t\u0159ic\u00e1t\u00fdch let sestoupil. Mnoz\u00ed \u010dekali rychl\u00fd n\u00e1vrat, ale Rovers na tom byli je\u0161t\u011b h\u016f\u0159e, po v\u00e1lce Blackburn putoval do Third Division.<\/p>\n<p>Ze t\u0159et\u00edho patra anglick\u00e9ho fotbalu se klub vyhrabal a\u017e v roce 1975, kdy slavil t\u0159etiligov\u00fd titul. 80. l\u00e9ta nebyla pro klub ni\u010d\u00edm v\u00fdjime\u010dn\u00e1, v\u011bci v\u0161ak nabraly rychl\u00fd sp\u00e1d za\u010d\u00e1tkem posledn\u00edho desetilet\u00ed 20. stolet\u00ed. Klub se postupn\u011b zvedal z popela a posl\u00e9ze \u0161okoval celou Anglii, nebo\u0165 v roce 1995 se Blackburn v \u010dele s \u00fato\u010dnou dvojkou Shearer &#8211; Sutton, stal mistrem Premier League.<\/p>\n<p>Na obrovsk\u00fd \u00fasp\u011bch nicm\u00e9n\u011b nenav\u00e1zali, n\u00e1sleduj\u00edc\u00ed sezonu str\u00e1vili v druh\u00e9 polovin\u011b tabulky. V roce 1997 nep\u0159\u00edzniv\u00e1 situace vyvrcholila sestupem. Na p\u0159elomu tis\u00edcilet\u00ed v\u0161ak byli Rovers zp\u011bt a zanedlouho slavili dal\u0161\u00ed hmotn\u00fd \u00fasp\u011bch &#8211; zisk Ligov\u00e9ho poh\u00e1ru. V roce 2004 se t\u00fdmu ujal Mark Hughes a postupnou prac\u00ed klub dostal a\u017e do poh\u00e1rov\u00e9 Evropy. Jen\u017ee nic netrvalo v\u011b\u010dn\u011b a Hughese nahradil Sam Allardyce, pod kter\u00fdm Rovers hr\u00e1li st\u0159ed tabulky.<\/p>\n<p>Dal\u0161\u00ed miln\u00edk v\u0161ak na sebe nenechal dlouho \u010dekat. Na podzim roku 2010 p\u0159evzal majoritn\u00ed pod\u00edl v klubu indick\u00e1 spole\u010dnost Venky \u00b4s, kter\u00e1 m\u00edsto Allardyce dosadila Steva Keana. Ten ale zat\u00edm o\u010dek\u00e1v\u00e1n\u00ed nov\u00fdch ambici\u00f3zn\u00edch majitel\u016f nenapl\u0148uje, a tak Rovers zat\u00edm \u017eij\u00ed v realit\u011b spodku tabulky.<\/p>\n<h4><strong>Posledn\u00edch p\u011bt z\u00e1pas\u016f<\/strong><\/h4>\n<p>Vz\u00e1jemn\u00e9<\/p>\n<table>\n<tbody>\n<tr>\n<td class=\"date\">20.09.2009<\/td>\n<td class=\"comp\">Premier League<\/td>\n<td class=\"stage\">6. kolo<\/td>\n<td class=\"teams\">\n<div class=\"fl\">Everton FC &#8211; Blackburn Rovers<\/div>\n<\/td>\n<td class=\"res nbr\">3:0<\/td>\n<\/tr>\n<tr>\n<td class=\"date\">17.04.2010<\/td>\n<td class=\"comp\">Premier League<\/td>\n<td class=\"stage\">35. kolo<\/td>\n<td class=\"teams\">\n<div class=\"fl\">Blackburn Rovers &#8211; Everton FC<\/div>\n<\/td>\n<td class=\"res nbr\">2:3<\/td>\n<\/tr>\n<tr>\n<td class=\"date\">14.08.2010<\/td>\n<td class=\"comp\">Premier League<\/td>\n<td class=\"stage\">1. kolo<\/td>\n<td class=\"teams\">\n<div class=\"fl\">Blackburn Rovers- Everton FC<\/div>\n<\/td>\n<td class=\"res nbr\">1:0<\/td>\n<\/tr>\n<tr>\n<td class=\"date\">16.04.2011<\/td>\n<td class=\"comp\">Premier League<\/td>\n<td class=\"stage\">33. kolo<\/td>\n<td class=\"teams\">\n<div class=\"fl\">Everton FC &#8211; Blackburn Rovers<\/div>\n<\/td>\n<td class=\"res nbr\">2:0<\/td>\n<\/tr>\n<tr class=\"last\">\n<td class=\"date\">27.08.2011<\/td>\n<td class=\"comp\">Premier League<\/td>\n<td class=\"stage\">3. kolo<\/td>\n<td class=\"teams\">\n<div class=\"fl\">Blackburn Rovers &#8211; Everton FC<\/div>\n<\/td>\n<td class=\"res nbr\">0:1<\/td>\n<\/tr>\n<\/tbody>\n<\/table>\n<p>Everton<\/p>\n<table>\n<tbody>\n<tr>\n<td class=\"date\">01.01.2012<\/td>\n<td class=\"comp\">Premier League<\/td>\n<td class=\"stage\">19. kolo<\/td>\n<td>West Bromwich Albion &#8211; Everton FC<\/td>\n<td>0:1<\/td>\n<\/tr>\n<tr>\n<td class=\"date\">04.01.2012<\/td>\n<td class=\"comp\">Premier League<\/td>\n<td class=\"stage\">20. kolo<\/td>\n<td>Everton FC &#8211; Bolton Wanderers<\/td>\n<td>1:2<\/td>\n<\/tr>\n<tr>\n<td class=\"date\">07.01.2012<\/td>\n<td class=\"comp\">FA Cup<\/td>\n<td class=\"stage\">3. kolo<\/td>\n<td>Everton FC &#8211; Tamworth FC<\/td>\n<td>2:0<\/td>\n<\/tr>\n<tr>\n<td class=\"date\">11.01.2012<\/td>\n<td class=\"comp\">Premier League<\/td>\n<td class=\"stage\">1. kolo<\/td>\n<td>Tottenham Hotspur &#8211; Everton FC<\/td>\n<td>2:0<\/td>\n<\/tr>\n<tr>\n<td class=\"date\">14.01.2012<\/td>\n<td class=\"comp\">Premier League<\/td>\n<td class=\"stage\">21. kolo<\/td>\n<td>Aston Villa &#8211; Everton FC<\/td>\n<td>1:1<\/td>\n<\/tr>\n<\/tbody>\n<\/table>\n<p>Blackburn Rovers<\/p>\n<table>\n<tbody>\n<tr>\n<td class=\"date\">26.12.2011<\/td>\n<td class=\"comp\">Premier League<\/td>\n<td class=\"stage\">18. kolo<\/td>\n<td>Liverpool FC &#8211; Blackburn<\/td>\n<td>1:1<\/td>\n<\/tr>\n<tr>\n<td class=\"date\">31.12.2011<\/td>\n<td class=\"comp\">Premier League<\/td>\n<td class=\"stage\">19. kolo<\/td>\n<td>Manchester United &#8211; Blackburn<\/td>\n<td>2:3<\/td>\n<\/tr>\n<tr>\n<td class=\"date\">02.01.2012<\/td>\n<td class=\"comp\">Premier League<\/td>\n<td class=\"stage\">20. kolo<\/td>\n<td>Blackburn &#8211; Stoke City<\/td>\n<td>1:2<\/td>\n<\/tr>\n<tr>\n<td class=\"date\">07.01.2012<\/td>\n<td class=\"comp\">FA Cup<\/td>\n<td class=\"stage\">3. kolo<\/td>\n<td>Newcastle &#8211; Blackburn<\/td>\n<td>2:1<\/td>\n<\/tr>\n<tr class=\"last\">\n<td class=\"date\">14.01.2012<\/td>\n<td class=\"comp\">Premier League<\/td>\n<td class=\"stage\">21. kolo<\/td>\n<td>Blackburn &#8211; Fulham FC<\/td>\n<td>3:1<\/td>\n<\/tr>\n<\/tbody>\n<\/table>\n<h4><strong><br \/>\nStatistiky<\/strong><\/h4>\n<p>&#8211; David Moyes se Blackburnu postavil 22x. V dev\u00edti p\u0159\u00edpadech zv\u00edt\u011bzil, p\u011btkr\u00e1t remizoval a osmkr\u00e1t prohr\u00e1l.<br \/>\n&#8211; Louis Saha nast\u0159\u00edlel za svou kari\u00e9ru Blackburnu deset branek.<br \/>\n&#8211; Hned ve t\u0159ech ze sedmi posledn\u00edch vz\u00e1jemn\u00fdch st\u0159etnut\u00ed se o v\u00fdsledku rozhodlo po 90. minut\u011b.<br \/>\n&#8211; V celkov\u00e9 vz\u00e1jemn\u00e9 bilanci vede Everton, kdy\u017e porazil Blackburn 68x. Rovers vyhr\u00e1li nad Toffees 60x a 33x se zrodila rem\u00edza.<br \/>\n&#8211; Blackburn proti Everton nesk\u00f3roval ve \u010dty\u0159ech z posledn\u00edch \u0161esti utk\u00e1n\u00ed.<br \/>\n&#8211; V den v\u00fdkopu oslav\u00ed Phil Neville 35. narozeniny.<\/p>\n<h4><strong>Absence<\/strong><\/h4>\n<p>Evertonu budou ur\u010dit\u011b nad\u00e1le chyb\u011bt Barkley (koleno), Coleman (stehenn\u00ed sval), Distin (podkolenn\u00ed \u0161lacha), Hibbert (t\u0159\u00edslo), Jagielka (koleno), Rodwell (podkolenn\u00ed \u0161lacha) a Osman (chodidlo).<\/p>\n<p>Na druh\u00e9 stran\u011b absentuj\u00ed Grella, Nelsen, Salgado a Yakubu. Scott Dann se po zdravotn\u00edch probl\u00e9mech ji\u017e dal do po\u0159\u00e1dku, jeho kolega z obrany Christopher Samba i p\u0159es pod\u00e1n\u00ed \u017e\u00e1dosti na p\u0159estup nejsp\u00ed\u0161e nastoup\u00ed.<\/p>\n<p><strong>Everton FC &#8211; Blackburn Rovers<\/strong><br \/>\n<strong>Co:<\/strong>\u00a022. kolo Premier League<br \/>\n<strong>Kdy:<\/strong>\u00a011.01. 2012 16:00 SE\u010c<br \/>\n<strong>Kde:<\/strong>\u00a0Goodison Park, Liverpool<br \/>\n<strong>Rozhod\u010d\u00ed:<\/strong>\u00a0Mark Halsey<\/p>\n","protected":false},"excerpt":{"rendered":"<p>Na Goodison Park p\u0159ij\u00ed\u017ed\u00ed dal\u0161\u00ed t\u00fdm ohro\u017een\u00fd sestupem. Po proh\u0159e s Boltonem je v utk\u00e1n\u00ed proti Blackburnu Rovers jak\u00e1koli bodov\u00e1&hellip;<\/p>\n","protected":false},"author":6,"featured_media":1314,"comment_status":"open","ping_status":"closed","sticky":false,"template":"","format":"standard","meta":{"_eb_attr":"","_monsterinsights_skip_tracking":false,"_monsterinsights_sitenote_active":false,"_monsterinsights_sitenote_note":"","_monsterinsights_sitenote_category":0,"footnotes":""},"categories":[4],"tags":[],"yoast_head":"<!-- This site is optimized with the Yoast SEO plugin v23.4 - https:\/\/yoast.com\/wordpress\/plugins\/seo\/ -->\n<title>Preview: Everton - Blackburn Rovers - Official Czech &amp; Slovak Everton Supporters&#039; Club<\/title>\n<meta name=\"robots\" content=\"index, follow, max-snippet:-1, max-image-preview:large, max-video-preview:-1\" \/>\n<link rel=\"canonical\" href=\"https:\/\/evertonfc.cz\/index.php\/2012\/01\/20\/preview-everton-blackburn-rovers-2\/\" \/>\n<meta property=\"og:locale\" content=\"cs_CZ\" \/>\n<meta property=\"og:type\" content=\"article\" \/>\n<meta property=\"og:title\" content=\"Preview: Everton - Blackburn Rovers - Official Czech &amp; Slovak Everton Supporters&#039; Club\" \/>\n<meta property=\"og:description\" content=\"Na Goodison Park p\u0159ij\u00ed\u017ed\u00ed dal\u0161\u00ed t\u00fdm ohro\u017een\u00fd sestupem. Po proh\u0159e s Boltonem je v utk\u00e1n\u00ed proti Blackburnu Rovers jak\u00e1koli bodov\u00e1&hellip;\" \/>\n<meta property=\"og:url\" content=\"https:\/\/evertonfc.cz\/index.php\/2012\/01\/20\/preview-everton-blackburn-rovers-2\/\" \/>\n<meta property=\"og:site_name\" content=\"Official Czech &amp; Slovak Everton Supporters&#039; Club\" \/>\n<meta property=\"article:publisher\" content=\"https:\/\/www.facebook.com\/everton.fans.cz.sk\" \/>\n<meta property=\"article:published_time\" content=\"2012-01-20T16:05:58+00:00\" \/>\n<meta property=\"article:modified_time\" content=\"2019-02-17T16:08:48+00:00\" \/>\n<meta property=\"og:image\" content=\"https:\/\/evertonfc.cz\/wp-content\/uploads\/2019\/01\/preview.jpg\" \/>\n\t<meta property=\"og:image:width\" content=\"720\" \/>\n\t<meta property=\"og:image:height\" content=\"405\" \/>\n\t<meta property=\"og:image:type\" content=\"image\/jpeg\" \/>\n<meta name=\"author\" content=\"Ri\u010di\" \/>\n<meta name=\"twitter:card\" content=\"summary_large_image\" \/>\n<meta name=\"twitter:creator\" content=\"@rbrejsa\" \/>\n<meta name=\"twitter:label1\" content=\"Napsal(a)\" \/>\n\t<meta name=\"twitter:data1\" content=\"Ri\u010di\" \/>\n\t<meta name=\"twitter:label2\" content=\"Odhadovan\u00e1 doba \u010dten\u00ed\" \/>\n\t<meta name=\"twitter:data2\" content=\"6 minut\" \/>\n<script type=\"application\/ld+json\" class=\"yoast-schema-graph\">{\"@context\":\"https:\/\/schema.org\",\"@graph\":[{\"@type\":\"Article\",\"@id\":\"https:\/\/evertonfc.cz\/index.php\/2012\/01\/20\/preview-everton-blackburn-rovers-2\/#article\",\"isPartOf\":{\"@id\":\"https:\/\/evertonfc.cz\/index.php\/2012\/01\/20\/preview-everton-blackburn-rovers-2\/\"},\"author\":{\"name\":\"Ri\u010di\",\"@id\":\"https:\/\/evertonfc.cz\/#\/schema\/person\/f7a5daedb2ffee98480bc70e191aaef1\"},\"headline\":\"Preview: Everton &#8211; Blackburn Rovers\",\"datePublished\":\"2012-01-20T16:05:58+00:00\",\"dateModified\":\"2019-02-17T16:08:48+00:00\",\"mainEntityOfPage\":{\"@id\":\"https:\/\/evertonfc.cz\/index.php\/2012\/01\/20\/preview-everton-blackburn-rovers-2\/\"},\"wordCount\":1282,\"commentCount\":0,\"publisher\":{\"@id\":\"https:\/\/evertonfc.cz\/#organization\"},\"image\":{\"@id\":\"https:\/\/evertonfc.cz\/index.php\/2012\/01\/20\/preview-everton-blackburn-rovers-2\/#primaryimage\"},\"thumbnailUrl\":\"https:\/\/evertonfc.cz\/wp-content\/uploads\/2019\/01\/preview.jpg\",\"articleSection\":[\"Z\u00e1pasy\"],\"inLanguage\":\"cs\",\"potentialAction\":[{\"@type\":\"CommentAction\",\"name\":\"Comment\",\"target\":[\"https:\/\/evertonfc.cz\/index.php\/2012\/01\/20\/preview-everton-blackburn-rovers-2\/#respond\"]}]},{\"@type\":\"WebPage\",\"@id\":\"https:\/\/evertonfc.cz\/index.php\/2012\/01\/20\/preview-everton-blackburn-rovers-2\/\",\"url\":\"https:\/\/evertonfc.cz\/index.php\/2012\/01\/20\/preview-everton-blackburn-rovers-2\/\",\"name\":\"Preview: Everton - Blackburn Rovers - Official Czech &amp; Slovak Everton Supporters&#039; Club\",\"isPartOf\":{\"@id\":\"https:\/\/evertonfc.cz\/#website\"},\"primaryImageOfPage\":{\"@id\":\"https:\/\/evertonfc.cz\/index.php\/2012\/01\/20\/preview-everton-blackburn-rovers-2\/#primaryimage\"},\"image\":{\"@id\":\"https:\/\/evertonfc.cz\/index.php\/2012\/01\/20\/preview-everton-blackburn-rovers-2\/#primaryimage\"},\"thumbnailUrl\":\"https:\/\/evertonfc.cz\/wp-content\/uploads\/2019\/01\/preview.jpg\",\"datePublished\":\"2012-01-20T16:05:58+00:00\",\"dateModified\":\"2019-02-17T16:08:48+00:00\",\"breadcrumb\":{\"@id\":\"https:\/\/evertonfc.cz\/index.php\/2012\/01\/20\/preview-everton-blackburn-rovers-2\/#breadcrumb\"},\"inLanguage\":\"cs\",\"potentialAction\":[{\"@type\":\"ReadAction\",\"target\":[\"https:\/\/evertonfc.cz\/index.php\/2012\/01\/20\/preview-everton-blackburn-rovers-2\/\"]}]},{\"@type\":\"ImageObject\",\"inLanguage\":\"cs\",\"@id\":\"https:\/\/evertonfc.cz\/index.php\/2012\/01\/20\/preview-everton-blackburn-rovers-2\/#primaryimage\",\"url\":\"https:\/\/evertonfc.cz\/wp-content\/uploads\/2019\/01\/preview.jpg\",\"contentUrl\":\"https:\/\/evertonfc.cz\/wp-content\/uploads\/2019\/01\/preview.jpg\",\"width\":720,\"height\":405},{\"@type\":\"BreadcrumbList\",\"@id\":\"https:\/\/evertonfc.cz\/index.php\/2012\/01\/20\/preview-everton-blackburn-rovers-2\/#breadcrumb\",\"itemListElement\":[{\"@type\":\"ListItem\",\"position\":1,\"name\":\"Home\",\"item\":\"https:\/\/evertonfc.cz\/\"},{\"@type\":\"ListItem\",\"position\":2,\"name\":\"Preview: Everton &#8211; Blackburn Rovers\"}]},{\"@type\":\"WebSite\",\"@id\":\"https:\/\/evertonfc.cz\/#website\",\"url\":\"https:\/\/evertonfc.cz\/\",\"name\":\"Official Czech &amp; Slovak Everton Supporters&#039; Club\",\"description\":\"\",\"publisher\":{\"@id\":\"https:\/\/evertonfc.cz\/#organization\"},\"potentialAction\":[{\"@type\":\"SearchAction\",\"target\":{\"@type\":\"EntryPoint\",\"urlTemplate\":\"https:\/\/evertonfc.cz\/?s={search_term_string}\"},\"query-input\":{\"@type\":\"PropertyValueSpecification\",\"valueRequired\":true,\"valueName\":\"search_term_string\"}}],\"inLanguage\":\"cs\"},{\"@type\":\"Organization\",\"@id\":\"https:\/\/evertonfc.cz\/#organization\",\"name\":\"Official Czech & Slovak Everton Supporters' Club\",\"url\":\"https:\/\/evertonfc.cz\/\",\"logo\":{\"@type\":\"ImageObject\",\"inLanguage\":\"cs\",\"@id\":\"https:\/\/evertonfc.cz\/#\/schema\/logo\/image\/\",\"url\":\"https:\/\/evertonfc.cz\/wp-content\/uploads\/2019\/05\/logo.png\",\"contentUrl\":\"https:\/\/evertonfc.cz\/wp-content\/uploads\/2019\/05\/logo.png\",\"width\":112,\"height\":112,\"caption\":\"Official Czech & Slovak Everton Supporters' Club\"},\"image\":{\"@id\":\"https:\/\/evertonfc.cz\/#\/schema\/logo\/image\/\"},\"sameAs\":[\"https:\/\/www.facebook.com\/everton.fans.cz.sk\"]},{\"@type\":\"Person\",\"@id\":\"https:\/\/evertonfc.cz\/#\/schema\/person\/f7a5daedb2ffee98480bc70e191aaef1\",\"name\":\"Ri\u010di\",\"sameAs\":[\"https:\/\/x.com\/rbrejsa\"],\"url\":\"https:\/\/evertonfc.cz\/index.php\/author\/rici\/\"}]}<\/script>\n<!-- \/ Yoast SEO plugin. -->","yoast_head_json":{"title":"Preview: Everton - Blackburn Rovers - Official Czech &amp; Slovak Everton Supporters&#039; Club","robots":{"index":"index","follow":"follow","max-snippet":"max-snippet:-1","max-image-preview":"max-image-preview:large","max-video-preview":"max-video-preview:-1"},"canonical":"https:\/\/evertonfc.cz\/index.php\/2012\/01\/20\/preview-everton-blackburn-rovers-2\/","og_locale":"cs_CZ","og_type":"article","og_title":"Preview: Everton - Blackburn Rovers - Official Czech &amp; Slovak Everton Supporters&#039; Club","og_description":"Na Goodison Park p\u0159ij\u00ed\u017ed\u00ed dal\u0161\u00ed t\u00fdm ohro\u017een\u00fd sestupem. Po proh\u0159e s Boltonem je v utk\u00e1n\u00ed proti Blackburnu Rovers jak\u00e1koli bodov\u00e1&hellip;","og_url":"https:\/\/evertonfc.cz\/index.php\/2012\/01\/20\/preview-everton-blackburn-rovers-2\/","og_site_name":"Official Czech &amp; Slovak Everton Supporters&#039; Club","article_publisher":"https:\/\/www.facebook.com\/everton.fans.cz.sk","article_published_time":"2012-01-20T16:05:58+00:00","article_modified_time":"2019-02-17T16:08:48+00:00","og_image":[{"width":720,"height":405,"url":"https:\/\/evertonfc.cz\/wp-content\/uploads\/2019\/01\/preview.jpg","type":"image\/jpeg"}],"author":"Ri\u010di","twitter_card":"summary_large_image","twitter_creator":"@rbrejsa","twitter_misc":{"Napsal(a)":"Ri\u010di","Odhadovan\u00e1 doba \u010dten\u00ed":"6 minut"},"schema":{"@context":"https:\/\/schema.org","@graph":[{"@type":"Article","@id":"https:\/\/evertonfc.cz\/index.php\/2012\/01\/20\/preview-everton-blackburn-rovers-2\/#article","isPartOf":{"@id":"https:\/\/evertonfc.cz\/index.php\/2012\/01\/20\/preview-everton-blackburn-rovers-2\/"},"author":{"name":"Ri\u010di","@id":"https:\/\/evertonfc.cz\/#\/schema\/person\/f7a5daedb2ffee98480bc70e191aaef1"},"headline":"Preview: Everton &#8211; Blackburn Rovers","datePublished":"2012-01-20T16:05:58+00:00","dateModified":"2019-02-17T16:08:48+00:00","mainEntityOfPage":{"@id":"https:\/\/evertonfc.cz\/index.php\/2012\/01\/20\/preview-everton-blackburn-rovers-2\/"},"wordCount":1282,"commentCount":0,"publisher":{"@id":"https:\/\/evertonfc.cz\/#organization"},"image":{"@id":"https:\/\/evertonfc.cz\/index.php\/2012\/01\/20\/preview-everton-blackburn-rovers-2\/#primaryimage"},"thumbnailUrl":"https:\/\/evertonfc.cz\/wp-content\/uploads\/2019\/01\/preview.jpg","articleSection":["Z\u00e1pasy"],"inLanguage":"cs","potentialAction":[{"@type":"CommentAction","name":"Comment","target":["https:\/\/evertonfc.cz\/index.php\/2012\/01\/20\/preview-everton-blackburn-rovers-2\/#respond"]}]},{"@type":"WebPage","@id":"https:\/\/evertonfc.cz\/index.php\/2012\/01\/20\/preview-everton-blackburn-rovers-2\/","url":"https:\/\/evertonfc.cz\/index.php\/2012\/01\/20\/preview-everton-blackburn-rovers-2\/","name":"Preview: Everton - Blackburn Rovers - Official Czech &amp; Slovak Everton Supporters&#039; Club","isPartOf":{"@id":"https:\/\/evertonfc.cz\/#website"},"primaryImageOfPage":{"@id":"https:\/\/evertonfc.cz\/index.php\/2012\/01\/20\/preview-everton-blackburn-rovers-2\/#primaryimage"},"image":{"@id":"https:\/\/evertonfc.cz\/index.php\/2012\/01\/20\/preview-everton-blackburn-rovers-2\/#primaryimage"},"thumbnailUrl":"https:\/\/evertonfc.cz\/wp-content\/uploads\/2019\/01\/preview.jpg","datePublished":"2012-01-20T16:05:58+00:00","dateModified":"2019-02-17T16:08:48+00:00","breadcrumb":{"@id":"https:\/\/evertonfc.cz\/index.php\/2012\/01\/20\/preview-everton-blackburn-rovers-2\/#breadcrumb"},"inLanguage":"cs","potentialAction":[{"@type":"ReadAction","target":["https:\/\/evertonfc.cz\/index.php\/2012\/01\/20\/preview-everton-blackburn-rovers-2\/"]}]},{"@type":"ImageObject","inLanguage":"cs","@id":"https:\/\/evertonfc.cz\/index.php\/2012\/01\/20\/preview-everton-blackburn-rovers-2\/#primaryimage","url":"https:\/\/evertonfc.cz\/wp-content\/uploads\/2019\/01\/preview.jpg","contentUrl":"https:\/\/evertonfc.cz\/wp-content\/uploads\/2019\/01\/preview.jpg","width":720,"height":405},{"@type":"BreadcrumbList","@id":"https:\/\/evertonfc.cz\/index.php\/2012\/01\/20\/preview-everton-blackburn-rovers-2\/#breadcrumb","itemListElement":[{"@type":"ListItem","position":1,"name":"Home","item":"https:\/\/evertonfc.cz\/"},{"@type":"ListItem","position":2,"name":"Preview: Everton &#8211; Blackburn Rovers"}]},{"@type":"WebSite","@id":"https:\/\/evertonfc.cz\/#website","url":"https:\/\/evertonfc.cz\/","name":"Official Czech &amp; Slovak Everton Supporters&#039; Club","description":"","publisher":{"@id":"https:\/\/evertonfc.cz\/#organization"},"potentialAction":[{"@type":"SearchAction","target":{"@type":"EntryPoint","urlTemplate":"https:\/\/evertonfc.cz\/?s={search_term_string}"},"query-input":{"@type":"PropertyValueSpecification","valueRequired":true,"valueName":"search_term_string"}}],"inLanguage":"cs"},{"@type":"Organization","@id":"https:\/\/evertonfc.cz\/#organization","name":"Official Czech & Slovak Everton Supporters' Club","url":"https:\/\/evertonfc.cz\/","logo":{"@type":"ImageObject","inLanguage":"cs","@id":"https:\/\/evertonfc.cz\/#\/schema\/logo\/image\/","url":"https:\/\/evertonfc.cz\/wp-content\/uploads\/2019\/05\/logo.png","contentUrl":"https:\/\/evertonfc.cz\/wp-content\/uploads\/2019\/05\/logo.png","width":112,"height":112,"caption":"Official Czech & Slovak Everton Supporters' Club"},"image":{"@id":"https:\/\/evertonfc.cz\/#\/schema\/logo\/image\/"},"sameAs":["https:\/\/www.facebook.com\/everton.fans.cz.sk"]},{"@type":"Person","@id":"https:\/\/evertonfc.cz\/#\/schema\/person\/f7a5daedb2ffee98480bc70e191aaef1","name":"Ri\u010di","sameAs":["https:\/\/x.com\/rbrejsa"],"url":"https:\/\/evertonfc.cz\/index.php\/author\/rici\/"}]}},"_links":{"self":[{"href":"https:\/\/evertonfc.cz\/index.php\/wp-json\/wp\/v2\/posts\/6110"}],"collection":[{"href":"https:\/\/evertonfc.cz\/index.php\/wp-json\/wp\/v2\/posts"}],"about":[{"href":"https:\/\/evertonfc.cz\/index.php\/wp-json\/wp\/v2\/types\/post"}],"author":[{"embeddable":true,"href":"https:\/\/evertonfc.cz\/index.php\/wp-json\/wp\/v2\/users\/6"}],"replies":[{"embeddable":true,"href":"https:\/\/evertonfc.cz\/index.php\/wp-json\/wp\/v2\/comments?post=6110"}],"version-history":[{"count":1,"href":"https:\/\/evertonfc.cz\/index.php\/wp-json\/wp\/v2\/posts\/6110\/revisions"}],"predecessor-version":[{"id":6111,"href":"https:\/\/evertonfc.cz\/index.php\/wp-json\/wp\/v2\/posts\/6110\/revisions\/6111"}],"wp:featuredmedia":[{"embeddable":true,"href":"https:\/\/evertonfc.cz\/index.php\/wp-json\/wp\/v2\/media\/1314"}],"wp:attachment":[{"href":"https:\/\/evertonfc.cz\/index.php\/wp-json\/wp\/v2\/media?parent=6110"}],"wp:term":[{"taxonomy":"category","embeddable":true,"href":"https:\/\/evertonfc.cz\/index.php\/wp-json\/wp\/v2\/categories?post=6110"},{"taxonomy":"post_tag","embeddable":true,"href":"https:\/\/evertonfc.cz\/index.php\/wp-json\/wp\/v2\/tags?post=6110"}],"curies":[{"name":"wp","href":"https:\/\/api.w.org\/{rel}","templated":true}]}}