{"id":6117,"date":"2012-10-17T17:12:22","date_gmt":"2012-10-17T15:12:22","guid":{"rendered":"http:\/\/evertonfc.cz\/?p=6117"},"modified":"2019-02-17T17:13:18","modified_gmt":"2019-02-17T16:13:18","slug":"wigan-athletic-everton-22","status":"publish","type":"post","link":"https:\/\/evertonfc.cz\/index.php\/2012\/10\/17\/wigan-athletic-everton-22\/","title":{"rendered":"Wigan Athletic &#8211; Everton 2:2"},"content":{"rendered":"<h4 id=\"NewsPostDetailSummary\">P\u0159ed reprezenta\u010dn\u00ed p\u0159est\u00e1vkou Everton nenat\u00e1hnul v\u00edt\u011bznou s\u00e9rii, kdy\u017e aspo\u0148 bod za rem\u00edzu ve Wiganu zachra\u0148oval v 87. minut\u011b z pokutov\u00e9ho kopu jeho b\u00fdval\u00fd hr\u00e1\u010d Leighton Baines.<\/h4>\n<div id=\"NewsPostDetailContent\">\n<p>Proti sob\u011b st\u00e1l na jedn\u00e9, t\u00e9 dom\u00e1c\u00ed stran\u011b t\u00fdm, kter\u00fd za\u017e\u00edv\u00e1 sv\u016fj nejhor\u0161\u00ed start do sez\u00f3ny v r\u00e1mci Premier League a druh\u00e9 stran\u011b mu\u017estvo, kter\u00e9 je na tom p\u0159esn\u011b obr\u00e1cen\u011b. Zd\u00e1lo by se tak, \u017ee z\u00e1pas dopadne jasn\u011b ve prosp\u011bch Evertonu, Wigan to v\u0161ak p\u0159ipustit necht\u011bl. A v 8. minut\u011b zahrozil poprv\u00e9, kdy\u017e Kon\u00e9 m\u00e1lem vyu\u017eil zav\u00e1h\u00e1n\u00ed Heitingy. Neb\u00fdt pohotov\u00e9ho Leightona Bainese, \u00fato\u010dn\u00edk z Pob\u0159e\u017e\u00ed slonoviny zakon\u010doval v nebezpe\u010dn\u00e9 pozici.<\/p>\n<p>O dv\u011b minuty pozd\u011bji se v\u0161ak u\u017e dom\u00e1c\u00ed \u00fato\u010dn\u00edk radoval. Dobr\u00fdm pasem vyzval Maloneyho do strany, odkud po kli\u010dce Colemanovi p\u0159i\u0161el centr p\u0159ed br\u00e1nu, kde Kon\u00e9 bez probl\u00e9m\u016f (v neodm\u00e1van\u00e9 ofsajdov\u00e9 pozici) hlavi\u010dkoval &#8211; <strong>1:0<\/strong>.<\/p>\n<p>Dom\u00e1c\u00ed se neradovali dlouho, hned za minuty na\u0161el Pienaar na zadn\u00ed ty\u010di Jelavi\u0107e a d\u00edky Chorvatov\u011b hlavi\u010dce bylo srovn\u00e1no &#8211; <strong>1:1<\/strong>.<\/p>\n<p>Ve 25. minut\u011b po dlouh\u00e9m n\u00e1kopu se dostal k m\u00ed\u010di Kon\u00e9, dovedl ho a\u017e do v\u00e1pna, lehce oklamal Heitingu a p\u0159ipravil Di Santovi skv\u011blou p\u0159ihr\u00e1vkou jasnou g\u00f3lovku, kterou Di Santo zku\u0161en\u011b prom\u011bnil d\u011blovkou pod b\u0159evno &#8211; <strong>2:1<\/strong>. Tent\u00fd\u017e hr\u00e1\u010d za chv\u00edli po r\u00e1n\u011b z d\u00e1lky vypr\u00e1\u0161il rukavice Howarda.<\/p>\n<p>Ve 32. minut\u011b se ve v\u00e1pn\u011b Osman dob\u0159e uvolnil a s jeho te\u010dovanou st\u0159elou m\u011bl Al Habsi velk\u00e9 probl\u00e9my. Fotbal velk\u00fdch \u0161anc\u00ed pokra\u010doval, Leighton Baines ze strany z bl\u00edzkosti nast\u0159elil b\u0159evno.<\/p>\n<p>Po p\u0159est\u00e1vce Baines skv\u011ble zakombinoval s Pienaarem, prvn\u011b jmenovan\u00fd nahr\u00e1l Mirallasovi, jen\u017e z hranice v\u00e1pna p\u0159est\u0159elil. Stejn\u00e1 spolupr\u00e1ce se zrodila i za chv\u00edli, Mirallase tentokr\u00e1t Al Habsi vychytal.<\/p>\n<p>V 62. minut\u011b mohl Kon\u00e9 rozhodnout, Jagielka ale v\u00fdborn\u00fdm skluzem zakon\u010den\u00ed p\u0159ekazil. Utk\u00e1n\u00ed ji\u017e sm\u011b\u0159ovalo k rem\u00edze, jen\u017ee p\u011bt minut p\u0159ed koncem Mirallase podkopl ve v\u00e1pn\u011b Figueroa, rozhod\u010d\u00ed Kevin Friend na\u0159\u00eddil pokutov\u00fd kop. Ten Leighton Baines nasm\u011broval do \u0161ibenice a vyrovnal &#8211; <strong>2:2<\/strong>.<\/p>\n<p>Wigan mohl v sam\u00e9m z\u00e1v\u011bru mohl strhnout v\u00fdhru na svou stranu, Maloneyho te\u010dovan\u00e1 st\u0159ela v\u0161ak na\u0161t\u011bst\u00ed \u0161la t\u011bsn\u011b nad b\u0159evno.<\/p>\n<p><strong>Branky:<\/strong> 10. Arouna Kon\u00e9, 23. Franco Di Santo &#8211; 11. Nikica Jelavi\u0107, 87. Leighton Baines z PK<br \/>\n<strong>\u017dK:<\/strong> 19. Shaun Maloney, 56. James McCarthy &#8211; 44. Marouane Fellaini, 58. Leighton Baines, 60. Nikica Jelavi\u0107, 75. Phil Neville, 90+1. Victor Anichebe<br \/>\n<strong>Wigan Athletic:<\/strong> Ali Al Habsi, Ivan Ramis, Gary Caldwell, Maynor Figueroa, Emmerson Boyce, James McCarthy, James McArthur, Jean Beausejour, Arouna Kon\u00e9, Franco Di Santo (84. Callum McManaman), Shaun Maloney<br \/>\n<strong>Everton FC:<\/strong> Tim Howard, Seamus Coleman, Phil Jagielka, John Heitinga (46. Sylvain Distin), Leighton Baines, Kevin Mirallas (90+2. Steven Naismith), Phil Neville (81. Victor Anichebe), Leon Osman, Steven Pienaar, Marouane Fellaini, Nikica Jelavi\u0107<br \/>\n<strong>Rozhod\u010d\u00ed:<\/strong> Kevin Friend<br \/>\n<strong>Div\u00e1ci:<\/strong> 18 759<\/p>\n<\/div>\n","protected":false},"excerpt":{"rendered":"<p>P\u0159ed reprezenta\u010dn\u00ed p\u0159est\u00e1vkou Everton nenat\u00e1hnul v\u00edt\u011bznou s\u00e9rii, kdy\u017e aspo\u0148 bod za rem\u00edzu ve Wiganu zachra\u0148oval v 87. minut\u011b z pokutov\u00e9ho&hellip;<\/p>\n","protected":false},"author":6,"featured_media":1315,"comment_status":"open","ping_status":"closed","sticky":false,"template":"","format":"standard","meta":{"_eb_attr":"","_monsterinsights_skip_tracking":false,"_monsterinsights_sitenote_active":false,"_monsterinsights_sitenote_note":"","_monsterinsights_sitenote_category":0,"footnotes":""},"categories":[4],"tags":[],"yoast_head":"<!-- This site is optimized with the Yoast SEO plugin v23.4 - https:\/\/yoast.com\/wordpress\/plugins\/seo\/ -->\n<title>Wigan Athletic - Everton 2:2 - Official Czech &amp; Slovak Everton Supporters&#039; Club<\/title>\n<meta name=\"robots\" content=\"index, follow, max-snippet:-1, max-image-preview:large, max-video-preview:-1\" \/>\n<link rel=\"canonical\" href=\"https:\/\/evertonfc.cz\/index.php\/2012\/10\/17\/wigan-athletic-everton-22\/\" \/>\n<meta property=\"og:locale\" content=\"cs_CZ\" \/>\n<meta property=\"og:type\" content=\"article\" \/>\n<meta property=\"og:title\" content=\"Wigan Athletic - Everton 2:2 - Official Czech &amp; Slovak Everton Supporters&#039; Club\" \/>\n<meta property=\"og:description\" content=\"P\u0159ed reprezenta\u010dn\u00ed p\u0159est\u00e1vkou Everton nenat\u00e1hnul v\u00edt\u011bznou s\u00e9rii, kdy\u017e aspo\u0148 bod za rem\u00edzu ve Wiganu zachra\u0148oval v 87. minut\u011b z pokutov\u00e9ho&hellip;\" \/>\n<meta property=\"og:url\" content=\"https:\/\/evertonfc.cz\/index.php\/2012\/10\/17\/wigan-athletic-everton-22\/\" \/>\n<meta property=\"og:site_name\" content=\"Official Czech &amp; Slovak Everton Supporters&#039; Club\" \/>\n<meta property=\"article:publisher\" content=\"https:\/\/www.facebook.com\/everton.fans.cz.sk\" \/>\n<meta property=\"article:published_time\" content=\"2012-10-17T15:12:22+00:00\" \/>\n<meta property=\"article:modified_time\" content=\"2019-02-17T16:13:18+00:00\" \/>\n<meta property=\"og:image\" content=\"https:\/\/evertonfc.cz\/wp-content\/uploads\/2019\/01\/report.jpg\" \/>\n\t<meta property=\"og:image:width\" content=\"720\" \/>\n\t<meta property=\"og:image:height\" content=\"405\" \/>\n\t<meta property=\"og:image:type\" content=\"image\/jpeg\" \/>\n<meta name=\"author\" content=\"Ri\u010di\" \/>\n<meta name=\"twitter:card\" content=\"summary_large_image\" \/>\n<meta name=\"twitter:creator\" content=\"@rbrejsa\" \/>\n<meta name=\"twitter:label1\" content=\"Napsal(a)\" \/>\n\t<meta name=\"twitter:data1\" content=\"Ri\u010di\" \/>\n\t<meta name=\"twitter:label2\" content=\"Odhadovan\u00e1 doba \u010dten\u00ed\" \/>\n\t<meta name=\"twitter:data2\" content=\"3 minuty\" \/>\n<script type=\"application\/ld+json\" class=\"yoast-schema-graph\">{\"@context\":\"https:\/\/schema.org\",\"@graph\":[{\"@type\":\"Article\",\"@id\":\"https:\/\/evertonfc.cz\/index.php\/2012\/10\/17\/wigan-athletic-everton-22\/#article\",\"isPartOf\":{\"@id\":\"https:\/\/evertonfc.cz\/index.php\/2012\/10\/17\/wigan-athletic-everton-22\/\"},\"author\":{\"name\":\"Ri\u010di\",\"@id\":\"https:\/\/evertonfc.cz\/#\/schema\/person\/f7a5daedb2ffee98480bc70e191aaef1\"},\"headline\":\"Wigan Athletic &#8211; Everton 2:2\",\"datePublished\":\"2012-10-17T15:12:22+00:00\",\"dateModified\":\"2019-02-17T16:13:18+00:00\",\"mainEntityOfPage\":{\"@id\":\"https:\/\/evertonfc.cz\/index.php\/2012\/10\/17\/wigan-athletic-everton-22\/\"},\"wordCount\":531,\"commentCount\":0,\"publisher\":{\"@id\":\"https:\/\/evertonfc.cz\/#organization\"},\"image\":{\"@id\":\"https:\/\/evertonfc.cz\/index.php\/2012\/10\/17\/wigan-athletic-everton-22\/#primaryimage\"},\"thumbnailUrl\":\"https:\/\/evertonfc.cz\/wp-content\/uploads\/2019\/01\/report.jpg\",\"articleSection\":[\"Z\u00e1pasy\"],\"inLanguage\":\"cs\",\"potentialAction\":[{\"@type\":\"CommentAction\",\"name\":\"Comment\",\"target\":[\"https:\/\/evertonfc.cz\/index.php\/2012\/10\/17\/wigan-athletic-everton-22\/#respond\"]}]},{\"@type\":\"WebPage\",\"@id\":\"https:\/\/evertonfc.cz\/index.php\/2012\/10\/17\/wigan-athletic-everton-22\/\",\"url\":\"https:\/\/evertonfc.cz\/index.php\/2012\/10\/17\/wigan-athletic-everton-22\/\",\"name\":\"Wigan Athletic - Everton 2:2 - Official Czech &amp; Slovak Everton Supporters&#039; Club\",\"isPartOf\":{\"@id\":\"https:\/\/evertonfc.cz\/#website\"},\"primaryImageOfPage\":{\"@id\":\"https:\/\/evertonfc.cz\/index.php\/2012\/10\/17\/wigan-athletic-everton-22\/#primaryimage\"},\"image\":{\"@id\":\"https:\/\/evertonfc.cz\/index.php\/2012\/10\/17\/wigan-athletic-everton-22\/#primaryimage\"},\"thumbnailUrl\":\"https:\/\/evertonfc.cz\/wp-content\/uploads\/2019\/01\/report.jpg\",\"datePublished\":\"2012-10-17T15:12:22+00:00\",\"dateModified\":\"2019-02-17T16:13:18+00:00\",\"breadcrumb\":{\"@id\":\"https:\/\/evertonfc.cz\/index.php\/2012\/10\/17\/wigan-athletic-everton-22\/#breadcrumb\"},\"inLanguage\":\"cs\",\"potentialAction\":[{\"@type\":\"ReadAction\",\"target\":[\"https:\/\/evertonfc.cz\/index.php\/2012\/10\/17\/wigan-athletic-everton-22\/\"]}]},{\"@type\":\"ImageObject\",\"inLanguage\":\"cs\",\"@id\":\"https:\/\/evertonfc.cz\/index.php\/2012\/10\/17\/wigan-athletic-everton-22\/#primaryimage\",\"url\":\"https:\/\/evertonfc.cz\/wp-content\/uploads\/2019\/01\/report.jpg\",\"contentUrl\":\"https:\/\/evertonfc.cz\/wp-content\/uploads\/2019\/01\/report.jpg\",\"width\":720,\"height\":405},{\"@type\":\"BreadcrumbList\",\"@id\":\"https:\/\/evertonfc.cz\/index.php\/2012\/10\/17\/wigan-athletic-everton-22\/#breadcrumb\",\"itemListElement\":[{\"@type\":\"ListItem\",\"position\":1,\"name\":\"Home\",\"item\":\"https:\/\/evertonfc.cz\/\"},{\"@type\":\"ListItem\",\"position\":2,\"name\":\"Wigan Athletic &#8211; Everton 2:2\"}]},{\"@type\":\"WebSite\",\"@id\":\"https:\/\/evertonfc.cz\/#website\",\"url\":\"https:\/\/evertonfc.cz\/\",\"name\":\"Official Czech &amp; Slovak Everton Supporters&#039; Club\",\"description\":\"\",\"publisher\":{\"@id\":\"https:\/\/evertonfc.cz\/#organization\"},\"potentialAction\":[{\"@type\":\"SearchAction\",\"target\":{\"@type\":\"EntryPoint\",\"urlTemplate\":\"https:\/\/evertonfc.cz\/?s={search_term_string}\"},\"query-input\":{\"@type\":\"PropertyValueSpecification\",\"valueRequired\":true,\"valueName\":\"search_term_string\"}}],\"inLanguage\":\"cs\"},{\"@type\":\"Organization\",\"@id\":\"https:\/\/evertonfc.cz\/#organization\",\"name\":\"Official Czech & Slovak Everton Supporters' Club\",\"url\":\"https:\/\/evertonfc.cz\/\",\"logo\":{\"@type\":\"ImageObject\",\"inLanguage\":\"cs\",\"@id\":\"https:\/\/evertonfc.cz\/#\/schema\/logo\/image\/\",\"url\":\"https:\/\/evertonfc.cz\/wp-content\/uploads\/2019\/05\/logo.png\",\"contentUrl\":\"https:\/\/evertonfc.cz\/wp-content\/uploads\/2019\/05\/logo.png\",\"width\":112,\"height\":112,\"caption\":\"Official Czech & Slovak Everton Supporters' Club\"},\"image\":{\"@id\":\"https:\/\/evertonfc.cz\/#\/schema\/logo\/image\/\"},\"sameAs\":[\"https:\/\/www.facebook.com\/everton.fans.cz.sk\"]},{\"@type\":\"Person\",\"@id\":\"https:\/\/evertonfc.cz\/#\/schema\/person\/f7a5daedb2ffee98480bc70e191aaef1\",\"name\":\"Ri\u010di\",\"sameAs\":[\"https:\/\/x.com\/rbrejsa\"],\"url\":\"https:\/\/evertonfc.cz\/index.php\/author\/rici\/\"}]}<\/script>\n<!-- \/ Yoast SEO plugin. -->","yoast_head_json":{"title":"Wigan Athletic - Everton 2:2 - Official Czech &amp; Slovak Everton Supporters&#039; Club","robots":{"index":"index","follow":"follow","max-snippet":"max-snippet:-1","max-image-preview":"max-image-preview:large","max-video-preview":"max-video-preview:-1"},"canonical":"https:\/\/evertonfc.cz\/index.php\/2012\/10\/17\/wigan-athletic-everton-22\/","og_locale":"cs_CZ","og_type":"article","og_title":"Wigan Athletic - Everton 2:2 - Official Czech &amp; Slovak Everton Supporters&#039; Club","og_description":"P\u0159ed reprezenta\u010dn\u00ed p\u0159est\u00e1vkou Everton nenat\u00e1hnul v\u00edt\u011bznou s\u00e9rii, kdy\u017e aspo\u0148 bod za rem\u00edzu ve Wiganu zachra\u0148oval v 87. minut\u011b z pokutov\u00e9ho&hellip;","og_url":"https:\/\/evertonfc.cz\/index.php\/2012\/10\/17\/wigan-athletic-everton-22\/","og_site_name":"Official Czech &amp; Slovak Everton Supporters&#039; Club","article_publisher":"https:\/\/www.facebook.com\/everton.fans.cz.sk","article_published_time":"2012-10-17T15:12:22+00:00","article_modified_time":"2019-02-17T16:13:18+00:00","og_image":[{"width":720,"height":405,"url":"https:\/\/evertonfc.cz\/wp-content\/uploads\/2019\/01\/report.jpg","type":"image\/jpeg"}],"author":"Ri\u010di","twitter_card":"summary_large_image","twitter_creator":"@rbrejsa","twitter_misc":{"Napsal(a)":"Ri\u010di","Odhadovan\u00e1 doba \u010dten\u00ed":"3 minuty"},"schema":{"@context":"https:\/\/schema.org","@graph":[{"@type":"Article","@id":"https:\/\/evertonfc.cz\/index.php\/2012\/10\/17\/wigan-athletic-everton-22\/#article","isPartOf":{"@id":"https:\/\/evertonfc.cz\/index.php\/2012\/10\/17\/wigan-athletic-everton-22\/"},"author":{"name":"Ri\u010di","@id":"https:\/\/evertonfc.cz\/#\/schema\/person\/f7a5daedb2ffee98480bc70e191aaef1"},"headline":"Wigan Athletic &#8211; Everton 2:2","datePublished":"2012-10-17T15:12:22+00:00","dateModified":"2019-02-17T16:13:18+00:00","mainEntityOfPage":{"@id":"https:\/\/evertonfc.cz\/index.php\/2012\/10\/17\/wigan-athletic-everton-22\/"},"wordCount":531,"commentCount":0,"publisher":{"@id":"https:\/\/evertonfc.cz\/#organization"},"image":{"@id":"https:\/\/evertonfc.cz\/index.php\/2012\/10\/17\/wigan-athletic-everton-22\/#primaryimage"},"thumbnailUrl":"https:\/\/evertonfc.cz\/wp-content\/uploads\/2019\/01\/report.jpg","articleSection":["Z\u00e1pasy"],"inLanguage":"cs","potentialAction":[{"@type":"CommentAction","name":"Comment","target":["https:\/\/evertonfc.cz\/index.php\/2012\/10\/17\/wigan-athletic-everton-22\/#respond"]}]},{"@type":"WebPage","@id":"https:\/\/evertonfc.cz\/index.php\/2012\/10\/17\/wigan-athletic-everton-22\/","url":"https:\/\/evertonfc.cz\/index.php\/2012\/10\/17\/wigan-athletic-everton-22\/","name":"Wigan Athletic - Everton 2:2 - Official Czech &amp; Slovak Everton Supporters&#039; Club","isPartOf":{"@id":"https:\/\/evertonfc.cz\/#website"},"primaryImageOfPage":{"@id":"https:\/\/evertonfc.cz\/index.php\/2012\/10\/17\/wigan-athletic-everton-22\/#primaryimage"},"image":{"@id":"https:\/\/evertonfc.cz\/index.php\/2012\/10\/17\/wigan-athletic-everton-22\/#primaryimage"},"thumbnailUrl":"https:\/\/evertonfc.cz\/wp-content\/uploads\/2019\/01\/report.jpg","datePublished":"2012-10-17T15:12:22+00:00","dateModified":"2019-02-17T16:13:18+00:00","breadcrumb":{"@id":"https:\/\/evertonfc.cz\/index.php\/2012\/10\/17\/wigan-athletic-everton-22\/#breadcrumb"},"inLanguage":"cs","potentialAction":[{"@type":"ReadAction","target":["https:\/\/evertonfc.cz\/index.php\/2012\/10\/17\/wigan-athletic-everton-22\/"]}]},{"@type":"ImageObject","inLanguage":"cs","@id":"https:\/\/evertonfc.cz\/index.php\/2012\/10\/17\/wigan-athletic-everton-22\/#primaryimage","url":"https:\/\/evertonfc.cz\/wp-content\/uploads\/2019\/01\/report.jpg","contentUrl":"https:\/\/evertonfc.cz\/wp-content\/uploads\/2019\/01\/report.jpg","width":720,"height":405},{"@type":"BreadcrumbList","@id":"https:\/\/evertonfc.cz\/index.php\/2012\/10\/17\/wigan-athletic-everton-22\/#breadcrumb","itemListElement":[{"@type":"ListItem","position":1,"name":"Home","item":"https:\/\/evertonfc.cz\/"},{"@type":"ListItem","position":2,"name":"Wigan Athletic &#8211; Everton 2:2"}]},{"@type":"WebSite","@id":"https:\/\/evertonfc.cz\/#website","url":"https:\/\/evertonfc.cz\/","name":"Official Czech &amp; Slovak Everton Supporters&#039; Club","description":"","publisher":{"@id":"https:\/\/evertonfc.cz\/#organization"},"potentialAction":[{"@type":"SearchAction","target":{"@type":"EntryPoint","urlTemplate":"https:\/\/evertonfc.cz\/?s={search_term_string}"},"query-input":{"@type":"PropertyValueSpecification","valueRequired":true,"valueName":"search_term_string"}}],"inLanguage":"cs"},{"@type":"Organization","@id":"https:\/\/evertonfc.cz\/#organization","name":"Official Czech & Slovak Everton Supporters' Club","url":"https:\/\/evertonfc.cz\/","logo":{"@type":"ImageObject","inLanguage":"cs","@id":"https:\/\/evertonfc.cz\/#\/schema\/logo\/image\/","url":"https:\/\/evertonfc.cz\/wp-content\/uploads\/2019\/05\/logo.png","contentUrl":"https:\/\/evertonfc.cz\/wp-content\/uploads\/2019\/05\/logo.png","width":112,"height":112,"caption":"Official Czech & Slovak Everton Supporters' Club"},"image":{"@id":"https:\/\/evertonfc.cz\/#\/schema\/logo\/image\/"},"sameAs":["https:\/\/www.facebook.com\/everton.fans.cz.sk"]},{"@type":"Person","@id":"https:\/\/evertonfc.cz\/#\/schema\/person\/f7a5daedb2ffee98480bc70e191aaef1","name":"Ri\u010di","sameAs":["https:\/\/x.com\/rbrejsa"],"url":"https:\/\/evertonfc.cz\/index.php\/author\/rici\/"}]}},"_links":{"self":[{"href":"https:\/\/evertonfc.cz\/index.php\/wp-json\/wp\/v2\/posts\/6117"}],"collection":[{"href":"https:\/\/evertonfc.cz\/index.php\/wp-json\/wp\/v2\/posts"}],"about":[{"href":"https:\/\/evertonfc.cz\/index.php\/wp-json\/wp\/v2\/types\/post"}],"author":[{"embeddable":true,"href":"https:\/\/evertonfc.cz\/index.php\/wp-json\/wp\/v2\/users\/6"}],"replies":[{"embeddable":true,"href":"https:\/\/evertonfc.cz\/index.php\/wp-json\/wp\/v2\/comments?post=6117"}],"version-history":[{"count":2,"href":"https:\/\/evertonfc.cz\/index.php\/wp-json\/wp\/v2\/posts\/6117\/revisions"}],"predecessor-version":[{"id":6119,"href":"https:\/\/evertonfc.cz\/index.php\/wp-json\/wp\/v2\/posts\/6117\/revisions\/6119"}],"wp:featuredmedia":[{"embeddable":true,"href":"https:\/\/evertonfc.cz\/index.php\/wp-json\/wp\/v2\/media\/1315"}],"wp:attachment":[{"href":"https:\/\/evertonfc.cz\/index.php\/wp-json\/wp\/v2\/media?parent=6117"}],"wp:term":[{"taxonomy":"category","embeddable":true,"href":"https:\/\/evertonfc.cz\/index.php\/wp-json\/wp\/v2\/categories?post=6117"},{"taxonomy":"post_tag","embeddable":true,"href":"https:\/\/evertonfc.cz\/index.php\/wp-json\/wp\/v2\/tags?post=6117"}],"curies":[{"name":"wp","href":"https:\/\/api.w.org\/{rel}","templated":true}]}}