{"id":6120,"date":"2012-10-06T17:13:30","date_gmt":"2012-10-06T15:13:30","guid":{"rendered":"http:\/\/evertonfc.cz\/?p=6120"},"modified":"2019-02-17T18:10:31","modified_gmt":"2019-02-17T17:10:31","slug":"preview-wigan-athletic-everton-2","status":"publish","type":"post","link":"https:\/\/evertonfc.cz\/index.php\/2012\/10\/06\/preview-wigan-athletic-everton-2\/","title":{"rendered":"Preview: Wigan Athletic &#8211; Everton"},"content":{"rendered":"<h4 id=\"NewsPostDetailSummary\">Everton po \u00fasp\u011b\u0161n\u00e9m startu mysl\u00ed v kone\u010dn\u00e9m z\u00fa\u010dtov\u00e1n\u00ed na p\u0159edn\u00ed p\u0159\u00ed\u010dky, k n\u00edm ale vede dlouh\u00e1 cesta. Nejprve bude muset sb\u00edrat body s pap\u00edrov\u011b hor\u0161\u00edmi t\u00fdmy a jedn\u00edm z nich je Wigan.<\/h4>\n<div id=\"NewsPostDetailContent\">\n<p>Toffees vstoupili do Premier League nejl\u00e9pe za posledn\u00edch osm let, a tak v tabulce hled\u00ed na z\u00e1da pouze Chelsea. A nejen\u017ee pravideln\u011b naskakuj\u00ed body, styl hry chv\u00e1l\u00ed \u0161irok\u00e1 fotbalov\u00e1 ve\u0159ejnost. David Moyes se proto mus\u00ed, aspo\u0148 potaj\u00ed, usm\u00edvat od ucha k uchu.<\/p>\n<p>Naproti tomu Wiganu se neda\u0159\u00ed, proti sv\u00e9mu sobotn\u00edmu soupe\u0159i v\u0161ak v posledn\u00ed dob\u011b na dom\u00e1c\u00ed p\u016fd\u011b celkem \u010dasto remizuje. A nav\u00edc nyn\u00ed vyrukuje na Everton se syst\u00e9mem, kter\u00fd pro liverpoolsk\u00fd celek nen\u00ed p\u0159\u00edli\u0161 obvykl\u00fd. Latics praktikuj\u00ed rozestaven\u00ed se t\u0159emi stopery a lze o\u010dek\u00e1vat, \u017ee proti siln\u00e9 lev\u00e9 stran\u011b Baines-Pienaar a st\u00e1le zlep\u0161uj\u00edc\u00ed se dvojce na druh\u00e9 stran\u011b h\u0159i\u0161t\u011b Coleman-Mirallas vyrukuj\u00ed s p\u011bti obr\u00e1nci, p\u0159i\u010dem\u017e Emmerson Boyce a Jean Beasejour zaujmou m\u00edsta na kraj\u00edch defenzivn\u00ed p\u011btky.<\/p>\n<h4><strong>Anal\u00fdza Marka Lawresona, fotbalov\u00e9ho experta pro BBC<\/strong><\/h4>\n<p>Everton \u010dek\u00e1 t\u011b\u017ek\u00e9 st\u0159etnut\u00ed. Ano, hraje skv\u011ble, st\u0159\u00edl\u00ed branky, jeho posily zapadly do k\u00e1dru, ka\u017ed\u00fd od nich ov\u0161em na DW o\u010dek\u00e1v\u00e1 v\u00fdhru, co\u017e nebude snadn\u00fd \u00fakol, i kdy\u017e by se tak mohlo zd\u00e1t.<\/p>\n<p>Tip 1:2.<\/p>\n<h4><strong>Z\u00e1pasov\u00e1 fakta<\/strong><\/h4>\n<p>Vz\u00e1jemn\u00e1<\/p>\n<ul>\n<li>Everton neprohr\u00e1l v posledn\u00edch sedmi kl\u00e1n\u00edch s Wiganem (4 v\u00fdhry, 3 rem\u00edzy), av\u0161ak z posledn\u00edch \u010dty\u0159 utk\u00e1n\u00ed se zrodila t\u0159ikr\u00e1t rem\u00edza<\/li>\n<li>Latics porazili EFC v celkov\u00fdch 15 duel jen dvakr\u00e1t<\/li>\n<li>pouze jednou Wigan doma Everton porazil, v listopadu 2008 1:0, sk\u00f3roval Henri Camara.<\/li>\n<\/ul>\n<p>Wigan<\/p>\n<ul>\n<li>Jeliko\u017e nasb\u00edral \u010dty\u0159i body ze \u0161esti kol, pro\u017e\u00edv\u00e1 sv\u016fj nejhor\u0161\u00ed start v Premier League<\/li>\n<li>pokud v sobotu prohraje, stane se tak po\u010dtvrt\u00e9 za sebou, naposledy tuto nelichotivou bilanci za\u017eil v lednu leto\u0161n\u00edho roku<\/li>\n<li>v posledn\u00edch dev\u00edti z\u00e1pase jednou udr\u017eel \u010dist\u00e9 konto chyb\u00ed mu jeden bod k dosa\u017een\u00ed hranice 300 v Premier League.<\/li>\n<\/ul>\n<p>Everton<\/p>\n<ul>\n<li>M\u00e1 13 bod\u016f ze \u0161esti kol, \u010d\u00edm\u017e vyrovnal sv\u016fj nejlep\u0161\u00ed ligov\u00fd start se sez\u00f3nou 2004\/05, kdy\u017e skon\u010dil \u010dtvrt\u00fd<\/li>\n<li>z posledn\u00edch 15 z\u00e1pas\u016f v Premier League prohr\u00e1l jedin\u00fd (9 v\u00fdher, 5 rem\u00edz, 1 prohra)<\/li>\n<li>trefil se letos sedmkr\u00e1t do brankov\u00e9 kontrukce, v \u010dem\u017e je nejlep\u0161\u00ed<\/li>\n<li>pokud proti Wiganu vyhraje, bude to pot\u0159et\u00ed za sebou, to se mu nepoda\u0159ilo od ledna 2010<\/li>\n<li>Leon Osman vst\u0159elil sv\u00fdch posledn\u00edch dev\u011bt branek na Goodison Parku, u\u017e rok a p\u016fl nesk\u00f3roval na venkovn\u00edch h\u0159i\u0161t\u00edch, naposledy vs\u00edtil g\u00f3l v kv\u011btnu 2011 na Newcastlu p\u0159i v\u00fdh\u0159e 2:1.<\/li>\n<\/ul>\n<h4><strong>T\u00fdmov\u00e9 novinky<\/strong><\/h4>\n<p>Z\u00e1lo\u017en\u00edk Jordi Gomez nastoupit m\u016f\u017ee, FA mu zru\u0161ila trest za \u010dervenou kartu proti Sunderlandu. Antolin Alcaraz kv\u016fli zdravotn\u00edm probl\u00e9m\u016fm s t\u0159\u00edsly hr\u00e1t nebude.<\/p>\n<p>Evertonu op\u011bt chyb\u00ed zran\u011bn\u00e9 duo Tony Hibbert a Darron Gibson. Nejist\u00fd stav se zd\u00e1 b\u00fdt kolem Stevena Naismithe (l\u00fdtko).<\/p>\n<p><strong>Co:<\/strong> Wigan Athletic FC &#8211; Everton FC, 7. kolo Premier League<br \/>\n<strong>Kdy:<\/strong> 06.10.2012 od 16:00 SE\u010c<br \/>\n<strong>Kde:<\/strong> DW Stadium, Wigan<br \/>\n<strong>Rozhod\u010d\u00ed:<\/strong> Kevin Friend<\/p>\n<\/div>\n","protected":false},"excerpt":{"rendered":"<p>Everton po \u00fasp\u011b\u0161n\u00e9m startu mysl\u00ed v kone\u010dn\u00e9m z\u00fa\u010dtov\u00e1n\u00ed na p\u0159edn\u00ed p\u0159\u00ed\u010dky, k n\u00edm ale vede dlouh\u00e1 cesta. Nejprve bude muset&hellip;<\/p>\n","protected":false},"author":6,"featured_media":1314,"comment_status":"open","ping_status":"closed","sticky":false,"template":"","format":"standard","meta":{"_eb_attr":"","_monsterinsights_skip_tracking":false,"_monsterinsights_sitenote_active":false,"_monsterinsights_sitenote_note":"","_monsterinsights_sitenote_category":0,"footnotes":""},"categories":[4],"tags":[],"yoast_head":"<!-- This site is optimized with the Yoast SEO plugin v23.4 - https:\/\/yoast.com\/wordpress\/plugins\/seo\/ -->\n<title>Preview: Wigan Athletic - Everton - Official Czech &amp; Slovak Everton Supporters&#039; Club<\/title>\n<meta name=\"robots\" content=\"index, follow, max-snippet:-1, max-image-preview:large, max-video-preview:-1\" \/>\n<link rel=\"canonical\" href=\"https:\/\/evertonfc.cz\/index.php\/2012\/10\/06\/preview-wigan-athletic-everton-2\/\" \/>\n<meta property=\"og:locale\" content=\"cs_CZ\" \/>\n<meta property=\"og:type\" content=\"article\" \/>\n<meta property=\"og:title\" content=\"Preview: Wigan Athletic - Everton - Official Czech &amp; Slovak Everton Supporters&#039; Club\" \/>\n<meta property=\"og:description\" content=\"Everton po \u00fasp\u011b\u0161n\u00e9m startu mysl\u00ed v kone\u010dn\u00e9m z\u00fa\u010dtov\u00e1n\u00ed na p\u0159edn\u00ed p\u0159\u00ed\u010dky, k n\u00edm ale vede dlouh\u00e1 cesta. Nejprve bude muset&hellip;\" \/>\n<meta property=\"og:url\" content=\"https:\/\/evertonfc.cz\/index.php\/2012\/10\/06\/preview-wigan-athletic-everton-2\/\" \/>\n<meta property=\"og:site_name\" content=\"Official Czech &amp; Slovak Everton Supporters&#039; Club\" \/>\n<meta property=\"article:publisher\" content=\"https:\/\/www.facebook.com\/everton.fans.cz.sk\" \/>\n<meta property=\"article:published_time\" content=\"2012-10-06T15:13:30+00:00\" \/>\n<meta property=\"article:modified_time\" content=\"2019-02-17T17:10:31+00:00\" \/>\n<meta property=\"og:image\" content=\"https:\/\/evertonfc.cz\/wp-content\/uploads\/2019\/01\/preview.jpg\" \/>\n\t<meta property=\"og:image:width\" content=\"720\" \/>\n\t<meta property=\"og:image:height\" content=\"405\" \/>\n\t<meta property=\"og:image:type\" content=\"image\/jpeg\" \/>\n<meta name=\"author\" content=\"Ri\u010di\" \/>\n<meta name=\"twitter:card\" content=\"summary_large_image\" \/>\n<meta name=\"twitter:creator\" content=\"@rbrejsa\" \/>\n<meta name=\"twitter:label1\" content=\"Napsal(a)\" \/>\n\t<meta name=\"twitter:data1\" content=\"Ri\u010di\" \/>\n\t<meta name=\"twitter:label2\" content=\"Odhadovan\u00e1 doba \u010dten\u00ed\" \/>\n\t<meta name=\"twitter:data2\" content=\"3 minuty\" \/>\n<script type=\"application\/ld+json\" class=\"yoast-schema-graph\">{\"@context\":\"https:\/\/schema.org\",\"@graph\":[{\"@type\":\"Article\",\"@id\":\"https:\/\/evertonfc.cz\/index.php\/2012\/10\/06\/preview-wigan-athletic-everton-2\/#article\",\"isPartOf\":{\"@id\":\"https:\/\/evertonfc.cz\/index.php\/2012\/10\/06\/preview-wigan-athletic-everton-2\/\"},\"author\":{\"name\":\"Ri\u010di\",\"@id\":\"https:\/\/evertonfc.cz\/#\/schema\/person\/f7a5daedb2ffee98480bc70e191aaef1\"},\"headline\":\"Preview: Wigan Athletic &#8211; Everton\",\"datePublished\":\"2012-10-06T15:13:30+00:00\",\"dateModified\":\"2019-02-17T17:10:31+00:00\",\"mainEntityOfPage\":{\"@id\":\"https:\/\/evertonfc.cz\/index.php\/2012\/10\/06\/preview-wigan-athletic-everton-2\/\"},\"wordCount\":564,\"commentCount\":0,\"publisher\":{\"@id\":\"https:\/\/evertonfc.cz\/#organization\"},\"image\":{\"@id\":\"https:\/\/evertonfc.cz\/index.php\/2012\/10\/06\/preview-wigan-athletic-everton-2\/#primaryimage\"},\"thumbnailUrl\":\"https:\/\/evertonfc.cz\/wp-content\/uploads\/2019\/01\/preview.jpg\",\"articleSection\":[\"Z\u00e1pasy\"],\"inLanguage\":\"cs\",\"potentialAction\":[{\"@type\":\"CommentAction\",\"name\":\"Comment\",\"target\":[\"https:\/\/evertonfc.cz\/index.php\/2012\/10\/06\/preview-wigan-athletic-everton-2\/#respond\"]}]},{\"@type\":\"WebPage\",\"@id\":\"https:\/\/evertonfc.cz\/index.php\/2012\/10\/06\/preview-wigan-athletic-everton-2\/\",\"url\":\"https:\/\/evertonfc.cz\/index.php\/2012\/10\/06\/preview-wigan-athletic-everton-2\/\",\"name\":\"Preview: Wigan Athletic - Everton - Official Czech &amp; Slovak Everton Supporters&#039; Club\",\"isPartOf\":{\"@id\":\"https:\/\/evertonfc.cz\/#website\"},\"primaryImageOfPage\":{\"@id\":\"https:\/\/evertonfc.cz\/index.php\/2012\/10\/06\/preview-wigan-athletic-everton-2\/#primaryimage\"},\"image\":{\"@id\":\"https:\/\/evertonfc.cz\/index.php\/2012\/10\/06\/preview-wigan-athletic-everton-2\/#primaryimage\"},\"thumbnailUrl\":\"https:\/\/evertonfc.cz\/wp-content\/uploads\/2019\/01\/preview.jpg\",\"datePublished\":\"2012-10-06T15:13:30+00:00\",\"dateModified\":\"2019-02-17T17:10:31+00:00\",\"breadcrumb\":{\"@id\":\"https:\/\/evertonfc.cz\/index.php\/2012\/10\/06\/preview-wigan-athletic-everton-2\/#breadcrumb\"},\"inLanguage\":\"cs\",\"potentialAction\":[{\"@type\":\"ReadAction\",\"target\":[\"https:\/\/evertonfc.cz\/index.php\/2012\/10\/06\/preview-wigan-athletic-everton-2\/\"]}]},{\"@type\":\"ImageObject\",\"inLanguage\":\"cs\",\"@id\":\"https:\/\/evertonfc.cz\/index.php\/2012\/10\/06\/preview-wigan-athletic-everton-2\/#primaryimage\",\"url\":\"https:\/\/evertonfc.cz\/wp-content\/uploads\/2019\/01\/preview.jpg\",\"contentUrl\":\"https:\/\/evertonfc.cz\/wp-content\/uploads\/2019\/01\/preview.jpg\",\"width\":720,\"height\":405},{\"@type\":\"BreadcrumbList\",\"@id\":\"https:\/\/evertonfc.cz\/index.php\/2012\/10\/06\/preview-wigan-athletic-everton-2\/#breadcrumb\",\"itemListElement\":[{\"@type\":\"ListItem\",\"position\":1,\"name\":\"Home\",\"item\":\"https:\/\/evertonfc.cz\/\"},{\"@type\":\"ListItem\",\"position\":2,\"name\":\"Preview: Wigan Athletic &#8211; Everton\"}]},{\"@type\":\"WebSite\",\"@id\":\"https:\/\/evertonfc.cz\/#website\",\"url\":\"https:\/\/evertonfc.cz\/\",\"name\":\"Official Czech &amp; Slovak Everton Supporters&#039; Club\",\"description\":\"\",\"publisher\":{\"@id\":\"https:\/\/evertonfc.cz\/#organization\"},\"potentialAction\":[{\"@type\":\"SearchAction\",\"target\":{\"@type\":\"EntryPoint\",\"urlTemplate\":\"https:\/\/evertonfc.cz\/?s={search_term_string}\"},\"query-input\":{\"@type\":\"PropertyValueSpecification\",\"valueRequired\":true,\"valueName\":\"search_term_string\"}}],\"inLanguage\":\"cs\"},{\"@type\":\"Organization\",\"@id\":\"https:\/\/evertonfc.cz\/#organization\",\"name\":\"Official Czech & Slovak Everton Supporters' Club\",\"url\":\"https:\/\/evertonfc.cz\/\",\"logo\":{\"@type\":\"ImageObject\",\"inLanguage\":\"cs\",\"@id\":\"https:\/\/evertonfc.cz\/#\/schema\/logo\/image\/\",\"url\":\"https:\/\/evertonfc.cz\/wp-content\/uploads\/2019\/05\/logo.png\",\"contentUrl\":\"https:\/\/evertonfc.cz\/wp-content\/uploads\/2019\/05\/logo.png\",\"width\":112,\"height\":112,\"caption\":\"Official Czech & Slovak Everton Supporters' Club\"},\"image\":{\"@id\":\"https:\/\/evertonfc.cz\/#\/schema\/logo\/image\/\"},\"sameAs\":[\"https:\/\/www.facebook.com\/everton.fans.cz.sk\"]},{\"@type\":\"Person\",\"@id\":\"https:\/\/evertonfc.cz\/#\/schema\/person\/f7a5daedb2ffee98480bc70e191aaef1\",\"name\":\"Ri\u010di\",\"sameAs\":[\"https:\/\/x.com\/rbrejsa\"],\"url\":\"https:\/\/evertonfc.cz\/index.php\/author\/rici\/\"}]}<\/script>\n<!-- \/ Yoast SEO plugin. -->","yoast_head_json":{"title":"Preview: Wigan Athletic - Everton - Official Czech &amp; Slovak Everton Supporters&#039; Club","robots":{"index":"index","follow":"follow","max-snippet":"max-snippet:-1","max-image-preview":"max-image-preview:large","max-video-preview":"max-video-preview:-1"},"canonical":"https:\/\/evertonfc.cz\/index.php\/2012\/10\/06\/preview-wigan-athletic-everton-2\/","og_locale":"cs_CZ","og_type":"article","og_title":"Preview: Wigan Athletic - Everton - Official Czech &amp; Slovak Everton Supporters&#039; Club","og_description":"Everton po \u00fasp\u011b\u0161n\u00e9m startu mysl\u00ed v kone\u010dn\u00e9m z\u00fa\u010dtov\u00e1n\u00ed na p\u0159edn\u00ed p\u0159\u00ed\u010dky, k n\u00edm ale vede dlouh\u00e1 cesta. Nejprve bude muset&hellip;","og_url":"https:\/\/evertonfc.cz\/index.php\/2012\/10\/06\/preview-wigan-athletic-everton-2\/","og_site_name":"Official Czech &amp; Slovak Everton Supporters&#039; Club","article_publisher":"https:\/\/www.facebook.com\/everton.fans.cz.sk","article_published_time":"2012-10-06T15:13:30+00:00","article_modified_time":"2019-02-17T17:10:31+00:00","og_image":[{"width":720,"height":405,"url":"https:\/\/evertonfc.cz\/wp-content\/uploads\/2019\/01\/preview.jpg","type":"image\/jpeg"}],"author":"Ri\u010di","twitter_card":"summary_large_image","twitter_creator":"@rbrejsa","twitter_misc":{"Napsal(a)":"Ri\u010di","Odhadovan\u00e1 doba \u010dten\u00ed":"3 minuty"},"schema":{"@context":"https:\/\/schema.org","@graph":[{"@type":"Article","@id":"https:\/\/evertonfc.cz\/index.php\/2012\/10\/06\/preview-wigan-athletic-everton-2\/#article","isPartOf":{"@id":"https:\/\/evertonfc.cz\/index.php\/2012\/10\/06\/preview-wigan-athletic-everton-2\/"},"author":{"name":"Ri\u010di","@id":"https:\/\/evertonfc.cz\/#\/schema\/person\/f7a5daedb2ffee98480bc70e191aaef1"},"headline":"Preview: Wigan Athletic &#8211; Everton","datePublished":"2012-10-06T15:13:30+00:00","dateModified":"2019-02-17T17:10:31+00:00","mainEntityOfPage":{"@id":"https:\/\/evertonfc.cz\/index.php\/2012\/10\/06\/preview-wigan-athletic-everton-2\/"},"wordCount":564,"commentCount":0,"publisher":{"@id":"https:\/\/evertonfc.cz\/#organization"},"image":{"@id":"https:\/\/evertonfc.cz\/index.php\/2012\/10\/06\/preview-wigan-athletic-everton-2\/#primaryimage"},"thumbnailUrl":"https:\/\/evertonfc.cz\/wp-content\/uploads\/2019\/01\/preview.jpg","articleSection":["Z\u00e1pasy"],"inLanguage":"cs","potentialAction":[{"@type":"CommentAction","name":"Comment","target":["https:\/\/evertonfc.cz\/index.php\/2012\/10\/06\/preview-wigan-athletic-everton-2\/#respond"]}]},{"@type":"WebPage","@id":"https:\/\/evertonfc.cz\/index.php\/2012\/10\/06\/preview-wigan-athletic-everton-2\/","url":"https:\/\/evertonfc.cz\/index.php\/2012\/10\/06\/preview-wigan-athletic-everton-2\/","name":"Preview: Wigan Athletic - Everton - Official Czech &amp; Slovak Everton Supporters&#039; Club","isPartOf":{"@id":"https:\/\/evertonfc.cz\/#website"},"primaryImageOfPage":{"@id":"https:\/\/evertonfc.cz\/index.php\/2012\/10\/06\/preview-wigan-athletic-everton-2\/#primaryimage"},"image":{"@id":"https:\/\/evertonfc.cz\/index.php\/2012\/10\/06\/preview-wigan-athletic-everton-2\/#primaryimage"},"thumbnailUrl":"https:\/\/evertonfc.cz\/wp-content\/uploads\/2019\/01\/preview.jpg","datePublished":"2012-10-06T15:13:30+00:00","dateModified":"2019-02-17T17:10:31+00:00","breadcrumb":{"@id":"https:\/\/evertonfc.cz\/index.php\/2012\/10\/06\/preview-wigan-athletic-everton-2\/#breadcrumb"},"inLanguage":"cs","potentialAction":[{"@type":"ReadAction","target":["https:\/\/evertonfc.cz\/index.php\/2012\/10\/06\/preview-wigan-athletic-everton-2\/"]}]},{"@type":"ImageObject","inLanguage":"cs","@id":"https:\/\/evertonfc.cz\/index.php\/2012\/10\/06\/preview-wigan-athletic-everton-2\/#primaryimage","url":"https:\/\/evertonfc.cz\/wp-content\/uploads\/2019\/01\/preview.jpg","contentUrl":"https:\/\/evertonfc.cz\/wp-content\/uploads\/2019\/01\/preview.jpg","width":720,"height":405},{"@type":"BreadcrumbList","@id":"https:\/\/evertonfc.cz\/index.php\/2012\/10\/06\/preview-wigan-athletic-everton-2\/#breadcrumb","itemListElement":[{"@type":"ListItem","position":1,"name":"Home","item":"https:\/\/evertonfc.cz\/"},{"@type":"ListItem","position":2,"name":"Preview: Wigan Athletic &#8211; Everton"}]},{"@type":"WebSite","@id":"https:\/\/evertonfc.cz\/#website","url":"https:\/\/evertonfc.cz\/","name":"Official Czech &amp; Slovak Everton Supporters&#039; Club","description":"","publisher":{"@id":"https:\/\/evertonfc.cz\/#organization"},"potentialAction":[{"@type":"SearchAction","target":{"@type":"EntryPoint","urlTemplate":"https:\/\/evertonfc.cz\/?s={search_term_string}"},"query-input":{"@type":"PropertyValueSpecification","valueRequired":true,"valueName":"search_term_string"}}],"inLanguage":"cs"},{"@type":"Organization","@id":"https:\/\/evertonfc.cz\/#organization","name":"Official Czech & Slovak Everton Supporters' Club","url":"https:\/\/evertonfc.cz\/","logo":{"@type":"ImageObject","inLanguage":"cs","@id":"https:\/\/evertonfc.cz\/#\/schema\/logo\/image\/","url":"https:\/\/evertonfc.cz\/wp-content\/uploads\/2019\/05\/logo.png","contentUrl":"https:\/\/evertonfc.cz\/wp-content\/uploads\/2019\/05\/logo.png","width":112,"height":112,"caption":"Official Czech & Slovak Everton Supporters' Club"},"image":{"@id":"https:\/\/evertonfc.cz\/#\/schema\/logo\/image\/"},"sameAs":["https:\/\/www.facebook.com\/everton.fans.cz.sk"]},{"@type":"Person","@id":"https:\/\/evertonfc.cz\/#\/schema\/person\/f7a5daedb2ffee98480bc70e191aaef1","name":"Ri\u010di","sameAs":["https:\/\/x.com\/rbrejsa"],"url":"https:\/\/evertonfc.cz\/index.php\/author\/rici\/"}]}},"_links":{"self":[{"href":"https:\/\/evertonfc.cz\/index.php\/wp-json\/wp\/v2\/posts\/6120"}],"collection":[{"href":"https:\/\/evertonfc.cz\/index.php\/wp-json\/wp\/v2\/posts"}],"about":[{"href":"https:\/\/evertonfc.cz\/index.php\/wp-json\/wp\/v2\/types\/post"}],"author":[{"embeddable":true,"href":"https:\/\/evertonfc.cz\/index.php\/wp-json\/wp\/v2\/users\/6"}],"replies":[{"embeddable":true,"href":"https:\/\/evertonfc.cz\/index.php\/wp-json\/wp\/v2\/comments?post=6120"}],"version-history":[{"count":3,"href":"https:\/\/evertonfc.cz\/index.php\/wp-json\/wp\/v2\/posts\/6120\/revisions"}],"predecessor-version":[{"id":6241,"href":"https:\/\/evertonfc.cz\/index.php\/wp-json\/wp\/v2\/posts\/6120\/revisions\/6241"}],"wp:featuredmedia":[{"embeddable":true,"href":"https:\/\/evertonfc.cz\/index.php\/wp-json\/wp\/v2\/media\/1314"}],"wp:attachment":[{"href":"https:\/\/evertonfc.cz\/index.php\/wp-json\/wp\/v2\/media?parent=6120"}],"wp:term":[{"taxonomy":"category","embeddable":true,"href":"https:\/\/evertonfc.cz\/index.php\/wp-json\/wp\/v2\/categories?post=6120"},{"taxonomy":"post_tag","embeddable":true,"href":"https:\/\/evertonfc.cz\/index.php\/wp-json\/wp\/v2\/tags?post=6120"}],"curies":[{"name":"wp","href":"https:\/\/api.w.org\/{rel}","templated":true}]}}