{"id":6128,"date":"2012-09-28T17:18:03","date_gmt":"2012-09-28T15:18:03","guid":{"rendered":"http:\/\/evertonfc.cz\/?p=6128"},"modified":"2019-02-17T19:59:04","modified_gmt":"2019-02-17T18:59:04","slug":"utkani-evertonu-ktera-rozsvitila-goodison-park","status":"publish","type":"post","link":"https:\/\/evertonfc.cz\/index.php\/2012\/09\/28\/utkani-evertonu-ktera-rozsvitila-goodison-park\/","title":{"rendered":"Utk\u00e1n\u00ed Evertonu, kter\u00e1 rozsv\u00edtila Goodison Park"},"content":{"rendered":"<h4 id=\"NewsPostDetailSummary\">V sobotu se poprv\u00e9 v leto\u0161n\u00ed sez\u00f3n\u011b do\u010dk\u00e1 stadion Toffees z\u00e1pasu za b\u00edl\u00e9ho dne. Prozat\u00edm se hr\u00e1lo v\u017edy jen ve\u010der, p\u0159i\u010dem\u017e div\u00e1ci se ale rozhodn\u011b ani jednou nenudili.\u00a0David Prentice se ohl\u00ed\u017e\u00ed zp\u011bt na nezapomenuteln\u00e9 souboje na Goodison Parku, p\u0159i nich\u017e muselo b\u00fdt pou\u017eito um\u011bl\u00e9 osv\u011btlen\u00ed.<\/h4>\n<div id=\"NewsPostDetailContent\">\n<p>Kevin Mirallas si stejn\u011b jako mnoz\u00ed Evertonians v\u0161iml n\u00e1sleduj\u00edc\u00edho: ve\u010dern\u00ed st\u0159etnut\u00ed na Goodison Parkou jsou odli\u0161n\u00e1.<\/p>\n<p>Po skv\u011bl\u00fdch ve\u010derech proti Manchesteru United a Newcastlu, belgick\u00fd ofenzivn\u00ed hr\u00e1\u010d prozrazuje: <em>\u201eUr\u010dit\u011b up\u0159ednost\u0148uji hr\u00e1t za tmy pod osv\u011btlen\u00edm. M\u011bl jsem \u0161t\u011bst\u00ed, \u017ee prozat\u00edm moje ob\u011b ligov\u00e1 st\u0159etnut\u00ed se hr\u00e1la ve\u010der. V takov\u00fdch chv\u00edl\u00edch stadionem koluje fantastick\u00e1 atmosf\u00e9ra, c\u00edt\u00edte, jak v\u00e1m fanou\u0161ci d\u00fdchaj\u00ed p\u0159\u00edmo za krk.\u201c<\/em><\/p>\n<p>Prvn\u00ed z\u00e1pas pod reflektory na Goodison Parku se datuje na 9. \u0159\u00edjna 1957, kdy Everton p\u0159iv\u00edtal rivala z druh\u00e9ho konce Stanley Parku v r\u00e1mci duelu o trofej Liverpool County FA k jej\u00edmu 75. let\u00e9mu v\u00fdro\u010d\u00ed. P\u0159esto se jednalo o p\u0159\u00e1telsk\u00e9 utk\u00e1n\u00ed. V t\u00e9 dob\u011b se Liverpool a Everton p\u0159\u00edli\u0161 nepotk\u00e1vali, proto\u017ee Reds p\u016fsobili pouze v Division Two, a tak p\u0159\u00edznivci obou klub\u016f po\u010d\u00edtali nedo\u010dkavost\u00ed minuty do zah\u00e1jen\u00ed Merseyside derby. To sledovalo p\u0159\u00edmo na stadionu 58 771 div\u00e1k\u016f a Toffees podle p\u0159edpoklad\u016f zv\u00edt\u011bzili \u2013 2:0.<\/p>\n<p>P\u0159i tomto derby nad Goodison Parkem \u010dn\u011blo osm osv\u011btlen\u00fdch v\u011b\u017e\u00ed, jejich\u017e v\u00fd\u0161ka \u010dinila 56 metr\u016f (v t\u00e9 dob\u011b nejvy\u0161\u0161\u00ed v zemi). Ka\u017ed\u00e9 v\u011b\u017e nesla 36 wolframov\u00fdch \u017e\u00e1rovek s 1 500 watty, jedna \u017e\u00e1rovka vy\u0161la na 25 \u0161ilink\u016f. Jen\u017ee ani modern\u00ed technika na tehdej\u0161\u00ed dobu nezabr\u00e1nila rozpor\u016fm.<\/p>\n<p>Redaktor Leslie Edwars z Daily Post se den po magick\u00e9 noci ve sv\u00e9m \u010dl\u00e1nku ptal: <em>\u201eChyboval rozhod\u010d\u00ed Mitchell z Whistonu, kdy\u017e neuznal perfektn\u00ed g\u00f3l liverpoolsk\u00e9ho Tonyho Rowleyho, jak reklamovali host\u00e9? A st\u00e1l Eddie Thomas, st\u0159elec druh\u00e9 branky Evertonu, v ofsajdov\u00e9 pozici po nahr\u00e1vce Hicksona p\u0159ed pr\u00e1zdnou br\u00e1nu?\u201c<\/em>\u00a0A Edwards si tak\u00e9 s\u00e1m na ob\u011b ot\u00e1zky zodpov\u011bd\u011bl, v obou p\u0159\u00edpadech se postavil na stranu Liverpoolu.<\/p>\n<p>Everton nepat\u0159il k pr\u016fkopn\u00edk\u016fm sv\u011bteln\u00fdch reflektor\u016f, navzdory p\u0159ezd\u00edvce z ran\u00e9 historie klubu Moonlight Dribblers, \u010di zaj\u00edmav\u00e9mu pokusu z roku 1890, kdy\u017e se naistalovalo \u0161estn\u00e1ct sv\u011bt\u00fdlek 7,5 metr\u016f nad zdmi Anfieldu a kopalo se do \u010dist\u011b b\u00edl\u00e9ho m\u00ed\u010de, aby byl v z\u00e1\u0159\u00ed l\u00e9pe vid\u011bt. Na tuto fotbalovou zkou\u0161ku proti Sheffieldu United p\u0159i\u0161lo 8 000 lid\u00ed, o dva dny pozd\u011bji, kdy\u017e se pokus se opakoval, nav\u0161t\u00edvilo souboj proti Lancashire Nomands jen 3 000 lid\u00ed, a tak EFC osv\u011btlen\u00ed na fotbale odlo\u017eilo o 60 let.<\/p>\n<p>Prvn\u00edmi t\u00fdmy s opravdov\u00fdm fotbalov\u00fdm osv\u011btlen\u00edm byli Swindon a South Liverpool, kter\u00fd tuto techniku pou\u017eil v z\u00e1\u0159\u00ed 1949 p\u0159i z\u00e1pase s jeden\u00e1ctkou Nig\u00e9rie, cestuj\u00edc\u00ed po sv\u011bt\u011b. Do hledi\u0161t\u011b v garstonsk\u00e9m Holly Parku se vm\u011bstnalo 13 000 zv\u011bdavc\u016f. Everton zavedl, jak je ps\u00e1no v\u00fd\u0161e, osv\u011btlen\u00ed po osmi letech a Daily Post se ihned pom\u011brn\u011b zaj\u00edmav\u011b zamyslel nad \u00favahou, je\u017e ve\u0159ejnost v za\u010d\u00e1tc\u00edch tr\u00e1pila, a to pro\u010d se tr\u00e1va za tmy zd\u00e1 zelen\u011bj\u0161\u00ed: <em>\u201eZa\u010d\u00e1tek sez\u00f3ny b\u00fdv\u00e1 nejvhodn\u011bj\u0161\u00ed dobou pro z\u00e1pasy za sv\u011btla. Jeliko\u017e jakmile se h\u0159i\u0161t\u011b v zimn\u00edm obdob\u00ed poni\u010d\u00ed, mdl\u00fd tr\u00e1vn\u00edk absorbuje mnoho sv\u011btla na \u00fakor uv\u011bdom\u011bn\u00ed, jak dobr\u00e1 \u00faroda tr\u00e1vy nastane.\u201c <\/em><\/p>\n<p>Nyn\u00ed se pod\u00edv\u00e1me na pam\u00e1tn\u00e9 noci pod um\u011bl\u00fdm osv\u011btlen\u00edm na Goodison Parku.<\/p>\n<h4>Everton &#8211; Inter 0:0<\/h4>\n<p>18. z\u00e1\u0159\u00ed 1963<br \/>\nDiv\u00e1k\u016f: 62 408<\/p>\n<p>Beatles pr\u00e1v\u011b ovl\u00e1dali hitpar\u00e1dy se singlem She Loves You a modr\u00e1 \u010d\u00e1st Liverpoolu o\u010dek\u00e1vala vrchol v evropsk\u00e9m poh\u00e1ru proti italsk\u00e9mu mistrovi. P\u0159esto\u017ee cena vstupenek narostla v\u00edce, ne\u017e je zdr\u00e1vo, dorazila skv\u011bl\u00e1 n\u00e1v\u0161t\u011bva. Evertonian George Orr vzpom\u00edn\u00e1: <em>\u201eV\u0161ude panoval chaos, od centra m\u011bsta st\u00e1ly kolony aut sm\u011brem ke Goodisonu. V \u017eivot\u011b jsem n\u011bco podobn\u00e9ho nevid\u011bl, na stadion se v\u0161ichni cht\u011bli dostat d\u0159\u00edve ne\u017e obvykle. P\u0159itom p\u0159ibl\u00ed\u017eit se mu vypadalo na nadpozemsk\u00fd \u00fakol.\u201c<\/em><\/p>\n<h4>Everton &#8211; Liverpool 1:0<\/h4>\n<p>11. b\u0159ezna 1967<br \/>\nDiv\u00e1k\u016f: 64 851<\/p>\n<p>P\u00e1t\u00e9 kolo FA Cupu v roce 1976 se muselo pro obrovsk\u00fd z\u00e1jem p\u0159esunout na sobotu ve\u010der. A\u010dkoliv se hr\u00e1lo na Goodison Parku, 40 149 lid\u00ed sledovalo poh\u00e1rov\u00e9 kl\u00e1n\u00ed na pl\u00e1tnech na Anfieldu.<\/p>\n<p>Z\u00e1znam <a href=\"http:\/\/www.britishpathe.com\/video\/everton-v-liverpool\/query\/Everton\" target=\"_blank\" rel=\"noopener\">zde<\/a>.<\/p>\n<h4>Everton &#8211; WBA 2:0<\/h4>\n<p>1. dubna 1970<br \/>\nDiv\u00e1k\u016f: 58 523<\/p>\n<p>Chladn\u00fd ve\u010der p\u0159inesl sedm\u00fd ligov\u00fd prim\u00e1t pro Everton.<\/p>\n<h4>Everton &#8211; Burnley 1:1<\/h4>\n<p>4. dubna 1975<br \/>\nDiv\u00e1k\u016f: 46 882<\/p>\n<p>Konec sez\u00f3ny 1974\/75 po letech p\u0159inesl velmi vyrovnan\u00fd dostih o mistra a 4. dubna 1975 se o\u010dek\u00e1val velk\u00fd den. Toffees ztratili nad\u011bjn\u00e9 veden\u00ed, pouze remizovali, p\u0159esto vedli tabulku, ov\u0161em Liverpool, Stoke a Derby v ten moment nasb\u00edrali stejn\u00fd po\u010det bod\u016f (47). Mistrem se nakonec stal Derby County, Everton skon\u010dil za n\u00edm jen o t\u0159i body na \u010dtvrt\u00e9m m\u00edst\u011b. Za v\u00fdhru se je\u0161t\u011b braly body dva.<\/p>\n<h4>Everton &#8211; Swindon 2:1<\/h4>\n<p>1. \u00fanora 1977<br \/>\nDiv\u00e1k\u016f: 38 063<\/p>\n<p>Nov\u00fd mana\u017eer na lavi\u010dce dom\u00e1c\u00edch Gordon Lee p\u0159il\u00e1kal o 11 000 v\u00edce lid\u00ed ne\u017e p\u0159edch\u00e1zej\u00edc\u00ed ligov\u00e9 kolo proti QPR. Opakovan\u00fd ma\u010d proti Swindon Town, hraj\u00edc\u00ed o patro n\u00ed\u017ee, rozhodl v posledn\u00ed minut\u011b Dave Jones. Lid\u00e9 z Gwladys Street po g\u00f3lu vb\u011bhli oslavovat na h\u0159i\u0161t\u011b a Jones se nechal sly\u0161et: <em>\u201eMyslel jsem, \u017ee si m\u011b Gwladys odnese dom\u016f.\u201c<\/em><\/p>\n<h4>Everton &#8211; Sunderland 2:0<\/h4>\n<p>19. kv\u011btna 1977<br \/>\nDiv\u00e1k\u016f: 36 075<\/p>\n<p>Sunderland pot\u0159eboval na Goodison Parku bodovat, k vyhnut\u00ed se sestupu ho hnalo spoustu jeho fanou\u0161k\u016f, kte\u0159\u00ed si po z\u00e1v\u011bre\u010dn\u00e9m hvizdu s jistotou prohry vytrp\u011bli sv\u00e9. \u00a0Hlasatel na stadionu po st\u0159etnut\u00ed ozn\u00e1mil, \u017ee Coventry udalalo Bristol City, co\u017e pro Saints znamenalo z\u00e1chranu. V\u00fdkop Coventry vs. Bristol City se ale o 15 minut zpozdil a kone\u010dn\u00e1 rem\u00edza 2:2 nakonec Sunderland poslala do Second Division.<\/p>\n<h4>Everton &#8211; Southampton 1:0<\/h4>\n<p>17. \u00fanora 1981<br \/>\nDiv\u00e1k\u016f: 49 192<\/p>\n<p>Mnoho div\u00e1k\u016f ji\u017e opou\u0161t\u011blo stadion, kdy\u017e Eamonn O\u00b4Keefe v nastaven\u00ed rozhodl o postupu EFC do \u010dtvrtfin\u00e1le FA Cupu. G\u00f3l v nastaven\u00ed odstartoval v bran\u00e1ch Goodison Parku bou\u0159livou melu.<\/p>\n<h4>Everton &#8211; Bayern Mnichov 3:1<\/h4>\n<p>24. dubna 1985<br \/>\nDiv\u00e1k\u016f: 49 476<\/p>\n<p>Bez pochyby jedna z nejv\u011bt\u0161\u00edch noc\u00ed v historii stadionu Blues. N\u011bmci po polo\u010dase vedli 1:0, \u0161\u00e9f Howard Kendall v\u0161ak pronesl v kabin\u011b pam\u00e1tnou v\u011btu: <em>\u201eDosta\u0148te m\u00ed\u010d do jejich v\u00e1pna a Gwladys Street u\u017e ho dotla\u010d\u00ed do s\u00edt\u011b.\u201c<\/em> Skute\u010dn\u011b se tak ud\u00e1lo a Everton se probojoval do fin\u00e1le Poh\u00e1ru v\u00edt\u011bz\u016f poh\u00e1r\u016f.<\/p>\n<p>Z\u00e1znem <a href=\"http:\/\/www.youtube.com\/watch?v=UtZyEvdDhMU\" target=\"_blank\" rel=\"noopener\">zde<\/a>.<\/p>\n<h4>Everton &#8211; Liverpool 2:0<\/h4>\n<p>21. listopadu 1994<br \/>\nDiv\u00e1k\u016f: 39 866<\/p>\n<p>P\u0159esto\u017ee se Everton t\u00edsnil ve spodku tabulky a Liverpool na \u010dtvrt\u00e9m m\u00edst\u011b, Joe Royle ve sv\u00e9m prvn\u00edm z\u00e1pase coby mana\u017eer usp\u011bl a oto\u010dil nep\u0159\u00edzniv\u00fd v\u00fdvoj sez\u00f3ny. Nav\u00edc prvn\u00ed g\u00f3l v modr\u00e9m dresu vst\u0159elila legenda Duncan Ferguson.<\/p>\n<h4>Everton &#8211; Manchester United 1:0<\/h4>\n<p>20. dubna 2005<br \/>\nDiv\u00e1k\u016f: 37 160<\/p>\n<p>Duncan Ferguson sice o n\u011bco zest\u00e1rnul, jen\u017ee branky st\u0159\u00edlet nezapomn\u011bl. Sv\u00fdm z\u00e1sahem zajistil kone\u010dn\u00e9 \u010dtvrt\u00e9 m\u00edsto a mo\u017enost zahr\u00e1t si kvalifikaci Ligy mistr\u016f. T\u0159e\u0161ni\u010dkou na dortu bylo po osmn\u00e1cti letech lep\u0161\u00ed um\u00edst\u011bn\u00ed, ne\u017e kter\u00e9ho dos\u00e1hl Liverpool.<\/p>\n<p>Z\u00e1znam <a href=\"http:\/\/www.youtube.com\/watch?v=zsb2nCDcjeQ\" target=\"_blank\" rel=\"noopener\">zde<\/a>.<\/p>\n<h4>Everton &#8211; Fiorentina 2:0<\/h4>\n<p>12. b\u0159ezna 2008<br \/>\nDiv\u00e1k\u016f: 38 026<\/p>\n<p>Ho\u0159kosladk\u00e1 pod\u00edvan\u00e1, tak lze charakterizovat vypadnut\u00ed z poh\u00e1ru UEFA po v\u00fdborn\u00e9m v\u00fdkonu. Toffees hn\u00e1ni v\u00fdborn\u00fdmi fanou\u0161ky smazali dvoubrankov\u00e9 manko z It\u00e1lie, jen\u017ee v penalt\u00e1ch usp\u011bla Fiorentina. P\u0159esto se sv\u011b\u0159enci Davida Moyese do\u010dkali velk\u00e9ho aplausu.<\/p>\n<p>Z\u00e1znam <a href=\"http:\/\/youtu.be\/yghfGTKNYdE\" target=\"_blank\" rel=\"noopener\">zde<\/a>.<\/p>\n<h4>Everton &#8211; Manchester United 1:0<\/h4>\n<p>20. srpna 2012<br \/>\nDiv\u00e1k\u016f: 38 415<\/p>\n<p>Sir Alex Ferguson v poz\u00e1pasov\u00fdch koment\u00e1\u0159\u00edch sni\u017eoval v\u00fdhru Evertonu, jeho taktiku popsal pouze jako nakop\u00e1v\u00e1n\u00ed na toho velk\u00e9ho chlapa (Fellaini), to ale nezm\u011bnilo fakt: Everton 1, Manchester United 0.<\/p>\n<p>Z\u00e1znam <a href=\"http:\/\/www.dailymotion.com\/video\/xsy4it_www-online-soccer-ru-ev1-0m_sport\" target=\"_blank\" rel=\"noopener\">zde<\/a>.<\/p>\n<\/div>\n","protected":false},"excerpt":{"rendered":"<p>V sobotu se poprv\u00e9 v leto\u0161n\u00ed sez\u00f3n\u011b do\u010dk\u00e1 stadion Toffees z\u00e1pasu za b\u00edl\u00e9ho dne. Prozat\u00edm se hr\u00e1lo v\u017edy jen ve\u010der,&hellip;<\/p>\n","protected":false},"author":6,"featured_media":1310,"comment_status":"open","ping_status":"closed","sticky":false,"template":"","format":"standard","meta":{"_eb_attr":"","_monsterinsights_skip_tracking":false,"_monsterinsights_sitenote_active":false,"_monsterinsights_sitenote_note":"","_monsterinsights_sitenote_category":0,"footnotes":""},"categories":[39],"tags":[],"yoast_head":"<!-- This site is optimized with the Yoast SEO plugin v23.4 - https:\/\/yoast.com\/wordpress\/plugins\/seo\/ -->\n<title>Utk\u00e1n\u00ed Evertonu, kter\u00e1 rozsv\u00edtila Goodison Park - Official Czech &amp; Slovak Everton Supporters&#039; Club<\/title>\n<meta name=\"robots\" content=\"index, follow, max-snippet:-1, max-image-preview:large, max-video-preview:-1\" \/>\n<link rel=\"canonical\" href=\"https:\/\/evertonfc.cz\/index.php\/2012\/09\/28\/utkani-evertonu-ktera-rozsvitila-goodison-park\/\" \/>\n<meta property=\"og:locale\" content=\"cs_CZ\" \/>\n<meta property=\"og:type\" content=\"article\" \/>\n<meta property=\"og:title\" content=\"Utk\u00e1n\u00ed Evertonu, kter\u00e1 rozsv\u00edtila Goodison Park - Official Czech &amp; Slovak Everton Supporters&#039; Club\" \/>\n<meta property=\"og:description\" content=\"V sobotu se poprv\u00e9 v leto\u0161n\u00ed sez\u00f3n\u011b do\u010dk\u00e1 stadion Toffees z\u00e1pasu za b\u00edl\u00e9ho dne. Prozat\u00edm se hr\u00e1lo v\u017edy jen ve\u010der,&hellip;\" \/>\n<meta property=\"og:url\" content=\"https:\/\/evertonfc.cz\/index.php\/2012\/09\/28\/utkani-evertonu-ktera-rozsvitila-goodison-park\/\" \/>\n<meta property=\"og:site_name\" content=\"Official Czech &amp; Slovak Everton Supporters&#039; Club\" \/>\n<meta property=\"article:publisher\" content=\"https:\/\/www.facebook.com\/everton.fans.cz.sk\" \/>\n<meta property=\"article:published_time\" content=\"2012-09-28T15:18:03+00:00\" \/>\n<meta property=\"article:modified_time\" content=\"2019-02-17T18:59:04+00:00\" \/>\n<meta property=\"og:image\" content=\"https:\/\/evertonfc.cz\/wp-content\/uploads\/2019\/01\/blog.jpg\" \/>\n\t<meta property=\"og:image:width\" content=\"720\" \/>\n\t<meta property=\"og:image:height\" content=\"405\" \/>\n\t<meta property=\"og:image:type\" content=\"image\/jpeg\" \/>\n<meta name=\"author\" content=\"Ri\u010di\" \/>\n<meta name=\"twitter:card\" content=\"summary_large_image\" \/>\n<meta name=\"twitter:creator\" content=\"@rbrejsa\" \/>\n<meta name=\"twitter:label1\" content=\"Napsal(a)\" \/>\n\t<meta name=\"twitter:data1\" content=\"Ri\u010di\" \/>\n\t<meta name=\"twitter:label2\" content=\"Odhadovan\u00e1 doba \u010dten\u00ed\" \/>\n\t<meta name=\"twitter:data2\" content=\"7 minut\" \/>\n<script type=\"application\/ld+json\" class=\"yoast-schema-graph\">{\"@context\":\"https:\/\/schema.org\",\"@graph\":[{\"@type\":\"Article\",\"@id\":\"https:\/\/evertonfc.cz\/index.php\/2012\/09\/28\/utkani-evertonu-ktera-rozsvitila-goodison-park\/#article\",\"isPartOf\":{\"@id\":\"https:\/\/evertonfc.cz\/index.php\/2012\/09\/28\/utkani-evertonu-ktera-rozsvitila-goodison-park\/\"},\"author\":{\"name\":\"Ri\u010di\",\"@id\":\"https:\/\/evertonfc.cz\/#\/schema\/person\/f7a5daedb2ffee98480bc70e191aaef1\"},\"headline\":\"Utk\u00e1n\u00ed Evertonu, kter\u00e1 rozsv\u00edtila Goodison Park\",\"datePublished\":\"2012-09-28T15:18:03+00:00\",\"dateModified\":\"2019-02-17T18:59:04+00:00\",\"mainEntityOfPage\":{\"@id\":\"https:\/\/evertonfc.cz\/index.php\/2012\/09\/28\/utkani-evertonu-ktera-rozsvitila-goodison-park\/\"},\"wordCount\":1424,\"commentCount\":0,\"publisher\":{\"@id\":\"https:\/\/evertonfc.cz\/#organization\"},\"image\":{\"@id\":\"https:\/\/evertonfc.cz\/index.php\/2012\/09\/28\/utkani-evertonu-ktera-rozsvitila-goodison-park\/#primaryimage\"},\"thumbnailUrl\":\"https:\/\/evertonfc.cz\/wp-content\/uploads\/2019\/01\/blog.jpg\",\"articleSection\":[\"Blog\"],\"inLanguage\":\"cs\",\"potentialAction\":[{\"@type\":\"CommentAction\",\"name\":\"Comment\",\"target\":[\"https:\/\/evertonfc.cz\/index.php\/2012\/09\/28\/utkani-evertonu-ktera-rozsvitila-goodison-park\/#respond\"]}]},{\"@type\":\"WebPage\",\"@id\":\"https:\/\/evertonfc.cz\/index.php\/2012\/09\/28\/utkani-evertonu-ktera-rozsvitila-goodison-park\/\",\"url\":\"https:\/\/evertonfc.cz\/index.php\/2012\/09\/28\/utkani-evertonu-ktera-rozsvitila-goodison-park\/\",\"name\":\"Utk\u00e1n\u00ed Evertonu, kter\u00e1 rozsv\u00edtila Goodison Park - Official Czech &amp; Slovak Everton Supporters&#039; Club\",\"isPartOf\":{\"@id\":\"https:\/\/evertonfc.cz\/#website\"},\"primaryImageOfPage\":{\"@id\":\"https:\/\/evertonfc.cz\/index.php\/2012\/09\/28\/utkani-evertonu-ktera-rozsvitila-goodison-park\/#primaryimage\"},\"image\":{\"@id\":\"https:\/\/evertonfc.cz\/index.php\/2012\/09\/28\/utkani-evertonu-ktera-rozsvitila-goodison-park\/#primaryimage\"},\"thumbnailUrl\":\"https:\/\/evertonfc.cz\/wp-content\/uploads\/2019\/01\/blog.jpg\",\"datePublished\":\"2012-09-28T15:18:03+00:00\",\"dateModified\":\"2019-02-17T18:59:04+00:00\",\"breadcrumb\":{\"@id\":\"https:\/\/evertonfc.cz\/index.php\/2012\/09\/28\/utkani-evertonu-ktera-rozsvitila-goodison-park\/#breadcrumb\"},\"inLanguage\":\"cs\",\"potentialAction\":[{\"@type\":\"ReadAction\",\"target\":[\"https:\/\/evertonfc.cz\/index.php\/2012\/09\/28\/utkani-evertonu-ktera-rozsvitila-goodison-park\/\"]}]},{\"@type\":\"ImageObject\",\"inLanguage\":\"cs\",\"@id\":\"https:\/\/evertonfc.cz\/index.php\/2012\/09\/28\/utkani-evertonu-ktera-rozsvitila-goodison-park\/#primaryimage\",\"url\":\"https:\/\/evertonfc.cz\/wp-content\/uploads\/2019\/01\/blog.jpg\",\"contentUrl\":\"https:\/\/evertonfc.cz\/wp-content\/uploads\/2019\/01\/blog.jpg\",\"width\":720,\"height\":405},{\"@type\":\"BreadcrumbList\",\"@id\":\"https:\/\/evertonfc.cz\/index.php\/2012\/09\/28\/utkani-evertonu-ktera-rozsvitila-goodison-park\/#breadcrumb\",\"itemListElement\":[{\"@type\":\"ListItem\",\"position\":1,\"name\":\"Home\",\"item\":\"https:\/\/evertonfc.cz\/\"},{\"@type\":\"ListItem\",\"position\":2,\"name\":\"Utk\u00e1n\u00ed Evertonu, kter\u00e1 rozsv\u00edtila Goodison Park\"}]},{\"@type\":\"WebSite\",\"@id\":\"https:\/\/evertonfc.cz\/#website\",\"url\":\"https:\/\/evertonfc.cz\/\",\"name\":\"Official Czech &amp; Slovak Everton Supporters&#039; Club\",\"description\":\"\",\"publisher\":{\"@id\":\"https:\/\/evertonfc.cz\/#organization\"},\"potentialAction\":[{\"@type\":\"SearchAction\",\"target\":{\"@type\":\"EntryPoint\",\"urlTemplate\":\"https:\/\/evertonfc.cz\/?s={search_term_string}\"},\"query-input\":{\"@type\":\"PropertyValueSpecification\",\"valueRequired\":true,\"valueName\":\"search_term_string\"}}],\"inLanguage\":\"cs\"},{\"@type\":\"Organization\",\"@id\":\"https:\/\/evertonfc.cz\/#organization\",\"name\":\"Official Czech & Slovak Everton Supporters' Club\",\"url\":\"https:\/\/evertonfc.cz\/\",\"logo\":{\"@type\":\"ImageObject\",\"inLanguage\":\"cs\",\"@id\":\"https:\/\/evertonfc.cz\/#\/schema\/logo\/image\/\",\"url\":\"https:\/\/evertonfc.cz\/wp-content\/uploads\/2019\/05\/logo.png\",\"contentUrl\":\"https:\/\/evertonfc.cz\/wp-content\/uploads\/2019\/05\/logo.png\",\"width\":112,\"height\":112,\"caption\":\"Official Czech & Slovak Everton Supporters' Club\"},\"image\":{\"@id\":\"https:\/\/evertonfc.cz\/#\/schema\/logo\/image\/\"},\"sameAs\":[\"https:\/\/www.facebook.com\/everton.fans.cz.sk\"]},{\"@type\":\"Person\",\"@id\":\"https:\/\/evertonfc.cz\/#\/schema\/person\/f7a5daedb2ffee98480bc70e191aaef1\",\"name\":\"Ri\u010di\",\"sameAs\":[\"https:\/\/x.com\/rbrejsa\"],\"url\":\"https:\/\/evertonfc.cz\/index.php\/author\/rici\/\"}]}<\/script>\n<!-- \/ Yoast SEO plugin. -->","yoast_head_json":{"title":"Utk\u00e1n\u00ed Evertonu, kter\u00e1 rozsv\u00edtila Goodison Park - Official Czech &amp; Slovak Everton Supporters&#039; Club","robots":{"index":"index","follow":"follow","max-snippet":"max-snippet:-1","max-image-preview":"max-image-preview:large","max-video-preview":"max-video-preview:-1"},"canonical":"https:\/\/evertonfc.cz\/index.php\/2012\/09\/28\/utkani-evertonu-ktera-rozsvitila-goodison-park\/","og_locale":"cs_CZ","og_type":"article","og_title":"Utk\u00e1n\u00ed Evertonu, kter\u00e1 rozsv\u00edtila Goodison Park - Official Czech &amp; Slovak Everton Supporters&#039; Club","og_description":"V sobotu se poprv\u00e9 v leto\u0161n\u00ed sez\u00f3n\u011b do\u010dk\u00e1 stadion Toffees z\u00e1pasu za b\u00edl\u00e9ho dne. Prozat\u00edm se hr\u00e1lo v\u017edy jen ve\u010der,&hellip;","og_url":"https:\/\/evertonfc.cz\/index.php\/2012\/09\/28\/utkani-evertonu-ktera-rozsvitila-goodison-park\/","og_site_name":"Official Czech &amp; Slovak Everton Supporters&#039; Club","article_publisher":"https:\/\/www.facebook.com\/everton.fans.cz.sk","article_published_time":"2012-09-28T15:18:03+00:00","article_modified_time":"2019-02-17T18:59:04+00:00","og_image":[{"width":720,"height":405,"url":"https:\/\/evertonfc.cz\/wp-content\/uploads\/2019\/01\/blog.jpg","type":"image\/jpeg"}],"author":"Ri\u010di","twitter_card":"summary_large_image","twitter_creator":"@rbrejsa","twitter_misc":{"Napsal(a)":"Ri\u010di","Odhadovan\u00e1 doba \u010dten\u00ed":"7 minut"},"schema":{"@context":"https:\/\/schema.org","@graph":[{"@type":"Article","@id":"https:\/\/evertonfc.cz\/index.php\/2012\/09\/28\/utkani-evertonu-ktera-rozsvitila-goodison-park\/#article","isPartOf":{"@id":"https:\/\/evertonfc.cz\/index.php\/2012\/09\/28\/utkani-evertonu-ktera-rozsvitila-goodison-park\/"},"author":{"name":"Ri\u010di","@id":"https:\/\/evertonfc.cz\/#\/schema\/person\/f7a5daedb2ffee98480bc70e191aaef1"},"headline":"Utk\u00e1n\u00ed Evertonu, kter\u00e1 rozsv\u00edtila Goodison Park","datePublished":"2012-09-28T15:18:03+00:00","dateModified":"2019-02-17T18:59:04+00:00","mainEntityOfPage":{"@id":"https:\/\/evertonfc.cz\/index.php\/2012\/09\/28\/utkani-evertonu-ktera-rozsvitila-goodison-park\/"},"wordCount":1424,"commentCount":0,"publisher":{"@id":"https:\/\/evertonfc.cz\/#organization"},"image":{"@id":"https:\/\/evertonfc.cz\/index.php\/2012\/09\/28\/utkani-evertonu-ktera-rozsvitila-goodison-park\/#primaryimage"},"thumbnailUrl":"https:\/\/evertonfc.cz\/wp-content\/uploads\/2019\/01\/blog.jpg","articleSection":["Blog"],"inLanguage":"cs","potentialAction":[{"@type":"CommentAction","name":"Comment","target":["https:\/\/evertonfc.cz\/index.php\/2012\/09\/28\/utkani-evertonu-ktera-rozsvitila-goodison-park\/#respond"]}]},{"@type":"WebPage","@id":"https:\/\/evertonfc.cz\/index.php\/2012\/09\/28\/utkani-evertonu-ktera-rozsvitila-goodison-park\/","url":"https:\/\/evertonfc.cz\/index.php\/2012\/09\/28\/utkani-evertonu-ktera-rozsvitila-goodison-park\/","name":"Utk\u00e1n\u00ed Evertonu, kter\u00e1 rozsv\u00edtila Goodison Park - Official Czech &amp; Slovak Everton Supporters&#039; Club","isPartOf":{"@id":"https:\/\/evertonfc.cz\/#website"},"primaryImageOfPage":{"@id":"https:\/\/evertonfc.cz\/index.php\/2012\/09\/28\/utkani-evertonu-ktera-rozsvitila-goodison-park\/#primaryimage"},"image":{"@id":"https:\/\/evertonfc.cz\/index.php\/2012\/09\/28\/utkani-evertonu-ktera-rozsvitila-goodison-park\/#primaryimage"},"thumbnailUrl":"https:\/\/evertonfc.cz\/wp-content\/uploads\/2019\/01\/blog.jpg","datePublished":"2012-09-28T15:18:03+00:00","dateModified":"2019-02-17T18:59:04+00:00","breadcrumb":{"@id":"https:\/\/evertonfc.cz\/index.php\/2012\/09\/28\/utkani-evertonu-ktera-rozsvitila-goodison-park\/#breadcrumb"},"inLanguage":"cs","potentialAction":[{"@type":"ReadAction","target":["https:\/\/evertonfc.cz\/index.php\/2012\/09\/28\/utkani-evertonu-ktera-rozsvitila-goodison-park\/"]}]},{"@type":"ImageObject","inLanguage":"cs","@id":"https:\/\/evertonfc.cz\/index.php\/2012\/09\/28\/utkani-evertonu-ktera-rozsvitila-goodison-park\/#primaryimage","url":"https:\/\/evertonfc.cz\/wp-content\/uploads\/2019\/01\/blog.jpg","contentUrl":"https:\/\/evertonfc.cz\/wp-content\/uploads\/2019\/01\/blog.jpg","width":720,"height":405},{"@type":"BreadcrumbList","@id":"https:\/\/evertonfc.cz\/index.php\/2012\/09\/28\/utkani-evertonu-ktera-rozsvitila-goodison-park\/#breadcrumb","itemListElement":[{"@type":"ListItem","position":1,"name":"Home","item":"https:\/\/evertonfc.cz\/"},{"@type":"ListItem","position":2,"name":"Utk\u00e1n\u00ed Evertonu, kter\u00e1 rozsv\u00edtila Goodison Park"}]},{"@type":"WebSite","@id":"https:\/\/evertonfc.cz\/#website","url":"https:\/\/evertonfc.cz\/","name":"Official Czech &amp; Slovak Everton Supporters&#039; Club","description":"","publisher":{"@id":"https:\/\/evertonfc.cz\/#organization"},"potentialAction":[{"@type":"SearchAction","target":{"@type":"EntryPoint","urlTemplate":"https:\/\/evertonfc.cz\/?s={search_term_string}"},"query-input":{"@type":"PropertyValueSpecification","valueRequired":true,"valueName":"search_term_string"}}],"inLanguage":"cs"},{"@type":"Organization","@id":"https:\/\/evertonfc.cz\/#organization","name":"Official Czech & Slovak Everton Supporters' Club","url":"https:\/\/evertonfc.cz\/","logo":{"@type":"ImageObject","inLanguage":"cs","@id":"https:\/\/evertonfc.cz\/#\/schema\/logo\/image\/","url":"https:\/\/evertonfc.cz\/wp-content\/uploads\/2019\/05\/logo.png","contentUrl":"https:\/\/evertonfc.cz\/wp-content\/uploads\/2019\/05\/logo.png","width":112,"height":112,"caption":"Official Czech & Slovak Everton Supporters' Club"},"image":{"@id":"https:\/\/evertonfc.cz\/#\/schema\/logo\/image\/"},"sameAs":["https:\/\/www.facebook.com\/everton.fans.cz.sk"]},{"@type":"Person","@id":"https:\/\/evertonfc.cz\/#\/schema\/person\/f7a5daedb2ffee98480bc70e191aaef1","name":"Ri\u010di","sameAs":["https:\/\/x.com\/rbrejsa"],"url":"https:\/\/evertonfc.cz\/index.php\/author\/rici\/"}]}},"_links":{"self":[{"href":"https:\/\/evertonfc.cz\/index.php\/wp-json\/wp\/v2\/posts\/6128"}],"collection":[{"href":"https:\/\/evertonfc.cz\/index.php\/wp-json\/wp\/v2\/posts"}],"about":[{"href":"https:\/\/evertonfc.cz\/index.php\/wp-json\/wp\/v2\/types\/post"}],"author":[{"embeddable":true,"href":"https:\/\/evertonfc.cz\/index.php\/wp-json\/wp\/v2\/users\/6"}],"replies":[{"embeddable":true,"href":"https:\/\/evertonfc.cz\/index.php\/wp-json\/wp\/v2\/comments?post=6128"}],"version-history":[{"count":3,"href":"https:\/\/evertonfc.cz\/index.php\/wp-json\/wp\/v2\/posts\/6128\/revisions"}],"predecessor-version":[{"id":6370,"href":"https:\/\/evertonfc.cz\/index.php\/wp-json\/wp\/v2\/posts\/6128\/revisions\/6370"}],"wp:featuredmedia":[{"embeddable":true,"href":"https:\/\/evertonfc.cz\/index.php\/wp-json\/wp\/v2\/media\/1310"}],"wp:attachment":[{"href":"https:\/\/evertonfc.cz\/index.php\/wp-json\/wp\/v2\/media?parent=6128"}],"wp:term":[{"taxonomy":"category","embeddable":true,"href":"https:\/\/evertonfc.cz\/index.php\/wp-json\/wp\/v2\/categories?post=6128"},{"taxonomy":"post_tag","embeddable":true,"href":"https:\/\/evertonfc.cz\/index.php\/wp-json\/wp\/v2\/tags?post=6128"}],"curies":[{"name":"wp","href":"https:\/\/api.w.org\/{rel}","templated":true}]}}