{"id":6132,"date":"2012-09-26T17:19:16","date_gmt":"2012-09-26T15:19:16","guid":{"rendered":"http:\/\/evertonfc.cz\/?p=6132"},"modified":"2019-02-17T20:03:33","modified_gmt":"2019-02-17T19:03:33","slug":"hrat-fotbal-spravnou-cestou","status":"publish","type":"post","link":"https:\/\/evertonfc.cz\/index.php\/2012\/09\/26\/hrat-fotbal-spravnou-cestou\/","title":{"rendered":"Hr\u00e1t fotbal spr\u00e1vnou cestou"},"content":{"rendered":"<h4 id=\"NewsPostDetailSummary\">Rad\u011bji bych prohr\u00e1l, ne\u017e vyhr\u00e1l podvodem. To je dost mo\u017en\u00e1 p\u0159esn\u011b ta v\u011bta, kterou ka\u017ed\u00e9mu ze sv\u00fdch sv\u011b\u0159enc\u016f \u010dasto opakuje David Moyes.<\/h4>\n<div id=\"NewsPostDetailContent\">\n<p>Po asi 12 minut\u00e1ch hry ve v\u00edkendov\u00e9m utk\u00e1n\u00ed proti Swansea, b\u011b\u017eel Victor Anichebe t\u00e9m\u011b\u0159 s\u00e1m na br\u00e1nu. Byl faulovan\u00fd Ashley Williamsem ze Swansea a rozhod\u010d\u00ed mu za tento z\u00e1krok dal \u017elutou kartu, podle m\u00e9ho n\u00e1zoru tady ale klidn\u011b mohla p\u0159ij\u00edt i karta \u010derven\u00e1. Ka\u017edop\u00e1dn\u011b bylo skv\u011ble vid\u011bt, \u017ee \u017e\u00e1dn\u00fd z hr\u00e1\u010d\u016f Evertonu nepron\u00e1sledoval rozhod\u010d\u00edho a nem\u00e1val kolem n\u011bj imagin\u00e1rn\u00edmi kartami, co\u017e u\u017e se bohu\u017eel v posledn\u00ed dob\u011b zd\u00e1 jak\u00fdmsi zvykem n\u00e1dhern\u00e9 hry, jakou fotbal ur\u010dit\u011b je. Fotbal je sportem, kde mnohdy rozhoduj\u00ed nejmen\u0161\u00ed mali\u010dkosti. A pr\u00e1v\u011b v posledn\u00ed dob\u011b proti Toffees nebylo ze strany rozhod\u010d\u00edch zrovna m\u00e1lo rozhodnut\u00ed, kter\u00e9 by se dali ozna\u010dit nejm\u00e9n\u011b jako sporn\u00e9, mnohdy i jasn\u011b proti n\u00e1m. Na to ale upozor\u0148ovat nechci. J\u00e1 mnohem rad\u011bji chci upozornit na jinou v\u011bc. Ano, je j\u00ed pr\u00e1v\u011b chov\u00e1n\u00ed hr\u00e1\u010d\u016f EFC p\u0159i t\u011bchto situac\u00edch. Skoro by se cht\u011blo toti\u017e \u0159\u00edci, \u017ee a\u0165 je rozhodnut\u00ed rozhod\u010d\u00edch jak\u00e9koliv, my toto rozhodnut\u00ed akceptujeme a jdeme d\u00e1l. Nejen za tuto v\u011bc by m\u011bl b\u00fdt Everton respektov\u00e1n \u0161irokou fotbalovou ve\u0159ejnost\u00ed a m\u011blo by k n\u011bmu b\u00fdt vzhl\u00ed\u017eeno. Bohu\u017eel jsem si prozat\u00edm tohoto nev\u0161iml a i to m\u011b p\u0159ivedlo k naps\u00e1n\u00ed tohoto \u010dl\u00e1nku.<\/p>\n<p>Ur\u010dit\u011b to v\u0161ichni zn\u00e1te. Z\u00e1pas hraje Barcelona nebo Liverpool a pana rozhod\u010d\u00edho doslova po h\u0159i\u0161ti nah\u00e1n\u00ed Sergio Busquets \u010di Luis Su\u00e1rez je\u0161t\u011b p\u0159ed t\u00edm, ne\u017e se rozhod\u010d\u00ed v\u016fbec nat\u00e1hl do kapsy pro kartu. Pokud by takto tedy m\u00edsto \u201cVica\u201c byl v sobotu faulovan\u00fd t\u0159eba Messi, ur\u010dit\u011b by jsme se do\u010dkali klubka hr\u00e1\u010d\u016f kolem rozhod\u010d\u00edho. Ov\u0161em, i kdy\u017e by se jist\u011b nejeden klub sna\u017eil o vymodlen\u00ed \u010derven\u00e9 karty pro t\u00fdm soupe\u0159e, hr\u00e1\u010di Toffees na to reagovali trochu jinak. Everton reagoval vynikaj\u00edc\u00ed hrou b\u011bhem cel\u00e9ho zbytku z\u00e1pasu. Vynikaj\u00edc\u00ed hrou, jen n\u011bkolik dn\u00ed pot\u00e9, co byl t\u00fdm doslova okraden o v\u00edt\u011bzstv\u00ed, po neuznan\u00e9 brance z ofsajdu, kter\u00fd jak se ze z\u00e1b\u011br\u016f kamer uk\u00e1zalo, nebyl, a rovn\u011b\u017e neuznan\u00e9m g\u00f3lu, kter\u00fd i kdy\u017e t\u011bsn\u011b, tak p\u0159e\u0161el brankovou \u010d\u00e1ru. Everton mohl po tomto z\u00e1pase b\u00fdt velmi ot\u0159esen, mohl bre\u010det. Ne, realita byla takov\u00e1, \u017ee Swansea mohla hovo\u0159it jen o \u0161t\u011bst\u00ed, \u017ee po v 10. minut\u011b z\u00e1pasu, neprohr\u00e1vala ji\u017e o 2 nebo 3 branky.<\/p>\n<p>Ano, prvn\u00ed branka padla za pomoci rukou Marouane Fellainiho a nem\u011bla platit. Nicm\u00e9n\u011b, po z\u00e1pase ze strany jak mana\u017eera, tak Fellainiho nebyly sly\u0161et \u017e\u00e1dn\u00e9 v\u00fdmluvy. Pozd\u011bji v z\u00e1pase byl vylou\u010den Nathan Dyer, konkr\u00e9tn\u011b pot\u00e9, co fauloval Leightona Bainese a dostal druhou \u017elutou kartu v utk\u00e1n\u00ed. Rozhod\u010d\u00ed po tomto z\u00e1kroku \u0161el za Dyerem promluvit, ov\u0161em reakce vedle stoj\u00edc\u00edho Pienaara byla takov\u00e1, \u017ee naprosto jasn\u011b d\u00e1val rozhod\u010d\u00edmu najevo, aby ho nevylu\u010doval. Jist\u011b, toto se odehr\u00e1lo ji\u017e za stavu 2:0 pro klub z Liverpoolu, ov\u0161em i to je jist\u00e1 uk\u00e1zka toho, s k\u00fdm m\u011bla Swansea tu \u010dest.<\/p>\n<p>Toto se dle m\u00e9ho n\u00e1zoru naz\u00fdv\u00e1 respekt a tohle je cesta, jak by m\u011bl b\u00fdt fotbal hr\u00e1n. Jako zrcadlo mi pak p\u0159ijde v\u00edkendov\u00fd z\u00e1pas Chelsea, kde jsme v\u0161ichni vid\u011bli 2 ohavn\u00e9 pokusy o nafilmov\u00e1n\u00ed penalty, kter\u00e9 si jej\u00ed mana\u017eer dokonce otev\u0159en\u011b dovolil br\u00e1nit! Extr\u00e9mn\u00ed n\u00e1zor by mohl b\u00fdt &#8211; pokud nem\u016f\u017ee\u0161 vyhr\u00e1t z\u00e1pas dle pravidel, pro\u010d bys m\u011bl m\u00edt pr\u00e1vo se sna\u017eit vyhr\u00e1t dal\u0161\u00ed z\u00e1pas, pokud se tak sna\u017e\u00ed\u0161 pomoc\u00ed podvod\u016f a hrou proti pravidl\u016fm. V posledn\u00edch 10 letech jsme se do\u010dkali spousty nespravedlnost\u00ed, ale jdeme d\u00e1l a jak vid\u00edme na skv\u011bl\u00e9m startu do sez\u00f3ny, jde to i bez nah\u00e1n\u011bn\u00ed hon\u016f na rozhod\u010d\u00edho nebo simulov\u00e1n\u00ed. Jen si tak n\u011bkdy \u0159\u00edk\u00e1m, o kolik v\u00edce bod\u016f za sez\u00f3nu by jsme m\u011bli, pokud by jsme tuto hru hr\u00e1li v\u00edce cynicky.<\/p>\n<p>A nejde mi jen o chov\u00e1n\u00ed hr\u00e1\u010d\u016f na h\u0159i\u0161ti. Nem\u016f\u017eu si pomoct, ale cel\u00e1 Anglie v \u010dele s Evertonem v posledn\u00edch dnech uk\u00e1zala obrovsk\u00fd respekt k Liverpoolu a ud\u00e1lostem kolem trag\u00e9die na stadionu v Hillsborough. Nemusel to nikdo d\u011blat povinn\u011b, ale spousta lid\u00ed do toho r\u00e1da \u0161la. Dne\u0161n\u00ed reakce n\u011bkter\u00fdch fanou\u0161k\u016f Liverpoolu, a\u0165 u\u017e na samotn\u00e9m stadionu nebo v posledn\u00ed \u0159ad\u011b i na Twitteru, kde fandov\u00e9 LFC neskute\u010dn\u011b ur\u00e1\u017e\u00ed t\u00fdm Manchesteru United, jeho fanou\u0161ky a rozhod\u010d\u00edho Halseyho, kter\u00e9mu spousta z nich dokonce p\u0159eje n\u011bco tak ohavn\u00e9ho, a\u0165 se mu vr\u00e1t\u00ed rakovina. Fanou\u0161ci LFC bu\u010d\u00ed na stadionu na Evru a p\u0159id\u00e1vaj\u00ed k tomu rasistick\u00e9 chor\u00e1ly a z\u00e1rove\u0148 tleskaj\u00ed a zp\u00edvaj\u00ed o v\u011b\u010dn\u011b simuluj\u00edc\u00edm, s rozhod\u010d\u00edmi se h\u00e1daj\u00edc\u00edm a na tr\u00e1vn\u00edku se neslu\u0161n\u011b chovaj\u00edc\u00edm Su\u00e1rezovi. A n\u011bkte\u0159\u00ed jedinci dokonce d\u011blaj\u00ed sm\u011brem k fand\u016fm host\u00ed gesta padaj\u00edc\u00edho letadla s naprosto jasn\u00fdm odkazem k trag\u00e9dii v Mnichov\u011b. Nechci se bavit, co na samotn\u00e9m stadionu zp\u00edvali fandov\u00e9 United, to je v\u011bc jin\u00e1 a v\u016fbec mi o to nejde. Mnoh\u00fdmi lidmi jsou fandov\u00e9 Liverpoolu naz\u00fdv\u00e1ni jako &#8222;nejlep\u0161\u00ed na sv\u011bt\u011b&#8220;.\u00a0 Pokud tedy tohle jsou oni, tak je to opravdu smutn\u00e9.<\/p>\n<p>Oproti tomu, z fand\u016f Evertonu m\u00e1m opravdu radost. Pond\u011bln\u00ed vzpom\u00ednka p\u0159ed z\u00e1pasem s Newcastelem na ob\u011bti trag\u00e9die v Hillsborough byla i d\u00edky nim, naprosto \u00fa\u017easn\u00e1. S podobn\u00fdm chov\u00e1n\u00edm, jako dnes p\u0159edvedli fandov\u00e9 m\u011bstsk\u00e9ho rivala, jsem se od Evertonians vskutku ve sv\u00e9m \u017eivot\u011b nesetkal. A nejen z toho m\u00e1m radost. Na z\u00e1pas ligov\u00e9ho poh\u00e1ru s Leedsem, kter\u00fd se hraje v tomto t\u00fddnu, klub vyprodal v\u0161ech 7000 l\u00edstk\u016f, kter\u00e9 m\u011bl k dispozici. Z\u00e1pas je vys\u00edl\u00e1n v TV, hraje se ve\u010der a lid\u00e9, kte\u0159\u00ed na z\u00e1pas musej\u00ed cestovat, r\u00e1no vesm\u011bs budou muset j\u00edt do pr\u00e1ce \u010di \u0161koly.\u00a0 I to je d\u016fvod, pro\u010d nejen j\u00e1, ale my v\u0161ichni m\u00e1me tak moc r\u00e1di Everton. Jak prav\u00ed motto UEFA &#8211; respekt k soupe\u0159i, respekt k rozhod\u010d\u00edmu, respekt ke h\u0159e. Nejen k t\u011bmto hesl\u016fm se n\u00e1\u0161 klub m\u016f\u017ee hrd\u011b hl\u00e1sit. A na to m\u016f\u017eou b\u00fdt jistojist\u011b v\u0161ichni Evertonians s nad\u0161en\u00edm hrd\u00ed.<\/p>\n<\/div>\n","protected":false},"excerpt":{"rendered":"<p>Rad\u011bji bych prohr\u00e1l, ne\u017e vyhr\u00e1l podvodem. To je dost mo\u017en\u00e1 p\u0159esn\u011b ta v\u011bta, kterou ka\u017ed\u00e9mu ze sv\u00fdch sv\u011b\u0159enc\u016f \u010dasto opakuje&hellip;<\/p>\n","protected":false},"author":13,"featured_media":1310,"comment_status":"open","ping_status":"closed","sticky":false,"template":"","format":"standard","meta":{"_eb_attr":"","_monsterinsights_skip_tracking":false,"_monsterinsights_sitenote_active":false,"_monsterinsights_sitenote_note":"","_monsterinsights_sitenote_category":0,"footnotes":""},"categories":[39],"tags":[],"yoast_head":"<!-- This site is optimized with the Yoast SEO plugin v23.4 - https:\/\/yoast.com\/wordpress\/plugins\/seo\/ -->\n<title>Hr\u00e1t fotbal spr\u00e1vnou cestou - Official Czech &amp; Slovak Everton Supporters&#039; Club<\/title>\n<meta name=\"robots\" content=\"index, follow, max-snippet:-1, max-image-preview:large, max-video-preview:-1\" \/>\n<link rel=\"canonical\" href=\"https:\/\/evertonfc.cz\/index.php\/2012\/09\/26\/hrat-fotbal-spravnou-cestou\/\" \/>\n<meta property=\"og:locale\" content=\"cs_CZ\" \/>\n<meta property=\"og:type\" content=\"article\" \/>\n<meta property=\"og:title\" content=\"Hr\u00e1t fotbal spr\u00e1vnou cestou - Official Czech &amp; Slovak Everton Supporters&#039; Club\" \/>\n<meta property=\"og:description\" content=\"Rad\u011bji bych prohr\u00e1l, ne\u017e vyhr\u00e1l podvodem. To je dost mo\u017en\u00e1 p\u0159esn\u011b ta v\u011bta, kterou ka\u017ed\u00e9mu ze sv\u00fdch sv\u011b\u0159enc\u016f \u010dasto opakuje&hellip;\" \/>\n<meta property=\"og:url\" content=\"https:\/\/evertonfc.cz\/index.php\/2012\/09\/26\/hrat-fotbal-spravnou-cestou\/\" \/>\n<meta property=\"og:site_name\" content=\"Official Czech &amp; Slovak Everton Supporters&#039; Club\" \/>\n<meta property=\"article:publisher\" content=\"https:\/\/www.facebook.com\/everton.fans.cz.sk\" \/>\n<meta property=\"article:published_time\" content=\"2012-09-26T15:19:16+00:00\" \/>\n<meta property=\"article:modified_time\" content=\"2019-02-17T19:03:33+00:00\" \/>\n<meta property=\"og:image\" content=\"https:\/\/evertonfc.cz\/wp-content\/uploads\/2019\/01\/blog.jpg\" \/>\n\t<meta property=\"og:image:width\" content=\"720\" \/>\n\t<meta property=\"og:image:height\" content=\"405\" \/>\n\t<meta property=\"og:image:type\" content=\"image\/jpeg\" \/>\n<meta name=\"author\" content=\"Zaschrona\" \/>\n<meta name=\"twitter:card\" content=\"summary_large_image\" \/>\n<meta name=\"twitter:label1\" content=\"Napsal(a)\" \/>\n\t<meta name=\"twitter:data1\" content=\"Zaschrona\" \/>\n\t<meta name=\"twitter:label2\" content=\"Odhadovan\u00e1 doba \u010dten\u00ed\" \/>\n\t<meta name=\"twitter:data2\" content=\"6 minut\" \/>\n<script type=\"application\/ld+json\" class=\"yoast-schema-graph\">{\"@context\":\"https:\/\/schema.org\",\"@graph\":[{\"@type\":\"Article\",\"@id\":\"https:\/\/evertonfc.cz\/index.php\/2012\/09\/26\/hrat-fotbal-spravnou-cestou\/#article\",\"isPartOf\":{\"@id\":\"https:\/\/evertonfc.cz\/index.php\/2012\/09\/26\/hrat-fotbal-spravnou-cestou\/\"},\"author\":{\"name\":\"Zaschrona\",\"@id\":\"https:\/\/evertonfc.cz\/#\/schema\/person\/255585c2926c8c27a4eb6c74f4ecd704\"},\"headline\":\"Hr\u00e1t fotbal spr\u00e1vnou cestou\",\"datePublished\":\"2012-09-26T15:19:16+00:00\",\"dateModified\":\"2019-02-17T19:03:33+00:00\",\"mainEntityOfPage\":{\"@id\":\"https:\/\/evertonfc.cz\/index.php\/2012\/09\/26\/hrat-fotbal-spravnou-cestou\/\"},\"wordCount\":1208,\"commentCount\":0,\"publisher\":{\"@id\":\"https:\/\/evertonfc.cz\/#organization\"},\"image\":{\"@id\":\"https:\/\/evertonfc.cz\/index.php\/2012\/09\/26\/hrat-fotbal-spravnou-cestou\/#primaryimage\"},\"thumbnailUrl\":\"https:\/\/evertonfc.cz\/wp-content\/uploads\/2019\/01\/blog.jpg\",\"articleSection\":[\"Blog\"],\"inLanguage\":\"cs\",\"potentialAction\":[{\"@type\":\"CommentAction\",\"name\":\"Comment\",\"target\":[\"https:\/\/evertonfc.cz\/index.php\/2012\/09\/26\/hrat-fotbal-spravnou-cestou\/#respond\"]}]},{\"@type\":\"WebPage\",\"@id\":\"https:\/\/evertonfc.cz\/index.php\/2012\/09\/26\/hrat-fotbal-spravnou-cestou\/\",\"url\":\"https:\/\/evertonfc.cz\/index.php\/2012\/09\/26\/hrat-fotbal-spravnou-cestou\/\",\"name\":\"Hr\u00e1t fotbal spr\u00e1vnou cestou - Official Czech &amp; Slovak Everton Supporters&#039; Club\",\"isPartOf\":{\"@id\":\"https:\/\/evertonfc.cz\/#website\"},\"primaryImageOfPage\":{\"@id\":\"https:\/\/evertonfc.cz\/index.php\/2012\/09\/26\/hrat-fotbal-spravnou-cestou\/#primaryimage\"},\"image\":{\"@id\":\"https:\/\/evertonfc.cz\/index.php\/2012\/09\/26\/hrat-fotbal-spravnou-cestou\/#primaryimage\"},\"thumbnailUrl\":\"https:\/\/evertonfc.cz\/wp-content\/uploads\/2019\/01\/blog.jpg\",\"datePublished\":\"2012-09-26T15:19:16+00:00\",\"dateModified\":\"2019-02-17T19:03:33+00:00\",\"breadcrumb\":{\"@id\":\"https:\/\/evertonfc.cz\/index.php\/2012\/09\/26\/hrat-fotbal-spravnou-cestou\/#breadcrumb\"},\"inLanguage\":\"cs\",\"potentialAction\":[{\"@type\":\"ReadAction\",\"target\":[\"https:\/\/evertonfc.cz\/index.php\/2012\/09\/26\/hrat-fotbal-spravnou-cestou\/\"]}]},{\"@type\":\"ImageObject\",\"inLanguage\":\"cs\",\"@id\":\"https:\/\/evertonfc.cz\/index.php\/2012\/09\/26\/hrat-fotbal-spravnou-cestou\/#primaryimage\",\"url\":\"https:\/\/evertonfc.cz\/wp-content\/uploads\/2019\/01\/blog.jpg\",\"contentUrl\":\"https:\/\/evertonfc.cz\/wp-content\/uploads\/2019\/01\/blog.jpg\",\"width\":720,\"height\":405},{\"@type\":\"BreadcrumbList\",\"@id\":\"https:\/\/evertonfc.cz\/index.php\/2012\/09\/26\/hrat-fotbal-spravnou-cestou\/#breadcrumb\",\"itemListElement\":[{\"@type\":\"ListItem\",\"position\":1,\"name\":\"Home\",\"item\":\"https:\/\/evertonfc.cz\/\"},{\"@type\":\"ListItem\",\"position\":2,\"name\":\"Hr\u00e1t fotbal spr\u00e1vnou cestou\"}]},{\"@type\":\"WebSite\",\"@id\":\"https:\/\/evertonfc.cz\/#website\",\"url\":\"https:\/\/evertonfc.cz\/\",\"name\":\"Official Czech &amp; Slovak Everton Supporters&#039; Club\",\"description\":\"\",\"publisher\":{\"@id\":\"https:\/\/evertonfc.cz\/#organization\"},\"potentialAction\":[{\"@type\":\"SearchAction\",\"target\":{\"@type\":\"EntryPoint\",\"urlTemplate\":\"https:\/\/evertonfc.cz\/?s={search_term_string}\"},\"query-input\":{\"@type\":\"PropertyValueSpecification\",\"valueRequired\":true,\"valueName\":\"search_term_string\"}}],\"inLanguage\":\"cs\"},{\"@type\":\"Organization\",\"@id\":\"https:\/\/evertonfc.cz\/#organization\",\"name\":\"Official Czech & Slovak Everton Supporters' Club\",\"url\":\"https:\/\/evertonfc.cz\/\",\"logo\":{\"@type\":\"ImageObject\",\"inLanguage\":\"cs\",\"@id\":\"https:\/\/evertonfc.cz\/#\/schema\/logo\/image\/\",\"url\":\"https:\/\/evertonfc.cz\/wp-content\/uploads\/2019\/05\/logo.png\",\"contentUrl\":\"https:\/\/evertonfc.cz\/wp-content\/uploads\/2019\/05\/logo.png\",\"width\":112,\"height\":112,\"caption\":\"Official Czech & Slovak Everton Supporters' Club\"},\"image\":{\"@id\":\"https:\/\/evertonfc.cz\/#\/schema\/logo\/image\/\"},\"sameAs\":[\"https:\/\/www.facebook.com\/everton.fans.cz.sk\"]},{\"@type\":\"Person\",\"@id\":\"https:\/\/evertonfc.cz\/#\/schema\/person\/255585c2926c8c27a4eb6c74f4ecd704\",\"name\":\"Zaschrona\",\"url\":\"https:\/\/evertonfc.cz\/index.php\/author\/zaschrona\/\"}]}<\/script>\n<!-- \/ Yoast SEO plugin. -->","yoast_head_json":{"title":"Hr\u00e1t fotbal spr\u00e1vnou cestou - Official Czech &amp; Slovak Everton Supporters&#039; Club","robots":{"index":"index","follow":"follow","max-snippet":"max-snippet:-1","max-image-preview":"max-image-preview:large","max-video-preview":"max-video-preview:-1"},"canonical":"https:\/\/evertonfc.cz\/index.php\/2012\/09\/26\/hrat-fotbal-spravnou-cestou\/","og_locale":"cs_CZ","og_type":"article","og_title":"Hr\u00e1t fotbal spr\u00e1vnou cestou - Official Czech &amp; Slovak Everton Supporters&#039; Club","og_description":"Rad\u011bji bych prohr\u00e1l, ne\u017e vyhr\u00e1l podvodem. To je dost mo\u017en\u00e1 p\u0159esn\u011b ta v\u011bta, kterou ka\u017ed\u00e9mu ze sv\u00fdch sv\u011b\u0159enc\u016f \u010dasto opakuje&hellip;","og_url":"https:\/\/evertonfc.cz\/index.php\/2012\/09\/26\/hrat-fotbal-spravnou-cestou\/","og_site_name":"Official Czech &amp; Slovak Everton Supporters&#039; Club","article_publisher":"https:\/\/www.facebook.com\/everton.fans.cz.sk","article_published_time":"2012-09-26T15:19:16+00:00","article_modified_time":"2019-02-17T19:03:33+00:00","og_image":[{"width":720,"height":405,"url":"https:\/\/evertonfc.cz\/wp-content\/uploads\/2019\/01\/blog.jpg","type":"image\/jpeg"}],"author":"Zaschrona","twitter_card":"summary_large_image","twitter_misc":{"Napsal(a)":"Zaschrona","Odhadovan\u00e1 doba \u010dten\u00ed":"6 minut"},"schema":{"@context":"https:\/\/schema.org","@graph":[{"@type":"Article","@id":"https:\/\/evertonfc.cz\/index.php\/2012\/09\/26\/hrat-fotbal-spravnou-cestou\/#article","isPartOf":{"@id":"https:\/\/evertonfc.cz\/index.php\/2012\/09\/26\/hrat-fotbal-spravnou-cestou\/"},"author":{"name":"Zaschrona","@id":"https:\/\/evertonfc.cz\/#\/schema\/person\/255585c2926c8c27a4eb6c74f4ecd704"},"headline":"Hr\u00e1t fotbal spr\u00e1vnou cestou","datePublished":"2012-09-26T15:19:16+00:00","dateModified":"2019-02-17T19:03:33+00:00","mainEntityOfPage":{"@id":"https:\/\/evertonfc.cz\/index.php\/2012\/09\/26\/hrat-fotbal-spravnou-cestou\/"},"wordCount":1208,"commentCount":0,"publisher":{"@id":"https:\/\/evertonfc.cz\/#organization"},"image":{"@id":"https:\/\/evertonfc.cz\/index.php\/2012\/09\/26\/hrat-fotbal-spravnou-cestou\/#primaryimage"},"thumbnailUrl":"https:\/\/evertonfc.cz\/wp-content\/uploads\/2019\/01\/blog.jpg","articleSection":["Blog"],"inLanguage":"cs","potentialAction":[{"@type":"CommentAction","name":"Comment","target":["https:\/\/evertonfc.cz\/index.php\/2012\/09\/26\/hrat-fotbal-spravnou-cestou\/#respond"]}]},{"@type":"WebPage","@id":"https:\/\/evertonfc.cz\/index.php\/2012\/09\/26\/hrat-fotbal-spravnou-cestou\/","url":"https:\/\/evertonfc.cz\/index.php\/2012\/09\/26\/hrat-fotbal-spravnou-cestou\/","name":"Hr\u00e1t fotbal spr\u00e1vnou cestou - Official Czech &amp; Slovak Everton Supporters&#039; Club","isPartOf":{"@id":"https:\/\/evertonfc.cz\/#website"},"primaryImageOfPage":{"@id":"https:\/\/evertonfc.cz\/index.php\/2012\/09\/26\/hrat-fotbal-spravnou-cestou\/#primaryimage"},"image":{"@id":"https:\/\/evertonfc.cz\/index.php\/2012\/09\/26\/hrat-fotbal-spravnou-cestou\/#primaryimage"},"thumbnailUrl":"https:\/\/evertonfc.cz\/wp-content\/uploads\/2019\/01\/blog.jpg","datePublished":"2012-09-26T15:19:16+00:00","dateModified":"2019-02-17T19:03:33+00:00","breadcrumb":{"@id":"https:\/\/evertonfc.cz\/index.php\/2012\/09\/26\/hrat-fotbal-spravnou-cestou\/#breadcrumb"},"inLanguage":"cs","potentialAction":[{"@type":"ReadAction","target":["https:\/\/evertonfc.cz\/index.php\/2012\/09\/26\/hrat-fotbal-spravnou-cestou\/"]}]},{"@type":"ImageObject","inLanguage":"cs","@id":"https:\/\/evertonfc.cz\/index.php\/2012\/09\/26\/hrat-fotbal-spravnou-cestou\/#primaryimage","url":"https:\/\/evertonfc.cz\/wp-content\/uploads\/2019\/01\/blog.jpg","contentUrl":"https:\/\/evertonfc.cz\/wp-content\/uploads\/2019\/01\/blog.jpg","width":720,"height":405},{"@type":"BreadcrumbList","@id":"https:\/\/evertonfc.cz\/index.php\/2012\/09\/26\/hrat-fotbal-spravnou-cestou\/#breadcrumb","itemListElement":[{"@type":"ListItem","position":1,"name":"Home","item":"https:\/\/evertonfc.cz\/"},{"@type":"ListItem","position":2,"name":"Hr\u00e1t fotbal spr\u00e1vnou cestou"}]},{"@type":"WebSite","@id":"https:\/\/evertonfc.cz\/#website","url":"https:\/\/evertonfc.cz\/","name":"Official Czech &amp; Slovak Everton Supporters&#039; Club","description":"","publisher":{"@id":"https:\/\/evertonfc.cz\/#organization"},"potentialAction":[{"@type":"SearchAction","target":{"@type":"EntryPoint","urlTemplate":"https:\/\/evertonfc.cz\/?s={search_term_string}"},"query-input":{"@type":"PropertyValueSpecification","valueRequired":true,"valueName":"search_term_string"}}],"inLanguage":"cs"},{"@type":"Organization","@id":"https:\/\/evertonfc.cz\/#organization","name":"Official Czech & Slovak Everton Supporters' Club","url":"https:\/\/evertonfc.cz\/","logo":{"@type":"ImageObject","inLanguage":"cs","@id":"https:\/\/evertonfc.cz\/#\/schema\/logo\/image\/","url":"https:\/\/evertonfc.cz\/wp-content\/uploads\/2019\/05\/logo.png","contentUrl":"https:\/\/evertonfc.cz\/wp-content\/uploads\/2019\/05\/logo.png","width":112,"height":112,"caption":"Official Czech & Slovak Everton Supporters' Club"},"image":{"@id":"https:\/\/evertonfc.cz\/#\/schema\/logo\/image\/"},"sameAs":["https:\/\/www.facebook.com\/everton.fans.cz.sk"]},{"@type":"Person","@id":"https:\/\/evertonfc.cz\/#\/schema\/person\/255585c2926c8c27a4eb6c74f4ecd704","name":"Zaschrona","url":"https:\/\/evertonfc.cz\/index.php\/author\/zaschrona\/"}]}},"_links":{"self":[{"href":"https:\/\/evertonfc.cz\/index.php\/wp-json\/wp\/v2\/posts\/6132"}],"collection":[{"href":"https:\/\/evertonfc.cz\/index.php\/wp-json\/wp\/v2\/posts"}],"about":[{"href":"https:\/\/evertonfc.cz\/index.php\/wp-json\/wp\/v2\/types\/post"}],"author":[{"embeddable":true,"href":"https:\/\/evertonfc.cz\/index.php\/wp-json\/wp\/v2\/users\/13"}],"replies":[{"embeddable":true,"href":"https:\/\/evertonfc.cz\/index.php\/wp-json\/wp\/v2\/comments?post=6132"}],"version-history":[{"count":3,"href":"https:\/\/evertonfc.cz\/index.php\/wp-json\/wp\/v2\/posts\/6132\/revisions"}],"predecessor-version":[{"id":6378,"href":"https:\/\/evertonfc.cz\/index.php\/wp-json\/wp\/v2\/posts\/6132\/revisions\/6378"}],"wp:featuredmedia":[{"embeddable":true,"href":"https:\/\/evertonfc.cz\/index.php\/wp-json\/wp\/v2\/media\/1310"}],"wp:attachment":[{"href":"https:\/\/evertonfc.cz\/index.php\/wp-json\/wp\/v2\/media?parent=6132"}],"wp:term":[{"taxonomy":"category","embeddable":true,"href":"https:\/\/evertonfc.cz\/index.php\/wp-json\/wp\/v2\/categories?post=6132"},{"taxonomy":"post_tag","embeddable":true,"href":"https:\/\/evertonfc.cz\/index.php\/wp-json\/wp\/v2\/tags?post=6132"}],"curies":[{"name":"wp","href":"https:\/\/api.w.org\/{rel}","templated":true}]}}