{"id":6138,"date":"2012-09-25T17:23:12","date_gmt":"2012-09-25T15:23:12","guid":{"rendered":"http:\/\/evertonfc.cz\/?p=6138"},"modified":"2021-02-01T08:52:14","modified_gmt":"2021-02-01T07:52:14","slug":"preview-leeds-united-everton","status":"publish","type":"post","link":"https:\/\/evertonfc.cz\/index.php\/2012\/09\/25\/preview-leeds-united-everton\/","title":{"rendered":"Preview: Leeds United &#8211; Everton"},"content":{"rendered":"<h4 id=\"NewsPostDetailSummary\">Ve t\u0159et\u00edm kole Ligov\u00e9ho poh\u00e1ru zaj\u00ed\u017ed\u00ed Everton na horkou p\u016fdu Leedsu United, kde bude cht\u00edt potvrdit roli favorita a d\u00e1le \u017e\u00edt sen v podob\u011b zisku poh\u00e1rov\u00e9 trofeje.<\/h4>\n<div id=\"NewsPostDetailContent\">\n<p>Los svedla do kopy dva t\u00fdmu v odli\u0161n\u00e9m rozpolo\u017een\u00ed. P\u0159esto\u017ee dom\u00e1c\u00ed celek p\u0159ed sez\u00f3nou neodm\u00edtal ambice zabojovat o Premier League, \u00favod sez\u00f3ny se mu p\u0159\u00edli\u0161 nepovedl a po sedmi kolech zauj\u00edm\u00e1 v tabulce dvan\u00e1ctou p\u0159\u00ed\u010dku. O v\u00edkendu v\u0161ak porazil Nottingham Forest a aspo\u0148 trochu si napravil n\u00e1ladu.<\/p>\n<p>To v Evertonu je situace pon\u011bkud jin\u00e1, Toffees vkro\u010dili do nov\u00e9ho ro\u010dn\u00edk Premier League nezvykle dob\u0159e a slun\u00ed se na t\u0159et\u00ed p\u0159\u00ed\u010dce hned za Chelsea a Manchesterem United. David Moyes a jeho t\u00fdm naposledy u\u0161t\u011bd\u0159ili debakl 3:0 Swansea na Liberty Stadium, tak\u017ee i proto panuje na Goodison Parku dobr\u00e1 n\u00e1lada a pomalu se za\u010d\u00edn\u00e1 mluvit o ambic\u00edch prvn\u00ed trofeje pod Davidem Moyesem. I skromn\u00fd Leighton Baines si je v\u011bdom (nebo p\u0159eh\u00e1n\u00ed???) schopnost\u00ed sou\u010dasn\u00e9ho mu\u017estva: <em>\u201eHrajeme velmi dob\u0159e. Naposledy kdy\u017e jsme p\u0159edv\u00e1d\u011bli podobn\u00fd fotbal, do\u0161li jsme do fin\u00e1le FA Cupu v roce 2009.\u201c<\/em><\/p>\n<h4><strong>Z\u00e1pasov\u00e1 fakta<\/strong><\/h4>\n<p>Vz\u00e1jemn\u00e1<\/p>\n<ul>\n<li>Leeds vyhr\u00e1l posledn\u00ed dv\u011b kl\u00e1n\u00ed v Ligov\u00e9m poh\u00e1ru, Everton rozdrtil 4:1 v roce 1978 a 1991<\/li>\n<li>p\u016fjde o prvn\u00ed setk\u00e1n\u00ed od dubna 2004, kdy se zrodila na Elland Road rem\u00edza 1:1, jen p\u00e1r t\u00fddn\u016f p\u0159edt\u00edm, ne\u017e Whites sestoupili z Premier League.<\/li>\n<\/ul>\n<p>Leeds United<\/p>\n<ul>\n<li>do \u010dtvrt\u00e9ho kola Ligov\u00e9ho poh\u00e1ru se v posledn\u00edch deseti letech dostal jen jednou (v sez\u00f3n\u011b 2008\/09)<\/li>\n<li>u\u017e sedmkr\u00e1t za sebou vypadl ze sout\u011b\u017ee po utk\u00e1n\u00ed s prvoligov\u00fdm celkem.<\/li>\n<\/ul>\n<p>Everton<\/p>\n<ul>\n<li>chce se poosm\u00e9 z posledn\u00edch jeden\u00e1cti sez\u00f3n probojovat do \u010dtvrt\u00e9ho kola<\/li>\n<li>vyhr\u00e1l posledn\u00ed t\u0159i z\u00e1pasy s kluby z Championship od vypadnut\u00ed na pokutov\u00e9 kopy s Crystal Palace v roce 2001<\/li>\n<li>poprv\u00e9 po p\u011bti losech nastoup\u00ed v Ligov\u00e9m poh\u00e1ru na venkovn\u00edm h\u0159i\u0161ti.<\/li>\n<\/ul>\n<h4><strong>T\u00fdmov\u00e9 novinky<\/strong><\/h4>\n<p>Kapit\u00e1n Leedsu Lee Peltier musel o v\u00edkendu pro zran\u011bn\u00ed kolena p\u0159ed\u010dasn\u011b st\u0159\u00eddat, jeho start proti EFC je ohro\u017een. Kanon\u00fdr Luciano Becchio pravd\u011bpodobn\u011b i p\u0159es zran\u011bn\u00ed kotn\u00edku nastoup\u00ed, na druhou stranu David Norris (stehno) a Paul Green (koleno) pro zdravotn\u00ed probl\u00e9my ur\u010dit\u011b hr\u00e1t nebudou.<\/p>\n<p>Nikica Jelavi\u0107 stihl uzdravit nara\u017een\u00e9 koleno a i bude k dispozici. Tonyho Hibberta a Darrona Gibsona zran\u011bn\u00ed do st\u0159etnut\u00ed nepust\u00ed. Shane Duffy a Apostolos Vellios pobyli v\u010dera cel\u00fdch devades\u00e1t minut p\u0159i v\u00fdh\u0159e Everton U21 na p\u016fd\u011b Blackburnu. Luke Garbutt ode\u0161el ze stejn\u00e9ho st\u0159etnut\u00ed ji\u017e ve t\u0159et\u00ed minut\u011b, a tak nen\u00ed pravd\u011bpodobn\u00e9, \u017ee n\u011bkdo z t\u011bchto t\u0159\u00ed mlad\u00edk\u016f nasko\u010d\u00ed do st\u0159etnut\u00ed s Leedsem.<\/p>\n<p><strong>Co:<\/strong> Leeds United AFC &#8211; Everton FC, 3. kolo Capital One Cup<br \/>\n<strong>Kdy:<\/strong> 25.09.2012 20:45 SE\u010c<br \/>\n<strong>Kde<\/strong>: Elland Road, Leeds<\/p>\n<\/div>\n","protected":false},"excerpt":{"rendered":"<p>Ve t\u0159et\u00edm kole Ligov\u00e9ho poh\u00e1ru zaj\u00ed\u017ed\u00ed Everton na horkou p\u016fdu Leedsu United, kde bude cht\u00edt potvrdit roli favorita a d\u00e1le&hellip;<\/p>\n","protected":false},"author":6,"featured_media":13816,"comment_status":"open","ping_status":"closed","sticky":false,"template":"","format":"standard","meta":{"_eb_attr":"","_monsterinsights_skip_tracking":false,"_monsterinsights_sitenote_active":false,"_monsterinsights_sitenote_note":"","_monsterinsights_sitenote_category":0,"footnotes":""},"categories":[4],"tags":[],"yoast_head":"<!-- This site is optimized with the Yoast SEO plugin v23.4 - https:\/\/yoast.com\/wordpress\/plugins\/seo\/ -->\n<title>Preview: Leeds United - Everton - Official Czech &amp; Slovak Everton Supporters&#039; Club<\/title>\n<meta name=\"robots\" content=\"index, follow, max-snippet:-1, max-image-preview:large, max-video-preview:-1\" \/>\n<link rel=\"canonical\" href=\"https:\/\/evertonfc.cz\/index.php\/2012\/09\/25\/preview-leeds-united-everton\/\" \/>\n<meta property=\"og:locale\" content=\"cs_CZ\" \/>\n<meta property=\"og:type\" content=\"article\" \/>\n<meta property=\"og:title\" content=\"Preview: Leeds United - Everton - Official Czech &amp; Slovak Everton Supporters&#039; Club\" \/>\n<meta property=\"og:description\" content=\"Ve t\u0159et\u00edm kole Ligov\u00e9ho poh\u00e1ru zaj\u00ed\u017ed\u00ed Everton na horkou p\u016fdu Leedsu United, kde bude cht\u00edt potvrdit roli favorita a d\u00e1le&hellip;\" \/>\n<meta property=\"og:url\" content=\"https:\/\/evertonfc.cz\/index.php\/2012\/09\/25\/preview-leeds-united-everton\/\" \/>\n<meta property=\"og:site_name\" content=\"Official Czech &amp; Slovak Everton Supporters&#039; Club\" \/>\n<meta property=\"article:publisher\" content=\"https:\/\/www.facebook.com\/everton.fans.cz.sk\" \/>\n<meta property=\"article:published_time\" content=\"2012-09-25T15:23:12+00:00\" \/>\n<meta property=\"article:modified_time\" content=\"2021-02-01T07:52:14+00:00\" \/>\n<meta property=\"og:image\" content=\"https:\/\/evertonfc.cz\/wp-content\/uploads\/2021\/02\/Leeds-United-VS-Everton.jpg\" \/>\n\t<meta property=\"og:image:width\" content=\"720\" \/>\n\t<meta property=\"og:image:height\" content=\"405\" \/>\n\t<meta property=\"og:image:type\" content=\"image\/jpeg\" \/>\n<meta name=\"author\" content=\"Ri\u010di\" \/>\n<meta name=\"twitter:card\" content=\"summary_large_image\" \/>\n<meta name=\"twitter:creator\" content=\"@rbrejsa\" \/>\n<meta name=\"twitter:label1\" content=\"Napsal(a)\" \/>\n\t<meta name=\"twitter:data1\" content=\"Ri\u010di\" \/>\n\t<meta name=\"twitter:label2\" content=\"Odhadovan\u00e1 doba \u010dten\u00ed\" \/>\n\t<meta name=\"twitter:data2\" content=\"3 minuty\" \/>\n<script type=\"application\/ld+json\" class=\"yoast-schema-graph\">{\"@context\":\"https:\/\/schema.org\",\"@graph\":[{\"@type\":\"Article\",\"@id\":\"https:\/\/evertonfc.cz\/index.php\/2012\/09\/25\/preview-leeds-united-everton\/#article\",\"isPartOf\":{\"@id\":\"https:\/\/evertonfc.cz\/index.php\/2012\/09\/25\/preview-leeds-united-everton\/\"},\"author\":{\"name\":\"Ri\u010di\",\"@id\":\"https:\/\/evertonfc.cz\/#\/schema\/person\/f7a5daedb2ffee98480bc70e191aaef1\"},\"headline\":\"Preview: Leeds United &#8211; Everton\",\"datePublished\":\"2012-09-25T15:23:12+00:00\",\"dateModified\":\"2021-02-01T07:52:14+00:00\",\"mainEntityOfPage\":{\"@id\":\"https:\/\/evertonfc.cz\/index.php\/2012\/09\/25\/preview-leeds-united-everton\/\"},\"wordCount\":527,\"commentCount\":0,\"publisher\":{\"@id\":\"https:\/\/evertonfc.cz\/#organization\"},\"image\":{\"@id\":\"https:\/\/evertonfc.cz\/index.php\/2012\/09\/25\/preview-leeds-united-everton\/#primaryimage\"},\"thumbnailUrl\":\"https:\/\/evertonfc.cz\/wp-content\/uploads\/2021\/02\/Leeds-United-VS-Everton.jpg\",\"articleSection\":[\"Z\u00e1pasy\"],\"inLanguage\":\"cs\",\"potentialAction\":[{\"@type\":\"CommentAction\",\"name\":\"Comment\",\"target\":[\"https:\/\/evertonfc.cz\/index.php\/2012\/09\/25\/preview-leeds-united-everton\/#respond\"]}]},{\"@type\":\"WebPage\",\"@id\":\"https:\/\/evertonfc.cz\/index.php\/2012\/09\/25\/preview-leeds-united-everton\/\",\"url\":\"https:\/\/evertonfc.cz\/index.php\/2012\/09\/25\/preview-leeds-united-everton\/\",\"name\":\"Preview: Leeds United - Everton - Official Czech &amp; Slovak Everton Supporters&#039; Club\",\"isPartOf\":{\"@id\":\"https:\/\/evertonfc.cz\/#website\"},\"primaryImageOfPage\":{\"@id\":\"https:\/\/evertonfc.cz\/index.php\/2012\/09\/25\/preview-leeds-united-everton\/#primaryimage\"},\"image\":{\"@id\":\"https:\/\/evertonfc.cz\/index.php\/2012\/09\/25\/preview-leeds-united-everton\/#primaryimage\"},\"thumbnailUrl\":\"https:\/\/evertonfc.cz\/wp-content\/uploads\/2021\/02\/Leeds-United-VS-Everton.jpg\",\"datePublished\":\"2012-09-25T15:23:12+00:00\",\"dateModified\":\"2021-02-01T07:52:14+00:00\",\"breadcrumb\":{\"@id\":\"https:\/\/evertonfc.cz\/index.php\/2012\/09\/25\/preview-leeds-united-everton\/#breadcrumb\"},\"inLanguage\":\"cs\",\"potentialAction\":[{\"@type\":\"ReadAction\",\"target\":[\"https:\/\/evertonfc.cz\/index.php\/2012\/09\/25\/preview-leeds-united-everton\/\"]}]},{\"@type\":\"ImageObject\",\"inLanguage\":\"cs\",\"@id\":\"https:\/\/evertonfc.cz\/index.php\/2012\/09\/25\/preview-leeds-united-everton\/#primaryimage\",\"url\":\"https:\/\/evertonfc.cz\/wp-content\/uploads\/2021\/02\/Leeds-United-VS-Everton.jpg\",\"contentUrl\":\"https:\/\/evertonfc.cz\/wp-content\/uploads\/2021\/02\/Leeds-United-VS-Everton.jpg\",\"width\":720,\"height\":405},{\"@type\":\"BreadcrumbList\",\"@id\":\"https:\/\/evertonfc.cz\/index.php\/2012\/09\/25\/preview-leeds-united-everton\/#breadcrumb\",\"itemListElement\":[{\"@type\":\"ListItem\",\"position\":1,\"name\":\"Home\",\"item\":\"https:\/\/evertonfc.cz\/\"},{\"@type\":\"ListItem\",\"position\":2,\"name\":\"Preview: Leeds United &#8211; Everton\"}]},{\"@type\":\"WebSite\",\"@id\":\"https:\/\/evertonfc.cz\/#website\",\"url\":\"https:\/\/evertonfc.cz\/\",\"name\":\"Official Czech &amp; Slovak Everton Supporters&#039; Club\",\"description\":\"\",\"publisher\":{\"@id\":\"https:\/\/evertonfc.cz\/#organization\"},\"potentialAction\":[{\"@type\":\"SearchAction\",\"target\":{\"@type\":\"EntryPoint\",\"urlTemplate\":\"https:\/\/evertonfc.cz\/?s={search_term_string}\"},\"query-input\":{\"@type\":\"PropertyValueSpecification\",\"valueRequired\":true,\"valueName\":\"search_term_string\"}}],\"inLanguage\":\"cs\"},{\"@type\":\"Organization\",\"@id\":\"https:\/\/evertonfc.cz\/#organization\",\"name\":\"Official Czech & Slovak Everton Supporters' Club\",\"url\":\"https:\/\/evertonfc.cz\/\",\"logo\":{\"@type\":\"ImageObject\",\"inLanguage\":\"cs\",\"@id\":\"https:\/\/evertonfc.cz\/#\/schema\/logo\/image\/\",\"url\":\"https:\/\/evertonfc.cz\/wp-content\/uploads\/2019\/05\/logo.png\",\"contentUrl\":\"https:\/\/evertonfc.cz\/wp-content\/uploads\/2019\/05\/logo.png\",\"width\":112,\"height\":112,\"caption\":\"Official Czech & Slovak Everton Supporters' Club\"},\"image\":{\"@id\":\"https:\/\/evertonfc.cz\/#\/schema\/logo\/image\/\"},\"sameAs\":[\"https:\/\/www.facebook.com\/everton.fans.cz.sk\"]},{\"@type\":\"Person\",\"@id\":\"https:\/\/evertonfc.cz\/#\/schema\/person\/f7a5daedb2ffee98480bc70e191aaef1\",\"name\":\"Ri\u010di\",\"sameAs\":[\"https:\/\/x.com\/rbrejsa\"],\"url\":\"https:\/\/evertonfc.cz\/index.php\/author\/rici\/\"}]}<\/script>\n<!-- \/ Yoast SEO plugin. -->","yoast_head_json":{"title":"Preview: Leeds United - Everton - Official Czech &amp; Slovak Everton Supporters&#039; Club","robots":{"index":"index","follow":"follow","max-snippet":"max-snippet:-1","max-image-preview":"max-image-preview:large","max-video-preview":"max-video-preview:-1"},"canonical":"https:\/\/evertonfc.cz\/index.php\/2012\/09\/25\/preview-leeds-united-everton\/","og_locale":"cs_CZ","og_type":"article","og_title":"Preview: Leeds United - Everton - Official Czech &amp; Slovak Everton Supporters&#039; Club","og_description":"Ve t\u0159et\u00edm kole Ligov\u00e9ho poh\u00e1ru zaj\u00ed\u017ed\u00ed Everton na horkou p\u016fdu Leedsu United, kde bude cht\u00edt potvrdit roli favorita a d\u00e1le&hellip;","og_url":"https:\/\/evertonfc.cz\/index.php\/2012\/09\/25\/preview-leeds-united-everton\/","og_site_name":"Official Czech &amp; Slovak Everton Supporters&#039; Club","article_publisher":"https:\/\/www.facebook.com\/everton.fans.cz.sk","article_published_time":"2012-09-25T15:23:12+00:00","article_modified_time":"2021-02-01T07:52:14+00:00","og_image":[{"width":720,"height":405,"url":"https:\/\/evertonfc.cz\/wp-content\/uploads\/2021\/02\/Leeds-United-VS-Everton.jpg","type":"image\/jpeg"}],"author":"Ri\u010di","twitter_card":"summary_large_image","twitter_creator":"@rbrejsa","twitter_misc":{"Napsal(a)":"Ri\u010di","Odhadovan\u00e1 doba \u010dten\u00ed":"3 minuty"},"schema":{"@context":"https:\/\/schema.org","@graph":[{"@type":"Article","@id":"https:\/\/evertonfc.cz\/index.php\/2012\/09\/25\/preview-leeds-united-everton\/#article","isPartOf":{"@id":"https:\/\/evertonfc.cz\/index.php\/2012\/09\/25\/preview-leeds-united-everton\/"},"author":{"name":"Ri\u010di","@id":"https:\/\/evertonfc.cz\/#\/schema\/person\/f7a5daedb2ffee98480bc70e191aaef1"},"headline":"Preview: Leeds United &#8211; Everton","datePublished":"2012-09-25T15:23:12+00:00","dateModified":"2021-02-01T07:52:14+00:00","mainEntityOfPage":{"@id":"https:\/\/evertonfc.cz\/index.php\/2012\/09\/25\/preview-leeds-united-everton\/"},"wordCount":527,"commentCount":0,"publisher":{"@id":"https:\/\/evertonfc.cz\/#organization"},"image":{"@id":"https:\/\/evertonfc.cz\/index.php\/2012\/09\/25\/preview-leeds-united-everton\/#primaryimage"},"thumbnailUrl":"https:\/\/evertonfc.cz\/wp-content\/uploads\/2021\/02\/Leeds-United-VS-Everton.jpg","articleSection":["Z\u00e1pasy"],"inLanguage":"cs","potentialAction":[{"@type":"CommentAction","name":"Comment","target":["https:\/\/evertonfc.cz\/index.php\/2012\/09\/25\/preview-leeds-united-everton\/#respond"]}]},{"@type":"WebPage","@id":"https:\/\/evertonfc.cz\/index.php\/2012\/09\/25\/preview-leeds-united-everton\/","url":"https:\/\/evertonfc.cz\/index.php\/2012\/09\/25\/preview-leeds-united-everton\/","name":"Preview: Leeds United - Everton - Official Czech &amp; Slovak Everton Supporters&#039; Club","isPartOf":{"@id":"https:\/\/evertonfc.cz\/#website"},"primaryImageOfPage":{"@id":"https:\/\/evertonfc.cz\/index.php\/2012\/09\/25\/preview-leeds-united-everton\/#primaryimage"},"image":{"@id":"https:\/\/evertonfc.cz\/index.php\/2012\/09\/25\/preview-leeds-united-everton\/#primaryimage"},"thumbnailUrl":"https:\/\/evertonfc.cz\/wp-content\/uploads\/2021\/02\/Leeds-United-VS-Everton.jpg","datePublished":"2012-09-25T15:23:12+00:00","dateModified":"2021-02-01T07:52:14+00:00","breadcrumb":{"@id":"https:\/\/evertonfc.cz\/index.php\/2012\/09\/25\/preview-leeds-united-everton\/#breadcrumb"},"inLanguage":"cs","potentialAction":[{"@type":"ReadAction","target":["https:\/\/evertonfc.cz\/index.php\/2012\/09\/25\/preview-leeds-united-everton\/"]}]},{"@type":"ImageObject","inLanguage":"cs","@id":"https:\/\/evertonfc.cz\/index.php\/2012\/09\/25\/preview-leeds-united-everton\/#primaryimage","url":"https:\/\/evertonfc.cz\/wp-content\/uploads\/2021\/02\/Leeds-United-VS-Everton.jpg","contentUrl":"https:\/\/evertonfc.cz\/wp-content\/uploads\/2021\/02\/Leeds-United-VS-Everton.jpg","width":720,"height":405},{"@type":"BreadcrumbList","@id":"https:\/\/evertonfc.cz\/index.php\/2012\/09\/25\/preview-leeds-united-everton\/#breadcrumb","itemListElement":[{"@type":"ListItem","position":1,"name":"Home","item":"https:\/\/evertonfc.cz\/"},{"@type":"ListItem","position":2,"name":"Preview: Leeds United &#8211; Everton"}]},{"@type":"WebSite","@id":"https:\/\/evertonfc.cz\/#website","url":"https:\/\/evertonfc.cz\/","name":"Official Czech &amp; Slovak Everton Supporters&#039; Club","description":"","publisher":{"@id":"https:\/\/evertonfc.cz\/#organization"},"potentialAction":[{"@type":"SearchAction","target":{"@type":"EntryPoint","urlTemplate":"https:\/\/evertonfc.cz\/?s={search_term_string}"},"query-input":{"@type":"PropertyValueSpecification","valueRequired":true,"valueName":"search_term_string"}}],"inLanguage":"cs"},{"@type":"Organization","@id":"https:\/\/evertonfc.cz\/#organization","name":"Official Czech & Slovak Everton Supporters' Club","url":"https:\/\/evertonfc.cz\/","logo":{"@type":"ImageObject","inLanguage":"cs","@id":"https:\/\/evertonfc.cz\/#\/schema\/logo\/image\/","url":"https:\/\/evertonfc.cz\/wp-content\/uploads\/2019\/05\/logo.png","contentUrl":"https:\/\/evertonfc.cz\/wp-content\/uploads\/2019\/05\/logo.png","width":112,"height":112,"caption":"Official Czech & Slovak Everton Supporters' Club"},"image":{"@id":"https:\/\/evertonfc.cz\/#\/schema\/logo\/image\/"},"sameAs":["https:\/\/www.facebook.com\/everton.fans.cz.sk"]},{"@type":"Person","@id":"https:\/\/evertonfc.cz\/#\/schema\/person\/f7a5daedb2ffee98480bc70e191aaef1","name":"Ri\u010di","sameAs":["https:\/\/x.com\/rbrejsa"],"url":"https:\/\/evertonfc.cz\/index.php\/author\/rici\/"}]}},"_links":{"self":[{"href":"https:\/\/evertonfc.cz\/index.php\/wp-json\/wp\/v2\/posts\/6138"}],"collection":[{"href":"https:\/\/evertonfc.cz\/index.php\/wp-json\/wp\/v2\/posts"}],"about":[{"href":"https:\/\/evertonfc.cz\/index.php\/wp-json\/wp\/v2\/types\/post"}],"author":[{"embeddable":true,"href":"https:\/\/evertonfc.cz\/index.php\/wp-json\/wp\/v2\/users\/6"}],"replies":[{"embeddable":true,"href":"https:\/\/evertonfc.cz\/index.php\/wp-json\/wp\/v2\/comments?post=6138"}],"version-history":[{"count":4,"href":"https:\/\/evertonfc.cz\/index.php\/wp-json\/wp\/v2\/posts\/6138\/revisions"}],"predecessor-version":[{"id":13031,"href":"https:\/\/evertonfc.cz\/index.php\/wp-json\/wp\/v2\/posts\/6138\/revisions\/13031"}],"wp:featuredmedia":[{"embeddable":true,"href":"https:\/\/evertonfc.cz\/index.php\/wp-json\/wp\/v2\/media\/13816"}],"wp:attachment":[{"href":"https:\/\/evertonfc.cz\/index.php\/wp-json\/wp\/v2\/media?parent=6138"}],"wp:term":[{"taxonomy":"category","embeddable":true,"href":"https:\/\/evertonfc.cz\/index.php\/wp-json\/wp\/v2\/categories?post=6138"},{"taxonomy":"post_tag","embeddable":true,"href":"https:\/\/evertonfc.cz\/index.php\/wp-json\/wp\/v2\/tags?post=6138"}],"curies":[{"name":"wp","href":"https:\/\/api.w.org\/{rel}","templated":true}]}}