{"id":6143,"date":"2012-09-22T17:26:06","date_gmt":"2012-09-22T15:26:06","guid":{"rendered":"http:\/\/evertonfc.cz\/?p=6143"},"modified":"2019-02-17T20:04:28","modified_gmt":"2019-02-17T19:04:28","slug":"preview-swansea-city-everton-7","status":"publish","type":"post","link":"https:\/\/evertonfc.cz\/index.php\/2012\/09\/22\/preview-swansea-city-everton-7\/","title":{"rendered":"Preview: Swansea City &#8211; Everton"},"content":{"rendered":"<h4 id=\"NewsPostDetailSummary\">P\u00e1t\u00e9 kolo Premier League otev\u0159e duel dvou celk\u016f, kter\u00e9 a\u017e na jednu v\u00fdjimku doposud v lize p\u0159edv\u00e1d\u011bj\u00ed atraktivn\u00ed fotbal. Swansea p\u0159\u00edv\u00edt\u00e1 Everton.<\/h4>\n<div id=\"NewsPostDetailContent\">\n<p>Sobotn\u00ed z\u00e1pas by m\u011bl mimo jin\u00e9 p\u0159ipomenout skv\u011bl\u00e9ho \u00fato\u010dn\u00edka ze sedmdes\u00e1t\u00fdch a osmdes\u00e1t\u00fdch let minul\u00e9ho stolet\u00ed. Re\u010d je o Bobu Latchofordovi. Latchord se bil na h\u0159i\u0161ti za Everton a pozd\u011bji i Swansea, probl\u00e9m mu ned\u011blalo st\u0159\u00edlet branky ze vzduchu, \u010di po zemi. V sez\u00f3n\u011b 1977\/78, kdy\u017e hr\u00e1l pravd\u011bpodobn\u011b sv\u016fj nejlep\u0161\u00ed fotbal v kari\u00e9\u0159e, zaznamenal za Toffees 30 branek. O p\u011bt let pozd\u011bji ji\u017e za Vel\u0161any sk\u00f3roval v lize dvacetkr\u00e1t, p\u0159esto se po sez\u00f3n\u011b porou\u010deli o ligov\u00e9 patro n\u00ed\u017ee.<\/p>\n<p>Do anglick\u00e9 prvoligov\u00e9 smet\u00e1nky se Swansea vr\u00e1tila po dlouh\u00fdch letech a\u017e vloni, p\u0159i\u010dem\u017e celkov\u00e9 jeden\u00e1ct\u00e9 m\u00edsto lze hodnotit za v\u00fdbornou pr\u00e1ci. Mimochodem lo\u0148sk\u00fd ro\u010dn\u00edk se stal Everton jedn\u00edm ze \u010dty\u0159 t\u00fdm\u016f, jen\u017e si odvezl z ji\u017en\u00edho Walesu v\u00fdhru.<\/p>\n<p>Od lo\u0148ska se v\u0161ak toho na Liberty Stadium hodn\u011b zm\u011bnilo. Mana\u017eer Brendan Rodgers se st\u011bhoval do Liverpoolu a na jeho m\u00edsto usedl d\u00e1nsk\u00fd eleg\u00e1n Michael Laudrup, jeho\u017e nikdo men\u0161\u00ed ne\u017e Johan Cruyff ozna\u010duje za nejlep\u0161\u00edho fotbalistu sv\u00e9 doby.<\/p>\n<p>Laudrup d\u0159\u00edve tr\u00e9noval ve \u0160pan\u011blsku a pr\u00e1v\u011b z Pyrenejsk\u00e9ho poloostrova si p\u0159ivedl n\u011bkolik hr\u00e1\u010d\u016f, posledn\u00edm z nich je k\u0159\u00eddeln\u00edk Pablo Hernandez. Nesm\u00edme se zapom\u00ednat ani na dal\u0161\u00ed posilu z jihu Evropy, ofenzivn\u00ed z\u00e1lo\u017en\u00edk Michu se adaptoval v\u00edce ne\u017e dob\u0159e a zat\u00edm t\u00e1hne Swans za nad\u011bjn\u00fdmi z\u00edt\u0159ky, v\u017edy\u0165 prvn\u00ed ligov\u00e1 prohra p\u0159i\u0161la a\u017e v posledn\u00edm \u010dtvrt\u00e9m kole, a tak za dv\u011b v\u00fdhry, jednu rem\u00edzu a prohru posb\u00edrali Vel\u0161an\u00e9 stejn\u011b jako Everton sedm bod\u016f. Joe Allen a Scott Sinclair, d\u0159\u00edve pil\u00ed\u0159i Swansea dnes hr\u00e1\u010di LFC respektive ManCity, tedy aktu\u00e1ln\u011b t\u00fdmu nechyb\u00ed.<\/p>\n<p>Everton je\u0161t\u011b c\u00edt\u00ed k\u0159ivdu z pond\u011bln\u00edho duelu proti Newcastlu, nyn\u00ed se v\u0161ak mus\u00ed soust\u0159edit a naj\u00edt body ve Walesu. Jeho \u00fato\u010dn\u00e1 s\u00edla bud\u00ed respekt, Mirallas, Pienaar, Fellani a tak\u00e9 evidentn\u011b lep\u0161\u00ed Vic Anichebe jsou toho d\u016fkazem. Posledn\u011b jmenovan\u00fd mus\u00ed nahradit v \u00fatoku zran\u011bn\u00e9ho Jelavi\u0107e. Na \u0161anci \u010dek\u00e1 vzadu tak\u00e9 \u0159eck\u00fd kolos Vellios.<\/p>\n<h4><strong>Anal\u00fdza Marka Lawresona, fotbalov\u00e9ho experta pro BBC<\/strong><\/h4>\n<p>Podle m\u011b neznamen\u00e1 pro Swansea prohra proti Aston Ville z minul\u00e9ho v\u00edkendu velkou katastrofu, aspo\u0148 se ruch kolem t\u00fdmu uti\u0161\u00ed. Sv\u011b\u0159enci Marka Laudrupa mus\u00ed zapomenout na prvn\u00ed polovinu tabulky, jejich c\u00edlem je zachr\u00e1nit se.<\/p>\n<p>Tip 1:1.<\/p>\n<h4><strong>Z\u00e1pasov\u00e1 fakta<\/strong><\/h4>\n<p>Vz\u00e1jemn\u00e1<\/p>\n<ul>\n<li>Everton se Swansea nikdy neprohr\u00e1l, z\u00a0patn\u00e1cti pokus\u016f zv\u00edt\u011bzil 11x a \u010dty\u0159ikr\u00e1t se zrodila rem\u00edza<\/li>\n<li>Toffees p\u0159i v\u00fdjezdu do Swansea v\u017edy sk\u00f3rovali aspo\u0148 dvakr\u00e1t<\/li>\n<li>The Swans nevst\u0159elili sv\u00e9mu sobotn\u00edmu oponentovi branku v posledn\u00edch osmi utk\u00e1n\u00edch.<\/li>\n<\/ul>\n<p>Swansea<\/p>\n<ul>\n<li>neprohr\u00e1la v posledn\u00edch p\u011bti dom\u00e1c\u00edch st\u0159etnut\u00edch<\/li>\n<li>jenom Manchester United a Fulham se v leto\u0161n\u00ed trefili stejn\u011b jako Swansea desetkr\u00e1t.<\/li>\n<li>pokud by zv\u00edt\u011bzila, zkompletovala by deset bod\u016f z \u00favodn\u00edch p\u011bt kol, co\u017e by znamenalo jej\u00ed nejlep\u0161\u00ed start v nejvy\u0161\u0161\u00ed sout\u011b\u017ei<\/li>\n<li>Michu se m\u016f\u017ee prosadit ve t\u0159et\u00edm z\u00e1pase v \u0159ad\u011b na dom\u00e1c\u00ed p\u016fd\u011b.<\/li>\n<\/ul>\n<p>Everton<\/p>\n<ul>\n<li>prohr\u00e1l v Premier League pouze jednou ze t\u0159in\u00e1cti posledn\u00edch utk\u00e1n\u00ed (7 v\u00fdher, 5 rem\u00edz)<\/li>\n<li>Leighton Baines vst\u0159elil od srpna 2010 v lize deset branek, v\u00edce ne\u017e kter\u00fdkoliv jin\u00fd obr\u00e1nce<\/li>\n<li>pot\u0159ebuje vs\u00edtit dva g\u00f3ly, aby dos\u00e1hnul na 7 000 ligov\u00fdch z\u00e1sah\u016f.<\/li>\n<\/ul>\n<h4><strong>T\u00fdmov\u00e9 novinky<\/strong><\/h4>\n<p>Obr\u00e1nce Swansea Ashley Williams z\u00e1vod\u00ed s \u010dasem, tr\u00e1p\u00ed ho poran\u011bn\u00e9 koleno. Stoprocentn\u011b mimo jsou suspendovan\u00fd Chico Flores a zran\u011bn\u00ed Kyle Barley, Garry Monk a Neil Taylor.<\/p>\n<p>Na druh\u00e9 stran\u011b absentuje kv\u016fli kolenu Nikica Jelavi\u0107, s poran\u011bn\u00edm stehnem Darron Gibson a stav Tonyho Hiberta je nejist\u00fd. Naopak Bryan Oviedo u\u017e m\u016f\u017ee nastoupit.<\/p>\n<p><strong>Co:<\/strong> Swansea City AFC &#8211; Everton FC, 5. kolo Premier League<br \/>\n<strong>Kdy:<\/strong> 22.09.2012 od 13:45 SE\u010c<br \/>\n<strong>Kde:<\/strong> Liberty Stadium, Swansea<br \/>\n<strong>Rozhod\u010d\u00ed:<\/strong> Anthony Taylor<\/p>\n<\/div>\n","protected":false},"excerpt":{"rendered":"<p>P\u00e1t\u00e9 kolo Premier League otev\u0159e duel dvou celk\u016f, kter\u00e9 a\u017e na jednu v\u00fdjimku doposud v lize p\u0159edv\u00e1d\u011bj\u00ed atraktivn\u00ed fotbal. Swansea&hellip;<\/p>\n","protected":false},"author":6,"featured_media":1314,"comment_status":"open","ping_status":"closed","sticky":false,"template":"","format":"standard","meta":{"_eb_attr":"","_monsterinsights_skip_tracking":false,"_monsterinsights_sitenote_active":false,"_monsterinsights_sitenote_note":"","_monsterinsights_sitenote_category":0,"footnotes":""},"categories":[4],"tags":[],"yoast_head":"<!-- This site is optimized with the Yoast SEO plugin v23.4 - https:\/\/yoast.com\/wordpress\/plugins\/seo\/ -->\n<title>Preview: Swansea City - Everton - Official Czech &amp; Slovak Everton Supporters&#039; Club<\/title>\n<meta name=\"robots\" content=\"index, follow, max-snippet:-1, max-image-preview:large, max-video-preview:-1\" \/>\n<link rel=\"canonical\" href=\"https:\/\/evertonfc.cz\/index.php\/2012\/09\/22\/preview-swansea-city-everton-7\/\" \/>\n<meta property=\"og:locale\" content=\"cs_CZ\" \/>\n<meta property=\"og:type\" content=\"article\" \/>\n<meta property=\"og:title\" content=\"Preview: Swansea City - Everton - Official Czech &amp; Slovak Everton Supporters&#039; Club\" \/>\n<meta property=\"og:description\" content=\"P\u00e1t\u00e9 kolo Premier League otev\u0159e duel dvou celk\u016f, kter\u00e9 a\u017e na jednu v\u00fdjimku doposud v lize p\u0159edv\u00e1d\u011bj\u00ed atraktivn\u00ed fotbal. Swansea&hellip;\" \/>\n<meta property=\"og:url\" content=\"https:\/\/evertonfc.cz\/index.php\/2012\/09\/22\/preview-swansea-city-everton-7\/\" \/>\n<meta property=\"og:site_name\" content=\"Official Czech &amp; Slovak Everton Supporters&#039; Club\" \/>\n<meta property=\"article:publisher\" content=\"https:\/\/www.facebook.com\/everton.fans.cz.sk\" \/>\n<meta property=\"article:published_time\" content=\"2012-09-22T15:26:06+00:00\" \/>\n<meta property=\"article:modified_time\" content=\"2019-02-17T19:04:28+00:00\" \/>\n<meta property=\"og:image\" content=\"https:\/\/evertonfc.cz\/wp-content\/uploads\/2019\/01\/preview.jpg\" \/>\n\t<meta property=\"og:image:width\" content=\"720\" \/>\n\t<meta property=\"og:image:height\" content=\"405\" \/>\n\t<meta property=\"og:image:type\" content=\"image\/jpeg\" \/>\n<meta name=\"author\" content=\"Ri\u010di\" \/>\n<meta name=\"twitter:card\" content=\"summary_large_image\" \/>\n<meta name=\"twitter:creator\" content=\"@rbrejsa\" \/>\n<meta name=\"twitter:label1\" content=\"Napsal(a)\" \/>\n\t<meta name=\"twitter:data1\" content=\"Ri\u010di\" \/>\n\t<meta name=\"twitter:label2\" content=\"Odhadovan\u00e1 doba \u010dten\u00ed\" \/>\n\t<meta name=\"twitter:data2\" content=\"4 minuty\" \/>\n<script type=\"application\/ld+json\" class=\"yoast-schema-graph\">{\"@context\":\"https:\/\/schema.org\",\"@graph\":[{\"@type\":\"Article\",\"@id\":\"https:\/\/evertonfc.cz\/index.php\/2012\/09\/22\/preview-swansea-city-everton-7\/#article\",\"isPartOf\":{\"@id\":\"https:\/\/evertonfc.cz\/index.php\/2012\/09\/22\/preview-swansea-city-everton-7\/\"},\"author\":{\"name\":\"Ri\u010di\",\"@id\":\"https:\/\/evertonfc.cz\/#\/schema\/person\/f7a5daedb2ffee98480bc70e191aaef1\"},\"headline\":\"Preview: Swansea City &#8211; Everton\",\"datePublished\":\"2012-09-22T15:26:06+00:00\",\"dateModified\":\"2019-02-17T19:04:28+00:00\",\"mainEntityOfPage\":{\"@id\":\"https:\/\/evertonfc.cz\/index.php\/2012\/09\/22\/preview-swansea-city-everton-7\/\"},\"wordCount\":754,\"commentCount\":0,\"publisher\":{\"@id\":\"https:\/\/evertonfc.cz\/#organization\"},\"image\":{\"@id\":\"https:\/\/evertonfc.cz\/index.php\/2012\/09\/22\/preview-swansea-city-everton-7\/#primaryimage\"},\"thumbnailUrl\":\"https:\/\/evertonfc.cz\/wp-content\/uploads\/2019\/01\/preview.jpg\",\"articleSection\":[\"Z\u00e1pasy\"],\"inLanguage\":\"cs\",\"potentialAction\":[{\"@type\":\"CommentAction\",\"name\":\"Comment\",\"target\":[\"https:\/\/evertonfc.cz\/index.php\/2012\/09\/22\/preview-swansea-city-everton-7\/#respond\"]}]},{\"@type\":\"WebPage\",\"@id\":\"https:\/\/evertonfc.cz\/index.php\/2012\/09\/22\/preview-swansea-city-everton-7\/\",\"url\":\"https:\/\/evertonfc.cz\/index.php\/2012\/09\/22\/preview-swansea-city-everton-7\/\",\"name\":\"Preview: Swansea City - Everton - Official Czech &amp; Slovak Everton Supporters&#039; Club\",\"isPartOf\":{\"@id\":\"https:\/\/evertonfc.cz\/#website\"},\"primaryImageOfPage\":{\"@id\":\"https:\/\/evertonfc.cz\/index.php\/2012\/09\/22\/preview-swansea-city-everton-7\/#primaryimage\"},\"image\":{\"@id\":\"https:\/\/evertonfc.cz\/index.php\/2012\/09\/22\/preview-swansea-city-everton-7\/#primaryimage\"},\"thumbnailUrl\":\"https:\/\/evertonfc.cz\/wp-content\/uploads\/2019\/01\/preview.jpg\",\"datePublished\":\"2012-09-22T15:26:06+00:00\",\"dateModified\":\"2019-02-17T19:04:28+00:00\",\"breadcrumb\":{\"@id\":\"https:\/\/evertonfc.cz\/index.php\/2012\/09\/22\/preview-swansea-city-everton-7\/#breadcrumb\"},\"inLanguage\":\"cs\",\"potentialAction\":[{\"@type\":\"ReadAction\",\"target\":[\"https:\/\/evertonfc.cz\/index.php\/2012\/09\/22\/preview-swansea-city-everton-7\/\"]}]},{\"@type\":\"ImageObject\",\"inLanguage\":\"cs\",\"@id\":\"https:\/\/evertonfc.cz\/index.php\/2012\/09\/22\/preview-swansea-city-everton-7\/#primaryimage\",\"url\":\"https:\/\/evertonfc.cz\/wp-content\/uploads\/2019\/01\/preview.jpg\",\"contentUrl\":\"https:\/\/evertonfc.cz\/wp-content\/uploads\/2019\/01\/preview.jpg\",\"width\":720,\"height\":405},{\"@type\":\"BreadcrumbList\",\"@id\":\"https:\/\/evertonfc.cz\/index.php\/2012\/09\/22\/preview-swansea-city-everton-7\/#breadcrumb\",\"itemListElement\":[{\"@type\":\"ListItem\",\"position\":1,\"name\":\"Home\",\"item\":\"https:\/\/evertonfc.cz\/\"},{\"@type\":\"ListItem\",\"position\":2,\"name\":\"Preview: Swansea City &#8211; Everton\"}]},{\"@type\":\"WebSite\",\"@id\":\"https:\/\/evertonfc.cz\/#website\",\"url\":\"https:\/\/evertonfc.cz\/\",\"name\":\"Official Czech &amp; Slovak Everton Supporters&#039; Club\",\"description\":\"\",\"publisher\":{\"@id\":\"https:\/\/evertonfc.cz\/#organization\"},\"potentialAction\":[{\"@type\":\"SearchAction\",\"target\":{\"@type\":\"EntryPoint\",\"urlTemplate\":\"https:\/\/evertonfc.cz\/?s={search_term_string}\"},\"query-input\":{\"@type\":\"PropertyValueSpecification\",\"valueRequired\":true,\"valueName\":\"search_term_string\"}}],\"inLanguage\":\"cs\"},{\"@type\":\"Organization\",\"@id\":\"https:\/\/evertonfc.cz\/#organization\",\"name\":\"Official Czech & Slovak Everton Supporters' Club\",\"url\":\"https:\/\/evertonfc.cz\/\",\"logo\":{\"@type\":\"ImageObject\",\"inLanguage\":\"cs\",\"@id\":\"https:\/\/evertonfc.cz\/#\/schema\/logo\/image\/\",\"url\":\"https:\/\/evertonfc.cz\/wp-content\/uploads\/2019\/05\/logo.png\",\"contentUrl\":\"https:\/\/evertonfc.cz\/wp-content\/uploads\/2019\/05\/logo.png\",\"width\":112,\"height\":112,\"caption\":\"Official Czech & Slovak Everton Supporters' Club\"},\"image\":{\"@id\":\"https:\/\/evertonfc.cz\/#\/schema\/logo\/image\/\"},\"sameAs\":[\"https:\/\/www.facebook.com\/everton.fans.cz.sk\"]},{\"@type\":\"Person\",\"@id\":\"https:\/\/evertonfc.cz\/#\/schema\/person\/f7a5daedb2ffee98480bc70e191aaef1\",\"name\":\"Ri\u010di\",\"sameAs\":[\"https:\/\/x.com\/rbrejsa\"],\"url\":\"https:\/\/evertonfc.cz\/index.php\/author\/rici\/\"}]}<\/script>\n<!-- \/ Yoast SEO plugin. -->","yoast_head_json":{"title":"Preview: Swansea City - Everton - Official Czech &amp; Slovak Everton Supporters&#039; Club","robots":{"index":"index","follow":"follow","max-snippet":"max-snippet:-1","max-image-preview":"max-image-preview:large","max-video-preview":"max-video-preview:-1"},"canonical":"https:\/\/evertonfc.cz\/index.php\/2012\/09\/22\/preview-swansea-city-everton-7\/","og_locale":"cs_CZ","og_type":"article","og_title":"Preview: Swansea City - Everton - Official Czech &amp; Slovak Everton Supporters&#039; Club","og_description":"P\u00e1t\u00e9 kolo Premier League otev\u0159e duel dvou celk\u016f, kter\u00e9 a\u017e na jednu v\u00fdjimku doposud v lize p\u0159edv\u00e1d\u011bj\u00ed atraktivn\u00ed fotbal. Swansea&hellip;","og_url":"https:\/\/evertonfc.cz\/index.php\/2012\/09\/22\/preview-swansea-city-everton-7\/","og_site_name":"Official Czech &amp; Slovak Everton Supporters&#039; Club","article_publisher":"https:\/\/www.facebook.com\/everton.fans.cz.sk","article_published_time":"2012-09-22T15:26:06+00:00","article_modified_time":"2019-02-17T19:04:28+00:00","og_image":[{"width":720,"height":405,"url":"https:\/\/evertonfc.cz\/wp-content\/uploads\/2019\/01\/preview.jpg","type":"image\/jpeg"}],"author":"Ri\u010di","twitter_card":"summary_large_image","twitter_creator":"@rbrejsa","twitter_misc":{"Napsal(a)":"Ri\u010di","Odhadovan\u00e1 doba \u010dten\u00ed":"4 minuty"},"schema":{"@context":"https:\/\/schema.org","@graph":[{"@type":"Article","@id":"https:\/\/evertonfc.cz\/index.php\/2012\/09\/22\/preview-swansea-city-everton-7\/#article","isPartOf":{"@id":"https:\/\/evertonfc.cz\/index.php\/2012\/09\/22\/preview-swansea-city-everton-7\/"},"author":{"name":"Ri\u010di","@id":"https:\/\/evertonfc.cz\/#\/schema\/person\/f7a5daedb2ffee98480bc70e191aaef1"},"headline":"Preview: Swansea City &#8211; Everton","datePublished":"2012-09-22T15:26:06+00:00","dateModified":"2019-02-17T19:04:28+00:00","mainEntityOfPage":{"@id":"https:\/\/evertonfc.cz\/index.php\/2012\/09\/22\/preview-swansea-city-everton-7\/"},"wordCount":754,"commentCount":0,"publisher":{"@id":"https:\/\/evertonfc.cz\/#organization"},"image":{"@id":"https:\/\/evertonfc.cz\/index.php\/2012\/09\/22\/preview-swansea-city-everton-7\/#primaryimage"},"thumbnailUrl":"https:\/\/evertonfc.cz\/wp-content\/uploads\/2019\/01\/preview.jpg","articleSection":["Z\u00e1pasy"],"inLanguage":"cs","potentialAction":[{"@type":"CommentAction","name":"Comment","target":["https:\/\/evertonfc.cz\/index.php\/2012\/09\/22\/preview-swansea-city-everton-7\/#respond"]}]},{"@type":"WebPage","@id":"https:\/\/evertonfc.cz\/index.php\/2012\/09\/22\/preview-swansea-city-everton-7\/","url":"https:\/\/evertonfc.cz\/index.php\/2012\/09\/22\/preview-swansea-city-everton-7\/","name":"Preview: Swansea City - Everton - Official Czech &amp; Slovak Everton Supporters&#039; Club","isPartOf":{"@id":"https:\/\/evertonfc.cz\/#website"},"primaryImageOfPage":{"@id":"https:\/\/evertonfc.cz\/index.php\/2012\/09\/22\/preview-swansea-city-everton-7\/#primaryimage"},"image":{"@id":"https:\/\/evertonfc.cz\/index.php\/2012\/09\/22\/preview-swansea-city-everton-7\/#primaryimage"},"thumbnailUrl":"https:\/\/evertonfc.cz\/wp-content\/uploads\/2019\/01\/preview.jpg","datePublished":"2012-09-22T15:26:06+00:00","dateModified":"2019-02-17T19:04:28+00:00","breadcrumb":{"@id":"https:\/\/evertonfc.cz\/index.php\/2012\/09\/22\/preview-swansea-city-everton-7\/#breadcrumb"},"inLanguage":"cs","potentialAction":[{"@type":"ReadAction","target":["https:\/\/evertonfc.cz\/index.php\/2012\/09\/22\/preview-swansea-city-everton-7\/"]}]},{"@type":"ImageObject","inLanguage":"cs","@id":"https:\/\/evertonfc.cz\/index.php\/2012\/09\/22\/preview-swansea-city-everton-7\/#primaryimage","url":"https:\/\/evertonfc.cz\/wp-content\/uploads\/2019\/01\/preview.jpg","contentUrl":"https:\/\/evertonfc.cz\/wp-content\/uploads\/2019\/01\/preview.jpg","width":720,"height":405},{"@type":"BreadcrumbList","@id":"https:\/\/evertonfc.cz\/index.php\/2012\/09\/22\/preview-swansea-city-everton-7\/#breadcrumb","itemListElement":[{"@type":"ListItem","position":1,"name":"Home","item":"https:\/\/evertonfc.cz\/"},{"@type":"ListItem","position":2,"name":"Preview: Swansea City &#8211; Everton"}]},{"@type":"WebSite","@id":"https:\/\/evertonfc.cz\/#website","url":"https:\/\/evertonfc.cz\/","name":"Official Czech &amp; Slovak Everton Supporters&#039; Club","description":"","publisher":{"@id":"https:\/\/evertonfc.cz\/#organization"},"potentialAction":[{"@type":"SearchAction","target":{"@type":"EntryPoint","urlTemplate":"https:\/\/evertonfc.cz\/?s={search_term_string}"},"query-input":{"@type":"PropertyValueSpecification","valueRequired":true,"valueName":"search_term_string"}}],"inLanguage":"cs"},{"@type":"Organization","@id":"https:\/\/evertonfc.cz\/#organization","name":"Official Czech & Slovak Everton Supporters' Club","url":"https:\/\/evertonfc.cz\/","logo":{"@type":"ImageObject","inLanguage":"cs","@id":"https:\/\/evertonfc.cz\/#\/schema\/logo\/image\/","url":"https:\/\/evertonfc.cz\/wp-content\/uploads\/2019\/05\/logo.png","contentUrl":"https:\/\/evertonfc.cz\/wp-content\/uploads\/2019\/05\/logo.png","width":112,"height":112,"caption":"Official Czech & Slovak Everton Supporters' Club"},"image":{"@id":"https:\/\/evertonfc.cz\/#\/schema\/logo\/image\/"},"sameAs":["https:\/\/www.facebook.com\/everton.fans.cz.sk"]},{"@type":"Person","@id":"https:\/\/evertonfc.cz\/#\/schema\/person\/f7a5daedb2ffee98480bc70e191aaef1","name":"Ri\u010di","sameAs":["https:\/\/x.com\/rbrejsa"],"url":"https:\/\/evertonfc.cz\/index.php\/author\/rici\/"}]}},"_links":{"self":[{"href":"https:\/\/evertonfc.cz\/index.php\/wp-json\/wp\/v2\/posts\/6143"}],"collection":[{"href":"https:\/\/evertonfc.cz\/index.php\/wp-json\/wp\/v2\/posts"}],"about":[{"href":"https:\/\/evertonfc.cz\/index.php\/wp-json\/wp\/v2\/types\/post"}],"author":[{"embeddable":true,"href":"https:\/\/evertonfc.cz\/index.php\/wp-json\/wp\/v2\/users\/6"}],"replies":[{"embeddable":true,"href":"https:\/\/evertonfc.cz\/index.php\/wp-json\/wp\/v2\/comments?post=6143"}],"version-history":[{"count":3,"href":"https:\/\/evertonfc.cz\/index.php\/wp-json\/wp\/v2\/posts\/6143\/revisions"}],"predecessor-version":[{"id":6381,"href":"https:\/\/evertonfc.cz\/index.php\/wp-json\/wp\/v2\/posts\/6143\/revisions\/6381"}],"wp:featuredmedia":[{"embeddable":true,"href":"https:\/\/evertonfc.cz\/index.php\/wp-json\/wp\/v2\/media\/1314"}],"wp:attachment":[{"href":"https:\/\/evertonfc.cz\/index.php\/wp-json\/wp\/v2\/media?parent=6143"}],"wp:term":[{"taxonomy":"category","embeddable":true,"href":"https:\/\/evertonfc.cz\/index.php\/wp-json\/wp\/v2\/categories?post=6143"},{"taxonomy":"post_tag","embeddable":true,"href":"https:\/\/evertonfc.cz\/index.php\/wp-json\/wp\/v2\/tags?post=6143"}],"curies":[{"name":"wp","href":"https:\/\/api.w.org\/{rel}","templated":true}]}}