{"id":6176,"date":"2012-08-09T17:50:57","date_gmt":"2012-08-09T15:50:57","guid":{"rendered":"http:\/\/evertonfc.cz\/?p=6176"},"modified":"2019-02-17T20:33:51","modified_gmt":"2019-02-17T19:33:51","slug":"hibbo-se-dockal","status":"publish","type":"post","link":"https:\/\/evertonfc.cz\/index.php\/2012\/08\/09\/hibbo-se-dockal\/","title":{"rendered":"Hibbo se do\u010dkal"},"content":{"rendered":"<h4 id=\"NewsPostDetailSummary\">Co se slibovalo dlouho dop\u0159edu, se skute\u010dn\u011b stalo. Tony Hibbert vst\u0159elil svou prvn\u00ed branku v kari\u00e9\u0159e v r\u00e1mci sv\u00e9ho benefi\u010dn\u00edho z\u00e1pasu a Goodison Park bou\u0159il, velmi bou\u0159il.<\/h4>\n<div id=\"NewsPostDetailContent\">\n<p>Zapome\u0148te na skv\u011bl\u00e9 p\u0159edstaven\u00ed Usaina Bolta na Olympijsk\u00fdch hr\u00e1ch, ud\u00e1lost leto\u0161n\u00edho l\u00e9ta byla v\u010dera k vid\u011bn\u00ed na stadionu Evertonu. 17 508 fanou\u0161k\u016f sledovalo, jak Tony Hibbert poprv\u00e9 za deset let sv\u00e9 kari\u00e9ry, poprv\u00e9 za 309 z\u00e1pas\u016f, sk\u00f3roval.<\/p>\n<p>Ona pam\u00e1tn\u00e1 ud\u00e1lost se zrodila v 53. minut\u011b v r\u00e1mci Testimonialu konan\u00e9ho na po\u010dest oddan\u00e9ho prav\u00e9ho z\u00e1d\u00e1ka Toffees proti AEK At\u00e9n\u00e1m. Tony Hibbert maz\u00e1cky prom\u011bnil trestn\u00fd kop z v\u00edce ne\u017e osmn\u00e1cti metr\u016f a na Goodison Parku se strhlo \u0161\u00edlenstv\u00ed.<\/p>\n<p>U\u017e kdy\u017e se Hibbert postavil k trestn\u00e9mu kopu, ochozy za\u010daly \u0161um\u011bt. Steven Pienaar lehce posunul m\u00ed\u010d a Hibbo po zemi prost\u0159elil branka\u0159e Dimitrise Konstantopoulouse, p\u0159\u00edmo p\u0159ed zraky Gwladys Street. P\u0159\u00edznivci okam\u017eit\u011b skandovali<em>\u00a0\u201cTony Hibbert will score when he wants\u201c<\/em>,\u00a0hr\u00e1\u010di AEK se st\u00e1hli do \u00fastran\u00ed a rozradostn\u011bn\u00ed spoluhr\u00e1\u010di se vrhli na st\u0159elce, fotbalisty zanedlouho n\u00e1sledovali tak\u00e9 fanou\u0161ci.<\/p>\n<p>Krom\u011b g\u00f3lu Tonyho Hibberta ale m\u011bl nejen David Moyes dal\u0161\u00ed d\u016fvody k \u00fasm\u011bvu na tv\u00e1\u0159i. Everton zahr\u00e1l dob\u0159e, Steven Naismith vst\u0159elil hattricky a jeho jmenovec Pienaar nav\u00e1zal na sv\u00e9 v\u00fdborn\u00e9 v\u00fdkony z jarn\u00ed \u010d\u00e1sti Premier League. Po proh\u0159e 0:2 na Blackpoolu Toffees op\u011bt nastoupili na v\u00edt\u011bznou vlnu.<\/p>\n<p>Sk\u00f3re utk\u00e1n\u00ed se otev\u0159elo ji\u017e po p\u016fl minut\u011b, Steven Pienaar na\u0161el Naismithe, kter\u00fd hodn\u011b brzy p\u0159i dom\u00e1c\u00ed premi\u00e9\u0159e rozj\u00e1sal ochozy. \u0158ekov\u00e9 sice dok\u00e1zali z\u00e1hy d\u00edky voleji Fountase vyrovnat, ov\u0161em v 16. minut\u011b dvojice Pienaar-Naismith nav\u00e1zala na svou spolupr\u00e1ci z \u00favodu st\u0159etnut\u00ed a podruh\u00e9 poslala Blues do veden\u00ed.<\/p>\n<p>Everton hr\u00e1l l\u00e9pe, po p\u016flhodin\u011b st\u0159\u00edlel Tony Hibbert, tentokr\u00e1t v\u0161ak je\u0161t\u011b ne\u00fasp\u011b\u0161n\u011b. Ve 32. minut\u011b se o slovo zase p\u0159ihl\u00e1sila posila z Rangers. Sv\u016fj hattrick dokonala po rohov\u00e9m kopu. O polo\u010dase David Moyes prost\u0159\u00eddal, st\u00e1hl hrdinu prvn\u00ed p\u016fle, i tak je\u0161t\u011b jeho sv\u011b\u0159enci n\u00e1skok ve druh\u00e9 \u010d\u00e1sti nav\u00fd\u0161ili. Trefil se&#8230; p\u0159eci u\u017e v\u00edte kdo.<\/p>\n<p><strong>Branky:<\/strong> 1., 16. a 32. Naismith, 53. Hibbert &#8211; 10. Fountas<br \/>\n<strong>Everton:<\/strong> Howard (45. Mucha) Hibbert (C), Distin, Heitinga (76. Duffy), Baines (60. Barkley) Fellaini (45. Gueye), Gibson (21. Neville), Pienaar (81. Anichebe) Osman (81. Rodwell), Naismith (45. Coleman), Jelavic (73. Vellios)<br \/>\n<strong>AEK:<\/strong> Konstantopoulos, Kontoes (73. Vlachos) Fernandez, Sialmas (58. Kourelas) Stavros Rikka (73. Kotsaridis), Pavlis (40. Stamatis) Tsamourlidis (40. Grontis), Arkoudas, Lagos (88. Matentzidis) Fountas (43. Papadimitriou), Bougaidis<br \/>\n<strong>Rozhod\u010d\u00ed:<\/strong> Lee Mason<br \/>\n<strong>Div\u00e1ci:<\/strong> 17 508<\/p>\n<\/div>\n","protected":false},"excerpt":{"rendered":"<p>Co se slibovalo dlouho dop\u0159edu, se skute\u010dn\u011b stalo. Tony Hibbert vst\u0159elil svou prvn\u00ed branku v kari\u00e9\u0159e v r\u00e1mci sv\u00e9ho benefi\u010dn\u00edho&hellip;<\/p>\n","protected":false},"author":6,"featured_media":1313,"comment_status":"open","ping_status":"closed","sticky":false,"template":"","format":"standard","meta":{"_eb_attr":"","_monsterinsights_skip_tracking":false,"_monsterinsights_sitenote_active":false,"_monsterinsights_sitenote_note":"","_monsterinsights_sitenote_category":0,"footnotes":""},"categories":[42],"tags":[],"yoast_head":"<!-- This site is optimized with the Yoast SEO plugin v23.4 - https:\/\/yoast.com\/wordpress\/plugins\/seo\/ -->\n<title>Hibbo se do\u010dkal - Official Czech &amp; Slovak Everton Supporters&#039; Club<\/title>\n<meta name=\"robots\" content=\"index, follow, max-snippet:-1, max-image-preview:large, max-video-preview:-1\" \/>\n<link rel=\"canonical\" href=\"https:\/\/evertonfc.cz\/index.php\/2012\/08\/09\/hibbo-se-dockal\/\" \/>\n<meta property=\"og:locale\" content=\"cs_CZ\" \/>\n<meta property=\"og:type\" content=\"article\" \/>\n<meta property=\"og:title\" content=\"Hibbo se do\u010dkal - Official Czech &amp; Slovak Everton Supporters&#039; Club\" \/>\n<meta property=\"og:description\" content=\"Co se slibovalo dlouho dop\u0159edu, se skute\u010dn\u011b stalo. Tony Hibbert vst\u0159elil svou prvn\u00ed branku v kari\u00e9\u0159e v r\u00e1mci sv\u00e9ho benefi\u010dn\u00edho&hellip;\" \/>\n<meta property=\"og:url\" content=\"https:\/\/evertonfc.cz\/index.php\/2012\/08\/09\/hibbo-se-dockal\/\" \/>\n<meta property=\"og:site_name\" content=\"Official Czech &amp; Slovak Everton Supporters&#039; Club\" \/>\n<meta property=\"article:publisher\" content=\"https:\/\/www.facebook.com\/everton.fans.cz.sk\" \/>\n<meta property=\"article:published_time\" content=\"2012-08-09T15:50:57+00:00\" \/>\n<meta property=\"article:modified_time\" content=\"2019-02-17T19:33:51+00:00\" \/>\n<meta property=\"og:image\" content=\"https:\/\/evertonfc.cz\/wp-content\/uploads\/2019\/01\/news.jpg\" \/>\n\t<meta property=\"og:image:width\" content=\"720\" \/>\n\t<meta property=\"og:image:height\" content=\"405\" \/>\n\t<meta property=\"og:image:type\" content=\"image\/jpeg\" \/>\n<meta name=\"author\" content=\"Ri\u010di\" \/>\n<meta name=\"twitter:card\" content=\"summary_large_image\" \/>\n<meta name=\"twitter:creator\" content=\"@rbrejsa\" \/>\n<meta name=\"twitter:label1\" content=\"Napsal(a)\" \/>\n\t<meta name=\"twitter:data1\" content=\"Ri\u010di\" \/>\n\t<meta name=\"twitter:label2\" content=\"Odhadovan\u00e1 doba \u010dten\u00ed\" \/>\n\t<meta name=\"twitter:data2\" content=\"2 minuty\" \/>\n<script type=\"application\/ld+json\" class=\"yoast-schema-graph\">{\"@context\":\"https:\/\/schema.org\",\"@graph\":[{\"@type\":\"Article\",\"@id\":\"https:\/\/evertonfc.cz\/index.php\/2012\/08\/09\/hibbo-se-dockal\/#article\",\"isPartOf\":{\"@id\":\"https:\/\/evertonfc.cz\/index.php\/2012\/08\/09\/hibbo-se-dockal\/\"},\"author\":{\"name\":\"Ri\u010di\",\"@id\":\"https:\/\/evertonfc.cz\/#\/schema\/person\/f7a5daedb2ffee98480bc70e191aaef1\"},\"headline\":\"Hibbo se do\u010dkal\",\"datePublished\":\"2012-08-09T15:50:57+00:00\",\"dateModified\":\"2019-02-17T19:33:51+00:00\",\"mainEntityOfPage\":{\"@id\":\"https:\/\/evertonfc.cz\/index.php\/2012\/08\/09\/hibbo-se-dockal\/\"},\"wordCount\":469,\"commentCount\":0,\"publisher\":{\"@id\":\"https:\/\/evertonfc.cz\/#organization\"},\"image\":{\"@id\":\"https:\/\/evertonfc.cz\/index.php\/2012\/08\/09\/hibbo-se-dockal\/#primaryimage\"},\"thumbnailUrl\":\"https:\/\/evertonfc.cz\/wp-content\/uploads\/2019\/01\/news.jpg\",\"articleSection\":[\"Aktuality\"],\"inLanguage\":\"cs\",\"potentialAction\":[{\"@type\":\"CommentAction\",\"name\":\"Comment\",\"target\":[\"https:\/\/evertonfc.cz\/index.php\/2012\/08\/09\/hibbo-se-dockal\/#respond\"]}]},{\"@type\":\"WebPage\",\"@id\":\"https:\/\/evertonfc.cz\/index.php\/2012\/08\/09\/hibbo-se-dockal\/\",\"url\":\"https:\/\/evertonfc.cz\/index.php\/2012\/08\/09\/hibbo-se-dockal\/\",\"name\":\"Hibbo se do\u010dkal - Official Czech &amp; Slovak Everton Supporters&#039; Club\",\"isPartOf\":{\"@id\":\"https:\/\/evertonfc.cz\/#website\"},\"primaryImageOfPage\":{\"@id\":\"https:\/\/evertonfc.cz\/index.php\/2012\/08\/09\/hibbo-se-dockal\/#primaryimage\"},\"image\":{\"@id\":\"https:\/\/evertonfc.cz\/index.php\/2012\/08\/09\/hibbo-se-dockal\/#primaryimage\"},\"thumbnailUrl\":\"https:\/\/evertonfc.cz\/wp-content\/uploads\/2019\/01\/news.jpg\",\"datePublished\":\"2012-08-09T15:50:57+00:00\",\"dateModified\":\"2019-02-17T19:33:51+00:00\",\"breadcrumb\":{\"@id\":\"https:\/\/evertonfc.cz\/index.php\/2012\/08\/09\/hibbo-se-dockal\/#breadcrumb\"},\"inLanguage\":\"cs\",\"potentialAction\":[{\"@type\":\"ReadAction\",\"target\":[\"https:\/\/evertonfc.cz\/index.php\/2012\/08\/09\/hibbo-se-dockal\/\"]}]},{\"@type\":\"ImageObject\",\"inLanguage\":\"cs\",\"@id\":\"https:\/\/evertonfc.cz\/index.php\/2012\/08\/09\/hibbo-se-dockal\/#primaryimage\",\"url\":\"https:\/\/evertonfc.cz\/wp-content\/uploads\/2019\/01\/news.jpg\",\"contentUrl\":\"https:\/\/evertonfc.cz\/wp-content\/uploads\/2019\/01\/news.jpg\",\"width\":720,\"height\":405},{\"@type\":\"BreadcrumbList\",\"@id\":\"https:\/\/evertonfc.cz\/index.php\/2012\/08\/09\/hibbo-se-dockal\/#breadcrumb\",\"itemListElement\":[{\"@type\":\"ListItem\",\"position\":1,\"name\":\"Home\",\"item\":\"https:\/\/evertonfc.cz\/\"},{\"@type\":\"ListItem\",\"position\":2,\"name\":\"Hibbo se do\u010dkal\"}]},{\"@type\":\"WebSite\",\"@id\":\"https:\/\/evertonfc.cz\/#website\",\"url\":\"https:\/\/evertonfc.cz\/\",\"name\":\"Official Czech &amp; Slovak Everton Supporters&#039; Club\",\"description\":\"\",\"publisher\":{\"@id\":\"https:\/\/evertonfc.cz\/#organization\"},\"potentialAction\":[{\"@type\":\"SearchAction\",\"target\":{\"@type\":\"EntryPoint\",\"urlTemplate\":\"https:\/\/evertonfc.cz\/?s={search_term_string}\"},\"query-input\":{\"@type\":\"PropertyValueSpecification\",\"valueRequired\":true,\"valueName\":\"search_term_string\"}}],\"inLanguage\":\"cs\"},{\"@type\":\"Organization\",\"@id\":\"https:\/\/evertonfc.cz\/#organization\",\"name\":\"Official Czech & Slovak Everton Supporters' Club\",\"url\":\"https:\/\/evertonfc.cz\/\",\"logo\":{\"@type\":\"ImageObject\",\"inLanguage\":\"cs\",\"@id\":\"https:\/\/evertonfc.cz\/#\/schema\/logo\/image\/\",\"url\":\"https:\/\/evertonfc.cz\/wp-content\/uploads\/2019\/05\/logo.png\",\"contentUrl\":\"https:\/\/evertonfc.cz\/wp-content\/uploads\/2019\/05\/logo.png\",\"width\":112,\"height\":112,\"caption\":\"Official Czech & Slovak Everton Supporters' Club\"},\"image\":{\"@id\":\"https:\/\/evertonfc.cz\/#\/schema\/logo\/image\/\"},\"sameAs\":[\"https:\/\/www.facebook.com\/everton.fans.cz.sk\"]},{\"@type\":\"Person\",\"@id\":\"https:\/\/evertonfc.cz\/#\/schema\/person\/f7a5daedb2ffee98480bc70e191aaef1\",\"name\":\"Ri\u010di\",\"sameAs\":[\"https:\/\/x.com\/rbrejsa\"],\"url\":\"https:\/\/evertonfc.cz\/index.php\/author\/rici\/\"}]}<\/script>\n<!-- \/ Yoast SEO plugin. -->","yoast_head_json":{"title":"Hibbo se do\u010dkal - Official Czech &amp; Slovak Everton Supporters&#039; Club","robots":{"index":"index","follow":"follow","max-snippet":"max-snippet:-1","max-image-preview":"max-image-preview:large","max-video-preview":"max-video-preview:-1"},"canonical":"https:\/\/evertonfc.cz\/index.php\/2012\/08\/09\/hibbo-se-dockal\/","og_locale":"cs_CZ","og_type":"article","og_title":"Hibbo se do\u010dkal - Official Czech &amp; Slovak Everton Supporters&#039; Club","og_description":"Co se slibovalo dlouho dop\u0159edu, se skute\u010dn\u011b stalo. Tony Hibbert vst\u0159elil svou prvn\u00ed branku v kari\u00e9\u0159e v r\u00e1mci sv\u00e9ho benefi\u010dn\u00edho&hellip;","og_url":"https:\/\/evertonfc.cz\/index.php\/2012\/08\/09\/hibbo-se-dockal\/","og_site_name":"Official Czech &amp; Slovak Everton Supporters&#039; Club","article_publisher":"https:\/\/www.facebook.com\/everton.fans.cz.sk","article_published_time":"2012-08-09T15:50:57+00:00","article_modified_time":"2019-02-17T19:33:51+00:00","og_image":[{"width":720,"height":405,"url":"https:\/\/evertonfc.cz\/wp-content\/uploads\/2019\/01\/news.jpg","type":"image\/jpeg"}],"author":"Ri\u010di","twitter_card":"summary_large_image","twitter_creator":"@rbrejsa","twitter_misc":{"Napsal(a)":"Ri\u010di","Odhadovan\u00e1 doba \u010dten\u00ed":"2 minuty"},"schema":{"@context":"https:\/\/schema.org","@graph":[{"@type":"Article","@id":"https:\/\/evertonfc.cz\/index.php\/2012\/08\/09\/hibbo-se-dockal\/#article","isPartOf":{"@id":"https:\/\/evertonfc.cz\/index.php\/2012\/08\/09\/hibbo-se-dockal\/"},"author":{"name":"Ri\u010di","@id":"https:\/\/evertonfc.cz\/#\/schema\/person\/f7a5daedb2ffee98480bc70e191aaef1"},"headline":"Hibbo se do\u010dkal","datePublished":"2012-08-09T15:50:57+00:00","dateModified":"2019-02-17T19:33:51+00:00","mainEntityOfPage":{"@id":"https:\/\/evertonfc.cz\/index.php\/2012\/08\/09\/hibbo-se-dockal\/"},"wordCount":469,"commentCount":0,"publisher":{"@id":"https:\/\/evertonfc.cz\/#organization"},"image":{"@id":"https:\/\/evertonfc.cz\/index.php\/2012\/08\/09\/hibbo-se-dockal\/#primaryimage"},"thumbnailUrl":"https:\/\/evertonfc.cz\/wp-content\/uploads\/2019\/01\/news.jpg","articleSection":["Aktuality"],"inLanguage":"cs","potentialAction":[{"@type":"CommentAction","name":"Comment","target":["https:\/\/evertonfc.cz\/index.php\/2012\/08\/09\/hibbo-se-dockal\/#respond"]}]},{"@type":"WebPage","@id":"https:\/\/evertonfc.cz\/index.php\/2012\/08\/09\/hibbo-se-dockal\/","url":"https:\/\/evertonfc.cz\/index.php\/2012\/08\/09\/hibbo-se-dockal\/","name":"Hibbo se do\u010dkal - Official Czech &amp; Slovak Everton Supporters&#039; Club","isPartOf":{"@id":"https:\/\/evertonfc.cz\/#website"},"primaryImageOfPage":{"@id":"https:\/\/evertonfc.cz\/index.php\/2012\/08\/09\/hibbo-se-dockal\/#primaryimage"},"image":{"@id":"https:\/\/evertonfc.cz\/index.php\/2012\/08\/09\/hibbo-se-dockal\/#primaryimage"},"thumbnailUrl":"https:\/\/evertonfc.cz\/wp-content\/uploads\/2019\/01\/news.jpg","datePublished":"2012-08-09T15:50:57+00:00","dateModified":"2019-02-17T19:33:51+00:00","breadcrumb":{"@id":"https:\/\/evertonfc.cz\/index.php\/2012\/08\/09\/hibbo-se-dockal\/#breadcrumb"},"inLanguage":"cs","potentialAction":[{"@type":"ReadAction","target":["https:\/\/evertonfc.cz\/index.php\/2012\/08\/09\/hibbo-se-dockal\/"]}]},{"@type":"ImageObject","inLanguage":"cs","@id":"https:\/\/evertonfc.cz\/index.php\/2012\/08\/09\/hibbo-se-dockal\/#primaryimage","url":"https:\/\/evertonfc.cz\/wp-content\/uploads\/2019\/01\/news.jpg","contentUrl":"https:\/\/evertonfc.cz\/wp-content\/uploads\/2019\/01\/news.jpg","width":720,"height":405},{"@type":"BreadcrumbList","@id":"https:\/\/evertonfc.cz\/index.php\/2012\/08\/09\/hibbo-se-dockal\/#breadcrumb","itemListElement":[{"@type":"ListItem","position":1,"name":"Home","item":"https:\/\/evertonfc.cz\/"},{"@type":"ListItem","position":2,"name":"Hibbo se do\u010dkal"}]},{"@type":"WebSite","@id":"https:\/\/evertonfc.cz\/#website","url":"https:\/\/evertonfc.cz\/","name":"Official Czech &amp; Slovak Everton Supporters&#039; Club","description":"","publisher":{"@id":"https:\/\/evertonfc.cz\/#organization"},"potentialAction":[{"@type":"SearchAction","target":{"@type":"EntryPoint","urlTemplate":"https:\/\/evertonfc.cz\/?s={search_term_string}"},"query-input":{"@type":"PropertyValueSpecification","valueRequired":true,"valueName":"search_term_string"}}],"inLanguage":"cs"},{"@type":"Organization","@id":"https:\/\/evertonfc.cz\/#organization","name":"Official Czech & Slovak Everton Supporters' Club","url":"https:\/\/evertonfc.cz\/","logo":{"@type":"ImageObject","inLanguage":"cs","@id":"https:\/\/evertonfc.cz\/#\/schema\/logo\/image\/","url":"https:\/\/evertonfc.cz\/wp-content\/uploads\/2019\/05\/logo.png","contentUrl":"https:\/\/evertonfc.cz\/wp-content\/uploads\/2019\/05\/logo.png","width":112,"height":112,"caption":"Official Czech & Slovak Everton Supporters' Club"},"image":{"@id":"https:\/\/evertonfc.cz\/#\/schema\/logo\/image\/"},"sameAs":["https:\/\/www.facebook.com\/everton.fans.cz.sk"]},{"@type":"Person","@id":"https:\/\/evertonfc.cz\/#\/schema\/person\/f7a5daedb2ffee98480bc70e191aaef1","name":"Ri\u010di","sameAs":["https:\/\/x.com\/rbrejsa"],"url":"https:\/\/evertonfc.cz\/index.php\/author\/rici\/"}]}},"_links":{"self":[{"href":"https:\/\/evertonfc.cz\/index.php\/wp-json\/wp\/v2\/posts\/6176"}],"collection":[{"href":"https:\/\/evertonfc.cz\/index.php\/wp-json\/wp\/v2\/posts"}],"about":[{"href":"https:\/\/evertonfc.cz\/index.php\/wp-json\/wp\/v2\/types\/post"}],"author":[{"embeddable":true,"href":"https:\/\/evertonfc.cz\/index.php\/wp-json\/wp\/v2\/users\/6"}],"replies":[{"embeddable":true,"href":"https:\/\/evertonfc.cz\/index.php\/wp-json\/wp\/v2\/comments?post=6176"}],"version-history":[{"count":3,"href":"https:\/\/evertonfc.cz\/index.php\/wp-json\/wp\/v2\/posts\/6176\/revisions"}],"predecessor-version":[{"id":6414,"href":"https:\/\/evertonfc.cz\/index.php\/wp-json\/wp\/v2\/posts\/6176\/revisions\/6414"}],"wp:featuredmedia":[{"embeddable":true,"href":"https:\/\/evertonfc.cz\/index.php\/wp-json\/wp\/v2\/media\/1313"}],"wp:attachment":[{"href":"https:\/\/evertonfc.cz\/index.php\/wp-json\/wp\/v2\/media?parent=6176"}],"wp:term":[{"taxonomy":"category","embeddable":true,"href":"https:\/\/evertonfc.cz\/index.php\/wp-json\/wp\/v2\/categories?post=6176"},{"taxonomy":"post_tag","embeddable":true,"href":"https:\/\/evertonfc.cz\/index.php\/wp-json\/wp\/v2\/tags?post=6176"}],"curies":[{"name":"wp","href":"https:\/\/api.w.org\/{rel}","templated":true}]}}