{"id":6177,"date":"2012-09-13T17:53:38","date_gmt":"2012-09-13T15:53:38","guid":{"rendered":"http:\/\/evertonfc.cz\/?p=6177"},"modified":"2019-02-17T20:18:40","modified_gmt":"2019-02-17T19:18:40","slug":"lednova-jednani-o-odjidja-ofoe-by-musela-zacit-znovu-zni-z-brugge","status":"publish","type":"post","link":"https:\/\/evertonfc.cz\/index.php\/2012\/09\/13\/lednova-jednani-o-odjidja-ofoe-by-musela-zacit-znovu-zni-z-brugge\/","title":{"rendered":"Lednov\u00e1 jedn\u00e1n\u00ed o Odjidja-Ofoe by musela za\u010d\u00edt znovu, zn\u00ed z Brugge"},"content":{"rendered":"<h4 id=\"NewsPostDetailSummary\">M\u011bl b\u00fdt z\u00e1v\u011bre\u010dnou posilou p\u0159estupov\u00e9ho okna, Vadis Odjidja-Ofoe ale nakonec do Evertonu nezam\u00ed\u0159il. Club Brugge nav\u00edc tvrd\u00ed, \u017ee o p\u0159\u00edpadn\u00e9m zimn\u00edm p\u0159esunu budou muset oba kluby jednat nanovo.<\/h4>\n<div id=\"NewsPostDetailContent\">\n<p>V z\u00e1v\u011bre\u010dn\u00fd den p\u0159estupov\u00e9ho okna se David Moyes sna\u017eil se\u010d mu s\u00edly sta\u010dily o posledn\u00ed mo\u017en\u00e9 pos\u00edlen\u00ed mu\u017estva. Poda\u0159ilo se mu to v\u0161ak jen z poloviny. Zat\u00edmco p\u0159estup Bryana Ovieda prob\u011bhl bez probl\u00e9m\u016f, dohoda o hostov\u00e1n\u00ed Vadise Odjidja-Ofoe, kter\u00e9 Everton dos\u00e1hl s belgick\u00fdm Club Brugge, p\u0159i\u0161la tak pozd\u011b, \u017ee dlouho nebylo jasn\u00e9, zda bude vlastn\u011b z\u00e1lo\u017en\u00edk v leto\u0161n\u00ed sezon\u011b kopat za Toffees, nebo zda z\u016fstane ve sv\u00e9 domovin\u011b.<\/p>\n<p>O posv\u011bcen\u00ed platnosti p\u0159estupu se musela postarat FIFA, ta ale p\u0159esun t\u0159iadvacetilet\u00e9ho belgick\u00e9ho reprezentanta zam\u00edtla s t\u00edm, \u017ee nezbytn\u00e1 administrativa nebyla vy\u0159\u00edzena v\u010das p\u0159ed uzav\u0159en\u00edm p\u0159estupov\u00e9ho term\u00ednu. Z Brugge te\u010f nav\u00edc zn\u00ed, \u017ee pakli\u017ee Everton o hr\u00e1\u010de projev\u00ed z\u00e1jem v zim\u011b, p\u016fvodn\u00ed dohoda bude neplatn\u00e1 a oba kluby by musely zah\u00e1jit nov\u00e1 jedn\u00e1n\u00ed.<\/p>\n<p><em>\u201eP\u0159estupov\u00e9 okno je te\u010f definitivn\u011b za n\u00e1mi,\u201c<\/em> \u0159\u00edk\u00e1 gener\u00e1ln\u00ed mana\u017eer Brugge, Vincent Mannaert a sna\u017e\u00ed se vyhnout zodpov\u011bdnosti za kolaps p\u0159estupu.<em> \u201eU takov\u00e9ho p\u0159estupu jsou dva aspekty. Prvn\u00edm je administrativn\u00ed slo\u017eka a ta byla v po\u0159\u00e1dku. T\u00edm druh\u00fdm je mezin\u00e1rodn\u00ed potvrzen\u00ed p\u0159estupu a tady do\u0161lo k probl\u00e9mu.\u201c<\/em><\/p>\n<p><em>FIFA si na rozmy\u0161lenou vzala sedm dn\u00ed a kone\u010dn\u00fdm rozhodnut\u00edm je, \u017ee p\u0159estupu nedala zelenou. Mohli jsme si st\u011b\u017eovat u sportovn\u00edho tribun\u00e1lu v Lausanne, ale m\u011bli jsme jen malou \u0161anci na \u00fasp\u011bch. A nav\u00edc bychom znovu dlouho \u017eili v nejistot\u011b. Nyn\u00ed ob\u011b partie v\u011bd\u00ed, na \u010dem jsou.<\/em><\/p>\n<p><em>Jestli existuje lednov\u00e1 dohoda? Nic takov\u00e9ho tu nen\u00ed. P\u0159edpokl\u00e1d\u00e1m, \u017ee d\u00e1l budou Vadise sledovat, ale \u017e\u00e1dn\u00e9 z\u00e1ruky tu nejsou. Pokud Everton chce Vadise v lednu, jedn\u00e1n\u00ed za\u010dnou od nuly. Nejistota zmizela a Vadis\u016fv stres je tak\u00e9 pry\u010d. Je to za n\u00e1mi.\u201c<\/em><\/p>\n<p>Samotn\u00fd hr\u00e1\u010d pak odep\u0159enou p\u0159\u00edle\u017eitost tak\u00e9 h\u00e1z\u00ed za hlavu a hodl\u00e1 se soust\u0159edit pouze na sv\u016fj t\u00fdm. <em>\u201eJsem r\u00e1d, \u017ee se mohu zase pln\u011b v\u011bnovat fotbalu. M\u011bl jsem sedm dn\u00ed na p\u0159em\u00fd\u0161len\u00ed, a to je v\u00edce, ne\u017e dost. Na za\u010d\u00e1tku jsem se na Everton hodn\u011b t\u011b\u0161il, ale v Brugg\u00e1ch jsem \u0161\u0165astn\u00fd. Nec\u00edt\u00edm v\u016f\u010di Brugg\u00e1m \u017e\u00e1dnou z\u00e1\u0161\u0165. V Anglii se koncem p\u0159estupov\u00e9ho okna d\u011bje spousta hektick\u00fdch transfer\u016f, ale Club Brugge byl ke m\u011b otev\u0159en\u00fd. Everton prost\u011b p\u0159i\u0161el moc pozd\u011b.\u201c<\/em><\/p>\n<\/div>\n","protected":false},"excerpt":{"rendered":"<p>M\u011bl b\u00fdt z\u00e1v\u011bre\u010dnou posilou p\u0159estupov\u00e9ho okna, Vadis Odjidja-Ofoe ale nakonec do Evertonu nezam\u00ed\u0159il. Club Brugge nav\u00edc tvrd\u00ed, \u017ee o p\u0159\u00edpadn\u00e9m&hellip;<\/p>\n","protected":false},"author":7,"featured_media":1313,"comment_status":"open","ping_status":"closed","sticky":false,"template":"","format":"standard","meta":{"_eb_attr":"","_monsterinsights_skip_tracking":false,"_monsterinsights_sitenote_active":false,"_monsterinsights_sitenote_note":"","_monsterinsights_sitenote_category":0,"footnotes":""},"categories":[42,41],"tags":[],"yoast_head":"<!-- This site is optimized with the Yoast SEO plugin v23.4 - https:\/\/yoast.com\/wordpress\/plugins\/seo\/ -->\n<title>Lednov\u00e1 jedn\u00e1n\u00ed o Odjidja-Ofoe by musela za\u010d\u00edt znovu, zn\u00ed z Brugge - Official Czech &amp; Slovak Everton Supporters&#039; Club<\/title>\n<meta name=\"robots\" content=\"index, follow, max-snippet:-1, max-image-preview:large, max-video-preview:-1\" \/>\n<link rel=\"canonical\" href=\"https:\/\/evertonfc.cz\/index.php\/2012\/09\/13\/lednova-jednani-o-odjidja-ofoe-by-musela-zacit-znovu-zni-z-brugge\/\" \/>\n<meta property=\"og:locale\" content=\"cs_CZ\" \/>\n<meta property=\"og:type\" content=\"article\" \/>\n<meta property=\"og:title\" content=\"Lednov\u00e1 jedn\u00e1n\u00ed o Odjidja-Ofoe by musela za\u010d\u00edt znovu, zn\u00ed z Brugge - Official Czech &amp; Slovak Everton Supporters&#039; Club\" \/>\n<meta property=\"og:description\" content=\"M\u011bl b\u00fdt z\u00e1v\u011bre\u010dnou posilou p\u0159estupov\u00e9ho okna, Vadis Odjidja-Ofoe ale nakonec do Evertonu nezam\u00ed\u0159il. Club Brugge nav\u00edc tvrd\u00ed, \u017ee o p\u0159\u00edpadn\u00e9m&hellip;\" \/>\n<meta property=\"og:url\" content=\"https:\/\/evertonfc.cz\/index.php\/2012\/09\/13\/lednova-jednani-o-odjidja-ofoe-by-musela-zacit-znovu-zni-z-brugge\/\" \/>\n<meta property=\"og:site_name\" content=\"Official Czech &amp; Slovak Everton Supporters&#039; Club\" \/>\n<meta property=\"article:publisher\" content=\"https:\/\/www.facebook.com\/everton.fans.cz.sk\" \/>\n<meta property=\"article:published_time\" content=\"2012-09-13T15:53:38+00:00\" \/>\n<meta property=\"article:modified_time\" content=\"2019-02-17T19:18:40+00:00\" \/>\n<meta property=\"og:image\" content=\"https:\/\/evertonfc.cz\/wp-content\/uploads\/2019\/01\/news.jpg\" \/>\n\t<meta property=\"og:image:width\" content=\"720\" \/>\n\t<meta property=\"og:image:height\" content=\"405\" \/>\n\t<meta property=\"og:image:type\" content=\"image\/jpeg\" \/>\n<meta name=\"author\" content=\"Me\u0148a\" \/>\n<meta name=\"twitter:card\" content=\"summary_large_image\" \/>\n<meta name=\"twitter:label1\" content=\"Napsal(a)\" \/>\n\t<meta name=\"twitter:data1\" content=\"Me\u0148a\" \/>\n\t<meta name=\"twitter:label2\" content=\"Odhadovan\u00e1 doba \u010dten\u00ed\" \/>\n\t<meta name=\"twitter:data2\" content=\"2 minuty\" \/>\n<script type=\"application\/ld+json\" class=\"yoast-schema-graph\">{\"@context\":\"https:\/\/schema.org\",\"@graph\":[{\"@type\":\"Article\",\"@id\":\"https:\/\/evertonfc.cz\/index.php\/2012\/09\/13\/lednova-jednani-o-odjidja-ofoe-by-musela-zacit-znovu-zni-z-brugge\/#article\",\"isPartOf\":{\"@id\":\"https:\/\/evertonfc.cz\/index.php\/2012\/09\/13\/lednova-jednani-o-odjidja-ofoe-by-musela-zacit-znovu-zni-z-brugge\/\"},\"author\":{\"name\":\"Me\u0148a\",\"@id\":\"https:\/\/evertonfc.cz\/#\/schema\/person\/cd6328a75577de2add7793fd4b0930c3\"},\"headline\":\"Lednov\u00e1 jedn\u00e1n\u00ed o Odjidja-Ofoe by musela za\u010d\u00edt znovu, zn\u00ed z Brugge\",\"datePublished\":\"2012-09-13T15:53:38+00:00\",\"dateModified\":\"2019-02-17T19:18:40+00:00\",\"mainEntityOfPage\":{\"@id\":\"https:\/\/evertonfc.cz\/index.php\/2012\/09\/13\/lednova-jednani-o-odjidja-ofoe-by-musela-zacit-znovu-zni-z-brugge\/\"},\"wordCount\":504,\"commentCount\":0,\"publisher\":{\"@id\":\"https:\/\/evertonfc.cz\/#organization\"},\"image\":{\"@id\":\"https:\/\/evertonfc.cz\/index.php\/2012\/09\/13\/lednova-jednani-o-odjidja-ofoe-by-musela-zacit-znovu-zni-z-brugge\/#primaryimage\"},\"thumbnailUrl\":\"https:\/\/evertonfc.cz\/wp-content\/uploads\/2019\/01\/news.jpg\",\"articleSection\":[\"Aktuality\",\"P\u0159estupy\"],\"inLanguage\":\"cs\",\"potentialAction\":[{\"@type\":\"CommentAction\",\"name\":\"Comment\",\"target\":[\"https:\/\/evertonfc.cz\/index.php\/2012\/09\/13\/lednova-jednani-o-odjidja-ofoe-by-musela-zacit-znovu-zni-z-brugge\/#respond\"]}]},{\"@type\":\"WebPage\",\"@id\":\"https:\/\/evertonfc.cz\/index.php\/2012\/09\/13\/lednova-jednani-o-odjidja-ofoe-by-musela-zacit-znovu-zni-z-brugge\/\",\"url\":\"https:\/\/evertonfc.cz\/index.php\/2012\/09\/13\/lednova-jednani-o-odjidja-ofoe-by-musela-zacit-znovu-zni-z-brugge\/\",\"name\":\"Lednov\u00e1 jedn\u00e1n\u00ed o Odjidja-Ofoe by musela za\u010d\u00edt znovu, zn\u00ed z Brugge - Official Czech &amp; Slovak Everton Supporters&#039; Club\",\"isPartOf\":{\"@id\":\"https:\/\/evertonfc.cz\/#website\"},\"primaryImageOfPage\":{\"@id\":\"https:\/\/evertonfc.cz\/index.php\/2012\/09\/13\/lednova-jednani-o-odjidja-ofoe-by-musela-zacit-znovu-zni-z-brugge\/#primaryimage\"},\"image\":{\"@id\":\"https:\/\/evertonfc.cz\/index.php\/2012\/09\/13\/lednova-jednani-o-odjidja-ofoe-by-musela-zacit-znovu-zni-z-brugge\/#primaryimage\"},\"thumbnailUrl\":\"https:\/\/evertonfc.cz\/wp-content\/uploads\/2019\/01\/news.jpg\",\"datePublished\":\"2012-09-13T15:53:38+00:00\",\"dateModified\":\"2019-02-17T19:18:40+00:00\",\"breadcrumb\":{\"@id\":\"https:\/\/evertonfc.cz\/index.php\/2012\/09\/13\/lednova-jednani-o-odjidja-ofoe-by-musela-zacit-znovu-zni-z-brugge\/#breadcrumb\"},\"inLanguage\":\"cs\",\"potentialAction\":[{\"@type\":\"ReadAction\",\"target\":[\"https:\/\/evertonfc.cz\/index.php\/2012\/09\/13\/lednova-jednani-o-odjidja-ofoe-by-musela-zacit-znovu-zni-z-brugge\/\"]}]},{\"@type\":\"ImageObject\",\"inLanguage\":\"cs\",\"@id\":\"https:\/\/evertonfc.cz\/index.php\/2012\/09\/13\/lednova-jednani-o-odjidja-ofoe-by-musela-zacit-znovu-zni-z-brugge\/#primaryimage\",\"url\":\"https:\/\/evertonfc.cz\/wp-content\/uploads\/2019\/01\/news.jpg\",\"contentUrl\":\"https:\/\/evertonfc.cz\/wp-content\/uploads\/2019\/01\/news.jpg\",\"width\":720,\"height\":405},{\"@type\":\"BreadcrumbList\",\"@id\":\"https:\/\/evertonfc.cz\/index.php\/2012\/09\/13\/lednova-jednani-o-odjidja-ofoe-by-musela-zacit-znovu-zni-z-brugge\/#breadcrumb\",\"itemListElement\":[{\"@type\":\"ListItem\",\"position\":1,\"name\":\"Home\",\"item\":\"https:\/\/evertonfc.cz\/\"},{\"@type\":\"ListItem\",\"position\":2,\"name\":\"Lednov\u00e1 jedn\u00e1n\u00ed o Odjidja-Ofoe by musela za\u010d\u00edt znovu, zn\u00ed z Brugge\"}]},{\"@type\":\"WebSite\",\"@id\":\"https:\/\/evertonfc.cz\/#website\",\"url\":\"https:\/\/evertonfc.cz\/\",\"name\":\"Official Czech &amp; Slovak Everton Supporters&#039; Club\",\"description\":\"\",\"publisher\":{\"@id\":\"https:\/\/evertonfc.cz\/#organization\"},\"potentialAction\":[{\"@type\":\"SearchAction\",\"target\":{\"@type\":\"EntryPoint\",\"urlTemplate\":\"https:\/\/evertonfc.cz\/?s={search_term_string}\"},\"query-input\":{\"@type\":\"PropertyValueSpecification\",\"valueRequired\":true,\"valueName\":\"search_term_string\"}}],\"inLanguage\":\"cs\"},{\"@type\":\"Organization\",\"@id\":\"https:\/\/evertonfc.cz\/#organization\",\"name\":\"Official Czech & Slovak Everton Supporters' Club\",\"url\":\"https:\/\/evertonfc.cz\/\",\"logo\":{\"@type\":\"ImageObject\",\"inLanguage\":\"cs\",\"@id\":\"https:\/\/evertonfc.cz\/#\/schema\/logo\/image\/\",\"url\":\"https:\/\/evertonfc.cz\/wp-content\/uploads\/2019\/05\/logo.png\",\"contentUrl\":\"https:\/\/evertonfc.cz\/wp-content\/uploads\/2019\/05\/logo.png\",\"width\":112,\"height\":112,\"caption\":\"Official Czech & Slovak Everton Supporters' Club\"},\"image\":{\"@id\":\"https:\/\/evertonfc.cz\/#\/schema\/logo\/image\/\"},\"sameAs\":[\"https:\/\/www.facebook.com\/everton.fans.cz.sk\"]},{\"@type\":\"Person\",\"@id\":\"https:\/\/evertonfc.cz\/#\/schema\/person\/cd6328a75577de2add7793fd4b0930c3\",\"name\":\"Me\u0148a\",\"url\":\"https:\/\/evertonfc.cz\/index.php\/author\/mena\/\"}]}<\/script>\n<!-- \/ Yoast SEO plugin. -->","yoast_head_json":{"title":"Lednov\u00e1 jedn\u00e1n\u00ed o Odjidja-Ofoe by musela za\u010d\u00edt znovu, zn\u00ed z Brugge - Official Czech &amp; Slovak Everton Supporters&#039; Club","robots":{"index":"index","follow":"follow","max-snippet":"max-snippet:-1","max-image-preview":"max-image-preview:large","max-video-preview":"max-video-preview:-1"},"canonical":"https:\/\/evertonfc.cz\/index.php\/2012\/09\/13\/lednova-jednani-o-odjidja-ofoe-by-musela-zacit-znovu-zni-z-brugge\/","og_locale":"cs_CZ","og_type":"article","og_title":"Lednov\u00e1 jedn\u00e1n\u00ed o Odjidja-Ofoe by musela za\u010d\u00edt znovu, zn\u00ed z Brugge - Official Czech &amp; Slovak Everton Supporters&#039; Club","og_description":"M\u011bl b\u00fdt z\u00e1v\u011bre\u010dnou posilou p\u0159estupov\u00e9ho okna, Vadis Odjidja-Ofoe ale nakonec do Evertonu nezam\u00ed\u0159il. Club Brugge nav\u00edc tvrd\u00ed, \u017ee o p\u0159\u00edpadn\u00e9m&hellip;","og_url":"https:\/\/evertonfc.cz\/index.php\/2012\/09\/13\/lednova-jednani-o-odjidja-ofoe-by-musela-zacit-znovu-zni-z-brugge\/","og_site_name":"Official Czech &amp; Slovak Everton Supporters&#039; Club","article_publisher":"https:\/\/www.facebook.com\/everton.fans.cz.sk","article_published_time":"2012-09-13T15:53:38+00:00","article_modified_time":"2019-02-17T19:18:40+00:00","og_image":[{"width":720,"height":405,"url":"https:\/\/evertonfc.cz\/wp-content\/uploads\/2019\/01\/news.jpg","type":"image\/jpeg"}],"author":"Me\u0148a","twitter_card":"summary_large_image","twitter_misc":{"Napsal(a)":"Me\u0148a","Odhadovan\u00e1 doba \u010dten\u00ed":"2 minuty"},"schema":{"@context":"https:\/\/schema.org","@graph":[{"@type":"Article","@id":"https:\/\/evertonfc.cz\/index.php\/2012\/09\/13\/lednova-jednani-o-odjidja-ofoe-by-musela-zacit-znovu-zni-z-brugge\/#article","isPartOf":{"@id":"https:\/\/evertonfc.cz\/index.php\/2012\/09\/13\/lednova-jednani-o-odjidja-ofoe-by-musela-zacit-znovu-zni-z-brugge\/"},"author":{"name":"Me\u0148a","@id":"https:\/\/evertonfc.cz\/#\/schema\/person\/cd6328a75577de2add7793fd4b0930c3"},"headline":"Lednov\u00e1 jedn\u00e1n\u00ed o Odjidja-Ofoe by musela za\u010d\u00edt znovu, zn\u00ed z Brugge","datePublished":"2012-09-13T15:53:38+00:00","dateModified":"2019-02-17T19:18:40+00:00","mainEntityOfPage":{"@id":"https:\/\/evertonfc.cz\/index.php\/2012\/09\/13\/lednova-jednani-o-odjidja-ofoe-by-musela-zacit-znovu-zni-z-brugge\/"},"wordCount":504,"commentCount":0,"publisher":{"@id":"https:\/\/evertonfc.cz\/#organization"},"image":{"@id":"https:\/\/evertonfc.cz\/index.php\/2012\/09\/13\/lednova-jednani-o-odjidja-ofoe-by-musela-zacit-znovu-zni-z-brugge\/#primaryimage"},"thumbnailUrl":"https:\/\/evertonfc.cz\/wp-content\/uploads\/2019\/01\/news.jpg","articleSection":["Aktuality","P\u0159estupy"],"inLanguage":"cs","potentialAction":[{"@type":"CommentAction","name":"Comment","target":["https:\/\/evertonfc.cz\/index.php\/2012\/09\/13\/lednova-jednani-o-odjidja-ofoe-by-musela-zacit-znovu-zni-z-brugge\/#respond"]}]},{"@type":"WebPage","@id":"https:\/\/evertonfc.cz\/index.php\/2012\/09\/13\/lednova-jednani-o-odjidja-ofoe-by-musela-zacit-znovu-zni-z-brugge\/","url":"https:\/\/evertonfc.cz\/index.php\/2012\/09\/13\/lednova-jednani-o-odjidja-ofoe-by-musela-zacit-znovu-zni-z-brugge\/","name":"Lednov\u00e1 jedn\u00e1n\u00ed o Odjidja-Ofoe by musela za\u010d\u00edt znovu, zn\u00ed z Brugge - Official Czech &amp; Slovak Everton Supporters&#039; Club","isPartOf":{"@id":"https:\/\/evertonfc.cz\/#website"},"primaryImageOfPage":{"@id":"https:\/\/evertonfc.cz\/index.php\/2012\/09\/13\/lednova-jednani-o-odjidja-ofoe-by-musela-zacit-znovu-zni-z-brugge\/#primaryimage"},"image":{"@id":"https:\/\/evertonfc.cz\/index.php\/2012\/09\/13\/lednova-jednani-o-odjidja-ofoe-by-musela-zacit-znovu-zni-z-brugge\/#primaryimage"},"thumbnailUrl":"https:\/\/evertonfc.cz\/wp-content\/uploads\/2019\/01\/news.jpg","datePublished":"2012-09-13T15:53:38+00:00","dateModified":"2019-02-17T19:18:40+00:00","breadcrumb":{"@id":"https:\/\/evertonfc.cz\/index.php\/2012\/09\/13\/lednova-jednani-o-odjidja-ofoe-by-musela-zacit-znovu-zni-z-brugge\/#breadcrumb"},"inLanguage":"cs","potentialAction":[{"@type":"ReadAction","target":["https:\/\/evertonfc.cz\/index.php\/2012\/09\/13\/lednova-jednani-o-odjidja-ofoe-by-musela-zacit-znovu-zni-z-brugge\/"]}]},{"@type":"ImageObject","inLanguage":"cs","@id":"https:\/\/evertonfc.cz\/index.php\/2012\/09\/13\/lednova-jednani-o-odjidja-ofoe-by-musela-zacit-znovu-zni-z-brugge\/#primaryimage","url":"https:\/\/evertonfc.cz\/wp-content\/uploads\/2019\/01\/news.jpg","contentUrl":"https:\/\/evertonfc.cz\/wp-content\/uploads\/2019\/01\/news.jpg","width":720,"height":405},{"@type":"BreadcrumbList","@id":"https:\/\/evertonfc.cz\/index.php\/2012\/09\/13\/lednova-jednani-o-odjidja-ofoe-by-musela-zacit-znovu-zni-z-brugge\/#breadcrumb","itemListElement":[{"@type":"ListItem","position":1,"name":"Home","item":"https:\/\/evertonfc.cz\/"},{"@type":"ListItem","position":2,"name":"Lednov\u00e1 jedn\u00e1n\u00ed o Odjidja-Ofoe by musela za\u010d\u00edt znovu, zn\u00ed z Brugge"}]},{"@type":"WebSite","@id":"https:\/\/evertonfc.cz\/#website","url":"https:\/\/evertonfc.cz\/","name":"Official Czech &amp; Slovak Everton Supporters&#039; Club","description":"","publisher":{"@id":"https:\/\/evertonfc.cz\/#organization"},"potentialAction":[{"@type":"SearchAction","target":{"@type":"EntryPoint","urlTemplate":"https:\/\/evertonfc.cz\/?s={search_term_string}"},"query-input":{"@type":"PropertyValueSpecification","valueRequired":true,"valueName":"search_term_string"}}],"inLanguage":"cs"},{"@type":"Organization","@id":"https:\/\/evertonfc.cz\/#organization","name":"Official Czech & Slovak Everton Supporters' Club","url":"https:\/\/evertonfc.cz\/","logo":{"@type":"ImageObject","inLanguage":"cs","@id":"https:\/\/evertonfc.cz\/#\/schema\/logo\/image\/","url":"https:\/\/evertonfc.cz\/wp-content\/uploads\/2019\/05\/logo.png","contentUrl":"https:\/\/evertonfc.cz\/wp-content\/uploads\/2019\/05\/logo.png","width":112,"height":112,"caption":"Official Czech & Slovak Everton Supporters' Club"},"image":{"@id":"https:\/\/evertonfc.cz\/#\/schema\/logo\/image\/"},"sameAs":["https:\/\/www.facebook.com\/everton.fans.cz.sk"]},{"@type":"Person","@id":"https:\/\/evertonfc.cz\/#\/schema\/person\/cd6328a75577de2add7793fd4b0930c3","name":"Me\u0148a","url":"https:\/\/evertonfc.cz\/index.php\/author\/mena\/"}]}},"_links":{"self":[{"href":"https:\/\/evertonfc.cz\/index.php\/wp-json\/wp\/v2\/posts\/6177"}],"collection":[{"href":"https:\/\/evertonfc.cz\/index.php\/wp-json\/wp\/v2\/posts"}],"about":[{"href":"https:\/\/evertonfc.cz\/index.php\/wp-json\/wp\/v2\/types\/post"}],"author":[{"embeddable":true,"href":"https:\/\/evertonfc.cz\/index.php\/wp-json\/wp\/v2\/users\/7"}],"replies":[{"embeddable":true,"href":"https:\/\/evertonfc.cz\/index.php\/wp-json\/wp\/v2\/comments?post=6177"}],"version-history":[{"count":3,"href":"https:\/\/evertonfc.cz\/index.php\/wp-json\/wp\/v2\/posts\/6177\/revisions"}],"predecessor-version":[{"id":6392,"href":"https:\/\/evertonfc.cz\/index.php\/wp-json\/wp\/v2\/posts\/6177\/revisions\/6392"}],"wp:featuredmedia":[{"embeddable":true,"href":"https:\/\/evertonfc.cz\/index.php\/wp-json\/wp\/v2\/media\/1313"}],"wp:attachment":[{"href":"https:\/\/evertonfc.cz\/index.php\/wp-json\/wp\/v2\/media?parent=6177"}],"wp:term":[{"taxonomy":"category","embeddable":true,"href":"https:\/\/evertonfc.cz\/index.php\/wp-json\/wp\/v2\/categories?post=6177"},{"taxonomy":"post_tag","embeddable":true,"href":"https:\/\/evertonfc.cz\/index.php\/wp-json\/wp\/v2\/tags?post=6177"}],"curies":[{"name":"wp","href":"https:\/\/api.w.org\/{rel}","templated":true}]}}