{"id":6179,"date":"2012-09-09T17:54:53","date_gmt":"2012-09-09T15:54:53","guid":{"rendered":"http:\/\/evertonfc.cz\/?p=6179"},"modified":"2019-02-17T17:55:56","modified_gmt":"2019-02-17T16:55:56","slug":"proc-by-mel-oviedo-uspet","status":"publish","type":"post","link":"https:\/\/evertonfc.cz\/index.php\/2012\/09\/09\/proc-by-mel-oviedo-uspet\/","title":{"rendered":"Pro\u010d by m\u011bl Oviedo usp\u011bt"},"content":{"rendered":"<h4 id=\"NewsPostDetailSummary\">Jes Mortensen, odborn\u00edk na d\u00e1nsk\u00fd fotbal, v rozhovoru odpov\u00eddal na ot\u00e1zky, jejich\u017e t\u00e9matem byl Bryan Oviedo, letn\u00ed posila z FC Kodan\u011b.<\/h4>\n<div id=\"NewsPostDetailContent\">\n<p><strong>Prozra\u010fte n\u00e1m n\u011bco o Bryanovi? Jak\u00fd je to typ hr\u00e1\u010de?<\/strong><\/p>\n<p>Ozna\u010dil bych ho za velmi, velmi ofenzivn\u00edho hr\u00e1\u010de. \u010casto \u00fato\u010d\u00ed z pozice lev\u00e9ho obr\u00e1nce, ofenziva je jeho nejv\u011bt\u0161\u00ed p\u0159ednost\u00ed. Rychlost, brilantn\u00ed technika, p\u0159esn\u011b centry, schopnost p\u0159ipravit \u0161anci \u2013 v jeho reperto\u00e1ru se nach\u00e1z\u00ed v\u0161e, \u010d\u00edm\u017e se vyzna\u010duje modern\u00ed krajn\u00ed obr\u00e1nce. V dne\u0161n\u00ed dob\u011b mezi tren\u00e9ry \u017e\u00e1dn\u00e9 zbo\u017e\u00ed. Everton jednodu\u0161e koupil dobr\u00e9ho fotbalistu.<\/p>\n<p><strong>Jak\u00fd zanechal dojem v Kodani?<\/strong><\/p>\n<p>Kdy\u017e p\u0159estoupil v roce 2010, takticky zaost\u00e1val, v tomto ohledu se v\u0161ak zlep\u0161il. Po \u010dase ode\u0161el na hostov\u00e1n\u00ed do FC Nordsj\u00e6llandu, aktu\u00e1ln\u00edho \u00fa\u010dastn\u00edka Ligy mistr\u016f, kde hodn\u011b vysp\u011bl. Po n\u00e1vratu do Kodan\u011b nabyl sebev\u011bdom\u00ed, uk\u00e1zal sv\u00e9 kvality a rychle se stal prvn\u00ed volbou na sv\u016fj post a d\u016fle\u017eit\u00fdm \u010dl\u00e1nkem k\u00e1dru Kodan\u011b. Nahr\u00e1val na g\u00f3ly, p\u00e1r jich tak\u00e9 vst\u0159elil, ne moc, ale p\u00e1r ano. Ne\u017e si pro\u0161el hostov\u00e1n\u00edm, byl ve st\u00ednu lev\u00e9ho \u0161v\u00e9dsk\u00e9ho reprezenta\u010dn\u00edho obr\u00e1nce Oscara Wendta.<\/p>\n<p><strong>Jak moc se c\u00edtili fanou\u0161ci Kodan\u011b zklam\u00e1ni ztr\u00e1tou Bryana?<\/strong><\/p>\n<p>Bez pochyb byli zklam\u00e1ni. Jen\u017ee jeho smlouva by za rok skon\u010dila a Bryan se nechal sly\u0161et, \u017ee nov\u00fd kontrakt nepodep\u00ed\u0161e, proto\u017ee chce zkusit lep\u0161\u00ed sout\u011b\u017e, tak\u017ee jedinou mo\u017enost\u00ed bylo, pokud na n\u011bm cht\u011bla Koda\u0148 vyd\u011blat, prodat ho. A po vypadnut\u00ed z p\u0159edkola Ligy mistr\u016f nebylo jin\u00e9ho v\u00fdchodiska. V D\u00e1nsku jsou lid\u00e9 zvykl\u00ed na podobn\u00e9 situace, pro fotbalisty \u00farovn\u011b Ovieda nen\u00ed pouze zdej\u0161\u00ed liga skute\u010dnou v\u00fdzvou. P\u0159esto ze sportovn\u00edho hlediska fanou\u0161ci jsou po jeho odchodu smutn\u00ed.<\/p>\n<p><strong>Zvl\u00e1dne se Bryan poprat s p\u0159echodem z d\u00e1nsk\u00e9 Superligy do Premier League?<\/strong><\/p>\n<p>Podle m\u011b ano. V Kodani se neust\u00e1le zlep\u0161oval, st\u00e1le v jeho 22 letech pat\u0159\u00ed k mlad\u00fdm hr\u00e1\u010d\u016fm. V Premier League samoz\u0159ejm\u011b pot\u0159ebujete lep\u0161\u00ed fyzickou kondici, rychlost, st\u0159et\u00e1v\u00e1te lep\u0161\u00ed hr\u00e1\u010de, ale v minulosti bylo pro Bryana testem D\u00e1nsko, kde po v\u00fdkonnostn\u00edm progresu usp\u011bl, tak\u017ee to zvl\u00e1dne znovu, mysl\u00edm si. Reprezentuje Kostariku, co\u017e mu zcela ur\u010dit\u011b jenom prosp\u00edv\u00e1.<\/p>\n<p><strong>Leightona Bainese zvolili v minul\u00e9 sez\u00f3n\u011b hr\u00e1\u010di nejlep\u0161\u00ed lev\u00fdm obr\u00e1ncem Premier League. Jak Bryan dopadne v boji o m\u00edsto v z\u00e1kladn\u00ed sestav\u011b s talentovan\u00fdm a popul\u00e1rn\u00edm Leightonem?<\/strong><\/p>\n<p>Leighton Baines bude pro n\u011bj tvrdou konkurenc\u00ed, Bryan se t\u00edm ale vyrovn\u00e1. Mus\u00ed na za\u010d\u00e1tku p\u0159ijmout roli n\u00e1hradn\u00edka, jeliko\u017e Leighton je skv\u011bl\u00fd hr\u00e1\u010d, v Evertonu odv\u00e1d\u00ed perfektn\u00ed v\u00fdkony ji\u017e n\u011bkolik let a Kostari\u010dan se dostal do pozice nov\u00e9ho \u010dlena mu\u017estva. Ov\u0161em v Anglii se hraje mnoho utk\u00e1n\u00ed a on dostane \u0161anci. Moc dob\u0159e si uv\u011bdomuje, \u017ee p\u0159i\u0161el do t\u011b\u017ek\u00e9 ligy, velk\u00e9ho klubu, kde jsou na n\u011bho kladeny vysok\u00e1 o\u010dek\u00e1v\u00e1n\u00ed, a kde soupe\u0159\u00ed o m\u00edsto s v\u00fdborn\u00fdmi spoluhr\u00e1\u010di.<\/p>\n<p>V \u00favodu anga\u017em\u00e1 v Kodani tak\u00e9 nepat\u0159il do z\u00e1kladn\u00ed sestavy, av\u0161ak d\u00edky ment\u00e1ln\u00ed s\u00edle, pracovitosti m\u00edsto na\u0159\u00edk\u00e1n\u00ed, se zlep\u0161il a vybojoval si z\u00e1kladn\u00ed sestavu.<\/p>\n<p><strong>O\u010dek\u00e1v\u00e1te tedy jeho \u00fasp\u011b\u0161n\u00e9 p\u016fsoben\u00ed v Evertonu?<\/strong><\/p>\n<p>V\u017edy je t\u011b\u017ek\u00e9 jako nov\u00e1\u010dek nasko\u010dit do Premier League, ten tlak hr\u00e1\u010d\u016fm nepom\u00e1h\u00e1. Bav\u00edme se o vynikaj\u00edc\u00ed lize, jedn\u00e9 ze dvou nejlep\u0161\u00edch na sv\u011bt\u011b spole\u010dn\u011b se \u0161pan\u011blskou. V Anglii mo\u017en\u00e1 m\u00e9n\u011b z\u00e1vis\u00ed na fyzick\u00e9 kondici a naopak v\u00edce na adaptaci na styl fotbalu, to Bryanovi vyhovuje. Ka\u017ed\u00fd nov\u00fd fotbalista v Anglii pot\u0159ebuje \u010das na aklimatizaci, po\u010d\u00edt\u00e1m tak se \u0161esti m\u011bs\u00edci. Bryan se hod\u00ed do Premier League, a proto \u010dek\u00e1m, \u017ee se v\u00a0n\u00ed prosad\u00ed.<\/p>\n<\/div>\n","protected":false},"excerpt":{"rendered":"<p>Jes Mortensen, odborn\u00edk na d\u00e1nsk\u00fd fotbal, v rozhovoru odpov\u00eddal na ot\u00e1zky, jejich\u017e t\u00e9matem byl Bryan Oviedo, letn\u00ed posila z FC&hellip;<\/p>\n","protected":false},"author":6,"featured_media":1312,"comment_status":"open","ping_status":"closed","sticky":false,"template":"","format":"standard","meta":{"_eb_attr":"","_monsterinsights_skip_tracking":false,"_monsterinsights_sitenote_active":false,"_monsterinsights_sitenote_note":"","_monsterinsights_sitenote_category":0,"footnotes":""},"categories":[1],"tags":[],"yoast_head":"<!-- This site is optimized with the Yoast SEO plugin v23.4 - https:\/\/yoast.com\/wordpress\/plugins\/seo\/ -->\n<title>Pro\u010d by m\u011bl Oviedo usp\u011bt - Official Czech &amp; Slovak Everton Supporters&#039; Club<\/title>\n<meta name=\"robots\" content=\"index, follow, max-snippet:-1, max-image-preview:large, max-video-preview:-1\" \/>\n<link rel=\"canonical\" href=\"https:\/\/evertonfc.cz\/index.php\/2012\/09\/09\/proc-by-mel-oviedo-uspet\/\" \/>\n<meta property=\"og:locale\" content=\"cs_CZ\" \/>\n<meta property=\"og:type\" content=\"article\" \/>\n<meta property=\"og:title\" content=\"Pro\u010d by m\u011bl Oviedo usp\u011bt - Official Czech &amp; Slovak Everton Supporters&#039; Club\" \/>\n<meta property=\"og:description\" content=\"Jes Mortensen, odborn\u00edk na d\u00e1nsk\u00fd fotbal, v rozhovoru odpov\u00eddal na ot\u00e1zky, jejich\u017e t\u00e9matem byl Bryan Oviedo, letn\u00ed posila z FC&hellip;\" \/>\n<meta property=\"og:url\" content=\"https:\/\/evertonfc.cz\/index.php\/2012\/09\/09\/proc-by-mel-oviedo-uspet\/\" \/>\n<meta property=\"og:site_name\" content=\"Official Czech &amp; Slovak Everton Supporters&#039; Club\" \/>\n<meta property=\"article:publisher\" content=\"https:\/\/www.facebook.com\/everton.fans.cz.sk\" \/>\n<meta property=\"article:published_time\" content=\"2012-09-09T15:54:53+00:00\" \/>\n<meta property=\"article:modified_time\" content=\"2019-02-17T16:55:56+00:00\" \/>\n<meta property=\"og:image\" content=\"https:\/\/evertonfc.cz\/wp-content\/uploads\/2019\/01\/interview.jpg\" \/>\n\t<meta property=\"og:image:width\" content=\"720\" \/>\n\t<meta property=\"og:image:height\" content=\"405\" \/>\n\t<meta property=\"og:image:type\" content=\"image\/jpeg\" \/>\n<meta name=\"author\" content=\"Ri\u010di\" \/>\n<meta name=\"twitter:card\" content=\"summary_large_image\" \/>\n<meta name=\"twitter:creator\" content=\"@rbrejsa\" \/>\n<meta name=\"twitter:label1\" content=\"Napsal(a)\" \/>\n\t<meta name=\"twitter:data1\" content=\"Ri\u010di\" \/>\n\t<meta name=\"twitter:label2\" content=\"Odhadovan\u00e1 doba \u010dten\u00ed\" \/>\n\t<meta name=\"twitter:data2\" content=\"4 minuty\" \/>\n<script type=\"application\/ld+json\" class=\"yoast-schema-graph\">{\"@context\":\"https:\/\/schema.org\",\"@graph\":[{\"@type\":\"Article\",\"@id\":\"https:\/\/evertonfc.cz\/index.php\/2012\/09\/09\/proc-by-mel-oviedo-uspet\/#article\",\"isPartOf\":{\"@id\":\"https:\/\/evertonfc.cz\/index.php\/2012\/09\/09\/proc-by-mel-oviedo-uspet\/\"},\"author\":{\"name\":\"Ri\u010di\",\"@id\":\"https:\/\/evertonfc.cz\/#\/schema\/person\/f7a5daedb2ffee98480bc70e191aaef1\"},\"headline\":\"Pro\u010d by m\u011bl Oviedo usp\u011bt\",\"datePublished\":\"2012-09-09T15:54:53+00:00\",\"dateModified\":\"2019-02-17T16:55:56+00:00\",\"mainEntityOfPage\":{\"@id\":\"https:\/\/evertonfc.cz\/index.php\/2012\/09\/09\/proc-by-mel-oviedo-uspet\/\"},\"wordCount\":716,\"commentCount\":0,\"publisher\":{\"@id\":\"https:\/\/evertonfc.cz\/#organization\"},\"image\":{\"@id\":\"https:\/\/evertonfc.cz\/index.php\/2012\/09\/09\/proc-by-mel-oviedo-uspet\/#primaryimage\"},\"thumbnailUrl\":\"https:\/\/evertonfc.cz\/wp-content\/uploads\/2019\/01\/interview.jpg\",\"articleSection\":[\"Rozhovory\"],\"inLanguage\":\"cs\",\"potentialAction\":[{\"@type\":\"CommentAction\",\"name\":\"Comment\",\"target\":[\"https:\/\/evertonfc.cz\/index.php\/2012\/09\/09\/proc-by-mel-oviedo-uspet\/#respond\"]}]},{\"@type\":\"WebPage\",\"@id\":\"https:\/\/evertonfc.cz\/index.php\/2012\/09\/09\/proc-by-mel-oviedo-uspet\/\",\"url\":\"https:\/\/evertonfc.cz\/index.php\/2012\/09\/09\/proc-by-mel-oviedo-uspet\/\",\"name\":\"Pro\u010d by m\u011bl Oviedo usp\u011bt - Official Czech &amp; Slovak Everton Supporters&#039; Club\",\"isPartOf\":{\"@id\":\"https:\/\/evertonfc.cz\/#website\"},\"primaryImageOfPage\":{\"@id\":\"https:\/\/evertonfc.cz\/index.php\/2012\/09\/09\/proc-by-mel-oviedo-uspet\/#primaryimage\"},\"image\":{\"@id\":\"https:\/\/evertonfc.cz\/index.php\/2012\/09\/09\/proc-by-mel-oviedo-uspet\/#primaryimage\"},\"thumbnailUrl\":\"https:\/\/evertonfc.cz\/wp-content\/uploads\/2019\/01\/interview.jpg\",\"datePublished\":\"2012-09-09T15:54:53+00:00\",\"dateModified\":\"2019-02-17T16:55:56+00:00\",\"breadcrumb\":{\"@id\":\"https:\/\/evertonfc.cz\/index.php\/2012\/09\/09\/proc-by-mel-oviedo-uspet\/#breadcrumb\"},\"inLanguage\":\"cs\",\"potentialAction\":[{\"@type\":\"ReadAction\",\"target\":[\"https:\/\/evertonfc.cz\/index.php\/2012\/09\/09\/proc-by-mel-oviedo-uspet\/\"]}]},{\"@type\":\"ImageObject\",\"inLanguage\":\"cs\",\"@id\":\"https:\/\/evertonfc.cz\/index.php\/2012\/09\/09\/proc-by-mel-oviedo-uspet\/#primaryimage\",\"url\":\"https:\/\/evertonfc.cz\/wp-content\/uploads\/2019\/01\/interview.jpg\",\"contentUrl\":\"https:\/\/evertonfc.cz\/wp-content\/uploads\/2019\/01\/interview.jpg\",\"width\":720,\"height\":405},{\"@type\":\"BreadcrumbList\",\"@id\":\"https:\/\/evertonfc.cz\/index.php\/2012\/09\/09\/proc-by-mel-oviedo-uspet\/#breadcrumb\",\"itemListElement\":[{\"@type\":\"ListItem\",\"position\":1,\"name\":\"Home\",\"item\":\"https:\/\/evertonfc.cz\/\"},{\"@type\":\"ListItem\",\"position\":2,\"name\":\"Pro\u010d by m\u011bl Oviedo usp\u011bt\"}]},{\"@type\":\"WebSite\",\"@id\":\"https:\/\/evertonfc.cz\/#website\",\"url\":\"https:\/\/evertonfc.cz\/\",\"name\":\"Official Czech &amp; Slovak Everton Supporters&#039; Club\",\"description\":\"\",\"publisher\":{\"@id\":\"https:\/\/evertonfc.cz\/#organization\"},\"potentialAction\":[{\"@type\":\"SearchAction\",\"target\":{\"@type\":\"EntryPoint\",\"urlTemplate\":\"https:\/\/evertonfc.cz\/?s={search_term_string}\"},\"query-input\":{\"@type\":\"PropertyValueSpecification\",\"valueRequired\":true,\"valueName\":\"search_term_string\"}}],\"inLanguage\":\"cs\"},{\"@type\":\"Organization\",\"@id\":\"https:\/\/evertonfc.cz\/#organization\",\"name\":\"Official Czech & Slovak Everton Supporters' Club\",\"url\":\"https:\/\/evertonfc.cz\/\",\"logo\":{\"@type\":\"ImageObject\",\"inLanguage\":\"cs\",\"@id\":\"https:\/\/evertonfc.cz\/#\/schema\/logo\/image\/\",\"url\":\"https:\/\/evertonfc.cz\/wp-content\/uploads\/2019\/05\/logo.png\",\"contentUrl\":\"https:\/\/evertonfc.cz\/wp-content\/uploads\/2019\/05\/logo.png\",\"width\":112,\"height\":112,\"caption\":\"Official Czech & Slovak Everton Supporters' Club\"},\"image\":{\"@id\":\"https:\/\/evertonfc.cz\/#\/schema\/logo\/image\/\"},\"sameAs\":[\"https:\/\/www.facebook.com\/everton.fans.cz.sk\"]},{\"@type\":\"Person\",\"@id\":\"https:\/\/evertonfc.cz\/#\/schema\/person\/f7a5daedb2ffee98480bc70e191aaef1\",\"name\":\"Ri\u010di\",\"sameAs\":[\"https:\/\/x.com\/rbrejsa\"],\"url\":\"https:\/\/evertonfc.cz\/index.php\/author\/rici\/\"}]}<\/script>\n<!-- \/ Yoast SEO plugin. -->","yoast_head_json":{"title":"Pro\u010d by m\u011bl Oviedo usp\u011bt - Official Czech &amp; Slovak Everton Supporters&#039; Club","robots":{"index":"index","follow":"follow","max-snippet":"max-snippet:-1","max-image-preview":"max-image-preview:large","max-video-preview":"max-video-preview:-1"},"canonical":"https:\/\/evertonfc.cz\/index.php\/2012\/09\/09\/proc-by-mel-oviedo-uspet\/","og_locale":"cs_CZ","og_type":"article","og_title":"Pro\u010d by m\u011bl Oviedo usp\u011bt - Official Czech &amp; Slovak Everton Supporters&#039; Club","og_description":"Jes Mortensen, odborn\u00edk na d\u00e1nsk\u00fd fotbal, v rozhovoru odpov\u00eddal na ot\u00e1zky, jejich\u017e t\u00e9matem byl Bryan Oviedo, letn\u00ed posila z FC&hellip;","og_url":"https:\/\/evertonfc.cz\/index.php\/2012\/09\/09\/proc-by-mel-oviedo-uspet\/","og_site_name":"Official Czech &amp; Slovak Everton Supporters&#039; Club","article_publisher":"https:\/\/www.facebook.com\/everton.fans.cz.sk","article_published_time":"2012-09-09T15:54:53+00:00","article_modified_time":"2019-02-17T16:55:56+00:00","og_image":[{"width":720,"height":405,"url":"https:\/\/evertonfc.cz\/wp-content\/uploads\/2019\/01\/interview.jpg","type":"image\/jpeg"}],"author":"Ri\u010di","twitter_card":"summary_large_image","twitter_creator":"@rbrejsa","twitter_misc":{"Napsal(a)":"Ri\u010di","Odhadovan\u00e1 doba \u010dten\u00ed":"4 minuty"},"schema":{"@context":"https:\/\/schema.org","@graph":[{"@type":"Article","@id":"https:\/\/evertonfc.cz\/index.php\/2012\/09\/09\/proc-by-mel-oviedo-uspet\/#article","isPartOf":{"@id":"https:\/\/evertonfc.cz\/index.php\/2012\/09\/09\/proc-by-mel-oviedo-uspet\/"},"author":{"name":"Ri\u010di","@id":"https:\/\/evertonfc.cz\/#\/schema\/person\/f7a5daedb2ffee98480bc70e191aaef1"},"headline":"Pro\u010d by m\u011bl Oviedo usp\u011bt","datePublished":"2012-09-09T15:54:53+00:00","dateModified":"2019-02-17T16:55:56+00:00","mainEntityOfPage":{"@id":"https:\/\/evertonfc.cz\/index.php\/2012\/09\/09\/proc-by-mel-oviedo-uspet\/"},"wordCount":716,"commentCount":0,"publisher":{"@id":"https:\/\/evertonfc.cz\/#organization"},"image":{"@id":"https:\/\/evertonfc.cz\/index.php\/2012\/09\/09\/proc-by-mel-oviedo-uspet\/#primaryimage"},"thumbnailUrl":"https:\/\/evertonfc.cz\/wp-content\/uploads\/2019\/01\/interview.jpg","articleSection":["Rozhovory"],"inLanguage":"cs","potentialAction":[{"@type":"CommentAction","name":"Comment","target":["https:\/\/evertonfc.cz\/index.php\/2012\/09\/09\/proc-by-mel-oviedo-uspet\/#respond"]}]},{"@type":"WebPage","@id":"https:\/\/evertonfc.cz\/index.php\/2012\/09\/09\/proc-by-mel-oviedo-uspet\/","url":"https:\/\/evertonfc.cz\/index.php\/2012\/09\/09\/proc-by-mel-oviedo-uspet\/","name":"Pro\u010d by m\u011bl Oviedo usp\u011bt - Official Czech &amp; Slovak Everton Supporters&#039; Club","isPartOf":{"@id":"https:\/\/evertonfc.cz\/#website"},"primaryImageOfPage":{"@id":"https:\/\/evertonfc.cz\/index.php\/2012\/09\/09\/proc-by-mel-oviedo-uspet\/#primaryimage"},"image":{"@id":"https:\/\/evertonfc.cz\/index.php\/2012\/09\/09\/proc-by-mel-oviedo-uspet\/#primaryimage"},"thumbnailUrl":"https:\/\/evertonfc.cz\/wp-content\/uploads\/2019\/01\/interview.jpg","datePublished":"2012-09-09T15:54:53+00:00","dateModified":"2019-02-17T16:55:56+00:00","breadcrumb":{"@id":"https:\/\/evertonfc.cz\/index.php\/2012\/09\/09\/proc-by-mel-oviedo-uspet\/#breadcrumb"},"inLanguage":"cs","potentialAction":[{"@type":"ReadAction","target":["https:\/\/evertonfc.cz\/index.php\/2012\/09\/09\/proc-by-mel-oviedo-uspet\/"]}]},{"@type":"ImageObject","inLanguage":"cs","@id":"https:\/\/evertonfc.cz\/index.php\/2012\/09\/09\/proc-by-mel-oviedo-uspet\/#primaryimage","url":"https:\/\/evertonfc.cz\/wp-content\/uploads\/2019\/01\/interview.jpg","contentUrl":"https:\/\/evertonfc.cz\/wp-content\/uploads\/2019\/01\/interview.jpg","width":720,"height":405},{"@type":"BreadcrumbList","@id":"https:\/\/evertonfc.cz\/index.php\/2012\/09\/09\/proc-by-mel-oviedo-uspet\/#breadcrumb","itemListElement":[{"@type":"ListItem","position":1,"name":"Home","item":"https:\/\/evertonfc.cz\/"},{"@type":"ListItem","position":2,"name":"Pro\u010d by m\u011bl Oviedo usp\u011bt"}]},{"@type":"WebSite","@id":"https:\/\/evertonfc.cz\/#website","url":"https:\/\/evertonfc.cz\/","name":"Official Czech &amp; Slovak Everton Supporters&#039; Club","description":"","publisher":{"@id":"https:\/\/evertonfc.cz\/#organization"},"potentialAction":[{"@type":"SearchAction","target":{"@type":"EntryPoint","urlTemplate":"https:\/\/evertonfc.cz\/?s={search_term_string}"},"query-input":{"@type":"PropertyValueSpecification","valueRequired":true,"valueName":"search_term_string"}}],"inLanguage":"cs"},{"@type":"Organization","@id":"https:\/\/evertonfc.cz\/#organization","name":"Official Czech & Slovak Everton Supporters' Club","url":"https:\/\/evertonfc.cz\/","logo":{"@type":"ImageObject","inLanguage":"cs","@id":"https:\/\/evertonfc.cz\/#\/schema\/logo\/image\/","url":"https:\/\/evertonfc.cz\/wp-content\/uploads\/2019\/05\/logo.png","contentUrl":"https:\/\/evertonfc.cz\/wp-content\/uploads\/2019\/05\/logo.png","width":112,"height":112,"caption":"Official Czech & Slovak Everton Supporters' Club"},"image":{"@id":"https:\/\/evertonfc.cz\/#\/schema\/logo\/image\/"},"sameAs":["https:\/\/www.facebook.com\/everton.fans.cz.sk"]},{"@type":"Person","@id":"https:\/\/evertonfc.cz\/#\/schema\/person\/f7a5daedb2ffee98480bc70e191aaef1","name":"Ri\u010di","sameAs":["https:\/\/x.com\/rbrejsa"],"url":"https:\/\/evertonfc.cz\/index.php\/author\/rici\/"}]}},"_links":{"self":[{"href":"https:\/\/evertonfc.cz\/index.php\/wp-json\/wp\/v2\/posts\/6179"}],"collection":[{"href":"https:\/\/evertonfc.cz\/index.php\/wp-json\/wp\/v2\/posts"}],"about":[{"href":"https:\/\/evertonfc.cz\/index.php\/wp-json\/wp\/v2\/types\/post"}],"author":[{"embeddable":true,"href":"https:\/\/evertonfc.cz\/index.php\/wp-json\/wp\/v2\/users\/6"}],"replies":[{"embeddable":true,"href":"https:\/\/evertonfc.cz\/index.php\/wp-json\/wp\/v2\/comments?post=6179"}],"version-history":[{"count":1,"href":"https:\/\/evertonfc.cz\/index.php\/wp-json\/wp\/v2\/posts\/6179\/revisions"}],"predecessor-version":[{"id":6182,"href":"https:\/\/evertonfc.cz\/index.php\/wp-json\/wp\/v2\/posts\/6179\/revisions\/6182"}],"wp:featuredmedia":[{"embeddable":true,"href":"https:\/\/evertonfc.cz\/index.php\/wp-json\/wp\/v2\/media\/1312"}],"wp:attachment":[{"href":"https:\/\/evertonfc.cz\/index.php\/wp-json\/wp\/v2\/media?parent=6179"}],"wp:term":[{"taxonomy":"category","embeddable":true,"href":"https:\/\/evertonfc.cz\/index.php\/wp-json\/wp\/v2\/categories?post=6179"},{"taxonomy":"post_tag","embeddable":true,"href":"https:\/\/evertonfc.cz\/index.php\/wp-json\/wp\/v2\/tags?post=6179"}],"curies":[{"name":"wp","href":"https:\/\/api.w.org\/{rel}","templated":true}]}}