{"id":6189,"date":"2012-08-31T17:58:24","date_gmt":"2012-08-31T15:58:24","guid":{"rendered":"http:\/\/evertonfc.cz\/?p=6189"},"modified":"2021-03-04T13:39:18","modified_gmt":"2021-03-04T12:39:18","slug":"preview-west-bromwich-albion-everton-7","status":"publish","type":"post","link":"https:\/\/evertonfc.cz\/index.php\/2012\/08\/31\/preview-west-bromwich-albion-everton-7\/","title":{"rendered":"Preview: West Bromwich Albion &#8211; Everton"},"content":{"rendered":"<h4 id=\"NewsPostDetailSummary\">Na svoji skv\u011blou formu jede Everton o v\u00edkendu navazovat znovu do Midlands. Po Aston Ville tentokr\u00e1t zav\u00edt\u00e1 na p\u016fdu West Bromwiche.<\/h4>\n<div id=\"NewsPostDetailContent\">\n<p>Cel\u00fdm Evertonem se moment\u00e1ln\u011b \u0161\u00ed\u0159\u00ed neb\u00fdvale uvoln\u011bn\u00e1 a optimistick\u00e1 atmosf\u00e9ra. P\u0159ich\u00e1zej\u00ed nov\u00e9 tv\u00e1\u0159e, revitalizovan\u00fd t\u00fdm nejen\u017ee vyhr\u00e1v\u00e1, ale vyhr\u00e1v\u00e1 dominantn\u00edm zp\u016fsobem, zkr\u00e1tka v\u0161echno klape jak na dr\u00e1tk\u00e1ch. Siln\u00fd start do sezony je p\u0159\u00edjemn\u00fdm p\u0159ekvapen\u00edm. V\u00fdhry na Manchesterem United a Aston Villou znamenaj\u00ed nejlep\u0161\u00ed vstup do sezony za posledn\u00edch p\u011bt let. Pr\u00e1v\u011b za\u010d\u00e1tkem ro\u010dn\u00edku 2007\/08 Toffees tak\u00e9 zv\u00edt\u011bzili v prvn\u00edch dvou z\u00e1pasech, kdy\u017e porazili Wigan a Tottenham.<\/p>\n<p>P\u0159ed t\u0159et\u00edm kolem tedy v t\u00fdmu panuje bojov\u00e1 n\u00e1lada a Tim Howard, kter\u00fd v minul\u00e9m utk\u00e1n\u00ed p\u0159ekonal rekord pro po\u010det odehran\u00fdch z\u00e1pas\u016f za sebou &#8211; 184 &#8211; v\u011b\u0159\u00ed, \u017ee z p\u0159edm\u011bst\u00ed Birminghamu si Everton m\u016f\u017ee odv\u00e9st dal\u0161\u00ed t\u0159\u00edbodov\u00fd zisk. <em>\u201eD\u00e1v\u00e1me g\u00f3ly a hrajeme dob\u0159e. Je to fantastick\u00e9. U\u017e v p\u0159\u00edprav\u011b jsme hr\u00e1li dobr\u00fd fotbal, ale posledn\u00ed z\u00e1pasy byly impozantn\u00ed. I West Brom ale hraje skv\u011ble. Lo\u0148skou sezonu zakon\u010dili dob\u0159e a zat\u00edm se j\u00edm da\u0159\u00ed i letos, tak\u017ee to bude t\u011b\u017ek\u00fd z\u00e1pas, jako proti v\u017edycky proti nim.\u201c<\/em><\/p>\n<p>Baggies maj\u00ed v tabulce po dvou kolech zat\u00edm \u010dty\u0159i body. V prvn\u00edm kole doma vypr\u00e1skali Liverpool 3-0 a minul\u00fd v\u00edkend vyrovn\u00e1vac\u00edm g\u00f3lem v posledn\u00edch minut\u00e1ch obrali na jeho h\u0159i\u0161ti Tottenham o t\u0159i body. Ve velk\u00e9m testu a mana\u017eersk\u00e9 premi\u00e9\u0159e tedy Steve Clarke, kter\u00fd se v l\u00e9t\u011b stal nov\u00fdm lodivodem West Bromu, obst\u00e1v\u00e1 na v\u00fdbornou. Minim\u00e1ln\u011b bod nav\u00edc West Bromu zajist\u00ed jeho zat\u00edm nejlep\u0161\u00ed vstup do prvoligov\u00e9 sezony. Dva \u00favodn\u00ed dom\u00e1c\u00ed z\u00e1pasy Baggies nevyhr\u00e1li od roku 1984.<\/p>\n<h4><strong>Historie soupe\u0159e<\/strong><\/h4>\n<p>Klub byl zalo\u017een v toto\u017en\u00e9m roce jako Everton, tedy 1878, jako West Bromwich Strollers. Roku 1881, ji\u017e pod n\u00e1zvem West Bromwich Albion, se p\u0159ipojil k m\u00edstn\u00ed fotbalov\u00e9 asociaci a hned o p\u00e1r let pozd\u011bji slavil zisk sv\u00e9 prvn\u00ed trofeje &#8211; Staffordshirsk\u00e9ho poh\u00e1ru. Roku 1883 Baggies vstoupili do Fotbalov\u00e9 asociace a o dva roky pozd\u011bji se stali profesion\u00e1ln\u00edm t\u00fdmem. V letech 1886 a 1887 se Albion probojoval do fin\u00e1le FA Cupu, ov\u0161em v obou p\u0159\u00edpadech prohr\u00e1l, a to s Blackburnem respektive se sousedn\u00ed Aston Villou. Na t\u0159et\u00ed pokus u\u017e v\u0161ak ve fin\u00e1le usp\u011bl. Roku 1888 pat\u0159il West Brom k zakl\u00e1d\u00e1j\u00edc\u00edm \u010dlen\u016fm Football League.<\/p>\n<p>Po \u0161patn\u00fdch sezon\u00e1ch, kdy klub putoval mezi prvn\u00ed a druhou ligou, mohl Albion slavit prvoligov\u00fd \u00fasp\u011bch a\u017e v roce 1920, kdy poprv\u00e9 a z\u00e1rove\u0148 naposledy vyhr\u00e1l ligov\u00fd titul. Ov\u0161em ani pot\u00e9 se neda\u0159ilo dr\u017eet se mezi elitou, a tak se West Bromwich st\u00e1le pohyboval mezi prvn\u00ed a druhou ligou. Reputaci si napravil na konci sezony 1930\/31, kdy ve fin\u00e1le FA Cupu porazil rivaly z Birminghamu City. Po druh\u00e9 sv\u011btov\u00e9 v\u00e1lce, v sezon\u011b 1953\/54 byl West Brom bl\u00edzko k tomu, aby se stal prvn\u00edm klubem 20. stolet\u00ed, kter\u00fd ve stejn\u00e9 sezon\u011b z\u00edsk\u00e1 FA Cup a ligov\u00fd titul, tedy tzv. double. Poh\u00e1r nakonec na The Hawthorns dorazil, nicm\u00e9n\u011b v lize se Baggies museli spokojit s druh\u00fdm m\u00edstem za Wolverhamptonem.<\/p>\n<p>WBA postupn\u011b za\u010dal budovat velmi siln\u00fd t\u00fdm, kter\u00fd slavil \u00fasp\u011bchy na dom\u00e1c\u00ed p\u016fd\u011b i v Evrop\u011b. V roce 1968 z\u00edskal dal\u0161\u00ed trofej pro v\u00edt\u011bze FA Cupu, kdy\u017e ve fin\u00e1lov\u00e9m z\u00e1pase v prodlou\u017een\u00ed porazil Everton. O rok pozd\u011bji \u0159\u00e1dil i v PVP, kde se probojoval a\u017e do semifin\u00e1le.<\/p>\n<p>Za\u010d\u00e1tkem 70. let se vr\u00e1til znovu na dr\u00e1hu nest\u00e1l\u00e9ho t\u00fdmu a znovu sestoupil. O t\u0159i roky pozd\u011bji se ale do nejvy\u0161\u0161\u00ed sout\u011b\u017ee vr\u00e1til a v n\u00e1sleduj\u00edc\u00edch letech bojoval o p\u0159edn\u00ed um\u00edst\u011bn\u00ed. Trofej sice nez\u00edskal, nicm\u00e9n\u011b v FA Cupu i v UEFA Cupu nebyl od trofeje daleko. Nejhor\u0161\u00ed obdob\u00ed klubov\u00e9 historie av\u0161ak klepalo na dve\u0159e.<\/p>\n<p>Na konci sez\u00f3ny 1985\/86 se Throstles propadli a\u017e do Third Division a \u010dekal dlouh\u00fdch \u0161estn\u00e1ct let, ne\u017e se z bl\u00e1ta op\u011bt vyhrabal na v\u00fdslun\u00ed. Zat\u00edmco roku 1992 byla zalo\u017eena Premier League, Albion se st\u00e1le ut\u00e1p\u011bl ve t\u0159et\u00ed lize, ov\u0161em o rok pozd\u011bji dokr\u00e1\u010del do fin\u00e1le play off, kde porazil Port Vale 3:0 a postoupil do druh\u00e9 nejvy\u0161\u0161\u00ed ligy nebo-li First Division.<\/p>\n<p>A\u017e v roce 2002 se ov\u0161em na\u0161el mana\u017eer, kter\u00fd Albion dovedl do Premier League, a to Gary Megson. Ov\u0161em ani on \u010di jeho dal\u0161\u00ed n\u00e1sledovn\u00edci jako Bryan Robson \u010di Tony Mowbray nedok\u00e1zali Baggies udr\u017eet v nejvy\u0161\u0161\u00ed anglick\u00e9 sout\u011b\u017ei dlouhodob\u011b. Spr\u00e1vn\u00fdm krokem za stabilizac\u00ed Albionu vykro\u010dil Roberto di Matteo, jen\u017ee hork\u00e9 ruce veden\u00ed nem\u011bly s mlad\u00fdm \u0161v\u00fdcarsk\u00fdm mana\u017eerem trp\u011blivost, vsadili rad\u011bji na velezku\u0161en\u00e9ho Roye Hodgsona. Ten ale koncem sezony 2011\/12 neodolal v\u00e1ben\u00ed Albionu, a tak nyn\u00ed Baggies vodami Premier League vede mana\u017eersk\u00fd novic, Steve Clarke.<\/p>\n<h4><strong>Z\u00e1pasov\u00e1 fakta<\/strong><\/h4>\n<p>A\u010dkoliv se West Bromwich st\u00e1le ned\u00e1 za\u0159adit mezi st\u00e1l\u00e9 \u00fa\u010dastn\u00edky Premier League, spole\u010dn\u00e1 vz\u00e1jemn\u00e1 bilance je pom\u011brn\u011b vyrovnan\u00e1. Everton z jeden\u00e1cti z\u00e1pas\u016f zv\u00edt\u011bzil sedmkr\u00e1t a Baggies \u010dty\u0159ikr\u00e1t. Jedn\u00edm z triumf\u016f WBA je tak\u00e9 v\u00fdhra 4-1 z listopadu 2010, jedn\u00e9 z nejt\u011b\u017e\u0161\u00edch dom\u00e1c\u00edch por\u00e1\u017eek Evertonu za posledn\u00ed l\u00e9ta a p\u0159edposledn\u00ed ligov\u00e9 n\u00e1v\u0161t\u011bvy WBA na Goodisonu. Stejn\u00fdm pom\u011brem p\u0159itom Baggies opanovali historicky v\u016fbec jejich prvn\u00ed z\u00e1pas na Goodison Parku v prosinci 1888. Bezbrankov\u00e1 rem\u00edza se mezi ob\u011bma t\u00fdmy nezrodila od z\u00e1\u0159\u00ed 1983.<\/p>\n<h4><strong>West Brom<\/strong><\/h4>\n<ul>\n<li>Poprv\u00e9 od roku 2005 je nepora\u017een v prvn\u00edch dvou z\u00e1pasech Premier League. Zachr\u00e1nit se v\u0161ak tehdy nedok\u00e1zal.<\/li>\n<li>V minul\u00e9 sezon\u011b bylo proti n\u011bmu odp\u00edsk\u00e1no dev\u011bt pokutov\u00fdch kop\u016f, nejv\u00edce z cel\u00e9 sout\u011b\u017ee.<\/li>\n<li>Steve Clarke byl na v\u00edt\u011bzn\u00e9 stran\u011b ve v\u0161ech t\u0159ech z\u00e1pasech proti Evertonu v minul\u00e9 sezon\u011b, coby asistent Kennyho Dalglishe v Liverpoolu.<\/li>\n<\/ul>\n<h4><strong>Everton<\/strong><\/h4>\n<ul>\n<li>T\u0159i \u00favodn\u00ed z\u00e1pasy vyhr\u00e1l naposledy v sezon\u011b 1993\/94, kdy\u017e porazil Southampton, Manchester City a Sheffield United.<\/li>\n<li>Od posledn\u00ed ligov\u00e9 por\u00e1\u017eky uteklo ji\u017e jeden\u00e1ct z\u00e1pas\u016f.<\/li>\n<li>Pokud s WBA neprohraje, p\u016fjde o jeho nejdel\u0161\u00ed s\u00e9rii neporazitelnosti za 27 let. Tehdy Evertonu osmn\u00e1ctiz\u00e1pasov\u00e1 \u0161n\u016fra, t\u00e1hnouc\u00ed se od prosince 1984 do kv\u011btna 1985, vynesla mistrovsk\u00fd titul.<\/li>\n<\/ul>\n<h4><strong>Vz\u00e1jemn\u00e1 bilance<\/strong><\/h4>\n<ul>\n<li>Celkov\u011b:\u00a0\u00a0\u00a0\u00a0\u00a0\u00a0\u00a0\u00a0\u00a0\u00a0\u00a0\u00a0\u00a0\u00a0\u00a0\u00a0 57-34-64<\/li>\n<li>Na The Hawthorns:\u00a0 39-18-17<\/li>\n<li>V Premier League:\u00a0\u00a0\u00a0 4-1-7<\/li>\n<\/ul>\n<h4><strong>Posledn\u00edch p\u011bt vz\u00e1jemn\u00fdch z\u00e1pas\u016f<\/strong><\/h4>\n<p>31.3. 2012, EPL, Everton &#8211; WBA 2-0 (Osman, Anichebe)<br \/>\n1.1. 2012, EPL, West Brom\u00a0&#8211; Everton 0-1 (Anichebe)<br \/>\n21.9. 2011, LC, Everton &#8211; West Brom 2-1 (Fellaini, Neville)<br \/>\n14.5. 2011, EPL, West Brom &#8211; Everton 1-0<br \/>\n27.11. 2010, EPL, Everton &#8211; West Brom 1-4 (Cahill)<\/p>\n<h4><strong>Absence<\/strong><\/h4>\n<p>Everton nepo\u010d\u00edt\u00e1 \u017e\u00e1dn\u00e9 ztr\u00e1ty. Jedin\u00fd absent\u00e9r z minul\u00e9ho t\u00fddne, Tony Hibbert, dol\u00e9\u010dil namo\u017een\u00fd krk. West Bromu mo\u017en\u00e1 nevypom\u016f\u017ee Peter Odemwingie s poran\u011bn\u00fdm stehnem, zat\u00edmco Romelu Lukaku by nemusel hr\u00e1t kv\u016fli kotn\u00edku a Jeroma Thomase tr\u00e1p\u00ed ky\u010del.<\/p>\n<ul>\n<li><strong>Kdy:<\/strong> 1.9. 16:00 SE\u010c<\/li>\n<li><strong>Kde:<\/strong> The Hawthorns<\/li>\n<li><strong>Rozhod\u010d\u00ed:<\/strong> J. Moss<\/li>\n<\/ul>\n<\/div>\n","protected":false},"excerpt":{"rendered":"<p>Na svoji skv\u011blou formu jede Everton o v\u00edkendu navazovat znovu do Midlands. Po Aston Ville tentokr\u00e1t zav\u00edt\u00e1 na p\u016fdu West Bromwiche.<\/p>\n","protected":false},"author":7,"featured_media":14438,"comment_status":"open","ping_status":"closed","sticky":false,"template":"","format":"standard","meta":{"_eb_attr":"","_monsterinsights_skip_tracking":false,"_monsterinsights_sitenote_active":false,"_monsterinsights_sitenote_note":"","_monsterinsights_sitenote_category":0,"footnotes":""},"categories":[4],"tags":[],"yoast_head":"<!-- This site is optimized with the Yoast SEO plugin v23.4 - https:\/\/yoast.com\/wordpress\/plugins\/seo\/ -->\n<title>Preview: West Bromwich Albion - Everton - Official Czech &amp; Slovak Everton Supporters&#039; Club<\/title>\n<meta name=\"robots\" content=\"index, follow, max-snippet:-1, max-image-preview:large, max-video-preview:-1\" \/>\n<link rel=\"canonical\" href=\"https:\/\/evertonfc.cz\/index.php\/2012\/08\/31\/preview-west-bromwich-albion-everton-7\/\" \/>\n<meta property=\"og:locale\" content=\"cs_CZ\" \/>\n<meta property=\"og:type\" content=\"article\" \/>\n<meta property=\"og:title\" content=\"Preview: West Bromwich Albion - Everton - Official Czech &amp; Slovak Everton Supporters&#039; Club\" \/>\n<meta property=\"og:description\" content=\"Na svoji skv\u011blou formu jede Everton o v\u00edkendu navazovat znovu do Midlands. Po Aston Ville tentokr\u00e1t zav\u00edt\u00e1 na p\u016fdu West Bromwiche.\" \/>\n<meta property=\"og:url\" content=\"https:\/\/evertonfc.cz\/index.php\/2012\/08\/31\/preview-west-bromwich-albion-everton-7\/\" \/>\n<meta property=\"og:site_name\" content=\"Official Czech &amp; Slovak Everton Supporters&#039; Club\" \/>\n<meta property=\"article:publisher\" content=\"https:\/\/www.facebook.com\/everton.fans.cz.sk\" \/>\n<meta property=\"article:published_time\" content=\"2012-08-31T15:58:24+00:00\" \/>\n<meta property=\"article:modified_time\" content=\"2021-03-04T12:39:18+00:00\" \/>\n<meta property=\"og:image\" content=\"https:\/\/evertonfc.cz\/wp-content\/uploads\/2021\/03\/West-Bromwich-Albion-VS-Everton.jpg\" \/>\n\t<meta property=\"og:image:width\" content=\"720\" \/>\n\t<meta property=\"og:image:height\" content=\"405\" \/>\n\t<meta property=\"og:image:type\" content=\"image\/jpeg\" \/>\n<meta name=\"author\" content=\"Me\u0148a\" \/>\n<meta name=\"twitter:card\" content=\"summary_large_image\" \/>\n<meta name=\"twitter:label1\" content=\"Napsal(a)\" \/>\n\t<meta name=\"twitter:data1\" content=\"Me\u0148a\" \/>\n\t<meta name=\"twitter:label2\" content=\"Odhadovan\u00e1 doba \u010dten\u00ed\" \/>\n\t<meta name=\"twitter:data2\" content=\"6 minut\" \/>\n<script type=\"application\/ld+json\" class=\"yoast-schema-graph\">{\"@context\":\"https:\/\/schema.org\",\"@graph\":[{\"@type\":\"Article\",\"@id\":\"https:\/\/evertonfc.cz\/index.php\/2012\/08\/31\/preview-west-bromwich-albion-everton-7\/#article\",\"isPartOf\":{\"@id\":\"https:\/\/evertonfc.cz\/index.php\/2012\/08\/31\/preview-west-bromwich-albion-everton-7\/\"},\"author\":{\"name\":\"Me\u0148a\",\"@id\":\"https:\/\/evertonfc.cz\/#\/schema\/person\/cd6328a75577de2add7793fd4b0930c3\"},\"headline\":\"Preview: West Bromwich Albion &#8211; Everton\",\"datePublished\":\"2012-08-31T15:58:24+00:00\",\"dateModified\":\"2021-03-04T12:39:18+00:00\",\"mainEntityOfPage\":{\"@id\":\"https:\/\/evertonfc.cz\/index.php\/2012\/08\/31\/preview-west-bromwich-albion-everton-7\/\"},\"wordCount\":1289,\"commentCount\":0,\"publisher\":{\"@id\":\"https:\/\/evertonfc.cz\/#organization\"},\"image\":{\"@id\":\"https:\/\/evertonfc.cz\/index.php\/2012\/08\/31\/preview-west-bromwich-albion-everton-7\/#primaryimage\"},\"thumbnailUrl\":\"https:\/\/evertonfc.cz\/wp-content\/uploads\/2021\/03\/West-Bromwich-Albion-VS-Everton.jpg\",\"articleSection\":[\"Z\u00e1pasy\"],\"inLanguage\":\"cs\",\"potentialAction\":[{\"@type\":\"CommentAction\",\"name\":\"Comment\",\"target\":[\"https:\/\/evertonfc.cz\/index.php\/2012\/08\/31\/preview-west-bromwich-albion-everton-7\/#respond\"]}]},{\"@type\":\"WebPage\",\"@id\":\"https:\/\/evertonfc.cz\/index.php\/2012\/08\/31\/preview-west-bromwich-albion-everton-7\/\",\"url\":\"https:\/\/evertonfc.cz\/index.php\/2012\/08\/31\/preview-west-bromwich-albion-everton-7\/\",\"name\":\"Preview: West Bromwich Albion - Everton - Official Czech &amp; Slovak Everton Supporters&#039; Club\",\"isPartOf\":{\"@id\":\"https:\/\/evertonfc.cz\/#website\"},\"primaryImageOfPage\":{\"@id\":\"https:\/\/evertonfc.cz\/index.php\/2012\/08\/31\/preview-west-bromwich-albion-everton-7\/#primaryimage\"},\"image\":{\"@id\":\"https:\/\/evertonfc.cz\/index.php\/2012\/08\/31\/preview-west-bromwich-albion-everton-7\/#primaryimage\"},\"thumbnailUrl\":\"https:\/\/evertonfc.cz\/wp-content\/uploads\/2021\/03\/West-Bromwich-Albion-VS-Everton.jpg\",\"datePublished\":\"2012-08-31T15:58:24+00:00\",\"dateModified\":\"2021-03-04T12:39:18+00:00\",\"breadcrumb\":{\"@id\":\"https:\/\/evertonfc.cz\/index.php\/2012\/08\/31\/preview-west-bromwich-albion-everton-7\/#breadcrumb\"},\"inLanguage\":\"cs\",\"potentialAction\":[{\"@type\":\"ReadAction\",\"target\":[\"https:\/\/evertonfc.cz\/index.php\/2012\/08\/31\/preview-west-bromwich-albion-everton-7\/\"]}]},{\"@type\":\"ImageObject\",\"inLanguage\":\"cs\",\"@id\":\"https:\/\/evertonfc.cz\/index.php\/2012\/08\/31\/preview-west-bromwich-albion-everton-7\/#primaryimage\",\"url\":\"https:\/\/evertonfc.cz\/wp-content\/uploads\/2021\/03\/West-Bromwich-Albion-VS-Everton.jpg\",\"contentUrl\":\"https:\/\/evertonfc.cz\/wp-content\/uploads\/2021\/03\/West-Bromwich-Albion-VS-Everton.jpg\",\"width\":720,\"height\":405},{\"@type\":\"BreadcrumbList\",\"@id\":\"https:\/\/evertonfc.cz\/index.php\/2012\/08\/31\/preview-west-bromwich-albion-everton-7\/#breadcrumb\",\"itemListElement\":[{\"@type\":\"ListItem\",\"position\":1,\"name\":\"Home\",\"item\":\"https:\/\/evertonfc.cz\/\"},{\"@type\":\"ListItem\",\"position\":2,\"name\":\"Preview: West Bromwich Albion &#8211; Everton\"}]},{\"@type\":\"WebSite\",\"@id\":\"https:\/\/evertonfc.cz\/#website\",\"url\":\"https:\/\/evertonfc.cz\/\",\"name\":\"Official Czech &amp; Slovak Everton Supporters&#039; Club\",\"description\":\"\",\"publisher\":{\"@id\":\"https:\/\/evertonfc.cz\/#organization\"},\"potentialAction\":[{\"@type\":\"SearchAction\",\"target\":{\"@type\":\"EntryPoint\",\"urlTemplate\":\"https:\/\/evertonfc.cz\/?s={search_term_string}\"},\"query-input\":{\"@type\":\"PropertyValueSpecification\",\"valueRequired\":true,\"valueName\":\"search_term_string\"}}],\"inLanguage\":\"cs\"},{\"@type\":\"Organization\",\"@id\":\"https:\/\/evertonfc.cz\/#organization\",\"name\":\"Official Czech & Slovak Everton Supporters' Club\",\"url\":\"https:\/\/evertonfc.cz\/\",\"logo\":{\"@type\":\"ImageObject\",\"inLanguage\":\"cs\",\"@id\":\"https:\/\/evertonfc.cz\/#\/schema\/logo\/image\/\",\"url\":\"https:\/\/evertonfc.cz\/wp-content\/uploads\/2019\/05\/logo.png\",\"contentUrl\":\"https:\/\/evertonfc.cz\/wp-content\/uploads\/2019\/05\/logo.png\",\"width\":112,\"height\":112,\"caption\":\"Official Czech & Slovak Everton Supporters' Club\"},\"image\":{\"@id\":\"https:\/\/evertonfc.cz\/#\/schema\/logo\/image\/\"},\"sameAs\":[\"https:\/\/www.facebook.com\/everton.fans.cz.sk\"]},{\"@type\":\"Person\",\"@id\":\"https:\/\/evertonfc.cz\/#\/schema\/person\/cd6328a75577de2add7793fd4b0930c3\",\"name\":\"Me\u0148a\",\"url\":\"https:\/\/evertonfc.cz\/index.php\/author\/mena\/\"}]}<\/script>\n<!-- \/ Yoast SEO plugin. -->","yoast_head_json":{"title":"Preview: West Bromwich Albion - Everton - Official Czech &amp; Slovak Everton Supporters&#039; Club","robots":{"index":"index","follow":"follow","max-snippet":"max-snippet:-1","max-image-preview":"max-image-preview:large","max-video-preview":"max-video-preview:-1"},"canonical":"https:\/\/evertonfc.cz\/index.php\/2012\/08\/31\/preview-west-bromwich-albion-everton-7\/","og_locale":"cs_CZ","og_type":"article","og_title":"Preview: West Bromwich Albion - Everton - Official Czech &amp; Slovak Everton Supporters&#039; Club","og_description":"Na svoji skv\u011blou formu jede Everton o v\u00edkendu navazovat znovu do Midlands. Po Aston Ville tentokr\u00e1t zav\u00edt\u00e1 na p\u016fdu West Bromwiche.","og_url":"https:\/\/evertonfc.cz\/index.php\/2012\/08\/31\/preview-west-bromwich-albion-everton-7\/","og_site_name":"Official Czech &amp; Slovak Everton Supporters&#039; Club","article_publisher":"https:\/\/www.facebook.com\/everton.fans.cz.sk","article_published_time":"2012-08-31T15:58:24+00:00","article_modified_time":"2021-03-04T12:39:18+00:00","og_image":[{"width":720,"height":405,"url":"https:\/\/evertonfc.cz\/wp-content\/uploads\/2021\/03\/West-Bromwich-Albion-VS-Everton.jpg","type":"image\/jpeg"}],"author":"Me\u0148a","twitter_card":"summary_large_image","twitter_misc":{"Napsal(a)":"Me\u0148a","Odhadovan\u00e1 doba \u010dten\u00ed":"6 minut"},"schema":{"@context":"https:\/\/schema.org","@graph":[{"@type":"Article","@id":"https:\/\/evertonfc.cz\/index.php\/2012\/08\/31\/preview-west-bromwich-albion-everton-7\/#article","isPartOf":{"@id":"https:\/\/evertonfc.cz\/index.php\/2012\/08\/31\/preview-west-bromwich-albion-everton-7\/"},"author":{"name":"Me\u0148a","@id":"https:\/\/evertonfc.cz\/#\/schema\/person\/cd6328a75577de2add7793fd4b0930c3"},"headline":"Preview: West Bromwich Albion &#8211; Everton","datePublished":"2012-08-31T15:58:24+00:00","dateModified":"2021-03-04T12:39:18+00:00","mainEntityOfPage":{"@id":"https:\/\/evertonfc.cz\/index.php\/2012\/08\/31\/preview-west-bromwich-albion-everton-7\/"},"wordCount":1289,"commentCount":0,"publisher":{"@id":"https:\/\/evertonfc.cz\/#organization"},"image":{"@id":"https:\/\/evertonfc.cz\/index.php\/2012\/08\/31\/preview-west-bromwich-albion-everton-7\/#primaryimage"},"thumbnailUrl":"https:\/\/evertonfc.cz\/wp-content\/uploads\/2021\/03\/West-Bromwich-Albion-VS-Everton.jpg","articleSection":["Z\u00e1pasy"],"inLanguage":"cs","potentialAction":[{"@type":"CommentAction","name":"Comment","target":["https:\/\/evertonfc.cz\/index.php\/2012\/08\/31\/preview-west-bromwich-albion-everton-7\/#respond"]}]},{"@type":"WebPage","@id":"https:\/\/evertonfc.cz\/index.php\/2012\/08\/31\/preview-west-bromwich-albion-everton-7\/","url":"https:\/\/evertonfc.cz\/index.php\/2012\/08\/31\/preview-west-bromwich-albion-everton-7\/","name":"Preview: West Bromwich Albion - Everton - Official Czech &amp; Slovak Everton Supporters&#039; Club","isPartOf":{"@id":"https:\/\/evertonfc.cz\/#website"},"primaryImageOfPage":{"@id":"https:\/\/evertonfc.cz\/index.php\/2012\/08\/31\/preview-west-bromwich-albion-everton-7\/#primaryimage"},"image":{"@id":"https:\/\/evertonfc.cz\/index.php\/2012\/08\/31\/preview-west-bromwich-albion-everton-7\/#primaryimage"},"thumbnailUrl":"https:\/\/evertonfc.cz\/wp-content\/uploads\/2021\/03\/West-Bromwich-Albion-VS-Everton.jpg","datePublished":"2012-08-31T15:58:24+00:00","dateModified":"2021-03-04T12:39:18+00:00","breadcrumb":{"@id":"https:\/\/evertonfc.cz\/index.php\/2012\/08\/31\/preview-west-bromwich-albion-everton-7\/#breadcrumb"},"inLanguage":"cs","potentialAction":[{"@type":"ReadAction","target":["https:\/\/evertonfc.cz\/index.php\/2012\/08\/31\/preview-west-bromwich-albion-everton-7\/"]}]},{"@type":"ImageObject","inLanguage":"cs","@id":"https:\/\/evertonfc.cz\/index.php\/2012\/08\/31\/preview-west-bromwich-albion-everton-7\/#primaryimage","url":"https:\/\/evertonfc.cz\/wp-content\/uploads\/2021\/03\/West-Bromwich-Albion-VS-Everton.jpg","contentUrl":"https:\/\/evertonfc.cz\/wp-content\/uploads\/2021\/03\/West-Bromwich-Albion-VS-Everton.jpg","width":720,"height":405},{"@type":"BreadcrumbList","@id":"https:\/\/evertonfc.cz\/index.php\/2012\/08\/31\/preview-west-bromwich-albion-everton-7\/#breadcrumb","itemListElement":[{"@type":"ListItem","position":1,"name":"Home","item":"https:\/\/evertonfc.cz\/"},{"@type":"ListItem","position":2,"name":"Preview: West Bromwich Albion &#8211; Everton"}]},{"@type":"WebSite","@id":"https:\/\/evertonfc.cz\/#website","url":"https:\/\/evertonfc.cz\/","name":"Official Czech &amp; Slovak Everton Supporters&#039; Club","description":"","publisher":{"@id":"https:\/\/evertonfc.cz\/#organization"},"potentialAction":[{"@type":"SearchAction","target":{"@type":"EntryPoint","urlTemplate":"https:\/\/evertonfc.cz\/?s={search_term_string}"},"query-input":{"@type":"PropertyValueSpecification","valueRequired":true,"valueName":"search_term_string"}}],"inLanguage":"cs"},{"@type":"Organization","@id":"https:\/\/evertonfc.cz\/#organization","name":"Official Czech & Slovak Everton Supporters' Club","url":"https:\/\/evertonfc.cz\/","logo":{"@type":"ImageObject","inLanguage":"cs","@id":"https:\/\/evertonfc.cz\/#\/schema\/logo\/image\/","url":"https:\/\/evertonfc.cz\/wp-content\/uploads\/2019\/05\/logo.png","contentUrl":"https:\/\/evertonfc.cz\/wp-content\/uploads\/2019\/05\/logo.png","width":112,"height":112,"caption":"Official Czech & Slovak Everton Supporters' Club"},"image":{"@id":"https:\/\/evertonfc.cz\/#\/schema\/logo\/image\/"},"sameAs":["https:\/\/www.facebook.com\/everton.fans.cz.sk"]},{"@type":"Person","@id":"https:\/\/evertonfc.cz\/#\/schema\/person\/cd6328a75577de2add7793fd4b0930c3","name":"Me\u0148a","url":"https:\/\/evertonfc.cz\/index.php\/author\/mena\/"}]}},"_links":{"self":[{"href":"https:\/\/evertonfc.cz\/index.php\/wp-json\/wp\/v2\/posts\/6189"}],"collection":[{"href":"https:\/\/evertonfc.cz\/index.php\/wp-json\/wp\/v2\/posts"}],"about":[{"href":"https:\/\/evertonfc.cz\/index.php\/wp-json\/wp\/v2\/types\/post"}],"author":[{"embeddable":true,"href":"https:\/\/evertonfc.cz\/index.php\/wp-json\/wp\/v2\/users\/7"}],"replies":[{"embeddable":true,"href":"https:\/\/evertonfc.cz\/index.php\/wp-json\/wp\/v2\/comments?post=6189"}],"version-history":[{"count":4,"href":"https:\/\/evertonfc.cz\/index.php\/wp-json\/wp\/v2\/posts\/6189\/revisions"}],"predecessor-version":[{"id":14470,"href":"https:\/\/evertonfc.cz\/index.php\/wp-json\/wp\/v2\/posts\/6189\/revisions\/14470"}],"wp:featuredmedia":[{"embeddable":true,"href":"https:\/\/evertonfc.cz\/index.php\/wp-json\/wp\/v2\/media\/14438"}],"wp:attachment":[{"href":"https:\/\/evertonfc.cz\/index.php\/wp-json\/wp\/v2\/media?parent=6189"}],"wp:term":[{"taxonomy":"category","embeddable":true,"href":"https:\/\/evertonfc.cz\/index.php\/wp-json\/wp\/v2\/categories?post=6189"},{"taxonomy":"post_tag","embeddable":true,"href":"https:\/\/evertonfc.cz\/index.php\/wp-json\/wp\/v2\/tags?post=6189"}],"curies":[{"name":"wp","href":"https:\/\/api.w.org\/{rel}","templated":true}]}}