{"id":6196,"date":"2012-08-28T18:01:13","date_gmt":"2012-08-28T16:01:13","guid":{"rendered":"http:\/\/evertonfc.cz\/?p=6196"},"modified":"2019-02-17T20:27:17","modified_gmt":"2019-02-17T19:27:17","slug":"preview-everton-leyton-orient","status":"publish","type":"post","link":"https:\/\/evertonfc.cz\/index.php\/2012\/08\/28\/preview-everton-leyton-orient\/","title":{"rendered":"Preview: Everton &#8211; Leyton Orient"},"content":{"rendered":"<h4 id=\"NewsPostDetailSummary\">Everton pro\u017e\u00edv\u00e1 raketov\u00fd start do sezony a po dvou ligov\u00fdch v\u00fdhr\u00e1ch hodl\u00e1 v triumf\u00e1ln\u00edm tempu pokra\u010dovat i v Ligov\u00e9m poh\u00e1ru. V cest\u011b mu stoj\u00ed Leyton Orient.<\/h4>\n<div id=\"NewsPostDetailContent\">\n<p>Pokud se lo\u0148sk\u00e1 sezona dala n\u011b\u010d\u00edm charakterizovat, tak nejp\u0159esn\u011bji mo\u017en\u00e1 t\u00edm, jak odli\u0161n\u00e9 ob\u011b poloviny ro\u010dn\u00edku byly. V t\u00e9 druh\u00e9 Toffees klasicky za\u0159adili vy\u0161\u0161\u00ed kvalt, vy\u0161plhali se tabulkou nahoru a skv\u011blou formu si p\u0159enesli tak\u00e9 do FA Cupu, kde v semifi\u00e1le prohr\u00e1li liverpoolsk\u00e9 derby. Prvn\u00ed d\u011bjstv\u00ed se povedlo v\u00fdrazn\u011b h\u016f\u0159e a podle toho se v n\u011bm zrcadlila i poh\u00e1rov\u00e1 \u00fa\u010dast. V League Cupu Everton vydr\u017eel jen dva z\u00e1pasy.<\/p>\n<p>Ve druh\u00e9m kole si Blues je\u0161t\u011b vcelku pohodov\u011b poradili se Sheffieldem United, v dal\u0161\u00edm kole u\u017e na n\u011b v\u0161ak \u010dekala Chelsea, v posledn\u00edch letech velice \u010dast\u00fd poh\u00e1rov\u00fd soupe\u0159. Everton v prodlou\u017een\u00ed padl a pl\u00e1ny na zosnov\u00e1n\u00ed sv\u00e9ho prvn\u00edho titulu pro dr\u017eitele Ligov\u00e9ho poh\u00e1ru musel odlo\u017eit. Letos budou mod\u0159\u00ed do sout\u011b\u017ee, od leto\u0161n\u00ed sezony nesouc\u00ed n\u00e1zev Capital One Cup, znovu vstupovat z\u00e1pasem proti t\u0159etiligov\u00e9mu celku. Krom\u011b zm\u00edn\u011bn\u00e9ho Sheffieldu United se z League One p\u0159edloni utkali tak\u00e9 s Huddersfieldem, p\u0159i\u010dem\u017e v dal\u0161\u00edm kole ostudn\u011b vypadli s dal\u0161\u00edm t\u0159etiligistou &#8211; Brentfordem. Nepodce\u0148ovat tedy bude radou nad zlato.<\/p>\n<p><em>\u201eJe to pro n\u00e1s velmi d\u016fle\u017eit\u00e1 sout\u011b\u017e, t\u00fdm, kter\u00fd ve st\u0159edu nastoup\u00ed, to prok\u00e1\u017ee,&#8220; <\/em>\u0159\u00edk\u00e1 Steve Round. <em>&#8222;Bude to siln\u00fd t\u00fdm, tento poh\u00e1r je pro Everton p\u0159\u00edle\u017eitost\u00ed vyhr\u00e1t trofej a kvalifikovat se do Evropy, tak\u017ee jej bereme v\u00e1\u017en\u011b. V Ligov\u00e9m poh\u00e1ru se n\u00e1m neda\u0159\u00ed tolik, jak bychom si p\u0159edstavovali, ale v t\u00e9to sezon\u011b se to doufejme zm\u011bn\u00ed.\u201c<\/em><\/p>\n<p>P\u0159\u00edle\u017eitost, jak se uk\u00e1zat sv\u011btu a vyt\u00e1hnout se na mnohem siln\u011bj\u0161\u00edho soupe\u0159e registruje i protivn\u00edk z Lond\u00fdna. Obzvl\u00e1\u0161t\u011b speci\u00e1ln\u00ed pak z\u00e1pas bude pro brank\u00e1\u0159e Orient, Jamieho Jonese, kter\u00fd nastoup\u00ed proti t\u00fdmu, ve kter\u00e9m fotbalov\u011b vyrostl a kter\u00e9mu v neposledn\u00ed \u0159ad\u011b pat\u0159\u00ed jeho srdce.<\/p>\n<p><em>\u201eBude to emotivn\u00ed chv\u00edle, a\u017e se ocitnu na Goodison Parku proti t\u00fdmu, za kter\u00fd jsem tak dlouho hr\u00e1l. Nastoupit p\u0159ed tis\u00edcovkami tak skv\u011bl\u00fdch a v\u011brn\u00fdch fanou\u0161k\u016f bude neuv\u011b\u0159iteln\u00e1 zku\u0161enost. Samoz\u0159ejm\u011b ale nesm\u00edm dopustit, aby m\u011b to ovlivnilo. Budu se muset soust\u0159edit a p\u0159edv\u00e9st za Orient co nejlep\u0161\u00ed v\u00fdkon.\u201c<\/em><\/p>\n<p>Everton a Leyton Orient spolu sehr\u00e1li celkem osm z\u00e1pas\u016f. Toffees vyhr\u00e1li \u010dty\u0159ikr\u00e1t a zb\u00fdvaj\u00edc\u00ed kl\u00e1n\u00ed skon\u010dila dv\u011bma v\u00fdhrami Orientu a dv\u011bma rem\u00edzami. Poprv\u00e9 se spolu oba celky setkaly v lednu 1952 v r\u00e1mci t\u0159et\u00edho kola FA Cupu a Leyton Orient tehdy na Goodison Parku p\u0159ekvapil v\u00fdhrou 3-1.<\/p>\n<p>Od posledn\u00edho vz\u00e1jemn\u00e9ho m\u011b\u0159en\u00ed sil pak uplynulo jeden\u00e1ct let &#8211; ve \u010dtvrt\u00e9m kole FA Cupu Everton vyhr\u00e1l 4-1. V Ligov\u00e9m poh\u00e1ru na sebe ob\u011b mu\u017estva v minulosti narazila dvakr\u00e1t, a to na podzim 1989, kdy\u017e v prvn\u00edm z\u00e1pase druh\u00e9ho kola vyhr\u00e1li Blues 2-1 a odveta skon\u010dila nerozhodn\u011b 2-2.<\/p>\n<ul>\n<li><strong>Kdy:<\/strong> 29.8. 20:45 SE\u010c<\/li>\n<li><strong>Kde:<\/strong> Goodison Park<\/li>\n<li><strong>Rozhod\u010d\u00ed:<\/strong> Roger East<\/li>\n<\/ul>\n<\/div>\n","protected":false},"excerpt":{"rendered":"<p>Everton pro\u017e\u00edv\u00e1 raketov\u00fd start do sezony a po dvou ligov\u00fdch v\u00fdhr\u00e1ch hodl\u00e1 v triumf\u00e1ln\u00edm tempu pokra\u010dovat i v Ligov\u00e9m poh\u00e1ru.&hellip;<\/p>\n","protected":false},"author":7,"featured_media":1314,"comment_status":"open","ping_status":"closed","sticky":false,"template":"","format":"standard","meta":{"_eb_attr":"","_monsterinsights_skip_tracking":false,"_monsterinsights_sitenote_active":false,"_monsterinsights_sitenote_note":"","_monsterinsights_sitenote_category":0,"footnotes":""},"categories":[4],"tags":[],"yoast_head":"<!-- This site is optimized with the Yoast SEO plugin v23.4 - https:\/\/yoast.com\/wordpress\/plugins\/seo\/ -->\n<title>Preview: Everton - Leyton Orient - Official Czech &amp; Slovak Everton Supporters&#039; Club<\/title>\n<meta name=\"robots\" content=\"index, follow, max-snippet:-1, max-image-preview:large, max-video-preview:-1\" \/>\n<link rel=\"canonical\" href=\"https:\/\/evertonfc.cz\/index.php\/2012\/08\/28\/preview-everton-leyton-orient\/\" \/>\n<meta property=\"og:locale\" content=\"cs_CZ\" \/>\n<meta property=\"og:type\" content=\"article\" \/>\n<meta property=\"og:title\" content=\"Preview: Everton - Leyton Orient - Official Czech &amp; Slovak Everton Supporters&#039; Club\" \/>\n<meta property=\"og:description\" content=\"Everton pro\u017e\u00edv\u00e1 raketov\u00fd start do sezony a po dvou ligov\u00fdch v\u00fdhr\u00e1ch hodl\u00e1 v triumf\u00e1ln\u00edm tempu pokra\u010dovat i v Ligov\u00e9m poh\u00e1ru.&hellip;\" \/>\n<meta property=\"og:url\" content=\"https:\/\/evertonfc.cz\/index.php\/2012\/08\/28\/preview-everton-leyton-orient\/\" \/>\n<meta property=\"og:site_name\" content=\"Official Czech &amp; Slovak Everton Supporters&#039; Club\" \/>\n<meta property=\"article:publisher\" content=\"https:\/\/www.facebook.com\/everton.fans.cz.sk\" \/>\n<meta property=\"article:published_time\" content=\"2012-08-28T16:01:13+00:00\" \/>\n<meta property=\"article:modified_time\" content=\"2019-02-17T19:27:17+00:00\" \/>\n<meta property=\"og:image\" content=\"https:\/\/evertonfc.cz\/wp-content\/uploads\/2019\/01\/preview.jpg\" \/>\n\t<meta property=\"og:image:width\" content=\"720\" \/>\n\t<meta property=\"og:image:height\" content=\"405\" \/>\n\t<meta property=\"og:image:type\" content=\"image\/jpeg\" \/>\n<meta name=\"author\" content=\"Me\u0148a\" \/>\n<meta name=\"twitter:card\" content=\"summary_large_image\" \/>\n<meta name=\"twitter:label1\" content=\"Napsal(a)\" \/>\n\t<meta name=\"twitter:data1\" content=\"Me\u0148a\" \/>\n\t<meta name=\"twitter:label2\" content=\"Odhadovan\u00e1 doba \u010dten\u00ed\" \/>\n\t<meta name=\"twitter:data2\" content=\"3 minuty\" \/>\n<script type=\"application\/ld+json\" class=\"yoast-schema-graph\">{\"@context\":\"https:\/\/schema.org\",\"@graph\":[{\"@type\":\"Article\",\"@id\":\"https:\/\/evertonfc.cz\/index.php\/2012\/08\/28\/preview-everton-leyton-orient\/#article\",\"isPartOf\":{\"@id\":\"https:\/\/evertonfc.cz\/index.php\/2012\/08\/28\/preview-everton-leyton-orient\/\"},\"author\":{\"name\":\"Me\u0148a\",\"@id\":\"https:\/\/evertonfc.cz\/#\/schema\/person\/cd6328a75577de2add7793fd4b0930c3\"},\"headline\":\"Preview: Everton &#8211; Leyton Orient\",\"datePublished\":\"2012-08-28T16:01:13+00:00\",\"dateModified\":\"2019-02-17T19:27:17+00:00\",\"mainEntityOfPage\":{\"@id\":\"https:\/\/evertonfc.cz\/index.php\/2012\/08\/28\/preview-everton-leyton-orient\/\"},\"wordCount\":592,\"commentCount\":0,\"publisher\":{\"@id\":\"https:\/\/evertonfc.cz\/#organization\"},\"image\":{\"@id\":\"https:\/\/evertonfc.cz\/index.php\/2012\/08\/28\/preview-everton-leyton-orient\/#primaryimage\"},\"thumbnailUrl\":\"https:\/\/evertonfc.cz\/wp-content\/uploads\/2019\/01\/preview.jpg\",\"articleSection\":[\"Z\u00e1pasy\"],\"inLanguage\":\"cs\",\"potentialAction\":[{\"@type\":\"CommentAction\",\"name\":\"Comment\",\"target\":[\"https:\/\/evertonfc.cz\/index.php\/2012\/08\/28\/preview-everton-leyton-orient\/#respond\"]}]},{\"@type\":\"WebPage\",\"@id\":\"https:\/\/evertonfc.cz\/index.php\/2012\/08\/28\/preview-everton-leyton-orient\/\",\"url\":\"https:\/\/evertonfc.cz\/index.php\/2012\/08\/28\/preview-everton-leyton-orient\/\",\"name\":\"Preview: Everton - Leyton Orient - Official Czech &amp; Slovak Everton Supporters&#039; Club\",\"isPartOf\":{\"@id\":\"https:\/\/evertonfc.cz\/#website\"},\"primaryImageOfPage\":{\"@id\":\"https:\/\/evertonfc.cz\/index.php\/2012\/08\/28\/preview-everton-leyton-orient\/#primaryimage\"},\"image\":{\"@id\":\"https:\/\/evertonfc.cz\/index.php\/2012\/08\/28\/preview-everton-leyton-orient\/#primaryimage\"},\"thumbnailUrl\":\"https:\/\/evertonfc.cz\/wp-content\/uploads\/2019\/01\/preview.jpg\",\"datePublished\":\"2012-08-28T16:01:13+00:00\",\"dateModified\":\"2019-02-17T19:27:17+00:00\",\"breadcrumb\":{\"@id\":\"https:\/\/evertonfc.cz\/index.php\/2012\/08\/28\/preview-everton-leyton-orient\/#breadcrumb\"},\"inLanguage\":\"cs\",\"potentialAction\":[{\"@type\":\"ReadAction\",\"target\":[\"https:\/\/evertonfc.cz\/index.php\/2012\/08\/28\/preview-everton-leyton-orient\/\"]}]},{\"@type\":\"ImageObject\",\"inLanguage\":\"cs\",\"@id\":\"https:\/\/evertonfc.cz\/index.php\/2012\/08\/28\/preview-everton-leyton-orient\/#primaryimage\",\"url\":\"https:\/\/evertonfc.cz\/wp-content\/uploads\/2019\/01\/preview.jpg\",\"contentUrl\":\"https:\/\/evertonfc.cz\/wp-content\/uploads\/2019\/01\/preview.jpg\",\"width\":720,\"height\":405},{\"@type\":\"BreadcrumbList\",\"@id\":\"https:\/\/evertonfc.cz\/index.php\/2012\/08\/28\/preview-everton-leyton-orient\/#breadcrumb\",\"itemListElement\":[{\"@type\":\"ListItem\",\"position\":1,\"name\":\"Home\",\"item\":\"https:\/\/evertonfc.cz\/\"},{\"@type\":\"ListItem\",\"position\":2,\"name\":\"Preview: Everton &#8211; Leyton Orient\"}]},{\"@type\":\"WebSite\",\"@id\":\"https:\/\/evertonfc.cz\/#website\",\"url\":\"https:\/\/evertonfc.cz\/\",\"name\":\"Official Czech &amp; Slovak Everton Supporters&#039; Club\",\"description\":\"\",\"publisher\":{\"@id\":\"https:\/\/evertonfc.cz\/#organization\"},\"potentialAction\":[{\"@type\":\"SearchAction\",\"target\":{\"@type\":\"EntryPoint\",\"urlTemplate\":\"https:\/\/evertonfc.cz\/?s={search_term_string}\"},\"query-input\":{\"@type\":\"PropertyValueSpecification\",\"valueRequired\":true,\"valueName\":\"search_term_string\"}}],\"inLanguage\":\"cs\"},{\"@type\":\"Organization\",\"@id\":\"https:\/\/evertonfc.cz\/#organization\",\"name\":\"Official Czech & Slovak Everton Supporters' Club\",\"url\":\"https:\/\/evertonfc.cz\/\",\"logo\":{\"@type\":\"ImageObject\",\"inLanguage\":\"cs\",\"@id\":\"https:\/\/evertonfc.cz\/#\/schema\/logo\/image\/\",\"url\":\"https:\/\/evertonfc.cz\/wp-content\/uploads\/2019\/05\/logo.png\",\"contentUrl\":\"https:\/\/evertonfc.cz\/wp-content\/uploads\/2019\/05\/logo.png\",\"width\":112,\"height\":112,\"caption\":\"Official Czech & Slovak Everton Supporters' Club\"},\"image\":{\"@id\":\"https:\/\/evertonfc.cz\/#\/schema\/logo\/image\/\"},\"sameAs\":[\"https:\/\/www.facebook.com\/everton.fans.cz.sk\"]},{\"@type\":\"Person\",\"@id\":\"https:\/\/evertonfc.cz\/#\/schema\/person\/cd6328a75577de2add7793fd4b0930c3\",\"name\":\"Me\u0148a\",\"url\":\"https:\/\/evertonfc.cz\/index.php\/author\/mena\/\"}]}<\/script>\n<!-- \/ Yoast SEO plugin. -->","yoast_head_json":{"title":"Preview: Everton - Leyton Orient - Official Czech &amp; Slovak Everton Supporters&#039; Club","robots":{"index":"index","follow":"follow","max-snippet":"max-snippet:-1","max-image-preview":"max-image-preview:large","max-video-preview":"max-video-preview:-1"},"canonical":"https:\/\/evertonfc.cz\/index.php\/2012\/08\/28\/preview-everton-leyton-orient\/","og_locale":"cs_CZ","og_type":"article","og_title":"Preview: Everton - Leyton Orient - Official Czech &amp; Slovak Everton Supporters&#039; Club","og_description":"Everton pro\u017e\u00edv\u00e1 raketov\u00fd start do sezony a po dvou ligov\u00fdch v\u00fdhr\u00e1ch hodl\u00e1 v triumf\u00e1ln\u00edm tempu pokra\u010dovat i v Ligov\u00e9m poh\u00e1ru.&hellip;","og_url":"https:\/\/evertonfc.cz\/index.php\/2012\/08\/28\/preview-everton-leyton-orient\/","og_site_name":"Official Czech &amp; Slovak Everton Supporters&#039; Club","article_publisher":"https:\/\/www.facebook.com\/everton.fans.cz.sk","article_published_time":"2012-08-28T16:01:13+00:00","article_modified_time":"2019-02-17T19:27:17+00:00","og_image":[{"width":720,"height":405,"url":"https:\/\/evertonfc.cz\/wp-content\/uploads\/2019\/01\/preview.jpg","type":"image\/jpeg"}],"author":"Me\u0148a","twitter_card":"summary_large_image","twitter_misc":{"Napsal(a)":"Me\u0148a","Odhadovan\u00e1 doba \u010dten\u00ed":"3 minuty"},"schema":{"@context":"https:\/\/schema.org","@graph":[{"@type":"Article","@id":"https:\/\/evertonfc.cz\/index.php\/2012\/08\/28\/preview-everton-leyton-orient\/#article","isPartOf":{"@id":"https:\/\/evertonfc.cz\/index.php\/2012\/08\/28\/preview-everton-leyton-orient\/"},"author":{"name":"Me\u0148a","@id":"https:\/\/evertonfc.cz\/#\/schema\/person\/cd6328a75577de2add7793fd4b0930c3"},"headline":"Preview: Everton &#8211; Leyton Orient","datePublished":"2012-08-28T16:01:13+00:00","dateModified":"2019-02-17T19:27:17+00:00","mainEntityOfPage":{"@id":"https:\/\/evertonfc.cz\/index.php\/2012\/08\/28\/preview-everton-leyton-orient\/"},"wordCount":592,"commentCount":0,"publisher":{"@id":"https:\/\/evertonfc.cz\/#organization"},"image":{"@id":"https:\/\/evertonfc.cz\/index.php\/2012\/08\/28\/preview-everton-leyton-orient\/#primaryimage"},"thumbnailUrl":"https:\/\/evertonfc.cz\/wp-content\/uploads\/2019\/01\/preview.jpg","articleSection":["Z\u00e1pasy"],"inLanguage":"cs","potentialAction":[{"@type":"CommentAction","name":"Comment","target":["https:\/\/evertonfc.cz\/index.php\/2012\/08\/28\/preview-everton-leyton-orient\/#respond"]}]},{"@type":"WebPage","@id":"https:\/\/evertonfc.cz\/index.php\/2012\/08\/28\/preview-everton-leyton-orient\/","url":"https:\/\/evertonfc.cz\/index.php\/2012\/08\/28\/preview-everton-leyton-orient\/","name":"Preview: Everton - Leyton Orient - Official Czech &amp; Slovak Everton Supporters&#039; Club","isPartOf":{"@id":"https:\/\/evertonfc.cz\/#website"},"primaryImageOfPage":{"@id":"https:\/\/evertonfc.cz\/index.php\/2012\/08\/28\/preview-everton-leyton-orient\/#primaryimage"},"image":{"@id":"https:\/\/evertonfc.cz\/index.php\/2012\/08\/28\/preview-everton-leyton-orient\/#primaryimage"},"thumbnailUrl":"https:\/\/evertonfc.cz\/wp-content\/uploads\/2019\/01\/preview.jpg","datePublished":"2012-08-28T16:01:13+00:00","dateModified":"2019-02-17T19:27:17+00:00","breadcrumb":{"@id":"https:\/\/evertonfc.cz\/index.php\/2012\/08\/28\/preview-everton-leyton-orient\/#breadcrumb"},"inLanguage":"cs","potentialAction":[{"@type":"ReadAction","target":["https:\/\/evertonfc.cz\/index.php\/2012\/08\/28\/preview-everton-leyton-orient\/"]}]},{"@type":"ImageObject","inLanguage":"cs","@id":"https:\/\/evertonfc.cz\/index.php\/2012\/08\/28\/preview-everton-leyton-orient\/#primaryimage","url":"https:\/\/evertonfc.cz\/wp-content\/uploads\/2019\/01\/preview.jpg","contentUrl":"https:\/\/evertonfc.cz\/wp-content\/uploads\/2019\/01\/preview.jpg","width":720,"height":405},{"@type":"BreadcrumbList","@id":"https:\/\/evertonfc.cz\/index.php\/2012\/08\/28\/preview-everton-leyton-orient\/#breadcrumb","itemListElement":[{"@type":"ListItem","position":1,"name":"Home","item":"https:\/\/evertonfc.cz\/"},{"@type":"ListItem","position":2,"name":"Preview: Everton &#8211; Leyton Orient"}]},{"@type":"WebSite","@id":"https:\/\/evertonfc.cz\/#website","url":"https:\/\/evertonfc.cz\/","name":"Official Czech &amp; Slovak Everton Supporters&#039; Club","description":"","publisher":{"@id":"https:\/\/evertonfc.cz\/#organization"},"potentialAction":[{"@type":"SearchAction","target":{"@type":"EntryPoint","urlTemplate":"https:\/\/evertonfc.cz\/?s={search_term_string}"},"query-input":{"@type":"PropertyValueSpecification","valueRequired":true,"valueName":"search_term_string"}}],"inLanguage":"cs"},{"@type":"Organization","@id":"https:\/\/evertonfc.cz\/#organization","name":"Official Czech & Slovak Everton Supporters' Club","url":"https:\/\/evertonfc.cz\/","logo":{"@type":"ImageObject","inLanguage":"cs","@id":"https:\/\/evertonfc.cz\/#\/schema\/logo\/image\/","url":"https:\/\/evertonfc.cz\/wp-content\/uploads\/2019\/05\/logo.png","contentUrl":"https:\/\/evertonfc.cz\/wp-content\/uploads\/2019\/05\/logo.png","width":112,"height":112,"caption":"Official Czech & Slovak Everton Supporters' Club"},"image":{"@id":"https:\/\/evertonfc.cz\/#\/schema\/logo\/image\/"},"sameAs":["https:\/\/www.facebook.com\/everton.fans.cz.sk"]},{"@type":"Person","@id":"https:\/\/evertonfc.cz\/#\/schema\/person\/cd6328a75577de2add7793fd4b0930c3","name":"Me\u0148a","url":"https:\/\/evertonfc.cz\/index.php\/author\/mena\/"}]}},"_links":{"self":[{"href":"https:\/\/evertonfc.cz\/index.php\/wp-json\/wp\/v2\/posts\/6196"}],"collection":[{"href":"https:\/\/evertonfc.cz\/index.php\/wp-json\/wp\/v2\/posts"}],"about":[{"href":"https:\/\/evertonfc.cz\/index.php\/wp-json\/wp\/v2\/types\/post"}],"author":[{"embeddable":true,"href":"https:\/\/evertonfc.cz\/index.php\/wp-json\/wp\/v2\/users\/7"}],"replies":[{"embeddable":true,"href":"https:\/\/evertonfc.cz\/index.php\/wp-json\/wp\/v2\/comments?post=6196"}],"version-history":[{"count":3,"href":"https:\/\/evertonfc.cz\/index.php\/wp-json\/wp\/v2\/posts\/6196\/revisions"}],"predecessor-version":[{"id":6400,"href":"https:\/\/evertonfc.cz\/index.php\/wp-json\/wp\/v2\/posts\/6196\/revisions\/6400"}],"wp:featuredmedia":[{"embeddable":true,"href":"https:\/\/evertonfc.cz\/index.php\/wp-json\/wp\/v2\/media\/1314"}],"wp:attachment":[{"href":"https:\/\/evertonfc.cz\/index.php\/wp-json\/wp\/v2\/media?parent=6196"}],"wp:term":[{"taxonomy":"category","embeddable":true,"href":"https:\/\/evertonfc.cz\/index.php\/wp-json\/wp\/v2\/categories?post=6196"},{"taxonomy":"post_tag","embeddable":true,"href":"https:\/\/evertonfc.cz\/index.php\/wp-json\/wp\/v2\/tags?post=6196"}],"curies":[{"name":"wp","href":"https:\/\/api.w.org\/{rel}","templated":true}]}}