{"id":6199,"date":"2012-08-25T18:02:02","date_gmt":"2012-08-25T16:02:02","guid":{"rendered":"http:\/\/evertonfc.cz\/?p=6199"},"modified":"2019-02-17T20:27:43","modified_gmt":"2019-02-17T19:27:43","slug":"aston-villa-everton-13-2","status":"publish","type":"post","link":"https:\/\/evertonfc.cz\/index.php\/2012\/08\/25\/aston-villa-everton-13-2\/","title":{"rendered":"Aston Villa &#8211; Everton 1:3"},"content":{"rendered":"<h4 id=\"NewsPostDetailSummary\">Everton prolomil nep\u0159\u00edznivou s\u00e9rii proti Aston Ville, kdy\u017e ji p\u0159ed vlastn\u00edm obecenstvem porazil 3:1. Druh\u00fd t\u0159\u00edbodov\u00fd zisk za sebou tak pochopiteln\u011b p\u0159in\u00e1\u0161\u00ed do dal\u0161\u00edch t\u00fddn\u016f optimismus.<\/h4>\n<div id=\"NewsPostDetailContent\">\n<p>David Moyes provedl oproti utk\u00e1n\u00ed proti Manchesteru United jedinou a vynucenou zm\u011bnu, zran\u011bn\u00e9ho Tony Hibberta nahradil Steven Naismith, kter\u00fd se postavil do z\u00e1lo\u017en\u00edho \u0159ady, z n\u00ed\u017e se naopak st\u00e1hl na pozici prav\u00e9ho obr\u00e1nce Phil Neville.<\/p>\n<p>Everton za\u010dal v\u00fdborn\u011b, ve 3. minut\u011b se po kombina\u010dn\u00ed akci dostal m\u00ed\u010d k Pienaarovi, jen\u017e technickou st\u0159elou zpoza v\u00e1pna otev\u0159el sk\u00f3re &#8211; <strong>0:1<\/strong>. Po vst\u0159elen\u00e9 brance host\u00e9 nepolevili, ba naopak pokra\u010dovali ve sv\u00e9 aktivit\u011b. Nikica Jelavi\u0107 v\u0161ak branky nedos\u00e1hl.<\/p>\n<p>V 31. minut\u011b z prav\u00e9 strany dob\u0159e odcentroval Jagielka, ve v\u00e1pn\u011b se uvolnil Fellaini a p\u0159esnou hlavi\u010dkou zdvojn\u00e1sobil veden\u00ed &#8211; <strong>0:2<\/strong>. Aston Villa se nedok\u00e1zala v prvn\u00ed p\u016fli dostat do hry, pouze Bannan ohrozil Howarda, s \u010d\u00edm\u017e si Ameri\u010dan ov\u0161em poradil.<\/p>\n<p>P\u0159ed p\u0159est\u00e1vkou se prezentoval p\u011bknou akc\u00ed Baines s Fellainim, sv\u00e9 \u00fasil\u00ed korunoval prvn\u011b jmenovan\u00fd p\u0159ihr\u00e1vkou na Jelavi\u0107e a \u00fato\u010dn\u00edk Blues z prvn\u00edho doteku poslal rozvlnil s\u00ed\u0165 &#8211; <strong>0:3<\/strong>.<\/p>\n<p>Ve druh\u00e9m polo\u010dase Everton trochu polevil, p\u0159esto se v 58. minut\u011b o v\u00fdsledku z\u00e1pasu de facto rozhodlo. Jelavi\u0107 po p\u0159esn\u00e9 p\u0159ihr\u00e1vce mohl postupovat s\u00e1m na branka\u0159e, ale Clark zat\u00e1hl za ru\u010dn\u00ed brzdu a Jelavi\u0107e fauloval. N\u00e1sledovala \u010derven\u00e1 karta.<\/p>\n<p>V 71. minut\u011b se na h\u0159i\u0161t\u011b dostal Kevin Mirallas, nov\u00e1 posila, a brzy se m\u00e1lem radoval z g\u00f3lu, jen\u017ee Distinov\u011b hlavi\u010dce n\u011bco chyb\u011blo. \u010ctvrtou branku nep\u0159idal po halfvoleji ani Steven Pienaar.<\/p>\n<p>V 75. minut\u011b se do\u010dkali tak\u00e9 dom\u00e1c\u00ed,\u00a0El Ahmadi nap\u0159\u00e1hl z velik\u00e9 d\u00e1lky a p\u0159ekvapil Howarda &#8211; <strong>1:3<\/strong>. Duel cht\u011bl je\u0161t\u011b zdramatizovat\u00a0Weinmann, na\u0161t\u011bst\u00ed ve velk\u00e9 \u0161anci trefil jen b\u0159evno.<\/p>\n<p><strong>Branky:<\/strong> 75. Karim El Ahmadi &#8211; 3. Steven Pienaar, 31. Marouane Fellaini, 44. Nikica Jelavi\u0107<br \/>\n<strong>\u017dK:<\/strong> 81. Karim El Ahmadi<br \/>\n<strong>\u010cK:<\/strong> 58. Ciaran Clark<br \/>\n<strong>Aston Villa:<\/strong> Shay Given, Ciaran Clark, Ron Vlaar, Nathan Baker, Matthew Lowton, Chris Herd (59. Eric Lichaj), Karim El Ahmadi, Barry Bannan (70. Andreas Weimann), Charles N&#8217;Zogbia, Darren Bent, Nathan Delfouneso (46. Brett Holman)<br \/>\n<strong>Everton FC:<\/strong> Tim Howard, Sylvain Distin, Phil Jagielka, Leighton Baines, Phil Neville, Darron Gibson (71. Kevin Mirallas), Leon Osman, Steven Pienaar, Steven Naismith (64. Seamus Coleman), Nikica Jelavi\u0107 (87. John Heitinga), Marouane Fellaini<br \/>\n<strong>Rozhod\u010d\u00ed:<\/strong> Michael Oliver<br \/>\n<strong>Div\u00e1ci:<\/strong> 36 565<\/p>\n<\/div>\n","protected":false},"excerpt":{"rendered":"<p>Everton prolomil nep\u0159\u00edznivou s\u00e9rii proti Aston Ville, kdy\u017e ji p\u0159ed vlastn\u00edm obecenstvem porazil 3:1. Druh\u00fd t\u0159\u00edbodov\u00fd zisk za sebou tak&hellip;<\/p>\n","protected":false},"author":6,"featured_media":1315,"comment_status":"open","ping_status":"closed","sticky":false,"template":"","format":"standard","meta":{"_eb_attr":"","_monsterinsights_skip_tracking":false,"_monsterinsights_sitenote_active":false,"_monsterinsights_sitenote_note":"","_monsterinsights_sitenote_category":0,"footnotes":""},"categories":[4],"tags":[],"yoast_head":"<!-- This site is optimized with the Yoast SEO plugin v23.4 - https:\/\/yoast.com\/wordpress\/plugins\/seo\/ -->\n<title>Aston Villa - Everton 1:3 - Official Czech &amp; Slovak Everton Supporters&#039; Club<\/title>\n<meta name=\"robots\" content=\"index, follow, max-snippet:-1, max-image-preview:large, max-video-preview:-1\" \/>\n<link rel=\"canonical\" href=\"https:\/\/evertonfc.cz\/index.php\/2012\/08\/25\/aston-villa-everton-13-2\/\" \/>\n<meta property=\"og:locale\" content=\"cs_CZ\" \/>\n<meta property=\"og:type\" content=\"article\" \/>\n<meta property=\"og:title\" content=\"Aston Villa - Everton 1:3 - Official Czech &amp; Slovak Everton Supporters&#039; Club\" \/>\n<meta property=\"og:description\" content=\"Everton prolomil nep\u0159\u00edznivou s\u00e9rii proti Aston Ville, kdy\u017e ji p\u0159ed vlastn\u00edm obecenstvem porazil 3:1. Druh\u00fd t\u0159\u00edbodov\u00fd zisk za sebou tak&hellip;\" \/>\n<meta property=\"og:url\" content=\"https:\/\/evertonfc.cz\/index.php\/2012\/08\/25\/aston-villa-everton-13-2\/\" \/>\n<meta property=\"og:site_name\" content=\"Official Czech &amp; Slovak Everton Supporters&#039; Club\" \/>\n<meta property=\"article:publisher\" content=\"https:\/\/www.facebook.com\/everton.fans.cz.sk\" \/>\n<meta property=\"article:published_time\" content=\"2012-08-25T16:02:02+00:00\" \/>\n<meta property=\"article:modified_time\" content=\"2019-02-17T19:27:43+00:00\" \/>\n<meta property=\"og:image\" content=\"https:\/\/evertonfc.cz\/wp-content\/uploads\/2019\/01\/report.jpg\" \/>\n\t<meta property=\"og:image:width\" content=\"720\" \/>\n\t<meta property=\"og:image:height\" content=\"405\" \/>\n\t<meta property=\"og:image:type\" content=\"image\/jpeg\" \/>\n<meta name=\"author\" content=\"Ri\u010di\" \/>\n<meta name=\"twitter:card\" content=\"summary_large_image\" \/>\n<meta name=\"twitter:creator\" content=\"@rbrejsa\" \/>\n<meta name=\"twitter:label1\" content=\"Napsal(a)\" \/>\n\t<meta name=\"twitter:data1\" content=\"Ri\u010di\" \/>\n\t<meta name=\"twitter:label2\" content=\"Odhadovan\u00e1 doba \u010dten\u00ed\" \/>\n\t<meta name=\"twitter:data2\" content=\"2 minuty\" \/>\n<script type=\"application\/ld+json\" class=\"yoast-schema-graph\">{\"@context\":\"https:\/\/schema.org\",\"@graph\":[{\"@type\":\"Article\",\"@id\":\"https:\/\/evertonfc.cz\/index.php\/2012\/08\/25\/aston-villa-everton-13-2\/#article\",\"isPartOf\":{\"@id\":\"https:\/\/evertonfc.cz\/index.php\/2012\/08\/25\/aston-villa-everton-13-2\/\"},\"author\":{\"name\":\"Ri\u010di\",\"@id\":\"https:\/\/evertonfc.cz\/#\/schema\/person\/f7a5daedb2ffee98480bc70e191aaef1\"},\"headline\":\"Aston Villa &#8211; Everton 1:3\",\"datePublished\":\"2012-08-25T16:02:02+00:00\",\"dateModified\":\"2019-02-17T19:27:43+00:00\",\"mainEntityOfPage\":{\"@id\":\"https:\/\/evertonfc.cz\/index.php\/2012\/08\/25\/aston-villa-everton-13-2\/\"},\"wordCount\":427,\"commentCount\":0,\"publisher\":{\"@id\":\"https:\/\/evertonfc.cz\/#organization\"},\"image\":{\"@id\":\"https:\/\/evertonfc.cz\/index.php\/2012\/08\/25\/aston-villa-everton-13-2\/#primaryimage\"},\"thumbnailUrl\":\"https:\/\/evertonfc.cz\/wp-content\/uploads\/2019\/01\/report.jpg\",\"articleSection\":[\"Z\u00e1pasy\"],\"inLanguage\":\"cs\",\"potentialAction\":[{\"@type\":\"CommentAction\",\"name\":\"Comment\",\"target\":[\"https:\/\/evertonfc.cz\/index.php\/2012\/08\/25\/aston-villa-everton-13-2\/#respond\"]}]},{\"@type\":\"WebPage\",\"@id\":\"https:\/\/evertonfc.cz\/index.php\/2012\/08\/25\/aston-villa-everton-13-2\/\",\"url\":\"https:\/\/evertonfc.cz\/index.php\/2012\/08\/25\/aston-villa-everton-13-2\/\",\"name\":\"Aston Villa - Everton 1:3 - Official Czech &amp; Slovak Everton Supporters&#039; Club\",\"isPartOf\":{\"@id\":\"https:\/\/evertonfc.cz\/#website\"},\"primaryImageOfPage\":{\"@id\":\"https:\/\/evertonfc.cz\/index.php\/2012\/08\/25\/aston-villa-everton-13-2\/#primaryimage\"},\"image\":{\"@id\":\"https:\/\/evertonfc.cz\/index.php\/2012\/08\/25\/aston-villa-everton-13-2\/#primaryimage\"},\"thumbnailUrl\":\"https:\/\/evertonfc.cz\/wp-content\/uploads\/2019\/01\/report.jpg\",\"datePublished\":\"2012-08-25T16:02:02+00:00\",\"dateModified\":\"2019-02-17T19:27:43+00:00\",\"breadcrumb\":{\"@id\":\"https:\/\/evertonfc.cz\/index.php\/2012\/08\/25\/aston-villa-everton-13-2\/#breadcrumb\"},\"inLanguage\":\"cs\",\"potentialAction\":[{\"@type\":\"ReadAction\",\"target\":[\"https:\/\/evertonfc.cz\/index.php\/2012\/08\/25\/aston-villa-everton-13-2\/\"]}]},{\"@type\":\"ImageObject\",\"inLanguage\":\"cs\",\"@id\":\"https:\/\/evertonfc.cz\/index.php\/2012\/08\/25\/aston-villa-everton-13-2\/#primaryimage\",\"url\":\"https:\/\/evertonfc.cz\/wp-content\/uploads\/2019\/01\/report.jpg\",\"contentUrl\":\"https:\/\/evertonfc.cz\/wp-content\/uploads\/2019\/01\/report.jpg\",\"width\":720,\"height\":405},{\"@type\":\"BreadcrumbList\",\"@id\":\"https:\/\/evertonfc.cz\/index.php\/2012\/08\/25\/aston-villa-everton-13-2\/#breadcrumb\",\"itemListElement\":[{\"@type\":\"ListItem\",\"position\":1,\"name\":\"Home\",\"item\":\"https:\/\/evertonfc.cz\/\"},{\"@type\":\"ListItem\",\"position\":2,\"name\":\"Aston Villa &#8211; Everton 1:3\"}]},{\"@type\":\"WebSite\",\"@id\":\"https:\/\/evertonfc.cz\/#website\",\"url\":\"https:\/\/evertonfc.cz\/\",\"name\":\"Official Czech &amp; Slovak Everton Supporters&#039; Club\",\"description\":\"\",\"publisher\":{\"@id\":\"https:\/\/evertonfc.cz\/#organization\"},\"potentialAction\":[{\"@type\":\"SearchAction\",\"target\":{\"@type\":\"EntryPoint\",\"urlTemplate\":\"https:\/\/evertonfc.cz\/?s={search_term_string}\"},\"query-input\":{\"@type\":\"PropertyValueSpecification\",\"valueRequired\":true,\"valueName\":\"search_term_string\"}}],\"inLanguage\":\"cs\"},{\"@type\":\"Organization\",\"@id\":\"https:\/\/evertonfc.cz\/#organization\",\"name\":\"Official Czech & Slovak Everton Supporters' Club\",\"url\":\"https:\/\/evertonfc.cz\/\",\"logo\":{\"@type\":\"ImageObject\",\"inLanguage\":\"cs\",\"@id\":\"https:\/\/evertonfc.cz\/#\/schema\/logo\/image\/\",\"url\":\"https:\/\/evertonfc.cz\/wp-content\/uploads\/2019\/05\/logo.png\",\"contentUrl\":\"https:\/\/evertonfc.cz\/wp-content\/uploads\/2019\/05\/logo.png\",\"width\":112,\"height\":112,\"caption\":\"Official Czech & Slovak Everton Supporters' Club\"},\"image\":{\"@id\":\"https:\/\/evertonfc.cz\/#\/schema\/logo\/image\/\"},\"sameAs\":[\"https:\/\/www.facebook.com\/everton.fans.cz.sk\"]},{\"@type\":\"Person\",\"@id\":\"https:\/\/evertonfc.cz\/#\/schema\/person\/f7a5daedb2ffee98480bc70e191aaef1\",\"name\":\"Ri\u010di\",\"sameAs\":[\"https:\/\/x.com\/rbrejsa\"],\"url\":\"https:\/\/evertonfc.cz\/index.php\/author\/rici\/\"}]}<\/script>\n<!-- \/ Yoast SEO plugin. -->","yoast_head_json":{"title":"Aston Villa - Everton 1:3 - Official Czech &amp; Slovak Everton Supporters&#039; Club","robots":{"index":"index","follow":"follow","max-snippet":"max-snippet:-1","max-image-preview":"max-image-preview:large","max-video-preview":"max-video-preview:-1"},"canonical":"https:\/\/evertonfc.cz\/index.php\/2012\/08\/25\/aston-villa-everton-13-2\/","og_locale":"cs_CZ","og_type":"article","og_title":"Aston Villa - Everton 1:3 - Official Czech &amp; Slovak Everton Supporters&#039; Club","og_description":"Everton prolomil nep\u0159\u00edznivou s\u00e9rii proti Aston Ville, kdy\u017e ji p\u0159ed vlastn\u00edm obecenstvem porazil 3:1. Druh\u00fd t\u0159\u00edbodov\u00fd zisk za sebou tak&hellip;","og_url":"https:\/\/evertonfc.cz\/index.php\/2012\/08\/25\/aston-villa-everton-13-2\/","og_site_name":"Official Czech &amp; Slovak Everton Supporters&#039; Club","article_publisher":"https:\/\/www.facebook.com\/everton.fans.cz.sk","article_published_time":"2012-08-25T16:02:02+00:00","article_modified_time":"2019-02-17T19:27:43+00:00","og_image":[{"width":720,"height":405,"url":"https:\/\/evertonfc.cz\/wp-content\/uploads\/2019\/01\/report.jpg","type":"image\/jpeg"}],"author":"Ri\u010di","twitter_card":"summary_large_image","twitter_creator":"@rbrejsa","twitter_misc":{"Napsal(a)":"Ri\u010di","Odhadovan\u00e1 doba \u010dten\u00ed":"2 minuty"},"schema":{"@context":"https:\/\/schema.org","@graph":[{"@type":"Article","@id":"https:\/\/evertonfc.cz\/index.php\/2012\/08\/25\/aston-villa-everton-13-2\/#article","isPartOf":{"@id":"https:\/\/evertonfc.cz\/index.php\/2012\/08\/25\/aston-villa-everton-13-2\/"},"author":{"name":"Ri\u010di","@id":"https:\/\/evertonfc.cz\/#\/schema\/person\/f7a5daedb2ffee98480bc70e191aaef1"},"headline":"Aston Villa &#8211; Everton 1:3","datePublished":"2012-08-25T16:02:02+00:00","dateModified":"2019-02-17T19:27:43+00:00","mainEntityOfPage":{"@id":"https:\/\/evertonfc.cz\/index.php\/2012\/08\/25\/aston-villa-everton-13-2\/"},"wordCount":427,"commentCount":0,"publisher":{"@id":"https:\/\/evertonfc.cz\/#organization"},"image":{"@id":"https:\/\/evertonfc.cz\/index.php\/2012\/08\/25\/aston-villa-everton-13-2\/#primaryimage"},"thumbnailUrl":"https:\/\/evertonfc.cz\/wp-content\/uploads\/2019\/01\/report.jpg","articleSection":["Z\u00e1pasy"],"inLanguage":"cs","potentialAction":[{"@type":"CommentAction","name":"Comment","target":["https:\/\/evertonfc.cz\/index.php\/2012\/08\/25\/aston-villa-everton-13-2\/#respond"]}]},{"@type":"WebPage","@id":"https:\/\/evertonfc.cz\/index.php\/2012\/08\/25\/aston-villa-everton-13-2\/","url":"https:\/\/evertonfc.cz\/index.php\/2012\/08\/25\/aston-villa-everton-13-2\/","name":"Aston Villa - Everton 1:3 - Official Czech &amp; Slovak Everton Supporters&#039; Club","isPartOf":{"@id":"https:\/\/evertonfc.cz\/#website"},"primaryImageOfPage":{"@id":"https:\/\/evertonfc.cz\/index.php\/2012\/08\/25\/aston-villa-everton-13-2\/#primaryimage"},"image":{"@id":"https:\/\/evertonfc.cz\/index.php\/2012\/08\/25\/aston-villa-everton-13-2\/#primaryimage"},"thumbnailUrl":"https:\/\/evertonfc.cz\/wp-content\/uploads\/2019\/01\/report.jpg","datePublished":"2012-08-25T16:02:02+00:00","dateModified":"2019-02-17T19:27:43+00:00","breadcrumb":{"@id":"https:\/\/evertonfc.cz\/index.php\/2012\/08\/25\/aston-villa-everton-13-2\/#breadcrumb"},"inLanguage":"cs","potentialAction":[{"@type":"ReadAction","target":["https:\/\/evertonfc.cz\/index.php\/2012\/08\/25\/aston-villa-everton-13-2\/"]}]},{"@type":"ImageObject","inLanguage":"cs","@id":"https:\/\/evertonfc.cz\/index.php\/2012\/08\/25\/aston-villa-everton-13-2\/#primaryimage","url":"https:\/\/evertonfc.cz\/wp-content\/uploads\/2019\/01\/report.jpg","contentUrl":"https:\/\/evertonfc.cz\/wp-content\/uploads\/2019\/01\/report.jpg","width":720,"height":405},{"@type":"BreadcrumbList","@id":"https:\/\/evertonfc.cz\/index.php\/2012\/08\/25\/aston-villa-everton-13-2\/#breadcrumb","itemListElement":[{"@type":"ListItem","position":1,"name":"Home","item":"https:\/\/evertonfc.cz\/"},{"@type":"ListItem","position":2,"name":"Aston Villa &#8211; Everton 1:3"}]},{"@type":"WebSite","@id":"https:\/\/evertonfc.cz\/#website","url":"https:\/\/evertonfc.cz\/","name":"Official Czech &amp; Slovak Everton Supporters&#039; Club","description":"","publisher":{"@id":"https:\/\/evertonfc.cz\/#organization"},"potentialAction":[{"@type":"SearchAction","target":{"@type":"EntryPoint","urlTemplate":"https:\/\/evertonfc.cz\/?s={search_term_string}"},"query-input":{"@type":"PropertyValueSpecification","valueRequired":true,"valueName":"search_term_string"}}],"inLanguage":"cs"},{"@type":"Organization","@id":"https:\/\/evertonfc.cz\/#organization","name":"Official Czech & Slovak Everton Supporters' Club","url":"https:\/\/evertonfc.cz\/","logo":{"@type":"ImageObject","inLanguage":"cs","@id":"https:\/\/evertonfc.cz\/#\/schema\/logo\/image\/","url":"https:\/\/evertonfc.cz\/wp-content\/uploads\/2019\/05\/logo.png","contentUrl":"https:\/\/evertonfc.cz\/wp-content\/uploads\/2019\/05\/logo.png","width":112,"height":112,"caption":"Official Czech & Slovak Everton Supporters' Club"},"image":{"@id":"https:\/\/evertonfc.cz\/#\/schema\/logo\/image\/"},"sameAs":["https:\/\/www.facebook.com\/everton.fans.cz.sk"]},{"@type":"Person","@id":"https:\/\/evertonfc.cz\/#\/schema\/person\/f7a5daedb2ffee98480bc70e191aaef1","name":"Ri\u010di","sameAs":["https:\/\/x.com\/rbrejsa"],"url":"https:\/\/evertonfc.cz\/index.php\/author\/rici\/"}]}},"_links":{"self":[{"href":"https:\/\/evertonfc.cz\/index.php\/wp-json\/wp\/v2\/posts\/6199"}],"collection":[{"href":"https:\/\/evertonfc.cz\/index.php\/wp-json\/wp\/v2\/posts"}],"about":[{"href":"https:\/\/evertonfc.cz\/index.php\/wp-json\/wp\/v2\/types\/post"}],"author":[{"embeddable":true,"href":"https:\/\/evertonfc.cz\/index.php\/wp-json\/wp\/v2\/users\/6"}],"replies":[{"embeddable":true,"href":"https:\/\/evertonfc.cz\/index.php\/wp-json\/wp\/v2\/comments?post=6199"}],"version-history":[{"count":3,"href":"https:\/\/evertonfc.cz\/index.php\/wp-json\/wp\/v2\/posts\/6199\/revisions"}],"predecessor-version":[{"id":6402,"href":"https:\/\/evertonfc.cz\/index.php\/wp-json\/wp\/v2\/posts\/6199\/revisions\/6402"}],"wp:featuredmedia":[{"embeddable":true,"href":"https:\/\/evertonfc.cz\/index.php\/wp-json\/wp\/v2\/media\/1315"}],"wp:attachment":[{"href":"https:\/\/evertonfc.cz\/index.php\/wp-json\/wp\/v2\/media?parent=6199"}],"wp:term":[{"taxonomy":"category","embeddable":true,"href":"https:\/\/evertonfc.cz\/index.php\/wp-json\/wp\/v2\/categories?post=6199"},{"taxonomy":"post_tag","embeddable":true,"href":"https:\/\/evertonfc.cz\/index.php\/wp-json\/wp\/v2\/tags?post=6199"}],"curies":[{"name":"wp","href":"https:\/\/api.w.org\/{rel}","templated":true}]}}