{"id":6223,"date":"2012-08-12T18:07:26","date_gmt":"2012-08-12T16:07:26","guid":{"rendered":"http:\/\/evertonfc.cz\/?p=6223"},"modified":"2019-02-17T20:32:37","modified_gmt":"2019-02-17T19:32:37","slug":"rodwell-prestoupil-mancity","status":"publish","type":"post","link":"https:\/\/evertonfc.cz\/index.php\/2012\/08\/12\/rodwell-prestoupil-mancity\/","title":{"rendered":"Rodwell p\u0159estoupil ManCity"},"content":{"rendered":"<h4 id=\"NewsPostDetailSummary\">Po odchodu Tima Cahilla dok\u00e1zal Everton v letn\u00edm p\u0159estupov\u00e9m obdob\u00ed p\u0159ekvapit sv\u00e9 fanou\u0161ky je\u0161t\u011b jednou. Manchester City z\u010distajasna z\u00edskal Jacka Rodwella.<\/h4>\n<div id=\"NewsPostDetailContent\">\n<p>\u010c\u00e1stka za transakci st\u0159edn\u00edho z\u00e1lo\u017en\u00edka nebyla ani jednou stranou ofici\u00e1ln\u011b zve\u0159ejn\u011bna, jej\u00ed hodnota ale podle britsk\u00fdch m\u00e9di\u00ed za\u010d\u00edn\u00e1 na \u014112 milionech, p\u0159i\u010dem\u017e m\u016f\u017ee vy\u0161plhat a\u017e na \u014117 milion\u016f. Rodwell podepsal s posledn\u00edm dr\u017eitelem titulu Premier League p\u011btilet\u00fd kontrakt.<\/p>\n<p>21 let star\u00fd odchovanec Toffees, kter\u00fd v prvn\u00edm t\u00fdmu debutoval v 16 letech, necht\u011bl \u0161anci hr\u00e1t za ned\u00e1vno zrozen\u00fd velkoklub zahodit:<em> \u201eS p\u0159edsedou klubu, panem Kenwrightem, jsem m\u011bl speci\u00e1ln\u00ed vztah. On m\u011b necht\u011bl prodat, jen\u017ee j\u00e1 musel p\u0159\u00edle\u017eitost p\u0159estoupit do Manchesteru City vyu\u017e\u00edt.<\/em><\/p>\n<p><em>Cht\u011bl bych pod\u011bkovat v\u0161em v Evertonu, David Moyes se ke mn\u011b choval skv\u011ble a ve fotbale m\u011b dostal na mou sou\u010dasnou \u00farove\u0148. Z\u00e1rove\u0148 vzd\u00e1v\u00e1m \u010dest tren\u00e9r\u016fm a hr\u00e1\u010d\u016fm, s nimi\u017e jsem pracoval od m\u00fdch sedmi let, co jsem nastoupil do akademie. Samoz\u0159ejm\u011b nesm\u00edm zapomenout na fanou\u0161ky, po celou dobu v Evertonu se prezentovali perfektn\u011b. U\u017eil jsem si ka\u017edou minutu hr\u00e1n\u00ed za Everton a p\u0159eji mu v\u0161e nejlep\u0161\u00ed v nov\u00e9 a dal\u0161\u00edch sez\u00f3n\u00e1ch.<\/em><\/p>\n<p><em>Pokud jde o Manchester City, c\u00edt\u00edm \u010dest podepisovat smlouvu s ligov\u00fdm mistrem. Budu si vychutn\u00e1vat \u0161anci nastupovat po boku n\u011bkolika nejlep\u0161\u00edch hr\u00e1\u010d\u016f na sv\u011bt\u011b, snad m\u011b i oni posunou v kari\u00e9\u0159e kup\u0159edu.<\/em><\/p>\n<p><em>T\u011b\u0161\u00edm se na spolupr\u00e1ci s panem Mancinim, jeho tren\u00e9rsk\u00fdm t\u00fdmem a na p\u0159\u00edznivce City na Etihad Stadium. U\u017e se nemohu do\u010dkat, a\u017e pro\u017eiji p\u0159ed zraky fanou\u0161k\u016f klubu debut na stadionu. <\/em><\/p>\n<p><em>Za\u010d\u00edn\u00e1 mi tvrd\u00e1 pr\u00e1ce. A douf\u00e1m, \u017ee pomohu Manchesteru City ke sb\u00edr\u00e1n\u00ed v\u00edt\u011bzn\u00fdch trofej\u00ed.\u201c<\/em><\/p>\n<p>Roberto Mancini pr\u00fd tou\u017eil Rodwella z\u00edskat hned od doby, co se stal mana\u017eer Manchesteru City.<\/p>\n<\/div>\n","protected":false},"excerpt":{"rendered":"<p>Po odchodu Tima Cahilla dok\u00e1zal Everton v letn\u00edm p\u0159estupov\u00e9m obdob\u00ed p\u0159ekvapit sv\u00e9 fanou\u0161ky je\u0161t\u011b jednou. Manchester City z\u010distajasna z\u00edskal Jacka&hellip;<\/p>\n","protected":false},"author":6,"featured_media":1316,"comment_status":"open","ping_status":"closed","sticky":false,"template":"","format":"standard","meta":{"_eb_attr":"","_monsterinsights_skip_tracking":false,"_monsterinsights_sitenote_active":false,"_monsterinsights_sitenote_note":"","_monsterinsights_sitenote_category":0,"footnotes":""},"categories":[41],"tags":[],"yoast_head":"<!-- This site is optimized with the Yoast SEO plugin v23.4 - https:\/\/yoast.com\/wordpress\/plugins\/seo\/ -->\n<title>Rodwell p\u0159estoupil ManCity - Official Czech &amp; Slovak Everton Supporters&#039; Club<\/title>\n<meta name=\"robots\" content=\"index, follow, max-snippet:-1, max-image-preview:large, max-video-preview:-1\" \/>\n<link rel=\"canonical\" href=\"https:\/\/evertonfc.cz\/index.php\/2012\/08\/12\/rodwell-prestoupil-mancity\/\" \/>\n<meta property=\"og:locale\" content=\"cs_CZ\" \/>\n<meta property=\"og:type\" content=\"article\" \/>\n<meta property=\"og:title\" content=\"Rodwell p\u0159estoupil ManCity - Official Czech &amp; Slovak Everton Supporters&#039; Club\" \/>\n<meta property=\"og:description\" content=\"Po odchodu Tima Cahilla dok\u00e1zal Everton v letn\u00edm p\u0159estupov\u00e9m obdob\u00ed p\u0159ekvapit sv\u00e9 fanou\u0161ky je\u0161t\u011b jednou. Manchester City z\u010distajasna z\u00edskal Jacka&hellip;\" \/>\n<meta property=\"og:url\" content=\"https:\/\/evertonfc.cz\/index.php\/2012\/08\/12\/rodwell-prestoupil-mancity\/\" \/>\n<meta property=\"og:site_name\" content=\"Official Czech &amp; Slovak Everton Supporters&#039; Club\" \/>\n<meta property=\"article:publisher\" content=\"https:\/\/www.facebook.com\/everton.fans.cz.sk\" \/>\n<meta property=\"article:published_time\" content=\"2012-08-12T16:07:26+00:00\" \/>\n<meta property=\"article:modified_time\" content=\"2019-02-17T19:32:37+00:00\" \/>\n<meta property=\"og:image\" content=\"https:\/\/evertonfc.cz\/wp-content\/uploads\/2019\/01\/transfer.jpg\" \/>\n\t<meta property=\"og:image:width\" content=\"720\" \/>\n\t<meta property=\"og:image:height\" content=\"405\" \/>\n\t<meta property=\"og:image:type\" content=\"image\/jpeg\" \/>\n<meta name=\"author\" content=\"Ri\u010di\" \/>\n<meta name=\"twitter:card\" content=\"summary_large_image\" \/>\n<meta name=\"twitter:creator\" content=\"@rbrejsa\" \/>\n<meta name=\"twitter:label1\" content=\"Napsal(a)\" \/>\n\t<meta name=\"twitter:data1\" content=\"Ri\u010di\" \/>\n\t<meta name=\"twitter:label2\" content=\"Odhadovan\u00e1 doba \u010dten\u00ed\" \/>\n\t<meta name=\"twitter:data2\" content=\"2 minuty\" \/>\n<script type=\"application\/ld+json\" class=\"yoast-schema-graph\">{\"@context\":\"https:\/\/schema.org\",\"@graph\":[{\"@type\":\"Article\",\"@id\":\"https:\/\/evertonfc.cz\/index.php\/2012\/08\/12\/rodwell-prestoupil-mancity\/#article\",\"isPartOf\":{\"@id\":\"https:\/\/evertonfc.cz\/index.php\/2012\/08\/12\/rodwell-prestoupil-mancity\/\"},\"author\":{\"name\":\"Ri\u010di\",\"@id\":\"https:\/\/evertonfc.cz\/#\/schema\/person\/f7a5daedb2ffee98480bc70e191aaef1\"},\"headline\":\"Rodwell p\u0159estoupil ManCity\",\"datePublished\":\"2012-08-12T16:07:26+00:00\",\"dateModified\":\"2019-02-17T19:32:37+00:00\",\"mainEntityOfPage\":{\"@id\":\"https:\/\/evertonfc.cz\/index.php\/2012\/08\/12\/rodwell-prestoupil-mancity\/\"},\"wordCount\":359,\"commentCount\":0,\"publisher\":{\"@id\":\"https:\/\/evertonfc.cz\/#organization\"},\"image\":{\"@id\":\"https:\/\/evertonfc.cz\/index.php\/2012\/08\/12\/rodwell-prestoupil-mancity\/#primaryimage\"},\"thumbnailUrl\":\"https:\/\/evertonfc.cz\/wp-content\/uploads\/2019\/01\/transfer.jpg\",\"articleSection\":[\"P\u0159estupy\"],\"inLanguage\":\"cs\",\"potentialAction\":[{\"@type\":\"CommentAction\",\"name\":\"Comment\",\"target\":[\"https:\/\/evertonfc.cz\/index.php\/2012\/08\/12\/rodwell-prestoupil-mancity\/#respond\"]}]},{\"@type\":\"WebPage\",\"@id\":\"https:\/\/evertonfc.cz\/index.php\/2012\/08\/12\/rodwell-prestoupil-mancity\/\",\"url\":\"https:\/\/evertonfc.cz\/index.php\/2012\/08\/12\/rodwell-prestoupil-mancity\/\",\"name\":\"Rodwell p\u0159estoupil ManCity - Official Czech &amp; Slovak Everton Supporters&#039; Club\",\"isPartOf\":{\"@id\":\"https:\/\/evertonfc.cz\/#website\"},\"primaryImageOfPage\":{\"@id\":\"https:\/\/evertonfc.cz\/index.php\/2012\/08\/12\/rodwell-prestoupil-mancity\/#primaryimage\"},\"image\":{\"@id\":\"https:\/\/evertonfc.cz\/index.php\/2012\/08\/12\/rodwell-prestoupil-mancity\/#primaryimage\"},\"thumbnailUrl\":\"https:\/\/evertonfc.cz\/wp-content\/uploads\/2019\/01\/transfer.jpg\",\"datePublished\":\"2012-08-12T16:07:26+00:00\",\"dateModified\":\"2019-02-17T19:32:37+00:00\",\"breadcrumb\":{\"@id\":\"https:\/\/evertonfc.cz\/index.php\/2012\/08\/12\/rodwell-prestoupil-mancity\/#breadcrumb\"},\"inLanguage\":\"cs\",\"potentialAction\":[{\"@type\":\"ReadAction\",\"target\":[\"https:\/\/evertonfc.cz\/index.php\/2012\/08\/12\/rodwell-prestoupil-mancity\/\"]}]},{\"@type\":\"ImageObject\",\"inLanguage\":\"cs\",\"@id\":\"https:\/\/evertonfc.cz\/index.php\/2012\/08\/12\/rodwell-prestoupil-mancity\/#primaryimage\",\"url\":\"https:\/\/evertonfc.cz\/wp-content\/uploads\/2019\/01\/transfer.jpg\",\"contentUrl\":\"https:\/\/evertonfc.cz\/wp-content\/uploads\/2019\/01\/transfer.jpg\",\"width\":720,\"height\":405},{\"@type\":\"BreadcrumbList\",\"@id\":\"https:\/\/evertonfc.cz\/index.php\/2012\/08\/12\/rodwell-prestoupil-mancity\/#breadcrumb\",\"itemListElement\":[{\"@type\":\"ListItem\",\"position\":1,\"name\":\"Home\",\"item\":\"https:\/\/evertonfc.cz\/\"},{\"@type\":\"ListItem\",\"position\":2,\"name\":\"Rodwell p\u0159estoupil ManCity\"}]},{\"@type\":\"WebSite\",\"@id\":\"https:\/\/evertonfc.cz\/#website\",\"url\":\"https:\/\/evertonfc.cz\/\",\"name\":\"Official Czech &amp; Slovak Everton Supporters&#039; Club\",\"description\":\"\",\"publisher\":{\"@id\":\"https:\/\/evertonfc.cz\/#organization\"},\"potentialAction\":[{\"@type\":\"SearchAction\",\"target\":{\"@type\":\"EntryPoint\",\"urlTemplate\":\"https:\/\/evertonfc.cz\/?s={search_term_string}\"},\"query-input\":{\"@type\":\"PropertyValueSpecification\",\"valueRequired\":true,\"valueName\":\"search_term_string\"}}],\"inLanguage\":\"cs\"},{\"@type\":\"Organization\",\"@id\":\"https:\/\/evertonfc.cz\/#organization\",\"name\":\"Official Czech & Slovak Everton Supporters' Club\",\"url\":\"https:\/\/evertonfc.cz\/\",\"logo\":{\"@type\":\"ImageObject\",\"inLanguage\":\"cs\",\"@id\":\"https:\/\/evertonfc.cz\/#\/schema\/logo\/image\/\",\"url\":\"https:\/\/evertonfc.cz\/wp-content\/uploads\/2019\/05\/logo.png\",\"contentUrl\":\"https:\/\/evertonfc.cz\/wp-content\/uploads\/2019\/05\/logo.png\",\"width\":112,\"height\":112,\"caption\":\"Official Czech & Slovak Everton Supporters' Club\"},\"image\":{\"@id\":\"https:\/\/evertonfc.cz\/#\/schema\/logo\/image\/\"},\"sameAs\":[\"https:\/\/www.facebook.com\/everton.fans.cz.sk\"]},{\"@type\":\"Person\",\"@id\":\"https:\/\/evertonfc.cz\/#\/schema\/person\/f7a5daedb2ffee98480bc70e191aaef1\",\"name\":\"Ri\u010di\",\"sameAs\":[\"https:\/\/x.com\/rbrejsa\"],\"url\":\"https:\/\/evertonfc.cz\/index.php\/author\/rici\/\"}]}<\/script>\n<!-- \/ Yoast SEO plugin. -->","yoast_head_json":{"title":"Rodwell p\u0159estoupil ManCity - Official Czech &amp; Slovak Everton Supporters&#039; Club","robots":{"index":"index","follow":"follow","max-snippet":"max-snippet:-1","max-image-preview":"max-image-preview:large","max-video-preview":"max-video-preview:-1"},"canonical":"https:\/\/evertonfc.cz\/index.php\/2012\/08\/12\/rodwell-prestoupil-mancity\/","og_locale":"cs_CZ","og_type":"article","og_title":"Rodwell p\u0159estoupil ManCity - Official Czech &amp; Slovak Everton Supporters&#039; Club","og_description":"Po odchodu Tima Cahilla dok\u00e1zal Everton v letn\u00edm p\u0159estupov\u00e9m obdob\u00ed p\u0159ekvapit sv\u00e9 fanou\u0161ky je\u0161t\u011b jednou. Manchester City z\u010distajasna z\u00edskal Jacka&hellip;","og_url":"https:\/\/evertonfc.cz\/index.php\/2012\/08\/12\/rodwell-prestoupil-mancity\/","og_site_name":"Official Czech &amp; Slovak Everton Supporters&#039; Club","article_publisher":"https:\/\/www.facebook.com\/everton.fans.cz.sk","article_published_time":"2012-08-12T16:07:26+00:00","article_modified_time":"2019-02-17T19:32:37+00:00","og_image":[{"width":720,"height":405,"url":"https:\/\/evertonfc.cz\/wp-content\/uploads\/2019\/01\/transfer.jpg","type":"image\/jpeg"}],"author":"Ri\u010di","twitter_card":"summary_large_image","twitter_creator":"@rbrejsa","twitter_misc":{"Napsal(a)":"Ri\u010di","Odhadovan\u00e1 doba \u010dten\u00ed":"2 minuty"},"schema":{"@context":"https:\/\/schema.org","@graph":[{"@type":"Article","@id":"https:\/\/evertonfc.cz\/index.php\/2012\/08\/12\/rodwell-prestoupil-mancity\/#article","isPartOf":{"@id":"https:\/\/evertonfc.cz\/index.php\/2012\/08\/12\/rodwell-prestoupil-mancity\/"},"author":{"name":"Ri\u010di","@id":"https:\/\/evertonfc.cz\/#\/schema\/person\/f7a5daedb2ffee98480bc70e191aaef1"},"headline":"Rodwell p\u0159estoupil ManCity","datePublished":"2012-08-12T16:07:26+00:00","dateModified":"2019-02-17T19:32:37+00:00","mainEntityOfPage":{"@id":"https:\/\/evertonfc.cz\/index.php\/2012\/08\/12\/rodwell-prestoupil-mancity\/"},"wordCount":359,"commentCount":0,"publisher":{"@id":"https:\/\/evertonfc.cz\/#organization"},"image":{"@id":"https:\/\/evertonfc.cz\/index.php\/2012\/08\/12\/rodwell-prestoupil-mancity\/#primaryimage"},"thumbnailUrl":"https:\/\/evertonfc.cz\/wp-content\/uploads\/2019\/01\/transfer.jpg","articleSection":["P\u0159estupy"],"inLanguage":"cs","potentialAction":[{"@type":"CommentAction","name":"Comment","target":["https:\/\/evertonfc.cz\/index.php\/2012\/08\/12\/rodwell-prestoupil-mancity\/#respond"]}]},{"@type":"WebPage","@id":"https:\/\/evertonfc.cz\/index.php\/2012\/08\/12\/rodwell-prestoupil-mancity\/","url":"https:\/\/evertonfc.cz\/index.php\/2012\/08\/12\/rodwell-prestoupil-mancity\/","name":"Rodwell p\u0159estoupil ManCity - Official Czech &amp; Slovak Everton Supporters&#039; Club","isPartOf":{"@id":"https:\/\/evertonfc.cz\/#website"},"primaryImageOfPage":{"@id":"https:\/\/evertonfc.cz\/index.php\/2012\/08\/12\/rodwell-prestoupil-mancity\/#primaryimage"},"image":{"@id":"https:\/\/evertonfc.cz\/index.php\/2012\/08\/12\/rodwell-prestoupil-mancity\/#primaryimage"},"thumbnailUrl":"https:\/\/evertonfc.cz\/wp-content\/uploads\/2019\/01\/transfer.jpg","datePublished":"2012-08-12T16:07:26+00:00","dateModified":"2019-02-17T19:32:37+00:00","breadcrumb":{"@id":"https:\/\/evertonfc.cz\/index.php\/2012\/08\/12\/rodwell-prestoupil-mancity\/#breadcrumb"},"inLanguage":"cs","potentialAction":[{"@type":"ReadAction","target":["https:\/\/evertonfc.cz\/index.php\/2012\/08\/12\/rodwell-prestoupil-mancity\/"]}]},{"@type":"ImageObject","inLanguage":"cs","@id":"https:\/\/evertonfc.cz\/index.php\/2012\/08\/12\/rodwell-prestoupil-mancity\/#primaryimage","url":"https:\/\/evertonfc.cz\/wp-content\/uploads\/2019\/01\/transfer.jpg","contentUrl":"https:\/\/evertonfc.cz\/wp-content\/uploads\/2019\/01\/transfer.jpg","width":720,"height":405},{"@type":"BreadcrumbList","@id":"https:\/\/evertonfc.cz\/index.php\/2012\/08\/12\/rodwell-prestoupil-mancity\/#breadcrumb","itemListElement":[{"@type":"ListItem","position":1,"name":"Home","item":"https:\/\/evertonfc.cz\/"},{"@type":"ListItem","position":2,"name":"Rodwell p\u0159estoupil ManCity"}]},{"@type":"WebSite","@id":"https:\/\/evertonfc.cz\/#website","url":"https:\/\/evertonfc.cz\/","name":"Official Czech &amp; Slovak Everton Supporters&#039; Club","description":"","publisher":{"@id":"https:\/\/evertonfc.cz\/#organization"},"potentialAction":[{"@type":"SearchAction","target":{"@type":"EntryPoint","urlTemplate":"https:\/\/evertonfc.cz\/?s={search_term_string}"},"query-input":{"@type":"PropertyValueSpecification","valueRequired":true,"valueName":"search_term_string"}}],"inLanguage":"cs"},{"@type":"Organization","@id":"https:\/\/evertonfc.cz\/#organization","name":"Official Czech & Slovak Everton Supporters' Club","url":"https:\/\/evertonfc.cz\/","logo":{"@type":"ImageObject","inLanguage":"cs","@id":"https:\/\/evertonfc.cz\/#\/schema\/logo\/image\/","url":"https:\/\/evertonfc.cz\/wp-content\/uploads\/2019\/05\/logo.png","contentUrl":"https:\/\/evertonfc.cz\/wp-content\/uploads\/2019\/05\/logo.png","width":112,"height":112,"caption":"Official Czech & Slovak Everton Supporters' Club"},"image":{"@id":"https:\/\/evertonfc.cz\/#\/schema\/logo\/image\/"},"sameAs":["https:\/\/www.facebook.com\/everton.fans.cz.sk"]},{"@type":"Person","@id":"https:\/\/evertonfc.cz\/#\/schema\/person\/f7a5daedb2ffee98480bc70e191aaef1","name":"Ri\u010di","sameAs":["https:\/\/x.com\/rbrejsa"],"url":"https:\/\/evertonfc.cz\/index.php\/author\/rici\/"}]}},"_links":{"self":[{"href":"https:\/\/evertonfc.cz\/index.php\/wp-json\/wp\/v2\/posts\/6223"}],"collection":[{"href":"https:\/\/evertonfc.cz\/index.php\/wp-json\/wp\/v2\/posts"}],"about":[{"href":"https:\/\/evertonfc.cz\/index.php\/wp-json\/wp\/v2\/types\/post"}],"author":[{"embeddable":true,"href":"https:\/\/evertonfc.cz\/index.php\/wp-json\/wp\/v2\/users\/6"}],"replies":[{"embeddable":true,"href":"https:\/\/evertonfc.cz\/index.php\/wp-json\/wp\/v2\/comments?post=6223"}],"version-history":[{"count":3,"href":"https:\/\/evertonfc.cz\/index.php\/wp-json\/wp\/v2\/posts\/6223\/revisions"}],"predecessor-version":[{"id":6412,"href":"https:\/\/evertonfc.cz\/index.php\/wp-json\/wp\/v2\/posts\/6223\/revisions\/6412"}],"wp:featuredmedia":[{"embeddable":true,"href":"https:\/\/evertonfc.cz\/index.php\/wp-json\/wp\/v2\/media\/1316"}],"wp:attachment":[{"href":"https:\/\/evertonfc.cz\/index.php\/wp-json\/wp\/v2\/media?parent=6223"}],"wp:term":[{"taxonomy":"category","embeddable":true,"href":"https:\/\/evertonfc.cz\/index.php\/wp-json\/wp\/v2\/categories?post=6223"},{"taxonomy":"post_tag","embeddable":true,"href":"https:\/\/evertonfc.cz\/index.php\/wp-json\/wp\/v2\/tags?post=6223"}],"curies":[{"name":"wp","href":"https:\/\/api.w.org\/{rel}","templated":true}]}}