{"id":6250,"date":"2012-05-24T18:14:40","date_gmt":"2012-05-24T16:14:40","guid":{"rendered":"http:\/\/evertonfc.cz\/?p=6250"},"modified":"2019-02-17T21:08:18","modified_gmt":"2019-02-17T20:08:18","slug":"jelavic-sam-sebe-jsem-prekvapil","status":"publish","type":"post","link":"https:\/\/evertonfc.cz\/index.php\/2012\/05\/24\/jelavic-sam-sebe-jsem-prekvapil\/","title":{"rendered":"Jelavi\u0107: S\u00e1m sebe jsem p\u0159ekvapil"},"content":{"rendered":"<h4 id=\"NewsPostDetailSummary\">Nikica Jelavi\u0107 p\u0159ich\u00e1zel ze Skotska s vizitkou ostrost\u0159elce a b\u011bhem sv\u00e9ho prvn\u00edho p\u016flroku v n\u00e1ro\u010dn\u011bj\u0161\u00ed Premier League to jen potvrdil. A\u017e natolik, \u017ee je s\u00e1m p\u0159ekvapen.<\/h4>\n<div id=\"NewsPostDetailContent\">\n<p><strong>11 g\u00f3l\u016f a v\u00edt\u011bzstv\u00ed v posledn\u00edm z\u00e1pase sezony. Ur\u010dit\u011b hezk\u00fd zp\u016fsob, jak zakon\u010dit sezonu.<\/strong><\/p>\n<p>Samoz\u0159ejm\u011b, m\u00e1m radost. Jeden\u00e1ct g\u00f3l\u016f ve \u010dtrn\u00e1cti nebo patn\u00e1cti z\u00e1pasech je skv\u011bl\u00e9 \u010d\u00edslo, ale bez kluk\u016f jako Ossie, Steven, Tim nebo Felli bych nem\u011bl \u0161anci. M\u00e1me dobr\u00fd t\u00fdm.<\/p>\n<p><strong>Jak\u00e9 to je p\u0159ij\u00edt do nov\u00e9ho t\u00fdmu a hned d\u00e1vat tolik g\u00f3l\u016f?<\/strong><\/p>\n<p>U\u017e kdy\u017e jsem podepsal, tak jedin\u00e9, co jsem mohl ud\u011blat, bylo d\u00e1vat maximum a pokusit se o co nejv\u00edce z\u00e1sah\u016f. Mysl\u00edm, \u017ee posledn\u00ed t\u0159i m\u011bs\u00edce byly pro m\u011b i pro t\u00fdm skv\u011bl\u00e9, tak\u017ee m\u011b fanou\u0161ci i spoluhr\u00e1\u010di rychle p\u0159ijali. Jsem spokojen\u00fd.<\/p>\n<p><strong>Pro\u010d mysl\u00ed\u0161, \u017ee ses tak dob\u0159e a rychle prosadil?<\/strong><\/p>\n<p>Poka\u017ed\u00e9, kdy\u017e p\u0159ijdete do nov\u00e9ho klubu, \u010dek\u00e1 v\u00e1s nov\u00e1 liga, jin\u00e1 kultura, zkr\u00e1tka v\u0161echno je odli\u0161n\u00e9, ale v t\u011bchto situac\u00edch si v\u017edycky v\u011b\u0159\u00edm. Jak jsem \u0159ekl, hodn\u011b mi nav\u00edc pomohli spoluhr\u00e1\u010di a v\u0161ichni v klubu, zejm\u00e9na na za\u010d\u00e1tku, a za\u010d\u00e1tky mi hodn\u011b uleh\u010dili. P\u0159ijali m\u011b, jako kdybych tu byl u\u017e n\u011bkolik let.<\/p>\n<p><strong>P\u0159ekvapilo t\u011b, jak dob\u0159e se ti da\u0159ilo?<\/strong><\/p>\n<p>Trochu. Ne, up\u0159\u00edmn\u011b jsem p\u0159ekvapen\u00fd, za c\u00edl jsem si d\u00e1val p\u011bt nebo \u0161est g\u00f3l\u016f, i s t\u00edm bych byl spokojen\u00fd. Kdy\u017e p\u0159ijdete do Premier League, je to pro v\u00e1s obrovsk\u00fd\u00a0krok. Je to p\u0159esn\u011b takov\u00e9, jak\u00e9 jsem \u010dekal &#8211; t\u011b\u017ek\u00e9 a mus\u00edte bojovat v ka\u017ed\u00e9m z\u00e1pase na 100 procent,\u00a0tak\u017ee za jeden\u00e1ct g\u00f3l\u016f m\u00e1m samoz\u0159ejm\u011b velkou radost.<\/p>\n<p><strong>Je mezi t\u011bmi jeden\u00e1cti g\u00f3ly tv\u016fj\u00a0osobn\u00ed favorit?<\/strong><\/p>\n<p>V\u0161echny jsou moje obl\u00edben\u00e9, ka\u017ed\u00fd z nich p\u011bkn\u00fd, ale\u00a0\u017e\u00e1dn\u00e9ho zvl\u00e1\u0161tn\u00edho favorita nem\u00e1m.<\/p>\n<p><strong>Dva z nich se ti poda\u0159ilo vst\u0159elit proti Manchesteru United. Co pro tyhle trefy znamenaly?<\/strong><\/p>\n<p>Samoz\u0159ejm\u011b hodn\u011b, ale d\u016fle\u017eit\u011bj\u0161\u00ed pro m\u011b mo\u017en\u00e1 byl g\u00f3l proti Liverpoolu v semifin\u00e1le. Trefit se ve Wembley byl spln\u011bn\u00fd sen. Kdy\u017e jste mal\u00fd kluk ve sv\u00e9 rodn\u00e9 vesnici, m\u016f\u017eete o tom jen sn\u00edt a najednou o patn\u00e1ct let pozd\u011bji ve Wembley opravdu hrajete. Byl to skv\u011bl\u00fd z\u00e1\u017eitek, bohu\u017eel jsme prohr\u00e1li, ale snad to p\u0159\u00ed\u0161t\u00ed sezonu d\u00e1me do po\u0159\u00e1dku.<\/p>\n<p><strong>Zm\u00ednil jsi spoluhr\u00e1\u010de, kte\u0159\u00ed ti pomohli d\u00e1vat g\u00f3ly, ale jak se ti hraje s cel\u00fdm nov\u00fdm t\u00fdmem?<\/strong><\/p>\n<p>Everton u\u017e m\u011bl samoz\u0159ejm\u011b dobr\u00fd t\u00fdm dlouho p\u0159edt\u00edm, ne\u017e jsem p\u0159i\u0161el. Tak dob\u0159e jsem zapadl proto\u017ee jsem \u00fato\u010dn\u00edk a v\u0161ichni ode m\u011b o\u010dek\u00e1vaj\u00ed g\u00f3ly, ale bez hr\u00e1\u010d\u016f, person\u00e1lu a ka\u017ed\u00e9ho v klubu by to pro m\u011b bylo daleko t\u011b\u017e\u0161\u00ed. Akceptuj\u00ed m\u011b jako bych tu byl u\u017e n\u011bkolik let a ne p\u00e1r m\u011bs\u00edc\u016f.<\/p>\n<p><strong>Jak d\u016fle\u017eit\u00e9 je pro \u00fato\u010dn\u00edka m\u00edt na h\u0159i\u0161ti takovou podporu?<\/strong><\/p>\n<p>Jako \u00fato\u010dn\u00edk poka\u017ed\u00e9 pot\u0159ebujete dobr\u00e9 z\u00e1lo\u017en\u00edky, p\u0159esn\u00e9 centry a n\u011bkoho, na koho se m\u016f\u017eete spolehnout, to je d\u016fle\u017eit\u00e9. Ale velk\u00fdm faktorem je i n\u00e1\u0161 t\u00fdmov\u00fd duch, tvrd\u00e9 tr\u00e9ninky a precizn\u00ed mana\u017eer.<\/p>\n<p><strong>D\u00edky tv\u00fdm g\u00f3l\u016fm sis snadno u fanou\u0161k\u016f z\u00edskal p\u0159\u00edze\u0148. Jak se ti Evertonians l\u00edb\u00ed?<\/strong><\/p>\n<p>Znamen\u00e1 to pro m\u011b hodn\u011b, obzvl\u00e1\u0161\u0165 kdy\u017e jsem tu teprve t\u0159i a p\u016fl m\u011bs\u00edce. Ale v\u0161ichni fanou\u0161ci miluj\u00ed g\u00f3ly a jsem r\u00e1d, \u017ee m\u011b tak rychle p\u0159ijali.<\/p>\n<p><strong>Chorvatsk\u00e1 fotbalov\u00e1 legenda Davor \u0160uker \u0159\u00edk\u00e1, \u017ee v dal\u0161\u00ed sezon\u011b by ses mohl st\u00e1t dvacetig\u00f3lov\u00fdm \u00fato\u010dn\u00edkem, ale pokud bude\u0161 pokra\u010dovat ve stejn\u00e9m tempu, mohli bychom se klidn\u011b bavit o t\u0159iceti g\u00f3lech. Mysl\u00ed\u0161, \u017ee by ses na takovou \u00farove\u0148 dok\u00e1zal dostat?<\/strong><\/p>\n<p>Ve fotbale je v\u0161echno mo\u017en\u00e9, ale p\u0159ed sezonou o \u010d\u00edslech nikdy nep\u0159em\u00fd\u0161l\u00edm. P\u016fjdu z\u00e1pas po z\u00e1pase, budu se sna\u017eit d\u00e1vat g\u00f3ly z ka\u017ed\u00e9 \u0161ance. Ale posledn\u00edch p\u00e1r sezon se mi hodn\u011b da\u0159ilo, tak\u017ee samoz\u0159ejm\u011b douf\u00e1m, \u017ee se na tom nic m\u011bnit nebude.<\/p>\n<p><strong>\u010ceho podle tebe Everton m\u016f\u017ee v p\u0159\u00ed\u0161t\u00ed sezon\u011b dos\u00e1hnout?<\/strong><\/p>\n<p>Douf\u00e1m, \u017ee udr\u017e\u00edme t\u00fdm pohromad\u011b, p\u0159ivedeme n\u011bjak\u00e9 posily a up\u0159\u00edmn\u011b \u0159e\u010deno, s takov\u00fdm mu\u017estvem si zaslou\u017e\u00edme lep\u0161\u00ed um\u00edst\u011bn\u00ed. Pokud nikoho neztrat\u00edme a p\u0159ijde p\u00e1r kvalitn\u00edch hr\u00e1\u010d\u016f, m\u016f\u017eeme bojovat o Evropu.<\/p>\n<p><strong>Jak moc by pro tebe, jako\u017eto \u00fato\u010dn\u00edka znamenalo, kdyby Steven Pienaar p\u0159i\u0161el v l\u00e9te natrvalo?<\/strong><\/p>\n<p>Je s n\u00edm stra\u0161n\u011b jednoduch\u00e9 hr\u00e1t. Poka\u017ed\u00e9 m\u011b na h\u0159i\u0161ti najde, jedin\u00e9 co mus\u00edm ud\u011blat, je nab\u011bhnout si do pr\u00e1zdn\u00e9ho prostoru. Bylo by to skv\u011bl\u00e9.<\/p>\n<p><strong>V evropsk\u00fdch poh\u00e1rech sis ji\u017e zahr\u00e1l. Domn\u00edv\u00e1\u0161 se, \u017ee sou\u010dasn\u00fd Everton by byl na poh\u00e1ry dost dobr\u00fd?<\/strong><\/p>\n<p>Mysl\u00edm, \u017ee ano. Od m\u00e9ho p\u0159\u00edchodu jsme v lize prohr\u00e1li tu\u0161\u00edm jen dva z\u00e1pasy, co\u017e je vynikaj\u00edc\u00ed bilance. Nepochybuji, \u017ee tento t\u00fdm by mohl v Evrop\u011b usp\u011bt.<\/p>\n<\/div>\n","protected":false},"excerpt":{"rendered":"<p>Nikica Jelavi\u0107 p\u0159ich\u00e1zel ze Skotska s vizitkou ostrost\u0159elce a b\u011bhem sv\u00e9ho prvn\u00edho p\u016flroku v n\u00e1ro\u010dn\u011bj\u0161\u00ed Premier League to jen potvrdil.&hellip;<\/p>\n","protected":false},"author":7,"featured_media":1312,"comment_status":"open","ping_status":"closed","sticky":false,"template":"","format":"standard","meta":{"_eb_attr":"","_monsterinsights_skip_tracking":false,"_monsterinsights_sitenote_active":false,"_monsterinsights_sitenote_note":"","_monsterinsights_sitenote_category":0,"footnotes":""},"categories":[1],"tags":[],"yoast_head":"<!-- This site is optimized with the Yoast SEO plugin v23.4 - https:\/\/yoast.com\/wordpress\/plugins\/seo\/ -->\n<title>Jelavi\u0107: S\u00e1m sebe jsem p\u0159ekvapil - Official Czech &amp; Slovak Everton Supporters&#039; Club<\/title>\n<meta name=\"robots\" content=\"index, follow, max-snippet:-1, max-image-preview:large, max-video-preview:-1\" \/>\n<link rel=\"canonical\" href=\"https:\/\/evertonfc.cz\/index.php\/2012\/05\/24\/jelavic-sam-sebe-jsem-prekvapil\/\" \/>\n<meta property=\"og:locale\" content=\"cs_CZ\" \/>\n<meta property=\"og:type\" content=\"article\" \/>\n<meta property=\"og:title\" content=\"Jelavi\u0107: S\u00e1m sebe jsem p\u0159ekvapil - Official Czech &amp; Slovak Everton Supporters&#039; Club\" \/>\n<meta property=\"og:description\" content=\"Nikica Jelavi\u0107 p\u0159ich\u00e1zel ze Skotska s vizitkou ostrost\u0159elce a b\u011bhem sv\u00e9ho prvn\u00edho p\u016flroku v n\u00e1ro\u010dn\u011bj\u0161\u00ed Premier League to jen potvrdil.&hellip;\" \/>\n<meta property=\"og:url\" content=\"https:\/\/evertonfc.cz\/index.php\/2012\/05\/24\/jelavic-sam-sebe-jsem-prekvapil\/\" \/>\n<meta property=\"og:site_name\" content=\"Official Czech &amp; Slovak Everton Supporters&#039; Club\" \/>\n<meta property=\"article:publisher\" content=\"https:\/\/www.facebook.com\/everton.fans.cz.sk\" \/>\n<meta property=\"article:published_time\" content=\"2012-05-24T16:14:40+00:00\" \/>\n<meta property=\"article:modified_time\" content=\"2019-02-17T20:08:18+00:00\" \/>\n<meta property=\"og:image\" content=\"https:\/\/evertonfc.cz\/wp-content\/uploads\/2019\/01\/interview.jpg\" \/>\n\t<meta property=\"og:image:width\" content=\"720\" \/>\n\t<meta property=\"og:image:height\" content=\"405\" \/>\n\t<meta property=\"og:image:type\" content=\"image\/jpeg\" \/>\n<meta name=\"author\" content=\"Me\u0148a\" \/>\n<meta name=\"twitter:card\" content=\"summary_large_image\" \/>\n<meta name=\"twitter:label1\" content=\"Napsal(a)\" \/>\n\t<meta name=\"twitter:data1\" content=\"Me\u0148a\" \/>\n\t<meta name=\"twitter:label2\" content=\"Odhadovan\u00e1 doba \u010dten\u00ed\" \/>\n\t<meta name=\"twitter:data2\" content=\"5 minut\" \/>\n<script type=\"application\/ld+json\" class=\"yoast-schema-graph\">{\"@context\":\"https:\/\/schema.org\",\"@graph\":[{\"@type\":\"Article\",\"@id\":\"https:\/\/evertonfc.cz\/index.php\/2012\/05\/24\/jelavic-sam-sebe-jsem-prekvapil\/#article\",\"isPartOf\":{\"@id\":\"https:\/\/evertonfc.cz\/index.php\/2012\/05\/24\/jelavic-sam-sebe-jsem-prekvapil\/\"},\"author\":{\"name\":\"Me\u0148a\",\"@id\":\"https:\/\/evertonfc.cz\/#\/schema\/person\/cd6328a75577de2add7793fd4b0930c3\"},\"headline\":\"Jelavi\u0107: S\u00e1m sebe jsem p\u0159ekvapil\",\"datePublished\":\"2012-05-24T16:14:40+00:00\",\"dateModified\":\"2019-02-17T20:08:18+00:00\",\"mainEntityOfPage\":{\"@id\":\"https:\/\/evertonfc.cz\/index.php\/2012\/05\/24\/jelavic-sam-sebe-jsem-prekvapil\/\"},\"wordCount\":981,\"commentCount\":0,\"publisher\":{\"@id\":\"https:\/\/evertonfc.cz\/#organization\"},\"image\":{\"@id\":\"https:\/\/evertonfc.cz\/index.php\/2012\/05\/24\/jelavic-sam-sebe-jsem-prekvapil\/#primaryimage\"},\"thumbnailUrl\":\"https:\/\/evertonfc.cz\/wp-content\/uploads\/2019\/01\/interview.jpg\",\"articleSection\":[\"Rozhovory\"],\"inLanguage\":\"cs\",\"potentialAction\":[{\"@type\":\"CommentAction\",\"name\":\"Comment\",\"target\":[\"https:\/\/evertonfc.cz\/index.php\/2012\/05\/24\/jelavic-sam-sebe-jsem-prekvapil\/#respond\"]}]},{\"@type\":\"WebPage\",\"@id\":\"https:\/\/evertonfc.cz\/index.php\/2012\/05\/24\/jelavic-sam-sebe-jsem-prekvapil\/\",\"url\":\"https:\/\/evertonfc.cz\/index.php\/2012\/05\/24\/jelavic-sam-sebe-jsem-prekvapil\/\",\"name\":\"Jelavi\u0107: S\u00e1m sebe jsem p\u0159ekvapil - Official Czech &amp; Slovak Everton Supporters&#039; Club\",\"isPartOf\":{\"@id\":\"https:\/\/evertonfc.cz\/#website\"},\"primaryImageOfPage\":{\"@id\":\"https:\/\/evertonfc.cz\/index.php\/2012\/05\/24\/jelavic-sam-sebe-jsem-prekvapil\/#primaryimage\"},\"image\":{\"@id\":\"https:\/\/evertonfc.cz\/index.php\/2012\/05\/24\/jelavic-sam-sebe-jsem-prekvapil\/#primaryimage\"},\"thumbnailUrl\":\"https:\/\/evertonfc.cz\/wp-content\/uploads\/2019\/01\/interview.jpg\",\"datePublished\":\"2012-05-24T16:14:40+00:00\",\"dateModified\":\"2019-02-17T20:08:18+00:00\",\"breadcrumb\":{\"@id\":\"https:\/\/evertonfc.cz\/index.php\/2012\/05\/24\/jelavic-sam-sebe-jsem-prekvapil\/#breadcrumb\"},\"inLanguage\":\"cs\",\"potentialAction\":[{\"@type\":\"ReadAction\",\"target\":[\"https:\/\/evertonfc.cz\/index.php\/2012\/05\/24\/jelavic-sam-sebe-jsem-prekvapil\/\"]}]},{\"@type\":\"ImageObject\",\"inLanguage\":\"cs\",\"@id\":\"https:\/\/evertonfc.cz\/index.php\/2012\/05\/24\/jelavic-sam-sebe-jsem-prekvapil\/#primaryimage\",\"url\":\"https:\/\/evertonfc.cz\/wp-content\/uploads\/2019\/01\/interview.jpg\",\"contentUrl\":\"https:\/\/evertonfc.cz\/wp-content\/uploads\/2019\/01\/interview.jpg\",\"width\":720,\"height\":405},{\"@type\":\"BreadcrumbList\",\"@id\":\"https:\/\/evertonfc.cz\/index.php\/2012\/05\/24\/jelavic-sam-sebe-jsem-prekvapil\/#breadcrumb\",\"itemListElement\":[{\"@type\":\"ListItem\",\"position\":1,\"name\":\"Home\",\"item\":\"https:\/\/evertonfc.cz\/\"},{\"@type\":\"ListItem\",\"position\":2,\"name\":\"Jelavi\u0107: S\u00e1m sebe jsem p\u0159ekvapil\"}]},{\"@type\":\"WebSite\",\"@id\":\"https:\/\/evertonfc.cz\/#website\",\"url\":\"https:\/\/evertonfc.cz\/\",\"name\":\"Official Czech &amp; Slovak Everton Supporters&#039; Club\",\"description\":\"\",\"publisher\":{\"@id\":\"https:\/\/evertonfc.cz\/#organization\"},\"potentialAction\":[{\"@type\":\"SearchAction\",\"target\":{\"@type\":\"EntryPoint\",\"urlTemplate\":\"https:\/\/evertonfc.cz\/?s={search_term_string}\"},\"query-input\":{\"@type\":\"PropertyValueSpecification\",\"valueRequired\":true,\"valueName\":\"search_term_string\"}}],\"inLanguage\":\"cs\"},{\"@type\":\"Organization\",\"@id\":\"https:\/\/evertonfc.cz\/#organization\",\"name\":\"Official Czech & Slovak Everton Supporters' Club\",\"url\":\"https:\/\/evertonfc.cz\/\",\"logo\":{\"@type\":\"ImageObject\",\"inLanguage\":\"cs\",\"@id\":\"https:\/\/evertonfc.cz\/#\/schema\/logo\/image\/\",\"url\":\"https:\/\/evertonfc.cz\/wp-content\/uploads\/2019\/05\/logo.png\",\"contentUrl\":\"https:\/\/evertonfc.cz\/wp-content\/uploads\/2019\/05\/logo.png\",\"width\":112,\"height\":112,\"caption\":\"Official Czech & Slovak Everton Supporters' Club\"},\"image\":{\"@id\":\"https:\/\/evertonfc.cz\/#\/schema\/logo\/image\/\"},\"sameAs\":[\"https:\/\/www.facebook.com\/everton.fans.cz.sk\"]},{\"@type\":\"Person\",\"@id\":\"https:\/\/evertonfc.cz\/#\/schema\/person\/cd6328a75577de2add7793fd4b0930c3\",\"name\":\"Me\u0148a\",\"url\":\"https:\/\/evertonfc.cz\/index.php\/author\/mena\/\"}]}<\/script>\n<!-- \/ Yoast SEO plugin. -->","yoast_head_json":{"title":"Jelavi\u0107: S\u00e1m sebe jsem p\u0159ekvapil - Official Czech &amp; Slovak Everton Supporters&#039; Club","robots":{"index":"index","follow":"follow","max-snippet":"max-snippet:-1","max-image-preview":"max-image-preview:large","max-video-preview":"max-video-preview:-1"},"canonical":"https:\/\/evertonfc.cz\/index.php\/2012\/05\/24\/jelavic-sam-sebe-jsem-prekvapil\/","og_locale":"cs_CZ","og_type":"article","og_title":"Jelavi\u0107: S\u00e1m sebe jsem p\u0159ekvapil - Official Czech &amp; Slovak Everton Supporters&#039; Club","og_description":"Nikica Jelavi\u0107 p\u0159ich\u00e1zel ze Skotska s vizitkou ostrost\u0159elce a b\u011bhem sv\u00e9ho prvn\u00edho p\u016flroku v n\u00e1ro\u010dn\u011bj\u0161\u00ed Premier League to jen potvrdil.&hellip;","og_url":"https:\/\/evertonfc.cz\/index.php\/2012\/05\/24\/jelavic-sam-sebe-jsem-prekvapil\/","og_site_name":"Official Czech &amp; Slovak Everton Supporters&#039; Club","article_publisher":"https:\/\/www.facebook.com\/everton.fans.cz.sk","article_published_time":"2012-05-24T16:14:40+00:00","article_modified_time":"2019-02-17T20:08:18+00:00","og_image":[{"width":720,"height":405,"url":"https:\/\/evertonfc.cz\/wp-content\/uploads\/2019\/01\/interview.jpg","type":"image\/jpeg"}],"author":"Me\u0148a","twitter_card":"summary_large_image","twitter_misc":{"Napsal(a)":"Me\u0148a","Odhadovan\u00e1 doba \u010dten\u00ed":"5 minut"},"schema":{"@context":"https:\/\/schema.org","@graph":[{"@type":"Article","@id":"https:\/\/evertonfc.cz\/index.php\/2012\/05\/24\/jelavic-sam-sebe-jsem-prekvapil\/#article","isPartOf":{"@id":"https:\/\/evertonfc.cz\/index.php\/2012\/05\/24\/jelavic-sam-sebe-jsem-prekvapil\/"},"author":{"name":"Me\u0148a","@id":"https:\/\/evertonfc.cz\/#\/schema\/person\/cd6328a75577de2add7793fd4b0930c3"},"headline":"Jelavi\u0107: S\u00e1m sebe jsem p\u0159ekvapil","datePublished":"2012-05-24T16:14:40+00:00","dateModified":"2019-02-17T20:08:18+00:00","mainEntityOfPage":{"@id":"https:\/\/evertonfc.cz\/index.php\/2012\/05\/24\/jelavic-sam-sebe-jsem-prekvapil\/"},"wordCount":981,"commentCount":0,"publisher":{"@id":"https:\/\/evertonfc.cz\/#organization"},"image":{"@id":"https:\/\/evertonfc.cz\/index.php\/2012\/05\/24\/jelavic-sam-sebe-jsem-prekvapil\/#primaryimage"},"thumbnailUrl":"https:\/\/evertonfc.cz\/wp-content\/uploads\/2019\/01\/interview.jpg","articleSection":["Rozhovory"],"inLanguage":"cs","potentialAction":[{"@type":"CommentAction","name":"Comment","target":["https:\/\/evertonfc.cz\/index.php\/2012\/05\/24\/jelavic-sam-sebe-jsem-prekvapil\/#respond"]}]},{"@type":"WebPage","@id":"https:\/\/evertonfc.cz\/index.php\/2012\/05\/24\/jelavic-sam-sebe-jsem-prekvapil\/","url":"https:\/\/evertonfc.cz\/index.php\/2012\/05\/24\/jelavic-sam-sebe-jsem-prekvapil\/","name":"Jelavi\u0107: S\u00e1m sebe jsem p\u0159ekvapil - Official Czech &amp; Slovak Everton Supporters&#039; Club","isPartOf":{"@id":"https:\/\/evertonfc.cz\/#website"},"primaryImageOfPage":{"@id":"https:\/\/evertonfc.cz\/index.php\/2012\/05\/24\/jelavic-sam-sebe-jsem-prekvapil\/#primaryimage"},"image":{"@id":"https:\/\/evertonfc.cz\/index.php\/2012\/05\/24\/jelavic-sam-sebe-jsem-prekvapil\/#primaryimage"},"thumbnailUrl":"https:\/\/evertonfc.cz\/wp-content\/uploads\/2019\/01\/interview.jpg","datePublished":"2012-05-24T16:14:40+00:00","dateModified":"2019-02-17T20:08:18+00:00","breadcrumb":{"@id":"https:\/\/evertonfc.cz\/index.php\/2012\/05\/24\/jelavic-sam-sebe-jsem-prekvapil\/#breadcrumb"},"inLanguage":"cs","potentialAction":[{"@type":"ReadAction","target":["https:\/\/evertonfc.cz\/index.php\/2012\/05\/24\/jelavic-sam-sebe-jsem-prekvapil\/"]}]},{"@type":"ImageObject","inLanguage":"cs","@id":"https:\/\/evertonfc.cz\/index.php\/2012\/05\/24\/jelavic-sam-sebe-jsem-prekvapil\/#primaryimage","url":"https:\/\/evertonfc.cz\/wp-content\/uploads\/2019\/01\/interview.jpg","contentUrl":"https:\/\/evertonfc.cz\/wp-content\/uploads\/2019\/01\/interview.jpg","width":720,"height":405},{"@type":"BreadcrumbList","@id":"https:\/\/evertonfc.cz\/index.php\/2012\/05\/24\/jelavic-sam-sebe-jsem-prekvapil\/#breadcrumb","itemListElement":[{"@type":"ListItem","position":1,"name":"Home","item":"https:\/\/evertonfc.cz\/"},{"@type":"ListItem","position":2,"name":"Jelavi\u0107: S\u00e1m sebe jsem p\u0159ekvapil"}]},{"@type":"WebSite","@id":"https:\/\/evertonfc.cz\/#website","url":"https:\/\/evertonfc.cz\/","name":"Official Czech &amp; Slovak Everton Supporters&#039; Club","description":"","publisher":{"@id":"https:\/\/evertonfc.cz\/#organization"},"potentialAction":[{"@type":"SearchAction","target":{"@type":"EntryPoint","urlTemplate":"https:\/\/evertonfc.cz\/?s={search_term_string}"},"query-input":{"@type":"PropertyValueSpecification","valueRequired":true,"valueName":"search_term_string"}}],"inLanguage":"cs"},{"@type":"Organization","@id":"https:\/\/evertonfc.cz\/#organization","name":"Official Czech & Slovak Everton Supporters' Club","url":"https:\/\/evertonfc.cz\/","logo":{"@type":"ImageObject","inLanguage":"cs","@id":"https:\/\/evertonfc.cz\/#\/schema\/logo\/image\/","url":"https:\/\/evertonfc.cz\/wp-content\/uploads\/2019\/05\/logo.png","contentUrl":"https:\/\/evertonfc.cz\/wp-content\/uploads\/2019\/05\/logo.png","width":112,"height":112,"caption":"Official Czech & Slovak Everton Supporters' Club"},"image":{"@id":"https:\/\/evertonfc.cz\/#\/schema\/logo\/image\/"},"sameAs":["https:\/\/www.facebook.com\/everton.fans.cz.sk"]},{"@type":"Person","@id":"https:\/\/evertonfc.cz\/#\/schema\/person\/cd6328a75577de2add7793fd4b0930c3","name":"Me\u0148a","url":"https:\/\/evertonfc.cz\/index.php\/author\/mena\/"}]}},"_links":{"self":[{"href":"https:\/\/evertonfc.cz\/index.php\/wp-json\/wp\/v2\/posts\/6250"}],"collection":[{"href":"https:\/\/evertonfc.cz\/index.php\/wp-json\/wp\/v2\/posts"}],"about":[{"href":"https:\/\/evertonfc.cz\/index.php\/wp-json\/wp\/v2\/types\/post"}],"author":[{"embeddable":true,"href":"https:\/\/evertonfc.cz\/index.php\/wp-json\/wp\/v2\/users\/7"}],"replies":[{"embeddable":true,"href":"https:\/\/evertonfc.cz\/index.php\/wp-json\/wp\/v2\/comments?post=6250"}],"version-history":[{"count":2,"href":"https:\/\/evertonfc.cz\/index.php\/wp-json\/wp\/v2\/posts\/6250\/revisions"}],"predecessor-version":[{"id":6437,"href":"https:\/\/evertonfc.cz\/index.php\/wp-json\/wp\/v2\/posts\/6250\/revisions\/6437"}],"wp:featuredmedia":[{"embeddable":true,"href":"https:\/\/evertonfc.cz\/index.php\/wp-json\/wp\/v2\/media\/1312"}],"wp:attachment":[{"href":"https:\/\/evertonfc.cz\/index.php\/wp-json\/wp\/v2\/media?parent=6250"}],"wp:term":[{"taxonomy":"category","embeddable":true,"href":"https:\/\/evertonfc.cz\/index.php\/wp-json\/wp\/v2\/categories?post=6250"},{"taxonomy":"post_tag","embeddable":true,"href":"https:\/\/evertonfc.cz\/index.php\/wp-json\/wp\/v2\/tags?post=6250"}],"curies":[{"name":"wp","href":"https:\/\/api.w.org\/{rel}","templated":true}]}}