{"id":6254,"date":"2012-05-21T18:16:39","date_gmt":"2012-05-21T16:16:39","guid":{"rendered":"http:\/\/evertonfc.cz\/?p=6254"},"modified":"2020-05-14T12:27:59","modified_gmt":"2020-05-14T10:27:59","slug":"sraz-premier-league-za-nami","status":"publish","type":"post","link":"https:\/\/evertonfc.cz\/index.php\/2012\/05\/21\/sraz-premier-league-za-nami\/","title":{"rendered":"Sraz Premier League za n\u00e1mi"},"content":{"rendered":"<h4 id=\"NewsPostDetailSummary\">Uplynul\u00fd v\u00edkend se konal ji\u017e osm\u00fd sraz fanou\u0161k\u016f Premier League, na n\u011bm\u017e nechyb\u011bli ani p\u0159\u00edznivci Evertonu, kte\u0159\u00ed v t\u00fdmu s konkurenty z Liverpoolu vyhr\u00e1li fotbalov\u00fd turnaj.<\/h4>\n<div id=\"NewsPostDetailContent\">\n<p>S n\u00e1padem uspo\u0159\u00e1dat sraz fanou\u0161k\u016f anglick\u00e9ho fotbalu p\u0159i\u0161el p\u0159ed p\u00e1r l\u00e9ty Geordie Milan Merhaut, jen\u017e byl tak\u00e9 na leto\u0161n\u00edm setk\u00e1n\u00ed odm\u011bn\u011bn cenou a uveden\u00e9m do Fanou\u0161kovsk\u00e9 s\u00edn\u011b sl\u00e1vy jako jej\u00ed prvn\u00ed \u010dlen.<\/p>\n<p>V po\u0159ad\u00ed osm\u00fd sraz se po\u0159\u00e1d\u00e1l ve dnech 18.-20. kv\u011btna ve vesnici Libchavy nedaleko \u00dast\u00ed nad Orlic\u00ed. Prvn\u00ed nad\u0161enci se sj\u00ed\u017ed\u011bli k restauraci Hab\u0159inka, kde jsme m\u011bli svou z\u00e1kladnu v p\u00e1tek odpoledne. J\u00e1 (Ri\u010di) s Javorem jsme dorazili v p\u00e1tek podve\u010der. Prvn\u011b jsme si st\u0159ihli turnaj ve stoln\u00edm tenise, jeho\u017e se \u00fa\u010dastnilo t\u0159in\u00e1ct lid\u00ed. Pot\u00e9 jsme se u\u017e p\u0159esunuli k ostatn\u00edm na Hab\u0159inku. V p\u00e1tek se n\u00e1s se\u0161lo asi tak kolem t\u0159iceti a hlavn\u011b se debatovalo a pop\u00edjelo, n\u011bkte\u0159\u00ed to samoz\u0159ejm\u011b s alkoholem p\u0159ehnali, i j\u00e1 s\u00e1m jsem mo\u017en\u00e1 na baru pob\u00fdval o n\u011bco d\u00e9le, ne\u017e je zdr\u00e1vo, av\u0161ak p\u00e1r pivek a i pan\u00e1\u010dk\u016f k t\u011bmto akc\u00edm pat\u0159\u00ed.<\/p>\n<p>Postupem noci ka\u017ed\u00fd us\u00ednal bu\u010f ve spac\u00e1ku na zemi v s\u00e1le na Hab\u0159ince, nebo p\u0159ed restaurac\u00ed ve stanu vedle h\u0159i\u0161t\u011b. Na onom men\u0161\u00edm fotbalov\u00e9m pl\u00e1cku druh\u00fd den v dopoledn\u00edch hodin\u00e1ch odstartoval fotbalov\u00fd turnaj, jeho\u017e se \u00fa\u010dastnilo \u0161est t\u00fdm\u016f. P\u0159ed za\u010d\u00e1tkem fotbalu dorazilo dal\u0161\u00edch p\u0159ibli\u017en\u011b t\u0159icet lid\u00ed, jejich\u017e tv\u00e1\u0159e narozd\u00edl od n\u011bkter\u00fdch p\u00e1te\u010dn\u00edch pa\u0159men\u016f nevypov\u00eddaly o bujar\u00e9 noci.<\/p>\n<p>Po\u0159adateli turnaje jsme byli s Javorem slou\u010deni s fanou\u0161ky Liverpoolu do mu\u017estva pojmenovan\u00e9m Liverton. Liverpudlians p\u0159ijeli \u010derstv\u00ed v sobotu r\u00e1no a v minul\u00fdch letech nejednou vyhr\u00e1li fotbalov\u00fd turnaj. Tentokr\u00e1t v\u0161ak svou sestavu v\u00fdrazn\u011b obm\u011bnili, ve sv\u00e9m j\u00e1dru disponovali i fandy ze Slovenska, co\u017e kr\u00e1sn\u011b dokumentuje, \u017ee vzd\u00e1lenost srazu od bydli\u0161t\u011b nemus\u00ed b\u00fdt v\u016fbec p\u0159ek\u00e1\u017ekou.<\/p>\n<p>Bohu\u017eel, a\u010d to nerad p\u0159izn\u00e1v\u00e1m, v z\u00e1pasech jsme s Javorem obl\u00e9kli \u010derven\u00e9 dresy rivala&#8230;<\/p>\n<p>V z\u00e1kladn\u00ed skupin\u011b hr\u00e1l ka\u017ed\u00fd s ka\u017ed\u00fdm a zrodili se n\u00e1sleduj\u00edc\u00ed v\u00fdsledky:<\/p>\n<p>Liverton \u2013 PL.cz (Fulham, Manchester United, Sunderlandu, Manchesteru City a neutr\u00e1ln\u00ed fans) 0:0<br \/>\nLiverton \u2013 West Ham 0:0<br \/>\nLiverton \u2013 Tottenham 1:0<br \/>\nLiverton \u2013 Newcastle Poland 3:0<br \/>\nLiverton \u2013 Mix t\u00fdm (United, Arsenal, Newcastle) 5:0<\/p>\n<p>Jedno utk\u00e1n\u00ed trvalo patn\u00e1ct minut a hr\u00e1lo se v sedmi lidech v\u010detn\u011b branka\u0159e. Jeliko\u017e nikdo z na\u0161e mu\u017estva se nec\u00edtil dob\u0159e v br\u00e1n\u011b, ve v\u011bt\u0161in\u011b st\u0159etnut\u00edch n\u00e1m chytal Lemur ze Spurs, ocen\u011bn\u00ed jako nejlep\u0161\u00ed golman. Po \u00favodn\u00edch dvou z\u00e1pasech, kdy jsme se na h\u0159i\u0161ti pozn\u00e1vali, jsme mo\u017en\u00e1 trochu \u0161tastn\u011b porazili Tottenham, co\u017e n\u00e1s nakoplo. Z\u00e1kladn\u00ed skupinu jsme vyhr\u00e1li bez obdr\u017een\u00e9 branky a postoupili z prvn\u00ed m\u00edsta do semifin\u00e1le. O g\u00f3ly se d\u011blil cel\u00fd t\u00fdm, prosadili se tedy i Evertonians.<\/p>\n<p>Semifin\u00e1le:<\/p>\n<p>Liverton \u2013 Newcastle Poland 2:0<br \/>\nWest Ham \u2013 PL.cz 2:1<\/p>\n<p>Fin\u00e1le:<\/p>\n<p>Liverton \u2013 West Ham 2:1<\/p>\n<p>Semifin\u00e1le jsme zvl\u00e1dli bez v\u011bt\u0161\u00edch pot\u00ed\u017e\u00ed a postoupili jsme do boje o celkov\u00e9 prvenstv\u00ed. Ve fin\u00e1le jsme se ujali veden\u00ed u\u017e po n\u011bkolika sekund\u00e1ch, po \u00favodn\u00edch rozehr\u00e1vce mi Javor p\u0159i\u0165ukl m\u00ed\u010d a j\u00e1 okam\u017eit\u011b z p\u016flky p\u0159ehodil, trochu alkoholem pos\u00edlen\u00e9ho, branka\u0159e West Hamu. I kdy\u017e soupe\u0159 vyrovnal, veden\u00ed n\u00e1m vr\u00e1til po individu\u00e1ln\u00ed akci p\u0159\u00edznivec Liverpoolu. Turnaj sice nen\u00ed hlavn\u00edm bodem srazu, ov\u0161em v\u00edt\u011bzstv\u00ed v n\u011bm ur\u010dit\u011b pot\u011b\u0161ilo.<\/p>\n<p>Po turnaji jsme kv\u016fli jin\u00fdm d\u016fle\u017eit\u00fdm povinnostem sraz s Javorem opustili, ostatn\u00ed jeho \u00fa\u010dastn\u00edci se v\u0161ak d\u00e1le bavili. A\u0165 u\u017e sledov\u00e1n\u00edm hokejov\u00e9ho semifin\u00e1le mezi \u010ceskem a Slovenskem, pozd\u011bji fin\u00e1le Ligy mistr\u016f \u010di pokra\u010dov\u00e1n\u00edm t\u00edm, co se na\u010dalo v p\u00e1tek ve\u010der. V ned\u011bli se pak postupn\u011b v\u0161ichni rozjeli do sv\u00fdch domov\u016f.<\/p>\n<\/div>\n","protected":false},"excerpt":{"rendered":"<p>Uplynul\u00fd v\u00edkend se konal ji\u017e osm\u00fd sraz fanou\u0161k\u016f Premier League, na n\u011bm\u017e nechyb\u011bli ani p\u0159\u00edznivci Evertonu, kte\u0159\u00ed v t\u00fdmu s&hellip;<\/p>\n","protected":false},"author":6,"featured_media":1310,"comment_status":"open","ping_status":"closed","sticky":false,"template":"","format":"standard","meta":{"_eb_attr":"","_monsterinsights_skip_tracking":false,"_monsterinsights_sitenote_active":false,"_monsterinsights_sitenote_note":"","_monsterinsights_sitenote_category":0,"footnotes":""},"categories":[85],"tags":[],"yoast_head":"<!-- This site is optimized with the Yoast SEO plugin v23.4 - https:\/\/yoast.com\/wordpress\/plugins\/seo\/ -->\n<title>Sraz Premier League za n\u00e1mi - Official Czech &amp; Slovak Everton Supporters&#039; Club<\/title>\n<meta name=\"robots\" content=\"index, follow, max-snippet:-1, max-image-preview:large, max-video-preview:-1\" \/>\n<link rel=\"canonical\" href=\"https:\/\/evertonfc.cz\/index.php\/2012\/05\/21\/sraz-premier-league-za-nami\/\" \/>\n<meta property=\"og:locale\" content=\"cs_CZ\" \/>\n<meta property=\"og:type\" content=\"article\" \/>\n<meta property=\"og:title\" content=\"Sraz Premier League za n\u00e1mi - Official Czech &amp; Slovak Everton Supporters&#039; Club\" \/>\n<meta property=\"og:description\" content=\"Uplynul\u00fd v\u00edkend se konal ji\u017e osm\u00fd sraz fanou\u0161k\u016f Premier League, na n\u011bm\u017e nechyb\u011bli ani p\u0159\u00edznivci Evertonu, kte\u0159\u00ed v t\u00fdmu s&hellip;\" \/>\n<meta property=\"og:url\" content=\"https:\/\/evertonfc.cz\/index.php\/2012\/05\/21\/sraz-premier-league-za-nami\/\" \/>\n<meta property=\"og:site_name\" content=\"Official Czech &amp; Slovak Everton Supporters&#039; Club\" \/>\n<meta property=\"article:publisher\" content=\"https:\/\/www.facebook.com\/everton.fans.cz.sk\" \/>\n<meta property=\"article:published_time\" content=\"2012-05-21T16:16:39+00:00\" \/>\n<meta property=\"article:modified_time\" content=\"2020-05-14T10:27:59+00:00\" \/>\n<meta property=\"og:image\" content=\"https:\/\/evertonfc.cz\/wp-content\/uploads\/2019\/01\/blog.jpg\" \/>\n\t<meta property=\"og:image:width\" content=\"720\" \/>\n\t<meta property=\"og:image:height\" content=\"405\" \/>\n\t<meta property=\"og:image:type\" content=\"image\/jpeg\" \/>\n<meta name=\"author\" content=\"Ri\u010di\" \/>\n<meta name=\"twitter:card\" content=\"summary_large_image\" \/>\n<meta name=\"twitter:creator\" content=\"@rbrejsa\" \/>\n<meta name=\"twitter:label1\" content=\"Napsal(a)\" \/>\n\t<meta name=\"twitter:data1\" content=\"Ri\u010di\" \/>\n\t<meta name=\"twitter:label2\" content=\"Odhadovan\u00e1 doba \u010dten\u00ed\" \/>\n\t<meta name=\"twitter:data2\" content=\"4 minuty\" \/>\n<script type=\"application\/ld+json\" class=\"yoast-schema-graph\">{\"@context\":\"https:\/\/schema.org\",\"@graph\":[{\"@type\":\"Article\",\"@id\":\"https:\/\/evertonfc.cz\/index.php\/2012\/05\/21\/sraz-premier-league-za-nami\/#article\",\"isPartOf\":{\"@id\":\"https:\/\/evertonfc.cz\/index.php\/2012\/05\/21\/sraz-premier-league-za-nami\/\"},\"author\":{\"name\":\"Ri\u010di\",\"@id\":\"https:\/\/evertonfc.cz\/#\/schema\/person\/f7a5daedb2ffee98480bc70e191aaef1\"},\"headline\":\"Sraz Premier League za n\u00e1mi\",\"datePublished\":\"2012-05-21T16:16:39+00:00\",\"dateModified\":\"2020-05-14T10:27:59+00:00\",\"mainEntityOfPage\":{\"@id\":\"https:\/\/evertonfc.cz\/index.php\/2012\/05\/21\/sraz-premier-league-za-nami\/\"},\"wordCount\":760,\"commentCount\":0,\"publisher\":{\"@id\":\"https:\/\/evertonfc.cz\/#organization\"},\"image\":{\"@id\":\"https:\/\/evertonfc.cz\/index.php\/2012\/05\/21\/sraz-premier-league-za-nami\/#primaryimage\"},\"thumbnailUrl\":\"https:\/\/evertonfc.cz\/wp-content\/uploads\/2019\/01\/blog.jpg\",\"articleSection\":[\"Supporters' Club\"],\"inLanguage\":\"cs\",\"potentialAction\":[{\"@type\":\"CommentAction\",\"name\":\"Comment\",\"target\":[\"https:\/\/evertonfc.cz\/index.php\/2012\/05\/21\/sraz-premier-league-za-nami\/#respond\"]}]},{\"@type\":\"WebPage\",\"@id\":\"https:\/\/evertonfc.cz\/index.php\/2012\/05\/21\/sraz-premier-league-za-nami\/\",\"url\":\"https:\/\/evertonfc.cz\/index.php\/2012\/05\/21\/sraz-premier-league-za-nami\/\",\"name\":\"Sraz Premier League za n\u00e1mi - Official Czech &amp; Slovak Everton Supporters&#039; Club\",\"isPartOf\":{\"@id\":\"https:\/\/evertonfc.cz\/#website\"},\"primaryImageOfPage\":{\"@id\":\"https:\/\/evertonfc.cz\/index.php\/2012\/05\/21\/sraz-premier-league-za-nami\/#primaryimage\"},\"image\":{\"@id\":\"https:\/\/evertonfc.cz\/index.php\/2012\/05\/21\/sraz-premier-league-za-nami\/#primaryimage\"},\"thumbnailUrl\":\"https:\/\/evertonfc.cz\/wp-content\/uploads\/2019\/01\/blog.jpg\",\"datePublished\":\"2012-05-21T16:16:39+00:00\",\"dateModified\":\"2020-05-14T10:27:59+00:00\",\"breadcrumb\":{\"@id\":\"https:\/\/evertonfc.cz\/index.php\/2012\/05\/21\/sraz-premier-league-za-nami\/#breadcrumb\"},\"inLanguage\":\"cs\",\"potentialAction\":[{\"@type\":\"ReadAction\",\"target\":[\"https:\/\/evertonfc.cz\/index.php\/2012\/05\/21\/sraz-premier-league-za-nami\/\"]}]},{\"@type\":\"ImageObject\",\"inLanguage\":\"cs\",\"@id\":\"https:\/\/evertonfc.cz\/index.php\/2012\/05\/21\/sraz-premier-league-za-nami\/#primaryimage\",\"url\":\"https:\/\/evertonfc.cz\/wp-content\/uploads\/2019\/01\/blog.jpg\",\"contentUrl\":\"https:\/\/evertonfc.cz\/wp-content\/uploads\/2019\/01\/blog.jpg\",\"width\":720,\"height\":405},{\"@type\":\"BreadcrumbList\",\"@id\":\"https:\/\/evertonfc.cz\/index.php\/2012\/05\/21\/sraz-premier-league-za-nami\/#breadcrumb\",\"itemListElement\":[{\"@type\":\"ListItem\",\"position\":1,\"name\":\"Home\",\"item\":\"https:\/\/evertonfc.cz\/\"},{\"@type\":\"ListItem\",\"position\":2,\"name\":\"Sraz Premier League za n\u00e1mi\"}]},{\"@type\":\"WebSite\",\"@id\":\"https:\/\/evertonfc.cz\/#website\",\"url\":\"https:\/\/evertonfc.cz\/\",\"name\":\"Official Czech &amp; Slovak Everton Supporters&#039; Club\",\"description\":\"\",\"publisher\":{\"@id\":\"https:\/\/evertonfc.cz\/#organization\"},\"potentialAction\":[{\"@type\":\"SearchAction\",\"target\":{\"@type\":\"EntryPoint\",\"urlTemplate\":\"https:\/\/evertonfc.cz\/?s={search_term_string}\"},\"query-input\":{\"@type\":\"PropertyValueSpecification\",\"valueRequired\":true,\"valueName\":\"search_term_string\"}}],\"inLanguage\":\"cs\"},{\"@type\":\"Organization\",\"@id\":\"https:\/\/evertonfc.cz\/#organization\",\"name\":\"Official Czech & Slovak Everton Supporters' Club\",\"url\":\"https:\/\/evertonfc.cz\/\",\"logo\":{\"@type\":\"ImageObject\",\"inLanguage\":\"cs\",\"@id\":\"https:\/\/evertonfc.cz\/#\/schema\/logo\/image\/\",\"url\":\"https:\/\/evertonfc.cz\/wp-content\/uploads\/2019\/05\/logo.png\",\"contentUrl\":\"https:\/\/evertonfc.cz\/wp-content\/uploads\/2019\/05\/logo.png\",\"width\":112,\"height\":112,\"caption\":\"Official Czech & Slovak Everton Supporters' Club\"},\"image\":{\"@id\":\"https:\/\/evertonfc.cz\/#\/schema\/logo\/image\/\"},\"sameAs\":[\"https:\/\/www.facebook.com\/everton.fans.cz.sk\"]},{\"@type\":\"Person\",\"@id\":\"https:\/\/evertonfc.cz\/#\/schema\/person\/f7a5daedb2ffee98480bc70e191aaef1\",\"name\":\"Ri\u010di\",\"sameAs\":[\"https:\/\/x.com\/rbrejsa\"],\"url\":\"https:\/\/evertonfc.cz\/index.php\/author\/rici\/\"}]}<\/script>\n<!-- \/ Yoast SEO plugin. -->","yoast_head_json":{"title":"Sraz Premier League za n\u00e1mi - Official Czech &amp; Slovak Everton Supporters&#039; Club","robots":{"index":"index","follow":"follow","max-snippet":"max-snippet:-1","max-image-preview":"max-image-preview:large","max-video-preview":"max-video-preview:-1"},"canonical":"https:\/\/evertonfc.cz\/index.php\/2012\/05\/21\/sraz-premier-league-za-nami\/","og_locale":"cs_CZ","og_type":"article","og_title":"Sraz Premier League za n\u00e1mi - Official Czech &amp; Slovak Everton Supporters&#039; Club","og_description":"Uplynul\u00fd v\u00edkend se konal ji\u017e osm\u00fd sraz fanou\u0161k\u016f Premier League, na n\u011bm\u017e nechyb\u011bli ani p\u0159\u00edznivci Evertonu, kte\u0159\u00ed v t\u00fdmu s&hellip;","og_url":"https:\/\/evertonfc.cz\/index.php\/2012\/05\/21\/sraz-premier-league-za-nami\/","og_site_name":"Official Czech &amp; Slovak Everton Supporters&#039; Club","article_publisher":"https:\/\/www.facebook.com\/everton.fans.cz.sk","article_published_time":"2012-05-21T16:16:39+00:00","article_modified_time":"2020-05-14T10:27:59+00:00","og_image":[{"width":720,"height":405,"url":"https:\/\/evertonfc.cz\/wp-content\/uploads\/2019\/01\/blog.jpg","type":"image\/jpeg"}],"author":"Ri\u010di","twitter_card":"summary_large_image","twitter_creator":"@rbrejsa","twitter_misc":{"Napsal(a)":"Ri\u010di","Odhadovan\u00e1 doba \u010dten\u00ed":"4 minuty"},"schema":{"@context":"https:\/\/schema.org","@graph":[{"@type":"Article","@id":"https:\/\/evertonfc.cz\/index.php\/2012\/05\/21\/sraz-premier-league-za-nami\/#article","isPartOf":{"@id":"https:\/\/evertonfc.cz\/index.php\/2012\/05\/21\/sraz-premier-league-za-nami\/"},"author":{"name":"Ri\u010di","@id":"https:\/\/evertonfc.cz\/#\/schema\/person\/f7a5daedb2ffee98480bc70e191aaef1"},"headline":"Sraz Premier League za n\u00e1mi","datePublished":"2012-05-21T16:16:39+00:00","dateModified":"2020-05-14T10:27:59+00:00","mainEntityOfPage":{"@id":"https:\/\/evertonfc.cz\/index.php\/2012\/05\/21\/sraz-premier-league-za-nami\/"},"wordCount":760,"commentCount":0,"publisher":{"@id":"https:\/\/evertonfc.cz\/#organization"},"image":{"@id":"https:\/\/evertonfc.cz\/index.php\/2012\/05\/21\/sraz-premier-league-za-nami\/#primaryimage"},"thumbnailUrl":"https:\/\/evertonfc.cz\/wp-content\/uploads\/2019\/01\/blog.jpg","articleSection":["Supporters' Club"],"inLanguage":"cs","potentialAction":[{"@type":"CommentAction","name":"Comment","target":["https:\/\/evertonfc.cz\/index.php\/2012\/05\/21\/sraz-premier-league-za-nami\/#respond"]}]},{"@type":"WebPage","@id":"https:\/\/evertonfc.cz\/index.php\/2012\/05\/21\/sraz-premier-league-za-nami\/","url":"https:\/\/evertonfc.cz\/index.php\/2012\/05\/21\/sraz-premier-league-za-nami\/","name":"Sraz Premier League za n\u00e1mi - Official Czech &amp; Slovak Everton Supporters&#039; Club","isPartOf":{"@id":"https:\/\/evertonfc.cz\/#website"},"primaryImageOfPage":{"@id":"https:\/\/evertonfc.cz\/index.php\/2012\/05\/21\/sraz-premier-league-za-nami\/#primaryimage"},"image":{"@id":"https:\/\/evertonfc.cz\/index.php\/2012\/05\/21\/sraz-premier-league-za-nami\/#primaryimage"},"thumbnailUrl":"https:\/\/evertonfc.cz\/wp-content\/uploads\/2019\/01\/blog.jpg","datePublished":"2012-05-21T16:16:39+00:00","dateModified":"2020-05-14T10:27:59+00:00","breadcrumb":{"@id":"https:\/\/evertonfc.cz\/index.php\/2012\/05\/21\/sraz-premier-league-za-nami\/#breadcrumb"},"inLanguage":"cs","potentialAction":[{"@type":"ReadAction","target":["https:\/\/evertonfc.cz\/index.php\/2012\/05\/21\/sraz-premier-league-za-nami\/"]}]},{"@type":"ImageObject","inLanguage":"cs","@id":"https:\/\/evertonfc.cz\/index.php\/2012\/05\/21\/sraz-premier-league-za-nami\/#primaryimage","url":"https:\/\/evertonfc.cz\/wp-content\/uploads\/2019\/01\/blog.jpg","contentUrl":"https:\/\/evertonfc.cz\/wp-content\/uploads\/2019\/01\/blog.jpg","width":720,"height":405},{"@type":"BreadcrumbList","@id":"https:\/\/evertonfc.cz\/index.php\/2012\/05\/21\/sraz-premier-league-za-nami\/#breadcrumb","itemListElement":[{"@type":"ListItem","position":1,"name":"Home","item":"https:\/\/evertonfc.cz\/"},{"@type":"ListItem","position":2,"name":"Sraz Premier League za n\u00e1mi"}]},{"@type":"WebSite","@id":"https:\/\/evertonfc.cz\/#website","url":"https:\/\/evertonfc.cz\/","name":"Official Czech &amp; Slovak Everton Supporters&#039; Club","description":"","publisher":{"@id":"https:\/\/evertonfc.cz\/#organization"},"potentialAction":[{"@type":"SearchAction","target":{"@type":"EntryPoint","urlTemplate":"https:\/\/evertonfc.cz\/?s={search_term_string}"},"query-input":{"@type":"PropertyValueSpecification","valueRequired":true,"valueName":"search_term_string"}}],"inLanguage":"cs"},{"@type":"Organization","@id":"https:\/\/evertonfc.cz\/#organization","name":"Official Czech & Slovak Everton Supporters' Club","url":"https:\/\/evertonfc.cz\/","logo":{"@type":"ImageObject","inLanguage":"cs","@id":"https:\/\/evertonfc.cz\/#\/schema\/logo\/image\/","url":"https:\/\/evertonfc.cz\/wp-content\/uploads\/2019\/05\/logo.png","contentUrl":"https:\/\/evertonfc.cz\/wp-content\/uploads\/2019\/05\/logo.png","width":112,"height":112,"caption":"Official Czech & Slovak Everton Supporters' Club"},"image":{"@id":"https:\/\/evertonfc.cz\/#\/schema\/logo\/image\/"},"sameAs":["https:\/\/www.facebook.com\/everton.fans.cz.sk"]},{"@type":"Person","@id":"https:\/\/evertonfc.cz\/#\/schema\/person\/f7a5daedb2ffee98480bc70e191aaef1","name":"Ri\u010di","sameAs":["https:\/\/x.com\/rbrejsa"],"url":"https:\/\/evertonfc.cz\/index.php\/author\/rici\/"}]}},"_links":{"self":[{"href":"https:\/\/evertonfc.cz\/index.php\/wp-json\/wp\/v2\/posts\/6254"}],"collection":[{"href":"https:\/\/evertonfc.cz\/index.php\/wp-json\/wp\/v2\/posts"}],"about":[{"href":"https:\/\/evertonfc.cz\/index.php\/wp-json\/wp\/v2\/types\/post"}],"author":[{"embeddable":true,"href":"https:\/\/evertonfc.cz\/index.php\/wp-json\/wp\/v2\/users\/6"}],"replies":[{"embeddable":true,"href":"https:\/\/evertonfc.cz\/index.php\/wp-json\/wp\/v2\/comments?post=6254"}],"version-history":[{"count":3,"href":"https:\/\/evertonfc.cz\/index.php\/wp-json\/wp\/v2\/posts\/6254\/revisions"}],"predecessor-version":[{"id":6439,"href":"https:\/\/evertonfc.cz\/index.php\/wp-json\/wp\/v2\/posts\/6254\/revisions\/6439"}],"wp:featuredmedia":[{"embeddable":true,"href":"https:\/\/evertonfc.cz\/index.php\/wp-json\/wp\/v2\/media\/1310"}],"wp:attachment":[{"href":"https:\/\/evertonfc.cz\/index.php\/wp-json\/wp\/v2\/media?parent=6254"}],"wp:term":[{"taxonomy":"category","embeddable":true,"href":"https:\/\/evertonfc.cz\/index.php\/wp-json\/wp\/v2\/categories?post=6254"},{"taxonomy":"post_tag","embeddable":true,"href":"https:\/\/evertonfc.cz\/index.php\/wp-json\/wp\/v2\/tags?post=6254"}],"curies":[{"name":"wp","href":"https:\/\/api.w.org\/{rel}","templated":true}]}}