{"id":6256,"date":"2012-05-15T18:17:32","date_gmt":"2012-05-15T16:17:32","guid":{"rendered":"http:\/\/evertonfc.cz\/?p=6256"},"modified":"2019-02-17T21:10:28","modified_gmt":"2019-02-17T20:10:28","slug":"pienaar-doufa-v-letni-prestup","status":"publish","type":"post","link":"https:\/\/evertonfc.cz\/index.php\/2012\/05\/15\/pienaar-doufa-v-letni-prestup\/","title":{"rendered":"Pienaar douf\u00e1 v letn\u00ed p\u0159estup"},"content":{"rendered":"<h4 id=\"NewsPostDetailSummary\">S koncem sezony se Steven Pienaar vrac\u00ed z hostov\u00e1n\u00ed zp\u011bt do Tottenhamu, ale ve sv\u00e9 mysli u\u017e m\u00e1 jasno. Do Evertonu\u00a0by se r\u00e1d vr\u00e1til\u00a0natrvalo.<\/h4>\n<div id=\"NewsPostDetailContent\">\n<p>Svoje \u010dty\u0159m\u011bs\u00ed\u010dn\u00ed hostov\u00e1n\u00ed zakon\u010dil Pienaar stylov\u011b. V ned\u011bln\u00edm posledn\u00edm kole se trefil proti Newcastlu a jen potvrdil, \u017ee p\u0159esto\u017ee na White Hart Lane byl r\u00e1d za ka\u017edou minutu str\u00e1venou na h\u0159i\u0161ti, jeho forma nijak neutrp\u011bla. Naopak se Jihoafri\u010dan po sv\u00e9m n\u00e1vratu do Evertonu znovu stal kl\u00ed\u010dovou postavou, kter\u00e1 z lev\u00e9 z\u00e1lohy tahala za prov\u00e1zky tradi\u010dn\u00edho jarn\u00edho probuzen\u00ed.<\/p>\n<p>Goodison tak Pienaar opu\u0161t\u00ed nerad, jak se nejd\u0159\u00edv pochlubil na twitteru: <em>\u201ePosledn\u00ed m\u011bs\u00edce byly ty nejlep\u0161\u00ed v cel\u00e9 m\u00e9 kari\u00e9\u0159e. B\u016fh v\u00e1m \u017eehnej. Chci pod\u011bkovat v\u0161em fanou\u0161k\u016fm Evertonu za to, \u017ee jsem se tu d\u00edky jako doma. Ned\u011ble pro m\u011b byla velmi smutn\u00fd den.\u201c<\/em> Na podobn\u00e9 vln\u011b koneckonc\u016f pokra\u010doval i v ofici\u00e1ln\u00edm rozhovoru.<\/p>\n<p><em>\u201eFanou\u0161ci si tohle zaslou\u017eili. Ve druh\u00e9 \u010d\u00e1sti sezony byli kluci fantasti\u010dt\u00ed. Jsem jen r\u00e1d, \u017ee jsem mohl b\u00fdt sou\u010d\u00e1st\u00ed a\u00a0uvid\u00edme, co se stane. Je to t\u011b\u017ek\u00e9. Kdy\u017e jsem ode\u0161el poprv\u00e9, tak jsem se nerozlou\u010dil a tentokr\u00e1t je to trochu smutn\u00e9. Uvid\u00edme, co se stane v l\u00e9t\u011b.\u201c<\/em><\/p>\n<p>To zat\u00edm jist\u00e9 nen\u00ed.\u00a0Snaha o zaji\u0161t\u011bn\u00ed\u00a0Pienaarova trval\u00e9ho n\u00e1vratu bude b\u011bhem pr\u00e1zdnin Moyesovou hlavn\u00ed prioritou, zat\u00edm je ale ve hv\u011bzd\u00e1ch, zda bude m\u00edt Tottenham o prodej t\u0159icetilet\u00e9ho\u00a0hr\u00e1\u010de z\u00e1jem a pokud ano, za jakou cenu. Spurs p\u0159itom Pienaara z Evertonu v lednu 2011 vykoupili za 3 miliony liber.<\/p>\n<p>Cena levonoh\u00e9ho z\u00e1lo\u017en\u00edka v\u0161ak d\u00edky jeho jarn\u00edm v\u00fdkon\u016fm z\u00e1rove\u0148 m\u016f\u017ee vyr\u016fst, co\u017e by pro napnut\u00fd rozpo\u010det Toffees mohlo znamenat v\u00fdrazn\u011bj\u0161\u00ed z\u00e1drhel. A komplikace m\u016f\u017ee v neposledn\u00ed \u0159ad\u011b p\u0159in\u00e9st tak\u00e9 p\u0159\u00edpadn\u00e9 v\u00edt\u011bzstv\u00ed Chelsea v Champions League, n\u00e1sledn\u00e1 nekvalifikace Spurs do milion\u00e1\u0159sk\u00e9 sout\u011b\u017ee a mo\u017en\u00e9 odchody hv\u011bzdn\u00fdch hr\u00e1\u010d\u016f z White Hart Lane a tedy n\u00e1vrat Pienaara do pl\u00e1n\u016f Harryho Redknappa. A\u0165 u\u017e ale p\u0159\u00ed\u0161t\u00ed m\u011bs\u00edce dopadnou jakkoliv, Pienaar si pr\u00e1v\u011b skon\u010den\u00e9 hostov\u00e1n\u00ed nem\u016f\u017ee vynachv\u00e1lit.<\/p>\n<p><em>\u201eMysl\u00edm, \u017ee se mi da\u0159ilo, jsem se sebou spokojen. Nezapome\u0148te, \u017ee v prvn\u00ed polovin\u011b sezony jsem p\u0159\u00edli\u0161 nehr\u00e1l a jedin\u00fd zp\u016fsob, jak mana\u017eerovi a fanou\u0161k\u016fm d\u016fv\u011bru oplatit, bylo pod\u00e1vat dobr\u00e9 v\u00fdkony. Mysl\u00edm, \u017ee p\u0159\u00ed\u0161t\u00edch n\u011bkolik m\u011bs\u00edc\u016f si klub a fanou\u0161ci budou u\u017e\u00edvat, \u017ee Everton skon\u010dil p\u0159ed Liverpoolem,\u201c<\/em> \u0159\u00edk\u00e1 Pienaar.<\/p>\n<\/div>\n","protected":false},"excerpt":{"rendered":"<p>S koncem sezony se Steven Pienaar vrac\u00ed z hostov\u00e1n\u00ed zp\u011bt do Tottenhamu, ale ve sv\u00e9 mysli u\u017e m\u00e1 jasno. Do&hellip;<\/p>\n","protected":false},"author":7,"featured_media":1313,"comment_status":"open","ping_status":"closed","sticky":false,"template":"","format":"standard","meta":{"_eb_attr":"","_monsterinsights_skip_tracking":false,"_monsterinsights_sitenote_active":false,"_monsterinsights_sitenote_note":"","_monsterinsights_sitenote_category":0,"footnotes":""},"categories":[42,1],"tags":[],"yoast_head":"<!-- This site is optimized with the Yoast SEO plugin v23.4 - https:\/\/yoast.com\/wordpress\/plugins\/seo\/ -->\n<title>Pienaar douf\u00e1 v letn\u00ed p\u0159estup - Official Czech &amp; Slovak Everton Supporters&#039; Club<\/title>\n<meta name=\"robots\" content=\"index, follow, max-snippet:-1, max-image-preview:large, max-video-preview:-1\" \/>\n<link rel=\"canonical\" href=\"https:\/\/evertonfc.cz\/index.php\/2012\/05\/15\/pienaar-doufa-v-letni-prestup\/\" \/>\n<meta property=\"og:locale\" content=\"cs_CZ\" \/>\n<meta property=\"og:type\" content=\"article\" \/>\n<meta property=\"og:title\" content=\"Pienaar douf\u00e1 v letn\u00ed p\u0159estup - Official Czech &amp; Slovak Everton Supporters&#039; Club\" \/>\n<meta property=\"og:description\" content=\"S koncem sezony se Steven Pienaar vrac\u00ed z hostov\u00e1n\u00ed zp\u011bt do Tottenhamu, ale ve sv\u00e9 mysli u\u017e m\u00e1 jasno. Do&hellip;\" \/>\n<meta property=\"og:url\" content=\"https:\/\/evertonfc.cz\/index.php\/2012\/05\/15\/pienaar-doufa-v-letni-prestup\/\" \/>\n<meta property=\"og:site_name\" content=\"Official Czech &amp; Slovak Everton Supporters&#039; Club\" \/>\n<meta property=\"article:publisher\" content=\"https:\/\/www.facebook.com\/everton.fans.cz.sk\" \/>\n<meta property=\"article:published_time\" content=\"2012-05-15T16:17:32+00:00\" \/>\n<meta property=\"article:modified_time\" content=\"2019-02-17T20:10:28+00:00\" \/>\n<meta property=\"og:image\" content=\"https:\/\/evertonfc.cz\/wp-content\/uploads\/2019\/01\/news.jpg\" \/>\n\t<meta property=\"og:image:width\" content=\"720\" \/>\n\t<meta property=\"og:image:height\" content=\"405\" \/>\n\t<meta property=\"og:image:type\" content=\"image\/jpeg\" \/>\n<meta name=\"author\" content=\"Me\u0148a\" \/>\n<meta name=\"twitter:card\" content=\"summary_large_image\" \/>\n<meta name=\"twitter:label1\" content=\"Napsal(a)\" \/>\n\t<meta name=\"twitter:data1\" content=\"Me\u0148a\" \/>\n\t<meta name=\"twitter:label2\" content=\"Odhadovan\u00e1 doba \u010dten\u00ed\" \/>\n\t<meta name=\"twitter:data2\" content=\"2 minuty\" \/>\n<script type=\"application\/ld+json\" class=\"yoast-schema-graph\">{\"@context\":\"https:\/\/schema.org\",\"@graph\":[{\"@type\":\"Article\",\"@id\":\"https:\/\/evertonfc.cz\/index.php\/2012\/05\/15\/pienaar-doufa-v-letni-prestup\/#article\",\"isPartOf\":{\"@id\":\"https:\/\/evertonfc.cz\/index.php\/2012\/05\/15\/pienaar-doufa-v-letni-prestup\/\"},\"author\":{\"name\":\"Me\u0148a\",\"@id\":\"https:\/\/evertonfc.cz\/#\/schema\/person\/cd6328a75577de2add7793fd4b0930c3\"},\"headline\":\"Pienaar douf\u00e1 v letn\u00ed p\u0159estup\",\"datePublished\":\"2012-05-15T16:17:32+00:00\",\"dateModified\":\"2019-02-17T20:10:28+00:00\",\"mainEntityOfPage\":{\"@id\":\"https:\/\/evertonfc.cz\/index.php\/2012\/05\/15\/pienaar-doufa-v-letni-prestup\/\"},\"wordCount\":492,\"commentCount\":0,\"publisher\":{\"@id\":\"https:\/\/evertonfc.cz\/#organization\"},\"image\":{\"@id\":\"https:\/\/evertonfc.cz\/index.php\/2012\/05\/15\/pienaar-doufa-v-letni-prestup\/#primaryimage\"},\"thumbnailUrl\":\"https:\/\/evertonfc.cz\/wp-content\/uploads\/2019\/01\/news.jpg\",\"articleSection\":[\"Aktuality\",\"Rozhovory\"],\"inLanguage\":\"cs\",\"potentialAction\":[{\"@type\":\"CommentAction\",\"name\":\"Comment\",\"target\":[\"https:\/\/evertonfc.cz\/index.php\/2012\/05\/15\/pienaar-doufa-v-letni-prestup\/#respond\"]}]},{\"@type\":\"WebPage\",\"@id\":\"https:\/\/evertonfc.cz\/index.php\/2012\/05\/15\/pienaar-doufa-v-letni-prestup\/\",\"url\":\"https:\/\/evertonfc.cz\/index.php\/2012\/05\/15\/pienaar-doufa-v-letni-prestup\/\",\"name\":\"Pienaar douf\u00e1 v letn\u00ed p\u0159estup - Official Czech &amp; Slovak Everton Supporters&#039; Club\",\"isPartOf\":{\"@id\":\"https:\/\/evertonfc.cz\/#website\"},\"primaryImageOfPage\":{\"@id\":\"https:\/\/evertonfc.cz\/index.php\/2012\/05\/15\/pienaar-doufa-v-letni-prestup\/#primaryimage\"},\"image\":{\"@id\":\"https:\/\/evertonfc.cz\/index.php\/2012\/05\/15\/pienaar-doufa-v-letni-prestup\/#primaryimage\"},\"thumbnailUrl\":\"https:\/\/evertonfc.cz\/wp-content\/uploads\/2019\/01\/news.jpg\",\"datePublished\":\"2012-05-15T16:17:32+00:00\",\"dateModified\":\"2019-02-17T20:10:28+00:00\",\"breadcrumb\":{\"@id\":\"https:\/\/evertonfc.cz\/index.php\/2012\/05\/15\/pienaar-doufa-v-letni-prestup\/#breadcrumb\"},\"inLanguage\":\"cs\",\"potentialAction\":[{\"@type\":\"ReadAction\",\"target\":[\"https:\/\/evertonfc.cz\/index.php\/2012\/05\/15\/pienaar-doufa-v-letni-prestup\/\"]}]},{\"@type\":\"ImageObject\",\"inLanguage\":\"cs\",\"@id\":\"https:\/\/evertonfc.cz\/index.php\/2012\/05\/15\/pienaar-doufa-v-letni-prestup\/#primaryimage\",\"url\":\"https:\/\/evertonfc.cz\/wp-content\/uploads\/2019\/01\/news.jpg\",\"contentUrl\":\"https:\/\/evertonfc.cz\/wp-content\/uploads\/2019\/01\/news.jpg\",\"width\":720,\"height\":405},{\"@type\":\"BreadcrumbList\",\"@id\":\"https:\/\/evertonfc.cz\/index.php\/2012\/05\/15\/pienaar-doufa-v-letni-prestup\/#breadcrumb\",\"itemListElement\":[{\"@type\":\"ListItem\",\"position\":1,\"name\":\"Home\",\"item\":\"https:\/\/evertonfc.cz\/\"},{\"@type\":\"ListItem\",\"position\":2,\"name\":\"Pienaar douf\u00e1 v letn\u00ed p\u0159estup\"}]},{\"@type\":\"WebSite\",\"@id\":\"https:\/\/evertonfc.cz\/#website\",\"url\":\"https:\/\/evertonfc.cz\/\",\"name\":\"Official Czech &amp; Slovak Everton Supporters&#039; Club\",\"description\":\"\",\"publisher\":{\"@id\":\"https:\/\/evertonfc.cz\/#organization\"},\"potentialAction\":[{\"@type\":\"SearchAction\",\"target\":{\"@type\":\"EntryPoint\",\"urlTemplate\":\"https:\/\/evertonfc.cz\/?s={search_term_string}\"},\"query-input\":{\"@type\":\"PropertyValueSpecification\",\"valueRequired\":true,\"valueName\":\"search_term_string\"}}],\"inLanguage\":\"cs\"},{\"@type\":\"Organization\",\"@id\":\"https:\/\/evertonfc.cz\/#organization\",\"name\":\"Official Czech & Slovak Everton Supporters' Club\",\"url\":\"https:\/\/evertonfc.cz\/\",\"logo\":{\"@type\":\"ImageObject\",\"inLanguage\":\"cs\",\"@id\":\"https:\/\/evertonfc.cz\/#\/schema\/logo\/image\/\",\"url\":\"https:\/\/evertonfc.cz\/wp-content\/uploads\/2019\/05\/logo.png\",\"contentUrl\":\"https:\/\/evertonfc.cz\/wp-content\/uploads\/2019\/05\/logo.png\",\"width\":112,\"height\":112,\"caption\":\"Official Czech & Slovak Everton Supporters' Club\"},\"image\":{\"@id\":\"https:\/\/evertonfc.cz\/#\/schema\/logo\/image\/\"},\"sameAs\":[\"https:\/\/www.facebook.com\/everton.fans.cz.sk\"]},{\"@type\":\"Person\",\"@id\":\"https:\/\/evertonfc.cz\/#\/schema\/person\/cd6328a75577de2add7793fd4b0930c3\",\"name\":\"Me\u0148a\",\"url\":\"https:\/\/evertonfc.cz\/index.php\/author\/mena\/\"}]}<\/script>\n<!-- \/ Yoast SEO plugin. -->","yoast_head_json":{"title":"Pienaar douf\u00e1 v letn\u00ed p\u0159estup - Official Czech &amp; Slovak Everton Supporters&#039; Club","robots":{"index":"index","follow":"follow","max-snippet":"max-snippet:-1","max-image-preview":"max-image-preview:large","max-video-preview":"max-video-preview:-1"},"canonical":"https:\/\/evertonfc.cz\/index.php\/2012\/05\/15\/pienaar-doufa-v-letni-prestup\/","og_locale":"cs_CZ","og_type":"article","og_title":"Pienaar douf\u00e1 v letn\u00ed p\u0159estup - Official Czech &amp; Slovak Everton Supporters&#039; Club","og_description":"S koncem sezony se Steven Pienaar vrac\u00ed z hostov\u00e1n\u00ed zp\u011bt do Tottenhamu, ale ve sv\u00e9 mysli u\u017e m\u00e1 jasno. Do&hellip;","og_url":"https:\/\/evertonfc.cz\/index.php\/2012\/05\/15\/pienaar-doufa-v-letni-prestup\/","og_site_name":"Official Czech &amp; Slovak Everton Supporters&#039; Club","article_publisher":"https:\/\/www.facebook.com\/everton.fans.cz.sk","article_published_time":"2012-05-15T16:17:32+00:00","article_modified_time":"2019-02-17T20:10:28+00:00","og_image":[{"width":720,"height":405,"url":"https:\/\/evertonfc.cz\/wp-content\/uploads\/2019\/01\/news.jpg","type":"image\/jpeg"}],"author":"Me\u0148a","twitter_card":"summary_large_image","twitter_misc":{"Napsal(a)":"Me\u0148a","Odhadovan\u00e1 doba \u010dten\u00ed":"2 minuty"},"schema":{"@context":"https:\/\/schema.org","@graph":[{"@type":"Article","@id":"https:\/\/evertonfc.cz\/index.php\/2012\/05\/15\/pienaar-doufa-v-letni-prestup\/#article","isPartOf":{"@id":"https:\/\/evertonfc.cz\/index.php\/2012\/05\/15\/pienaar-doufa-v-letni-prestup\/"},"author":{"name":"Me\u0148a","@id":"https:\/\/evertonfc.cz\/#\/schema\/person\/cd6328a75577de2add7793fd4b0930c3"},"headline":"Pienaar douf\u00e1 v letn\u00ed p\u0159estup","datePublished":"2012-05-15T16:17:32+00:00","dateModified":"2019-02-17T20:10:28+00:00","mainEntityOfPage":{"@id":"https:\/\/evertonfc.cz\/index.php\/2012\/05\/15\/pienaar-doufa-v-letni-prestup\/"},"wordCount":492,"commentCount":0,"publisher":{"@id":"https:\/\/evertonfc.cz\/#organization"},"image":{"@id":"https:\/\/evertonfc.cz\/index.php\/2012\/05\/15\/pienaar-doufa-v-letni-prestup\/#primaryimage"},"thumbnailUrl":"https:\/\/evertonfc.cz\/wp-content\/uploads\/2019\/01\/news.jpg","articleSection":["Aktuality","Rozhovory"],"inLanguage":"cs","potentialAction":[{"@type":"CommentAction","name":"Comment","target":["https:\/\/evertonfc.cz\/index.php\/2012\/05\/15\/pienaar-doufa-v-letni-prestup\/#respond"]}]},{"@type":"WebPage","@id":"https:\/\/evertonfc.cz\/index.php\/2012\/05\/15\/pienaar-doufa-v-letni-prestup\/","url":"https:\/\/evertonfc.cz\/index.php\/2012\/05\/15\/pienaar-doufa-v-letni-prestup\/","name":"Pienaar douf\u00e1 v letn\u00ed p\u0159estup - Official Czech &amp; Slovak Everton Supporters&#039; Club","isPartOf":{"@id":"https:\/\/evertonfc.cz\/#website"},"primaryImageOfPage":{"@id":"https:\/\/evertonfc.cz\/index.php\/2012\/05\/15\/pienaar-doufa-v-letni-prestup\/#primaryimage"},"image":{"@id":"https:\/\/evertonfc.cz\/index.php\/2012\/05\/15\/pienaar-doufa-v-letni-prestup\/#primaryimage"},"thumbnailUrl":"https:\/\/evertonfc.cz\/wp-content\/uploads\/2019\/01\/news.jpg","datePublished":"2012-05-15T16:17:32+00:00","dateModified":"2019-02-17T20:10:28+00:00","breadcrumb":{"@id":"https:\/\/evertonfc.cz\/index.php\/2012\/05\/15\/pienaar-doufa-v-letni-prestup\/#breadcrumb"},"inLanguage":"cs","potentialAction":[{"@type":"ReadAction","target":["https:\/\/evertonfc.cz\/index.php\/2012\/05\/15\/pienaar-doufa-v-letni-prestup\/"]}]},{"@type":"ImageObject","inLanguage":"cs","@id":"https:\/\/evertonfc.cz\/index.php\/2012\/05\/15\/pienaar-doufa-v-letni-prestup\/#primaryimage","url":"https:\/\/evertonfc.cz\/wp-content\/uploads\/2019\/01\/news.jpg","contentUrl":"https:\/\/evertonfc.cz\/wp-content\/uploads\/2019\/01\/news.jpg","width":720,"height":405},{"@type":"BreadcrumbList","@id":"https:\/\/evertonfc.cz\/index.php\/2012\/05\/15\/pienaar-doufa-v-letni-prestup\/#breadcrumb","itemListElement":[{"@type":"ListItem","position":1,"name":"Home","item":"https:\/\/evertonfc.cz\/"},{"@type":"ListItem","position":2,"name":"Pienaar douf\u00e1 v letn\u00ed p\u0159estup"}]},{"@type":"WebSite","@id":"https:\/\/evertonfc.cz\/#website","url":"https:\/\/evertonfc.cz\/","name":"Official Czech &amp; Slovak Everton Supporters&#039; Club","description":"","publisher":{"@id":"https:\/\/evertonfc.cz\/#organization"},"potentialAction":[{"@type":"SearchAction","target":{"@type":"EntryPoint","urlTemplate":"https:\/\/evertonfc.cz\/?s={search_term_string}"},"query-input":{"@type":"PropertyValueSpecification","valueRequired":true,"valueName":"search_term_string"}}],"inLanguage":"cs"},{"@type":"Organization","@id":"https:\/\/evertonfc.cz\/#organization","name":"Official Czech & Slovak Everton Supporters' Club","url":"https:\/\/evertonfc.cz\/","logo":{"@type":"ImageObject","inLanguage":"cs","@id":"https:\/\/evertonfc.cz\/#\/schema\/logo\/image\/","url":"https:\/\/evertonfc.cz\/wp-content\/uploads\/2019\/05\/logo.png","contentUrl":"https:\/\/evertonfc.cz\/wp-content\/uploads\/2019\/05\/logo.png","width":112,"height":112,"caption":"Official Czech & Slovak Everton Supporters' Club"},"image":{"@id":"https:\/\/evertonfc.cz\/#\/schema\/logo\/image\/"},"sameAs":["https:\/\/www.facebook.com\/everton.fans.cz.sk"]},{"@type":"Person","@id":"https:\/\/evertonfc.cz\/#\/schema\/person\/cd6328a75577de2add7793fd4b0930c3","name":"Me\u0148a","url":"https:\/\/evertonfc.cz\/index.php\/author\/mena\/"}]}},"_links":{"self":[{"href":"https:\/\/evertonfc.cz\/index.php\/wp-json\/wp\/v2\/posts\/6256"}],"collection":[{"href":"https:\/\/evertonfc.cz\/index.php\/wp-json\/wp\/v2\/posts"}],"about":[{"href":"https:\/\/evertonfc.cz\/index.php\/wp-json\/wp\/v2\/types\/post"}],"author":[{"embeddable":true,"href":"https:\/\/evertonfc.cz\/index.php\/wp-json\/wp\/v2\/users\/7"}],"replies":[{"embeddable":true,"href":"https:\/\/evertonfc.cz\/index.php\/wp-json\/wp\/v2\/comments?post=6256"}],"version-history":[{"count":3,"href":"https:\/\/evertonfc.cz\/index.php\/wp-json\/wp\/v2\/posts\/6256\/revisions"}],"predecessor-version":[{"id":6441,"href":"https:\/\/evertonfc.cz\/index.php\/wp-json\/wp\/v2\/posts\/6256\/revisions\/6441"}],"wp:featuredmedia":[{"embeddable":true,"href":"https:\/\/evertonfc.cz\/index.php\/wp-json\/wp\/v2\/media\/1313"}],"wp:attachment":[{"href":"https:\/\/evertonfc.cz\/index.php\/wp-json\/wp\/v2\/media?parent=6256"}],"wp:term":[{"taxonomy":"category","embeddable":true,"href":"https:\/\/evertonfc.cz\/index.php\/wp-json\/wp\/v2\/categories?post=6256"},{"taxonomy":"post_tag","embeddable":true,"href":"https:\/\/evertonfc.cz\/index.php\/wp-json\/wp\/v2\/tags?post=6256"}],"curies":[{"name":"wp","href":"https:\/\/api.w.org\/{rel}","templated":true}]}}