{"id":6265,"date":"2012-05-12T18:20:18","date_gmt":"2012-05-12T16:20:18","guid":{"rendered":"http:\/\/evertonfc.cz\/?p=6265"},"modified":"2019-02-17T21:14:24","modified_gmt":"2019-02-17T20:14:24","slug":"udelovaly-se-klubove-ceny","status":"publish","type":"post","link":"https:\/\/evertonfc.cz\/index.php\/2012\/05\/12\/udelovaly-se-klubove-ceny\/","title":{"rendered":"Ud\u011blovaly se klubov\u00e9 ceny"},"content":{"rendered":"<h4 id=\"NewsPostDetailSummary\">Jako ka\u017ed\u00fd rok i na konci leto\u0161n\u00ed sez\u00f3ny se rozd\u00e1vala klubov\u00e1 ocen\u011bn\u00ed. A trofej pro nejlep\u0161\u00edho hr\u00e1\u010de si odnesl dom\u016f Johny Heitinga.<\/h4>\n<div id=\"NewsPostDetailContent\">\n<h4><strong>Hr\u00e1\u010d roku: Johny Heitinga<\/strong><\/h4>\n<p>Titulem nejlep\u0161\u00edho klubov\u00e9ho hr\u00e1\u010de se m\u016f\u017ee py\u0161nit Johny Heitinga. Vybrat toho nejlep\u0161\u00edho rozhodn\u011b nebylo jednoduch\u00fdm po\u010dinem, Marouane Fellaini v z\u00e1loze dominoval, Leighton Baines nav\u00e1zal na sv\u016fj vysok\u00fd standart a Tim Howard op\u011bt n\u011bkolikr\u00e1t perfektn\u00edmi z\u00e1kroky dr\u017eel akcie Evertonu ve h\u0159e. Py\u0161n\u00fd dr\u017eitel ceny se nechal sly\u0161et:<em> \u201eJsem stra\u0161n\u011b \u0161\u0165astn\u00fd, pro m\u011b se jedn\u00e1 o velkou poctu. Cht\u011bl bych pod\u011bkovat hlavn\u011b sv\u00fdm spoluhr\u00e1\u010d\u016fm. V\u017edy je p\u0159\u00edjemn\u00e9, kdy\u017e v\u00e1s fanou\u0161ci maj\u00ed r\u00e1di, ov\u0161em ve fotbale se d\u011bj\u00ed v\u011bci rychle. Jeden den jste hrdina, druh\u00fd odpadl\u00edk. Proto v ka\u017ed\u00e9m utk\u00e1n\u00ed bojuji na 100 procent.\u201c<\/em><\/p>\n<h4><strong>Hr\u00e1\u010d roku podle hr\u00e1\u010d\u016f: Sylvain Distin<\/strong><\/h4>\n<p>Trochu p\u0159ekvapiv\u00fdm v\u00edt\u011bzem t\u00e9to ankety se stal levonoh\u00fd obr\u00e1nce Distin. Ano, zcela jist\u011b pat\u0159il k opor\u00e1m mu\u017estva, ov\u0161em n\u011bkolikr\u00e1t si neodpustil chybu. Zm\u00ednit hlavn\u011b t\u0159eba jeho hrubku v semifin\u00e1le FA Cupu proti Liverpool. <em>\u201eKluci v\u00e1s vid\u00ed pracovat ka\u017ed\u00fd den, proto je to pro m\u011b \u010dest,\u201c\u00a0<\/em>neskr\u00fdval radost Sylvain Distin.<\/p>\n<h4><strong>Cena Howarda Kendalla: Bill Kenwright<\/strong><\/h4>\n<p><em>\u201eJsem ohromen. Nedok\u00e1\u017ei popsat, co to pro m\u011b znamen\u00e1. Vlastn\u011b dok\u00e1\u017ei, znamen\u00e1 to pro m\u011b v\u0161e,\u201c\u00a0<\/em>\u0159ekl p\u0159edseda klubu, kter\u00e9ho doplnil David Moyes: <em>\u201eBill s hr\u00e1\u010di vych\u00e1z\u00ed p\u0159\u00e1telsky, chovaj\u00ed k n\u011bmu \u00factu. Jsem pot\u011b\u0161en, \u017ee jsem s n\u00edm pracuji u\u017e deset let.\u201c<\/em>\u00a0Howard Kendall vol\u00ed v\u00edt\u011bze na z\u00e1klad\u011b p\u0159\u00ednosu pro klub.<\/p>\n<h4><strong>Chairman&#8217;s Blueblood Award: Phil Neville<\/strong><\/h4>\n<p>Bill Kenwright ud\u011bluje ocen\u011bn\u00ed tomu, kdo nejl\u00e9pe projev\u00ed t\u00fdmov\u00e9ho ducha Toffees a sv\u00e9 leto\u0161n\u00ed rozhodnut\u00ed vysv\u011blil takto: <em>\u201eJestli\u017ee se z b\u00fdval\u00e9ho hr\u00e1\u010de Manchesteru United stane opravdov\u00e1\u00a0legenda Evertonu, znamen\u00e1 to n\u011bco unik\u00e1tn\u00edho. Na Old Trafford, kdy\u017e se prohr\u00e1valo 1:3, Phil burcoval mu\u017estvo tlesk\u00e1n\u00edm, ka\u017ed\u00e9ho hr\u00e1\u010de burcoval. Dle m\u00e9ho ho \u0159ad\u00edm na jednoho z nejlep\u0161\u00edch kapit\u00e1n\u016f, jak\u00e9ho kdy Premier League spat\u0159ila.\u201c<\/em><\/p>\n<h4><strong>G\u00f3l roku: Phil Neville<\/strong><\/h4>\n<p>A zase se radoval kapit\u00e1n Toffees. Svou brankou z prodlou\u017een\u00ed proti West Bromu rozhodl o postupu ze t\u0159et\u00edho kola Ligov\u00e9 poh\u00e1ru a te\u010f si za n\u00ed vyslou\u017eil i trofej.<\/p>\n<h4><strong>Mlad\u00fd hr\u00e1\u010d roku: Apostolos Vellios<\/strong><\/h4>\n<p>\u0158eck\u00fd \u00fato\u010dn\u00edk se b\u011bhem nepoveden\u00e9ho podzimu n\u011bkolikr\u00e1t prom\u011bnil v \u017eol\u00edka. V Premier League se prosadil t\u0159ikr\u00e1t a pravideln\u011b sk\u00f3roval za rezervu. Ve druh\u00e9 \u010d\u00e1sti sez\u00f3ny u\u017e vzhledem ke konkurenci za prvn\u00ed t\u00fdm nenastupoval.<\/p>\n<h4><strong>Hr\u00e1\u010d roku rezervn\u00edho t\u00fdmu: Adam Forshaw<\/strong><\/h4>\n<p>Z\u00e1lo\u017en\u00edk narozen\u00fd v Liverpoolu si na p\u00f3dium pro cenu do\u0161el zaslou\u017een\u011b. Sez\u00f3nu mu sice skon\u010dila p\u0159ed\u010dasn\u011b, jeliko\u017e si na hostov\u00e1n\u00ed v Brentfordu zlomil \u010delist, v rezerv\u011b v\u0161ak v\u017edy pat\u0159il k opor\u00e1m. Prosad\u00ed se do A-t\u00fdmu?<\/p>\n<h4><b>Hr\u00e1\u010d roku akademie: Hallam Hope<\/b><\/h4>\n<p>Osmn\u00e1ctilet\u00fd \u00fato\u010dn\u00edk pat\u0159\u00ed k nejv\u011bt\u0161\u00edm nad\u011bj\u00edm Evertonu. Pravideln\u011b dost\u00e1v\u00e1 pozv\u00e1nky do jeho odpov\u00eddaj\u00edc\u00edch v\u011bkov\u00fdch kategori\u00ed anglick\u00e9 reprezentace a letos si desetkr\u00e1t zahr\u00e1l i za rezervu, p\u0159i\u010dem\u017e v z\u00e1kladu nastoupil jednou a vst\u0159elil dv\u011b branky.<\/p>\n<h4><strong>Hr\u00e1\u010dka roku: Rachel Brown<\/strong><\/h4>\n<p>Dlouholetou oporu nach\u00e1zej\u00ed \u017eeny v branka\u0159ce Rachel Brown. Anglick\u00e1 reprezentantka se osv\u011bd\u010dila p\u0159i Women\u00b4s Super League. V sout\u011b\u017ei vychytala p\u011bt \u010dist\u00fdch kont a dovedla Blues k um\u00edst\u011bn\u00ed mezi t\u0159emi nejlep\u0161\u00edmi.<\/p>\n<h4><strong>Fanou\u0161ek roku: Sarah McNabb<\/strong><\/h4>\n<p>\u0160estn\u00e1ct let star\u00e1 Sarah je pe\u010dovatelkou sv\u00e9 matky Margaret, kter\u00e1 trp\u00ed roztrou\u0161enou skler\u00f3zou, a sv\u00e9ho t\u0159in\u00e1ctilet\u00e9ho bratra Liama, jeho\u017e tr\u00e1p\u00ed Asperger\u016fv syndrom. Samotn\u00e1 Sarah neust\u00e1le podstupuje operace hlavn\u011b kv\u016fli va\u017en\u00fdm zdravotn\u00edm komplikac\u00edm s kolenem, p\u0159esto vlastn\u00ed sez\u00f3nn\u00ed pernamentku a posledn\u00ed operaci odlo\u017eila, aby nezme\u0161kala semifin\u00e1lov\u00fd duel FA Cupu ve Wembley.<\/p>\n<h4><strong>Everton Giant: Brian Labone<\/strong><\/h4>\n<p>Ocen\u011bn\u00ed pro v\u00fdznamn\u00e9ho hr\u00e1\u010de klubov\u00e9 historie z\u00edskal mu\u017e p\u0159ezd\u00edvan\u00fd Mr. Everton. Bohu\u017eel ceremoni\u00e1lu se osobn\u011b nez\u00fa\u010dastnil, jeliko\u017e zem\u0159el v roce 2006.<\/p>\n<\/div>\n","protected":false},"excerpt":{"rendered":"<p>Jako ka\u017ed\u00fd rok i na konci leto\u0161n\u00ed sez\u00f3ny se rozd\u00e1vala klubov\u00e1 ocen\u011bn\u00ed. A trofej pro nejlep\u0161\u00edho hr\u00e1\u010de si odnesl dom\u016f&hellip;<\/p>\n","protected":false},"author":6,"featured_media":1313,"comment_status":"open","ping_status":"closed","sticky":false,"template":"","format":"standard","meta":{"_eb_attr":"","_monsterinsights_skip_tracking":false,"_monsterinsights_sitenote_active":false,"_monsterinsights_sitenote_note":"","_monsterinsights_sitenote_category":0,"footnotes":""},"categories":[42],"tags":[],"yoast_head":"<!-- This site is optimized with the Yoast SEO plugin v23.4 - https:\/\/yoast.com\/wordpress\/plugins\/seo\/ -->\n<title>Ud\u011blovaly se klubov\u00e9 ceny - Official Czech &amp; Slovak Everton Supporters&#039; Club<\/title>\n<meta name=\"robots\" content=\"index, follow, max-snippet:-1, max-image-preview:large, max-video-preview:-1\" \/>\n<link rel=\"canonical\" href=\"https:\/\/evertonfc.cz\/index.php\/2012\/05\/12\/udelovaly-se-klubove-ceny\/\" \/>\n<meta property=\"og:locale\" content=\"cs_CZ\" \/>\n<meta property=\"og:type\" content=\"article\" \/>\n<meta property=\"og:title\" content=\"Ud\u011blovaly se klubov\u00e9 ceny - Official Czech &amp; Slovak Everton Supporters&#039; Club\" \/>\n<meta property=\"og:description\" content=\"Jako ka\u017ed\u00fd rok i na konci leto\u0161n\u00ed sez\u00f3ny se rozd\u00e1vala klubov\u00e1 ocen\u011bn\u00ed. A trofej pro nejlep\u0161\u00edho hr\u00e1\u010de si odnesl dom\u016f&hellip;\" \/>\n<meta property=\"og:url\" content=\"https:\/\/evertonfc.cz\/index.php\/2012\/05\/12\/udelovaly-se-klubove-ceny\/\" \/>\n<meta property=\"og:site_name\" content=\"Official Czech &amp; Slovak Everton Supporters&#039; Club\" \/>\n<meta property=\"article:publisher\" content=\"https:\/\/www.facebook.com\/everton.fans.cz.sk\" \/>\n<meta property=\"article:published_time\" content=\"2012-05-12T16:20:18+00:00\" \/>\n<meta property=\"article:modified_time\" content=\"2019-02-17T20:14:24+00:00\" \/>\n<meta property=\"og:image\" content=\"https:\/\/evertonfc.cz\/wp-content\/uploads\/2019\/01\/news.jpg\" \/>\n\t<meta property=\"og:image:width\" content=\"720\" \/>\n\t<meta property=\"og:image:height\" content=\"405\" \/>\n\t<meta property=\"og:image:type\" content=\"image\/jpeg\" \/>\n<meta name=\"author\" content=\"Ri\u010di\" \/>\n<meta name=\"twitter:card\" content=\"summary_large_image\" \/>\n<meta name=\"twitter:creator\" content=\"@rbrejsa\" \/>\n<meta name=\"twitter:label1\" content=\"Napsal(a)\" \/>\n\t<meta name=\"twitter:data1\" content=\"Ri\u010di\" \/>\n\t<meta name=\"twitter:label2\" content=\"Odhadovan\u00e1 doba \u010dten\u00ed\" \/>\n\t<meta name=\"twitter:data2\" content=\"4 minuty\" \/>\n<script type=\"application\/ld+json\" class=\"yoast-schema-graph\">{\"@context\":\"https:\/\/schema.org\",\"@graph\":[{\"@type\":\"Article\",\"@id\":\"https:\/\/evertonfc.cz\/index.php\/2012\/05\/12\/udelovaly-se-klubove-ceny\/#article\",\"isPartOf\":{\"@id\":\"https:\/\/evertonfc.cz\/index.php\/2012\/05\/12\/udelovaly-se-klubove-ceny\/\"},\"author\":{\"name\":\"Ri\u010di\",\"@id\":\"https:\/\/evertonfc.cz\/#\/schema\/person\/f7a5daedb2ffee98480bc70e191aaef1\"},\"headline\":\"Ud\u011blovaly se klubov\u00e9 ceny\",\"datePublished\":\"2012-05-12T16:20:18+00:00\",\"dateModified\":\"2019-02-17T20:14:24+00:00\",\"mainEntityOfPage\":{\"@id\":\"https:\/\/evertonfc.cz\/index.php\/2012\/05\/12\/udelovaly-se-klubove-ceny\/\"},\"wordCount\":769,\"commentCount\":0,\"publisher\":{\"@id\":\"https:\/\/evertonfc.cz\/#organization\"},\"image\":{\"@id\":\"https:\/\/evertonfc.cz\/index.php\/2012\/05\/12\/udelovaly-se-klubove-ceny\/#primaryimage\"},\"thumbnailUrl\":\"https:\/\/evertonfc.cz\/wp-content\/uploads\/2019\/01\/news.jpg\",\"articleSection\":[\"Aktuality\"],\"inLanguage\":\"cs\",\"potentialAction\":[{\"@type\":\"CommentAction\",\"name\":\"Comment\",\"target\":[\"https:\/\/evertonfc.cz\/index.php\/2012\/05\/12\/udelovaly-se-klubove-ceny\/#respond\"]}]},{\"@type\":\"WebPage\",\"@id\":\"https:\/\/evertonfc.cz\/index.php\/2012\/05\/12\/udelovaly-se-klubove-ceny\/\",\"url\":\"https:\/\/evertonfc.cz\/index.php\/2012\/05\/12\/udelovaly-se-klubove-ceny\/\",\"name\":\"Ud\u011blovaly se klubov\u00e9 ceny - Official Czech &amp; Slovak Everton Supporters&#039; Club\",\"isPartOf\":{\"@id\":\"https:\/\/evertonfc.cz\/#website\"},\"primaryImageOfPage\":{\"@id\":\"https:\/\/evertonfc.cz\/index.php\/2012\/05\/12\/udelovaly-se-klubove-ceny\/#primaryimage\"},\"image\":{\"@id\":\"https:\/\/evertonfc.cz\/index.php\/2012\/05\/12\/udelovaly-se-klubove-ceny\/#primaryimage\"},\"thumbnailUrl\":\"https:\/\/evertonfc.cz\/wp-content\/uploads\/2019\/01\/news.jpg\",\"datePublished\":\"2012-05-12T16:20:18+00:00\",\"dateModified\":\"2019-02-17T20:14:24+00:00\",\"breadcrumb\":{\"@id\":\"https:\/\/evertonfc.cz\/index.php\/2012\/05\/12\/udelovaly-se-klubove-ceny\/#breadcrumb\"},\"inLanguage\":\"cs\",\"potentialAction\":[{\"@type\":\"ReadAction\",\"target\":[\"https:\/\/evertonfc.cz\/index.php\/2012\/05\/12\/udelovaly-se-klubove-ceny\/\"]}]},{\"@type\":\"ImageObject\",\"inLanguage\":\"cs\",\"@id\":\"https:\/\/evertonfc.cz\/index.php\/2012\/05\/12\/udelovaly-se-klubove-ceny\/#primaryimage\",\"url\":\"https:\/\/evertonfc.cz\/wp-content\/uploads\/2019\/01\/news.jpg\",\"contentUrl\":\"https:\/\/evertonfc.cz\/wp-content\/uploads\/2019\/01\/news.jpg\",\"width\":720,\"height\":405},{\"@type\":\"BreadcrumbList\",\"@id\":\"https:\/\/evertonfc.cz\/index.php\/2012\/05\/12\/udelovaly-se-klubove-ceny\/#breadcrumb\",\"itemListElement\":[{\"@type\":\"ListItem\",\"position\":1,\"name\":\"Home\",\"item\":\"https:\/\/evertonfc.cz\/\"},{\"@type\":\"ListItem\",\"position\":2,\"name\":\"Ud\u011blovaly se klubov\u00e9 ceny\"}]},{\"@type\":\"WebSite\",\"@id\":\"https:\/\/evertonfc.cz\/#website\",\"url\":\"https:\/\/evertonfc.cz\/\",\"name\":\"Official Czech &amp; Slovak Everton Supporters&#039; Club\",\"description\":\"\",\"publisher\":{\"@id\":\"https:\/\/evertonfc.cz\/#organization\"},\"potentialAction\":[{\"@type\":\"SearchAction\",\"target\":{\"@type\":\"EntryPoint\",\"urlTemplate\":\"https:\/\/evertonfc.cz\/?s={search_term_string}\"},\"query-input\":{\"@type\":\"PropertyValueSpecification\",\"valueRequired\":true,\"valueName\":\"search_term_string\"}}],\"inLanguage\":\"cs\"},{\"@type\":\"Organization\",\"@id\":\"https:\/\/evertonfc.cz\/#organization\",\"name\":\"Official Czech & Slovak Everton Supporters' Club\",\"url\":\"https:\/\/evertonfc.cz\/\",\"logo\":{\"@type\":\"ImageObject\",\"inLanguage\":\"cs\",\"@id\":\"https:\/\/evertonfc.cz\/#\/schema\/logo\/image\/\",\"url\":\"https:\/\/evertonfc.cz\/wp-content\/uploads\/2019\/05\/logo.png\",\"contentUrl\":\"https:\/\/evertonfc.cz\/wp-content\/uploads\/2019\/05\/logo.png\",\"width\":112,\"height\":112,\"caption\":\"Official Czech & Slovak Everton Supporters' Club\"},\"image\":{\"@id\":\"https:\/\/evertonfc.cz\/#\/schema\/logo\/image\/\"},\"sameAs\":[\"https:\/\/www.facebook.com\/everton.fans.cz.sk\"]},{\"@type\":\"Person\",\"@id\":\"https:\/\/evertonfc.cz\/#\/schema\/person\/f7a5daedb2ffee98480bc70e191aaef1\",\"name\":\"Ri\u010di\",\"sameAs\":[\"https:\/\/x.com\/rbrejsa\"],\"url\":\"https:\/\/evertonfc.cz\/index.php\/author\/rici\/\"}]}<\/script>\n<!-- \/ Yoast SEO plugin. -->","yoast_head_json":{"title":"Ud\u011blovaly se klubov\u00e9 ceny - Official Czech &amp; Slovak Everton Supporters&#039; Club","robots":{"index":"index","follow":"follow","max-snippet":"max-snippet:-1","max-image-preview":"max-image-preview:large","max-video-preview":"max-video-preview:-1"},"canonical":"https:\/\/evertonfc.cz\/index.php\/2012\/05\/12\/udelovaly-se-klubove-ceny\/","og_locale":"cs_CZ","og_type":"article","og_title":"Ud\u011blovaly se klubov\u00e9 ceny - Official Czech &amp; Slovak Everton Supporters&#039; Club","og_description":"Jako ka\u017ed\u00fd rok i na konci leto\u0161n\u00ed sez\u00f3ny se rozd\u00e1vala klubov\u00e1 ocen\u011bn\u00ed. A trofej pro nejlep\u0161\u00edho hr\u00e1\u010de si odnesl dom\u016f&hellip;","og_url":"https:\/\/evertonfc.cz\/index.php\/2012\/05\/12\/udelovaly-se-klubove-ceny\/","og_site_name":"Official Czech &amp; Slovak Everton Supporters&#039; Club","article_publisher":"https:\/\/www.facebook.com\/everton.fans.cz.sk","article_published_time":"2012-05-12T16:20:18+00:00","article_modified_time":"2019-02-17T20:14:24+00:00","og_image":[{"width":720,"height":405,"url":"https:\/\/evertonfc.cz\/wp-content\/uploads\/2019\/01\/news.jpg","type":"image\/jpeg"}],"author":"Ri\u010di","twitter_card":"summary_large_image","twitter_creator":"@rbrejsa","twitter_misc":{"Napsal(a)":"Ri\u010di","Odhadovan\u00e1 doba \u010dten\u00ed":"4 minuty"},"schema":{"@context":"https:\/\/schema.org","@graph":[{"@type":"Article","@id":"https:\/\/evertonfc.cz\/index.php\/2012\/05\/12\/udelovaly-se-klubove-ceny\/#article","isPartOf":{"@id":"https:\/\/evertonfc.cz\/index.php\/2012\/05\/12\/udelovaly-se-klubove-ceny\/"},"author":{"name":"Ri\u010di","@id":"https:\/\/evertonfc.cz\/#\/schema\/person\/f7a5daedb2ffee98480bc70e191aaef1"},"headline":"Ud\u011blovaly se klubov\u00e9 ceny","datePublished":"2012-05-12T16:20:18+00:00","dateModified":"2019-02-17T20:14:24+00:00","mainEntityOfPage":{"@id":"https:\/\/evertonfc.cz\/index.php\/2012\/05\/12\/udelovaly-se-klubove-ceny\/"},"wordCount":769,"commentCount":0,"publisher":{"@id":"https:\/\/evertonfc.cz\/#organization"},"image":{"@id":"https:\/\/evertonfc.cz\/index.php\/2012\/05\/12\/udelovaly-se-klubove-ceny\/#primaryimage"},"thumbnailUrl":"https:\/\/evertonfc.cz\/wp-content\/uploads\/2019\/01\/news.jpg","articleSection":["Aktuality"],"inLanguage":"cs","potentialAction":[{"@type":"CommentAction","name":"Comment","target":["https:\/\/evertonfc.cz\/index.php\/2012\/05\/12\/udelovaly-se-klubove-ceny\/#respond"]}]},{"@type":"WebPage","@id":"https:\/\/evertonfc.cz\/index.php\/2012\/05\/12\/udelovaly-se-klubove-ceny\/","url":"https:\/\/evertonfc.cz\/index.php\/2012\/05\/12\/udelovaly-se-klubove-ceny\/","name":"Ud\u011blovaly se klubov\u00e9 ceny - Official Czech &amp; Slovak Everton Supporters&#039; Club","isPartOf":{"@id":"https:\/\/evertonfc.cz\/#website"},"primaryImageOfPage":{"@id":"https:\/\/evertonfc.cz\/index.php\/2012\/05\/12\/udelovaly-se-klubove-ceny\/#primaryimage"},"image":{"@id":"https:\/\/evertonfc.cz\/index.php\/2012\/05\/12\/udelovaly-se-klubove-ceny\/#primaryimage"},"thumbnailUrl":"https:\/\/evertonfc.cz\/wp-content\/uploads\/2019\/01\/news.jpg","datePublished":"2012-05-12T16:20:18+00:00","dateModified":"2019-02-17T20:14:24+00:00","breadcrumb":{"@id":"https:\/\/evertonfc.cz\/index.php\/2012\/05\/12\/udelovaly-se-klubove-ceny\/#breadcrumb"},"inLanguage":"cs","potentialAction":[{"@type":"ReadAction","target":["https:\/\/evertonfc.cz\/index.php\/2012\/05\/12\/udelovaly-se-klubove-ceny\/"]}]},{"@type":"ImageObject","inLanguage":"cs","@id":"https:\/\/evertonfc.cz\/index.php\/2012\/05\/12\/udelovaly-se-klubove-ceny\/#primaryimage","url":"https:\/\/evertonfc.cz\/wp-content\/uploads\/2019\/01\/news.jpg","contentUrl":"https:\/\/evertonfc.cz\/wp-content\/uploads\/2019\/01\/news.jpg","width":720,"height":405},{"@type":"BreadcrumbList","@id":"https:\/\/evertonfc.cz\/index.php\/2012\/05\/12\/udelovaly-se-klubove-ceny\/#breadcrumb","itemListElement":[{"@type":"ListItem","position":1,"name":"Home","item":"https:\/\/evertonfc.cz\/"},{"@type":"ListItem","position":2,"name":"Ud\u011blovaly se klubov\u00e9 ceny"}]},{"@type":"WebSite","@id":"https:\/\/evertonfc.cz\/#website","url":"https:\/\/evertonfc.cz\/","name":"Official Czech &amp; Slovak Everton Supporters&#039; Club","description":"","publisher":{"@id":"https:\/\/evertonfc.cz\/#organization"},"potentialAction":[{"@type":"SearchAction","target":{"@type":"EntryPoint","urlTemplate":"https:\/\/evertonfc.cz\/?s={search_term_string}"},"query-input":{"@type":"PropertyValueSpecification","valueRequired":true,"valueName":"search_term_string"}}],"inLanguage":"cs"},{"@type":"Organization","@id":"https:\/\/evertonfc.cz\/#organization","name":"Official Czech & Slovak Everton Supporters' Club","url":"https:\/\/evertonfc.cz\/","logo":{"@type":"ImageObject","inLanguage":"cs","@id":"https:\/\/evertonfc.cz\/#\/schema\/logo\/image\/","url":"https:\/\/evertonfc.cz\/wp-content\/uploads\/2019\/05\/logo.png","contentUrl":"https:\/\/evertonfc.cz\/wp-content\/uploads\/2019\/05\/logo.png","width":112,"height":112,"caption":"Official Czech & Slovak Everton Supporters' Club"},"image":{"@id":"https:\/\/evertonfc.cz\/#\/schema\/logo\/image\/"},"sameAs":["https:\/\/www.facebook.com\/everton.fans.cz.sk"]},{"@type":"Person","@id":"https:\/\/evertonfc.cz\/#\/schema\/person\/f7a5daedb2ffee98480bc70e191aaef1","name":"Ri\u010di","sameAs":["https:\/\/x.com\/rbrejsa"],"url":"https:\/\/evertonfc.cz\/index.php\/author\/rici\/"}]}},"_links":{"self":[{"href":"https:\/\/evertonfc.cz\/index.php\/wp-json\/wp\/v2\/posts\/6265"}],"collection":[{"href":"https:\/\/evertonfc.cz\/index.php\/wp-json\/wp\/v2\/posts"}],"about":[{"href":"https:\/\/evertonfc.cz\/index.php\/wp-json\/wp\/v2\/types\/post"}],"author":[{"embeddable":true,"href":"https:\/\/evertonfc.cz\/index.php\/wp-json\/wp\/v2\/users\/6"}],"replies":[{"embeddable":true,"href":"https:\/\/evertonfc.cz\/index.php\/wp-json\/wp\/v2\/comments?post=6265"}],"version-history":[{"count":3,"href":"https:\/\/evertonfc.cz\/index.php\/wp-json\/wp\/v2\/posts\/6265\/revisions"}],"predecessor-version":[{"id":6445,"href":"https:\/\/evertonfc.cz\/index.php\/wp-json\/wp\/v2\/posts\/6265\/revisions\/6445"}],"wp:featuredmedia":[{"embeddable":true,"href":"https:\/\/evertonfc.cz\/index.php\/wp-json\/wp\/v2\/media\/1313"}],"wp:attachment":[{"href":"https:\/\/evertonfc.cz\/index.php\/wp-json\/wp\/v2\/media?parent=6265"}],"wp:term":[{"taxonomy":"category","embeddable":true,"href":"https:\/\/evertonfc.cz\/index.php\/wp-json\/wp\/v2\/categories?post=6265"},{"taxonomy":"post_tag","embeddable":true,"href":"https:\/\/evertonfc.cz\/index.php\/wp-json\/wp\/v2\/tags?post=6265"}],"curies":[{"name":"wp","href":"https:\/\/api.w.org\/{rel}","templated":true}]}}