{"id":6277,"date":"2012-05-01T18:23:39","date_gmt":"2012-05-01T16:23:39","guid":{"rendered":"http:\/\/evertonfc.cz\/?p=6277"},"modified":"2024-11-02T13:45:25","modified_gmt":"2024-11-02T12:45:25","slug":"preview-stoke-city-everton-8","status":"publish","type":"post","link":"https:\/\/evertonfc.cz\/index.php\/2012\/05\/01\/preview-stoke-city-everton-8\/","title":{"rendered":"Preview: Stoke City &#8211; Everton"},"content":{"rendered":"<h4 id=\"NewsPostDetailSummary\">Boj o sedmou p\u0159\u00ed\u010dku se, zd\u00e1 se, z\u00fa\u017eil pouze na dva celky z Merseyside, p\u0159i\u010dem\u017e oba na sv\u00e1te\u010dn\u00ed \u00fater\u00fd dohr\u00e1vaj\u00ed 34. kolo. A ten lep\u0161\u00ed celek z t\u00e9to dvojice zaj\u00ed\u017ed\u00ed na Britannia Stadium.<\/h4>\n<div id=\"NewsPostDetailContent\">\n<p>I kdy\u017e jsou oba t\u00fdmy mimo ohro\u017een\u00ed sestupu nebo u\u017e nemohou pom\u00fd\u0161let na kvalifikaci do evropsk\u00fdch poh\u00e1r\u016f, rozhodn\u011b maj\u00ed o co hr\u00e1t. Stoke City m\u016f\u017ee poprv\u00e9 od roku 1975 skon\u010dit v prvn\u00ed polovin\u011b tabulky. Pokud k tomu p\u0159ipo\u010dteme dosa\u017een\u00ed osmifin\u00e1le v Evropsk\u00e9 lize, nejen Tony Pulis by sez\u00f3nu ur\u010dit\u011b hodnotil jako \u00fasp\u011b\u0161nou.<\/p>\n<p>A Everton st\u00e1le douf\u00e1 v odplatu Liverpoolu za vy\u0159azen\u00ed ze semifin\u00e1le FA Cupu. Aktu\u00e1ln\u011b m\u00e1 k sedm\u00e9mu m\u00edstu o dva body bl\u00ed\u017ee ne\u017e jeho m\u011bstsk\u00fd rival, kter\u00fd na sv\u00e9m h\u0159i\u0161ti p\u0159iv\u00edt\u00e1 Fulham. Cottagers si tak b\u011bhem \u010dty\u0159 dn\u016f zahraj\u00ed na obou liverpoolsk\u00fdch stadionech. Pro LFC se jim snad bude da\u0159it l\u00e9pe ne\u017e v sobotu na Goodison Parku, kde Nikica Jelavi\u0107 op\u011bt udivoval svou st\u0159eleckou potenc\u00ed. Jeho dva g\u00f3ly p\u0159isp\u011bly k demolici 4:0.<\/p>\n<p>Stoke i o v\u00edkendu z\u016fstalo ve sv\u00e9m domov\u011b, p\u0159iv\u00edtalo Arsenal. T\u0159et\u00ed t\u00fdm Premier League jenom remizoval 1:1 a ztratil dva bod\u00edky. Tony Pulis v\u00ed, \u017ee jeho v\u00fdb\u011br \u010dek\u00e1 dal\u0161\u00ed t\u011b\u017ek\u00e9 st\u0159etnut\u00ed: <em>\u201eEverton aktu\u00e1ln\u011b formou pat\u0159\u00ed k nejlep\u0161\u00edm mu\u017estv\u016fm ligy, tak\u017ee se budeme muset hodn\u011b sna\u017eit, abychom jim neodevzdali v\u0161echny body.\u201c<\/em><\/p>\n<h4><strong>Z\u00e1pasov\u00e1 fakta<\/strong><\/h4>\n<p>Vz\u00e1jemn\u00e1<br \/>\n\u2022 Stoke v posledn\u00edch dvou ligov\u00fdch utk\u00e1n\u00edch nad Everton poka\u017ed\u00e9 zv\u00edt\u011bzil, ani\u017e by obdr\u017eel branku. V prosinci vyloupil Goodison Park a pokud by usp\u011bl i dnes, bude to poprv\u00e9 od sez\u00f3ny 1966\/67, kdy Toffees poraz\u00ed dvakr\u00e1t v jednom ro\u010dn\u00edku.<\/p>\n<p>Stoke City<br \/>\n\u2022 Doma neprohr\u00e1l p\u011bt posledn\u00edch z\u00e1pas\u016f v lize, ov\u0161em v Premier League si z osmi posledn\u00edch pokus\u016f p\u0159ipsal pouze jedin\u00fd t\u0159\u00edbodov\u00fd zisk.<br \/>\n\u2022 V sez\u00f3n\u011b 2011\/12 nast\u0159\u00edlel pouze 33 branek, nikdy z Premiership nem\u00e1 m\u00e9n\u011b.\u2022 Pouze jedna branka mu chyb\u00ed k dosa\u017een\u00ed stovky ligov\u00fdch g\u00f3l\u016f na Britannia Stadium.<br \/>\n\u2022 Ryanu Shawcrossovi chyb\u00ed jeden start k 200. utk\u00e1n\u00ed za Stoke, Cameron Jerom je zase t\u011bsn\u011b pod hranic\u00ed ligov\u00e9ho utk\u00e1n\u00ed \u010d\u00edslo 200.<\/p>\n<p>Everton<br \/>\n\u2022 Nepoznal ho\u0159kost prohry v lize \u0161est z\u00e1pas\u016f (4 v\u00fdhry, 2 rem\u00edzy) a byl dvakr\u00e1t poko\u0159en v posledn\u00ed 15 kl\u00e1n\u00ed Premier League.<br \/>\n\u2022 V posledn\u00edch t\u0159ech ligov\u00fdch utk\u00e1n\u00edch v ka\u017ed\u00e9m st\u0159etnut\u00ed st\u0159elil \u010dty\u0159i branky, co\u017e se mu naposledy poda\u0159ilo v roce 1964.<br \/>\n\u2022 Nikica Jelavi\u0107 nast\u0159\u00edlel v posledn\u00edch sedmi startech v r\u00e1mci v\u0161ech sout\u011b\u017e\u00ed dev\u011bt branek.<br \/>\n\u2022 V lize se trefil 46x. 23 branek zaznamenali Toffees ve dvan\u00e1cti z\u00e1pasech od debutu Jelavi\u0107e (4. \u00fanor). Na prvn\u00edch 23 g\u00f3l\u016f p\u0159itom pot\u0159ebovali stejn\u00fd po\u010det kol.<\/p>\n<h4><strong>Absence<\/strong><\/h4>\n<p>Andyho Wilkisona tr\u00e1p\u00ed t\u0159\u00edsla, a tak op\u011bt nenastoup\u00ed. Del\u0161\u00ed dobu jsou mimo Mamady Sidibe (kolenn\u00ed \u0161lachy) a Salif Diao (koleno). Tony Pulis posad\u00ed na lavi\u010dku brank\u00e1\u0159skou jedni\u010dku Asmira Begovi\u0107e, jeliko\u017e jeho n\u00e1hradn\u00edk Thomas Sorensen se pot\u0159ebuje p\u0159ed bl\u00ed\u017e\u00edc\u00edm Mistrovstv\u00edm Evropy rozchytat.<\/p>\n<p>St\u00e1le chyb\u00ed se stehnem laboruj\u00edc\u00ed Leighton Baines s Jackem Rodwellem a z k\u00e1dru vy\u0159azen\u00fd Royston Drenthe. Ze sobotn\u00ed souboje s Fulhamem jsou u n\u011bkter\u00fdch hr\u00e1\u010d\u016f mo\u017en\u00e9 drobn\u00e9 \u0161r\u00e1my.<\/p>\n<p><strong>Stoke City FC &#8211; Everton FC<br \/>\n<\/strong>Dohr\u00e1van\u00e9 34. kolo Premier League<br \/>\n01.05.2012 od 20:45 SE\u010c, Britannia Stadium, Stoke-on-Trent<br \/>\n<strong>Rozhod\u010d\u00ed:<\/strong> Anthony Taylor<\/p>\n<\/div>\n","protected":false},"excerpt":{"rendered":"<p>Boj o sedmou p\u0159\u00ed\u010dku se, zd\u00e1 se, z\u00fa\u017eil pouze na dva celky z Merseyside, p\u0159i\u010dem\u017e oba na sv\u00e1te\u010dn\u00ed \u00fater\u00fd dohr\u00e1vaj\u00ed&hellip;<\/p>\n","protected":false},"author":6,"featured_media":25544,"comment_status":"open","ping_status":"closed","sticky":false,"template":"","format":"standard","meta":{"_eb_attr":"","_monsterinsights_skip_tracking":false,"_monsterinsights_sitenote_active":false,"_monsterinsights_sitenote_note":"","_monsterinsights_sitenote_category":0,"footnotes":""},"categories":[4],"tags":[],"yoast_head":"<!-- This site is optimized with the Yoast SEO plugin v23.4 - https:\/\/yoast.com\/wordpress\/plugins\/seo\/ -->\n<title>Preview: Stoke City - Everton - Official Czech &amp; Slovak Everton Supporters&#039; Club<\/title>\n<meta name=\"robots\" content=\"index, follow, max-snippet:-1, max-image-preview:large, max-video-preview:-1\" \/>\n<link rel=\"canonical\" href=\"https:\/\/evertonfc.cz\/index.php\/2012\/05\/01\/preview-stoke-city-everton-8\/\" \/>\n<meta property=\"og:locale\" content=\"cs_CZ\" \/>\n<meta property=\"og:type\" content=\"article\" \/>\n<meta property=\"og:title\" content=\"Preview: Stoke City - Everton - Official Czech &amp; Slovak Everton Supporters&#039; Club\" \/>\n<meta property=\"og:description\" content=\"Boj o sedmou p\u0159\u00ed\u010dku se, zd\u00e1 se, z\u00fa\u017eil pouze na dva celky z Merseyside, p\u0159i\u010dem\u017e oba na sv\u00e1te\u010dn\u00ed \u00fater\u00fd dohr\u00e1vaj\u00ed&hellip;\" \/>\n<meta property=\"og:url\" content=\"https:\/\/evertonfc.cz\/index.php\/2012\/05\/01\/preview-stoke-city-everton-8\/\" \/>\n<meta property=\"og:site_name\" content=\"Official Czech &amp; Slovak Everton Supporters&#039; Club\" \/>\n<meta property=\"article:publisher\" content=\"https:\/\/www.facebook.com\/everton.fans.cz.sk\" \/>\n<meta property=\"article:published_time\" content=\"2012-05-01T16:23:39+00:00\" \/>\n<meta property=\"article:modified_time\" content=\"2024-11-02T12:45:25+00:00\" \/>\n<meta property=\"og:image\" content=\"https:\/\/evertonfc.cz\/wp-content\/uploads\/2024\/11\/Stoke-City-VS-Everton.png\" \/>\n\t<meta property=\"og:image:width\" content=\"720\" \/>\n\t<meta property=\"og:image:height\" content=\"405\" \/>\n\t<meta property=\"og:image:type\" content=\"image\/png\" \/>\n<meta name=\"author\" content=\"Ri\u010di\" \/>\n<meta name=\"twitter:card\" content=\"summary_large_image\" \/>\n<meta name=\"twitter:creator\" content=\"@rbrejsa\" \/>\n<meta name=\"twitter:label1\" content=\"Napsal(a)\" \/>\n\t<meta name=\"twitter:data1\" content=\"Ri\u010di\" \/>\n\t<meta name=\"twitter:label2\" content=\"Odhadovan\u00e1 doba \u010dten\u00ed\" \/>\n\t<meta name=\"twitter:data2\" content=\"3 minuty\" \/>\n<script type=\"application\/ld+json\" class=\"yoast-schema-graph\">{\"@context\":\"https:\/\/schema.org\",\"@graph\":[{\"@type\":\"Article\",\"@id\":\"https:\/\/evertonfc.cz\/index.php\/2012\/05\/01\/preview-stoke-city-everton-8\/#article\",\"isPartOf\":{\"@id\":\"https:\/\/evertonfc.cz\/index.php\/2012\/05\/01\/preview-stoke-city-everton-8\/\"},\"author\":{\"name\":\"Ri\u010di\",\"@id\":\"https:\/\/evertonfc.cz\/#\/schema\/person\/f7a5daedb2ffee98480bc70e191aaef1\"},\"headline\":\"Preview: Stoke City &#8211; Everton\",\"datePublished\":\"2012-05-01T16:23:39+00:00\",\"dateModified\":\"2024-11-02T12:45:25+00:00\",\"mainEntityOfPage\":{\"@id\":\"https:\/\/evertonfc.cz\/index.php\/2012\/05\/01\/preview-stoke-city-everton-8\/\"},\"wordCount\":626,\"commentCount\":0,\"publisher\":{\"@id\":\"https:\/\/evertonfc.cz\/#organization\"},\"image\":{\"@id\":\"https:\/\/evertonfc.cz\/index.php\/2012\/05\/01\/preview-stoke-city-everton-8\/#primaryimage\"},\"thumbnailUrl\":\"https:\/\/evertonfc.cz\/wp-content\/uploads\/2024\/11\/Stoke-City-VS-Everton.png\",\"articleSection\":[\"Z\u00e1pasy\"],\"inLanguage\":\"cs\",\"potentialAction\":[{\"@type\":\"CommentAction\",\"name\":\"Comment\",\"target\":[\"https:\/\/evertonfc.cz\/index.php\/2012\/05\/01\/preview-stoke-city-everton-8\/#respond\"]}]},{\"@type\":\"WebPage\",\"@id\":\"https:\/\/evertonfc.cz\/index.php\/2012\/05\/01\/preview-stoke-city-everton-8\/\",\"url\":\"https:\/\/evertonfc.cz\/index.php\/2012\/05\/01\/preview-stoke-city-everton-8\/\",\"name\":\"Preview: Stoke City - Everton - Official Czech &amp; Slovak Everton Supporters&#039; Club\",\"isPartOf\":{\"@id\":\"https:\/\/evertonfc.cz\/#website\"},\"primaryImageOfPage\":{\"@id\":\"https:\/\/evertonfc.cz\/index.php\/2012\/05\/01\/preview-stoke-city-everton-8\/#primaryimage\"},\"image\":{\"@id\":\"https:\/\/evertonfc.cz\/index.php\/2012\/05\/01\/preview-stoke-city-everton-8\/#primaryimage\"},\"thumbnailUrl\":\"https:\/\/evertonfc.cz\/wp-content\/uploads\/2024\/11\/Stoke-City-VS-Everton.png\",\"datePublished\":\"2012-05-01T16:23:39+00:00\",\"dateModified\":\"2024-11-02T12:45:25+00:00\",\"breadcrumb\":{\"@id\":\"https:\/\/evertonfc.cz\/index.php\/2012\/05\/01\/preview-stoke-city-everton-8\/#breadcrumb\"},\"inLanguage\":\"cs\",\"potentialAction\":[{\"@type\":\"ReadAction\",\"target\":[\"https:\/\/evertonfc.cz\/index.php\/2012\/05\/01\/preview-stoke-city-everton-8\/\"]}]},{\"@type\":\"ImageObject\",\"inLanguage\":\"cs\",\"@id\":\"https:\/\/evertonfc.cz\/index.php\/2012\/05\/01\/preview-stoke-city-everton-8\/#primaryimage\",\"url\":\"https:\/\/evertonfc.cz\/wp-content\/uploads\/2024\/11\/Stoke-City-VS-Everton.png\",\"contentUrl\":\"https:\/\/evertonfc.cz\/wp-content\/uploads\/2024\/11\/Stoke-City-VS-Everton.png\",\"width\":720,\"height\":405},{\"@type\":\"BreadcrumbList\",\"@id\":\"https:\/\/evertonfc.cz\/index.php\/2012\/05\/01\/preview-stoke-city-everton-8\/#breadcrumb\",\"itemListElement\":[{\"@type\":\"ListItem\",\"position\":1,\"name\":\"Home\",\"item\":\"https:\/\/evertonfc.cz\/\"},{\"@type\":\"ListItem\",\"position\":2,\"name\":\"Preview: Stoke City &#8211; Everton\"}]},{\"@type\":\"WebSite\",\"@id\":\"https:\/\/evertonfc.cz\/#website\",\"url\":\"https:\/\/evertonfc.cz\/\",\"name\":\"Official Czech &amp; Slovak Everton Supporters&#039; Club\",\"description\":\"\",\"publisher\":{\"@id\":\"https:\/\/evertonfc.cz\/#organization\"},\"potentialAction\":[{\"@type\":\"SearchAction\",\"target\":{\"@type\":\"EntryPoint\",\"urlTemplate\":\"https:\/\/evertonfc.cz\/?s={search_term_string}\"},\"query-input\":{\"@type\":\"PropertyValueSpecification\",\"valueRequired\":true,\"valueName\":\"search_term_string\"}}],\"inLanguage\":\"cs\"},{\"@type\":\"Organization\",\"@id\":\"https:\/\/evertonfc.cz\/#organization\",\"name\":\"Official Czech & Slovak Everton Supporters' Club\",\"url\":\"https:\/\/evertonfc.cz\/\",\"logo\":{\"@type\":\"ImageObject\",\"inLanguage\":\"cs\",\"@id\":\"https:\/\/evertonfc.cz\/#\/schema\/logo\/image\/\",\"url\":\"https:\/\/evertonfc.cz\/wp-content\/uploads\/2019\/05\/logo.png\",\"contentUrl\":\"https:\/\/evertonfc.cz\/wp-content\/uploads\/2019\/05\/logo.png\",\"width\":112,\"height\":112,\"caption\":\"Official Czech & Slovak Everton Supporters' Club\"},\"image\":{\"@id\":\"https:\/\/evertonfc.cz\/#\/schema\/logo\/image\/\"},\"sameAs\":[\"https:\/\/www.facebook.com\/everton.fans.cz.sk\"]},{\"@type\":\"Person\",\"@id\":\"https:\/\/evertonfc.cz\/#\/schema\/person\/f7a5daedb2ffee98480bc70e191aaef1\",\"name\":\"Ri\u010di\",\"sameAs\":[\"https:\/\/x.com\/rbrejsa\"],\"url\":\"https:\/\/evertonfc.cz\/index.php\/author\/rici\/\"}]}<\/script>\n<!-- \/ Yoast SEO plugin. -->","yoast_head_json":{"title":"Preview: Stoke City - Everton - Official Czech &amp; Slovak Everton Supporters&#039; Club","robots":{"index":"index","follow":"follow","max-snippet":"max-snippet:-1","max-image-preview":"max-image-preview:large","max-video-preview":"max-video-preview:-1"},"canonical":"https:\/\/evertonfc.cz\/index.php\/2012\/05\/01\/preview-stoke-city-everton-8\/","og_locale":"cs_CZ","og_type":"article","og_title":"Preview: Stoke City - Everton - Official Czech &amp; Slovak Everton Supporters&#039; Club","og_description":"Boj o sedmou p\u0159\u00ed\u010dku se, zd\u00e1 se, z\u00fa\u017eil pouze na dva celky z Merseyside, p\u0159i\u010dem\u017e oba na sv\u00e1te\u010dn\u00ed \u00fater\u00fd dohr\u00e1vaj\u00ed&hellip;","og_url":"https:\/\/evertonfc.cz\/index.php\/2012\/05\/01\/preview-stoke-city-everton-8\/","og_site_name":"Official Czech &amp; Slovak Everton Supporters&#039; Club","article_publisher":"https:\/\/www.facebook.com\/everton.fans.cz.sk","article_published_time":"2012-05-01T16:23:39+00:00","article_modified_time":"2024-11-02T12:45:25+00:00","og_image":[{"width":720,"height":405,"url":"https:\/\/evertonfc.cz\/wp-content\/uploads\/2024\/11\/Stoke-City-VS-Everton.png","type":"image\/png"}],"author":"Ri\u010di","twitter_card":"summary_large_image","twitter_creator":"@rbrejsa","twitter_misc":{"Napsal(a)":"Ri\u010di","Odhadovan\u00e1 doba \u010dten\u00ed":"3 minuty"},"schema":{"@context":"https:\/\/schema.org","@graph":[{"@type":"Article","@id":"https:\/\/evertonfc.cz\/index.php\/2012\/05\/01\/preview-stoke-city-everton-8\/#article","isPartOf":{"@id":"https:\/\/evertonfc.cz\/index.php\/2012\/05\/01\/preview-stoke-city-everton-8\/"},"author":{"name":"Ri\u010di","@id":"https:\/\/evertonfc.cz\/#\/schema\/person\/f7a5daedb2ffee98480bc70e191aaef1"},"headline":"Preview: Stoke City &#8211; Everton","datePublished":"2012-05-01T16:23:39+00:00","dateModified":"2024-11-02T12:45:25+00:00","mainEntityOfPage":{"@id":"https:\/\/evertonfc.cz\/index.php\/2012\/05\/01\/preview-stoke-city-everton-8\/"},"wordCount":626,"commentCount":0,"publisher":{"@id":"https:\/\/evertonfc.cz\/#organization"},"image":{"@id":"https:\/\/evertonfc.cz\/index.php\/2012\/05\/01\/preview-stoke-city-everton-8\/#primaryimage"},"thumbnailUrl":"https:\/\/evertonfc.cz\/wp-content\/uploads\/2024\/11\/Stoke-City-VS-Everton.png","articleSection":["Z\u00e1pasy"],"inLanguage":"cs","potentialAction":[{"@type":"CommentAction","name":"Comment","target":["https:\/\/evertonfc.cz\/index.php\/2012\/05\/01\/preview-stoke-city-everton-8\/#respond"]}]},{"@type":"WebPage","@id":"https:\/\/evertonfc.cz\/index.php\/2012\/05\/01\/preview-stoke-city-everton-8\/","url":"https:\/\/evertonfc.cz\/index.php\/2012\/05\/01\/preview-stoke-city-everton-8\/","name":"Preview: Stoke City - Everton - Official Czech &amp; Slovak Everton Supporters&#039; Club","isPartOf":{"@id":"https:\/\/evertonfc.cz\/#website"},"primaryImageOfPage":{"@id":"https:\/\/evertonfc.cz\/index.php\/2012\/05\/01\/preview-stoke-city-everton-8\/#primaryimage"},"image":{"@id":"https:\/\/evertonfc.cz\/index.php\/2012\/05\/01\/preview-stoke-city-everton-8\/#primaryimage"},"thumbnailUrl":"https:\/\/evertonfc.cz\/wp-content\/uploads\/2024\/11\/Stoke-City-VS-Everton.png","datePublished":"2012-05-01T16:23:39+00:00","dateModified":"2024-11-02T12:45:25+00:00","breadcrumb":{"@id":"https:\/\/evertonfc.cz\/index.php\/2012\/05\/01\/preview-stoke-city-everton-8\/#breadcrumb"},"inLanguage":"cs","potentialAction":[{"@type":"ReadAction","target":["https:\/\/evertonfc.cz\/index.php\/2012\/05\/01\/preview-stoke-city-everton-8\/"]}]},{"@type":"ImageObject","inLanguage":"cs","@id":"https:\/\/evertonfc.cz\/index.php\/2012\/05\/01\/preview-stoke-city-everton-8\/#primaryimage","url":"https:\/\/evertonfc.cz\/wp-content\/uploads\/2024\/11\/Stoke-City-VS-Everton.png","contentUrl":"https:\/\/evertonfc.cz\/wp-content\/uploads\/2024\/11\/Stoke-City-VS-Everton.png","width":720,"height":405},{"@type":"BreadcrumbList","@id":"https:\/\/evertonfc.cz\/index.php\/2012\/05\/01\/preview-stoke-city-everton-8\/#breadcrumb","itemListElement":[{"@type":"ListItem","position":1,"name":"Home","item":"https:\/\/evertonfc.cz\/"},{"@type":"ListItem","position":2,"name":"Preview: Stoke City &#8211; Everton"}]},{"@type":"WebSite","@id":"https:\/\/evertonfc.cz\/#website","url":"https:\/\/evertonfc.cz\/","name":"Official Czech &amp; Slovak Everton Supporters&#039; Club","description":"","publisher":{"@id":"https:\/\/evertonfc.cz\/#organization"},"potentialAction":[{"@type":"SearchAction","target":{"@type":"EntryPoint","urlTemplate":"https:\/\/evertonfc.cz\/?s={search_term_string}"},"query-input":{"@type":"PropertyValueSpecification","valueRequired":true,"valueName":"search_term_string"}}],"inLanguage":"cs"},{"@type":"Organization","@id":"https:\/\/evertonfc.cz\/#organization","name":"Official Czech & Slovak Everton Supporters' Club","url":"https:\/\/evertonfc.cz\/","logo":{"@type":"ImageObject","inLanguage":"cs","@id":"https:\/\/evertonfc.cz\/#\/schema\/logo\/image\/","url":"https:\/\/evertonfc.cz\/wp-content\/uploads\/2019\/05\/logo.png","contentUrl":"https:\/\/evertonfc.cz\/wp-content\/uploads\/2019\/05\/logo.png","width":112,"height":112,"caption":"Official Czech & Slovak Everton Supporters' Club"},"image":{"@id":"https:\/\/evertonfc.cz\/#\/schema\/logo\/image\/"},"sameAs":["https:\/\/www.facebook.com\/everton.fans.cz.sk"]},{"@type":"Person","@id":"https:\/\/evertonfc.cz\/#\/schema\/person\/f7a5daedb2ffee98480bc70e191aaef1","name":"Ri\u010di","sameAs":["https:\/\/x.com\/rbrejsa"],"url":"https:\/\/evertonfc.cz\/index.php\/author\/rici\/"}]}},"_links":{"self":[{"href":"https:\/\/evertonfc.cz\/index.php\/wp-json\/wp\/v2\/posts\/6277"}],"collection":[{"href":"https:\/\/evertonfc.cz\/index.php\/wp-json\/wp\/v2\/posts"}],"about":[{"href":"https:\/\/evertonfc.cz\/index.php\/wp-json\/wp\/v2\/types\/post"}],"author":[{"embeddable":true,"href":"https:\/\/evertonfc.cz\/index.php\/wp-json\/wp\/v2\/users\/6"}],"replies":[{"embeddable":true,"href":"https:\/\/evertonfc.cz\/index.php\/wp-json\/wp\/v2\/comments?post=6277"}],"version-history":[{"count":3,"href":"https:\/\/evertonfc.cz\/index.php\/wp-json\/wp\/v2\/posts\/6277\/revisions"}],"predecessor-version":[{"id":6452,"href":"https:\/\/evertonfc.cz\/index.php\/wp-json\/wp\/v2\/posts\/6277\/revisions\/6452"}],"wp:featuredmedia":[{"embeddable":true,"href":"https:\/\/evertonfc.cz\/index.php\/wp-json\/wp\/v2\/media\/25544"}],"wp:attachment":[{"href":"https:\/\/evertonfc.cz\/index.php\/wp-json\/wp\/v2\/media?parent=6277"}],"wp:term":[{"taxonomy":"category","embeddable":true,"href":"https:\/\/evertonfc.cz\/index.php\/wp-json\/wp\/v2\/categories?post=6277"},{"taxonomy":"post_tag","embeddable":true,"href":"https:\/\/evertonfc.cz\/index.php\/wp-json\/wp\/v2\/tags?post=6277"}],"curies":[{"name":"wp","href":"https:\/\/api.w.org\/{rel}","templated":true}]}}