{"id":6285,"date":"2012-04-01T18:26:44","date_gmt":"2012-04-01T16:26:44","guid":{"rendered":"http:\/\/evertonfc.cz\/?p=6285"},"modified":"2019-02-17T21:36:24","modified_gmt":"2019-02-17T20:36:24","slug":"everton-west-bromwich-albion-20","status":"publish","type":"post","link":"https:\/\/evertonfc.cz\/index.php\/2012\/04\/01\/everton-west-bromwich-albion-20\/","title":{"rendered":"Everton &#8211; West Bromwich Albion 2:0"},"content":{"rendered":"<h4 id=\"NewsPostDetailSummary\">Everton proti West Bromu nav\u00e1zal na posledn\u00ed dobr\u00e9 v\u00fdkony a v\u00fdhrou 2:0 si upevnil postaven\u00ed v horn\u00ed polovin\u011b tabulky Premier League.<\/h4>\n<div id=\"NewsPostDetailContent\">\n<p>Oproti poh\u00e1rov\u00e9mu duelu na p\u016fd\u011b Sunderlandu dostali od \u00favodn\u00ed minuty \u0161anci Tony Hibbert, Phil Jagielka a Steven Pienaar, zat\u00edmco Phil Neville, Sylvain Distin a Magaye Gueye jim m\u00edsto uvolnili.<\/p>\n<p>Z\u00e1kladn\u00ed XI<br \/>\nEverton: Howard, Hibbert, Jagielk, Heitinga, Baines, Osman, Gibson, Fellaini, Pienaar, Cahill, Jelavi\u0107<br \/>\nwest Brom: Foster, Jones, Olsson, Ridgewell, Scharner, Andrews, Brunt, McAuley, Tchoyi, Long, Odemwingie.<\/p>\n<p>U\u017e ve druh\u00e9 minut\u011b na\u0161el Baines centrem Leona Osmana, jeho\u017e hlavi\u010dka t\u011bsn\u011b minula br\u00e1nu. Dv\u011b minuty na to po Pienaarov\u011b p\u0159i\u0165uknut\u00ed p\u00e1lil z velk\u00e9 d\u00e1lky Gibson nad. Everton v \u00favodu p\u016fsobil aktivn\u011bji a do\u010dkal se tak\u00e9 branky, v 18. minut\u011b si Osman vym\u011bnil m\u00ed\u010d s Jelavi\u0107em, prvn\u011b jmenovan\u00fd vyst\u0159elil. Jeho pokus je\u0161t\u011b sta\u010dil te\u010dovat hostuj\u00edc\u00ed McAuley, na co\u017e Foster nemohl zareagovat, a tak se Everton ujal veden\u00ed &#8211; <strong>1:0<\/strong>.<\/p>\n<p>West Brom odpov\u011bd\u011bl ve 27. minut\u011b Scharnerovou akc\u00ed, Howard v\u0161ak jeho projektil vyrazil. S n\u00e1sleduj\u00edc\u00ed dor\u00e1\u017ekou si neporadil Chris Brunt, kdy\u017e trefil jen sv\u00e9ho spoluhr\u00e1\u010de Longa.<\/p>\n<p>Po dal\u0161\u00ed p\u011bkn\u00e9 akci Toffees sebral odra\u017een\u00fd m\u00ed\u010d za v\u00e1pnem Fellaini a s jeho st\u0159elou m\u011bl Foster pln\u00e9 ruce pr\u00e1ce. Aktivn\u00ed byl Pienaar, po samostatn\u00e9 akci o metr minul br\u00e1nu.<\/p>\n<p>V polo\u010dasov\u00e9 p\u0159est\u00e1vce si \u0161el odpo\u010dinout Leon Osman, jeho\u017e nahradil Magaye Gueye. Ve druh\u00e9m polo\u010dase nejprve z uctihodn\u00e9 vzd\u00e1lenosti minul Fellaini a hlavi\u010dku Jelavi\u0107e zne\u0161kodnil Foster. Chorvat hr\u00e1l dal\u0161\u00ed poveden\u00e9 utk\u00e1n\u00ed, co\u017e sledoval z hledi\u0161t\u011b i jeho reprezenta\u010dn\u00ed tren\u00e9r Slaven Bili\u0107.<\/p>\n<p>Na druh\u00e9 stran\u011b zkou\u0161el sv\u00e9 \u0161t\u011bst\u00ed Keith Andrews, av\u0161ak velmi nep\u0159esn\u011b.<\/p>\n<p>V 62. minut\u011b nahradil Cahilla Vic Anichebe. A Nigerijec se v leto\u0161n\u00ed sez\u00f3n\u011b ukazuje jako perfektn\u00ed \u017eol\u00edk. V 68. minut\u011b pot\u00e1hl Pienaar balon, za velk\u00fdm v\u00e1pnem ho p\u0159ihr\u00e1l Anichebemu, kter\u00fd k\u0159i\u017enou st\u0159elou sk\u00f3roval &#8211; <strong>2:0<\/strong>.<\/p>\n<p>V 74. minut\u011b Jelavi\u0107 pati\u010dkou posunul Pienaara do vylo\u017een\u00e9 \u0161ance, ten ale s\u00e1m p\u0159ed Fosterem nechal vyniknout branka\u0159e West Bromu.<\/p>\n<p>Z \u00fahlu to pak zkou\u0161el Peter Odemwingie, Howarda na \u0161vestk\u00e1ch nenachytal. Ameri\u010dana nep\u0159ekvapila ani st\u0159ela Fortun\u00e9ho.<\/p>\n<p>Po p\u0159i\u0165uknut\u00ed Anichebeho p\u00e1lil ve v\u00e1pn\u011b slab\u011b a do g\u00f3lmana Jelavi\u0107. V 85. minut\u011b musel v\u0161e op\u011bt zachra\u0148ovat Foster, kdy\u017e jeho defenziva nechala voln\u00e9ho Gueyeho po rozehr\u00e1vce rohov\u00e9ho kopu.<\/p>\n<p><strong>Branky:<\/strong> 18. McAuley vlastn\u00ed, 68. Anichebe<br \/>\n<strong>\u017dK:<\/strong> Cahill, Jelavi\u0107 &#8211; Olsson<br \/>\n<strong>Everton FC:<\/strong> Tim Howard, Tony Hibbert, John Heitinga, Phil Jagielka, Leighton Baines, Leon Osman (46. Magaye Gueye), Darron Gibson, Marouane Fellaini, Steven Pienaar, Tim Cahill (62. Victor Anichebe), Nikica Jelavi\u0107 (87. James McFadden)<br \/>\n<strong>West Bromwich Albion:<\/strong> Ben Foster, Billy Jones, Gareth McAuley, Jonas Olsson, Liam Ridgewell, Somen Tchoyi (73. Marc-Antoine Fortun\u00e9), Paul Scharner (67. Graham Dorrans), Keith Andrews, Chris Brunt (77. Simon Cox), Peter Odemwingie, Shane Long<br \/>\n<strong>Rozhod\u010d\u00ed:<\/strong> Peter Walton<br \/>\n<strong>Div\u00e1ci:<\/strong> 32 051<\/p>\n<\/div>\n","protected":false},"excerpt":{"rendered":"<p>Everton proti West Bromu nav\u00e1zal na posledn\u00ed dobr\u00e9 v\u00fdkony a v\u00fdhrou 2:0 si upevnil postaven\u00ed v horn\u00ed polovin\u011b tabulky Premier&hellip;<\/p>\n","protected":false},"author":6,"featured_media":1315,"comment_status":"open","ping_status":"closed","sticky":false,"template":"","format":"standard","meta":{"_eb_attr":"","_monsterinsights_skip_tracking":false,"_monsterinsights_sitenote_active":false,"_monsterinsights_sitenote_note":"","_monsterinsights_sitenote_category":0,"footnotes":""},"categories":[4],"tags":[],"yoast_head":"<!-- This site is optimized with the Yoast SEO plugin v23.4 - https:\/\/yoast.com\/wordpress\/plugins\/seo\/ -->\n<title>Everton - West Bromwich Albion 2:0 - Official Czech &amp; Slovak Everton Supporters&#039; Club<\/title>\n<meta name=\"robots\" content=\"index, follow, max-snippet:-1, max-image-preview:large, max-video-preview:-1\" \/>\n<link rel=\"canonical\" href=\"https:\/\/evertonfc.cz\/index.php\/2012\/04\/01\/everton-west-bromwich-albion-20\/\" \/>\n<meta property=\"og:locale\" content=\"cs_CZ\" \/>\n<meta property=\"og:type\" content=\"article\" \/>\n<meta property=\"og:title\" content=\"Everton - West Bromwich Albion 2:0 - Official Czech &amp; Slovak Everton Supporters&#039; Club\" \/>\n<meta property=\"og:description\" content=\"Everton proti West Bromu nav\u00e1zal na posledn\u00ed dobr\u00e9 v\u00fdkony a v\u00fdhrou 2:0 si upevnil postaven\u00ed v horn\u00ed polovin\u011b tabulky Premier&hellip;\" \/>\n<meta property=\"og:url\" content=\"https:\/\/evertonfc.cz\/index.php\/2012\/04\/01\/everton-west-bromwich-albion-20\/\" \/>\n<meta property=\"og:site_name\" content=\"Official Czech &amp; Slovak Everton Supporters&#039; Club\" \/>\n<meta property=\"article:publisher\" content=\"https:\/\/www.facebook.com\/everton.fans.cz.sk\" \/>\n<meta property=\"article:published_time\" content=\"2012-04-01T16:26:44+00:00\" \/>\n<meta property=\"article:modified_time\" content=\"2019-02-17T20:36:24+00:00\" \/>\n<meta property=\"og:image\" content=\"https:\/\/evertonfc.cz\/wp-content\/uploads\/2019\/01\/report.jpg\" \/>\n\t<meta property=\"og:image:width\" content=\"720\" \/>\n\t<meta property=\"og:image:height\" content=\"405\" \/>\n\t<meta property=\"og:image:type\" content=\"image\/jpeg\" \/>\n<meta name=\"author\" content=\"Ri\u010di\" \/>\n<meta name=\"twitter:card\" content=\"summary_large_image\" \/>\n<meta name=\"twitter:creator\" content=\"@rbrejsa\" \/>\n<meta name=\"twitter:label1\" content=\"Napsal(a)\" \/>\n\t<meta name=\"twitter:data1\" content=\"Ri\u010di\" \/>\n\t<meta name=\"twitter:label2\" content=\"Odhadovan\u00e1 doba \u010dten\u00ed\" \/>\n\t<meta name=\"twitter:data2\" content=\"3 minuty\" \/>\n<script type=\"application\/ld+json\" class=\"yoast-schema-graph\">{\"@context\":\"https:\/\/schema.org\",\"@graph\":[{\"@type\":\"Article\",\"@id\":\"https:\/\/evertonfc.cz\/index.php\/2012\/04\/01\/everton-west-bromwich-albion-20\/#article\",\"isPartOf\":{\"@id\":\"https:\/\/evertonfc.cz\/index.php\/2012\/04\/01\/everton-west-bromwich-albion-20\/\"},\"author\":{\"name\":\"Ri\u010di\",\"@id\":\"https:\/\/evertonfc.cz\/#\/schema\/person\/f7a5daedb2ffee98480bc70e191aaef1\"},\"headline\":\"Everton &#8211; West Bromwich Albion 2:0\",\"datePublished\":\"2012-04-01T16:26:44+00:00\",\"dateModified\":\"2019-02-17T20:36:24+00:00\",\"mainEntityOfPage\":{\"@id\":\"https:\/\/evertonfc.cz\/index.php\/2012\/04\/01\/everton-west-bromwich-albion-20\/\"},\"wordCount\":520,\"commentCount\":0,\"publisher\":{\"@id\":\"https:\/\/evertonfc.cz\/#organization\"},\"image\":{\"@id\":\"https:\/\/evertonfc.cz\/index.php\/2012\/04\/01\/everton-west-bromwich-albion-20\/#primaryimage\"},\"thumbnailUrl\":\"https:\/\/evertonfc.cz\/wp-content\/uploads\/2019\/01\/report.jpg\",\"articleSection\":[\"Z\u00e1pasy\"],\"inLanguage\":\"cs\",\"potentialAction\":[{\"@type\":\"CommentAction\",\"name\":\"Comment\",\"target\":[\"https:\/\/evertonfc.cz\/index.php\/2012\/04\/01\/everton-west-bromwich-albion-20\/#respond\"]}]},{\"@type\":\"WebPage\",\"@id\":\"https:\/\/evertonfc.cz\/index.php\/2012\/04\/01\/everton-west-bromwich-albion-20\/\",\"url\":\"https:\/\/evertonfc.cz\/index.php\/2012\/04\/01\/everton-west-bromwich-albion-20\/\",\"name\":\"Everton - West Bromwich Albion 2:0 - Official Czech &amp; Slovak Everton Supporters&#039; Club\",\"isPartOf\":{\"@id\":\"https:\/\/evertonfc.cz\/#website\"},\"primaryImageOfPage\":{\"@id\":\"https:\/\/evertonfc.cz\/index.php\/2012\/04\/01\/everton-west-bromwich-albion-20\/#primaryimage\"},\"image\":{\"@id\":\"https:\/\/evertonfc.cz\/index.php\/2012\/04\/01\/everton-west-bromwich-albion-20\/#primaryimage\"},\"thumbnailUrl\":\"https:\/\/evertonfc.cz\/wp-content\/uploads\/2019\/01\/report.jpg\",\"datePublished\":\"2012-04-01T16:26:44+00:00\",\"dateModified\":\"2019-02-17T20:36:24+00:00\",\"breadcrumb\":{\"@id\":\"https:\/\/evertonfc.cz\/index.php\/2012\/04\/01\/everton-west-bromwich-albion-20\/#breadcrumb\"},\"inLanguage\":\"cs\",\"potentialAction\":[{\"@type\":\"ReadAction\",\"target\":[\"https:\/\/evertonfc.cz\/index.php\/2012\/04\/01\/everton-west-bromwich-albion-20\/\"]}]},{\"@type\":\"ImageObject\",\"inLanguage\":\"cs\",\"@id\":\"https:\/\/evertonfc.cz\/index.php\/2012\/04\/01\/everton-west-bromwich-albion-20\/#primaryimage\",\"url\":\"https:\/\/evertonfc.cz\/wp-content\/uploads\/2019\/01\/report.jpg\",\"contentUrl\":\"https:\/\/evertonfc.cz\/wp-content\/uploads\/2019\/01\/report.jpg\",\"width\":720,\"height\":405},{\"@type\":\"BreadcrumbList\",\"@id\":\"https:\/\/evertonfc.cz\/index.php\/2012\/04\/01\/everton-west-bromwich-albion-20\/#breadcrumb\",\"itemListElement\":[{\"@type\":\"ListItem\",\"position\":1,\"name\":\"Home\",\"item\":\"https:\/\/evertonfc.cz\/\"},{\"@type\":\"ListItem\",\"position\":2,\"name\":\"Everton &#8211; West Bromwich Albion 2:0\"}]},{\"@type\":\"WebSite\",\"@id\":\"https:\/\/evertonfc.cz\/#website\",\"url\":\"https:\/\/evertonfc.cz\/\",\"name\":\"Official Czech &amp; Slovak Everton Supporters&#039; Club\",\"description\":\"\",\"publisher\":{\"@id\":\"https:\/\/evertonfc.cz\/#organization\"},\"potentialAction\":[{\"@type\":\"SearchAction\",\"target\":{\"@type\":\"EntryPoint\",\"urlTemplate\":\"https:\/\/evertonfc.cz\/?s={search_term_string}\"},\"query-input\":{\"@type\":\"PropertyValueSpecification\",\"valueRequired\":true,\"valueName\":\"search_term_string\"}}],\"inLanguage\":\"cs\"},{\"@type\":\"Organization\",\"@id\":\"https:\/\/evertonfc.cz\/#organization\",\"name\":\"Official Czech & Slovak Everton Supporters' Club\",\"url\":\"https:\/\/evertonfc.cz\/\",\"logo\":{\"@type\":\"ImageObject\",\"inLanguage\":\"cs\",\"@id\":\"https:\/\/evertonfc.cz\/#\/schema\/logo\/image\/\",\"url\":\"https:\/\/evertonfc.cz\/wp-content\/uploads\/2019\/05\/logo.png\",\"contentUrl\":\"https:\/\/evertonfc.cz\/wp-content\/uploads\/2019\/05\/logo.png\",\"width\":112,\"height\":112,\"caption\":\"Official Czech & Slovak Everton Supporters' Club\"},\"image\":{\"@id\":\"https:\/\/evertonfc.cz\/#\/schema\/logo\/image\/\"},\"sameAs\":[\"https:\/\/www.facebook.com\/everton.fans.cz.sk\"]},{\"@type\":\"Person\",\"@id\":\"https:\/\/evertonfc.cz\/#\/schema\/person\/f7a5daedb2ffee98480bc70e191aaef1\",\"name\":\"Ri\u010di\",\"sameAs\":[\"https:\/\/x.com\/rbrejsa\"],\"url\":\"https:\/\/evertonfc.cz\/index.php\/author\/rici\/\"}]}<\/script>\n<!-- \/ Yoast SEO plugin. -->","yoast_head_json":{"title":"Everton - West Bromwich Albion 2:0 - Official Czech &amp; Slovak Everton Supporters&#039; Club","robots":{"index":"index","follow":"follow","max-snippet":"max-snippet:-1","max-image-preview":"max-image-preview:large","max-video-preview":"max-video-preview:-1"},"canonical":"https:\/\/evertonfc.cz\/index.php\/2012\/04\/01\/everton-west-bromwich-albion-20\/","og_locale":"cs_CZ","og_type":"article","og_title":"Everton - West Bromwich Albion 2:0 - Official Czech &amp; Slovak Everton Supporters&#039; Club","og_description":"Everton proti West Bromu nav\u00e1zal na posledn\u00ed dobr\u00e9 v\u00fdkony a v\u00fdhrou 2:0 si upevnil postaven\u00ed v horn\u00ed polovin\u011b tabulky Premier&hellip;","og_url":"https:\/\/evertonfc.cz\/index.php\/2012\/04\/01\/everton-west-bromwich-albion-20\/","og_site_name":"Official Czech &amp; Slovak Everton Supporters&#039; Club","article_publisher":"https:\/\/www.facebook.com\/everton.fans.cz.sk","article_published_time":"2012-04-01T16:26:44+00:00","article_modified_time":"2019-02-17T20:36:24+00:00","og_image":[{"width":720,"height":405,"url":"https:\/\/evertonfc.cz\/wp-content\/uploads\/2019\/01\/report.jpg","type":"image\/jpeg"}],"author":"Ri\u010di","twitter_card":"summary_large_image","twitter_creator":"@rbrejsa","twitter_misc":{"Napsal(a)":"Ri\u010di","Odhadovan\u00e1 doba \u010dten\u00ed":"3 minuty"},"schema":{"@context":"https:\/\/schema.org","@graph":[{"@type":"Article","@id":"https:\/\/evertonfc.cz\/index.php\/2012\/04\/01\/everton-west-bromwich-albion-20\/#article","isPartOf":{"@id":"https:\/\/evertonfc.cz\/index.php\/2012\/04\/01\/everton-west-bromwich-albion-20\/"},"author":{"name":"Ri\u010di","@id":"https:\/\/evertonfc.cz\/#\/schema\/person\/f7a5daedb2ffee98480bc70e191aaef1"},"headline":"Everton &#8211; West Bromwich Albion 2:0","datePublished":"2012-04-01T16:26:44+00:00","dateModified":"2019-02-17T20:36:24+00:00","mainEntityOfPage":{"@id":"https:\/\/evertonfc.cz\/index.php\/2012\/04\/01\/everton-west-bromwich-albion-20\/"},"wordCount":520,"commentCount":0,"publisher":{"@id":"https:\/\/evertonfc.cz\/#organization"},"image":{"@id":"https:\/\/evertonfc.cz\/index.php\/2012\/04\/01\/everton-west-bromwich-albion-20\/#primaryimage"},"thumbnailUrl":"https:\/\/evertonfc.cz\/wp-content\/uploads\/2019\/01\/report.jpg","articleSection":["Z\u00e1pasy"],"inLanguage":"cs","potentialAction":[{"@type":"CommentAction","name":"Comment","target":["https:\/\/evertonfc.cz\/index.php\/2012\/04\/01\/everton-west-bromwich-albion-20\/#respond"]}]},{"@type":"WebPage","@id":"https:\/\/evertonfc.cz\/index.php\/2012\/04\/01\/everton-west-bromwich-albion-20\/","url":"https:\/\/evertonfc.cz\/index.php\/2012\/04\/01\/everton-west-bromwich-albion-20\/","name":"Everton - West Bromwich Albion 2:0 - Official Czech &amp; Slovak Everton Supporters&#039; Club","isPartOf":{"@id":"https:\/\/evertonfc.cz\/#website"},"primaryImageOfPage":{"@id":"https:\/\/evertonfc.cz\/index.php\/2012\/04\/01\/everton-west-bromwich-albion-20\/#primaryimage"},"image":{"@id":"https:\/\/evertonfc.cz\/index.php\/2012\/04\/01\/everton-west-bromwich-albion-20\/#primaryimage"},"thumbnailUrl":"https:\/\/evertonfc.cz\/wp-content\/uploads\/2019\/01\/report.jpg","datePublished":"2012-04-01T16:26:44+00:00","dateModified":"2019-02-17T20:36:24+00:00","breadcrumb":{"@id":"https:\/\/evertonfc.cz\/index.php\/2012\/04\/01\/everton-west-bromwich-albion-20\/#breadcrumb"},"inLanguage":"cs","potentialAction":[{"@type":"ReadAction","target":["https:\/\/evertonfc.cz\/index.php\/2012\/04\/01\/everton-west-bromwich-albion-20\/"]}]},{"@type":"ImageObject","inLanguage":"cs","@id":"https:\/\/evertonfc.cz\/index.php\/2012\/04\/01\/everton-west-bromwich-albion-20\/#primaryimage","url":"https:\/\/evertonfc.cz\/wp-content\/uploads\/2019\/01\/report.jpg","contentUrl":"https:\/\/evertonfc.cz\/wp-content\/uploads\/2019\/01\/report.jpg","width":720,"height":405},{"@type":"BreadcrumbList","@id":"https:\/\/evertonfc.cz\/index.php\/2012\/04\/01\/everton-west-bromwich-albion-20\/#breadcrumb","itemListElement":[{"@type":"ListItem","position":1,"name":"Home","item":"https:\/\/evertonfc.cz\/"},{"@type":"ListItem","position":2,"name":"Everton &#8211; West Bromwich Albion 2:0"}]},{"@type":"WebSite","@id":"https:\/\/evertonfc.cz\/#website","url":"https:\/\/evertonfc.cz\/","name":"Official Czech &amp; Slovak Everton Supporters&#039; Club","description":"","publisher":{"@id":"https:\/\/evertonfc.cz\/#organization"},"potentialAction":[{"@type":"SearchAction","target":{"@type":"EntryPoint","urlTemplate":"https:\/\/evertonfc.cz\/?s={search_term_string}"},"query-input":{"@type":"PropertyValueSpecification","valueRequired":true,"valueName":"search_term_string"}}],"inLanguage":"cs"},{"@type":"Organization","@id":"https:\/\/evertonfc.cz\/#organization","name":"Official Czech & Slovak Everton Supporters' Club","url":"https:\/\/evertonfc.cz\/","logo":{"@type":"ImageObject","inLanguage":"cs","@id":"https:\/\/evertonfc.cz\/#\/schema\/logo\/image\/","url":"https:\/\/evertonfc.cz\/wp-content\/uploads\/2019\/05\/logo.png","contentUrl":"https:\/\/evertonfc.cz\/wp-content\/uploads\/2019\/05\/logo.png","width":112,"height":112,"caption":"Official Czech & Slovak Everton Supporters' Club"},"image":{"@id":"https:\/\/evertonfc.cz\/#\/schema\/logo\/image\/"},"sameAs":["https:\/\/www.facebook.com\/everton.fans.cz.sk"]},{"@type":"Person","@id":"https:\/\/evertonfc.cz\/#\/schema\/person\/f7a5daedb2ffee98480bc70e191aaef1","name":"Ri\u010di","sameAs":["https:\/\/x.com\/rbrejsa"],"url":"https:\/\/evertonfc.cz\/index.php\/author\/rici\/"}]}},"_links":{"self":[{"href":"https:\/\/evertonfc.cz\/index.php\/wp-json\/wp\/v2\/posts\/6285"}],"collection":[{"href":"https:\/\/evertonfc.cz\/index.php\/wp-json\/wp\/v2\/posts"}],"about":[{"href":"https:\/\/evertonfc.cz\/index.php\/wp-json\/wp\/v2\/types\/post"}],"author":[{"embeddable":true,"href":"https:\/\/evertonfc.cz\/index.php\/wp-json\/wp\/v2\/users\/6"}],"replies":[{"embeddable":true,"href":"https:\/\/evertonfc.cz\/index.php\/wp-json\/wp\/v2\/comments?post=6285"}],"version-history":[{"count":2,"href":"https:\/\/evertonfc.cz\/index.php\/wp-json\/wp\/v2\/posts\/6285\/revisions"}],"predecessor-version":[{"id":6475,"href":"https:\/\/evertonfc.cz\/index.php\/wp-json\/wp\/v2\/posts\/6285\/revisions\/6475"}],"wp:featuredmedia":[{"embeddable":true,"href":"https:\/\/evertonfc.cz\/index.php\/wp-json\/wp\/v2\/media\/1315"}],"wp:attachment":[{"href":"https:\/\/evertonfc.cz\/index.php\/wp-json\/wp\/v2\/media?parent=6285"}],"wp:term":[{"taxonomy":"category","embeddable":true,"href":"https:\/\/evertonfc.cz\/index.php\/wp-json\/wp\/v2\/categories?post=6285"},{"taxonomy":"post_tag","embeddable":true,"href":"https:\/\/evertonfc.cz\/index.php\/wp-json\/wp\/v2\/tags?post=6285"}],"curies":[{"name":"wp","href":"https:\/\/api.w.org\/{rel}","templated":true}]}}