{"id":6319,"date":"2012-04-09T18:44:05","date_gmt":"2012-04-09T16:44:05","guid":{"rendered":"http:\/\/evertonfc.cz\/?p=6319"},"modified":"2019-02-17T21:34:17","modified_gmt":"2019-02-17T20:34:17","slug":"everton-sunderland-40","status":"publish","type":"post","link":"https:\/\/evertonfc.cz\/index.php\/2012\/04\/09\/everton-sunderland-40\/","title":{"rendered":"Everton &#8211; Sunderland 4:0"},"content":{"rendered":"<h4 id=\"NewsPostDetailSummary\">Velikono\u010dn\u00ed pond\u011bl\u00ed Everton opravdu zp\u0159\u00edjemnit um\u00ed. Nezvykl\u00fdm g\u00f3lov\u00fdm p\u0159edstaven\u00edm i s oslabenou sestavou rozst\u0159\u00edlel Sunderland.<\/h4>\n<div id=\"NewsPostDetailContent\">\n<p>Ji\u017e z\u00e1kladn\u00ed sestava jednozna\u010dn\u011b napov\u011bd\u011bla, \u017ee Everton b\u011bhem nadch\u00e1zej\u00edc\u00edho v\u00edkendu \u010dek\u00e1 nejv\u011bt\u0161\u00ed z\u00e1pas sezony. \u0160et\u0159it na semifin\u00e1le FA Cupu se tak mohl Leighton Baines, jen\u017e se tak v s\u00e9rii odehran\u00fdch ligov\u00fdch z\u00e1pas\u016f v \u0159ad\u011b zastavil na \u010d\u00edsle 99, a na lavi\u010dce se neobjevil ani Tim Cahill a Nikica Jelavi\u0107. V \u00favodn\u00ed jeden\u00e1ctce je nahradili Phil Neville, Denis Stracqualursi a James McFadden, p\u0159i\u010dem\u017e k n\u00e1hradn\u00edk\u016fm tentokr\u00e1t pat\u0159ili i jinak nepostradateln\u00ed Sylvain Distin a Darron Gibson.<\/p>\n<p>\u00davodn\u00ed minuty nab\u00eddly vcelku pohledn\u00fd fotbal v pod\u00e1n\u00ed dom\u00e1c\u00edch, dominance nicm\u00e9n\u011b k ohro\u017een\u00ed br\u00e1ny nevedla. Hra se nav\u00edc brzy zklidnila do takov\u00e9 m\u00edry, \u017ee prvn\u00ed \u0161ance nejen dom\u00e1c\u00edch, ale cel\u00e9ho z\u00e1pasu, p\u0159i\u0161la a\u017e v 28. minut\u011b. Tehdy se po p\u011bkn\u00e9 v\u00fdm\u011bn\u011b dostal do v\u00e1pna Magaye Gueye, kde p\u0159ihr\u00e1val l\u00e9pe postaven\u00e9mu Stevenu Pienaarovi, kter\u00fd ale b\u0159evno vysoko p\u0159est\u0159elil. Se\u0159\u00edzenou mu\u0161ku nem\u011bl o minutu pozd\u011bji ani Marouane Fellaini se svoj\u00ed dalekonosnou r\u00e1nou.<\/p>\n<p>Sunderland o sob\u011b dal po\u0159\u00e1dn\u011b v\u011bd\u011bt a\u017e po p\u016flhodin\u011b. Larsson uvolnil u prav\u00e9 postrann\u00ed \u010d\u00e1ry Bardsleyho, kter\u00fd bez v\u00e1h\u00e1n\u00ed centroval a p\u0159ed Timem Howardem u\u017e \u010dekal Sessegnon se sv\u00fdmi efektn\u00edmi n\u016f\u017ekami, kter\u00e9 si ale cestu do br\u00e1ny neprost\u0159\u00edhaly. Na druh\u00e9 stran\u011b se o chv\u00edli pozd\u011bji o slovo p\u0159ihl\u00e1sil McFadden, ov\u0161em se svoj\u00ed st\u0159elou zpoza v\u00e1pna neusp\u011bl. Potvrzen\u00ed toho, \u017ee p\u0159ed p\u0159est\u00e1vkou se hra p\u0159ece jen zvedla p\u0159inesl je\u0161t\u011b James McClean, kter\u00fd se prot\u00e1hl kolem v\u00e1pna a nep\u0159esn\u011b, by\u0165 celkem nebezpe\u010dn\u011b, vyst\u0159elil.<\/p>\n<p>Tak\u00e9 druh\u00fd polo\u010das Toffees odstartovali aktivn\u011b, tentokr\u00e1t ji\u017e ov\u0161em s g\u00f3lov\u00fdm p\u0159\u00eddavkem. V 50. minut\u011b se po rozehr\u00e1n\u00ed rohov\u00e9ho kopu dostal ke st\u0159ele z prvn\u00ed Leon Osman, jeho\u017e st\u0159elu Mignolet zlikvidoval. M\u00ed\u010d v\u0161ak vyrazil sm\u011brem k \u010d\u00edhaj\u00edc\u00edmu Gueyemu, kter\u00fd z \u00fahlu prop\u00e1lil v\u0161echno, co mu st\u00e1lo v cest\u011b a mohl oslavit sv\u016fj prvn\u00ed g\u00f3l v modr\u00e9m dresu.<\/p>\n<p>S dr\u017een\u00edm v\u00fdsledku nem\u011bl Everton kdov\u00edjak\u00e9 pot\u00ed\u017ee. A\u017e do 74. minuty, kdy se Sunderland po dlouh\u00e9 dob\u011b osm\u011blil a byla z toho skrum\u00e1\u017e p\u0159ed Howardovou br\u00e1nou, ze kter\u00e9 ale Blues vy\u0161li z \u010distou k\u016f\u017e\u00ed. To u\u017e se ale nedalo \u0159\u00edct o n\u00e1sleduj\u00edc\u00edm d\u011bn\u00ed na druh\u00e9 stran\u011b h\u0159i\u0161t\u011b.<\/p>\n<p>Patn\u00e1ct minut p\u0159ed koncem se u konce jedn\u00e9 z akc\u00ed ocitl Steven Pienaar, m\u00ed\u010d si ide\u00e1ln\u011b p\u0159ipravil a kr\u00e1snou technickou st\u0159elou balon z okraje v\u00e1pna zakroutil ke vzd\u00e1len\u011bj\u0161\u00ed ty\u010di. To ale z reperto\u00e1ru dom\u00e1c\u00edch nebylo v\u0161echno. Black Cats se je\u0161t\u011b nesta\u010dili rozkoukat a Leon Osman u\u017e kulat\u00fd nesmysl n\u00e1dhern\u011b m\u00ed\u0159il po p\u011bkn\u00e9 mezih\u0159e do vnit\u0159n\u00ed strany ty\u010de a za z\u00e1da ne\u0161\u0165astn\u00e9ho Mignoleta.<\/p>\n<p>Everton tak poprv\u00e9 od konce \u0159\u00edjna vst\u0159elil v z\u00e1pase t\u0159i g\u00f3ly, na jejich pom\u011bry u\u017e tak velk\u00e9mu apetitu to ale po\u0159\u00e1d bylo m\u00e1lo. To u\u017e byl na h\u0159i\u0161ti \u0161t\u011bst\u00ed a hlavn\u011b g\u00f3ly p\u0159in\u00e1\u0161ej\u00edc\u00ed \u017eol\u00edk Victor Anichebe a byl to pr\u00e1v\u011b on, kdo p\u0159idal \u010dtvrt\u00fd h\u0159eb\u00ed\u010dek do rakve Mackems, kdy\u017e napodruh\u00e9 jeho pokus po p\u0159ihr\u00e1vce Pienaara z oto\u010dky po te\u010di doplachtil do odkryt\u00e9 br\u00e1ny.<\/p>\n<p>I s \u00famysln\u011b oslabenou sestavou a my\u0161lenkami ve Wembley tak Everton p\u0159ekvapiv\u011b rutinn\u011b do\u0161el ke sv\u00e9mu nejv\u011bt\u0161\u00edmu v\u00edt\u011bzstv\u00ed sezony a my m\u016f\u017eeme jen doufat, \u017ee z\u00edskan\u00e9 sebev\u011bdom\u00ed z\u00faro\u010d\u00ed i v on\u00e9 z\u00e1sadn\u00ed sobotn\u00ed bitv\u011b.<\/p>\n<p><strong>Everton: <\/strong>Howard, Hibbert, Heitinga, Jagielka, Neville (83. Coleman), Gueye, McFadden (65. Drenthe), Pienaar, Fellaini (78. Anichebe), Osman, Stracqualursi<\/p>\n<p><strong>Sunderland:<\/strong> Mignolet, Bardsley (58. Richardson), Kilgallon, Turner, Vaughan (75. Wickham), Cattermole (59. Ji Dong-Won), Larsson, Gardner, Colback, McClean, Sessegnon<\/p>\n<p><strong>G\u00f3ly: <\/strong>51. Gueye, 75. Pienaar, 76. Osman, 81. Anichebe<\/p>\n<p><strong>\u017dlut\u00e9 karty: <\/strong>Cattermole, Richardson<\/p>\n<p><strong>Dr\u017een\u00ed m\u00ed\u010de: <\/strong>61% &#8211; 39%<\/p>\n<p><strong>St\u0159ely celkem: <\/strong>22 &#8211; 3<\/p>\n<p><strong>St\u0159ely na br\u00e1nu: <\/strong>12 &#8211; 0<\/p>\n<p><strong>Rohov\u00e9 kopy:<\/strong> 5 &#8211; 2<\/p>\n<\/div>\n","protected":false},"excerpt":{"rendered":"<p>Velikono\u010dn\u00ed pond\u011bl\u00ed Everton opravdu zp\u0159\u00edjemnit um\u00ed. Nezvykl\u00fdm g\u00f3lov\u00fdm p\u0159edstaven\u00edm i s oslabenou sestavou rozst\u0159\u00edlel Sunderland. Ji\u017e z\u00e1kladn\u00ed sestava jednozna\u010dn\u011b napov\u011bd\u011bla,&hellip;<\/p>\n","protected":false},"author":7,"featured_media":1315,"comment_status":"open","ping_status":"closed","sticky":false,"template":"","format":"standard","meta":{"_eb_attr":"","_monsterinsights_skip_tracking":false,"_monsterinsights_sitenote_active":false,"_monsterinsights_sitenote_note":"","_monsterinsights_sitenote_category":0,"footnotes":""},"categories":[4],"tags":[],"yoast_head":"<!-- This site is optimized with the Yoast SEO plugin v23.4 - https:\/\/yoast.com\/wordpress\/plugins\/seo\/ -->\n<title>Everton - Sunderland 4:0 - Official Czech &amp; Slovak Everton Supporters&#039; Club<\/title>\n<meta name=\"robots\" content=\"index, follow, max-snippet:-1, max-image-preview:large, max-video-preview:-1\" \/>\n<link rel=\"canonical\" href=\"https:\/\/evertonfc.cz\/index.php\/2012\/04\/09\/everton-sunderland-40\/\" \/>\n<meta property=\"og:locale\" content=\"cs_CZ\" \/>\n<meta property=\"og:type\" content=\"article\" \/>\n<meta property=\"og:title\" content=\"Everton - Sunderland 4:0 - Official Czech &amp; Slovak Everton Supporters&#039; Club\" \/>\n<meta property=\"og:description\" content=\"Velikono\u010dn\u00ed pond\u011bl\u00ed Everton opravdu zp\u0159\u00edjemnit um\u00ed. Nezvykl\u00fdm g\u00f3lov\u00fdm p\u0159edstaven\u00edm i s oslabenou sestavou rozst\u0159\u00edlel Sunderland. Ji\u017e z\u00e1kladn\u00ed sestava jednozna\u010dn\u011b napov\u011bd\u011bla,&hellip;\" \/>\n<meta property=\"og:url\" content=\"https:\/\/evertonfc.cz\/index.php\/2012\/04\/09\/everton-sunderland-40\/\" \/>\n<meta property=\"og:site_name\" content=\"Official Czech &amp; Slovak Everton Supporters&#039; Club\" \/>\n<meta property=\"article:publisher\" content=\"https:\/\/www.facebook.com\/everton.fans.cz.sk\" \/>\n<meta property=\"article:published_time\" content=\"2012-04-09T16:44:05+00:00\" \/>\n<meta property=\"article:modified_time\" content=\"2019-02-17T20:34:17+00:00\" \/>\n<meta property=\"og:image\" content=\"https:\/\/evertonfc.cz\/wp-content\/uploads\/2019\/01\/report.jpg\" \/>\n\t<meta property=\"og:image:width\" content=\"720\" \/>\n\t<meta property=\"og:image:height\" content=\"405\" \/>\n\t<meta property=\"og:image:type\" content=\"image\/jpeg\" \/>\n<meta name=\"author\" content=\"Me\u0148a\" \/>\n<meta name=\"twitter:card\" content=\"summary_large_image\" \/>\n<meta name=\"twitter:label1\" content=\"Napsal(a)\" \/>\n\t<meta name=\"twitter:data1\" content=\"Me\u0148a\" \/>\n\t<meta name=\"twitter:label2\" content=\"Odhadovan\u00e1 doba \u010dten\u00ed\" \/>\n\t<meta name=\"twitter:data2\" content=\"4 minuty\" \/>\n<script type=\"application\/ld+json\" class=\"yoast-schema-graph\">{\"@context\":\"https:\/\/schema.org\",\"@graph\":[{\"@type\":\"Article\",\"@id\":\"https:\/\/evertonfc.cz\/index.php\/2012\/04\/09\/everton-sunderland-40\/#article\",\"isPartOf\":{\"@id\":\"https:\/\/evertonfc.cz\/index.php\/2012\/04\/09\/everton-sunderland-40\/\"},\"author\":{\"name\":\"Me\u0148a\",\"@id\":\"https:\/\/evertonfc.cz\/#\/schema\/person\/cd6328a75577de2add7793fd4b0930c3\"},\"headline\":\"Everton &#8211; Sunderland 4:0\",\"datePublished\":\"2012-04-09T16:44:05+00:00\",\"dateModified\":\"2019-02-17T20:34:17+00:00\",\"mainEntityOfPage\":{\"@id\":\"https:\/\/evertonfc.cz\/index.php\/2012\/04\/09\/everton-sunderland-40\/\"},\"wordCount\":757,\"commentCount\":0,\"publisher\":{\"@id\":\"https:\/\/evertonfc.cz\/#organization\"},\"image\":{\"@id\":\"https:\/\/evertonfc.cz\/index.php\/2012\/04\/09\/everton-sunderland-40\/#primaryimage\"},\"thumbnailUrl\":\"https:\/\/evertonfc.cz\/wp-content\/uploads\/2019\/01\/report.jpg\",\"articleSection\":[\"Z\u00e1pasy\"],\"inLanguage\":\"cs\",\"potentialAction\":[{\"@type\":\"CommentAction\",\"name\":\"Comment\",\"target\":[\"https:\/\/evertonfc.cz\/index.php\/2012\/04\/09\/everton-sunderland-40\/#respond\"]}]},{\"@type\":\"WebPage\",\"@id\":\"https:\/\/evertonfc.cz\/index.php\/2012\/04\/09\/everton-sunderland-40\/\",\"url\":\"https:\/\/evertonfc.cz\/index.php\/2012\/04\/09\/everton-sunderland-40\/\",\"name\":\"Everton - Sunderland 4:0 - Official Czech &amp; Slovak Everton Supporters&#039; Club\",\"isPartOf\":{\"@id\":\"https:\/\/evertonfc.cz\/#website\"},\"primaryImageOfPage\":{\"@id\":\"https:\/\/evertonfc.cz\/index.php\/2012\/04\/09\/everton-sunderland-40\/#primaryimage\"},\"image\":{\"@id\":\"https:\/\/evertonfc.cz\/index.php\/2012\/04\/09\/everton-sunderland-40\/#primaryimage\"},\"thumbnailUrl\":\"https:\/\/evertonfc.cz\/wp-content\/uploads\/2019\/01\/report.jpg\",\"datePublished\":\"2012-04-09T16:44:05+00:00\",\"dateModified\":\"2019-02-17T20:34:17+00:00\",\"breadcrumb\":{\"@id\":\"https:\/\/evertonfc.cz\/index.php\/2012\/04\/09\/everton-sunderland-40\/#breadcrumb\"},\"inLanguage\":\"cs\",\"potentialAction\":[{\"@type\":\"ReadAction\",\"target\":[\"https:\/\/evertonfc.cz\/index.php\/2012\/04\/09\/everton-sunderland-40\/\"]}]},{\"@type\":\"ImageObject\",\"inLanguage\":\"cs\",\"@id\":\"https:\/\/evertonfc.cz\/index.php\/2012\/04\/09\/everton-sunderland-40\/#primaryimage\",\"url\":\"https:\/\/evertonfc.cz\/wp-content\/uploads\/2019\/01\/report.jpg\",\"contentUrl\":\"https:\/\/evertonfc.cz\/wp-content\/uploads\/2019\/01\/report.jpg\",\"width\":720,\"height\":405},{\"@type\":\"BreadcrumbList\",\"@id\":\"https:\/\/evertonfc.cz\/index.php\/2012\/04\/09\/everton-sunderland-40\/#breadcrumb\",\"itemListElement\":[{\"@type\":\"ListItem\",\"position\":1,\"name\":\"Home\",\"item\":\"https:\/\/evertonfc.cz\/\"},{\"@type\":\"ListItem\",\"position\":2,\"name\":\"Everton &#8211; Sunderland 4:0\"}]},{\"@type\":\"WebSite\",\"@id\":\"https:\/\/evertonfc.cz\/#website\",\"url\":\"https:\/\/evertonfc.cz\/\",\"name\":\"Official Czech &amp; Slovak Everton Supporters&#039; Club\",\"description\":\"\",\"publisher\":{\"@id\":\"https:\/\/evertonfc.cz\/#organization\"},\"potentialAction\":[{\"@type\":\"SearchAction\",\"target\":{\"@type\":\"EntryPoint\",\"urlTemplate\":\"https:\/\/evertonfc.cz\/?s={search_term_string}\"},\"query-input\":{\"@type\":\"PropertyValueSpecification\",\"valueRequired\":true,\"valueName\":\"search_term_string\"}}],\"inLanguage\":\"cs\"},{\"@type\":\"Organization\",\"@id\":\"https:\/\/evertonfc.cz\/#organization\",\"name\":\"Official Czech & Slovak Everton Supporters' Club\",\"url\":\"https:\/\/evertonfc.cz\/\",\"logo\":{\"@type\":\"ImageObject\",\"inLanguage\":\"cs\",\"@id\":\"https:\/\/evertonfc.cz\/#\/schema\/logo\/image\/\",\"url\":\"https:\/\/evertonfc.cz\/wp-content\/uploads\/2019\/05\/logo.png\",\"contentUrl\":\"https:\/\/evertonfc.cz\/wp-content\/uploads\/2019\/05\/logo.png\",\"width\":112,\"height\":112,\"caption\":\"Official Czech & Slovak Everton Supporters' Club\"},\"image\":{\"@id\":\"https:\/\/evertonfc.cz\/#\/schema\/logo\/image\/\"},\"sameAs\":[\"https:\/\/www.facebook.com\/everton.fans.cz.sk\"]},{\"@type\":\"Person\",\"@id\":\"https:\/\/evertonfc.cz\/#\/schema\/person\/cd6328a75577de2add7793fd4b0930c3\",\"name\":\"Me\u0148a\",\"url\":\"https:\/\/evertonfc.cz\/index.php\/author\/mena\/\"}]}<\/script>\n<!-- \/ Yoast SEO plugin. -->","yoast_head_json":{"title":"Everton - Sunderland 4:0 - Official Czech &amp; Slovak Everton Supporters&#039; Club","robots":{"index":"index","follow":"follow","max-snippet":"max-snippet:-1","max-image-preview":"max-image-preview:large","max-video-preview":"max-video-preview:-1"},"canonical":"https:\/\/evertonfc.cz\/index.php\/2012\/04\/09\/everton-sunderland-40\/","og_locale":"cs_CZ","og_type":"article","og_title":"Everton - Sunderland 4:0 - Official Czech &amp; Slovak Everton Supporters&#039; Club","og_description":"Velikono\u010dn\u00ed pond\u011bl\u00ed Everton opravdu zp\u0159\u00edjemnit um\u00ed. Nezvykl\u00fdm g\u00f3lov\u00fdm p\u0159edstaven\u00edm i s oslabenou sestavou rozst\u0159\u00edlel Sunderland. Ji\u017e z\u00e1kladn\u00ed sestava jednozna\u010dn\u011b napov\u011bd\u011bla,&hellip;","og_url":"https:\/\/evertonfc.cz\/index.php\/2012\/04\/09\/everton-sunderland-40\/","og_site_name":"Official Czech &amp; Slovak Everton Supporters&#039; Club","article_publisher":"https:\/\/www.facebook.com\/everton.fans.cz.sk","article_published_time":"2012-04-09T16:44:05+00:00","article_modified_time":"2019-02-17T20:34:17+00:00","og_image":[{"width":720,"height":405,"url":"https:\/\/evertonfc.cz\/wp-content\/uploads\/2019\/01\/report.jpg","type":"image\/jpeg"}],"author":"Me\u0148a","twitter_card":"summary_large_image","twitter_misc":{"Napsal(a)":"Me\u0148a","Odhadovan\u00e1 doba \u010dten\u00ed":"4 minuty"},"schema":{"@context":"https:\/\/schema.org","@graph":[{"@type":"Article","@id":"https:\/\/evertonfc.cz\/index.php\/2012\/04\/09\/everton-sunderland-40\/#article","isPartOf":{"@id":"https:\/\/evertonfc.cz\/index.php\/2012\/04\/09\/everton-sunderland-40\/"},"author":{"name":"Me\u0148a","@id":"https:\/\/evertonfc.cz\/#\/schema\/person\/cd6328a75577de2add7793fd4b0930c3"},"headline":"Everton &#8211; Sunderland 4:0","datePublished":"2012-04-09T16:44:05+00:00","dateModified":"2019-02-17T20:34:17+00:00","mainEntityOfPage":{"@id":"https:\/\/evertonfc.cz\/index.php\/2012\/04\/09\/everton-sunderland-40\/"},"wordCount":757,"commentCount":0,"publisher":{"@id":"https:\/\/evertonfc.cz\/#organization"},"image":{"@id":"https:\/\/evertonfc.cz\/index.php\/2012\/04\/09\/everton-sunderland-40\/#primaryimage"},"thumbnailUrl":"https:\/\/evertonfc.cz\/wp-content\/uploads\/2019\/01\/report.jpg","articleSection":["Z\u00e1pasy"],"inLanguage":"cs","potentialAction":[{"@type":"CommentAction","name":"Comment","target":["https:\/\/evertonfc.cz\/index.php\/2012\/04\/09\/everton-sunderland-40\/#respond"]}]},{"@type":"WebPage","@id":"https:\/\/evertonfc.cz\/index.php\/2012\/04\/09\/everton-sunderland-40\/","url":"https:\/\/evertonfc.cz\/index.php\/2012\/04\/09\/everton-sunderland-40\/","name":"Everton - Sunderland 4:0 - Official Czech &amp; Slovak Everton Supporters&#039; Club","isPartOf":{"@id":"https:\/\/evertonfc.cz\/#website"},"primaryImageOfPage":{"@id":"https:\/\/evertonfc.cz\/index.php\/2012\/04\/09\/everton-sunderland-40\/#primaryimage"},"image":{"@id":"https:\/\/evertonfc.cz\/index.php\/2012\/04\/09\/everton-sunderland-40\/#primaryimage"},"thumbnailUrl":"https:\/\/evertonfc.cz\/wp-content\/uploads\/2019\/01\/report.jpg","datePublished":"2012-04-09T16:44:05+00:00","dateModified":"2019-02-17T20:34:17+00:00","breadcrumb":{"@id":"https:\/\/evertonfc.cz\/index.php\/2012\/04\/09\/everton-sunderland-40\/#breadcrumb"},"inLanguage":"cs","potentialAction":[{"@type":"ReadAction","target":["https:\/\/evertonfc.cz\/index.php\/2012\/04\/09\/everton-sunderland-40\/"]}]},{"@type":"ImageObject","inLanguage":"cs","@id":"https:\/\/evertonfc.cz\/index.php\/2012\/04\/09\/everton-sunderland-40\/#primaryimage","url":"https:\/\/evertonfc.cz\/wp-content\/uploads\/2019\/01\/report.jpg","contentUrl":"https:\/\/evertonfc.cz\/wp-content\/uploads\/2019\/01\/report.jpg","width":720,"height":405},{"@type":"BreadcrumbList","@id":"https:\/\/evertonfc.cz\/index.php\/2012\/04\/09\/everton-sunderland-40\/#breadcrumb","itemListElement":[{"@type":"ListItem","position":1,"name":"Home","item":"https:\/\/evertonfc.cz\/"},{"@type":"ListItem","position":2,"name":"Everton &#8211; Sunderland 4:0"}]},{"@type":"WebSite","@id":"https:\/\/evertonfc.cz\/#website","url":"https:\/\/evertonfc.cz\/","name":"Official Czech &amp; Slovak Everton Supporters&#039; Club","description":"","publisher":{"@id":"https:\/\/evertonfc.cz\/#organization"},"potentialAction":[{"@type":"SearchAction","target":{"@type":"EntryPoint","urlTemplate":"https:\/\/evertonfc.cz\/?s={search_term_string}"},"query-input":{"@type":"PropertyValueSpecification","valueRequired":true,"valueName":"search_term_string"}}],"inLanguage":"cs"},{"@type":"Organization","@id":"https:\/\/evertonfc.cz\/#organization","name":"Official Czech & Slovak Everton Supporters' Club","url":"https:\/\/evertonfc.cz\/","logo":{"@type":"ImageObject","inLanguage":"cs","@id":"https:\/\/evertonfc.cz\/#\/schema\/logo\/image\/","url":"https:\/\/evertonfc.cz\/wp-content\/uploads\/2019\/05\/logo.png","contentUrl":"https:\/\/evertonfc.cz\/wp-content\/uploads\/2019\/05\/logo.png","width":112,"height":112,"caption":"Official Czech & Slovak Everton Supporters' Club"},"image":{"@id":"https:\/\/evertonfc.cz\/#\/schema\/logo\/image\/"},"sameAs":["https:\/\/www.facebook.com\/everton.fans.cz.sk"]},{"@type":"Person","@id":"https:\/\/evertonfc.cz\/#\/schema\/person\/cd6328a75577de2add7793fd4b0930c3","name":"Me\u0148a","url":"https:\/\/evertonfc.cz\/index.php\/author\/mena\/"}]}},"_links":{"self":[{"href":"https:\/\/evertonfc.cz\/index.php\/wp-json\/wp\/v2\/posts\/6319"}],"collection":[{"href":"https:\/\/evertonfc.cz\/index.php\/wp-json\/wp\/v2\/posts"}],"about":[{"href":"https:\/\/evertonfc.cz\/index.php\/wp-json\/wp\/v2\/types\/post"}],"author":[{"embeddable":true,"href":"https:\/\/evertonfc.cz\/index.php\/wp-json\/wp\/v2\/users\/7"}],"replies":[{"embeddable":true,"href":"https:\/\/evertonfc.cz\/index.php\/wp-json\/wp\/v2\/comments?post=6319"}],"version-history":[{"count":2,"href":"https:\/\/evertonfc.cz\/index.php\/wp-json\/wp\/v2\/posts\/6319\/revisions"}],"predecessor-version":[{"id":6471,"href":"https:\/\/evertonfc.cz\/index.php\/wp-json\/wp\/v2\/posts\/6319\/revisions\/6471"}],"wp:featuredmedia":[{"embeddable":true,"href":"https:\/\/evertonfc.cz\/index.php\/wp-json\/wp\/v2\/media\/1315"}],"wp:attachment":[{"href":"https:\/\/evertonfc.cz\/index.php\/wp-json\/wp\/v2\/media?parent=6319"}],"wp:term":[{"taxonomy":"category","embeddable":true,"href":"https:\/\/evertonfc.cz\/index.php\/wp-json\/wp\/v2\/categories?post=6319"},{"taxonomy":"post_tag","embeddable":true,"href":"https:\/\/evertonfc.cz\/index.php\/wp-json\/wp\/v2\/tags?post=6319"}],"curies":[{"name":"wp","href":"https:\/\/api.w.org\/{rel}","templated":true}]}}