{"id":6325,"date":"2012-04-05T18:45:54","date_gmt":"2012-04-05T16:45:54","guid":{"rendered":"http:\/\/evertonfc.cz\/?p=6325"},"modified":"2020-02-13T14:31:44","modified_gmt":"2020-02-13T13:31:44","slug":"osmy-sraz-fandu-anglickeho-fotbalu","status":"publish","type":"post","link":"https:\/\/evertonfc.cz\/index.php\/2012\/04\/05\/osmy-sraz-fandu-anglickeho-fotbalu\/","title":{"rendered":"Osm\u00fd sraz fand\u016f anglick\u00e9ho fotbalu"},"content":{"rendered":"<h4>Sponzorem srazu je supporters club CZ&amp;SK Gooners a jejich str\u00e1nky <a href=\"http:\/\/gunners.cz\/\" target=\"_blank\" rel=\"noopener noreferrer\">GUNNERS.CZ<\/a> . Informace k 8. srazu fanou\u0161k\u016f anglick\u00e9ho fotbalu, kter\u00fd se bude konat v kv\u011btnu.<\/h4>\n<p>Milan Merhaut p\u0159i\u0161el p\u0159ed p\u00e1r lety se zaj\u00edmav\u00fdm n\u00e1padem &#8211; ud\u011blat sraz fanou\u0161k\u016f anglick\u00e9ho fotbalu. Te\u010f se ji\u017e kon\u00e1 osm\u00fd, op\u011bt v Libchav\u00e1ch a op\u011bt od p\u00e1tku a\u017e do ned\u011ble. Zm\u011bna v jedin\u00e9m, tentokr\u00e1t v kv\u011btnu t\u00fdden po konci sezony.<br \/>\n<strong>Za\u010d\u00e1tek srazu:<\/strong> P\u00e1tek 18. kv\u011btna v 18:00<br \/>\n<strong class=\"red\">Konec srazu:<\/strong> Ned\u011ble 20. kv\u011btna<br \/>\n<strong>M\u00edsto: Libchavy <\/strong>(u \u00dast\u00ed nad Orlic\u00ed), hospoda Hab\u0159inka<\/p>\n<p>To na \u00favod stru\u010dn\u00e9 nejd\u016fle\u017eit\u011bj\u0161\u00ed info k osm\u00e9mu srazu, letn\u00edmu, kter\u00fd se jako v\u017edy kon\u00e1 v n\u011bkolika dnech.<\/p>\n<p><strong class=\"font14red\">P\u0159ihl\u00e1\u0161ka<\/strong><\/p>\n<p>Tvar p\u0159ihl\u00e1\u0161ky:<\/p>\n<p><strong>Jm\u00e9no a p\u0159\u00edjmen\u00ed <\/strong>(p\u0159\u00edpadn\u011b i nick, pod kter\u00fdm jste zn\u00e1m\u00ed na internetov\u00fdch diskuz\u00edch)<strong><br \/>\nP\u0159\u00edslu\u0161nost<\/strong> (napi\u0161te, komu fand\u00edte)<br \/>\n<strong>Z\u00fa\u010dastn\u00edm se fotbalu<\/strong>: Ano\/ne<br \/>\n<strong>Z\u00fa\u010dastn\u00edm se pokeru<\/strong> Ano\/ne<\/p>\n<p>Rad\u011bji d\u00e1m p\u0159\u00edklad, jak m\u00e1 vypadat spr\u00e1vn\u00e1 p\u0159ihl\u00e1\u0161ka:<\/p>\n<p>Jm\u00e9no: Petr Kotrl\u00edk (cottager)<br \/>\nP\u0159\u00edslu\u0161nost: Fulham<br \/>\nZ\u00fa\u010dastn\u00edm se fotbalu: Ano<br \/>\nZ\u00fa\u010dastn\u00edm se pokeru: Ne<\/p>\n<p><strong>Uzav\u00edrka p\u0159ihl\u00e1\u0161ek: 30.4. !<\/strong><br \/>\n<strong>Email<\/strong>: <strong>sraz.premierleague@email.cz<\/strong><\/p>\n<p><strong>Kdo nedodr\u017e\u00ed jasn\u00e9 dan\u00e9 instrukce, nebude p\u0159ihl\u00e1\u0161en a nebude se moct z\u00fa\u010dastnit fotbalov\u00e9ho turnaje!!<\/strong><\/p>\n<p><strong class=\"font14red\">Program<\/strong><\/p>\n<p><strong>P\u00e1tek<\/strong><\/p>\n<p>18:00 \u2013 Start srazu (osobn\u011b tam budu ji\u017e kolem 15:00-16:00), zalo\u017een\u00ed Fanou\u0161kovsk\u00e9 S\u00edn\u011b Sl\u00e1vy a p\u0159ed\u00e1n\u00ed cenu pro vybran\u00e9ho fanou\u0161ka<\/p>\n<p>18:30 \u2013 Poker (ov\u0161em ne o pen\u00edze, jeliko\u017e je to st\u00e1tem u\u017e zak\u00e1zan\u00e9, v\u00edce n\u00ed\u017ee)<\/p>\n<p>A celono\u010dn\u00ed pop\u00edjen\u00ed.<\/p>\n<p><strong>Sobota<\/strong><\/p>\n<p>10:00-18:00 \u2013 Fotbalov\u00fd turnaj (\u010das p\u0159\u00edpadn\u011b pozm\u011bn\u011bn podle po\u010dtu \u00fa\u010dastn\u00edk\u016f \u2013 je mo\u017en\u00e9, \u017ee si zahrajeme op\u011bt s prcky)<\/p>\n<p>19:00 \u2013 P\u0159ed\u00e1n\u00ed cen a n\u00e1sledn\u00e9 oslavy v\u00edt\u011bze<\/p>\n<p><strong>M\u00edsto kon\u00e1n\u00ed<\/strong><\/p>\n<p>Restaurace Hab\u0159inka &#8211; Mapa <a href=\"http:\/\/www.mapy.cz\/#q=%C4%8CESK%C3%89%20LIBCHAVY%20171&amp;t=s&amp;x=16.373922&amp;y=50.033926&amp;z=15&amp;qp=10.896759_48.141661_17.273377_51.398054_6\" target=\"_blank\" rel=\"noopener noreferrer\">ZDE<\/a><\/p>\n<div>Adresa:<br \/>\n\u010cESK\u00c9 LIBCHAVY 171<br \/>\n561 14 \u010cESK\u00c9 LIBCHAVYHned u hospody je h\u0159i\u0161t\u011b. Fanou\u0161ci tak mohou shl\u00e9dnout z\u00e1pasy p\u0159\u00edmo z terasy u chlazen\u00e9ho piva.Budeme m\u00edt zaji\u0161t\u011bnou rovn\u011b\u017e celou m\u00edstnost jako posledn\u011b. Hospodu zav\u0159ou a\u017e po druh\u00e9 hodin\u011b, z\u00e1le\u017e\u00ed jak moc p\u00edt budeme. R\u00e1no bude s nejv\u011bt\u0161\u00ed pravd\u011bpodobnost\u00ed zaji\u0161t\u011bna sn\u00eddan\u011b. V\u00edce informac\u00ed o j\u00eddle p\u0159ineseme pozd\u011bji.L\u00edstek bude m\u00edt ka\u017ed\u00fd s\u00e1m se sv\u00fdm \u010d\u00edslem.<strong>Kde sp\u00e1t?<\/strong><\/p>\n<p>Bu\u010f ve stanech vedle h\u0159i\u0161t\u011b (zadarmo), loni toho vyu\u017eilo vcelku dost lid\u00ed. V nouzi, v p\u0159\u00edpad\u011b \u0161patn\u00e9ho po\u010das\u00ed, m\u016f\u017eeme p\u0159espat v Hab\u0159ince na zemi (vemte si n\u011bco pod sebe, a\u0165 nesp\u00edte p\u0159\u00edpadn\u011b na podlaze).<\/p>\n<p>Dal\u0161\u00ed varianty:<\/p>\n<p><a href=\"http:\/\/hurka.cz\/kontakt\/\" target=\"_blank\" rel=\"noopener noreferrer\">Penzion H\u016frka<\/a><\/p>\n<p><a href=\"http:\/\/penzion-bakara.hotel.cz\/\" target=\"_blank\" rel=\"noopener noreferrer\">Penzion Bakara <\/a><\/p>\n<p><strong>Fotbalov\u00fd turnaj<\/strong><\/p>\n<p>Turnaje se op\u011bt z\u00fa\u010dastn\u00ed s nejv\u011bt\u0161\u00ed pravd\u011bpodobnost\u00ed 8 t\u00fdm\u016f (v p\u0159\u00edpad\u011b a\u017e moc velk\u00e9ho z\u00e1jmu se ud\u011bl\u00e1 zm\u011bna), kter\u00e9 se rozd\u011bl\u00ed do dvou skupin. Postoup\u00ed ka\u017ed\u00fd.<\/p>\n<p>Z\u00e1pasy se budou hr\u00e1t v rozestaven\u00ed 6+1 (velk\u00e9 brank\u00e1\u0159sk\u00e9 br\u00e1ny) a na 15 minut.<\/p>\n<p>T\u00fdmy budou rozd\u011blen\u00e9 podle fanou\u0161kovsk\u00e9 p\u0159\u00edslu\u0161nosti. Budou tak\u00e9 utvo\u0159eny jeden nebo dva mix t\u00fdmy, tak\u017ee fanou\u0161ci men\u0161\u00edch t\u00fdm\u016f se nemus\u00ed ob\u00e1vat, \u017ee by se nemohli p\u0159ihl\u00e1sit. Naopak.<\/p>\n<p>Pokud v tabulce bude shodn\u00fd po\u010det bod\u016f, rozhoduje sk\u00f3re, pot\u00e9 vy\u0161\u0161\u00ed po\u010det vst\u0159elen\u00fdch branek, p\u0159\u00edpadn\u011b vz\u00e1jemn\u00e9 utk\u00e1n\u00ed.<\/p>\n<p>V play-off v p\u0159\u00edpad\u011b rem\u00edzy se budou kopat penalty (klasicky p\u011bt s\u00e9ri\u00ed).<\/p>\n<p>Brank\u00e1\u0159i se mohou mezi t\u00fdmy p\u016fj\u010dovat, ov\u0161em ne hr\u00e1\u010di!! Hr\u00e1\u010di jen za p\u0159edpokladu, kdy\u017e kapit\u00e1n soupe\u0159e tento \u201etransfer\u201c schv\u00e1l\u00ed. Je toti\u017e mo\u017en\u00e9, \u017ee mnoz\u00ed hr\u00e1\u010di \u010dasem odpadnou, a\u0165 u\u017e kv\u016fli zran\u011bn\u00ed, fyzi\u010dce nebo p\u0159\u00edli\u0161n\u00e9mu alkoholu v krvi. Pak se mus\u00ed ale s kapit\u00e1nem druh\u00e9mu mu\u017estva dohodnout, koho si m\u016f\u017ee do t\u00fdmu p\u016fj\u010dit.<\/p>\n<p>V\u00edt\u011bz dostane putovn\u00ed poh\u00e1r. Nejv\u011bt\u0161\u00edmi favority jsou samoz\u0159ejm\u011b fanou\u0161ci Liverpoolu, kte\u0159\u00ed u\u017e neznaj\u00ed ho\u0159kost por\u00e1\u017eky. Odm\u011bn\u011bn bude tak\u00e9 nejlep\u0161\u00ed st\u0159elec, nejlep\u0161\u00ed brank\u00e1\u0159 a osobnost v\u00edkendu. O tom budou rozhodovat jednotliv\u00e1 mu\u017estva.<\/p>\n<p><strong>Cena za start?<\/strong><\/p>\n<p><strong>VELK\u00c9 D\u00cdKY<\/strong> pat\u0159\u00ed <strong>supporters club CZ&amp;SK Gooners<\/strong> a jejich str\u00e1nk\u00e1m <strong><a href=\"http:\/\/gunners.cz\/\" target=\"_blank\" rel=\"noopener noreferrer\">GUNNERS.CZ<\/a><\/strong>, kte\u0159\u00ed se rozhodli n\u00e1m \u010d\u00e1ste\u010dn\u011b p\u0159isp\u011bt na ceny. Jsou to pr\u00e1v\u011b fanou\u0161ci Arsenalu, kte\u0159\u00ed naposledy na letn\u00edm srazu vyhr\u00e1li.<\/p>\n<p>D\u00edky tomuto skv\u011bl\u00e9mu webu, kter\u00fd pom\u00e1h\u00e1 tak\u00e9 PremierLeague.cz sv\u00fdmi blogy, je tak mo\u017en\u00e9, \u017ee \u017e\u00e1dn\u00e9 startovn\u00e9 nebude. O tom se rozhodne pozd\u011bji po propo\u010d\u00edt\u00e1n\u00ed.<\/p>\n<p>Poker<\/p>\n<p>Jeliko\u017e st\u00e1t zak\u00e1zal hr\u00e1t poker o pen\u00edze, mus\u00edme to bohu\u017eel respektovat. Poker se tak bude hr\u00e1t bez \u0161anci na v\u00fdd\u011blek, ov\u0161em prvn\u00ed t\u0159i se do\u010dkaj\u00ed n\u011bjak\u00e9 v\u011bcn\u00e9 ceny.<\/p>\n<\/div>\n","protected":false},"excerpt":{"rendered":"<p>Sponzorem srazu je supporters club CZ&amp;SK Gooners a jejich str\u00e1nky GUNNERS.CZ . Informace k 8. srazu fanou\u0161k\u016f anglick\u00e9ho fotbalu, kter\u00fd&hellip;<\/p>\n","protected":false},"author":8,"featured_media":1313,"comment_status":"open","ping_status":"closed","sticky":false,"template":"","format":"standard","meta":{"_eb_attr":"","_monsterinsights_skip_tracking":false,"_monsterinsights_sitenote_active":false,"_monsterinsights_sitenote_note":"","_monsterinsights_sitenote_category":0,"footnotes":""},"categories":[42],"tags":[],"yoast_head":"<!-- This site is optimized with the Yoast SEO plugin v23.4 - https:\/\/yoast.com\/wordpress\/plugins\/seo\/ -->\n<title>Osm\u00fd sraz fand\u016f anglick\u00e9ho fotbalu - Official Czech &amp; Slovak Everton Supporters&#039; Club<\/title>\n<meta name=\"robots\" content=\"index, follow, max-snippet:-1, max-image-preview:large, max-video-preview:-1\" \/>\n<link rel=\"canonical\" href=\"https:\/\/evertonfc.cz\/index.php\/2012\/04\/05\/osmy-sraz-fandu-anglickeho-fotbalu\/\" \/>\n<meta property=\"og:locale\" content=\"cs_CZ\" \/>\n<meta property=\"og:type\" content=\"article\" \/>\n<meta property=\"og:title\" content=\"Osm\u00fd sraz fand\u016f anglick\u00e9ho fotbalu - Official Czech &amp; Slovak Everton Supporters&#039; Club\" \/>\n<meta property=\"og:description\" content=\"Sponzorem srazu je supporters club CZ&amp;SK Gooners a jejich str\u00e1nky GUNNERS.CZ . Informace k 8. srazu fanou\u0161k\u016f anglick\u00e9ho fotbalu, kter\u00fd&hellip;\" \/>\n<meta property=\"og:url\" content=\"https:\/\/evertonfc.cz\/index.php\/2012\/04\/05\/osmy-sraz-fandu-anglickeho-fotbalu\/\" \/>\n<meta property=\"og:site_name\" content=\"Official Czech &amp; Slovak Everton Supporters&#039; Club\" \/>\n<meta property=\"article:publisher\" content=\"https:\/\/www.facebook.com\/everton.fans.cz.sk\" \/>\n<meta property=\"article:published_time\" content=\"2012-04-05T16:45:54+00:00\" \/>\n<meta property=\"article:modified_time\" content=\"2020-02-13T13:31:44+00:00\" \/>\n<meta property=\"og:image\" content=\"https:\/\/evertonfc.cz\/wp-content\/uploads\/2019\/01\/news.jpg\" \/>\n\t<meta property=\"og:image:width\" content=\"720\" \/>\n\t<meta property=\"og:image:height\" content=\"405\" \/>\n\t<meta property=\"og:image:type\" content=\"image\/jpeg\" \/>\n<meta name=\"author\" content=\"premierleague.cz\" \/>\n<meta name=\"twitter:card\" content=\"summary_large_image\" \/>\n<meta name=\"twitter:label1\" content=\"Napsal(a)\" \/>\n\t<meta name=\"twitter:data1\" content=\"premierleague.cz\" \/>\n\t<meta name=\"twitter:label2\" content=\"Odhadovan\u00e1 doba \u010dten\u00ed\" \/>\n\t<meta name=\"twitter:data2\" content=\"4 minuty\" \/>\n<script type=\"application\/ld+json\" class=\"yoast-schema-graph\">{\"@context\":\"https:\/\/schema.org\",\"@graph\":[{\"@type\":\"Article\",\"@id\":\"https:\/\/evertonfc.cz\/index.php\/2012\/04\/05\/osmy-sraz-fandu-anglickeho-fotbalu\/#article\",\"isPartOf\":{\"@id\":\"https:\/\/evertonfc.cz\/index.php\/2012\/04\/05\/osmy-sraz-fandu-anglickeho-fotbalu\/\"},\"author\":{\"name\":\"premierleague.cz\",\"@id\":\"https:\/\/evertonfc.cz\/#\/schema\/person\/0690e24296ea1918886ee0f6a0b7c1ef\"},\"headline\":\"Osm\u00fd sraz fand\u016f anglick\u00e9ho fotbalu\",\"datePublished\":\"2012-04-05T16:45:54+00:00\",\"dateModified\":\"2020-02-13T13:31:44+00:00\",\"mainEntityOfPage\":{\"@id\":\"https:\/\/evertonfc.cz\/index.php\/2012\/04\/05\/osmy-sraz-fandu-anglickeho-fotbalu\/\"},\"wordCount\":887,\"commentCount\":0,\"publisher\":{\"@id\":\"https:\/\/evertonfc.cz\/#organization\"},\"image\":{\"@id\":\"https:\/\/evertonfc.cz\/index.php\/2012\/04\/05\/osmy-sraz-fandu-anglickeho-fotbalu\/#primaryimage\"},\"thumbnailUrl\":\"https:\/\/evertonfc.cz\/wp-content\/uploads\/2019\/01\/news.jpg\",\"articleSection\":[\"Aktuality\"],\"inLanguage\":\"cs\",\"potentialAction\":[{\"@type\":\"CommentAction\",\"name\":\"Comment\",\"target\":[\"https:\/\/evertonfc.cz\/index.php\/2012\/04\/05\/osmy-sraz-fandu-anglickeho-fotbalu\/#respond\"]}]},{\"@type\":\"WebPage\",\"@id\":\"https:\/\/evertonfc.cz\/index.php\/2012\/04\/05\/osmy-sraz-fandu-anglickeho-fotbalu\/\",\"url\":\"https:\/\/evertonfc.cz\/index.php\/2012\/04\/05\/osmy-sraz-fandu-anglickeho-fotbalu\/\",\"name\":\"Osm\u00fd sraz fand\u016f anglick\u00e9ho fotbalu - Official Czech &amp; Slovak Everton Supporters&#039; Club\",\"isPartOf\":{\"@id\":\"https:\/\/evertonfc.cz\/#website\"},\"primaryImageOfPage\":{\"@id\":\"https:\/\/evertonfc.cz\/index.php\/2012\/04\/05\/osmy-sraz-fandu-anglickeho-fotbalu\/#primaryimage\"},\"image\":{\"@id\":\"https:\/\/evertonfc.cz\/index.php\/2012\/04\/05\/osmy-sraz-fandu-anglickeho-fotbalu\/#primaryimage\"},\"thumbnailUrl\":\"https:\/\/evertonfc.cz\/wp-content\/uploads\/2019\/01\/news.jpg\",\"datePublished\":\"2012-04-05T16:45:54+00:00\",\"dateModified\":\"2020-02-13T13:31:44+00:00\",\"breadcrumb\":{\"@id\":\"https:\/\/evertonfc.cz\/index.php\/2012\/04\/05\/osmy-sraz-fandu-anglickeho-fotbalu\/#breadcrumb\"},\"inLanguage\":\"cs\",\"potentialAction\":[{\"@type\":\"ReadAction\",\"target\":[\"https:\/\/evertonfc.cz\/index.php\/2012\/04\/05\/osmy-sraz-fandu-anglickeho-fotbalu\/\"]}]},{\"@type\":\"ImageObject\",\"inLanguage\":\"cs\",\"@id\":\"https:\/\/evertonfc.cz\/index.php\/2012\/04\/05\/osmy-sraz-fandu-anglickeho-fotbalu\/#primaryimage\",\"url\":\"https:\/\/evertonfc.cz\/wp-content\/uploads\/2019\/01\/news.jpg\",\"contentUrl\":\"https:\/\/evertonfc.cz\/wp-content\/uploads\/2019\/01\/news.jpg\",\"width\":720,\"height\":405},{\"@type\":\"BreadcrumbList\",\"@id\":\"https:\/\/evertonfc.cz\/index.php\/2012\/04\/05\/osmy-sraz-fandu-anglickeho-fotbalu\/#breadcrumb\",\"itemListElement\":[{\"@type\":\"ListItem\",\"position\":1,\"name\":\"Home\",\"item\":\"https:\/\/evertonfc.cz\/\"},{\"@type\":\"ListItem\",\"position\":2,\"name\":\"Osm\u00fd sraz fand\u016f anglick\u00e9ho fotbalu\"}]},{\"@type\":\"WebSite\",\"@id\":\"https:\/\/evertonfc.cz\/#website\",\"url\":\"https:\/\/evertonfc.cz\/\",\"name\":\"Official Czech &amp; Slovak Everton Supporters&#039; Club\",\"description\":\"\",\"publisher\":{\"@id\":\"https:\/\/evertonfc.cz\/#organization\"},\"potentialAction\":[{\"@type\":\"SearchAction\",\"target\":{\"@type\":\"EntryPoint\",\"urlTemplate\":\"https:\/\/evertonfc.cz\/?s={search_term_string}\"},\"query-input\":{\"@type\":\"PropertyValueSpecification\",\"valueRequired\":true,\"valueName\":\"search_term_string\"}}],\"inLanguage\":\"cs\"},{\"@type\":\"Organization\",\"@id\":\"https:\/\/evertonfc.cz\/#organization\",\"name\":\"Official Czech & Slovak Everton Supporters' Club\",\"url\":\"https:\/\/evertonfc.cz\/\",\"logo\":{\"@type\":\"ImageObject\",\"inLanguage\":\"cs\",\"@id\":\"https:\/\/evertonfc.cz\/#\/schema\/logo\/image\/\",\"url\":\"https:\/\/evertonfc.cz\/wp-content\/uploads\/2019\/05\/logo.png\",\"contentUrl\":\"https:\/\/evertonfc.cz\/wp-content\/uploads\/2019\/05\/logo.png\",\"width\":112,\"height\":112,\"caption\":\"Official Czech & Slovak Everton Supporters' Club\"},\"image\":{\"@id\":\"https:\/\/evertonfc.cz\/#\/schema\/logo\/image\/\"},\"sameAs\":[\"https:\/\/www.facebook.com\/everton.fans.cz.sk\"]},{\"@type\":\"Person\",\"@id\":\"https:\/\/evertonfc.cz\/#\/schema\/person\/0690e24296ea1918886ee0f6a0b7c1ef\",\"name\":\"premierleague.cz\",\"url\":\"https:\/\/evertonfc.cz\/index.php\/author\/premierleague\/\"}]}<\/script>\n<!-- \/ Yoast SEO plugin. -->","yoast_head_json":{"title":"Osm\u00fd sraz fand\u016f anglick\u00e9ho fotbalu - Official Czech &amp; Slovak Everton Supporters&#039; Club","robots":{"index":"index","follow":"follow","max-snippet":"max-snippet:-1","max-image-preview":"max-image-preview:large","max-video-preview":"max-video-preview:-1"},"canonical":"https:\/\/evertonfc.cz\/index.php\/2012\/04\/05\/osmy-sraz-fandu-anglickeho-fotbalu\/","og_locale":"cs_CZ","og_type":"article","og_title":"Osm\u00fd sraz fand\u016f anglick\u00e9ho fotbalu - Official Czech &amp; Slovak Everton Supporters&#039; Club","og_description":"Sponzorem srazu je supporters club CZ&amp;SK Gooners a jejich str\u00e1nky GUNNERS.CZ . Informace k 8. srazu fanou\u0161k\u016f anglick\u00e9ho fotbalu, kter\u00fd&hellip;","og_url":"https:\/\/evertonfc.cz\/index.php\/2012\/04\/05\/osmy-sraz-fandu-anglickeho-fotbalu\/","og_site_name":"Official Czech &amp; Slovak Everton Supporters&#039; Club","article_publisher":"https:\/\/www.facebook.com\/everton.fans.cz.sk","article_published_time":"2012-04-05T16:45:54+00:00","article_modified_time":"2020-02-13T13:31:44+00:00","og_image":[{"width":720,"height":405,"url":"https:\/\/evertonfc.cz\/wp-content\/uploads\/2019\/01\/news.jpg","type":"image\/jpeg"}],"author":"premierleague.cz","twitter_card":"summary_large_image","twitter_misc":{"Napsal(a)":"premierleague.cz","Odhadovan\u00e1 doba \u010dten\u00ed":"4 minuty"},"schema":{"@context":"https:\/\/schema.org","@graph":[{"@type":"Article","@id":"https:\/\/evertonfc.cz\/index.php\/2012\/04\/05\/osmy-sraz-fandu-anglickeho-fotbalu\/#article","isPartOf":{"@id":"https:\/\/evertonfc.cz\/index.php\/2012\/04\/05\/osmy-sraz-fandu-anglickeho-fotbalu\/"},"author":{"name":"premierleague.cz","@id":"https:\/\/evertonfc.cz\/#\/schema\/person\/0690e24296ea1918886ee0f6a0b7c1ef"},"headline":"Osm\u00fd sraz fand\u016f anglick\u00e9ho fotbalu","datePublished":"2012-04-05T16:45:54+00:00","dateModified":"2020-02-13T13:31:44+00:00","mainEntityOfPage":{"@id":"https:\/\/evertonfc.cz\/index.php\/2012\/04\/05\/osmy-sraz-fandu-anglickeho-fotbalu\/"},"wordCount":887,"commentCount":0,"publisher":{"@id":"https:\/\/evertonfc.cz\/#organization"},"image":{"@id":"https:\/\/evertonfc.cz\/index.php\/2012\/04\/05\/osmy-sraz-fandu-anglickeho-fotbalu\/#primaryimage"},"thumbnailUrl":"https:\/\/evertonfc.cz\/wp-content\/uploads\/2019\/01\/news.jpg","articleSection":["Aktuality"],"inLanguage":"cs","potentialAction":[{"@type":"CommentAction","name":"Comment","target":["https:\/\/evertonfc.cz\/index.php\/2012\/04\/05\/osmy-sraz-fandu-anglickeho-fotbalu\/#respond"]}]},{"@type":"WebPage","@id":"https:\/\/evertonfc.cz\/index.php\/2012\/04\/05\/osmy-sraz-fandu-anglickeho-fotbalu\/","url":"https:\/\/evertonfc.cz\/index.php\/2012\/04\/05\/osmy-sraz-fandu-anglickeho-fotbalu\/","name":"Osm\u00fd sraz fand\u016f anglick\u00e9ho fotbalu - Official Czech &amp; Slovak Everton Supporters&#039; Club","isPartOf":{"@id":"https:\/\/evertonfc.cz\/#website"},"primaryImageOfPage":{"@id":"https:\/\/evertonfc.cz\/index.php\/2012\/04\/05\/osmy-sraz-fandu-anglickeho-fotbalu\/#primaryimage"},"image":{"@id":"https:\/\/evertonfc.cz\/index.php\/2012\/04\/05\/osmy-sraz-fandu-anglickeho-fotbalu\/#primaryimage"},"thumbnailUrl":"https:\/\/evertonfc.cz\/wp-content\/uploads\/2019\/01\/news.jpg","datePublished":"2012-04-05T16:45:54+00:00","dateModified":"2020-02-13T13:31:44+00:00","breadcrumb":{"@id":"https:\/\/evertonfc.cz\/index.php\/2012\/04\/05\/osmy-sraz-fandu-anglickeho-fotbalu\/#breadcrumb"},"inLanguage":"cs","potentialAction":[{"@type":"ReadAction","target":["https:\/\/evertonfc.cz\/index.php\/2012\/04\/05\/osmy-sraz-fandu-anglickeho-fotbalu\/"]}]},{"@type":"ImageObject","inLanguage":"cs","@id":"https:\/\/evertonfc.cz\/index.php\/2012\/04\/05\/osmy-sraz-fandu-anglickeho-fotbalu\/#primaryimage","url":"https:\/\/evertonfc.cz\/wp-content\/uploads\/2019\/01\/news.jpg","contentUrl":"https:\/\/evertonfc.cz\/wp-content\/uploads\/2019\/01\/news.jpg","width":720,"height":405},{"@type":"BreadcrumbList","@id":"https:\/\/evertonfc.cz\/index.php\/2012\/04\/05\/osmy-sraz-fandu-anglickeho-fotbalu\/#breadcrumb","itemListElement":[{"@type":"ListItem","position":1,"name":"Home","item":"https:\/\/evertonfc.cz\/"},{"@type":"ListItem","position":2,"name":"Osm\u00fd sraz fand\u016f anglick\u00e9ho fotbalu"}]},{"@type":"WebSite","@id":"https:\/\/evertonfc.cz\/#website","url":"https:\/\/evertonfc.cz\/","name":"Official Czech &amp; Slovak Everton Supporters&#039; Club","description":"","publisher":{"@id":"https:\/\/evertonfc.cz\/#organization"},"potentialAction":[{"@type":"SearchAction","target":{"@type":"EntryPoint","urlTemplate":"https:\/\/evertonfc.cz\/?s={search_term_string}"},"query-input":{"@type":"PropertyValueSpecification","valueRequired":true,"valueName":"search_term_string"}}],"inLanguage":"cs"},{"@type":"Organization","@id":"https:\/\/evertonfc.cz\/#organization","name":"Official Czech & Slovak Everton Supporters' Club","url":"https:\/\/evertonfc.cz\/","logo":{"@type":"ImageObject","inLanguage":"cs","@id":"https:\/\/evertonfc.cz\/#\/schema\/logo\/image\/","url":"https:\/\/evertonfc.cz\/wp-content\/uploads\/2019\/05\/logo.png","contentUrl":"https:\/\/evertonfc.cz\/wp-content\/uploads\/2019\/05\/logo.png","width":112,"height":112,"caption":"Official Czech & Slovak Everton Supporters' Club"},"image":{"@id":"https:\/\/evertonfc.cz\/#\/schema\/logo\/image\/"},"sameAs":["https:\/\/www.facebook.com\/everton.fans.cz.sk"]},{"@type":"Person","@id":"https:\/\/evertonfc.cz\/#\/schema\/person\/0690e24296ea1918886ee0f6a0b7c1ef","name":"premierleague.cz","url":"https:\/\/evertonfc.cz\/index.php\/author\/premierleague\/"}]}},"_links":{"self":[{"href":"https:\/\/evertonfc.cz\/index.php\/wp-json\/wp\/v2\/posts\/6325"}],"collection":[{"href":"https:\/\/evertonfc.cz\/index.php\/wp-json\/wp\/v2\/posts"}],"about":[{"href":"https:\/\/evertonfc.cz\/index.php\/wp-json\/wp\/v2\/types\/post"}],"author":[{"embeddable":true,"href":"https:\/\/evertonfc.cz\/index.php\/wp-json\/wp\/v2\/users\/8"}],"replies":[{"embeddable":true,"href":"https:\/\/evertonfc.cz\/index.php\/wp-json\/wp\/v2\/comments?post=6325"}],"version-history":[{"count":4,"href":"https:\/\/evertonfc.cz\/index.php\/wp-json\/wp\/v2\/posts\/6325\/revisions"}],"predecessor-version":[{"id":10286,"href":"https:\/\/evertonfc.cz\/index.php\/wp-json\/wp\/v2\/posts\/6325\/revisions\/10286"}],"wp:featuredmedia":[{"embeddable":true,"href":"https:\/\/evertonfc.cz\/index.php\/wp-json\/wp\/v2\/media\/1313"}],"wp:attachment":[{"href":"https:\/\/evertonfc.cz\/index.php\/wp-json\/wp\/v2\/media?parent=6325"}],"wp:term":[{"taxonomy":"category","embeddable":true,"href":"https:\/\/evertonfc.cz\/index.php\/wp-json\/wp\/v2\/categories?post=6325"},{"taxonomy":"post_tag","embeddable":true,"href":"https:\/\/evertonfc.cz\/index.php\/wp-json\/wp\/v2\/tags?post=6325"}],"curies":[{"name":"wp","href":"https:\/\/api.w.org\/{rel}","templated":true}]}}