{"id":6328,"date":"2012-03-12T18:47:20","date_gmt":"2012-03-12T17:47:20","guid":{"rendered":"http:\/\/evertonfc.cz\/?p=6328"},"modified":"2021-02-20T11:49:28","modified_gmt":"2021-02-20T10:49:28","slug":"preview-liverpool-everton-8","status":"publish","type":"post","link":"https:\/\/evertonfc.cz\/index.php\/2012\/03\/12\/preview-liverpool-everton-8\/","title":{"rendered":"Preview: Liverpool &#8211; Everton"},"content":{"rendered":"<h4 id=\"NewsPostDetailSummary\">Na Anfieldu nevyhr\u00e1l Everton u\u017e dvan\u00e1ct let. Povede se mu aktu\u00e1ln\u00ed vynikaj\u00edc\u00ed formy vyu\u017e\u00edt k prolomen\u00ed nep\u0159\u00edjemn\u011b dlouh\u00e9ho \u010dek\u00e1n\u00ed?<\/h4>\n<div id=\"NewsPostDetailContent\">\n<h4><strong>Historie soupe\u0159e<\/strong><\/h4>\n<p>Vznik druh\u00e9ho m\u011bstsk\u00e9ho klubu se\u00a0jak v\u00edme nesl v podivn\u00e9m kontroverzn\u00edm duchu. Na\u0161tvan\u00ed akcion\u00e1\u0159i Evertonu, kter\u00fdm se John Houlding rozhodl nav\u00fd\u0161it n\u00e1jemn\u00e9 Anfield Road o neuv\u011b\u0159iteln\u00fdch 150%, se rad\u011bji rozhodli p\u0159ehnan\u011b velk\u00e9mu\u00a0Houldingovu egu ustoupit, a tak pozd\u011bji spat\u0159il sv\u011btlo sv\u011bta Goodison Park. Anfield v\u0161ak dlouho\u00a0pr\u00e1zdn\u00fd nez\u016fstal, hned ve stejn\u00e9m roce, tedy l\u00e9ta p\u00e1n\u011b 1892 Houlding zalo\u017eil LFC.<\/p>\n<p>Mu\u017estvo, kter\u00e9 tvo\u0159ilo hned 13 skotsk\u00fdch profesion\u00e1l\u016f brzy z\u00edskalo prvn\u00ed trofej &#8211; pro v\u00edt\u011bze Lancashire League. Rokem 1901 u\u017e Liverpool slavil prvn\u00ed titul ve First Divison, zat\u00edmco o t\u0159i roky pozd\u011bji tak\u00e9 prvn\u00ed fin\u00e1le FA Cupu. V letech 1923 a 1924 klub z\u00edskal na dlouhou dobu posledn\u00ed ligov\u00fd titul. \u010cekat musel klub d\u00e9le ne\u017e je tomu dnes &#8211; dal\u0161\u00ed poh\u00e1r Liverpool z\u00edskal a\u017e v roce 1947.<\/p>\n<p>O p\u00e1r let pozd\u011bji se klubu uj\u00edm\u00e1 legend\u00e1rn\u00ed postava liverpoolsk\u00fdch d\u011bjin, Bill Shankly. Ten klub dost\u00e1v\u00e1 ze zajet\u00ed Second Divison, kam Reds spadli v roce 1954 a pomalou patn\u00e1ctiletou prac\u00ed v klubu vybudoval man\u010daft, kter\u00fd n\u00e1h\u00e1n\u011bl Evrop\u011b hr\u016fzu. V roce 1964 Liverpool z\u00edskal dal\u0161\u00ed prvoligov\u00fd titul, a za rok u\u017e se ve vitr\u00edn\u011b na Anfiledu bl\u00fdskal prvn\u00ed z\u00edskan\u00fd FA Cup. Za\u010d\u00e1tkem roku 1972 nav\u00edc slav\u00ed prvn\u00ed \u00fasp\u011bch na evropsk\u00e9m poli &#8211; v\u00edt\u011bzstv\u00ed v poh\u00e1ru UEFA.<\/p>\n<p>A p\u0159i\u0161la osmdes\u00e1t\u00e1 l\u00e9ta. Zlat\u00e1 fotbalov\u00e1 \u00e9ra v Merseyside. Liverpool b\u011bhem nich z\u00edskal t\u0159ikr\u00e1t Poh\u00e1r v\u00edt\u011bz\u016f evropsk\u00fdch zem\u00ed, t\u0159i ligov\u00e9 poh\u00e1ry, \u0161est ligov\u00fdch titul\u016f a jedno v\u00edt\u011bzstv\u00ed v Charity Shield. B\u011bhem 80. let se tak poh\u00e1r pro v\u00edt\u011bze ligy ani jednou neopustul Liverpool, Everton se z jeho zisku mohl radoval v roce 1985 a 1987. Pr\u00e1v\u011b p\u0159edposledn\u00ed dek\u00e1da 20. stolet\u00ed je ale paradoxn\u011b z\u00e1rove\u0148\u00a0jedn\u00edm z nejsmutn\u011bj\u0161\u00edch obdob\u00ed klubu.<\/p>\n<p>V roce 1985 cel\u00fd fotbalov\u00fd sv\u011bt hluboce zas\u00e1hla trag\u00e9die na heyselsk\u00e9m stadionu v Bruselu. Liverpool\u0161t\u00ed rowdies tehdy zavinili smrt n\u011bkolika fanou\u0161k\u016f tur\u00ednsk\u00e9ho Juventusu, co\u017e m\u011blo za n\u00e1sledek p\u011btilet\u00fd z\u00e1kaz n\u00e1stupu v\u0161ech anglick\u00fdch mu\u017estev v evropsk\u00fdch sout\u011b\u017e\u00edch. Everton na \u0159\u00e1d\u011bn\u00ed liverpoolsk\u00fdch bezmozk\u016f krut\u011b doplatil. Jeho \u0161pi\u010dkov\u00e9 mu\u017estvo mohlo Evropu pravideln\u011b dob\u00fdvat, jen\u017ee m\u00edsto toho se Howardu Kendallovi rozpadlo pod rukama. O \u010dty\u0159i roky pozd\u011bji naopak Evertonians dali najevo svou solidaritu. Desitky liverpoolsk\u00fdch rodin po trag\u00e9dii na Hillsborough ztratili sv\u00e9 bl\u00edzk\u00e9, a tak se po sheffieldsk\u00e9m ne\u0161t\u011bst\u00ed m\u011bsto zase na\u010das spojilo.<\/p>\n<p>Roku 1990 Liverpool z\u00edskal posledn\u00ed ligov\u00fd titul. Od t\u00e9 doby t\u0159ikr\u00e1t triumfoval v FA Cupu, stejn\u011b jako v Ligov\u00e9m poh\u00e1ru. U\u0161at\u00fd poh\u00e1r pro v\u00edt\u011bze Ligy Mistr\u016f liverpool\u0161t\u00ed osahali naposledy v roce 2005. P\u0159ij\u00edt v\u0161ak m\u011blo slab\u0161\u00ed obdob\u00ed. Pod nadvl\u00e1dou neobl\u00edben\u00fdch texask\u00fdch majitel\u016f upadl Liverpool do pr\u016fm\u011bru, by\u0165 v sezon\u011b 2008\/09 dlouho pom\u00fd\u0161lel na titul. \u0160estilet\u00e9 \u010dek\u00e1n\u00ed na trofej \u010derven\u00ed ukon\u010dili letos pod veden\u00edm jin\u00fdch americk\u00fdch byznysmen\u016f a pod n\u00e1stupcem u n\u011bkter\u00fdch fanaticky uct\u00edvan\u00e9ho Beniteze, Kennym Dalglishem, kdy\u017e jak jinak ne\u017e na penalty porazili ve fin\u00e1le Ligov\u00e9ho poh\u00e1ru Cardiff City.<\/p>\n<h4><strong>Z\u00e1pasov\u00e1 fakta<\/strong><\/h4>\n<p>Sobotn\u00ed duel bude ji\u017e 217. sout\u011b\u017en\u00edm a 186. ligov\u00fdm Merseyside derby. V celkov\u00e9 bilanci vede Liverpool s 85 v\u00fdhrami, oproti 66 v\u00edt\u011bzstv\u00edm Evertonu. V 65 p\u0159\u00edpadech se t\u00fdmy roze\u0161ly sm\u00edrn\u011b. Ligov\u00e1 statistika \u010d\u00edt\u00e1 70 v\u00fdher Liverpoolu, 57 Evertonu. \u010cerven\u00ed se ov\u0161em v pln\u00fdch bodov\u00fdch zisc\u00edch nevymezuj\u00ed pouze na sv\u016fj p\u00edse\u010dek, naopak z jeden\u00e1cti posledn\u00edch ligov\u00fdch z\u00e1pas\u016f na Goodison Parku zv\u00edt\u011bzili osmkr\u00e1t.<\/p>\n<p>Krom toho, \u017ee je liverpoolsk\u00e9 derby jedn\u00edm z nej\u010dast\u011bji hran\u00fdch z\u00e1pas\u016f v anglick\u00e9m fotbale se vyzna\u010duje je\u0161t\u011b jedn\u00edm, o pozn\u00e1n\u00ed v\u0161ak m\u00e9n\u011b v\u00fdsadn\u00edm postaven\u00edm. V dvacetilet\u00e9 historii Premier League padlo v derby ji\u017e 20 \u010derven\u00fdch karet, v\u00edce ne\u017e ve kter\u00fdchkoliv jin\u00fdch z\u00e1pasech. Naposled se \u010dervenalo v leto\u0161n\u00ed sezon\u011b na Goodisonu, kde vyhrocen\u00e9 derby hrub\u011b nezvl\u00e1dl Martin Atkinson a p\u0159ed\u010dasn\u011b poslal ze h\u0159i\u0161t\u011b Jacka Rodwella.<\/p>\n<h4><strong>Liverpool<\/strong><\/h4>\n<ul>\n<li>Kenny Dalglish vyhr\u00e1l coby mana\u017eer Reds z 22 derby dvan\u00e1ctkr\u00e1t a t\u0159ikr\u00e1t byl na pora\u017een\u00e9 stran\u011b. Mezi v\u00fdhry pat\u0159\u00ed mimojin\u00e9 dv\u011b v\u00edt\u011bzstv\u00ed ve fin\u00e1le FA Cupu 1986 a 1989. Celkov\u011b s Evertonem jako lodivod Liverpoolu neprohr\u00e1l 11 z\u00e1pas\u016f v \u0159ad\u011b. Naposled se tak stalo v b\u0159eznu 1988.<\/li>\n<li>V leto\u0161n\u00ed sezon\u011b posb\u00edral zat\u00edm jen \u010dty\u0159i dom\u00e1c\u00ed v\u00fdhry. Jde o nejhor\u0161\u00ed vizitku v nejvy\u0161\u0161\u00ed sout\u011b\u017ei za posledn\u00edch pades\u00e1t let, kdy v m\u011bl v sezon\u011b 1951\/52 po t\u0159in\u00e1cti dom\u00e1c\u00edch utk\u00e1n\u00edch takt\u00e9\u017e jen \u010dty\u0159i v\u00fdhry.<\/li>\n<li>Pokud nastoup\u00ed Steven Gerrard, p\u016fjde o jeho 400. z\u00e1pas v Premier League. Stane se tak 25. hr\u00e1\u010dem, kter\u00fd t\u00e9to hranice dos\u00e1hne a teprve p\u00e1t\u00fdm fotbalistou, kter\u00fd tolik z\u00e1pas\u016f odehr\u00e1l za jeden klub. V\u00edce u\u017e maj\u00ed jen Ryan Giggs (592), Jamie Carragher (476), Paul Scholes (474) a Gary Neville (400).<\/li>\n<\/ul>\n<h4><strong>Everton<\/strong><\/h4>\n<ul>\n<li>Oslavenec David Moyes by k desetilet\u00e9mu v\u00fdro\u010d\u00ed ur\u010dit\u011b nemohl dostat kr\u00e1sn\u011bj\u0161\u00ed d\u00e1rek, ne\u017e v\u00fdhru v derby. \u010c\u00edsla v\u0161ak mluv\u00ed proti n\u011bmu &#8211; z devaten\u00e1cti derby vyhr\u00e1l jen t\u0159i a jeden\u00e1ctkr\u00e1t prohr\u00e1l. V\u0161echny t\u0159i ligov\u00e9 v\u00fdhry se p\u0159itom zrodily na Goodison Parku.<\/li>\n<li>Do karet v\u0161ak bude Evertonu hr\u00e1t lep\u0161\u00ed forma. Zat\u00edmco Liverpool prohr\u00e1l t\u0159i posledn\u00ed z\u00e1pasy, Blues pro\u017e\u00edvaj\u00ed dal\u0161\u00ed jarn\u00ed probuzen\u00ed a dr\u017e\u00ed sedmiz\u00e1pasovou neprohern\u00ed s\u00e9rii. Ve t\u0159ech minul\u00fdch z\u00e1pasech proti soupe\u0159\u016fm, kter\u00fdm v tabulce pat\u0159\u00ed vy\u0161\u0161\u00ed posty, nav\u00edc udr\u017eel \u010dist\u00e9 konto, a\u010dkoliv \u0161lo bez v\u00fdjimky o dom\u00e1c\u00ed z\u00e1pasy.<\/li>\n<li>Na v\u00fdhru na h\u0159i\u0161ti t\u00fdmu, kter\u00fd je v tabulce v\u00fd\u0161e, v\u0161ak Everton st\u00e1le \u010dek\u00e1. Na druhou stranu je\u0161t\u011b neprohr\u00e1l na stadionu t\u00fdmu, kter\u00fd je v tabulce pod n\u00edm.<\/li>\n<\/ul>\n<h4><strong>Vz\u00e1jemn\u00e1 bilance<\/strong><\/h4>\n<ul>\n<li>Celkov\u011b:\u00a0\u00a0\u00a0\u00a0\u00a0\u00a0\u00a0\u00a0\u00a0\u00a0\u00a0\u00a0\u00a0\u00a0 85-65-66<\/li>\n<li>Na Anfield Road:\u00a0\u00a0 40-34-24<\/li>\n<li>V Premier League: 17-13-9<\/li>\n<\/ul>\n<h4><strong>Posledn\u00edch p\u011bt vz\u00e1jemn\u00fdch z\u00e1pas\u016f<\/strong><\/h4>\n<p>1.10. 2011, EPL, Everton &#8211; Liverpool 0:2<br \/>\n16.1. 2011, EPL, Liverpool &#8211; Everton 2:2 (Distin, Beckford)<br \/>\n17.10. 2010, EPL, Everton &#8211; Liverpool 2:0 (Cahill, Arteta)<br \/>\n6.2. 2010, EPL, Liverpool &#8211; Everton 1:0<br \/>\n29.10. 2009, EPL, Everton &#8211; Liverpool 0:2<\/p>\n<h4><strong>Forma<\/strong><\/h4>\n<p><strong>Liverpool:<\/strong> LLDWLD<br \/>\nSunderland (a), prohra 1-0<br \/>\nArsenal (h), prohra 1-2<br \/>\nCardiff City (n), rem\u00edza 2-2 (v\u00fdhra 3-2 na penalty)<br \/>\nBrighton (h), v\u00fdhra 6-1<br \/>\nManchester United (a), prohra 2-1<br \/>\nTottenham (h), rem\u00edza 0-0<\/p>\n<p><strong>Everton:<\/strong> WDWWDW<br \/>\nTottenham (h), v\u00fdhra 1-0<br \/>\nQPR (a), rem\u00edza 1-1<br \/>\nBlackpool (h), FA Cup, v\u00fdhra 2-0<br \/>\nChelsea (h), v\u00fdhra 2-0<br \/>\nWigan (a), rem\u00edza 1-1<br \/>\nManchester City (h), v\u00fdhra 1-0<\/p>\n<h4><strong>Absence<\/strong><\/h4>\n<p>Ani jeden z t\u00fdm\u016f netr\u00e1p\u00ed nijak rozs\u00e1hl\u00e1 marodka. Liverpoolu bude chyb\u011bt Daniel Agger se zlomen\u00fdm \u017eebrem, dlouhodob\u011b zran\u011bn\u00fd Lucas a pochyby panuj\u00ed u Glena Johnsona. Everton postr\u00e1d\u00e1 pouze Darrona Gibsona.<\/p>\n<ul>\n<li><strong>Kdy: <\/strong>13.3. 21:00 SE\u010c<strong><br \/>\n<\/strong><\/li>\n<li><strong>Kde: <\/strong>Anfield Road<strong><br \/>\n<\/strong><\/li>\n<li><strong>Rozhod\u010d\u00ed:<\/strong> Phil Dowd<\/li>\n<\/ul>\n<\/div>\n","protected":false},"excerpt":{"rendered":"<p>Na Anfieldu nevyhr\u00e1l Everton u\u017e dvan\u00e1ct let. Povede se mu aktu\u00e1ln\u00ed vynikaj\u00edc\u00ed formy vyu\u017e\u00edt k prolomen\u00ed nep\u0159\u00edjemn\u011b dlouh\u00e9ho \u010dek\u00e1n\u00ed?<\/p>\n","protected":false},"author":7,"featured_media":14233,"comment_status":"open","ping_status":"closed","sticky":false,"template":"","format":"standard","meta":{"_eb_attr":"","_monsterinsights_skip_tracking":false,"_monsterinsights_sitenote_active":false,"_monsterinsights_sitenote_note":"","_monsterinsights_sitenote_category":0,"footnotes":""},"categories":[4],"tags":[],"yoast_head":"<!-- This site is optimized with the Yoast SEO plugin v23.4 - https:\/\/yoast.com\/wordpress\/plugins\/seo\/ -->\n<title>Preview: Liverpool - Everton - Official Czech &amp; Slovak Everton Supporters&#039; Club<\/title>\n<meta name=\"robots\" content=\"index, follow, max-snippet:-1, max-image-preview:large, max-video-preview:-1\" \/>\n<link rel=\"canonical\" href=\"https:\/\/evertonfc.cz\/index.php\/2012\/03\/12\/preview-liverpool-everton-8\/\" \/>\n<meta property=\"og:locale\" content=\"cs_CZ\" \/>\n<meta property=\"og:type\" content=\"article\" \/>\n<meta property=\"og:title\" content=\"Preview: Liverpool - Everton - Official Czech &amp; Slovak Everton Supporters&#039; Club\" \/>\n<meta property=\"og:description\" content=\"Na Anfieldu nevyhr\u00e1l Everton u\u017e dvan\u00e1ct let. Povede se mu aktu\u00e1ln\u00ed vynikaj\u00edc\u00ed formy vyu\u017e\u00edt k prolomen\u00ed nep\u0159\u00edjemn\u011b dlouh\u00e9ho \u010dek\u00e1n\u00ed?\" \/>\n<meta property=\"og:url\" content=\"https:\/\/evertonfc.cz\/index.php\/2012\/03\/12\/preview-liverpool-everton-8\/\" \/>\n<meta property=\"og:site_name\" content=\"Official Czech &amp; Slovak Everton Supporters&#039; Club\" \/>\n<meta property=\"article:publisher\" content=\"https:\/\/www.facebook.com\/everton.fans.cz.sk\" \/>\n<meta property=\"article:published_time\" content=\"2012-03-12T17:47:20+00:00\" \/>\n<meta property=\"article:modified_time\" content=\"2021-02-20T10:49:28+00:00\" \/>\n<meta property=\"og:image\" content=\"https:\/\/evertonfc.cz\/wp-content\/uploads\/2021\/02\/Liverpool-VS-Everton.jpg\" \/>\n\t<meta property=\"og:image:width\" content=\"720\" \/>\n\t<meta property=\"og:image:height\" content=\"405\" \/>\n\t<meta property=\"og:image:type\" content=\"image\/jpeg\" \/>\n<meta name=\"author\" content=\"Me\u0148a\" \/>\n<meta name=\"twitter:card\" content=\"summary_large_image\" \/>\n<meta name=\"twitter:label1\" content=\"Napsal(a)\" \/>\n\t<meta name=\"twitter:data1\" content=\"Me\u0148a\" \/>\n\t<meta name=\"twitter:label2\" content=\"Odhadovan\u00e1 doba \u010dten\u00ed\" \/>\n\t<meta name=\"twitter:data2\" content=\"6 minut\" \/>\n<script type=\"application\/ld+json\" class=\"yoast-schema-graph\">{\"@context\":\"https:\/\/schema.org\",\"@graph\":[{\"@type\":\"Article\",\"@id\":\"https:\/\/evertonfc.cz\/index.php\/2012\/03\/12\/preview-liverpool-everton-8\/#article\",\"isPartOf\":{\"@id\":\"https:\/\/evertonfc.cz\/index.php\/2012\/03\/12\/preview-liverpool-everton-8\/\"},\"author\":{\"name\":\"Me\u0148a\",\"@id\":\"https:\/\/evertonfc.cz\/#\/schema\/person\/cd6328a75577de2add7793fd4b0930c3\"},\"headline\":\"Preview: Liverpool &#8211; Everton\",\"datePublished\":\"2012-03-12T17:47:20+00:00\",\"dateModified\":\"2021-02-20T10:49:28+00:00\",\"mainEntityOfPage\":{\"@id\":\"https:\/\/evertonfc.cz\/index.php\/2012\/03\/12\/preview-liverpool-everton-8\/\"},\"wordCount\":1294,\"commentCount\":0,\"publisher\":{\"@id\":\"https:\/\/evertonfc.cz\/#organization\"},\"image\":{\"@id\":\"https:\/\/evertonfc.cz\/index.php\/2012\/03\/12\/preview-liverpool-everton-8\/#primaryimage\"},\"thumbnailUrl\":\"https:\/\/evertonfc.cz\/wp-content\/uploads\/2021\/02\/Liverpool-VS-Everton.jpg\",\"articleSection\":[\"Z\u00e1pasy\"],\"inLanguage\":\"cs\",\"potentialAction\":[{\"@type\":\"CommentAction\",\"name\":\"Comment\",\"target\":[\"https:\/\/evertonfc.cz\/index.php\/2012\/03\/12\/preview-liverpool-everton-8\/#respond\"]}]},{\"@type\":\"WebPage\",\"@id\":\"https:\/\/evertonfc.cz\/index.php\/2012\/03\/12\/preview-liverpool-everton-8\/\",\"url\":\"https:\/\/evertonfc.cz\/index.php\/2012\/03\/12\/preview-liverpool-everton-8\/\",\"name\":\"Preview: Liverpool - Everton - Official Czech &amp; Slovak Everton Supporters&#039; Club\",\"isPartOf\":{\"@id\":\"https:\/\/evertonfc.cz\/#website\"},\"primaryImageOfPage\":{\"@id\":\"https:\/\/evertonfc.cz\/index.php\/2012\/03\/12\/preview-liverpool-everton-8\/#primaryimage\"},\"image\":{\"@id\":\"https:\/\/evertonfc.cz\/index.php\/2012\/03\/12\/preview-liverpool-everton-8\/#primaryimage\"},\"thumbnailUrl\":\"https:\/\/evertonfc.cz\/wp-content\/uploads\/2021\/02\/Liverpool-VS-Everton.jpg\",\"datePublished\":\"2012-03-12T17:47:20+00:00\",\"dateModified\":\"2021-02-20T10:49:28+00:00\",\"breadcrumb\":{\"@id\":\"https:\/\/evertonfc.cz\/index.php\/2012\/03\/12\/preview-liverpool-everton-8\/#breadcrumb\"},\"inLanguage\":\"cs\",\"potentialAction\":[{\"@type\":\"ReadAction\",\"target\":[\"https:\/\/evertonfc.cz\/index.php\/2012\/03\/12\/preview-liverpool-everton-8\/\"]}]},{\"@type\":\"ImageObject\",\"inLanguage\":\"cs\",\"@id\":\"https:\/\/evertonfc.cz\/index.php\/2012\/03\/12\/preview-liverpool-everton-8\/#primaryimage\",\"url\":\"https:\/\/evertonfc.cz\/wp-content\/uploads\/2021\/02\/Liverpool-VS-Everton.jpg\",\"contentUrl\":\"https:\/\/evertonfc.cz\/wp-content\/uploads\/2021\/02\/Liverpool-VS-Everton.jpg\",\"width\":720,\"height\":405},{\"@type\":\"BreadcrumbList\",\"@id\":\"https:\/\/evertonfc.cz\/index.php\/2012\/03\/12\/preview-liverpool-everton-8\/#breadcrumb\",\"itemListElement\":[{\"@type\":\"ListItem\",\"position\":1,\"name\":\"Home\",\"item\":\"https:\/\/evertonfc.cz\/\"},{\"@type\":\"ListItem\",\"position\":2,\"name\":\"Preview: Liverpool &#8211; Everton\"}]},{\"@type\":\"WebSite\",\"@id\":\"https:\/\/evertonfc.cz\/#website\",\"url\":\"https:\/\/evertonfc.cz\/\",\"name\":\"Official Czech &amp; Slovak Everton Supporters&#039; Club\",\"description\":\"\",\"publisher\":{\"@id\":\"https:\/\/evertonfc.cz\/#organization\"},\"potentialAction\":[{\"@type\":\"SearchAction\",\"target\":{\"@type\":\"EntryPoint\",\"urlTemplate\":\"https:\/\/evertonfc.cz\/?s={search_term_string}\"},\"query-input\":{\"@type\":\"PropertyValueSpecification\",\"valueRequired\":true,\"valueName\":\"search_term_string\"}}],\"inLanguage\":\"cs\"},{\"@type\":\"Organization\",\"@id\":\"https:\/\/evertonfc.cz\/#organization\",\"name\":\"Official Czech & Slovak Everton Supporters' Club\",\"url\":\"https:\/\/evertonfc.cz\/\",\"logo\":{\"@type\":\"ImageObject\",\"inLanguage\":\"cs\",\"@id\":\"https:\/\/evertonfc.cz\/#\/schema\/logo\/image\/\",\"url\":\"https:\/\/evertonfc.cz\/wp-content\/uploads\/2019\/05\/logo.png\",\"contentUrl\":\"https:\/\/evertonfc.cz\/wp-content\/uploads\/2019\/05\/logo.png\",\"width\":112,\"height\":112,\"caption\":\"Official Czech & Slovak Everton Supporters' Club\"},\"image\":{\"@id\":\"https:\/\/evertonfc.cz\/#\/schema\/logo\/image\/\"},\"sameAs\":[\"https:\/\/www.facebook.com\/everton.fans.cz.sk\"]},{\"@type\":\"Person\",\"@id\":\"https:\/\/evertonfc.cz\/#\/schema\/person\/cd6328a75577de2add7793fd4b0930c3\",\"name\":\"Me\u0148a\",\"url\":\"https:\/\/evertonfc.cz\/index.php\/author\/mena\/\"}]}<\/script>\n<!-- \/ Yoast SEO plugin. -->","yoast_head_json":{"title":"Preview: Liverpool - Everton - Official Czech &amp; Slovak Everton Supporters&#039; Club","robots":{"index":"index","follow":"follow","max-snippet":"max-snippet:-1","max-image-preview":"max-image-preview:large","max-video-preview":"max-video-preview:-1"},"canonical":"https:\/\/evertonfc.cz\/index.php\/2012\/03\/12\/preview-liverpool-everton-8\/","og_locale":"cs_CZ","og_type":"article","og_title":"Preview: Liverpool - Everton - Official Czech &amp; Slovak Everton Supporters&#039; Club","og_description":"Na Anfieldu nevyhr\u00e1l Everton u\u017e dvan\u00e1ct let. Povede se mu aktu\u00e1ln\u00ed vynikaj\u00edc\u00ed formy vyu\u017e\u00edt k prolomen\u00ed nep\u0159\u00edjemn\u011b dlouh\u00e9ho \u010dek\u00e1n\u00ed?","og_url":"https:\/\/evertonfc.cz\/index.php\/2012\/03\/12\/preview-liverpool-everton-8\/","og_site_name":"Official Czech &amp; Slovak Everton Supporters&#039; Club","article_publisher":"https:\/\/www.facebook.com\/everton.fans.cz.sk","article_published_time":"2012-03-12T17:47:20+00:00","article_modified_time":"2021-02-20T10:49:28+00:00","og_image":[{"width":720,"height":405,"url":"https:\/\/evertonfc.cz\/wp-content\/uploads\/2021\/02\/Liverpool-VS-Everton.jpg","type":"image\/jpeg"}],"author":"Me\u0148a","twitter_card":"summary_large_image","twitter_misc":{"Napsal(a)":"Me\u0148a","Odhadovan\u00e1 doba \u010dten\u00ed":"6 minut"},"schema":{"@context":"https:\/\/schema.org","@graph":[{"@type":"Article","@id":"https:\/\/evertonfc.cz\/index.php\/2012\/03\/12\/preview-liverpool-everton-8\/#article","isPartOf":{"@id":"https:\/\/evertonfc.cz\/index.php\/2012\/03\/12\/preview-liverpool-everton-8\/"},"author":{"name":"Me\u0148a","@id":"https:\/\/evertonfc.cz\/#\/schema\/person\/cd6328a75577de2add7793fd4b0930c3"},"headline":"Preview: Liverpool &#8211; Everton","datePublished":"2012-03-12T17:47:20+00:00","dateModified":"2021-02-20T10:49:28+00:00","mainEntityOfPage":{"@id":"https:\/\/evertonfc.cz\/index.php\/2012\/03\/12\/preview-liverpool-everton-8\/"},"wordCount":1294,"commentCount":0,"publisher":{"@id":"https:\/\/evertonfc.cz\/#organization"},"image":{"@id":"https:\/\/evertonfc.cz\/index.php\/2012\/03\/12\/preview-liverpool-everton-8\/#primaryimage"},"thumbnailUrl":"https:\/\/evertonfc.cz\/wp-content\/uploads\/2021\/02\/Liverpool-VS-Everton.jpg","articleSection":["Z\u00e1pasy"],"inLanguage":"cs","potentialAction":[{"@type":"CommentAction","name":"Comment","target":["https:\/\/evertonfc.cz\/index.php\/2012\/03\/12\/preview-liverpool-everton-8\/#respond"]}]},{"@type":"WebPage","@id":"https:\/\/evertonfc.cz\/index.php\/2012\/03\/12\/preview-liverpool-everton-8\/","url":"https:\/\/evertonfc.cz\/index.php\/2012\/03\/12\/preview-liverpool-everton-8\/","name":"Preview: Liverpool - Everton - Official Czech &amp; Slovak Everton Supporters&#039; Club","isPartOf":{"@id":"https:\/\/evertonfc.cz\/#website"},"primaryImageOfPage":{"@id":"https:\/\/evertonfc.cz\/index.php\/2012\/03\/12\/preview-liverpool-everton-8\/#primaryimage"},"image":{"@id":"https:\/\/evertonfc.cz\/index.php\/2012\/03\/12\/preview-liverpool-everton-8\/#primaryimage"},"thumbnailUrl":"https:\/\/evertonfc.cz\/wp-content\/uploads\/2021\/02\/Liverpool-VS-Everton.jpg","datePublished":"2012-03-12T17:47:20+00:00","dateModified":"2021-02-20T10:49:28+00:00","breadcrumb":{"@id":"https:\/\/evertonfc.cz\/index.php\/2012\/03\/12\/preview-liverpool-everton-8\/#breadcrumb"},"inLanguage":"cs","potentialAction":[{"@type":"ReadAction","target":["https:\/\/evertonfc.cz\/index.php\/2012\/03\/12\/preview-liverpool-everton-8\/"]}]},{"@type":"ImageObject","inLanguage":"cs","@id":"https:\/\/evertonfc.cz\/index.php\/2012\/03\/12\/preview-liverpool-everton-8\/#primaryimage","url":"https:\/\/evertonfc.cz\/wp-content\/uploads\/2021\/02\/Liverpool-VS-Everton.jpg","contentUrl":"https:\/\/evertonfc.cz\/wp-content\/uploads\/2021\/02\/Liverpool-VS-Everton.jpg","width":720,"height":405},{"@type":"BreadcrumbList","@id":"https:\/\/evertonfc.cz\/index.php\/2012\/03\/12\/preview-liverpool-everton-8\/#breadcrumb","itemListElement":[{"@type":"ListItem","position":1,"name":"Home","item":"https:\/\/evertonfc.cz\/"},{"@type":"ListItem","position":2,"name":"Preview: Liverpool &#8211; Everton"}]},{"@type":"WebSite","@id":"https:\/\/evertonfc.cz\/#website","url":"https:\/\/evertonfc.cz\/","name":"Official Czech &amp; Slovak Everton Supporters&#039; Club","description":"","publisher":{"@id":"https:\/\/evertonfc.cz\/#organization"},"potentialAction":[{"@type":"SearchAction","target":{"@type":"EntryPoint","urlTemplate":"https:\/\/evertonfc.cz\/?s={search_term_string}"},"query-input":{"@type":"PropertyValueSpecification","valueRequired":true,"valueName":"search_term_string"}}],"inLanguage":"cs"},{"@type":"Organization","@id":"https:\/\/evertonfc.cz\/#organization","name":"Official Czech & Slovak Everton Supporters' Club","url":"https:\/\/evertonfc.cz\/","logo":{"@type":"ImageObject","inLanguage":"cs","@id":"https:\/\/evertonfc.cz\/#\/schema\/logo\/image\/","url":"https:\/\/evertonfc.cz\/wp-content\/uploads\/2019\/05\/logo.png","contentUrl":"https:\/\/evertonfc.cz\/wp-content\/uploads\/2019\/05\/logo.png","width":112,"height":112,"caption":"Official Czech & Slovak Everton Supporters' Club"},"image":{"@id":"https:\/\/evertonfc.cz\/#\/schema\/logo\/image\/"},"sameAs":["https:\/\/www.facebook.com\/everton.fans.cz.sk"]},{"@type":"Person","@id":"https:\/\/evertonfc.cz\/#\/schema\/person\/cd6328a75577de2add7793fd4b0930c3","name":"Me\u0148a","url":"https:\/\/evertonfc.cz\/index.php\/author\/mena\/"}]}},"_links":{"self":[{"href":"https:\/\/evertonfc.cz\/index.php\/wp-json\/wp\/v2\/posts\/6328"}],"collection":[{"href":"https:\/\/evertonfc.cz\/index.php\/wp-json\/wp\/v2\/posts"}],"about":[{"href":"https:\/\/evertonfc.cz\/index.php\/wp-json\/wp\/v2\/types\/post"}],"author":[{"embeddable":true,"href":"https:\/\/evertonfc.cz\/index.php\/wp-json\/wp\/v2\/users\/7"}],"replies":[{"embeddable":true,"href":"https:\/\/evertonfc.cz\/index.php\/wp-json\/wp\/v2\/comments?post=6328"}],"version-history":[{"count":5,"href":"https:\/\/evertonfc.cz\/index.php\/wp-json\/wp\/v2\/posts\/6328\/revisions"}],"predecessor-version":[{"id":14254,"href":"https:\/\/evertonfc.cz\/index.php\/wp-json\/wp\/v2\/posts\/6328\/revisions\/14254"}],"wp:featuredmedia":[{"embeddable":true,"href":"https:\/\/evertonfc.cz\/index.php\/wp-json\/wp\/v2\/media\/14233"}],"wp:attachment":[{"href":"https:\/\/evertonfc.cz\/index.php\/wp-json\/wp\/v2\/media?parent=6328"}],"wp:term":[{"taxonomy":"category","embeddable":true,"href":"https:\/\/evertonfc.cz\/index.php\/wp-json\/wp\/v2\/categories?post=6328"},{"taxonomy":"post_tag","embeddable":true,"href":"https:\/\/evertonfc.cz\/index.php\/wp-json\/wp\/v2\/tags?post=6328"}],"curies":[{"name":"wp","href":"https:\/\/api.w.org\/{rel}","templated":true}]}}