{"id":6332,"date":"2012-03-12T18:48:46","date_gmt":"2012-03-12T17:48:46","guid":{"rendered":"http:\/\/evertonfc.cz\/?p=6332"},"modified":"2019-02-17T21:50:04","modified_gmt":"2019-02-17T20:50:04","slug":"fanousek-lfc-pred-derby","status":"publish","type":"post","link":"https:\/\/evertonfc.cz\/index.php\/2012\/03\/12\/fanousek-lfc-pred-derby\/","title":{"rendered":"Fanou\u0161ek LFC p\u0159ed derby"},"content":{"rendered":"<h4 id=\"NewsPostDetailSummary\">P\u0159ed Merseyside derby, pat\u0159\u00edc\u00ed k vrchol\u016fm sez\u00f3ny, n\u00e1m p\u00e1r slov prost\u0159ednictv\u00edm rozhovoru prozradil p\u0159\u00edznivec t\u00e9 druh\u00e9 strany \u2013 dEst.<\/h4>\n<div id=\"NewsPostDetailContent\">\n<p><strong>LFC po \u0161esti letech z\u00edskal trofej, ov\u0161em pravd\u011bpodobn\u011b si u\u017e v Premier League nezajist\u00ed m\u00edsta zaru\u010duj\u00edc\u00ed kvalifikaci do Ligy mistr\u016f, co\u017e pat\u0159ilo k p\u0159edsez\u00f3nn\u00edm c\u00edl\u016fm. Jak\u00e9 pocity v tob\u011b p\u0159evl\u00e1daj\u00ed?<\/strong><\/p>\n<p>LFC se nikdy nevzd\u00e1v\u00e1. J\u00e1 st\u00e1le v to 4. m\u00edsto v\u011b\u0159\u00edm i kdy\u017e pravda, bude to hodn\u011b slo\u017eit\u00e9. Liverpool n\u011bjakou trofej pot\u0159eboval, 6 let na takov\u00fd t\u00fdm je dlouh\u00e1 doba, tro\u0161ku jsem se ob\u00e1val i o ten Carling cup, kdy\u017e jsem vid\u011bl loni Arsenal ve fin\u00e1le. Nav\u00edc st\u00e1le je tu \u0161ance vyhr\u00e1t i FA cup, sez\u00f3na se bude hodnotit t\u011b\u017eko, c\u00edl 4. m\u00edsto daleko, ale re\u00e1ln\u00e1 \u0161ance vyhr\u00e1t dva poh\u00e1ry, to tu taky dlouho nebylo.<\/p>\n<p><strong>Pro\u010d se Liverpoolu v lize neda\u0159\u00ed splnit o\u010dek\u00e1v\u00e1n\u00ed?<\/strong><\/p>\n<p>To je jednoduch\u00e1 ot\u00e1zka. V 26 odehran\u00fdch z\u00e1pasech 30 vst\u0159elen\u00fdch gol\u016f a jeden z nejhor\u0161\u00edch \u00fatok\u016f Premier League. Koncovka tr\u00e1p\u00ed t\u00fdm celou sezonu.<\/p>\n<p><strong>Po p\u0159\u00edchod\u011b nov\u00fdch majitel\u016f se utratilo hodn\u011b pen\u011bz, ov\u0161em hr\u00e1\u010di jako Adam, Carroll, Downing \u010di Henderson prozat\u00edm nep\u0159edv\u00e1d\u011bj\u00ed nikterak osl\u0148uj\u00edc\u00ed v\u00fdkony. Jak hodnot\u00ed\u0161 dosavadn\u00ed p\u0159estupovou politiku? <\/strong><\/p>\n<p>P\u0159estupovou politiku hodnot\u00edm 50\/50. Liverpool pod Ben\u00edtezem postr\u00e1dal angli\u010dany, a Hodgson a Dalglish museli pak n\u011bjak\u00e9 kupovat kv\u016fli pravidlu homegrown players. Ka\u017ed\u00e9ho z t\u011bch hr\u00e1\u010d\u016f co si vyjmenoval bych hodnotil jednotliv\u011b. Nejv\u00edc jsem \u010dekal od Adama a ten se ukazuje zat\u00edm jako nejv\u011bt\u0161\u00ed propad\u00e1k, minul\u00fd t\u00fdden kdy jsem byl osobn\u011b na Anfieldu jsem si ov\u011b\u0159il, \u017ee ten hr\u00e1\u010d na LFC nem\u00e1. U Carrolla je probl\u00e9m, \u017ee kdy\u017e u\u017e se dost\u00e1val do formy a odehr\u00e1l poveden\u00e9 z\u00e1pasy, Kenny ho znova nepochopiteln\u011b posadil na lavi\u010dku. I kdy\u017e tady bude asi hr\u00e1t roli i tr\u00e9ninkov\u00e1 mor\u00e1lka Andyho. Downing m\u011bl jedno slab\u0161\u00ed obdob\u00ed, kdy se mu opravdu neda\u0159ilo, ale jinak pat\u0159\u00ed k lep\u0161\u00edm hr\u00e1\u010d\u016fm tuhle sezonu, je poctiv\u00fd v obran\u011b, v\u011btr\u00e1 levou stranu, je aktivn\u00ed, u\u017e mohl m\u00edt spoustu asistenc\u00ed, ale t\u00edm se vrac\u00edm ke st\u0159eleck\u00e9 nemohoucnosti cel\u00e9ho t\u00fdmu. Henderson je pro m\u011b osobn\u011b nejlep\u0161\u00ed p\u0159estup a p\u0159itom jsem si myslel, \u017ee to bude nejv\u011bt\u0161\u00ed propad\u00e1k a bude naprosto zbyte\u010dn\u00fd. Mlad\u00fd, dynamick\u00fd i dob\u0159e technicky vybaven\u00fd hr\u00e1\u010d, jeho nejv\u011bt\u0161\u00ed probl\u00e9m je, \u017ee m\u00e1lo st\u0159\u00edl\u00ed. I on trp\u00ed Kennym, jeho pozice je ve st\u0159edu, ale je \u010dasto strk\u00e1n na kraj z\u00e1lohy.<\/p>\n<p><strong>Vra\u0165me se je\u0161t\u011b k majitel\u016fm, jak\u00e9 c\u00edle si dali do dal\u0161\u00edch let a jsou splniteln\u00e9? <\/strong><\/p>\n<p>C\u00edle jsou jasn\u00e9, s\u00e1m John W. Henry \u0159ekl, \u017ee c\u00edl je vyhr\u00e1t Premier League a pak ho znovu obh\u00e1jit . Mysl\u00edm, \u017ee z\u00e1klad m\u00e1me dobr\u00fd, vyhr\u00e1la se po 6 letech trofej, a hlavn\u011b pr\u00e1v\u011b m\u00e1me dobr\u00e9 majitele, kte\u0159\u00ed v tom um\u00ed chodit, a u\u017e maj\u00ed podobn\u00e9 zku\u0161enosti i kdy\u017e v jin\u00e9m sportu.<\/p>\n<p><strong>Jestli\u017ee se Liverpool letos neprobojuje do Ligy mistr\u016f, neodsko\u010d\u00ed mu definitivn\u011b \u0161pi\u010dka Premier League? P\u0159eci jenom nejlep\u0161\u00ed hr\u00e1\u010di z Evropy st\u011b\u017e\u00ed p\u0159ijdou do klubu jen kv\u016fli historii a sou\u010dasn\u00fd k\u00e1dr zat\u00edm nevypad\u00e1, \u017ee dok\u00e1\u017ee skon\u010dit do 4. m\u00edsta. <\/strong><\/p>\n<p>D\u016fle\u017eit\u00fd je, \u017ee se bude hr\u00e1t aspo\u0148 Evropsk\u00e1 liga, vyhr\u00e1l se Carling cup, nem\u00e1m strach o to, \u017ee by do LFC ne\u0161li spr\u00e1vn\u00ed hr\u00e1\u010di, boj\u00edm se jen toho, jak\u00e9 Kenny vybere.<\/p>\n<p><strong>Nen\u00ed King Kenny prost\u011b jenom Kenny? T\u00edm nar\u00e1\u017e\u00edm na fakt, zda je ide\u00e1ln\u00edm \u0159e\u0161en\u00edm na pozici mana\u017eera. <\/strong><\/p>\n<p>Kenny dok\u00e1zal pozvednout t\u00fdm loni po Hodgsonovi a zabojoval je\u0161t\u011b po poh\u00e1ry, ale \u010d\u00edm d\u00e1l v\u00edc jsem p\u0159esv\u011bd\u010den, \u017ee nem\u011bl z\u016fst\u00e1vat ve funkci po tom p\u016flroce. \u0160patn\u011b reaguje na pr\u016fb\u011bhy z\u00e1pas\u016f, stav\u00ed hr\u00e1\u010de na pozice, kde norm\u00e1ln\u011b nehraj\u00ed. Doufal jsem, \u017ee Kenny obstar\u00e1 tu motiva\u010dn\u00ed str\u00e1nku, a Steve Clarke bude doh\u00e1n\u011bt to ostatn\u00ed v taktice apod. No zat\u00edm se tak ned\u011bje. Ale furt je to legenda klubu, a nev\u00edm jestli na sou\u010dasn\u00e9m trhu by byl n\u011bkdo lep\u0161\u00ed, t\u011b\u017eko \u0159\u00edct, moc voln\u00fdch mana\u017eer\u016f kvalitou na LFC m\u011b nenapad\u00e1.<\/p>\n<p><strong>Nechci rozpitv\u00e1vat kauzu Evra\u2013Suar\u00e9z. Co m\u011b ale p\u0159ekvapilo, byl postoj veden\u00ed LFC, kter\u00e9 se Uruguayce nezastalo. <\/strong><\/p>\n<p>Pr\u00e1v\u011b\u017ee klub se zast\u00e1val Su\u00e1reze a\u017e moc. Probl\u00e9m byl v tom, \u017ee v tom nepokra\u010doval po ur\u010den\u00ed trestu od FA. Klub se m\u011bl odvolat, ale neud\u011blal to. Nech\u00e1pu pro\u010d.<\/p>\n<p><strong>Den po souboji Liverpoolu s Evertonem oslav\u00ed David Moyes deset let jako mana\u017eer Toffees. Z\u00e1vid\u00ed\u0161 ho Evertonu? <\/strong><\/p>\n<p>David Moyes je pro m\u011b mana\u017eer ide\u00e1ln\u00ed pro Everton. Pracuje s velmi omezen\u00fdmi financemi a nem\u016f\u017ee utr\u00e1cet, a toho d\u011bl\u00e1 kvalitn\u00edm, proto\u017ee to prost\u011b um\u00ed. Do LFC bych ho necht\u011bl, podle m\u011b je jeho strop pr\u00e1v\u011b Everton a na velkoklub to nebude. Kdyby dostal v\u011bt\u0161\u00ed prostor a pen\u00edze, tak by to mohlo skon\u010dit velk\u00fdm propad\u00e1kem.<\/p>\n<p><strong>Z \u010deho usuzuje\u0161, \u017ee by Moyes ve velk\u00e9m mu\u017estvu s v\u011bt\u0161\u00edmi finan\u010dn\u00edmi mo\u017enostmi poho\u0159el? <\/strong><\/p>\n<p>On m\u00e1 neskute\u010dn\u00fd \u010dich na p\u0159estupy, v tom je g\u00e9nius opravdu, ale v taktice hodn\u011b zaost\u00e1v\u00e1, ob\u010das u n\u011bj nech\u00e1pu i n\u011bkter\u00fd nasazov\u00e1n\u00ed hr\u00e1\u010d\u016f, co\u017e ale s\u00e1m mus\u00ed\u0161 v\u011bd\u011bt. Bylo by zaj\u00edmav\u00fd sledovat jak by pracoval s v\u011bt\u0161\u00edm obnosem pen\u011bz, ale m\u016fj n\u00e1zor je takov\u00fd, \u017ee s v\u011bt\u0161\u00edm obnosem pen\u011bz, by ztratil to kouzlo, kdy vyt\u00e1hne nezn\u00e1m\u00fdho hr\u00e1\u010de, kterej je pak hodn\u011b d\u016fle\u017eitej v jeho t\u00fdmu, a na to by dojel. Hodn\u011b zaj\u00edmav\u00fd taky bylo podzimn\u00ed odp\u00e1lkov\u00e1n\u00ed Sahy, kter\u00fd kdy\u017e nem\u00e1 zdravotn\u00ed probl\u00e9my, je jeden z nejlep\u0161\u00edch \u00fato\u010dn\u00edk\u016f v PL, co\u017e te\u010f ukazuje i v Tottenhamu. Nav\u00edc u\u017e d\u0159\u00edv Yakubu, kter\u00fd pro zm\u011bnu st\u0159\u00edl\u00ed goly v Blackburnu a spol\u00edhat na Jelavi\u010de, co\u017e je zat\u00edm st\u00e1le otazn\u00edk, Velliose a za zenitem hraj\u00edc\u00edm Cahillem, mi nep\u0159ide zrovna \u0161\u0165astn\u00fd.<\/p>\n<p><strong>Co pro tebe vlastn\u011b znamen\u00e1 Merseyside derby, jakou mu p\u0159ikl\u00e1n\u00ed\u0161 hodnotu a jak vlastn\u011b bere\u0161 Everton? <\/strong><\/p>\n<p>Merseyside beru velmi presti\u017en\u011b. Je to prost\u011b derby s m\u011bstsk\u00fdm rivalem, bitva o m\u011bsto Liverpool, kter\u00e9 snad z\u016fstane leto\u0161n\u00ed sezonu v \u010derven\u00e9 barv\u011b.<\/p>\n<p><strong>Kter\u00e9 derby ti utkv\u011blo v pam\u011bti v tom pozitivn\u00edm smyslu, a kter\u00e9 naopak v tom negativn\u00edm? <\/strong><\/p>\n<p>Tady bych vybral 3 z\u00e1pasy. V\u00fdhra z penalt Dirka Kuyta v Goodisonu. Pak vy\u0159azen\u00ed z FA cupu na Anfieldu golem Goslinga v 119.minut\u011b a to posledn\u00ed Merseyside derby, ze kter\u00fdho jsem m\u011bl hodn\u011b sm\u00ed\u0161en\u00fd pocity, d\u00edky panu Atkinsonovi.<\/p>\n<p><strong>Tv\u016fj tip na v\u00fdsledek?<\/strong><\/p>\n<p>2:0 pro Reds a st\u0159elci g\u00f3l\u016f budou Kuyt a Bellamy.<\/p>\n<\/div>\n","protected":false},"excerpt":{"rendered":"<p>P\u0159ed Merseyside derby, pat\u0159\u00edc\u00ed k vrchol\u016fm sez\u00f3ny, n\u00e1m p\u00e1r slov prost\u0159ednictv\u00edm rozhovoru prozradil p\u0159\u00edznivec t\u00e9 druh\u00e9 strany \u2013 dEst. LFC&hellip;<\/p>\n","protected":false},"author":6,"featured_media":1312,"comment_status":"open","ping_status":"closed","sticky":false,"template":"","format":"standard","meta":{"_eb_attr":"","_monsterinsights_skip_tracking":false,"_monsterinsights_sitenote_active":false,"_monsterinsights_sitenote_note":"","_monsterinsights_sitenote_category":0,"footnotes":""},"categories":[1],"tags":[],"yoast_head":"<!-- This site is optimized with the Yoast SEO plugin v23.4 - https:\/\/yoast.com\/wordpress\/plugins\/seo\/ -->\n<title>Fanou\u0161ek LFC p\u0159ed derby - Official Czech &amp; Slovak Everton Supporters&#039; Club<\/title>\n<meta name=\"robots\" content=\"index, follow, max-snippet:-1, max-image-preview:large, max-video-preview:-1\" \/>\n<link rel=\"canonical\" href=\"https:\/\/evertonfc.cz\/index.php\/2012\/03\/12\/fanousek-lfc-pred-derby\/\" \/>\n<meta property=\"og:locale\" content=\"cs_CZ\" \/>\n<meta property=\"og:type\" content=\"article\" \/>\n<meta property=\"og:title\" content=\"Fanou\u0161ek LFC p\u0159ed derby - Official Czech &amp; Slovak Everton Supporters&#039; Club\" \/>\n<meta property=\"og:description\" content=\"P\u0159ed Merseyside derby, pat\u0159\u00edc\u00ed k vrchol\u016fm sez\u00f3ny, n\u00e1m p\u00e1r slov prost\u0159ednictv\u00edm rozhovoru prozradil p\u0159\u00edznivec t\u00e9 druh\u00e9 strany \u2013 dEst. LFC&hellip;\" \/>\n<meta property=\"og:url\" content=\"https:\/\/evertonfc.cz\/index.php\/2012\/03\/12\/fanousek-lfc-pred-derby\/\" \/>\n<meta property=\"og:site_name\" content=\"Official Czech &amp; Slovak Everton Supporters&#039; Club\" \/>\n<meta property=\"article:publisher\" content=\"https:\/\/www.facebook.com\/everton.fans.cz.sk\" \/>\n<meta property=\"article:published_time\" content=\"2012-03-12T17:48:46+00:00\" \/>\n<meta property=\"article:modified_time\" content=\"2019-02-17T20:50:04+00:00\" \/>\n<meta property=\"og:image\" content=\"https:\/\/evertonfc.cz\/wp-content\/uploads\/2019\/01\/interview.jpg\" \/>\n\t<meta property=\"og:image:width\" content=\"720\" \/>\n\t<meta property=\"og:image:height\" content=\"405\" \/>\n\t<meta property=\"og:image:type\" content=\"image\/jpeg\" \/>\n<meta name=\"author\" content=\"Ri\u010di\" \/>\n<meta name=\"twitter:card\" content=\"summary_large_image\" \/>\n<meta name=\"twitter:creator\" content=\"@rbrejsa\" \/>\n<meta name=\"twitter:label1\" content=\"Napsal(a)\" \/>\n\t<meta name=\"twitter:data1\" content=\"Ri\u010di\" \/>\n\t<meta name=\"twitter:label2\" content=\"Odhadovan\u00e1 doba \u010dten\u00ed\" \/>\n\t<meta name=\"twitter:data2\" content=\"6 minut\" \/>\n<script type=\"application\/ld+json\" class=\"yoast-schema-graph\">{\"@context\":\"https:\/\/schema.org\",\"@graph\":[{\"@type\":\"Article\",\"@id\":\"https:\/\/evertonfc.cz\/index.php\/2012\/03\/12\/fanousek-lfc-pred-derby\/#article\",\"isPartOf\":{\"@id\":\"https:\/\/evertonfc.cz\/index.php\/2012\/03\/12\/fanousek-lfc-pred-derby\/\"},\"author\":{\"name\":\"Ri\u010di\",\"@id\":\"https:\/\/evertonfc.cz\/#\/schema\/person\/f7a5daedb2ffee98480bc70e191aaef1\"},\"headline\":\"Fanou\u0161ek LFC p\u0159ed derby\",\"datePublished\":\"2012-03-12T17:48:46+00:00\",\"dateModified\":\"2019-02-17T20:50:04+00:00\",\"mainEntityOfPage\":{\"@id\":\"https:\/\/evertonfc.cz\/index.php\/2012\/03\/12\/fanousek-lfc-pred-derby\/\"},\"wordCount\":1268,\"commentCount\":0,\"publisher\":{\"@id\":\"https:\/\/evertonfc.cz\/#organization\"},\"image\":{\"@id\":\"https:\/\/evertonfc.cz\/index.php\/2012\/03\/12\/fanousek-lfc-pred-derby\/#primaryimage\"},\"thumbnailUrl\":\"https:\/\/evertonfc.cz\/wp-content\/uploads\/2019\/01\/interview.jpg\",\"articleSection\":[\"Rozhovory\"],\"inLanguage\":\"cs\",\"potentialAction\":[{\"@type\":\"CommentAction\",\"name\":\"Comment\",\"target\":[\"https:\/\/evertonfc.cz\/index.php\/2012\/03\/12\/fanousek-lfc-pred-derby\/#respond\"]}]},{\"@type\":\"WebPage\",\"@id\":\"https:\/\/evertonfc.cz\/index.php\/2012\/03\/12\/fanousek-lfc-pred-derby\/\",\"url\":\"https:\/\/evertonfc.cz\/index.php\/2012\/03\/12\/fanousek-lfc-pred-derby\/\",\"name\":\"Fanou\u0161ek LFC p\u0159ed derby - Official Czech &amp; Slovak Everton Supporters&#039; Club\",\"isPartOf\":{\"@id\":\"https:\/\/evertonfc.cz\/#website\"},\"primaryImageOfPage\":{\"@id\":\"https:\/\/evertonfc.cz\/index.php\/2012\/03\/12\/fanousek-lfc-pred-derby\/#primaryimage\"},\"image\":{\"@id\":\"https:\/\/evertonfc.cz\/index.php\/2012\/03\/12\/fanousek-lfc-pred-derby\/#primaryimage\"},\"thumbnailUrl\":\"https:\/\/evertonfc.cz\/wp-content\/uploads\/2019\/01\/interview.jpg\",\"datePublished\":\"2012-03-12T17:48:46+00:00\",\"dateModified\":\"2019-02-17T20:50:04+00:00\",\"breadcrumb\":{\"@id\":\"https:\/\/evertonfc.cz\/index.php\/2012\/03\/12\/fanousek-lfc-pred-derby\/#breadcrumb\"},\"inLanguage\":\"cs\",\"potentialAction\":[{\"@type\":\"ReadAction\",\"target\":[\"https:\/\/evertonfc.cz\/index.php\/2012\/03\/12\/fanousek-lfc-pred-derby\/\"]}]},{\"@type\":\"ImageObject\",\"inLanguage\":\"cs\",\"@id\":\"https:\/\/evertonfc.cz\/index.php\/2012\/03\/12\/fanousek-lfc-pred-derby\/#primaryimage\",\"url\":\"https:\/\/evertonfc.cz\/wp-content\/uploads\/2019\/01\/interview.jpg\",\"contentUrl\":\"https:\/\/evertonfc.cz\/wp-content\/uploads\/2019\/01\/interview.jpg\",\"width\":720,\"height\":405},{\"@type\":\"BreadcrumbList\",\"@id\":\"https:\/\/evertonfc.cz\/index.php\/2012\/03\/12\/fanousek-lfc-pred-derby\/#breadcrumb\",\"itemListElement\":[{\"@type\":\"ListItem\",\"position\":1,\"name\":\"Home\",\"item\":\"https:\/\/evertonfc.cz\/\"},{\"@type\":\"ListItem\",\"position\":2,\"name\":\"Fanou\u0161ek LFC p\u0159ed derby\"}]},{\"@type\":\"WebSite\",\"@id\":\"https:\/\/evertonfc.cz\/#website\",\"url\":\"https:\/\/evertonfc.cz\/\",\"name\":\"Official Czech &amp; Slovak Everton Supporters&#039; Club\",\"description\":\"\",\"publisher\":{\"@id\":\"https:\/\/evertonfc.cz\/#organization\"},\"potentialAction\":[{\"@type\":\"SearchAction\",\"target\":{\"@type\":\"EntryPoint\",\"urlTemplate\":\"https:\/\/evertonfc.cz\/?s={search_term_string}\"},\"query-input\":{\"@type\":\"PropertyValueSpecification\",\"valueRequired\":true,\"valueName\":\"search_term_string\"}}],\"inLanguage\":\"cs\"},{\"@type\":\"Organization\",\"@id\":\"https:\/\/evertonfc.cz\/#organization\",\"name\":\"Official Czech & Slovak Everton Supporters' Club\",\"url\":\"https:\/\/evertonfc.cz\/\",\"logo\":{\"@type\":\"ImageObject\",\"inLanguage\":\"cs\",\"@id\":\"https:\/\/evertonfc.cz\/#\/schema\/logo\/image\/\",\"url\":\"https:\/\/evertonfc.cz\/wp-content\/uploads\/2019\/05\/logo.png\",\"contentUrl\":\"https:\/\/evertonfc.cz\/wp-content\/uploads\/2019\/05\/logo.png\",\"width\":112,\"height\":112,\"caption\":\"Official Czech & Slovak Everton Supporters' Club\"},\"image\":{\"@id\":\"https:\/\/evertonfc.cz\/#\/schema\/logo\/image\/\"},\"sameAs\":[\"https:\/\/www.facebook.com\/everton.fans.cz.sk\"]},{\"@type\":\"Person\",\"@id\":\"https:\/\/evertonfc.cz\/#\/schema\/person\/f7a5daedb2ffee98480bc70e191aaef1\",\"name\":\"Ri\u010di\",\"sameAs\":[\"https:\/\/x.com\/rbrejsa\"],\"url\":\"https:\/\/evertonfc.cz\/index.php\/author\/rici\/\"}]}<\/script>\n<!-- \/ Yoast SEO plugin. -->","yoast_head_json":{"title":"Fanou\u0161ek LFC p\u0159ed derby - Official Czech &amp; Slovak Everton Supporters&#039; Club","robots":{"index":"index","follow":"follow","max-snippet":"max-snippet:-1","max-image-preview":"max-image-preview:large","max-video-preview":"max-video-preview:-1"},"canonical":"https:\/\/evertonfc.cz\/index.php\/2012\/03\/12\/fanousek-lfc-pred-derby\/","og_locale":"cs_CZ","og_type":"article","og_title":"Fanou\u0161ek LFC p\u0159ed derby - Official Czech &amp; Slovak Everton Supporters&#039; Club","og_description":"P\u0159ed Merseyside derby, pat\u0159\u00edc\u00ed k vrchol\u016fm sez\u00f3ny, n\u00e1m p\u00e1r slov prost\u0159ednictv\u00edm rozhovoru prozradil p\u0159\u00edznivec t\u00e9 druh\u00e9 strany \u2013 dEst. LFC&hellip;","og_url":"https:\/\/evertonfc.cz\/index.php\/2012\/03\/12\/fanousek-lfc-pred-derby\/","og_site_name":"Official Czech &amp; Slovak Everton Supporters&#039; Club","article_publisher":"https:\/\/www.facebook.com\/everton.fans.cz.sk","article_published_time":"2012-03-12T17:48:46+00:00","article_modified_time":"2019-02-17T20:50:04+00:00","og_image":[{"width":720,"height":405,"url":"https:\/\/evertonfc.cz\/wp-content\/uploads\/2019\/01\/interview.jpg","type":"image\/jpeg"}],"author":"Ri\u010di","twitter_card":"summary_large_image","twitter_creator":"@rbrejsa","twitter_misc":{"Napsal(a)":"Ri\u010di","Odhadovan\u00e1 doba \u010dten\u00ed":"6 minut"},"schema":{"@context":"https:\/\/schema.org","@graph":[{"@type":"Article","@id":"https:\/\/evertonfc.cz\/index.php\/2012\/03\/12\/fanousek-lfc-pred-derby\/#article","isPartOf":{"@id":"https:\/\/evertonfc.cz\/index.php\/2012\/03\/12\/fanousek-lfc-pred-derby\/"},"author":{"name":"Ri\u010di","@id":"https:\/\/evertonfc.cz\/#\/schema\/person\/f7a5daedb2ffee98480bc70e191aaef1"},"headline":"Fanou\u0161ek LFC p\u0159ed derby","datePublished":"2012-03-12T17:48:46+00:00","dateModified":"2019-02-17T20:50:04+00:00","mainEntityOfPage":{"@id":"https:\/\/evertonfc.cz\/index.php\/2012\/03\/12\/fanousek-lfc-pred-derby\/"},"wordCount":1268,"commentCount":0,"publisher":{"@id":"https:\/\/evertonfc.cz\/#organization"},"image":{"@id":"https:\/\/evertonfc.cz\/index.php\/2012\/03\/12\/fanousek-lfc-pred-derby\/#primaryimage"},"thumbnailUrl":"https:\/\/evertonfc.cz\/wp-content\/uploads\/2019\/01\/interview.jpg","articleSection":["Rozhovory"],"inLanguage":"cs","potentialAction":[{"@type":"CommentAction","name":"Comment","target":["https:\/\/evertonfc.cz\/index.php\/2012\/03\/12\/fanousek-lfc-pred-derby\/#respond"]}]},{"@type":"WebPage","@id":"https:\/\/evertonfc.cz\/index.php\/2012\/03\/12\/fanousek-lfc-pred-derby\/","url":"https:\/\/evertonfc.cz\/index.php\/2012\/03\/12\/fanousek-lfc-pred-derby\/","name":"Fanou\u0161ek LFC p\u0159ed derby - Official Czech &amp; Slovak Everton Supporters&#039; Club","isPartOf":{"@id":"https:\/\/evertonfc.cz\/#website"},"primaryImageOfPage":{"@id":"https:\/\/evertonfc.cz\/index.php\/2012\/03\/12\/fanousek-lfc-pred-derby\/#primaryimage"},"image":{"@id":"https:\/\/evertonfc.cz\/index.php\/2012\/03\/12\/fanousek-lfc-pred-derby\/#primaryimage"},"thumbnailUrl":"https:\/\/evertonfc.cz\/wp-content\/uploads\/2019\/01\/interview.jpg","datePublished":"2012-03-12T17:48:46+00:00","dateModified":"2019-02-17T20:50:04+00:00","breadcrumb":{"@id":"https:\/\/evertonfc.cz\/index.php\/2012\/03\/12\/fanousek-lfc-pred-derby\/#breadcrumb"},"inLanguage":"cs","potentialAction":[{"@type":"ReadAction","target":["https:\/\/evertonfc.cz\/index.php\/2012\/03\/12\/fanousek-lfc-pred-derby\/"]}]},{"@type":"ImageObject","inLanguage":"cs","@id":"https:\/\/evertonfc.cz\/index.php\/2012\/03\/12\/fanousek-lfc-pred-derby\/#primaryimage","url":"https:\/\/evertonfc.cz\/wp-content\/uploads\/2019\/01\/interview.jpg","contentUrl":"https:\/\/evertonfc.cz\/wp-content\/uploads\/2019\/01\/interview.jpg","width":720,"height":405},{"@type":"BreadcrumbList","@id":"https:\/\/evertonfc.cz\/index.php\/2012\/03\/12\/fanousek-lfc-pred-derby\/#breadcrumb","itemListElement":[{"@type":"ListItem","position":1,"name":"Home","item":"https:\/\/evertonfc.cz\/"},{"@type":"ListItem","position":2,"name":"Fanou\u0161ek LFC p\u0159ed derby"}]},{"@type":"WebSite","@id":"https:\/\/evertonfc.cz\/#website","url":"https:\/\/evertonfc.cz\/","name":"Official Czech &amp; Slovak Everton Supporters&#039; Club","description":"","publisher":{"@id":"https:\/\/evertonfc.cz\/#organization"},"potentialAction":[{"@type":"SearchAction","target":{"@type":"EntryPoint","urlTemplate":"https:\/\/evertonfc.cz\/?s={search_term_string}"},"query-input":{"@type":"PropertyValueSpecification","valueRequired":true,"valueName":"search_term_string"}}],"inLanguage":"cs"},{"@type":"Organization","@id":"https:\/\/evertonfc.cz\/#organization","name":"Official Czech & Slovak Everton Supporters' Club","url":"https:\/\/evertonfc.cz\/","logo":{"@type":"ImageObject","inLanguage":"cs","@id":"https:\/\/evertonfc.cz\/#\/schema\/logo\/image\/","url":"https:\/\/evertonfc.cz\/wp-content\/uploads\/2019\/05\/logo.png","contentUrl":"https:\/\/evertonfc.cz\/wp-content\/uploads\/2019\/05\/logo.png","width":112,"height":112,"caption":"Official Czech & Slovak Everton Supporters' Club"},"image":{"@id":"https:\/\/evertonfc.cz\/#\/schema\/logo\/image\/"},"sameAs":["https:\/\/www.facebook.com\/everton.fans.cz.sk"]},{"@type":"Person","@id":"https:\/\/evertonfc.cz\/#\/schema\/person\/f7a5daedb2ffee98480bc70e191aaef1","name":"Ri\u010di","sameAs":["https:\/\/x.com\/rbrejsa"],"url":"https:\/\/evertonfc.cz\/index.php\/author\/rici\/"}]}},"_links":{"self":[{"href":"https:\/\/evertonfc.cz\/index.php\/wp-json\/wp\/v2\/posts\/6332"}],"collection":[{"href":"https:\/\/evertonfc.cz\/index.php\/wp-json\/wp\/v2\/posts"}],"about":[{"href":"https:\/\/evertonfc.cz\/index.php\/wp-json\/wp\/v2\/types\/post"}],"author":[{"embeddable":true,"href":"https:\/\/evertonfc.cz\/index.php\/wp-json\/wp\/v2\/users\/6"}],"replies":[{"embeddable":true,"href":"https:\/\/evertonfc.cz\/index.php\/wp-json\/wp\/v2\/comments?post=6332"}],"version-history":[{"count":3,"href":"https:\/\/evertonfc.cz\/index.php\/wp-json\/wp\/v2\/posts\/6332\/revisions"}],"predecessor-version":[{"id":6500,"href":"https:\/\/evertonfc.cz\/index.php\/wp-json\/wp\/v2\/posts\/6332\/revisions\/6500"}],"wp:featuredmedia":[{"embeddable":true,"href":"https:\/\/evertonfc.cz\/index.php\/wp-json\/wp\/v2\/media\/1312"}],"wp:attachment":[{"href":"https:\/\/evertonfc.cz\/index.php\/wp-json\/wp\/v2\/media?parent=6332"}],"wp:term":[{"taxonomy":"category","embeddable":true,"href":"https:\/\/evertonfc.cz\/index.php\/wp-json\/wp\/v2\/categories?post=6332"},{"taxonomy":"post_tag","embeddable":true,"href":"https:\/\/evertonfc.cz\/index.php\/wp-json\/wp\/v2\/tags?post=6332"}],"curies":[{"name":"wp","href":"https:\/\/api.w.org\/{rel}","templated":true}]}}