{"id":6341,"date":"2012-03-15T18:51:58","date_gmt":"2012-03-15T17:51:58","guid":{"rendered":"http:\/\/evertonfc.cz\/?p=6341"},"modified":"2024-11-02T13:40:22","modified_gmt":"2024-11-02T12:40:22","slug":"preview-everton-sunderland-7","status":"publish","type":"post","link":"https:\/\/evertonfc.cz\/index.php\/2012\/03\/15\/preview-everton-sunderland-7\/","title":{"rendered":"Preview: Everton &#8211; Sunderland"},"content":{"rendered":"<h4 id=\"NewsPostDetailSummary\">Everton se vzpamatov\u00e1v\u00e1 z t\u011b\u017ek\u00e9 por\u00e1\u017eky v derby, o slovo se ale ji\u017e hl\u00e1s\u00ed je\u0161t\u011b d\u016fle\u017eit\u011bj\u0161\u00ed z\u00e1pas. Ve \u010dtvrtfin\u00e1le FA Cupu se bude bojovat o Wembley.<\/h4>\n<div id=\"NewsPostDetailContent\">\n<p>Je tomu u\u017e n\u011bjak\u00fd p\u00e1tek, co Everton za\u017eil tak rozporupln\u011bj\u0161\u00edch n\u011bkolik posledn\u00edch dn\u00ed, jak je tomu nyn\u00ed. Je\u0161t\u011b v sobotu navy\u0161oval skv\u011blou dom\u00e1c\u00ed v\u00fdhrou nad Tottenhamem s\u00e9rii neprohran\u00fdch z\u00e1pas\u016f ve v\u0161ech sout\u011b\u017e\u00edch na \u010d\u00edslo dev\u011bt a uprost\u0159ed t\u00fddne se po d\u016fsledn\u00e9m profackov\u00e1n\u00ed od Liverpoolu vr\u00e1til zase zp\u00e1tky na zem.<\/p>\n<p>Mo\u017en\u00e1 je ale dob\u0159e, \u017ee ona facka, jakkoliv je v pod\u00e1n\u00ed rival\u016f nep\u0159\u00edjemn\u00e1, p\u0159i\u0161la zrovna touhle dobou. Vrcholem sezony toti\u017e nebylo derby, n\u00fdbr\u017e j\u00edm je nadch\u00e1zej\u00edc\u00ed v\u00edkend a spolu s n\u00edm poh\u00e1rov\u00fdch devades\u00e1t minut, kter\u00e9 Toffees d\u011bl\u00ed od svatost\u00e1nku anglick\u00e9ho fotbalu. A p\u0159ed takov\u00fdm z\u00e1pasem mus\u00ed b\u00fdt v\u0161echno v naprost\u00e9m po\u0159\u00e1dku, p\u0159esn\u011b tak jak tomu bylo p\u0159i ned\u00e1vn\u00fdch velk\u00fdch dom\u00e1c\u00edch v\u00fdhr\u00e1ch.<\/p>\n<p>Mezi posledn\u00ed osmi\u010dku nejstar\u0161\u00ed fotbalov\u00e9 sout\u011b\u017ee planety se Everton prokousal poprv\u00e9 od roku 2009, kdy je tehdej\u0161\u00ed spanil\u00e1 j\u00edzda vynesla a\u017e do kv\u011btnov\u00e9ho fin\u00e1le. Blues se tehdy doma postavilo tehdy je\u0161t\u011b prvoligov\u00e9 Middlesbrough a dom\u00e1c\u00ed m\u011bli na pr\u016f\u0161vih zad\u011bl\u00e1no. V polo\u010dase prohr\u00e1vali, d\u00edky dv\u011bma bleskov\u00fdm g\u00f3l\u016fm z druh\u00e9 p\u016fle ale sk\u00f3re oto\u010dili a zd\u00e1rn\u011b p\u0159e\u017eili i nervydr\u00e1saj\u00edc\u00ed z\u00e1v\u011br.<\/p>\n<p>N\u00e1hoda tomu tak cht\u011bla, aby byl leto\u0161n\u00edm \u010dvrtfin\u00e1lov\u00fdm soupe\u0159em modr\u00fdch dal\u0161\u00ed z celk\u016f ze severov\u00fdchodn\u00ed Anglie. A ji\u017e dop\u0159edu jde s nejv\u011bt\u0161\u00ed pravd\u011bpodobnost\u00ed \u0159\u00edct, \u017ee Goodison \u010dek\u00e1 proti Sunderlandu stejn\u011b vyrovnan\u00e1, ne-li je\u0161t\u011b t\u011b\u017e\u0161\u00ed bitva, ne\u017e ta zm\u00edn\u011bn\u00e1 z p\u0159ed t\u0159\u00ed let. Ani f\u016fra pr\u00e1ce, kter\u00e1 Everton je\u0161t\u011b \u010dek\u00e1, v\u0161ak hr\u00e1\u010d\u016fm nezbra\u0148uje ve sn\u011bn\u00ed o poh\u00e1rov\u00e9 sl\u00e1v\u011b. Hlavu plnou FA Cupu tak m\u00e1 t\u0159eba Sylvain Distin, kter\u00fd slavn\u00fd poh\u00e1r vyhr\u00e1l p\u0159ed \u010dty\u0159mi lety s Portsmouthem.<\/p>\n<p><em>\u201eTe\u010f u\u017e za\u010d\u00edn\u00e1te v\u011b\u0159it. Jste dva z\u00e1pasy od fin\u00e1le a zd\u00e1 se to tak bl\u00edzko, \u017ee si na to skoro m\u016f\u017eete \u0161\u00e1hnout. Samoz\u0159ejm\u011b, \u017ee se tam chceme dostat, ale jsou to dva velk\u00e9 z\u00e1pasy a jdeme krok za krokem. T\u00edm prvn\u00edm bude Sunderland a to nebude jednoduch\u00fd z\u00e1pas ani n\u00e1hodou. Ale kdy\u017e je ta \u0161ance tak bl\u00edzko, tak si nem\u016f\u017eete pomoct a mysl\u00edte jen na to,\u201c\u00a0<\/em>\u0159\u00edk\u00e1 francouzsk\u00fd veter\u00e1n.<\/p>\n<p><em>\u201eJednou v\u017edycky mus\u00edte narazit na dobr\u00e9 t\u00fdmy a Sunderland je dobr\u00fd t\u00fdm. Ale jsou to dva z\u00e1pasy, dv\u011b v\u00fdhry a fin\u00e1le. Nez\u00e1le\u017e\u00ed na tom s k\u00fdm hrajeme. Tohle bude velk\u00fd z\u00e1pas a moc pom\u00e1h\u00e1, kdy\u017e m\u00e1te v z\u00e1dech v\u0161echny fanou\u0161ky. V\u017edycky chcete, aby byli v\u0161ichni nalad\u011bni na stejn\u00e9 vln\u011b. Nebude to snadn\u00e9, ale kdy\u017e jde do tuh\u00e9ho, tak se v\u017edy uk\u00e1\u017ee opravdov\u00e1 s\u00edla tohoto klubu.\u201c<\/em><\/p>\n<p>Siln\u00e1. Slovo, mo\u017en\u00e1 nejl\u00e9pe vystihuj\u00edc\u00ed bilanci Evertonu proti Sunderlandu. Naposled Black Cats ve vz\u00e1jemn\u00e9m z\u00e1pase vyhr\u00e1ly v prosinci 2001, David Moyes tedy se Sunderlandem jakt\u011b\u017eiv neprohr\u00e1l. Celkov\u011b jde o 14 neprohran\u00fdch z\u00e1pas\u016f v \u0159ad\u011b, z toho deset v\u00fdher a \u010dty\u0159i rem\u00edzy. Blues zvl\u00e1dli i jedin\u00e9 vz\u00e1jemn\u00e9 poh\u00e1rov\u00e9 utk\u00e1n\u00ed v Moyesov\u011b \u00e9\u0159e, kdy\u017e ve \u010dtvrt\u00e9m kole v roce 2005 vyhr\u00e1li 3-0. Celkov\u011b se spolu oba t\u00fdmy v FA Cupu na Goodison Parku setkaly osmkr\u00e1t, p\u0159i\u010dem\u017e sedmkr\u00e1t dom\u00e1c\u00ed vyhr\u00e1li.<\/p>\n<p>Na pob\u0159e\u017e\u00ed Severn\u00edho mo\u0159e se ale za\u010d\u00edn\u00e1 bl\u00fdskat na lep\u0161\u00ed \u010dasy. Sunderland mohutn\u011b pozvedl p\u0159edv\u00e1no\u010dn\u00ed p\u0159\u00edchod Martina O\u2019Neilla a doposud pod severoirsk\u00fdm mana\u017eerem prohr\u00e1l jen \u010dty\u0159i utk\u00e1n\u00ed. Porazit pak ned\u00e1vno dok\u00e1zali t\u0159eba Liverpool a co n\u00e1s zaj\u00edm\u00e1 v\u00edce, v p\u00e1t\u00e9m kole si poradili s Arsenalem. Na Everton nav\u00edc O\u2019Neill evidentn\u011b um\u00ed. Jako hr\u00e1\u010d i mana\u017eer prohr\u00e1l ze t\u0159in\u00e1cti n\u00e1v\u0161t\u011bv Goodison Parku jen jednou. A onou por\u00e1\u017ekou se znovu dost\u00e1v\u00e1me k FA Cupu, nebo\u0165 \u0161lo o p\u00e1t\u00e9 kolo v roce 2009, ve kter\u00e9m s Aston Villou na Old Lady prohr\u00e1l 3-1.<\/p>\n<p>Sunderlandu tedy aktu\u00e1ln\u011b sebev\u011bdom\u00ed nechyb\u00ed a uplatnit jej hodlaj\u00ed v sobotn\u00edm z\u00fa\u010dtov\u00e1n\u00ed. <em>\u201eFA Cup je po\u0159\u00e1d kouzeln\u00fd a i kdy\u017e se n\u00e1m da\u0159\u00ed v lize, bylo by hezk\u00e9 pod\u00edvat se v n\u011bm d\u00e1l,&#8220; douf\u00e1 obr\u00e1nce soupe\u0159e, Wayne Bridge. &#8222;Vyhr\u00e1t medaili by bylo fantastick\u00e9. C\u00edt\u00edme se, jako kdybychom dok\u00e1zali porazit \u00fapln\u011b ka\u017ed\u00e9ho. Nebude to snadn\u00e9, ale ur\u010dit\u011b to bude dobr\u00fd z\u00e1pas. Budeme muset znovu dob\u0159e br\u00e1nit a hlavn\u011b udr\u017eet \u010dist\u00fd \u0161t\u00edt. A na druh\u00e9m konci m\u00e1me hr\u00e1\u010de, kte\u0159\u00ed n\u011bj\u00e1k\u00fd ten g\u00f3l um\u00ed d\u00e1t.\u201c<\/em><\/p>\n<p>Podobn\u00fdch sentiment\u016f je i z\u00e1lo\u017en\u00edk David Vaughan.<em> \u201eEverton je skute\u010dn\u011b siln\u00fd t\u00fdm, doma obzvl\u00e1\u0161\u0165, bude to t\u011b\u017ek\u00e9. Ligov\u00fd dom\u00e1c\u00ed z\u00e1pas proti nim byl hodn\u011b t\u011bsn\u00fd. Nem\u016f\u017eeme je nechat vytvo\u0159it si snadn\u00e9 p\u0159\u00edle\u017eitosti a sami si doufejme n\u011bjak\u00e9\u00a0vypracujeme. Cokoliv krom\u011b prohry by pro n\u00e1s na Goodisonu byl dobr\u00fd v\u00fdsledek, ale snad vyhrajeme.\u201c<\/em><\/p>\n<h4><strong>Historie soupe\u0159e<\/strong><\/h4>\n<p>Ko\u0159eny\u00a0existence klubu sahaj\u00ed do roku 1879, kdy byl zalo\u017een Sunderland\u00a0&amp; District Teachers Association Football Club. O rok pozd\u011bji se p\u0159ejmenoval na Sunderland AFC, tak jak jej zn\u00e1me dnes. Nov\u00e1\u010dci byli do Football League p\u0159ijati v sezon\u011b 1890\/91, a hned rok nato rozv\u00ed\u0159ili prvoligov\u00e9 vody, nebo\u0165 v prvn\u00edm roce senza\u010dn\u011b vyhr\u00e1li ligov\u00fd titul. Bl\u00edzko k ligov\u00e9 trofeji m\u011bli Black Cats i v roce 1894, kdy t\u00fdm skon\u010dil na druh\u00e9m m\u00edst\u011b \u0161est bod\u016f za Aston Villou. V po\u0159ad\u00ed p\u00e1t\u00fd ligov\u00fd titul si mlad\u00fd klub vydobyl u\u017e v sezon\u011b 1901\/92, kdy v lize fini\u0161oval t\u0159i body p\u0159ed Evertonem.<\/p>\n<p>Zd\u00e1lo se \u017ee snov\u00e9 v\u00fdkony si Sunderland p\u0159enesl i do nov\u00e9ho stolet\u00ed a zpo\u010d\u00e1tku tomu tak opravdu bylo. Pam\u00e1tn\u00e1 je v\u00fdhra 9-1 nad nejv\u011bt\u0161\u00edm rivalem Black Cats, Newcastlem z roku 1908. Nav\u00edc v\u00a0roce 1913 Sunderland z\u00edskal dal\u0161\u00ed trofej pro v\u00edt\u011bze First Division, a to je\u0161t\u011b prohr\u00e1l fin\u00e1le Anglick\u00e9ho poh\u00e1ru. Dob\u0159e bylo je\u0161t\u011b v prvn\u00edch letech po skon\u010den\u00ed prvn\u00ed sv\u011btov\u00e9 v\u00e1lky. V sezon\u011b 1922\/23 se Black Cats um\u00edstili druz\u00ed, ov\u0161em o p\u011bt let pozd\u011bji se jen o fous zachr\u00e1nili, a to i p\u0159esto, \u017ee Dave Halliday nast\u0159\u00edlel t\u00e9 sezony 35 branek.<\/p>\n<p>Po n\u011bkolika nicne\u0159\u00edkaj\u00edc\u00edch letech se nicm\u00e9n\u011b Sunderland dok\u00e1zal vr\u00e1tit na v\u00fdslun\u00ed a roku 1936 z\u00edskal v po\u0159ad\u00ed ji\u017e \u0161est\u00fd ligov\u00fd titul. Ani dal\u0161\u00ed sezona nebyla bez hmotn\u00e9ho \u00fasp\u011bchu. Mackems si ve Wembley do\u0161li pro Anglick\u00fd poh\u00e1r, kdy\u017e porazili Preston 3:1.<\/p>\n<p>Po druh\u00e9 sv\u011btov\u00e9 v\u00e1lce se klub dostal do zna\u010dn\u00e9 finan\u010dn\u00ed t\u00edsn\u011b. Ta vyvrcholila v roce 1958, kdy se Sunderland porou\u010del o ligu n\u00ed\u017ee &#8211; poprv\u00e9 za celou klubovou historii. V sezon\u011b 1962\/63, se mu\u017estvu naskytla nejv\u011bt\u0161\u00ed \u0161ance dostat se zase mezi elitu. Jen\u017ee k velk\u00e9 sm\u016fle se tak nestalo. O nepostupu Sunderlandu rozhodly pouze v\u00fdsledky ostatn\u00edch z\u00e1pas\u016f. O rok pozd\u011bji to severov\u00fdchodn\u00edmu klubu ji\u017e vy\u0161lo.<\/p>\n<p>P\u0159i\u0161la 70. l\u00e9ta a\u00a0s nimi i zisk\u00a0posledn\u00ed trofeje. Stalo se tak roku 1973, kdy Black Cats p\u0159ekvapiv\u011b zdolali v t\u011bsn\u00e9m\u00a0fin\u00e1le Anglick\u00e9ho poh\u00e1ru tehdej\u0161\u00ed anglickou \u0161pi\u010dku Leeds United 1-0. Tou Sunderland v\u00e1l\u010dil st\u00e1le ve druh\u00e9 lize a od roku 1973 vyhr\u00e1ly FA Cup ji\u017e jen dv\u011b mu\u017estva nehraj\u00edc\u00ed v Division One &#8211; Southampton a West Ham. Po \u00fasp\u011bchu v dom\u00e1c\u00edm poh\u00e1ru se klub kvalifikoval i do evropsk\u00e9ho d\u011bn\u00ed. V poh\u00e1ru UEFA ale vypadl ji\u017e ve druh\u00e9m kole.<\/p>\n<p>80. l\u00e9ta nep\u0159inesla krom\u011b jednoho prohran\u00e9ho fin\u00e1le Ligov\u00e9ho poh\u00e1ru nic zvl\u00e1\u0161tn\u00edho. Sunderland nad\u00e1le pendloval mezi Division One a Division Two a roku 1987 spadl a\u017e do t\u0159et\u00ed ligy. Z bahna ne\u00fasp\u011bch\u016f se ale Black Cats vyhrabali brzy.\u00a0V roce 1990 se ze Sunderlandu z\u00e1sluhou mana\u017eera Denise Smithe op\u011bt stali prvoligist\u00e9 a za dva roky dokonce hr\u00e1li o zisk Anglick\u00e9ho poh\u00e1ru. Ten ale bral po v\u00fdh\u0159e 2-0 Liverpool. V roce 1995 se mu\u017estva ujala hr\u00e1\u010dsk\u00e1 ikona Toffees, Peter Reid, kter\u00fd mu\u017estvo zkvalitnil a vedl jej sedm let. Roku 1997 Sunderland opustil sv\u016fj letit\u00fd domovsk\u00fd st\u00e1nek Roker Park a p\u0159esunul se na modern\u00ed Stadium of Light s kapacitou 49 000 div\u00e1k\u016f.<\/p>\n<p>Od roku 1999 Sunderland zprvu neza\u017e\u00edval \u00fasp\u011bchy, naopak se nedok\u00e1zal trvale usadit mezi prvoligov\u00fdmi celky. V roce 2005, se pak stal smutn\u00fdm dr\u017eitelem dnes u\u017e\u00a0p\u0159ekonan\u00e9ho rekordu, kdy m\u011bli Black Cats na konci sezony\u00a0Premier League jen 15 bod\u016f, co\u017e bylo toho \u010dasu nejm\u00e9n\u011b v historii.\u00a0\u00a0Ov\u0161em o rok pozd\u011bji se Mackems triumf\u00e1ln\u011b vr\u00e1tili. To u\u017e byl mana\u017eerem t\u00fdmu Roy Keane, kter\u00fd dok\u00e1zal Sunderland bez pot\u00ed\u017e\u00ed udr\u017eet v prvn\u00ed lize. Irsk\u00e9mu bou\u0159liv\u00e1kovi ov\u0161em zlomil vaz pov\u011bstn\u00fd syndrom druh\u00e9 sezony. Jeho m\u00edsto za\u010d\u00e1tkem roku 2009 nakonec zaujal dal\u0161\u00ed b\u00fdval\u00fd hr\u00e1\u010d Manchestreru United, Steve Bruce. Tomu se s t\u00fdmem da\u0159ilo hr\u00e1t v\u00edcem\u00e9n\u011b st\u0159ed tabulky, \u0161patn\u00e9 v\u00fdsledky z leto\u0161n\u00edho podzimu ho ale st\u00e1ly m\u00edsto.<\/p>\n<ul>\n<li><strong>Kdy:<\/strong> 17.3. 13:45 SE\u010c<\/li>\n<li><strong>Kde:<\/strong> Goodison Park<\/li>\n<li><strong>Rozhod\u010d\u00ed: <\/strong>Andre Marriner<\/li>\n<\/ul>\n<\/div>\n","protected":false},"excerpt":{"rendered":"<p>Everton se vzpamatov\u00e1v\u00e1 z t\u011b\u017ek\u00e9 por\u00e1\u017eky v derby, o slovo se ale ji\u017e hl\u00e1s\u00ed je\u0161t\u011b d\u016fle\u017eit\u011bj\u0161\u00ed z\u00e1pas. Ve \u010dtvrtfin\u00e1le FA&hellip;<\/p>\n","protected":false},"author":7,"featured_media":25540,"comment_status":"open","ping_status":"closed","sticky":false,"template":"","format":"standard","meta":{"_eb_attr":"","_monsterinsights_skip_tracking":false,"_monsterinsights_sitenote_active":false,"_monsterinsights_sitenote_note":"","_monsterinsights_sitenote_category":0,"footnotes":""},"categories":[4],"tags":[],"yoast_head":"<!-- This site is optimized with the Yoast SEO plugin v23.4 - https:\/\/yoast.com\/wordpress\/plugins\/seo\/ -->\n<title>Preview: Everton - Sunderland - Official Czech &amp; Slovak Everton Supporters&#039; Club<\/title>\n<meta name=\"robots\" content=\"index, follow, max-snippet:-1, max-image-preview:large, max-video-preview:-1\" \/>\n<link rel=\"canonical\" href=\"https:\/\/evertonfc.cz\/index.php\/2012\/03\/15\/preview-everton-sunderland-7\/\" \/>\n<meta property=\"og:locale\" content=\"cs_CZ\" \/>\n<meta property=\"og:type\" content=\"article\" \/>\n<meta property=\"og:title\" content=\"Preview: Everton - Sunderland - Official Czech &amp; Slovak Everton Supporters&#039; Club\" \/>\n<meta property=\"og:description\" content=\"Everton se vzpamatov\u00e1v\u00e1 z t\u011b\u017ek\u00e9 por\u00e1\u017eky v derby, o slovo se ale ji\u017e hl\u00e1s\u00ed je\u0161t\u011b d\u016fle\u017eit\u011bj\u0161\u00ed z\u00e1pas. Ve \u010dtvrtfin\u00e1le FA&hellip;\" \/>\n<meta property=\"og:url\" content=\"https:\/\/evertonfc.cz\/index.php\/2012\/03\/15\/preview-everton-sunderland-7\/\" \/>\n<meta property=\"og:site_name\" content=\"Official Czech &amp; Slovak Everton Supporters&#039; Club\" \/>\n<meta property=\"article:publisher\" content=\"https:\/\/www.facebook.com\/everton.fans.cz.sk\" \/>\n<meta property=\"article:published_time\" content=\"2012-03-15T17:51:58+00:00\" \/>\n<meta property=\"article:modified_time\" content=\"2024-11-02T12:40:22+00:00\" \/>\n<meta property=\"og:image\" content=\"https:\/\/evertonfc.cz\/wp-content\/uploads\/2024\/11\/Everton-VS-Sunderland.png\" \/>\n\t<meta property=\"og:image:width\" content=\"720\" \/>\n\t<meta property=\"og:image:height\" content=\"405\" \/>\n\t<meta property=\"og:image:type\" content=\"image\/png\" \/>\n<meta name=\"author\" content=\"Me\u0148a\" \/>\n<meta name=\"twitter:card\" content=\"summary_large_image\" \/>\n<meta name=\"twitter:label1\" content=\"Napsal(a)\" \/>\n\t<meta name=\"twitter:data1\" content=\"Me\u0148a\" \/>\n\t<meta name=\"twitter:label2\" content=\"Odhadovan\u00e1 doba \u010dten\u00ed\" \/>\n\t<meta name=\"twitter:data2\" content=\"8 minut\" \/>\n<script type=\"application\/ld+json\" class=\"yoast-schema-graph\">{\"@context\":\"https:\/\/schema.org\",\"@graph\":[{\"@type\":\"Article\",\"@id\":\"https:\/\/evertonfc.cz\/index.php\/2012\/03\/15\/preview-everton-sunderland-7\/#article\",\"isPartOf\":{\"@id\":\"https:\/\/evertonfc.cz\/index.php\/2012\/03\/15\/preview-everton-sunderland-7\/\"},\"author\":{\"name\":\"Me\u0148a\",\"@id\":\"https:\/\/evertonfc.cz\/#\/schema\/person\/cd6328a75577de2add7793fd4b0930c3\"},\"headline\":\"Preview: Everton &#8211; Sunderland\",\"datePublished\":\"2012-03-15T17:51:58+00:00\",\"dateModified\":\"2024-11-02T12:40:22+00:00\",\"mainEntityOfPage\":{\"@id\":\"https:\/\/evertonfc.cz\/index.php\/2012\/03\/15\/preview-everton-sunderland-7\/\"},\"wordCount\":1733,\"commentCount\":0,\"publisher\":{\"@id\":\"https:\/\/evertonfc.cz\/#organization\"},\"image\":{\"@id\":\"https:\/\/evertonfc.cz\/index.php\/2012\/03\/15\/preview-everton-sunderland-7\/#primaryimage\"},\"thumbnailUrl\":\"https:\/\/evertonfc.cz\/wp-content\/uploads\/2024\/11\/Everton-VS-Sunderland.png\",\"articleSection\":[\"Z\u00e1pasy\"],\"inLanguage\":\"cs\",\"potentialAction\":[{\"@type\":\"CommentAction\",\"name\":\"Comment\",\"target\":[\"https:\/\/evertonfc.cz\/index.php\/2012\/03\/15\/preview-everton-sunderland-7\/#respond\"]}]},{\"@type\":\"WebPage\",\"@id\":\"https:\/\/evertonfc.cz\/index.php\/2012\/03\/15\/preview-everton-sunderland-7\/\",\"url\":\"https:\/\/evertonfc.cz\/index.php\/2012\/03\/15\/preview-everton-sunderland-7\/\",\"name\":\"Preview: Everton - Sunderland - Official Czech &amp; Slovak Everton Supporters&#039; Club\",\"isPartOf\":{\"@id\":\"https:\/\/evertonfc.cz\/#website\"},\"primaryImageOfPage\":{\"@id\":\"https:\/\/evertonfc.cz\/index.php\/2012\/03\/15\/preview-everton-sunderland-7\/#primaryimage\"},\"image\":{\"@id\":\"https:\/\/evertonfc.cz\/index.php\/2012\/03\/15\/preview-everton-sunderland-7\/#primaryimage\"},\"thumbnailUrl\":\"https:\/\/evertonfc.cz\/wp-content\/uploads\/2024\/11\/Everton-VS-Sunderland.png\",\"datePublished\":\"2012-03-15T17:51:58+00:00\",\"dateModified\":\"2024-11-02T12:40:22+00:00\",\"breadcrumb\":{\"@id\":\"https:\/\/evertonfc.cz\/index.php\/2012\/03\/15\/preview-everton-sunderland-7\/#breadcrumb\"},\"inLanguage\":\"cs\",\"potentialAction\":[{\"@type\":\"ReadAction\",\"target\":[\"https:\/\/evertonfc.cz\/index.php\/2012\/03\/15\/preview-everton-sunderland-7\/\"]}]},{\"@type\":\"ImageObject\",\"inLanguage\":\"cs\",\"@id\":\"https:\/\/evertonfc.cz\/index.php\/2012\/03\/15\/preview-everton-sunderland-7\/#primaryimage\",\"url\":\"https:\/\/evertonfc.cz\/wp-content\/uploads\/2024\/11\/Everton-VS-Sunderland.png\",\"contentUrl\":\"https:\/\/evertonfc.cz\/wp-content\/uploads\/2024\/11\/Everton-VS-Sunderland.png\",\"width\":720,\"height\":405},{\"@type\":\"BreadcrumbList\",\"@id\":\"https:\/\/evertonfc.cz\/index.php\/2012\/03\/15\/preview-everton-sunderland-7\/#breadcrumb\",\"itemListElement\":[{\"@type\":\"ListItem\",\"position\":1,\"name\":\"Home\",\"item\":\"https:\/\/evertonfc.cz\/\"},{\"@type\":\"ListItem\",\"position\":2,\"name\":\"Preview: Everton &#8211; Sunderland\"}]},{\"@type\":\"WebSite\",\"@id\":\"https:\/\/evertonfc.cz\/#website\",\"url\":\"https:\/\/evertonfc.cz\/\",\"name\":\"Official Czech &amp; Slovak Everton Supporters&#039; Club\",\"description\":\"\",\"publisher\":{\"@id\":\"https:\/\/evertonfc.cz\/#organization\"},\"potentialAction\":[{\"@type\":\"SearchAction\",\"target\":{\"@type\":\"EntryPoint\",\"urlTemplate\":\"https:\/\/evertonfc.cz\/?s={search_term_string}\"},\"query-input\":{\"@type\":\"PropertyValueSpecification\",\"valueRequired\":true,\"valueName\":\"search_term_string\"}}],\"inLanguage\":\"cs\"},{\"@type\":\"Organization\",\"@id\":\"https:\/\/evertonfc.cz\/#organization\",\"name\":\"Official Czech & Slovak Everton Supporters' Club\",\"url\":\"https:\/\/evertonfc.cz\/\",\"logo\":{\"@type\":\"ImageObject\",\"inLanguage\":\"cs\",\"@id\":\"https:\/\/evertonfc.cz\/#\/schema\/logo\/image\/\",\"url\":\"https:\/\/evertonfc.cz\/wp-content\/uploads\/2019\/05\/logo.png\",\"contentUrl\":\"https:\/\/evertonfc.cz\/wp-content\/uploads\/2019\/05\/logo.png\",\"width\":112,\"height\":112,\"caption\":\"Official Czech & Slovak Everton Supporters' Club\"},\"image\":{\"@id\":\"https:\/\/evertonfc.cz\/#\/schema\/logo\/image\/\"},\"sameAs\":[\"https:\/\/www.facebook.com\/everton.fans.cz.sk\"]},{\"@type\":\"Person\",\"@id\":\"https:\/\/evertonfc.cz\/#\/schema\/person\/cd6328a75577de2add7793fd4b0930c3\",\"name\":\"Me\u0148a\",\"url\":\"https:\/\/evertonfc.cz\/index.php\/author\/mena\/\"}]}<\/script>\n<!-- \/ Yoast SEO plugin. -->","yoast_head_json":{"title":"Preview: Everton - Sunderland - Official Czech &amp; Slovak Everton Supporters&#039; Club","robots":{"index":"index","follow":"follow","max-snippet":"max-snippet:-1","max-image-preview":"max-image-preview:large","max-video-preview":"max-video-preview:-1"},"canonical":"https:\/\/evertonfc.cz\/index.php\/2012\/03\/15\/preview-everton-sunderland-7\/","og_locale":"cs_CZ","og_type":"article","og_title":"Preview: Everton - Sunderland - Official Czech &amp; Slovak Everton Supporters&#039; Club","og_description":"Everton se vzpamatov\u00e1v\u00e1 z t\u011b\u017ek\u00e9 por\u00e1\u017eky v derby, o slovo se ale ji\u017e hl\u00e1s\u00ed je\u0161t\u011b d\u016fle\u017eit\u011bj\u0161\u00ed z\u00e1pas. Ve \u010dtvrtfin\u00e1le FA&hellip;","og_url":"https:\/\/evertonfc.cz\/index.php\/2012\/03\/15\/preview-everton-sunderland-7\/","og_site_name":"Official Czech &amp; Slovak Everton Supporters&#039; Club","article_publisher":"https:\/\/www.facebook.com\/everton.fans.cz.sk","article_published_time":"2012-03-15T17:51:58+00:00","article_modified_time":"2024-11-02T12:40:22+00:00","og_image":[{"width":720,"height":405,"url":"https:\/\/evertonfc.cz\/wp-content\/uploads\/2024\/11\/Everton-VS-Sunderland.png","type":"image\/png"}],"author":"Me\u0148a","twitter_card":"summary_large_image","twitter_misc":{"Napsal(a)":"Me\u0148a","Odhadovan\u00e1 doba \u010dten\u00ed":"8 minut"},"schema":{"@context":"https:\/\/schema.org","@graph":[{"@type":"Article","@id":"https:\/\/evertonfc.cz\/index.php\/2012\/03\/15\/preview-everton-sunderland-7\/#article","isPartOf":{"@id":"https:\/\/evertonfc.cz\/index.php\/2012\/03\/15\/preview-everton-sunderland-7\/"},"author":{"name":"Me\u0148a","@id":"https:\/\/evertonfc.cz\/#\/schema\/person\/cd6328a75577de2add7793fd4b0930c3"},"headline":"Preview: Everton &#8211; Sunderland","datePublished":"2012-03-15T17:51:58+00:00","dateModified":"2024-11-02T12:40:22+00:00","mainEntityOfPage":{"@id":"https:\/\/evertonfc.cz\/index.php\/2012\/03\/15\/preview-everton-sunderland-7\/"},"wordCount":1733,"commentCount":0,"publisher":{"@id":"https:\/\/evertonfc.cz\/#organization"},"image":{"@id":"https:\/\/evertonfc.cz\/index.php\/2012\/03\/15\/preview-everton-sunderland-7\/#primaryimage"},"thumbnailUrl":"https:\/\/evertonfc.cz\/wp-content\/uploads\/2024\/11\/Everton-VS-Sunderland.png","articleSection":["Z\u00e1pasy"],"inLanguage":"cs","potentialAction":[{"@type":"CommentAction","name":"Comment","target":["https:\/\/evertonfc.cz\/index.php\/2012\/03\/15\/preview-everton-sunderland-7\/#respond"]}]},{"@type":"WebPage","@id":"https:\/\/evertonfc.cz\/index.php\/2012\/03\/15\/preview-everton-sunderland-7\/","url":"https:\/\/evertonfc.cz\/index.php\/2012\/03\/15\/preview-everton-sunderland-7\/","name":"Preview: Everton - Sunderland - Official Czech &amp; Slovak Everton Supporters&#039; Club","isPartOf":{"@id":"https:\/\/evertonfc.cz\/#website"},"primaryImageOfPage":{"@id":"https:\/\/evertonfc.cz\/index.php\/2012\/03\/15\/preview-everton-sunderland-7\/#primaryimage"},"image":{"@id":"https:\/\/evertonfc.cz\/index.php\/2012\/03\/15\/preview-everton-sunderland-7\/#primaryimage"},"thumbnailUrl":"https:\/\/evertonfc.cz\/wp-content\/uploads\/2024\/11\/Everton-VS-Sunderland.png","datePublished":"2012-03-15T17:51:58+00:00","dateModified":"2024-11-02T12:40:22+00:00","breadcrumb":{"@id":"https:\/\/evertonfc.cz\/index.php\/2012\/03\/15\/preview-everton-sunderland-7\/#breadcrumb"},"inLanguage":"cs","potentialAction":[{"@type":"ReadAction","target":["https:\/\/evertonfc.cz\/index.php\/2012\/03\/15\/preview-everton-sunderland-7\/"]}]},{"@type":"ImageObject","inLanguage":"cs","@id":"https:\/\/evertonfc.cz\/index.php\/2012\/03\/15\/preview-everton-sunderland-7\/#primaryimage","url":"https:\/\/evertonfc.cz\/wp-content\/uploads\/2024\/11\/Everton-VS-Sunderland.png","contentUrl":"https:\/\/evertonfc.cz\/wp-content\/uploads\/2024\/11\/Everton-VS-Sunderland.png","width":720,"height":405},{"@type":"BreadcrumbList","@id":"https:\/\/evertonfc.cz\/index.php\/2012\/03\/15\/preview-everton-sunderland-7\/#breadcrumb","itemListElement":[{"@type":"ListItem","position":1,"name":"Home","item":"https:\/\/evertonfc.cz\/"},{"@type":"ListItem","position":2,"name":"Preview: Everton &#8211; Sunderland"}]},{"@type":"WebSite","@id":"https:\/\/evertonfc.cz\/#website","url":"https:\/\/evertonfc.cz\/","name":"Official Czech &amp; Slovak Everton Supporters&#039; Club","description":"","publisher":{"@id":"https:\/\/evertonfc.cz\/#organization"},"potentialAction":[{"@type":"SearchAction","target":{"@type":"EntryPoint","urlTemplate":"https:\/\/evertonfc.cz\/?s={search_term_string}"},"query-input":{"@type":"PropertyValueSpecification","valueRequired":true,"valueName":"search_term_string"}}],"inLanguage":"cs"},{"@type":"Organization","@id":"https:\/\/evertonfc.cz\/#organization","name":"Official Czech & Slovak Everton Supporters' Club","url":"https:\/\/evertonfc.cz\/","logo":{"@type":"ImageObject","inLanguage":"cs","@id":"https:\/\/evertonfc.cz\/#\/schema\/logo\/image\/","url":"https:\/\/evertonfc.cz\/wp-content\/uploads\/2019\/05\/logo.png","contentUrl":"https:\/\/evertonfc.cz\/wp-content\/uploads\/2019\/05\/logo.png","width":112,"height":112,"caption":"Official Czech & Slovak Everton Supporters' Club"},"image":{"@id":"https:\/\/evertonfc.cz\/#\/schema\/logo\/image\/"},"sameAs":["https:\/\/www.facebook.com\/everton.fans.cz.sk"]},{"@type":"Person","@id":"https:\/\/evertonfc.cz\/#\/schema\/person\/cd6328a75577de2add7793fd4b0930c3","name":"Me\u0148a","url":"https:\/\/evertonfc.cz\/index.php\/author\/mena\/"}]}},"_links":{"self":[{"href":"https:\/\/evertonfc.cz\/index.php\/wp-json\/wp\/v2\/posts\/6341"}],"collection":[{"href":"https:\/\/evertonfc.cz\/index.php\/wp-json\/wp\/v2\/posts"}],"about":[{"href":"https:\/\/evertonfc.cz\/index.php\/wp-json\/wp\/v2\/types\/post"}],"author":[{"embeddable":true,"href":"https:\/\/evertonfc.cz\/index.php\/wp-json\/wp\/v2\/users\/7"}],"replies":[{"embeddable":true,"href":"https:\/\/evertonfc.cz\/index.php\/wp-json\/wp\/v2\/comments?post=6341"}],"version-history":[{"count":4,"href":"https:\/\/evertonfc.cz\/index.php\/wp-json\/wp\/v2\/posts\/6341\/revisions"}],"predecessor-version":[{"id":6496,"href":"https:\/\/evertonfc.cz\/index.php\/wp-json\/wp\/v2\/posts\/6341\/revisions\/6496"}],"wp:featuredmedia":[{"embeddable":true,"href":"https:\/\/evertonfc.cz\/index.php\/wp-json\/wp\/v2\/media\/25540"}],"wp:attachment":[{"href":"https:\/\/evertonfc.cz\/index.php\/wp-json\/wp\/v2\/media?parent=6341"}],"wp:term":[{"taxonomy":"category","embeddable":true,"href":"https:\/\/evertonfc.cz\/index.php\/wp-json\/wp\/v2\/categories?post=6341"},{"taxonomy":"post_tag","embeddable":true,"href":"https:\/\/evertonfc.cz\/index.php\/wp-json\/wp\/v2\/tags?post=6341"}],"curies":[{"name":"wp","href":"https:\/\/api.w.org\/{rel}","templated":true}]}}