{"id":6342,"date":"2012-03-09T18:52:07","date_gmt":"2012-03-09T17:52:07","guid":{"rendered":"http:\/\/evertonfc.cz\/?p=6342"},"modified":"2019-02-17T21:51:50","modified_gmt":"2019-02-17T20:51:50","slug":"fanousek-spurs-pred-zapasem","status":"publish","type":"post","link":"https:\/\/evertonfc.cz\/index.php\/2012\/03\/09\/fanousek-spurs-pred-zapasem\/","title":{"rendered":"Fanou\u0161ek Spurs p\u0159ed z\u00e1pasem"},"content":{"rendered":"<h4 id=\"NewsPostDetailSummary\">Ku p\u0159\u00edle\u017eitosti souboje mezi Evertonem a ambici\u00f3zn\u00edm Tottenhamem Hotspur jsem vyzpov\u00eddal redaktora spurs.cz s nickem F.L.C.<\/h4>\n<div id=\"NewsPostDetailContent\">\n<p><strong>Do konce Premier League zb\u00fdv\u00e1 11 kol a Tottenham se aktu\u00e1ln\u011b nach\u00e1z\u00ed na t\u0159et\u00edm m\u00edst\u011b tabulky. \u010cekal si to p\u0159ed sez\u00f3nou?<\/strong><\/p>\n<p>Absolutn\u011b jsem to ne\u010dekal. Osobn\u011b jsem p\u0159ed sez\u00f3nou tipoval, \u017ee by titul mohl vyhr\u00e1t Manchester City a \u017ee v z\u00e1v\u011bsu bude Manchester United a Chelsea. Tottenham jsem si p\u0159\u00e1l na 4. m\u00edst\u011b, aby zase mohl proh\u00e1n\u011bt Inter Mil\u00e1n a podobn\u00e9 t\u00fdmy v LM, ale \u0159\u00edkal jsem si, \u017ee Liverpool asi nebude snadn\u00fd o\u0159\u00ed\u0161ek. No, nakonec Chelsea, Liverpool a k m\u00e9 radosti i Arsenal nem\u011bli tak dobr\u00fd p\u016fl rok, tak\u017ee se to v\u0161e nachom\u00fdtlo takhle, Tottenham je je\u0161t\u011b po\u0159\u00e1d relativn\u011b bezpe\u010dn\u011b t\u0159et\u00ed a j\u00e1 si to u\u017e\u00edv\u00e1m.<\/p>\n<p><strong>Na konci sez\u00f3ny byl byl spokojen\u00fd, kdyby &#8230; <\/strong><\/p>\n<p>Vzhledem k dosavadn\u00edmu v\u00fdvoji budu spokojen\u00fd, kdy\u017e Tottenham uh\u00e1j\u00ed tu t\u0159et\u00ed pozici. V\u00fd\u0161 u\u017e se p\u00e1r kol ned\u00edv\u00e1m, ale pod sebe se mi taky moc nechce, proto\u017ee po takov\u00e9m pr\u016fb\u011bhu by to byla p\u0159inejmen\u0161\u00edm \u0161koda neudr\u017eet a nep\u0159epsat zase tabulky za nejlep\u0161\u00ed um\u00edst\u011bn\u00ed klubu v PL.<\/p>\n<p><strong>Spurs nepostoupili v Evropsk\u00e9 lize do vy\u0159azovac\u00ed f\u00e1ze, n\u011bkte\u0159\u00ed fanou\u0161ci v\u0161ak vypadnut\u00ed p\u0159ijali s t\u00edm, \u017ee se preferuj\u00ed dom\u00e1c\u00ed sout\u011b\u017ee. Co ty? <\/strong><\/p>\n<p>J\u00e1 pat\u0159\u00edm naopak sp\u00ed\u0161 k t\u011bm, kte\u0159\u00ed evropsk\u00e9 poh\u00e1ry sleduj\u00ed a u\u017e\u00edvaj\u00ed si je. Nemysl\u00edm tedy ani tak hern\u011b, proto\u017ee n\u011bkdy se dost p\u0159em\u00e1h\u00e1m, abych p\u0159edev\u0161\u00edm z\u00e1pas LM dokoukal, ale m\u00e1m r\u00e1d tyhle turnaje, sledoval jsem to se zaujet\u00edm u\u017e jako malej harant a z\u016fstalo to ve mn\u011b. Tak\u017ee pro m\u011b osobn\u011b je \u0161koda, \u017ee Tottenham neu\u010dinkuje v evropsk\u00fdch poh\u00e1rech, jednak, proto\u017ee ho vid\u00edm \u010dast\u011bji hr\u00e1t a taky je n\u011bkdy zaj\u00edmav\u00e1 konfrontace s t\u00fdmem z jin\u00e9 ligy oproti nekone\u010dn\u00e9mu a st\u00e1le se opakuj\u00edc\u00edmu koloto\u010di PL.<\/p>\n<p><strong>Harry Redknapp pat\u0159\u00ed k v\u00e1\u017en\u00fdm kandid\u00e1t\u016fm na post reprezenta\u010dn\u00edho tren\u00e9ra. Mysl\u00ed\u0161 si, \u017ee k Albionu p\u0159eci jenom odejde u\u017e p\u0159ed ME 2012 a koho bys v tom p\u0159\u00edpad\u011b nejrad\u011bji vid\u011bl na jeho m\u00edst\u011b? <\/strong><\/p>\n<p>No&#8230;co k tomu \u0159\u00edct. Mysl\u00edm, \u017ee kdy\u017e se \u010dlov\u011bk rozhl\u00e9dne po White Hart Lane a vid\u00ed v\u0161ude transparenty a p\u0159\u00e1n\u00ed, aby Harry z\u016fstal, tak je jasn\u00e9, co si o tom mysl\u00edm j\u00e1. Je to vynikaj\u00edc\u00ed mana\u017eer, prakticky za 3 sezony se dok\u00e1zal s t\u00fdmem zapsat do klubov\u00fdch rekord\u016f a vypad\u00e1 to, \u017ee se zap\u00ed\u0161e znovu. Ka\u017edop\u00e1dn\u011b m\u00e1m obavy, \u017ee jeho p\u0159esun k Albionu je nevyhnuteln\u00fd a vzhledem k Harryho v\u011bku to bude asi i jeho p\u0159\u00e1n\u00ed a spln\u011bn\u00ed snu. Jsem r\u00e1d, \u017ee se p\u0159inejmen\u0161\u00edm zav\u00e1zal, \u017ee do konce sez\u00f3ny vydr\u017e\u00ed, proto\u017ee by to asi v\u00fdznamn\u011b naru\u0161ilo chod takhle dob\u0159e rozehran\u00e9 sez\u00f3ny. Co se t\u00fd\u010de jeho n\u00e1stupce \u2013 to je taky ot\u00e1zka do debaty&#8230; M\u016fj osobn\u00ed pocit a \u201ep\u0159\u00e1n\u00ed\u201c je, aby to p\u0159\u00edpadn\u011b po Harrym vzal Mourinho. Je te\u010f voln\u00fd, m\u00e1 nesporn\u00e9 kvality a mysl\u00edm, \u017ee on je ten, kdo by t\u00fdm s takov\u00fdmhle potenci\u00e1lem dostal mo\u017en\u00e1 je\u0161t\u011b o stup\u00ednek v\u00fd\u0161. V\u00edm, \u017ee t\u0159eba dal\u0161\u00ed fanou\u0161ek Tottenhamu Aaron m\u011b ukamenuje, proto\u017ee on by si p\u0159edstavoval na tom m\u00edst\u011b Brita, klidn\u011b i z ni\u017e\u0161\u00ed sout\u011b\u017ee. J\u00e1 nev\u00edm, m\u00e1m asi strach, aby t\u00edm Tottenham neud\u011blal krok zp\u00e1tky, na druhou stranu se t\u00edm p\u0159\u00edpadn\u011b nech\u00e1m r\u00e1d mile p\u0159ekvapit.<\/p>\n<p><strong>Adebayor, Gallas \u2013 b\u00fdval\u00ed hr\u00e1\u010di odv\u011bk\u00e9ho rivala a obl\u00e9kaj\u00ed dres Tottenhamu. \u0160tve t\u011b to \u010di ti to nevad\u00ed? <\/strong><\/p>\n<p>J\u00e1 jsem takov\u00fd ten \u201cm\u00edrn\u00fd st\u0159ed\u201c. Samoz\u0159ejm\u011b to nejsou hr\u00e1\u010di na takov\u00e9m m\u00edst\u011b obl\u00edbenosti, abych si po\u0159\u00eddil dres s jejich jmenovkou, a kdybych mohl j\u00e1 vybrat, tak bych t\u00fdm doplnil o \u201esympati\u010dt\u011bj\u0161\u00ed\u201c hr\u00e1\u010de. Ka\u017edop\u00e1dn\u011b nepat\u0159\u00edm k t\u011bm, co by p\u0159i\u0161li na stadion a h\u00e1zeli po nich kameny. Jednou se stali hr\u00e1\u010di Tottenhamu a pokud budou odv\u00e1d\u011bt adekv\u00e1tn\u00ed pr\u00e1ci pro t\u00fdm, tak se to d\u00e1 p\u0159etrp\u011bt. Je to jenom fotbal a stejn\u011b tak jsem se p\u0159istihl u ned\u00e1vn\u00e9ho z\u00e1pasu osmifin\u00e1le LM mezi Arsenalem a AC Mil\u00e1n, \u017ee jsem tak tro\u0161ku p\u0159\u00e1l i dom\u00e1c\u00edm v tu chv\u00edli. A m\u016f\u017ee si o tom myslet kdo chce, co chce. Mo\u017en\u00e1 by se v tom i p\u00e1r dal\u0161\u00edch na\u0161lo&#8230;:-)<\/p>\n<p><strong>Steven Pienaar se v Evertonu vypracoval mezi nejlep\u0161\u00ed lev\u00e9 z\u00e1lo\u017en\u00edky Premier League, p\u0159esto se na White Hart Lane neprosadil. Pro\u010d? <\/strong><\/p>\n<p>T\u011b\u017eko \u0159\u00edct, jestli byl pro n\u011bho Tottenham tak moc velk\u00fd o\u0159\u00ed\u0161ek nebo v tom bylo n\u011bco jin\u00e9ho. J\u00e1 si mysl\u00edm, \u017ee prost\u011b to je hr\u00e1\u010d pro Everton. Znal ten klub, jeho hru, m\u011bl ur\u010dit\u011b spoluhr\u00e1\u010de, se kter\u00fdmi si vyhov\u011bl, tak\u017ee mo\u017en\u00e1 tento \u201cn\u00e1vyk\u201c v Tottenhamu postr\u00e1dal a t\u0159eba by sta\u010dilo jen v\u00edc p\u0159\u00edle\u017eitost\u00ed v z\u00e1pasech a chytil by se i u Spurs. Ka\u017edop\u00e1dn\u011b Harry by ho asi za Bala nevym\u011bnil, tak\u017ee jsem tomuhle n\u00e1kupu moc nerozum\u011bl. O to v\u00edc, \u017ee na lavi\u010dce sed\u00ed je\u0161t\u011b chud\u00e1k Niko Kranj\u010dar. Suma sum\u00e1rum \u2013 budu r\u00e1d, kdy\u017e jeho kari\u00e9ra bude pokra\u010dovat d\u00e1l v Evertonu.<\/p>\n<p><strong>V zim\u011b Redknapp p\u0159ivedl skom\u00edraj\u00edc\u00edho Louise Sahu, co se od n\u011bj ve Spurs o\u010dek\u00e1v\u00e1? <\/strong><\/p>\n<p>J\u00e1 myslim, \u017ee stejn\u011b jako od v\u0161ech \u00fato\u010dn\u00edk\u016f tak i od n\u011bj se o\u010dek\u00e1vaj\u00ed p\u0159edev\u0161\u00edm g\u00f3ly&#8230;:-) Ne, te\u010f v\u00e1\u017en\u011b \u2013 jeho p\u0159\u00edchod jsem bral jako pokryt\u00ed m\u00edsta za Romana Pavlju\u010denka. P\u0159i\u0161lo mi to jako solidn\u00ed n\u00e1hrada, dokonce mo\u017en\u00e1 krok kup\u0159edu, ale ne\u010dekal jsem, \u017ee se tak dob\u0159e chytne v t\u00fdmu hned od za\u010d\u00e1tku a jsem mile p\u0159ekvapen. Co m\u011b ale \u0161tve je fakt, \u017ee sv\u00fdm zp\u016fsobem d\u00edky n\u011bmu sed\u00ed Jermain Defoe na lavi\u010dce. Ale to je sp\u00ed\u0161 v\u00fdtka k Harrymu ne\u017e k Louisovi, ten jen d\u011bl\u00e1 svou pr\u00e1ci a d\u011bl\u00e1 ji moment\u00e1ln\u011b velmi dob\u0159e.<\/p>\n<p><strong>Tv\u00e1 ide\u00e1ln\u00ed sestava? <\/strong><\/p>\n<p>Pokud je ot\u00e1zka my\u0161lena ze sou\u010dasn\u00e9ho t\u00fdmu, nikoli z historie, tak bych volil asi takhle: Friedel; Walker, Kaboul, King, Assou Ekotto; Bale, Modri\u010d, Parker, Lennon; Adebayor, Defoe. Ale t\u011bch variant je pochopiteln\u011b v\u00edc, neza\u010dlenil jsem Van der Vaarta, Sandra a dal\u0161\u00ed, kte\u0159\u00ed jsou platn\u00ed na p\u0159\u00edklad v jin\u00fdch hern\u00edch syst\u00e9mech. Ale tak sna\u017eil jsem se vybrat tu sestavu, co by mohla b\u00fdt alespo\u0148 teoreticky nejsiln\u011bj\u0161\u00ed.<\/p>\n<p><strong>Tottenham naposledy vyhr\u00e1l na Goodison Parku v roce 2007, ukon\u010d\u00ed v sobotu nep\u0159\u00edznivou bilanci? <\/strong><\/p>\n<p>No, jeliko\u017e Tottenham nepat\u0159\u00ed zrovna moc k t\u00fdm\u016fm, co by m\u011bly ve zvyku l\u00e1mat nep\u0159\u00edzniv\u00e9 bilance s ostatn\u00edmi t\u00fdmy (viz. Manchester United), tak bych to vid\u011bl na takovou n\u011bjakou dejme tomu rem\u00edzu. P\u0159\u00e1n\u00ed je asi jasn\u00e9, ale v Goodison Parku se nikomu lehce body nesb\u00edraj\u00ed, nato\u017e v\u0161echny 3.<\/p>\n<\/div>\n","protected":false},"excerpt":{"rendered":"<p>Ku p\u0159\u00edle\u017eitosti souboje mezi Evertonem a ambici\u00f3zn\u00edm Tottenhamem Hotspur jsem vyzpov\u00eddal redaktora spurs.cz s nickem F.L.C. Do konce Premier League&hellip;<\/p>\n","protected":false},"author":6,"featured_media":1312,"comment_status":"open","ping_status":"closed","sticky":false,"template":"","format":"standard","meta":{"_eb_attr":"","_monsterinsights_skip_tracking":false,"_monsterinsights_sitenote_active":false,"_monsterinsights_sitenote_note":"","_monsterinsights_sitenote_category":0,"footnotes":""},"categories":[1],"tags":[],"yoast_head":"<!-- This site is optimized with the Yoast SEO plugin v23.4 - https:\/\/yoast.com\/wordpress\/plugins\/seo\/ -->\n<title>Fanou\u0161ek Spurs p\u0159ed z\u00e1pasem - Official Czech &amp; Slovak Everton Supporters&#039; Club<\/title>\n<meta name=\"robots\" content=\"index, follow, max-snippet:-1, max-image-preview:large, max-video-preview:-1\" \/>\n<link rel=\"canonical\" href=\"https:\/\/evertonfc.cz\/index.php\/2012\/03\/09\/fanousek-spurs-pred-zapasem\/\" \/>\n<meta property=\"og:locale\" content=\"cs_CZ\" \/>\n<meta property=\"og:type\" content=\"article\" \/>\n<meta property=\"og:title\" content=\"Fanou\u0161ek Spurs p\u0159ed z\u00e1pasem - Official Czech &amp; Slovak Everton Supporters&#039; Club\" \/>\n<meta property=\"og:description\" content=\"Ku p\u0159\u00edle\u017eitosti souboje mezi Evertonem a ambici\u00f3zn\u00edm Tottenhamem Hotspur jsem vyzpov\u00eddal redaktora spurs.cz s nickem F.L.C. Do konce Premier League&hellip;\" \/>\n<meta property=\"og:url\" content=\"https:\/\/evertonfc.cz\/index.php\/2012\/03\/09\/fanousek-spurs-pred-zapasem\/\" \/>\n<meta property=\"og:site_name\" content=\"Official Czech &amp; Slovak Everton Supporters&#039; Club\" \/>\n<meta property=\"article:publisher\" content=\"https:\/\/www.facebook.com\/everton.fans.cz.sk\" \/>\n<meta property=\"article:published_time\" content=\"2012-03-09T17:52:07+00:00\" \/>\n<meta property=\"article:modified_time\" content=\"2019-02-17T20:51:50+00:00\" \/>\n<meta property=\"og:image\" content=\"https:\/\/evertonfc.cz\/wp-content\/uploads\/2019\/01\/interview.jpg\" \/>\n\t<meta property=\"og:image:width\" content=\"720\" \/>\n\t<meta property=\"og:image:height\" content=\"405\" \/>\n\t<meta property=\"og:image:type\" content=\"image\/jpeg\" \/>\n<meta name=\"author\" content=\"Ri\u010di\" \/>\n<meta name=\"twitter:card\" content=\"summary_large_image\" \/>\n<meta name=\"twitter:creator\" content=\"@rbrejsa\" \/>\n<meta name=\"twitter:label1\" content=\"Napsal(a)\" \/>\n\t<meta name=\"twitter:data1\" content=\"Ri\u010di\" \/>\n\t<meta name=\"twitter:label2\" content=\"Odhadovan\u00e1 doba \u010dten\u00ed\" \/>\n\t<meta name=\"twitter:data2\" content=\"7 minut\" \/>\n<script type=\"application\/ld+json\" class=\"yoast-schema-graph\">{\"@context\":\"https:\/\/schema.org\",\"@graph\":[{\"@type\":\"Article\",\"@id\":\"https:\/\/evertonfc.cz\/index.php\/2012\/03\/09\/fanousek-spurs-pred-zapasem\/#article\",\"isPartOf\":{\"@id\":\"https:\/\/evertonfc.cz\/index.php\/2012\/03\/09\/fanousek-spurs-pred-zapasem\/\"},\"author\":{\"name\":\"Ri\u010di\",\"@id\":\"https:\/\/evertonfc.cz\/#\/schema\/person\/f7a5daedb2ffee98480bc70e191aaef1\"},\"headline\":\"Fanou\u0161ek Spurs p\u0159ed z\u00e1pasem\",\"datePublished\":\"2012-03-09T17:52:07+00:00\",\"dateModified\":\"2019-02-17T20:51:50+00:00\",\"mainEntityOfPage\":{\"@id\":\"https:\/\/evertonfc.cz\/index.php\/2012\/03\/09\/fanousek-spurs-pred-zapasem\/\"},\"wordCount\":1335,\"commentCount\":0,\"publisher\":{\"@id\":\"https:\/\/evertonfc.cz\/#organization\"},\"image\":{\"@id\":\"https:\/\/evertonfc.cz\/index.php\/2012\/03\/09\/fanousek-spurs-pred-zapasem\/#primaryimage\"},\"thumbnailUrl\":\"https:\/\/evertonfc.cz\/wp-content\/uploads\/2019\/01\/interview.jpg\",\"articleSection\":[\"Rozhovory\"],\"inLanguage\":\"cs\",\"potentialAction\":[{\"@type\":\"CommentAction\",\"name\":\"Comment\",\"target\":[\"https:\/\/evertonfc.cz\/index.php\/2012\/03\/09\/fanousek-spurs-pred-zapasem\/#respond\"]}]},{\"@type\":\"WebPage\",\"@id\":\"https:\/\/evertonfc.cz\/index.php\/2012\/03\/09\/fanousek-spurs-pred-zapasem\/\",\"url\":\"https:\/\/evertonfc.cz\/index.php\/2012\/03\/09\/fanousek-spurs-pred-zapasem\/\",\"name\":\"Fanou\u0161ek Spurs p\u0159ed z\u00e1pasem - Official Czech &amp; Slovak Everton Supporters&#039; Club\",\"isPartOf\":{\"@id\":\"https:\/\/evertonfc.cz\/#website\"},\"primaryImageOfPage\":{\"@id\":\"https:\/\/evertonfc.cz\/index.php\/2012\/03\/09\/fanousek-spurs-pred-zapasem\/#primaryimage\"},\"image\":{\"@id\":\"https:\/\/evertonfc.cz\/index.php\/2012\/03\/09\/fanousek-spurs-pred-zapasem\/#primaryimage\"},\"thumbnailUrl\":\"https:\/\/evertonfc.cz\/wp-content\/uploads\/2019\/01\/interview.jpg\",\"datePublished\":\"2012-03-09T17:52:07+00:00\",\"dateModified\":\"2019-02-17T20:51:50+00:00\",\"breadcrumb\":{\"@id\":\"https:\/\/evertonfc.cz\/index.php\/2012\/03\/09\/fanousek-spurs-pred-zapasem\/#breadcrumb\"},\"inLanguage\":\"cs\",\"potentialAction\":[{\"@type\":\"ReadAction\",\"target\":[\"https:\/\/evertonfc.cz\/index.php\/2012\/03\/09\/fanousek-spurs-pred-zapasem\/\"]}]},{\"@type\":\"ImageObject\",\"inLanguage\":\"cs\",\"@id\":\"https:\/\/evertonfc.cz\/index.php\/2012\/03\/09\/fanousek-spurs-pred-zapasem\/#primaryimage\",\"url\":\"https:\/\/evertonfc.cz\/wp-content\/uploads\/2019\/01\/interview.jpg\",\"contentUrl\":\"https:\/\/evertonfc.cz\/wp-content\/uploads\/2019\/01\/interview.jpg\",\"width\":720,\"height\":405},{\"@type\":\"BreadcrumbList\",\"@id\":\"https:\/\/evertonfc.cz\/index.php\/2012\/03\/09\/fanousek-spurs-pred-zapasem\/#breadcrumb\",\"itemListElement\":[{\"@type\":\"ListItem\",\"position\":1,\"name\":\"Home\",\"item\":\"https:\/\/evertonfc.cz\/\"},{\"@type\":\"ListItem\",\"position\":2,\"name\":\"Fanou\u0161ek Spurs p\u0159ed z\u00e1pasem\"}]},{\"@type\":\"WebSite\",\"@id\":\"https:\/\/evertonfc.cz\/#website\",\"url\":\"https:\/\/evertonfc.cz\/\",\"name\":\"Official Czech &amp; Slovak Everton Supporters&#039; Club\",\"description\":\"\",\"publisher\":{\"@id\":\"https:\/\/evertonfc.cz\/#organization\"},\"potentialAction\":[{\"@type\":\"SearchAction\",\"target\":{\"@type\":\"EntryPoint\",\"urlTemplate\":\"https:\/\/evertonfc.cz\/?s={search_term_string}\"},\"query-input\":{\"@type\":\"PropertyValueSpecification\",\"valueRequired\":true,\"valueName\":\"search_term_string\"}}],\"inLanguage\":\"cs\"},{\"@type\":\"Organization\",\"@id\":\"https:\/\/evertonfc.cz\/#organization\",\"name\":\"Official Czech & Slovak Everton Supporters' Club\",\"url\":\"https:\/\/evertonfc.cz\/\",\"logo\":{\"@type\":\"ImageObject\",\"inLanguage\":\"cs\",\"@id\":\"https:\/\/evertonfc.cz\/#\/schema\/logo\/image\/\",\"url\":\"https:\/\/evertonfc.cz\/wp-content\/uploads\/2019\/05\/logo.png\",\"contentUrl\":\"https:\/\/evertonfc.cz\/wp-content\/uploads\/2019\/05\/logo.png\",\"width\":112,\"height\":112,\"caption\":\"Official Czech & Slovak Everton Supporters' Club\"},\"image\":{\"@id\":\"https:\/\/evertonfc.cz\/#\/schema\/logo\/image\/\"},\"sameAs\":[\"https:\/\/www.facebook.com\/everton.fans.cz.sk\"]},{\"@type\":\"Person\",\"@id\":\"https:\/\/evertonfc.cz\/#\/schema\/person\/f7a5daedb2ffee98480bc70e191aaef1\",\"name\":\"Ri\u010di\",\"sameAs\":[\"https:\/\/x.com\/rbrejsa\"],\"url\":\"https:\/\/evertonfc.cz\/index.php\/author\/rici\/\"}]}<\/script>\n<!-- \/ Yoast SEO plugin. -->","yoast_head_json":{"title":"Fanou\u0161ek Spurs p\u0159ed z\u00e1pasem - Official Czech &amp; Slovak Everton Supporters&#039; Club","robots":{"index":"index","follow":"follow","max-snippet":"max-snippet:-1","max-image-preview":"max-image-preview:large","max-video-preview":"max-video-preview:-1"},"canonical":"https:\/\/evertonfc.cz\/index.php\/2012\/03\/09\/fanousek-spurs-pred-zapasem\/","og_locale":"cs_CZ","og_type":"article","og_title":"Fanou\u0161ek Spurs p\u0159ed z\u00e1pasem - Official Czech &amp; Slovak Everton Supporters&#039; Club","og_description":"Ku p\u0159\u00edle\u017eitosti souboje mezi Evertonem a ambici\u00f3zn\u00edm Tottenhamem Hotspur jsem vyzpov\u00eddal redaktora spurs.cz s nickem F.L.C. Do konce Premier League&hellip;","og_url":"https:\/\/evertonfc.cz\/index.php\/2012\/03\/09\/fanousek-spurs-pred-zapasem\/","og_site_name":"Official Czech &amp; Slovak Everton Supporters&#039; Club","article_publisher":"https:\/\/www.facebook.com\/everton.fans.cz.sk","article_published_time":"2012-03-09T17:52:07+00:00","article_modified_time":"2019-02-17T20:51:50+00:00","og_image":[{"width":720,"height":405,"url":"https:\/\/evertonfc.cz\/wp-content\/uploads\/2019\/01\/interview.jpg","type":"image\/jpeg"}],"author":"Ri\u010di","twitter_card":"summary_large_image","twitter_creator":"@rbrejsa","twitter_misc":{"Napsal(a)":"Ri\u010di","Odhadovan\u00e1 doba \u010dten\u00ed":"7 minut"},"schema":{"@context":"https:\/\/schema.org","@graph":[{"@type":"Article","@id":"https:\/\/evertonfc.cz\/index.php\/2012\/03\/09\/fanousek-spurs-pred-zapasem\/#article","isPartOf":{"@id":"https:\/\/evertonfc.cz\/index.php\/2012\/03\/09\/fanousek-spurs-pred-zapasem\/"},"author":{"name":"Ri\u010di","@id":"https:\/\/evertonfc.cz\/#\/schema\/person\/f7a5daedb2ffee98480bc70e191aaef1"},"headline":"Fanou\u0161ek Spurs p\u0159ed z\u00e1pasem","datePublished":"2012-03-09T17:52:07+00:00","dateModified":"2019-02-17T20:51:50+00:00","mainEntityOfPage":{"@id":"https:\/\/evertonfc.cz\/index.php\/2012\/03\/09\/fanousek-spurs-pred-zapasem\/"},"wordCount":1335,"commentCount":0,"publisher":{"@id":"https:\/\/evertonfc.cz\/#organization"},"image":{"@id":"https:\/\/evertonfc.cz\/index.php\/2012\/03\/09\/fanousek-spurs-pred-zapasem\/#primaryimage"},"thumbnailUrl":"https:\/\/evertonfc.cz\/wp-content\/uploads\/2019\/01\/interview.jpg","articleSection":["Rozhovory"],"inLanguage":"cs","potentialAction":[{"@type":"CommentAction","name":"Comment","target":["https:\/\/evertonfc.cz\/index.php\/2012\/03\/09\/fanousek-spurs-pred-zapasem\/#respond"]}]},{"@type":"WebPage","@id":"https:\/\/evertonfc.cz\/index.php\/2012\/03\/09\/fanousek-spurs-pred-zapasem\/","url":"https:\/\/evertonfc.cz\/index.php\/2012\/03\/09\/fanousek-spurs-pred-zapasem\/","name":"Fanou\u0161ek Spurs p\u0159ed z\u00e1pasem - Official Czech &amp; Slovak Everton Supporters&#039; Club","isPartOf":{"@id":"https:\/\/evertonfc.cz\/#website"},"primaryImageOfPage":{"@id":"https:\/\/evertonfc.cz\/index.php\/2012\/03\/09\/fanousek-spurs-pred-zapasem\/#primaryimage"},"image":{"@id":"https:\/\/evertonfc.cz\/index.php\/2012\/03\/09\/fanousek-spurs-pred-zapasem\/#primaryimage"},"thumbnailUrl":"https:\/\/evertonfc.cz\/wp-content\/uploads\/2019\/01\/interview.jpg","datePublished":"2012-03-09T17:52:07+00:00","dateModified":"2019-02-17T20:51:50+00:00","breadcrumb":{"@id":"https:\/\/evertonfc.cz\/index.php\/2012\/03\/09\/fanousek-spurs-pred-zapasem\/#breadcrumb"},"inLanguage":"cs","potentialAction":[{"@type":"ReadAction","target":["https:\/\/evertonfc.cz\/index.php\/2012\/03\/09\/fanousek-spurs-pred-zapasem\/"]}]},{"@type":"ImageObject","inLanguage":"cs","@id":"https:\/\/evertonfc.cz\/index.php\/2012\/03\/09\/fanousek-spurs-pred-zapasem\/#primaryimage","url":"https:\/\/evertonfc.cz\/wp-content\/uploads\/2019\/01\/interview.jpg","contentUrl":"https:\/\/evertonfc.cz\/wp-content\/uploads\/2019\/01\/interview.jpg","width":720,"height":405},{"@type":"BreadcrumbList","@id":"https:\/\/evertonfc.cz\/index.php\/2012\/03\/09\/fanousek-spurs-pred-zapasem\/#breadcrumb","itemListElement":[{"@type":"ListItem","position":1,"name":"Home","item":"https:\/\/evertonfc.cz\/"},{"@type":"ListItem","position":2,"name":"Fanou\u0161ek Spurs p\u0159ed z\u00e1pasem"}]},{"@type":"WebSite","@id":"https:\/\/evertonfc.cz\/#website","url":"https:\/\/evertonfc.cz\/","name":"Official Czech &amp; Slovak Everton Supporters&#039; Club","description":"","publisher":{"@id":"https:\/\/evertonfc.cz\/#organization"},"potentialAction":[{"@type":"SearchAction","target":{"@type":"EntryPoint","urlTemplate":"https:\/\/evertonfc.cz\/?s={search_term_string}"},"query-input":{"@type":"PropertyValueSpecification","valueRequired":true,"valueName":"search_term_string"}}],"inLanguage":"cs"},{"@type":"Organization","@id":"https:\/\/evertonfc.cz\/#organization","name":"Official Czech & Slovak Everton Supporters' Club","url":"https:\/\/evertonfc.cz\/","logo":{"@type":"ImageObject","inLanguage":"cs","@id":"https:\/\/evertonfc.cz\/#\/schema\/logo\/image\/","url":"https:\/\/evertonfc.cz\/wp-content\/uploads\/2019\/05\/logo.png","contentUrl":"https:\/\/evertonfc.cz\/wp-content\/uploads\/2019\/05\/logo.png","width":112,"height":112,"caption":"Official Czech & Slovak Everton Supporters' Club"},"image":{"@id":"https:\/\/evertonfc.cz\/#\/schema\/logo\/image\/"},"sameAs":["https:\/\/www.facebook.com\/everton.fans.cz.sk"]},{"@type":"Person","@id":"https:\/\/evertonfc.cz\/#\/schema\/person\/f7a5daedb2ffee98480bc70e191aaef1","name":"Ri\u010di","sameAs":["https:\/\/x.com\/rbrejsa"],"url":"https:\/\/evertonfc.cz\/index.php\/author\/rici\/"}]}},"_links":{"self":[{"href":"https:\/\/evertonfc.cz\/index.php\/wp-json\/wp\/v2\/posts\/6342"}],"collection":[{"href":"https:\/\/evertonfc.cz\/index.php\/wp-json\/wp\/v2\/posts"}],"about":[{"href":"https:\/\/evertonfc.cz\/index.php\/wp-json\/wp\/v2\/types\/post"}],"author":[{"embeddable":true,"href":"https:\/\/evertonfc.cz\/index.php\/wp-json\/wp\/v2\/users\/6"}],"replies":[{"embeddable":true,"href":"https:\/\/evertonfc.cz\/index.php\/wp-json\/wp\/v2\/comments?post=6342"}],"version-history":[{"count":3,"href":"https:\/\/evertonfc.cz\/index.php\/wp-json\/wp\/v2\/posts\/6342\/revisions"}],"predecessor-version":[{"id":6505,"href":"https:\/\/evertonfc.cz\/index.php\/wp-json\/wp\/v2\/posts\/6342\/revisions\/6505"}],"wp:featuredmedia":[{"embeddable":true,"href":"https:\/\/evertonfc.cz\/index.php\/wp-json\/wp\/v2\/media\/1312"}],"wp:attachment":[{"href":"https:\/\/evertonfc.cz\/index.php\/wp-json\/wp\/v2\/media?parent=6342"}],"wp:term":[{"taxonomy":"category","embeddable":true,"href":"https:\/\/evertonfc.cz\/index.php\/wp-json\/wp\/v2\/categories?post=6342"},{"taxonomy":"post_tag","embeddable":true,"href":"https:\/\/evertonfc.cz\/index.php\/wp-json\/wp\/v2\/tags?post=6342"}],"curies":[{"name":"wp","href":"https:\/\/api.w.org\/{rel}","templated":true}]}}