{"id":6344,"date":"2012-03-07T18:53:02","date_gmt":"2012-03-07T17:53:02","guid":{"rendered":"http:\/\/evertonfc.cz\/?p=6344"},"modified":"2019-02-17T18:53:54","modified_gmt":"2019-02-17T17:53:54","slug":"david-moyes-a-jeho-vzpominky-k-desetiletemu-vyroci","status":"publish","type":"post","link":"https:\/\/evertonfc.cz\/index.php\/2012\/03\/07\/david-moyes-a-jeho-vzpominky-k-desetiletemu-vyroci\/","title":{"rendered":"David Moyes a jeho vzpom\u00ednky k desetilet\u00e9mu v\u00fdro\u010d\u00ed"},"content":{"rendered":"<h4 id=\"NewsPostDetailSummary\">14. b\u0159ezna oslav\u00ed David Moyes deset let v pozici mana\u017eera Evertonu. K t\u00e9 p\u0159\u00edle\u017eitosti poskytl pl\u00e1tku Liverpool Echo interview mapuj\u00edc\u00ed jeho pou\u0165 k fotbalu.<\/h4>\n<div id=\"NewsPostDetailContent\">\n<p>Kancel\u00e1\u0159 Davida Moyese na Finch Farm, tr\u00e9ninkov\u00e9m komplexu klubu, vystihuje sv\u00e9ho obyvatele; velk\u00e1, impozantn\u00ed, bezvadn\u011b uspo\u0159\u00e1dan\u00e1 a \u00fa\u010deln\u00e1. Z jej\u00edho balkonu m\u00e1te perfektn\u00ed v\u00fdhled na v\u0161ech deset h\u0159i\u0161\u0165, tak\u017ee Moyes m\u016f\u017ee ve vz\u00e1cn\u00fdch p\u0159\u00edpadech, kdy se osobn\u011b ne\u00fa\u010dastn\u00ed p\u0159\u00edpravy hr\u00e1\u010d\u016f, sledovat v\u0161echno d\u011bn\u00ed sv\u00e9ho mu\u017estva.<\/p>\n<p>V poli\u010dk\u00e1ch Skota najdeme n\u011bkolik ocen\u011bn\u00ed za mana\u017eera m\u011bs\u00edce Premier League nebo t\u0159i presti\u017en\u00ed trofeje za mana\u017eera roku. Co v\u0161ak chyb\u00ed, to jsou motiva\u010dn\u00ed plak\u00e1ty. P\u0159itom jeden by se k Moyesovi dokonale hodil. Legend\u00e1rn\u00ed tren\u00e9r americk\u00e9ho fotbalu Vince Lombardi, jen\u017e dovedl Green Bay Packers k t\u0159em ligov\u00fdm titul\u016fm v \u0161edes\u00e1t\u00fdch letech minul\u00e9ho stolet\u00ed, prohl\u00e1sil: <em>\u201ePokud se sm\u00ed\u0159\u00edte s prohrami, nem\u016f\u017eete vyhr\u00e1vat.&#8220;<\/em> Cit\u00e1t \u00fa\u017easn\u011b hod\u00edc\u00ed se k mu\u017ei, kter\u00fd za t\u00fdden den po Merseyside derby, oslav\u00ed deset let na lavi\u010dce t\u00fdmu z Goodison Parku.<\/p>\n<p>Moyesovi bylo 38 let, kdy\u017e p\u0159evzal Everton, aby ho vr\u00e1til mezi elitu Britsk\u00fdch ostrov\u016f. A a\u010dkoliv je c\u00edlem b\u00fdval\u00e9ho fotbalistu Celticu, Cambridge United, Bristol City, Shrewsbury Town, Dunfermline Athletic, Hamiltonu a Prestonu North End vyhr\u00e1vat, pochopiteln\u011b b\u011bhem kari\u00e9ry se neust\u00e1le potk\u00e1v\u00e1 s prohrami. <em>\u201eJsou t\u00fdmy, s nimi\u017e se ned\u00e1 ka\u017ed\u00fd v\u00edkend vyhr\u00e1vat. Za n\u011bkter\u00e9 takov\u00e9 jsem hr\u00e1l. Jako hr\u00e1\u010d jsem sestoupil s Cambridge, i p\u0159esto jsem si v\u017edy za c\u00edl kladl pokusit se o v\u00edt\u011bzstv\u00ed,&#8220;<\/em> prozradil Moyes a hned pokra\u010doval.<\/p>\n<p><em>\u201eB\u011bhem p\u0159echodu k tr\u00e9nov\u00e1n\u00ed tou\u017eil vyhr\u00e1vat. Jestli\u017ee chcete n\u011bkde vydr\u017eet del\u0161\u00ed \u010das, pot\u0159ebuje v\u00fdsledky a v\u00fdhry. Jsem v Evertonu deset let, z toho soud\u00edm, \u017ee jsem dos\u00e1hl dobr\u00fdch v\u00fdsledk\u016f.<\/em><\/p>\n<p><em>P\u0159i n\u00e1stupu do Evertonu se m\u011b lid\u00e9 ptali \u2013 \u201aopravdu Everton? S n\u00edm nem\u00e1\u0161 \u017e\u00e1dnou \u0161anci\u2018. Ale po dvou letech jsem se za\u010dal sl\u00fdch\u00e1vat: \u201aOdv\u00e1d\u00ed\u0161 slu\u0161nou pr\u00e1ci, u\u017e si toho dok\u00e1zal dost\u2018. Tyto \u0159e\u010di jsou mi proti srsti, podle m\u011b neust\u00e1le mohu d\u011blat v\u011bci l\u00e9pe a bo\u0159it hranice.&#8220;<\/em><\/p>\n<p>Sv\u00e9 hodnoty si Moyes v\u0161t\u011bpoval ji\u017e od po\u010d\u00e1tku pronik\u00e1n\u00ed do fotbalov\u00e9 sv\u011bta ve skotsk\u00e9m Glasgow\u011b. Zde se u\u010dil od otce Davida seniora, projektanta v oboru stavby lod\u00ed, a od matky Joan, zainteresovan\u00e9 ve veden\u00ed tam\u011bj\u0161\u00edho klubu Drumchapel Amateurs, kde mimochodem David senior tr\u00e9noval.<\/p>\n<p><em>\u201eJako mal\u00e9ho m\u011b otec bral na jejich z\u00e1pasy. Honil jsem se za m\u00ed\u010dem, sledoval fotbalisty a miloval jsem d\u011bn\u00ed okolo fotbalu. Po utk\u00e1n\u00edch jsem sb\u00edral dresy a m\u00e1ma je prala. Pot\u00e9 jsme je v\u011b\u0161eli na \u0161\u0148\u016fru a kdy\u017e uschly, sbalil jsem je do ta\u0161ky, aby byly p\u0159ipraven\u00e9 na dal\u0161\u00ed z\u00e1pas. <\/em><\/p>\n<p><em>Takto jsem pro\u017e\u00edval ml\u00e1d\u00ed. Program na v\u00edkend se ur\u010doval podle toho, kam t\u00e1t\u016fv celek odjel na fotbal. Hodn\u011b m\u00e9ho uzn\u00e1n\u00ed pat\u0159\u00ed lidem, kte\u0159\u00ed ob\u011btovali sv\u016fj \u010das pro nic, pro \u0159\u00edzen\u00ed amat\u00e9rsk\u00e9ho mu\u017estva. Ve m\u011bst\u011b se fotbalov\u00e9mu klubu v\u011bnovalo mnoho ob\u010dan\u016f. Pamatuji, jak jsem jezdil s t\u00edmto skv\u011bl\u00fdm t\u00fdmem do zahrani\u010d\u00ed. Mo\u017en\u00e1 odtud jsem zd\u011bdil organizaci a veden\u00ed fotbalov\u00e9ho dru\u017estva.&#8220;<\/em><\/p>\n<p>S v\u00fdb\u011brem t\u00fdmu, kde David Moyes nastartuje svou ml\u00e1de\u017enickou kari\u00e9ru, se p\u0159\u00edli\u0161 neot\u00e1lelo. Tehdy talentovan\u00fd obr\u00e1nce vid\u011bl jen jednu mo\u017enost. <em>\u201eFotbalov\u011b jsem se vyv\u00edjel a\u017e do 16 let v Celtic Boys Club, potom n\u00e1sledoval pokrok. \u010casto dost\u00e1v\u00e1m od r\u016fzn\u00fdch lid\u00ed ot\u00e1zku, odkud poch\u00e1zej\u00ed m\u00e9 organiza\u010dn\u00ed schopnosti. Hodn\u011b jsem jich z\u00edskal v Celticu. Tam se hr\u00e1\u010di u\u010d\u00ed ka\u017ed\u00fd t\u00fdden. U\u017e dvan\u00e1ctilet\u00ed mus\u00ed nosit sako s kravatou. Teprve pot\u00e9 pat\u0159\u00edte do Celticu a m\u016f\u017eete reprezentovat klub.<\/em><\/p>\n<p><em>Celtic za m\u00e9 doby p\u0159edv\u00e1d\u011bl fantastick\u00fd fotbal, r\u00e1d bych se sna\u017eil nav\u00e1zat na jejich pojet\u00ed hry \u2013 \u00fato\u010dn\u00e9 a atraktivn\u00ed pro oka div\u00e1ka. Pochopiteln\u011b disponovali v\u00fdborn\u00fdmi hr\u00e1\u010di. V\u00edce ne\u017e kdokoliv jin\u00fd ale museli vyhr\u00e1vat. Jimmy Lumsden <\/em>(aktu\u00e1ln\u011b tren\u00e9r v Evertonu)<em> m\u011b vedl v ml\u00e1de\u017ei Celticu. A on by v\u00e1m potvrdil, co \u0159\u00edk\u00e1m. P\u0159\u00edli\u0161 \u010dasto neprohr\u00e1vali, ov\u0161em kdy\u017e ano, znamenalo to stra\u0161livou ud\u00e1lost. Prohry byly absolutn\u011b nep\u0159ijateln\u00e9.<\/em><\/p>\n<p><em>Hodn\u011b \u010derp\u00e1m ze vzpom\u00ednek na otce a matku, kte\u0159\u00ed pracovali v Drumchapel Amateurs, a tak\u00e9 na p\u016fsoben\u00ed v Celticu, zde jsem za\u017eil v\u0161e z prvn\u00ed ruky. Ob\u011b zku\u0161enosti m\u011b fotbalov\u011b velmi ovlinily.&#8220;<\/em><\/p>\n<p>V Prestonu North End Moyes ukon\u010dil fotbalovou kari\u00e9ru v roce 1999, ov\u0161em u\u017e o rok d\u0159\u00edve se na Deepdale chopil mana\u017eersk\u00e9ho k\u0159esla. Z\u00e1chrana v dne\u0161n\u00ed League One, postup do Championship a ho\u0159k\u00fd konec p\u0159ed branami Premier League, za \u010dty\u0159i roky toho Moyes v PNE dok\u00e1zal celkem dost. A tak se se mu v b\u0159eznu 2002 ozval p\u0159edseda Evertonu Bill Kenwright.<\/p>\n<p><em>\u201eDostal jsem i jin\u00e9 nab\u00eddky. Velmi v\u00e1\u017en\u011b m\u011b kontaktovaly dva nebo t\u0159i kluby, dokonce tak\u00e9 n\u011bkdo z Premier League. S Prestonem jsme vypadli v play-off o Premiership a dal\u0161\u00ed ro\u010dn\u00edk 2001\/2002 jsme se z toho vzpamatov\u00e1vali. Do toho p\u0159i\u0161la v b\u0159eznu ona nab\u00eddka. Jeden \u0159editel nejmenovan\u00e9ho t\u00fdmu z Championship mi \u0159\u00edk\u00e1val: \u201aEverton je pro tebe prav\u00fd, ten by ti sedl\u2018. Dob\u0159e si to pamatuji. Nev\u00edm ale, pro\u010d si to myslel.<\/em><\/p>\n<p><em>Poch\u00e1z\u00edm z velk\u00e9ho m\u011bsta s t\u011b\u017ek\u00fdm \u017eivotn\u00edm prost\u0159ed\u00ed, co\u017e se podepsalo na m\u00e9 v\u00fdchov\u011b. Nikdy v\u0161ak nejste na nic p\u0159ipraveni, ne\u017e si to nevyzkou\u0161\u00edte. A j\u00e1 absolutn\u011b nev\u011bd\u011bl, co m\u011b v Evertonu \u010dek\u00e1.<\/em><\/p>\n<p><em>Kdy\u017e se vyu\u010d\u00edte truhl\u00e1\u0159em nebo instalat\u00e9rem a po \u0161kole jdete pracovat, v\u00edte, do \u010deho jdete a pravd\u011bpodobn\u011b je to pro v\u00e1s va\u0161e \u017eivotn\u00ed napln\u011bn\u00ed, u n\u011bho\u017e z\u016fstanete. J\u00e1 za\u010dal s fotbalem a v\u016fbec jsem si nep\u0159edstavoval, jak dlouho v n\u011bm budu p\u016fsobit. Jen jsem ho opravdu miloval a u\u017e\u00edval si ho. P\u0159i p\u0159\u00edchodu do Evertonu jsem proto ani nepomyslel, \u017ee zde vydr\u017e\u00edm 10 let. Podepsal jsem sice \u010dty\u0159let\u00fd kontrakt, jen\u017ee t\u011b\u017eko jsem tu\u0161il, zda ho dodr\u017e\u00edm \u010di naopak si ho je\u0161t\u011b prodlou\u017e\u00edm. P\u0159i pr\u00e1ci mana\u017eera jsou na v\u00e1s kladeny velk\u00e9 n\u00e1roky, podl\u00e9h\u00e1te ve\u0159ejn\u00e9 kontrole a mus\u00edte dosahovat v\u00fdsledky. Kv\u016fli t\u011bmto d\u016fvod\u016fm je z\u016fstat v jednom klubu deset let t\u011b\u017ek\u00e9.&#8220;<\/em><\/p>\n<p><em>Z p\u016fsoben\u00ed v Celticu jsem trochu tu\u0161il, co m\u011b \u010dek\u00e1. Vlastn\u011b od prvn\u00edch moment\u016f v Evertonu jsem se na tlak a dohled, s kter\u00fdmi se budu pot\u0159ebovat vyrovnat, t\u011b\u0161il, proto\u017ee fotbal je m\u016fj kon\u00ed\u010dek a z\u00e1rove\u0148 pr\u00e1ce.<\/em><\/p>\n<p><em>Job v Evertonu jsem vzal v m\u00fdch 38 letech, tak\u017ee jsem byl pom\u011brn\u011b mlad\u00fd. Oproti n\u011bkolika hr\u00e1\u010d\u016fm jsem m\u011bl n\u00e1skok pouze p\u00e1r let, proto jsem si musel z\u00edskat respekt. Hr\u00e1\u010di cht\u011bj\u00ed v\u011bd\u011bt, jak\u00fdm stylem pracujete. Dostalo se mi \u0161t\u011bst\u00ed na fotbalisty v k\u00e1dru, od prvn\u00ed chv\u00edle v Evertonu se \u0161lo spr\u00e1vnou cestou.<\/em><\/p>\n<p><em>Ano, deset let pova\u017euji za \u00fasp\u011bch. Respekt si v\u0161ak zaslou\u017e\u00ed cel\u00fd klub. Bill Kenwright vynik\u00e1 schopnost\u00ed anga\u017eovat lidi, kte\u0159\u00ed um\u00ed p\u0159isp\u011bt k \u00fasp\u011bchu. V podnik\u00e1n\u00ed se nav\u00edc vyzna\u010duje stabilitou. Ta Evertonu pom\u00e1h\u00e1.&#8220;<\/em><\/p>\n<p>Moyesov\u00fdm snem je napodobit \u00fasp\u011b\u0161n\u00fd v\u00fdb\u011br Evertonu z 80. let 20. stolet\u00ed veden\u00fd Howardem Kendallem: <em>\u201eJsem okouzlen hr\u00e1\u010di, Howardem Kendallem a \u00fasp\u011bchy t\u00fdmu, kter\u00fd se v osmdes\u00e1t\u00fdch letech utvo\u0159il na Goodison Parku. Dos\u00e1hli ohromn\u00fdch \u00fasp\u011bch\u016f, nen\u00ed mo\u017en\u00e9 se jim vyrovnat, proto\u017ee jednodu\u0161e byli \u00fa\u017easn\u00ed. V Anglii byste po nich hodn\u011b dlouho hledali lep\u0161\u00ed mu\u017estvo. V\u00edd\u00e1m fotbalisty z t\u00e9 doby a obdivuji je.<\/em><\/p>\n<p><em>P\u0159i p\u0159\u00edchodu k Toffees jsem doufal, \u017ee bychom mohli zkusit b\u00fdt stejn\u011b \u00fasp\u011b\u0161n\u00ed jako Howard se sv\u00fdm man\u010daftem. Ov\u0161em Premier League se p\u0159ehoupla na finan\u010dn\u00ed cestu, v n\u00ed\u017e se budou podobn\u00e9 \u00fasp\u011bchy t\u011b\u017eko opakovat.<\/em><\/p>\n<p><em>V roce 2002 jsem v\u011bd\u011bl, \u017ee vstupuji do jednoho z nejv\u011bt\u0161\u00edch klub\u016f v Brit\u00e1nii. Bez legrace. Uv\u011bdomoval jsem si fanou\u0161kovskou z\u00e1kladnu a historii, ani jedno v\u0161ak nezaru\u010d\u00ed kvalitn\u00ed v\u00fdkony. Riskoval jsem, proto\u017ee Everton se pohyboval na hranici sestupu. P\u0159esto jsem bral nab\u00eddku od Billa Kenwrighta za p\u0159\u00edli\u0161 atraktivn\u00ed, abych ji odm\u00edtnul.<\/em><\/p>\n<p><em>Smetl jsem ze stolu jin\u00e9 nab\u00eddky, ale Evertonu jsem neodpov\u011bd\u011bl ne. Byl jsem p\u0159esv\u011bd\u010den o potenci\u00e1lu zlep\u0161it postaven\u00ed klubu, sta\u010dilo jen naj\u00edt zp\u016fsob jak. P\u0159eb\u00edral jsem Everton po Walteru Smithovi, m\u00e9mu p\u0159\u00edteli. Bill Kenwright m\u011b sice informoval o men\u0161\u00edm rozpo\u010dtu, i p\u0159esto jsem se rozhodl do toho j\u00edt. Na druhou stranu jsem v\u011bd\u011bl, \u017ee nesm\u00edme prod\u00e1vat hr\u00e1\u010de. Bill m\u011b nechal pracovat s k\u00e1drem a d\u011blat, co chci.<\/em><\/p>\n<p><em>Zlep\u0161en\u00ed p\u0159i\u0161lo celkem rychle, to pova\u017euji za p\u0159ekvapen\u00ed. Bill a j\u00e1 se sna\u017e\u00edme v progresi pokra\u010dovat, p\u0159itom ale oba d\u00e1v\u00e1me pozor na finan\u010dn\u00ed str\u00e1nku.<\/em><\/p>\n<p><em>Lid\u00e9 v Evertonu si zaslou\u017e\u00ed uzn\u00e1n\u00ed za svou pr\u00e1ci. P\u0159i m\u00e9m n\u00e1stupu na Goodison Park jsem se vydal nov\u00fdm sm\u011brem a ostatn\u00ed m\u011b n\u00e1sledovali. Snad ve\u0159ejnost pova\u017euje posledn\u00edch deset let za zlep\u0161en\u00ed.&#8220;<\/em><\/p>\n<\/div>\n","protected":false},"excerpt":{"rendered":"<p>14. b\u0159ezna oslav\u00ed David Moyes deset let v pozici mana\u017eera Evertonu. K t\u00e9 p\u0159\u00edle\u017eitosti poskytl pl\u00e1tku Liverpool Echo interview mapuj\u00edc\u00ed&hellip;<\/p>\n","protected":false},"author":6,"featured_media":1312,"comment_status":"open","ping_status":"closed","sticky":false,"template":"","format":"standard","meta":{"_eb_attr":"","_monsterinsights_skip_tracking":false,"_monsterinsights_sitenote_active":false,"_monsterinsights_sitenote_note":"","_monsterinsights_sitenote_category":0,"footnotes":""},"categories":[1],"tags":[],"yoast_head":"<!-- This site is optimized with the Yoast SEO plugin v23.4 - https:\/\/yoast.com\/wordpress\/plugins\/seo\/ -->\n<title>David Moyes a jeho vzpom\u00ednky k desetilet\u00e9mu v\u00fdro\u010d\u00ed - Official Czech &amp; Slovak Everton Supporters&#039; Club<\/title>\n<meta name=\"robots\" content=\"index, follow, max-snippet:-1, max-image-preview:large, max-video-preview:-1\" \/>\n<link rel=\"canonical\" href=\"https:\/\/evertonfc.cz\/index.php\/2012\/03\/07\/david-moyes-a-jeho-vzpominky-k-desetiletemu-vyroci\/\" \/>\n<meta property=\"og:locale\" content=\"cs_CZ\" \/>\n<meta property=\"og:type\" content=\"article\" \/>\n<meta property=\"og:title\" content=\"David Moyes a jeho vzpom\u00ednky k desetilet\u00e9mu v\u00fdro\u010d\u00ed - Official Czech &amp; Slovak Everton Supporters&#039; Club\" \/>\n<meta property=\"og:description\" content=\"14. b\u0159ezna oslav\u00ed David Moyes deset let v pozici mana\u017eera Evertonu. K t\u00e9 p\u0159\u00edle\u017eitosti poskytl pl\u00e1tku Liverpool Echo interview mapuj\u00edc\u00ed&hellip;\" \/>\n<meta property=\"og:url\" content=\"https:\/\/evertonfc.cz\/index.php\/2012\/03\/07\/david-moyes-a-jeho-vzpominky-k-desetiletemu-vyroci\/\" \/>\n<meta property=\"og:site_name\" content=\"Official Czech &amp; Slovak Everton Supporters&#039; Club\" \/>\n<meta property=\"article:publisher\" content=\"https:\/\/www.facebook.com\/everton.fans.cz.sk\" \/>\n<meta property=\"article:published_time\" content=\"2012-03-07T17:53:02+00:00\" \/>\n<meta property=\"article:modified_time\" content=\"2019-02-17T17:53:54+00:00\" \/>\n<meta property=\"og:image\" content=\"https:\/\/evertonfc.cz\/wp-content\/uploads\/2019\/01\/interview.jpg\" \/>\n\t<meta property=\"og:image:width\" content=\"720\" \/>\n\t<meta property=\"og:image:height\" content=\"405\" \/>\n\t<meta property=\"og:image:type\" content=\"image\/jpeg\" \/>\n<meta name=\"author\" content=\"Ri\u010di\" \/>\n<meta name=\"twitter:card\" content=\"summary_large_image\" \/>\n<meta name=\"twitter:creator\" content=\"@rbrejsa\" \/>\n<meta name=\"twitter:label1\" content=\"Napsal(a)\" \/>\n\t<meta name=\"twitter:data1\" content=\"Ri\u010di\" \/>\n\t<meta name=\"twitter:label2\" content=\"Odhadovan\u00e1 doba \u010dten\u00ed\" \/>\n\t<meta name=\"twitter:data2\" content=\"9 minut\" \/>\n<script type=\"application\/ld+json\" class=\"yoast-schema-graph\">{\"@context\":\"https:\/\/schema.org\",\"@graph\":[{\"@type\":\"Article\",\"@id\":\"https:\/\/evertonfc.cz\/index.php\/2012\/03\/07\/david-moyes-a-jeho-vzpominky-k-desetiletemu-vyroci\/#article\",\"isPartOf\":{\"@id\":\"https:\/\/evertonfc.cz\/index.php\/2012\/03\/07\/david-moyes-a-jeho-vzpominky-k-desetiletemu-vyroci\/\"},\"author\":{\"name\":\"Ri\u010di\",\"@id\":\"https:\/\/evertonfc.cz\/#\/schema\/person\/f7a5daedb2ffee98480bc70e191aaef1\"},\"headline\":\"David Moyes a jeho vzpom\u00ednky k desetilet\u00e9mu v\u00fdro\u010d\u00ed\",\"datePublished\":\"2012-03-07T17:53:02+00:00\",\"dateModified\":\"2019-02-17T17:53:54+00:00\",\"mainEntityOfPage\":{\"@id\":\"https:\/\/evertonfc.cz\/index.php\/2012\/03\/07\/david-moyes-a-jeho-vzpominky-k-desetiletemu-vyroci\/\"},\"wordCount\":1736,\"commentCount\":0,\"publisher\":{\"@id\":\"https:\/\/evertonfc.cz\/#organization\"},\"image\":{\"@id\":\"https:\/\/evertonfc.cz\/index.php\/2012\/03\/07\/david-moyes-a-jeho-vzpominky-k-desetiletemu-vyroci\/#primaryimage\"},\"thumbnailUrl\":\"https:\/\/evertonfc.cz\/wp-content\/uploads\/2019\/01\/interview.jpg\",\"articleSection\":[\"Rozhovory\"],\"inLanguage\":\"cs\",\"potentialAction\":[{\"@type\":\"CommentAction\",\"name\":\"Comment\",\"target\":[\"https:\/\/evertonfc.cz\/index.php\/2012\/03\/07\/david-moyes-a-jeho-vzpominky-k-desetiletemu-vyroci\/#respond\"]}]},{\"@type\":\"WebPage\",\"@id\":\"https:\/\/evertonfc.cz\/index.php\/2012\/03\/07\/david-moyes-a-jeho-vzpominky-k-desetiletemu-vyroci\/\",\"url\":\"https:\/\/evertonfc.cz\/index.php\/2012\/03\/07\/david-moyes-a-jeho-vzpominky-k-desetiletemu-vyroci\/\",\"name\":\"David Moyes a jeho vzpom\u00ednky k desetilet\u00e9mu v\u00fdro\u010d\u00ed - Official Czech &amp; Slovak Everton Supporters&#039; Club\",\"isPartOf\":{\"@id\":\"https:\/\/evertonfc.cz\/#website\"},\"primaryImageOfPage\":{\"@id\":\"https:\/\/evertonfc.cz\/index.php\/2012\/03\/07\/david-moyes-a-jeho-vzpominky-k-desetiletemu-vyroci\/#primaryimage\"},\"image\":{\"@id\":\"https:\/\/evertonfc.cz\/index.php\/2012\/03\/07\/david-moyes-a-jeho-vzpominky-k-desetiletemu-vyroci\/#primaryimage\"},\"thumbnailUrl\":\"https:\/\/evertonfc.cz\/wp-content\/uploads\/2019\/01\/interview.jpg\",\"datePublished\":\"2012-03-07T17:53:02+00:00\",\"dateModified\":\"2019-02-17T17:53:54+00:00\",\"breadcrumb\":{\"@id\":\"https:\/\/evertonfc.cz\/index.php\/2012\/03\/07\/david-moyes-a-jeho-vzpominky-k-desetiletemu-vyroci\/#breadcrumb\"},\"inLanguage\":\"cs\",\"potentialAction\":[{\"@type\":\"ReadAction\",\"target\":[\"https:\/\/evertonfc.cz\/index.php\/2012\/03\/07\/david-moyes-a-jeho-vzpominky-k-desetiletemu-vyroci\/\"]}]},{\"@type\":\"ImageObject\",\"inLanguage\":\"cs\",\"@id\":\"https:\/\/evertonfc.cz\/index.php\/2012\/03\/07\/david-moyes-a-jeho-vzpominky-k-desetiletemu-vyroci\/#primaryimage\",\"url\":\"https:\/\/evertonfc.cz\/wp-content\/uploads\/2019\/01\/interview.jpg\",\"contentUrl\":\"https:\/\/evertonfc.cz\/wp-content\/uploads\/2019\/01\/interview.jpg\",\"width\":720,\"height\":405},{\"@type\":\"BreadcrumbList\",\"@id\":\"https:\/\/evertonfc.cz\/index.php\/2012\/03\/07\/david-moyes-a-jeho-vzpominky-k-desetiletemu-vyroci\/#breadcrumb\",\"itemListElement\":[{\"@type\":\"ListItem\",\"position\":1,\"name\":\"Home\",\"item\":\"https:\/\/evertonfc.cz\/\"},{\"@type\":\"ListItem\",\"position\":2,\"name\":\"David Moyes a jeho vzpom\u00ednky k desetilet\u00e9mu v\u00fdro\u010d\u00ed\"}]},{\"@type\":\"WebSite\",\"@id\":\"https:\/\/evertonfc.cz\/#website\",\"url\":\"https:\/\/evertonfc.cz\/\",\"name\":\"Official Czech &amp; Slovak Everton Supporters&#039; Club\",\"description\":\"\",\"publisher\":{\"@id\":\"https:\/\/evertonfc.cz\/#organization\"},\"potentialAction\":[{\"@type\":\"SearchAction\",\"target\":{\"@type\":\"EntryPoint\",\"urlTemplate\":\"https:\/\/evertonfc.cz\/?s={search_term_string}\"},\"query-input\":{\"@type\":\"PropertyValueSpecification\",\"valueRequired\":true,\"valueName\":\"search_term_string\"}}],\"inLanguage\":\"cs\"},{\"@type\":\"Organization\",\"@id\":\"https:\/\/evertonfc.cz\/#organization\",\"name\":\"Official Czech & Slovak Everton Supporters' Club\",\"url\":\"https:\/\/evertonfc.cz\/\",\"logo\":{\"@type\":\"ImageObject\",\"inLanguage\":\"cs\",\"@id\":\"https:\/\/evertonfc.cz\/#\/schema\/logo\/image\/\",\"url\":\"https:\/\/evertonfc.cz\/wp-content\/uploads\/2019\/05\/logo.png\",\"contentUrl\":\"https:\/\/evertonfc.cz\/wp-content\/uploads\/2019\/05\/logo.png\",\"width\":112,\"height\":112,\"caption\":\"Official Czech & Slovak Everton Supporters' Club\"},\"image\":{\"@id\":\"https:\/\/evertonfc.cz\/#\/schema\/logo\/image\/\"},\"sameAs\":[\"https:\/\/www.facebook.com\/everton.fans.cz.sk\"]},{\"@type\":\"Person\",\"@id\":\"https:\/\/evertonfc.cz\/#\/schema\/person\/f7a5daedb2ffee98480bc70e191aaef1\",\"name\":\"Ri\u010di\",\"sameAs\":[\"https:\/\/x.com\/rbrejsa\"],\"url\":\"https:\/\/evertonfc.cz\/index.php\/author\/rici\/\"}]}<\/script>\n<!-- \/ Yoast SEO plugin. -->","yoast_head_json":{"title":"David Moyes a jeho vzpom\u00ednky k desetilet\u00e9mu v\u00fdro\u010d\u00ed - Official Czech &amp; Slovak Everton Supporters&#039; Club","robots":{"index":"index","follow":"follow","max-snippet":"max-snippet:-1","max-image-preview":"max-image-preview:large","max-video-preview":"max-video-preview:-1"},"canonical":"https:\/\/evertonfc.cz\/index.php\/2012\/03\/07\/david-moyes-a-jeho-vzpominky-k-desetiletemu-vyroci\/","og_locale":"cs_CZ","og_type":"article","og_title":"David Moyes a jeho vzpom\u00ednky k desetilet\u00e9mu v\u00fdro\u010d\u00ed - Official Czech &amp; Slovak Everton Supporters&#039; Club","og_description":"14. b\u0159ezna oslav\u00ed David Moyes deset let v pozici mana\u017eera Evertonu. K t\u00e9 p\u0159\u00edle\u017eitosti poskytl pl\u00e1tku Liverpool Echo interview mapuj\u00edc\u00ed&hellip;","og_url":"https:\/\/evertonfc.cz\/index.php\/2012\/03\/07\/david-moyes-a-jeho-vzpominky-k-desetiletemu-vyroci\/","og_site_name":"Official Czech &amp; Slovak Everton Supporters&#039; Club","article_publisher":"https:\/\/www.facebook.com\/everton.fans.cz.sk","article_published_time":"2012-03-07T17:53:02+00:00","article_modified_time":"2019-02-17T17:53:54+00:00","og_image":[{"width":720,"height":405,"url":"https:\/\/evertonfc.cz\/wp-content\/uploads\/2019\/01\/interview.jpg","type":"image\/jpeg"}],"author":"Ri\u010di","twitter_card":"summary_large_image","twitter_creator":"@rbrejsa","twitter_misc":{"Napsal(a)":"Ri\u010di","Odhadovan\u00e1 doba \u010dten\u00ed":"9 minut"},"schema":{"@context":"https:\/\/schema.org","@graph":[{"@type":"Article","@id":"https:\/\/evertonfc.cz\/index.php\/2012\/03\/07\/david-moyes-a-jeho-vzpominky-k-desetiletemu-vyroci\/#article","isPartOf":{"@id":"https:\/\/evertonfc.cz\/index.php\/2012\/03\/07\/david-moyes-a-jeho-vzpominky-k-desetiletemu-vyroci\/"},"author":{"name":"Ri\u010di","@id":"https:\/\/evertonfc.cz\/#\/schema\/person\/f7a5daedb2ffee98480bc70e191aaef1"},"headline":"David Moyes a jeho vzpom\u00ednky k desetilet\u00e9mu v\u00fdro\u010d\u00ed","datePublished":"2012-03-07T17:53:02+00:00","dateModified":"2019-02-17T17:53:54+00:00","mainEntityOfPage":{"@id":"https:\/\/evertonfc.cz\/index.php\/2012\/03\/07\/david-moyes-a-jeho-vzpominky-k-desetiletemu-vyroci\/"},"wordCount":1736,"commentCount":0,"publisher":{"@id":"https:\/\/evertonfc.cz\/#organization"},"image":{"@id":"https:\/\/evertonfc.cz\/index.php\/2012\/03\/07\/david-moyes-a-jeho-vzpominky-k-desetiletemu-vyroci\/#primaryimage"},"thumbnailUrl":"https:\/\/evertonfc.cz\/wp-content\/uploads\/2019\/01\/interview.jpg","articleSection":["Rozhovory"],"inLanguage":"cs","potentialAction":[{"@type":"CommentAction","name":"Comment","target":["https:\/\/evertonfc.cz\/index.php\/2012\/03\/07\/david-moyes-a-jeho-vzpominky-k-desetiletemu-vyroci\/#respond"]}]},{"@type":"WebPage","@id":"https:\/\/evertonfc.cz\/index.php\/2012\/03\/07\/david-moyes-a-jeho-vzpominky-k-desetiletemu-vyroci\/","url":"https:\/\/evertonfc.cz\/index.php\/2012\/03\/07\/david-moyes-a-jeho-vzpominky-k-desetiletemu-vyroci\/","name":"David Moyes a jeho vzpom\u00ednky k desetilet\u00e9mu v\u00fdro\u010d\u00ed - Official Czech &amp; Slovak Everton Supporters&#039; Club","isPartOf":{"@id":"https:\/\/evertonfc.cz\/#website"},"primaryImageOfPage":{"@id":"https:\/\/evertonfc.cz\/index.php\/2012\/03\/07\/david-moyes-a-jeho-vzpominky-k-desetiletemu-vyroci\/#primaryimage"},"image":{"@id":"https:\/\/evertonfc.cz\/index.php\/2012\/03\/07\/david-moyes-a-jeho-vzpominky-k-desetiletemu-vyroci\/#primaryimage"},"thumbnailUrl":"https:\/\/evertonfc.cz\/wp-content\/uploads\/2019\/01\/interview.jpg","datePublished":"2012-03-07T17:53:02+00:00","dateModified":"2019-02-17T17:53:54+00:00","breadcrumb":{"@id":"https:\/\/evertonfc.cz\/index.php\/2012\/03\/07\/david-moyes-a-jeho-vzpominky-k-desetiletemu-vyroci\/#breadcrumb"},"inLanguage":"cs","potentialAction":[{"@type":"ReadAction","target":["https:\/\/evertonfc.cz\/index.php\/2012\/03\/07\/david-moyes-a-jeho-vzpominky-k-desetiletemu-vyroci\/"]}]},{"@type":"ImageObject","inLanguage":"cs","@id":"https:\/\/evertonfc.cz\/index.php\/2012\/03\/07\/david-moyes-a-jeho-vzpominky-k-desetiletemu-vyroci\/#primaryimage","url":"https:\/\/evertonfc.cz\/wp-content\/uploads\/2019\/01\/interview.jpg","contentUrl":"https:\/\/evertonfc.cz\/wp-content\/uploads\/2019\/01\/interview.jpg","width":720,"height":405},{"@type":"BreadcrumbList","@id":"https:\/\/evertonfc.cz\/index.php\/2012\/03\/07\/david-moyes-a-jeho-vzpominky-k-desetiletemu-vyroci\/#breadcrumb","itemListElement":[{"@type":"ListItem","position":1,"name":"Home","item":"https:\/\/evertonfc.cz\/"},{"@type":"ListItem","position":2,"name":"David Moyes a jeho vzpom\u00ednky k desetilet\u00e9mu v\u00fdro\u010d\u00ed"}]},{"@type":"WebSite","@id":"https:\/\/evertonfc.cz\/#website","url":"https:\/\/evertonfc.cz\/","name":"Official Czech &amp; Slovak Everton Supporters&#039; Club","description":"","publisher":{"@id":"https:\/\/evertonfc.cz\/#organization"},"potentialAction":[{"@type":"SearchAction","target":{"@type":"EntryPoint","urlTemplate":"https:\/\/evertonfc.cz\/?s={search_term_string}"},"query-input":{"@type":"PropertyValueSpecification","valueRequired":true,"valueName":"search_term_string"}}],"inLanguage":"cs"},{"@type":"Organization","@id":"https:\/\/evertonfc.cz\/#organization","name":"Official Czech & Slovak Everton Supporters' Club","url":"https:\/\/evertonfc.cz\/","logo":{"@type":"ImageObject","inLanguage":"cs","@id":"https:\/\/evertonfc.cz\/#\/schema\/logo\/image\/","url":"https:\/\/evertonfc.cz\/wp-content\/uploads\/2019\/05\/logo.png","contentUrl":"https:\/\/evertonfc.cz\/wp-content\/uploads\/2019\/05\/logo.png","width":112,"height":112,"caption":"Official Czech & Slovak Everton Supporters' Club"},"image":{"@id":"https:\/\/evertonfc.cz\/#\/schema\/logo\/image\/"},"sameAs":["https:\/\/www.facebook.com\/everton.fans.cz.sk"]},{"@type":"Person","@id":"https:\/\/evertonfc.cz\/#\/schema\/person\/f7a5daedb2ffee98480bc70e191aaef1","name":"Ri\u010di","sameAs":["https:\/\/x.com\/rbrejsa"],"url":"https:\/\/evertonfc.cz\/index.php\/author\/rici\/"}]}},"_links":{"self":[{"href":"https:\/\/evertonfc.cz\/index.php\/wp-json\/wp\/v2\/posts\/6344"}],"collection":[{"href":"https:\/\/evertonfc.cz\/index.php\/wp-json\/wp\/v2\/posts"}],"about":[{"href":"https:\/\/evertonfc.cz\/index.php\/wp-json\/wp\/v2\/types\/post"}],"author":[{"embeddable":true,"href":"https:\/\/evertonfc.cz\/index.php\/wp-json\/wp\/v2\/users\/6"}],"replies":[{"embeddable":true,"href":"https:\/\/evertonfc.cz\/index.php\/wp-json\/wp\/v2\/comments?post=6344"}],"version-history":[{"count":1,"href":"https:\/\/evertonfc.cz\/index.php\/wp-json\/wp\/v2\/posts\/6344\/revisions"}],"predecessor-version":[{"id":6347,"href":"https:\/\/evertonfc.cz\/index.php\/wp-json\/wp\/v2\/posts\/6344\/revisions\/6347"}],"wp:featuredmedia":[{"embeddable":true,"href":"https:\/\/evertonfc.cz\/index.php\/wp-json\/wp\/v2\/media\/1312"}],"wp:attachment":[{"href":"https:\/\/evertonfc.cz\/index.php\/wp-json\/wp\/v2\/media?parent=6344"}],"wp:term":[{"taxonomy":"category","embeddable":true,"href":"https:\/\/evertonfc.cz\/index.php\/wp-json\/wp\/v2\/categories?post=6344"},{"taxonomy":"post_tag","embeddable":true,"href":"https:\/\/evertonfc.cz\/index.php\/wp-json\/wp\/v2\/tags?post=6344"}],"curies":[{"name":"wp","href":"https:\/\/api.w.org\/{rel}","templated":true}]}}