{"id":6346,"date":"2012-03-14T18:53:36","date_gmt":"2012-03-14T17:53:36","guid":{"rendered":"http:\/\/evertonfc.cz\/?p=6346"},"modified":"2019-02-17T21:49:14","modified_gmt":"2019-02-17T20:49:14","slug":"co-dela-moyese-specialnim","status":"publish","type":"post","link":"https:\/\/evertonfc.cz\/index.php\/2012\/03\/14\/co-dela-moyese-specialnim\/","title":{"rendered":"Co d\u011bl\u00e1 Moyese speci\u00e1ln\u00edm?"},"content":{"rendered":"<h4 id=\"NewsPostDetailSummary\">Paul Fletcher vyzpov\u00eddal Alana Irvina, jen\u017e zn\u00e1 Davida Moyese velmi dob\u0159e. Prozrazuje, jak\u00fd je.<\/h4>\n<div id=\"NewsPostDetailContent\">\n<p>Dnes je to u\u017e 10 let, co David Moyes ode\u0161el z Prestonu, aby p\u0159ijal v\u00fdzvu obnovit slavn\u00e9 jm\u00e9no Evertonu. Ve sv\u00e9 dek\u00e1d\u011b v Goodisonu, si vytvo\u0159il 48let\u00fd Skok pov\u011bst jednoho z nejrespektovan\u011bj\u0161\u00edch mana\u017eer\u016f v Premier League.<\/p>\n<p>Everton pod taktovkou Moyese skon\u010dil \u010dty\u0159ikr\u00e1t \u0161est\u00fd v Premier League, v roce 2005 se kvalifikoval do Champions League a v roce 2009 dos\u00e1hl fin\u00e1le FA Cupu. Moyes je t\u0159et\u00edm nejd\u00e9le slou\u017e\u00edc\u00edm mana\u017eerem v prvn\u00edch \u010dty\u0159ech anglick\u00e1ch lig\u00e1ch a byl jmenov\u00e1n Asociac\u00ed ligov\u00fdch mana\u017eer\u016f nejlep\u0161\u00edm mana\u017eerem roku 2003, 2005 a 2009.<\/p>\n<p>Alan Irvin se aktu\u00e1ln\u011b star\u00e1 o evertonskou akademii a byl asistentem Moyese p\u011bt a p\u016fl roku. Zde vysv\u011btluje, pro\u010d Moyes tak dlouho vydr\u017eel v tak nemilosrdn\u00e9m prost\u0159ed\u00ed.<\/p>\n<h4><strong>\u017d\u00e1dn\u00fd k\u00e1men neoto\u010den<\/strong><\/h4>\n<p>Davidova pozornost ke ka\u017ed\u00e9mu detailu je udivuj\u00edc\u00ed. Nevynech\u00e1 nic a p\u0159\u00edpravy na tr\u00e9ninc\u00edch jsou hrozn\u011b d\u016fkladn\u00e9. Jak se z\u00e1pas bl\u00ed\u017e\u00ed, dost\u00e1v\u00e1 velmi rychle n\u00e1pady o tom, jak chce k utk\u00e1n\u00ed p\u0159istoupit, a jak chce, aby jeho t\u00fdm hr\u00e1l. Podle toho uspo\u0159\u00e1d\u00e1 t\u00fdden tr\u00e9nink\u016f. Jsem si jist, \u017ee n\u011bkolik tr\u00e9nink\u016f m\u00e1 st\u00e1le stejn\u00e9, jako kdy\u017e za\u010d\u00ednal v Evertonu p\u0159ed des\u00edti lety, ale v\u017edy hled\u00e1 nov\u00e9 zp\u016fsoby, aby bylo v\u0161e \u010derstv\u00e9 a pro hr\u00e1\u010de povzbuzuj\u00edc\u00ed. Posledn\u00ed co chcete, aby byl v\u00e1\u0161 t\u00fdm znud\u011bn\u00fd. Je d\u016fle\u017eit\u00e9 d\u011blat n\u011bco, co mu\u017estvo inspiruje a motivuje dos\u00e1hnout dal\u0161\u00ed \u00farovn\u011b.<\/p>\n<p>Po\u017eaduje vysokointenzivn\u00ed tr\u00e9nink a zcela p\u0159esn\u011b v\u00ed, jak\u00fdm zp\u016fsobem chce, aby vypadal. Nejde o sm\u00edch nebo vtipy, p\u0159esto chce, aby byly tr\u00e9ninky z\u00e1bavn\u00e9 a v takov\u00e9m tempu, jako jsou samotn\u00e1 utk\u00e1n\u00ed.<\/p>\n<p>David je aktivn\u00ed mana\u017eer, kter\u00fd chce tr\u00e9novat. Person\u00e1l p\u0159eb\u00edr\u00e1 n\u011bkter\u00e9 tr\u00e9ninky b\u011bhem t\u00fddne, ale jakmile jsou d\u016fle\u017eit\u00e9, co se t\u00fd\u010de p\u0159\u00edprav na z\u00e1pas, pak se jich ujme on. Ne\u017e hr\u00e1\u010di nastoup\u00ed do z\u00e1pasu, p\u0159esn\u011b v\u00ed, co se od ka\u017ed\u00e9ho z nich o\u010dek\u00e1v\u00e1. Instrukce jsou p\u0159esn\u011b d\u00e1ny a neexistuje mo\u017enost, aby si je vynalo\u017eily \u0161patn\u011b.<\/p>\n<h4><strong>Mistr mana\u017eersk\u00e9ho um\u011bn\u00ed<\/strong><\/h4>\n<p>Nemysl\u00edm si, \u017ee je tu moc hr\u00e1\u010d\u016f, kte\u0159\u00ed pracovali s Davidem a nemluvili by o n\u011bm dob\u0159e. Zjistil jsem, \u017ee ka\u017ed\u00fd z nich m\u011bl s n\u00edm dobr\u00fd vztah. Mezi n\u00edm a hr\u00e1\u010di je velk\u00fd respekt.<\/p>\n<p>Kdy\u017e m\u00e1 mu\u017estvo turn\u00e9 v p\u0159edsez\u00f3nn\u00ed p\u0159\u00edprav\u011b, v pl\u00e1nu je v\u017edy jedna noc pln\u00e1 j\u00eddla a pit\u00ed. David by posed\u011bl s hr\u00e1\u010di, ale ne\u0159ekl bych, \u017ee by si byl s nimi bl\u00edzk\u00fd, a to je p\u0159esn\u011b ta cesta, jak by to m\u011blo fungovat. Nen\u00ed pochyb, kdo je v\u00e1\u0161 \u0161\u00e9f.<\/p>\n<table border=\"1\">\n<tbody>\n<tr>\n<td>David Unsworth, b\u00fdval\u00fd hr\u00e1\u010d Evertonu<br \/>\n<em>\u201eBere si ka\u017ed\u00fd tr\u00e9nink s\u00e1m, tr\u00e9ninky jsou dynamick\u00e9 <\/em><em>a ve vysok\u00e9m tempu. Je typem mana\u017eera, kter\u00fd v\u00e1s <\/em><em>povzbuzuje. Vezme si \u010das, aby si t\u00fdmem, ale i s hr\u00e1\u010di <\/em><em>jednotliv\u011b promluvil. Jeho mana\u017eersk\u00e9 <\/em><em>schopnosti jsou prvot\u0159\u00eddn\u00ed.\u201c<\/em><\/td>\n<\/tr>\n<\/tbody>\n<\/table>\n<p>Lid\u00e9 by se na n\u011bho mohli d\u00edvat jako na toho, kdo na lajn\u011b \u0159e\u010dn\u00ed a zu\u0159\u00ed, ale takhle to nen\u00ed. V\u00ed, \u017ee pokud k\u0159i\u010d\u00edte, hr\u00e1\u010di v\u00e1s p\u0159estanou poslouchat. Z\u0159\u00eddkakdy ztrat\u00ed o polo\u010dase n\u00e1ladu. Rad\u011bji str\u00e1v\u00ed \u010das t\u00edm, \u017ee pracuje s hr\u00e1\u010di, aby jim pomohl naj\u00edt \u0159e\u0161en\u00ed specifick\u00e9ho probl\u00e9mu.<\/p>\n<h4><strong>Nikdy se nep\u0159estane u\u010dit<\/strong><\/h4>\n<p>David je velmi skromn\u00fd a mysl\u00edm, \u017ee mu pokora pom\u00e1h\u00e1, proto\u017ee to znamen\u00e1, \u017ee se v\u017edy sna\u017e\u00ed ve v\u0161em zlep\u0161ovat. S\u00e1m sebe d\u016fkladn\u011b rozebere a mysl\u00edm, \u017ee m\u00e1 kvality, jak\u00e9 najdete u t\u011bch nejlep\u0161\u00edch mana\u017eer\u016f. Po tom v\u0161e, kdo vlastn\u011b \u0159\u00edd\u00ed mana\u017eery? To mus\u00ed p\u0159ij\u00edt zevnit\u0159.<\/p>\n<p>Je velmi dobr\u00fdm studentem. M\u00e1m ti namysli, \u017ee pokud chybuje a m\u00e1 pocit, \u017ee se rozhodl hodn\u011b \u0161patn\u011b, pod\u00edv\u00e1 se na to a pokus\u00ed se, aby chybu neopakoval. Zva\u017euje ka\u017ed\u00e9 rozhodnut\u00ed hodn\u011b pe\u010dliv\u011b. Z\u0159\u00eddkakdy \u0159ekne n\u011bco, ani\u017e by si my\u0161lenku p\u0159edem nepromyslel. Mysl\u00edm, \u017ee z tohoto d\u016fvodu ud\u011blal za posledn\u00ed l\u00e9ta velk\u00e1 rozhodnut\u00ed.<\/p>\n<p>B\u011bhem p\u011bti a p\u016fl roku, co jsem s n\u00edm pracoval, se rozhodn\u011b zlep\u0161oval. A to proto\u017ee se d\u00edval v prvn\u00ed \u0159ad\u011b na sebe.<\/p>\n<h4><strong>Pracovitost a rozhodnost<\/strong><\/h4>\n<p>V managementu je z\u00e1sadn\u00ed, abyste byl p\u0159ipraven nasko\u010dit do auta, \u0159\u00eddit \u010dty\u0159i hodiny, abyste se pod\u00edval na z\u00e1pas, pak jel nazp\u00e1tek a r\u00e1no vstal kv\u016fli tr\u00e9ninku. Nikdy si na to nest\u011b\u017eoval. Ve skute\u010dnosti nastav\u00ed ur\u010dit\u00e9 standardy, kter\u00fdch se dr\u017e\u00ed i jeho person\u00e1l.<\/p>\n<p>Mysl\u00edm, \u017ee David odv\u00e1d\u00ed v Evertonu fantastickou pr\u00e1ci. Miluje b\u00fdt v klubu. Nemysl\u00edm si, \u017ee by c\u00edtil, \u017ee pracuje pod velk\u00fdm tlakem. Jist\u011b ned\u00e1v\u00e1 najevo \u010dasto sv\u00e9 dojmy, ale mysl\u00edm, \u017ee nen\u00ed pochyb, \u017ee by zvl\u00e1dl tlak, kter\u00fd by byl na n\u011bho vyv\u00edjen ve \u0161pi\u010dkov\u00fdch klubech.<\/p>\n<p>Mohl by David j\u00edt na vy\u0161\u0161\u00ed \u00farove\u0148? Mysl\u00edm, \u017ee rozhodn\u011b, bez ot\u00e1zek. Prok\u00e1zal, \u017ee dok\u00e1\u017ee v\u00e9st Everton p\u0159i ob\u010das obt\u00ed\u017en\u00fdch okolnostech, s mal\u00fdm k\u00e1drem a rozpo\u010dtem, kter\u00fd m\u00e1 kdekdo vy\u0161\u0161\u00ed. Nevid\u00edm d\u016fvod, pro\u010d by jeho metody nefungovaly jinde.<\/p>\n<p>Je to mil\u00fd chl\u00e1pek, kter\u00fd je neskute\u010dn\u011b pracovit\u00fd a kter\u00fd odvedl v Evertonu pozoruhodnou pr\u00e1ci. Nicm\u00e9n\u011b mus\u00edm \u0159\u00edct, \u017ee si velk\u00fd kredit zaslou\u017e\u00ed tak\u00e9 Bill Kenwrigh a veden\u00ed. Kdy\u017e se neda\u0159ilo moc na h\u0159i\u0161ti, v\u017edy se za Davida postavili.<\/p>\n<\/div>\n","protected":false},"excerpt":{"rendered":"<p>Paul Fletcher vyzpov\u00eddal Alana Irvina, jen\u017e zn\u00e1 Davida Moyese velmi dob\u0159e. Prozrazuje, jak\u00fd je. Dnes je to u\u017e 10 let,&hellip;<\/p>\n","protected":false},"author":8,"featured_media":1312,"comment_status":"open","ping_status":"closed","sticky":false,"template":"","format":"standard","meta":{"_eb_attr":"","_monsterinsights_skip_tracking":false,"_monsterinsights_sitenote_active":false,"_monsterinsights_sitenote_note":"","_monsterinsights_sitenote_category":0,"footnotes":""},"categories":[1],"tags":[],"yoast_head":"<!-- This site is optimized with the Yoast SEO plugin v23.4 - https:\/\/yoast.com\/wordpress\/plugins\/seo\/ -->\n<title>Co d\u011bl\u00e1 Moyese speci\u00e1ln\u00edm? - Official Czech &amp; Slovak Everton Supporters&#039; Club<\/title>\n<meta name=\"robots\" content=\"index, follow, max-snippet:-1, max-image-preview:large, max-video-preview:-1\" \/>\n<link rel=\"canonical\" href=\"https:\/\/evertonfc.cz\/index.php\/2012\/03\/14\/co-dela-moyese-specialnim\/\" \/>\n<meta property=\"og:locale\" content=\"cs_CZ\" \/>\n<meta property=\"og:type\" content=\"article\" \/>\n<meta property=\"og:title\" content=\"Co d\u011bl\u00e1 Moyese speci\u00e1ln\u00edm? - Official Czech &amp; Slovak Everton Supporters&#039; Club\" \/>\n<meta property=\"og:description\" content=\"Paul Fletcher vyzpov\u00eddal Alana Irvina, jen\u017e zn\u00e1 Davida Moyese velmi dob\u0159e. Prozrazuje, jak\u00fd je. Dnes je to u\u017e 10 let,&hellip;\" \/>\n<meta property=\"og:url\" content=\"https:\/\/evertonfc.cz\/index.php\/2012\/03\/14\/co-dela-moyese-specialnim\/\" \/>\n<meta property=\"og:site_name\" content=\"Official Czech &amp; Slovak Everton Supporters&#039; Club\" \/>\n<meta property=\"article:publisher\" content=\"https:\/\/www.facebook.com\/everton.fans.cz.sk\" \/>\n<meta property=\"article:published_time\" content=\"2012-03-14T17:53:36+00:00\" \/>\n<meta property=\"article:modified_time\" content=\"2019-02-17T20:49:14+00:00\" \/>\n<meta property=\"og:image\" content=\"https:\/\/evertonfc.cz\/wp-content\/uploads\/2019\/01\/interview.jpg\" \/>\n\t<meta property=\"og:image:width\" content=\"720\" \/>\n\t<meta property=\"og:image:height\" content=\"405\" \/>\n\t<meta property=\"og:image:type\" content=\"image\/jpeg\" \/>\n<meta name=\"author\" content=\"premierleague.cz\" \/>\n<meta name=\"twitter:card\" content=\"summary_large_image\" \/>\n<meta name=\"twitter:label1\" content=\"Napsal(a)\" \/>\n\t<meta name=\"twitter:data1\" content=\"premierleague.cz\" \/>\n\t<meta name=\"twitter:label2\" content=\"Odhadovan\u00e1 doba \u010dten\u00ed\" \/>\n\t<meta name=\"twitter:data2\" content=\"5 minut\" \/>\n<script type=\"application\/ld+json\" class=\"yoast-schema-graph\">{\"@context\":\"https:\/\/schema.org\",\"@graph\":[{\"@type\":\"Article\",\"@id\":\"https:\/\/evertonfc.cz\/index.php\/2012\/03\/14\/co-dela-moyese-specialnim\/#article\",\"isPartOf\":{\"@id\":\"https:\/\/evertonfc.cz\/index.php\/2012\/03\/14\/co-dela-moyese-specialnim\/\"},\"author\":{\"name\":\"premierleague.cz\",\"@id\":\"https:\/\/evertonfc.cz\/#\/schema\/person\/0690e24296ea1918886ee0f6a0b7c1ef\"},\"headline\":\"Co d\u011bl\u00e1 Moyese speci\u00e1ln\u00edm?\",\"datePublished\":\"2012-03-14T17:53:36+00:00\",\"dateModified\":\"2019-02-17T20:49:14+00:00\",\"mainEntityOfPage\":{\"@id\":\"https:\/\/evertonfc.cz\/index.php\/2012\/03\/14\/co-dela-moyese-specialnim\/\"},\"wordCount\":1038,\"commentCount\":0,\"publisher\":{\"@id\":\"https:\/\/evertonfc.cz\/#organization\"},\"image\":{\"@id\":\"https:\/\/evertonfc.cz\/index.php\/2012\/03\/14\/co-dela-moyese-specialnim\/#primaryimage\"},\"thumbnailUrl\":\"https:\/\/evertonfc.cz\/wp-content\/uploads\/2019\/01\/interview.jpg\",\"articleSection\":[\"Rozhovory\"],\"inLanguage\":\"cs\",\"potentialAction\":[{\"@type\":\"CommentAction\",\"name\":\"Comment\",\"target\":[\"https:\/\/evertonfc.cz\/index.php\/2012\/03\/14\/co-dela-moyese-specialnim\/#respond\"]}]},{\"@type\":\"WebPage\",\"@id\":\"https:\/\/evertonfc.cz\/index.php\/2012\/03\/14\/co-dela-moyese-specialnim\/\",\"url\":\"https:\/\/evertonfc.cz\/index.php\/2012\/03\/14\/co-dela-moyese-specialnim\/\",\"name\":\"Co d\u011bl\u00e1 Moyese speci\u00e1ln\u00edm? - Official Czech &amp; Slovak Everton Supporters&#039; Club\",\"isPartOf\":{\"@id\":\"https:\/\/evertonfc.cz\/#website\"},\"primaryImageOfPage\":{\"@id\":\"https:\/\/evertonfc.cz\/index.php\/2012\/03\/14\/co-dela-moyese-specialnim\/#primaryimage\"},\"image\":{\"@id\":\"https:\/\/evertonfc.cz\/index.php\/2012\/03\/14\/co-dela-moyese-specialnim\/#primaryimage\"},\"thumbnailUrl\":\"https:\/\/evertonfc.cz\/wp-content\/uploads\/2019\/01\/interview.jpg\",\"datePublished\":\"2012-03-14T17:53:36+00:00\",\"dateModified\":\"2019-02-17T20:49:14+00:00\",\"breadcrumb\":{\"@id\":\"https:\/\/evertonfc.cz\/index.php\/2012\/03\/14\/co-dela-moyese-specialnim\/#breadcrumb\"},\"inLanguage\":\"cs\",\"potentialAction\":[{\"@type\":\"ReadAction\",\"target\":[\"https:\/\/evertonfc.cz\/index.php\/2012\/03\/14\/co-dela-moyese-specialnim\/\"]}]},{\"@type\":\"ImageObject\",\"inLanguage\":\"cs\",\"@id\":\"https:\/\/evertonfc.cz\/index.php\/2012\/03\/14\/co-dela-moyese-specialnim\/#primaryimage\",\"url\":\"https:\/\/evertonfc.cz\/wp-content\/uploads\/2019\/01\/interview.jpg\",\"contentUrl\":\"https:\/\/evertonfc.cz\/wp-content\/uploads\/2019\/01\/interview.jpg\",\"width\":720,\"height\":405},{\"@type\":\"BreadcrumbList\",\"@id\":\"https:\/\/evertonfc.cz\/index.php\/2012\/03\/14\/co-dela-moyese-specialnim\/#breadcrumb\",\"itemListElement\":[{\"@type\":\"ListItem\",\"position\":1,\"name\":\"Home\",\"item\":\"https:\/\/evertonfc.cz\/\"},{\"@type\":\"ListItem\",\"position\":2,\"name\":\"Co d\u011bl\u00e1 Moyese speci\u00e1ln\u00edm?\"}]},{\"@type\":\"WebSite\",\"@id\":\"https:\/\/evertonfc.cz\/#website\",\"url\":\"https:\/\/evertonfc.cz\/\",\"name\":\"Official Czech &amp; Slovak Everton Supporters&#039; Club\",\"description\":\"\",\"publisher\":{\"@id\":\"https:\/\/evertonfc.cz\/#organization\"},\"potentialAction\":[{\"@type\":\"SearchAction\",\"target\":{\"@type\":\"EntryPoint\",\"urlTemplate\":\"https:\/\/evertonfc.cz\/?s={search_term_string}\"},\"query-input\":{\"@type\":\"PropertyValueSpecification\",\"valueRequired\":true,\"valueName\":\"search_term_string\"}}],\"inLanguage\":\"cs\"},{\"@type\":\"Organization\",\"@id\":\"https:\/\/evertonfc.cz\/#organization\",\"name\":\"Official Czech & Slovak Everton Supporters' Club\",\"url\":\"https:\/\/evertonfc.cz\/\",\"logo\":{\"@type\":\"ImageObject\",\"inLanguage\":\"cs\",\"@id\":\"https:\/\/evertonfc.cz\/#\/schema\/logo\/image\/\",\"url\":\"https:\/\/evertonfc.cz\/wp-content\/uploads\/2019\/05\/logo.png\",\"contentUrl\":\"https:\/\/evertonfc.cz\/wp-content\/uploads\/2019\/05\/logo.png\",\"width\":112,\"height\":112,\"caption\":\"Official Czech & Slovak Everton Supporters' Club\"},\"image\":{\"@id\":\"https:\/\/evertonfc.cz\/#\/schema\/logo\/image\/\"},\"sameAs\":[\"https:\/\/www.facebook.com\/everton.fans.cz.sk\"]},{\"@type\":\"Person\",\"@id\":\"https:\/\/evertonfc.cz\/#\/schema\/person\/0690e24296ea1918886ee0f6a0b7c1ef\",\"name\":\"premierleague.cz\",\"url\":\"https:\/\/evertonfc.cz\/index.php\/author\/premierleague\/\"}]}<\/script>\n<!-- \/ Yoast SEO plugin. -->","yoast_head_json":{"title":"Co d\u011bl\u00e1 Moyese speci\u00e1ln\u00edm? - Official Czech &amp; Slovak Everton Supporters&#039; Club","robots":{"index":"index","follow":"follow","max-snippet":"max-snippet:-1","max-image-preview":"max-image-preview:large","max-video-preview":"max-video-preview:-1"},"canonical":"https:\/\/evertonfc.cz\/index.php\/2012\/03\/14\/co-dela-moyese-specialnim\/","og_locale":"cs_CZ","og_type":"article","og_title":"Co d\u011bl\u00e1 Moyese speci\u00e1ln\u00edm? - Official Czech &amp; Slovak Everton Supporters&#039; Club","og_description":"Paul Fletcher vyzpov\u00eddal Alana Irvina, jen\u017e zn\u00e1 Davida Moyese velmi dob\u0159e. Prozrazuje, jak\u00fd je. Dnes je to u\u017e 10 let,&hellip;","og_url":"https:\/\/evertonfc.cz\/index.php\/2012\/03\/14\/co-dela-moyese-specialnim\/","og_site_name":"Official Czech &amp; Slovak Everton Supporters&#039; Club","article_publisher":"https:\/\/www.facebook.com\/everton.fans.cz.sk","article_published_time":"2012-03-14T17:53:36+00:00","article_modified_time":"2019-02-17T20:49:14+00:00","og_image":[{"width":720,"height":405,"url":"https:\/\/evertonfc.cz\/wp-content\/uploads\/2019\/01\/interview.jpg","type":"image\/jpeg"}],"author":"premierleague.cz","twitter_card":"summary_large_image","twitter_misc":{"Napsal(a)":"premierleague.cz","Odhadovan\u00e1 doba \u010dten\u00ed":"5 minut"},"schema":{"@context":"https:\/\/schema.org","@graph":[{"@type":"Article","@id":"https:\/\/evertonfc.cz\/index.php\/2012\/03\/14\/co-dela-moyese-specialnim\/#article","isPartOf":{"@id":"https:\/\/evertonfc.cz\/index.php\/2012\/03\/14\/co-dela-moyese-specialnim\/"},"author":{"name":"premierleague.cz","@id":"https:\/\/evertonfc.cz\/#\/schema\/person\/0690e24296ea1918886ee0f6a0b7c1ef"},"headline":"Co d\u011bl\u00e1 Moyese speci\u00e1ln\u00edm?","datePublished":"2012-03-14T17:53:36+00:00","dateModified":"2019-02-17T20:49:14+00:00","mainEntityOfPage":{"@id":"https:\/\/evertonfc.cz\/index.php\/2012\/03\/14\/co-dela-moyese-specialnim\/"},"wordCount":1038,"commentCount":0,"publisher":{"@id":"https:\/\/evertonfc.cz\/#organization"},"image":{"@id":"https:\/\/evertonfc.cz\/index.php\/2012\/03\/14\/co-dela-moyese-specialnim\/#primaryimage"},"thumbnailUrl":"https:\/\/evertonfc.cz\/wp-content\/uploads\/2019\/01\/interview.jpg","articleSection":["Rozhovory"],"inLanguage":"cs","potentialAction":[{"@type":"CommentAction","name":"Comment","target":["https:\/\/evertonfc.cz\/index.php\/2012\/03\/14\/co-dela-moyese-specialnim\/#respond"]}]},{"@type":"WebPage","@id":"https:\/\/evertonfc.cz\/index.php\/2012\/03\/14\/co-dela-moyese-specialnim\/","url":"https:\/\/evertonfc.cz\/index.php\/2012\/03\/14\/co-dela-moyese-specialnim\/","name":"Co d\u011bl\u00e1 Moyese speci\u00e1ln\u00edm? - Official Czech &amp; Slovak Everton Supporters&#039; Club","isPartOf":{"@id":"https:\/\/evertonfc.cz\/#website"},"primaryImageOfPage":{"@id":"https:\/\/evertonfc.cz\/index.php\/2012\/03\/14\/co-dela-moyese-specialnim\/#primaryimage"},"image":{"@id":"https:\/\/evertonfc.cz\/index.php\/2012\/03\/14\/co-dela-moyese-specialnim\/#primaryimage"},"thumbnailUrl":"https:\/\/evertonfc.cz\/wp-content\/uploads\/2019\/01\/interview.jpg","datePublished":"2012-03-14T17:53:36+00:00","dateModified":"2019-02-17T20:49:14+00:00","breadcrumb":{"@id":"https:\/\/evertonfc.cz\/index.php\/2012\/03\/14\/co-dela-moyese-specialnim\/#breadcrumb"},"inLanguage":"cs","potentialAction":[{"@type":"ReadAction","target":["https:\/\/evertonfc.cz\/index.php\/2012\/03\/14\/co-dela-moyese-specialnim\/"]}]},{"@type":"ImageObject","inLanguage":"cs","@id":"https:\/\/evertonfc.cz\/index.php\/2012\/03\/14\/co-dela-moyese-specialnim\/#primaryimage","url":"https:\/\/evertonfc.cz\/wp-content\/uploads\/2019\/01\/interview.jpg","contentUrl":"https:\/\/evertonfc.cz\/wp-content\/uploads\/2019\/01\/interview.jpg","width":720,"height":405},{"@type":"BreadcrumbList","@id":"https:\/\/evertonfc.cz\/index.php\/2012\/03\/14\/co-dela-moyese-specialnim\/#breadcrumb","itemListElement":[{"@type":"ListItem","position":1,"name":"Home","item":"https:\/\/evertonfc.cz\/"},{"@type":"ListItem","position":2,"name":"Co d\u011bl\u00e1 Moyese speci\u00e1ln\u00edm?"}]},{"@type":"WebSite","@id":"https:\/\/evertonfc.cz\/#website","url":"https:\/\/evertonfc.cz\/","name":"Official Czech &amp; Slovak Everton Supporters&#039; Club","description":"","publisher":{"@id":"https:\/\/evertonfc.cz\/#organization"},"potentialAction":[{"@type":"SearchAction","target":{"@type":"EntryPoint","urlTemplate":"https:\/\/evertonfc.cz\/?s={search_term_string}"},"query-input":{"@type":"PropertyValueSpecification","valueRequired":true,"valueName":"search_term_string"}}],"inLanguage":"cs"},{"@type":"Organization","@id":"https:\/\/evertonfc.cz\/#organization","name":"Official Czech & Slovak Everton Supporters' Club","url":"https:\/\/evertonfc.cz\/","logo":{"@type":"ImageObject","inLanguage":"cs","@id":"https:\/\/evertonfc.cz\/#\/schema\/logo\/image\/","url":"https:\/\/evertonfc.cz\/wp-content\/uploads\/2019\/05\/logo.png","contentUrl":"https:\/\/evertonfc.cz\/wp-content\/uploads\/2019\/05\/logo.png","width":112,"height":112,"caption":"Official Czech & Slovak Everton Supporters' Club"},"image":{"@id":"https:\/\/evertonfc.cz\/#\/schema\/logo\/image\/"},"sameAs":["https:\/\/www.facebook.com\/everton.fans.cz.sk"]},{"@type":"Person","@id":"https:\/\/evertonfc.cz\/#\/schema\/person\/0690e24296ea1918886ee0f6a0b7c1ef","name":"premierleague.cz","url":"https:\/\/evertonfc.cz\/index.php\/author\/premierleague\/"}]}},"_links":{"self":[{"href":"https:\/\/evertonfc.cz\/index.php\/wp-json\/wp\/v2\/posts\/6346"}],"collection":[{"href":"https:\/\/evertonfc.cz\/index.php\/wp-json\/wp\/v2\/posts"}],"about":[{"href":"https:\/\/evertonfc.cz\/index.php\/wp-json\/wp\/v2\/types\/post"}],"author":[{"embeddable":true,"href":"https:\/\/evertonfc.cz\/index.php\/wp-json\/wp\/v2\/users\/8"}],"replies":[{"embeddable":true,"href":"https:\/\/evertonfc.cz\/index.php\/wp-json\/wp\/v2\/comments?post=6346"}],"version-history":[{"count":3,"href":"https:\/\/evertonfc.cz\/index.php\/wp-json\/wp\/v2\/posts\/6346\/revisions"}],"predecessor-version":[{"id":6498,"href":"https:\/\/evertonfc.cz\/index.php\/wp-json\/wp\/v2\/posts\/6346\/revisions\/6498"}],"wp:featuredmedia":[{"embeddable":true,"href":"https:\/\/evertonfc.cz\/index.php\/wp-json\/wp\/v2\/media\/1312"}],"wp:attachment":[{"href":"https:\/\/evertonfc.cz\/index.php\/wp-json\/wp\/v2\/media?parent=6346"}],"wp:term":[{"taxonomy":"category","embeddable":true,"href":"https:\/\/evertonfc.cz\/index.php\/wp-json\/wp\/v2\/categories?post=6346"},{"taxonomy":"post_tag","embeddable":true,"href":"https:\/\/evertonfc.cz\/index.php\/wp-json\/wp\/v2\/tags?post=6346"}],"curies":[{"name":"wp","href":"https:\/\/api.w.org\/{rel}","templated":true}]}}