{"id":6348,"date":"2012-03-04T18:54:08","date_gmt":"2012-03-04T17:54:08","guid":{"rendered":"http:\/\/evertonfc.cz\/?p=6348"},"modified":"2019-02-17T18:55:08","modified_gmt":"2019-02-17T17:55:08","slug":"moyes-vola-po-zmenach","status":"publish","type":"post","link":"https:\/\/evertonfc.cz\/index.php\/2012\/03\/04\/moyes-vola-po-zmenach\/","title":{"rendered":"Moyes vol\u00e1 po zm\u011bn\u00e1ch"},"content":{"rendered":"<h4 id=\"NewsPostDetailSummary\">Fotbal se m\u011bn\u00ed a v mnoha sm\u011brech se bohu\u017eel neub\u00edr\u00e1 t\u00edm spr\u00e1vn\u00fdm sm\u011brem. To Moyese znepokojuje a po\u017eaduje zm\u011bny.<\/h4>\n<div id=\"NewsPostDetailContent\">\n<p>David Moyes v t\u011bchto dnech slav\u00ed kulat\u00e9 v\u00fdro\u010d\u00ed. P\u0159esn\u011b p\u0159ed deseti lety se stal mana\u017eerem Evertonu a p\u0159ipojuje se tak k takov\u00fdm elitn\u00edm jm\u00e9n\u016fm jako Sir Alex Ferguson, Arsene Wenger, Brian Clough, Sir Bobby Robson a Bill Nicholson, kte\u0159\u00ed na lavi\u010dce jednoho t\u00fdmu takt\u00e9\u017e vydr\u017eeli dek\u00e1du a v\u00edce.<\/p>\n<p>Moyes p\u0159itom v osma\u010dty\u0159iceti letech st\u00e1le pat\u0159\u00ed k t\u011bm mlad\u0161\u00edm mana\u017eer\u016fm, a tak rod\u00e1kovi z Glasgow nad\u00e1le nechyb\u00ed chu\u0165 posouvat svoje mo\u017enosti d\u00e1l. Svoje ambice odr\u00e1\u017e\u00ed i v pohledu na zm\u011bny, kter\u00fdmi si b\u011bhem posledn\u00edch let fotbal pro\u0161el. Nel\u00edb\u00ed se mu zejm\u00e9na finan\u010dn\u00ed situace anglick\u00fdch klub\u016f a tak nap\u0159\u00edklad navrhuje, aby byl v\u0161em hr\u00e1\u010d\u016fm sn\u00ed\u017een plat o 20 procent.<\/p>\n<p><em>&#8222;Mo\u017en\u00e1 by to bylo rozhodnut\u00ed, kter\u00e9 by zp\u016fsobilo zmatek, ale mysl\u00edm, \u017ee mus\u00edme za\u010d\u00edt n\u011bco d\u011blat. Lid\u00e9 mohou \u0159\u00edkat, \u017ee by bylo slo\u017eit\u011bj\u0161\u00ed p\u0159il\u00e1kat do Premier League hr\u00e1\u010de, ale mus\u00edme p\u0159ijmout zodpov\u011bdnost za dlouhodob\u00e9 zdrav\u00ed fotbalu. Kluby se musej\u00ed o svoje finance starat l\u00e9pe a platit jen za to, co si mohou dovolit. Lid\u00e9 mus\u00ed b\u00fdt zodpov\u011bdn\u00ed za situace, kdy se v\u011bci uberou \u0161patn\u00fdm sm\u011brem.<\/em><\/p>\n<p><em>Ka\u017ed\u00e1 rodina nyn\u00ed mus\u00ed s pen\u011bzmi hospoda\u0159it spr\u00e1vn\u011b, nemohou p\u0159ehnan\u011b utr\u00e1cet. Pro\u010d by m\u011bl b\u00fdt fotbal jin\u00fd?&#8220;<\/em> pt\u00e1 se t\u0159\u00edn\u00e1sobn\u00fd mana\u017eer roku.<\/p>\n<p>B\u011bhem desetilet\u00ed, kter\u00e9 Moyes na Goodison Parku str\u00e1vil, zpozoroval Skot i n\u011bkolik \u0161kodliv\u00fdch trend\u016f, kter\u00e9 fotbal po\u0161kozuj\u00ed tam, kde je to vid\u011bt nejv\u00edc &#8211; na samotn\u00e9m h\u0159i\u0161ti.<\/p>\n<p><em>&#8222;Vid\u00edm sebe jako fanou\u0161ka fotbalu a jsou tu v\u011bci, kter\u00e9 se mi nel\u00edb\u00ed a kter\u00e9 tomuto sportu \u0161kod\u00ed. Jednou z nich jsou hr\u00e1\u010di, kter\u00e9 to k zemi t\u00e1hne a\u017e moc snadno. V posledn\u00edch deseti letech divingu p\u0159ibylo, hr\u00e1\u010di te\u010f padaj\u00ed p\u0159i minim\u00e1ln\u00edm kontaktu. Pro m\u011b je to jeden z nejv\u00e1\u017en\u011bj\u0161\u00edch probl\u00e9m\u016f.<\/em><\/p>\n<p><em>Hr\u00e1\u010di za svoje jedn\u00e1n\u00ed musej\u00ed b\u00fdt v\u00edce zodpov\u011bdn\u00ed. My ani hr\u00e1\u010di jsme ale neud\u011blali dost, abychom pomohli rozhod\u010d\u00edm, co\u017e jejich pr\u00e1ci d\u011bl\u00e1 dvojn\u00e1sobn\u011b t\u011b\u017e\u0161\u00ed. FA bych doporu\u010dil, aby m\u011bla k divingu v\u011bt\u0161\u00ed retrospektivu. Sv\u00fdm hr\u00e1\u010d\u016fm \u0159\u00edk\u00e1m, \u017ee v na\u0161em t\u00fdmu diving netolerujeme. Neexistuje \u017e\u00e1dn\u00e9 &#8222;ale&#8220;. Prost\u011b to u m\u00fdch hr\u00e1\u010d\u016f nechci vid\u011bt.<\/em><\/p>\n<p><em>Dal\u0161\u00ed oblast\u00ed, kter\u00e1 mi p\u0159id\u00e1v\u00e1 starosti, jsou agenti. P\u0159ed deseti lety byla situace lep\u0161\u00ed. Tehdy jsem se pod\u00edval na zp\u016fsob, jak\u00fdm m\u011bli agenti v zahrani\u010d\u00ed kontrolu nad hr\u00e1\u010di a kluby si myslely, \u017ee v Brit\u00e1nii by se nic takov\u00e9ho st\u00e1t nemohlo. Mysleli jste si, \u017ee p\u0159edsedov\u00e9 by nebyli tak hloup\u00ed, aby obchody nech\u00e1vali na agentech nebo jim \u0159\u00edkali, jak\u00e9 obchody by m\u011bli d\u011blat. Te\u010f se to v n\u011bkter\u00fdch p\u0159\u00edpadech d\u011bje a zd\u00e1 se, \u017ee hr\u00e1\u010di jsou pod v\u011bt\u0161\u00ed kontrolou agent\u016f m\u00edsto toho, aby d\u011blali to nejlep\u0161\u00ed pro svoji vlastn\u00ed hru. Je to zm\u011bna k hor\u0161\u00edmu.&#8220;<\/em><\/p>\n<p>Podle Moyese tak\u00e9 v Premier League upadla kvalita p\u0159edv\u00e1d\u011bn\u00e9ho fotbalu, na \u010dem\u017e m\u00e1 pr\u00fd pod\u00edl v\u011bt\u0161\u00ed \u010d\u00edslo rychlej\u0161\u00edch a silov\u00fdch hr\u00e1\u010d\u016f. <em>&#8222;Technologie se m\u011bn\u00ed a v n\u011bkolika sm\u011brech mana\u017eer\u016fm pom\u00e1h\u00e1. Nyn\u00ed m\u016f\u017eeme monitorovat v\u0161echny prvky hry hr\u00e1\u010d\u016f. Nen\u00ed pochyb o tom, \u017ee hra se zrychlila, ale nejsem si jist, zda to fotbal zlep\u0161ilo,&#8220;<\/em> pochybuje Moyes.<\/p>\n<p><em>&#8222;Mysl\u00edm, \u017ee n\u011bkte\u0159\u00ed hr\u00e1\u010di, kte\u0159\u00ed hr\u00e1li v Premier League p\u0159ed deseti lety, byli na daleko vy\u0161\u0161\u00ed \u00farovni v ohledu techniky a schopnost\u00ed. Napad\u00e1 m\u011b nap\u0159\u00edklad Dennis Bergkamp nebo Gianfranco Zola. Byla to zlat\u00e1 \u00e9ra Premier League.<\/em><\/p>\n<p><em>Mus\u00edme tak\u00e9 pom\u00e1hat rozhod\u010d\u00edm. A\u0165 u\u017e je to pou\u017e\u00edv\u00e1n\u00edm technologie nebo zaveden\u00edm dvou sud\u00edch na h\u0159i\u0161ti nebo zm\u011bnou p\u0159\u00edstupu ke h\u0159e. Mo\u017en\u00e1 je \u010das zav\u00e9st Premier League One a Two a p\u0159izvat skotsk\u00e9 kluby jako Celtic a Rangers. Mysl\u00edm, \u017ee by to sout\u011b\u017ei p\u0159idalo.&#8220;<\/em><\/p>\n<p>Pravideln\u00fd cenov\u00fd n\u00e1r\u016fst zaznamen\u00e1vaj\u00ed i ceny vstupenek. <em>&#8222;R\u00e1d bych vid\u011bl ni\u017e\u0161\u00ed ceny l\u00edstk\u016f, aby si mohl fotbal dovolit ka\u017ed\u00fd. M\u011bli bychom b\u00fdt schopni po\u0159\u00e1d zapl\u0148ovat v\u0161echny stadiony. Pokud by lid\u00e9 ve fotbale p\u0159ijali sn\u00ed\u017een\u00ed plat\u016f o 20 procent, pak by ni\u017e\u0161\u00ed ceny byly jedn\u00edm z p\u0159\u00edm\u00fdch v\u00fdsledk\u016f. Fotbal je tu u\u017e n\u011bj\u00e1k\u00fdch 150 let a u\u0161el dlouhou cestu, ale nesm\u00edme p\u0159ipustit, aby se odcizil od sv\u00fdch ko\u0159en\u016f. Nesm\u00edme ho sebrat b\u011b\u017en\u00fdm lidem<\/em><\/p>\n<p><em>Pod\u00edvejte se na mlad\u00e9 &#8211; jsme u\u017e p\u0159\u00edli\u0161 daleko od ko\u0159en\u016f. R\u00e1d bych vid\u011bl nejlep\u0161\u00ed mlad\u00e9 fotbalisty vracet se do sv\u00fdch \u0161koln\u00edch t\u00fdm\u016f. T\u00edm, \u017ee je sebereme ze \u0161koly a nech\u00e1me je hr\u00e1t s ostatn\u00edmi elitn\u00edmi mlad\u00edky, jsme nep\u0159\u00edzniv\u011b ovlivnili jejich discipl\u00ednu. Mus\u00ed znovu vyr\u016fstat norm\u00e1ln\u011b, bez toho, ani\u017e by jim kluby zakazovaly hr\u00e1t ostatn\u00ed sporty jako kriket. Je to \u0161\u00edlen\u00e9, prost\u011b nechte d\u011bti, a\u0165 si hraj\u00ed. D\u0159\u00edve jsme mluvili o zran\u011bn\u00ed mlad\u00edk\u016f z d\u016fvodu, \u017ee zkr\u00e1tka hr\u00e1li p\u0159\u00edli\u0161 mnoho z\u00e1pas\u016f. Te\u010f je nebezpe\u010d\u00edm to, \u017ee nehraj\u00ed dost \u010dasto a nehraj\u00ed jen pro samotnou z\u00e1bavu,&#8220;<\/em> upozor\u0148uje Moyes.<\/p>\n<\/div>\n","protected":false},"excerpt":{"rendered":"<p>Fotbal se m\u011bn\u00ed a v mnoha sm\u011brech se bohu\u017eel neub\u00edr\u00e1 t\u00edm spr\u00e1vn\u00fdm sm\u011brem. To Moyese znepokojuje a po\u017eaduje zm\u011bny. David&hellip;<\/p>\n","protected":false},"author":7,"featured_media":1313,"comment_status":"open","ping_status":"closed","sticky":false,"template":"","format":"standard","meta":{"_eb_attr":"","_monsterinsights_skip_tracking":false,"_monsterinsights_sitenote_active":false,"_monsterinsights_sitenote_note":"","_monsterinsights_sitenote_category":0,"footnotes":""},"categories":[42,1],"tags":[],"yoast_head":"<!-- This site is optimized with the Yoast SEO plugin v23.4 - https:\/\/yoast.com\/wordpress\/plugins\/seo\/ -->\n<title>Moyes vol\u00e1 po zm\u011bn\u00e1ch - Official Czech &amp; Slovak Everton Supporters&#039; Club<\/title>\n<meta name=\"robots\" content=\"index, follow, max-snippet:-1, max-image-preview:large, max-video-preview:-1\" \/>\n<link rel=\"canonical\" href=\"https:\/\/evertonfc.cz\/index.php\/2012\/03\/04\/moyes-vola-po-zmenach\/\" \/>\n<meta property=\"og:locale\" content=\"cs_CZ\" \/>\n<meta property=\"og:type\" content=\"article\" \/>\n<meta property=\"og:title\" content=\"Moyes vol\u00e1 po zm\u011bn\u00e1ch - Official Czech &amp; Slovak Everton Supporters&#039; Club\" \/>\n<meta property=\"og:description\" content=\"Fotbal se m\u011bn\u00ed a v mnoha sm\u011brech se bohu\u017eel neub\u00edr\u00e1 t\u00edm spr\u00e1vn\u00fdm sm\u011brem. To Moyese znepokojuje a po\u017eaduje zm\u011bny. David&hellip;\" \/>\n<meta property=\"og:url\" content=\"https:\/\/evertonfc.cz\/index.php\/2012\/03\/04\/moyes-vola-po-zmenach\/\" \/>\n<meta property=\"og:site_name\" content=\"Official Czech &amp; Slovak Everton Supporters&#039; Club\" \/>\n<meta property=\"article:publisher\" content=\"https:\/\/www.facebook.com\/everton.fans.cz.sk\" \/>\n<meta property=\"article:published_time\" content=\"2012-03-04T17:54:08+00:00\" \/>\n<meta property=\"article:modified_time\" content=\"2019-02-17T17:55:08+00:00\" \/>\n<meta property=\"og:image\" content=\"https:\/\/evertonfc.cz\/wp-content\/uploads\/2019\/01\/news.jpg\" \/>\n\t<meta property=\"og:image:width\" content=\"720\" \/>\n\t<meta property=\"og:image:height\" content=\"405\" \/>\n\t<meta property=\"og:image:type\" content=\"image\/jpeg\" \/>\n<meta name=\"author\" content=\"Me\u0148a\" \/>\n<meta name=\"twitter:card\" content=\"summary_large_image\" \/>\n<meta name=\"twitter:label1\" content=\"Napsal(a)\" \/>\n\t<meta name=\"twitter:data1\" content=\"Me\u0148a\" \/>\n\t<meta name=\"twitter:label2\" content=\"Odhadovan\u00e1 doba \u010dten\u00ed\" \/>\n\t<meta name=\"twitter:data2\" content=\"5 minut\" \/>\n<script type=\"application\/ld+json\" class=\"yoast-schema-graph\">{\"@context\":\"https:\/\/schema.org\",\"@graph\":[{\"@type\":\"Article\",\"@id\":\"https:\/\/evertonfc.cz\/index.php\/2012\/03\/04\/moyes-vola-po-zmenach\/#article\",\"isPartOf\":{\"@id\":\"https:\/\/evertonfc.cz\/index.php\/2012\/03\/04\/moyes-vola-po-zmenach\/\"},\"author\":{\"name\":\"Me\u0148a\",\"@id\":\"https:\/\/evertonfc.cz\/#\/schema\/person\/cd6328a75577de2add7793fd4b0930c3\"},\"headline\":\"Moyes vol\u00e1 po zm\u011bn\u00e1ch\",\"datePublished\":\"2012-03-04T17:54:08+00:00\",\"dateModified\":\"2019-02-17T17:55:08+00:00\",\"mainEntityOfPage\":{\"@id\":\"https:\/\/evertonfc.cz\/index.php\/2012\/03\/04\/moyes-vola-po-zmenach\/\"},\"wordCount\":1001,\"commentCount\":0,\"publisher\":{\"@id\":\"https:\/\/evertonfc.cz\/#organization\"},\"image\":{\"@id\":\"https:\/\/evertonfc.cz\/index.php\/2012\/03\/04\/moyes-vola-po-zmenach\/#primaryimage\"},\"thumbnailUrl\":\"https:\/\/evertonfc.cz\/wp-content\/uploads\/2019\/01\/news.jpg\",\"articleSection\":[\"Aktuality\",\"Rozhovory\"],\"inLanguage\":\"cs\",\"potentialAction\":[{\"@type\":\"CommentAction\",\"name\":\"Comment\",\"target\":[\"https:\/\/evertonfc.cz\/index.php\/2012\/03\/04\/moyes-vola-po-zmenach\/#respond\"]}]},{\"@type\":\"WebPage\",\"@id\":\"https:\/\/evertonfc.cz\/index.php\/2012\/03\/04\/moyes-vola-po-zmenach\/\",\"url\":\"https:\/\/evertonfc.cz\/index.php\/2012\/03\/04\/moyes-vola-po-zmenach\/\",\"name\":\"Moyes vol\u00e1 po zm\u011bn\u00e1ch - Official Czech &amp; Slovak Everton Supporters&#039; Club\",\"isPartOf\":{\"@id\":\"https:\/\/evertonfc.cz\/#website\"},\"primaryImageOfPage\":{\"@id\":\"https:\/\/evertonfc.cz\/index.php\/2012\/03\/04\/moyes-vola-po-zmenach\/#primaryimage\"},\"image\":{\"@id\":\"https:\/\/evertonfc.cz\/index.php\/2012\/03\/04\/moyes-vola-po-zmenach\/#primaryimage\"},\"thumbnailUrl\":\"https:\/\/evertonfc.cz\/wp-content\/uploads\/2019\/01\/news.jpg\",\"datePublished\":\"2012-03-04T17:54:08+00:00\",\"dateModified\":\"2019-02-17T17:55:08+00:00\",\"breadcrumb\":{\"@id\":\"https:\/\/evertonfc.cz\/index.php\/2012\/03\/04\/moyes-vola-po-zmenach\/#breadcrumb\"},\"inLanguage\":\"cs\",\"potentialAction\":[{\"@type\":\"ReadAction\",\"target\":[\"https:\/\/evertonfc.cz\/index.php\/2012\/03\/04\/moyes-vola-po-zmenach\/\"]}]},{\"@type\":\"ImageObject\",\"inLanguage\":\"cs\",\"@id\":\"https:\/\/evertonfc.cz\/index.php\/2012\/03\/04\/moyes-vola-po-zmenach\/#primaryimage\",\"url\":\"https:\/\/evertonfc.cz\/wp-content\/uploads\/2019\/01\/news.jpg\",\"contentUrl\":\"https:\/\/evertonfc.cz\/wp-content\/uploads\/2019\/01\/news.jpg\",\"width\":720,\"height\":405},{\"@type\":\"BreadcrumbList\",\"@id\":\"https:\/\/evertonfc.cz\/index.php\/2012\/03\/04\/moyes-vola-po-zmenach\/#breadcrumb\",\"itemListElement\":[{\"@type\":\"ListItem\",\"position\":1,\"name\":\"Home\",\"item\":\"https:\/\/evertonfc.cz\/\"},{\"@type\":\"ListItem\",\"position\":2,\"name\":\"Moyes vol\u00e1 po zm\u011bn\u00e1ch\"}]},{\"@type\":\"WebSite\",\"@id\":\"https:\/\/evertonfc.cz\/#website\",\"url\":\"https:\/\/evertonfc.cz\/\",\"name\":\"Official Czech &amp; Slovak Everton Supporters&#039; Club\",\"description\":\"\",\"publisher\":{\"@id\":\"https:\/\/evertonfc.cz\/#organization\"},\"potentialAction\":[{\"@type\":\"SearchAction\",\"target\":{\"@type\":\"EntryPoint\",\"urlTemplate\":\"https:\/\/evertonfc.cz\/?s={search_term_string}\"},\"query-input\":{\"@type\":\"PropertyValueSpecification\",\"valueRequired\":true,\"valueName\":\"search_term_string\"}}],\"inLanguage\":\"cs\"},{\"@type\":\"Organization\",\"@id\":\"https:\/\/evertonfc.cz\/#organization\",\"name\":\"Official Czech & Slovak Everton Supporters' Club\",\"url\":\"https:\/\/evertonfc.cz\/\",\"logo\":{\"@type\":\"ImageObject\",\"inLanguage\":\"cs\",\"@id\":\"https:\/\/evertonfc.cz\/#\/schema\/logo\/image\/\",\"url\":\"https:\/\/evertonfc.cz\/wp-content\/uploads\/2019\/05\/logo.png\",\"contentUrl\":\"https:\/\/evertonfc.cz\/wp-content\/uploads\/2019\/05\/logo.png\",\"width\":112,\"height\":112,\"caption\":\"Official Czech & Slovak Everton Supporters' Club\"},\"image\":{\"@id\":\"https:\/\/evertonfc.cz\/#\/schema\/logo\/image\/\"},\"sameAs\":[\"https:\/\/www.facebook.com\/everton.fans.cz.sk\"]},{\"@type\":\"Person\",\"@id\":\"https:\/\/evertonfc.cz\/#\/schema\/person\/cd6328a75577de2add7793fd4b0930c3\",\"name\":\"Me\u0148a\",\"url\":\"https:\/\/evertonfc.cz\/index.php\/author\/mena\/\"}]}<\/script>\n<!-- \/ Yoast SEO plugin. -->","yoast_head_json":{"title":"Moyes vol\u00e1 po zm\u011bn\u00e1ch - Official Czech &amp; Slovak Everton Supporters&#039; Club","robots":{"index":"index","follow":"follow","max-snippet":"max-snippet:-1","max-image-preview":"max-image-preview:large","max-video-preview":"max-video-preview:-1"},"canonical":"https:\/\/evertonfc.cz\/index.php\/2012\/03\/04\/moyes-vola-po-zmenach\/","og_locale":"cs_CZ","og_type":"article","og_title":"Moyes vol\u00e1 po zm\u011bn\u00e1ch - Official Czech &amp; Slovak Everton Supporters&#039; Club","og_description":"Fotbal se m\u011bn\u00ed a v mnoha sm\u011brech se bohu\u017eel neub\u00edr\u00e1 t\u00edm spr\u00e1vn\u00fdm sm\u011brem. To Moyese znepokojuje a po\u017eaduje zm\u011bny. David&hellip;","og_url":"https:\/\/evertonfc.cz\/index.php\/2012\/03\/04\/moyes-vola-po-zmenach\/","og_site_name":"Official Czech &amp; Slovak Everton Supporters&#039; Club","article_publisher":"https:\/\/www.facebook.com\/everton.fans.cz.sk","article_published_time":"2012-03-04T17:54:08+00:00","article_modified_time":"2019-02-17T17:55:08+00:00","og_image":[{"width":720,"height":405,"url":"https:\/\/evertonfc.cz\/wp-content\/uploads\/2019\/01\/news.jpg","type":"image\/jpeg"}],"author":"Me\u0148a","twitter_card":"summary_large_image","twitter_misc":{"Napsal(a)":"Me\u0148a","Odhadovan\u00e1 doba \u010dten\u00ed":"5 minut"},"schema":{"@context":"https:\/\/schema.org","@graph":[{"@type":"Article","@id":"https:\/\/evertonfc.cz\/index.php\/2012\/03\/04\/moyes-vola-po-zmenach\/#article","isPartOf":{"@id":"https:\/\/evertonfc.cz\/index.php\/2012\/03\/04\/moyes-vola-po-zmenach\/"},"author":{"name":"Me\u0148a","@id":"https:\/\/evertonfc.cz\/#\/schema\/person\/cd6328a75577de2add7793fd4b0930c3"},"headline":"Moyes vol\u00e1 po zm\u011bn\u00e1ch","datePublished":"2012-03-04T17:54:08+00:00","dateModified":"2019-02-17T17:55:08+00:00","mainEntityOfPage":{"@id":"https:\/\/evertonfc.cz\/index.php\/2012\/03\/04\/moyes-vola-po-zmenach\/"},"wordCount":1001,"commentCount":0,"publisher":{"@id":"https:\/\/evertonfc.cz\/#organization"},"image":{"@id":"https:\/\/evertonfc.cz\/index.php\/2012\/03\/04\/moyes-vola-po-zmenach\/#primaryimage"},"thumbnailUrl":"https:\/\/evertonfc.cz\/wp-content\/uploads\/2019\/01\/news.jpg","articleSection":["Aktuality","Rozhovory"],"inLanguage":"cs","potentialAction":[{"@type":"CommentAction","name":"Comment","target":["https:\/\/evertonfc.cz\/index.php\/2012\/03\/04\/moyes-vola-po-zmenach\/#respond"]}]},{"@type":"WebPage","@id":"https:\/\/evertonfc.cz\/index.php\/2012\/03\/04\/moyes-vola-po-zmenach\/","url":"https:\/\/evertonfc.cz\/index.php\/2012\/03\/04\/moyes-vola-po-zmenach\/","name":"Moyes vol\u00e1 po zm\u011bn\u00e1ch - Official Czech &amp; Slovak Everton Supporters&#039; Club","isPartOf":{"@id":"https:\/\/evertonfc.cz\/#website"},"primaryImageOfPage":{"@id":"https:\/\/evertonfc.cz\/index.php\/2012\/03\/04\/moyes-vola-po-zmenach\/#primaryimage"},"image":{"@id":"https:\/\/evertonfc.cz\/index.php\/2012\/03\/04\/moyes-vola-po-zmenach\/#primaryimage"},"thumbnailUrl":"https:\/\/evertonfc.cz\/wp-content\/uploads\/2019\/01\/news.jpg","datePublished":"2012-03-04T17:54:08+00:00","dateModified":"2019-02-17T17:55:08+00:00","breadcrumb":{"@id":"https:\/\/evertonfc.cz\/index.php\/2012\/03\/04\/moyes-vola-po-zmenach\/#breadcrumb"},"inLanguage":"cs","potentialAction":[{"@type":"ReadAction","target":["https:\/\/evertonfc.cz\/index.php\/2012\/03\/04\/moyes-vola-po-zmenach\/"]}]},{"@type":"ImageObject","inLanguage":"cs","@id":"https:\/\/evertonfc.cz\/index.php\/2012\/03\/04\/moyes-vola-po-zmenach\/#primaryimage","url":"https:\/\/evertonfc.cz\/wp-content\/uploads\/2019\/01\/news.jpg","contentUrl":"https:\/\/evertonfc.cz\/wp-content\/uploads\/2019\/01\/news.jpg","width":720,"height":405},{"@type":"BreadcrumbList","@id":"https:\/\/evertonfc.cz\/index.php\/2012\/03\/04\/moyes-vola-po-zmenach\/#breadcrumb","itemListElement":[{"@type":"ListItem","position":1,"name":"Home","item":"https:\/\/evertonfc.cz\/"},{"@type":"ListItem","position":2,"name":"Moyes vol\u00e1 po zm\u011bn\u00e1ch"}]},{"@type":"WebSite","@id":"https:\/\/evertonfc.cz\/#website","url":"https:\/\/evertonfc.cz\/","name":"Official Czech &amp; Slovak Everton Supporters&#039; Club","description":"","publisher":{"@id":"https:\/\/evertonfc.cz\/#organization"},"potentialAction":[{"@type":"SearchAction","target":{"@type":"EntryPoint","urlTemplate":"https:\/\/evertonfc.cz\/?s={search_term_string}"},"query-input":{"@type":"PropertyValueSpecification","valueRequired":true,"valueName":"search_term_string"}}],"inLanguage":"cs"},{"@type":"Organization","@id":"https:\/\/evertonfc.cz\/#organization","name":"Official Czech & Slovak Everton Supporters' Club","url":"https:\/\/evertonfc.cz\/","logo":{"@type":"ImageObject","inLanguage":"cs","@id":"https:\/\/evertonfc.cz\/#\/schema\/logo\/image\/","url":"https:\/\/evertonfc.cz\/wp-content\/uploads\/2019\/05\/logo.png","contentUrl":"https:\/\/evertonfc.cz\/wp-content\/uploads\/2019\/05\/logo.png","width":112,"height":112,"caption":"Official Czech & Slovak Everton Supporters' Club"},"image":{"@id":"https:\/\/evertonfc.cz\/#\/schema\/logo\/image\/"},"sameAs":["https:\/\/www.facebook.com\/everton.fans.cz.sk"]},{"@type":"Person","@id":"https:\/\/evertonfc.cz\/#\/schema\/person\/cd6328a75577de2add7793fd4b0930c3","name":"Me\u0148a","url":"https:\/\/evertonfc.cz\/index.php\/author\/mena\/"}]}},"_links":{"self":[{"href":"https:\/\/evertonfc.cz\/index.php\/wp-json\/wp\/v2\/posts\/6348"}],"collection":[{"href":"https:\/\/evertonfc.cz\/index.php\/wp-json\/wp\/v2\/posts"}],"about":[{"href":"https:\/\/evertonfc.cz\/index.php\/wp-json\/wp\/v2\/types\/post"}],"author":[{"embeddable":true,"href":"https:\/\/evertonfc.cz\/index.php\/wp-json\/wp\/v2\/users\/7"}],"replies":[{"embeddable":true,"href":"https:\/\/evertonfc.cz\/index.php\/wp-json\/wp\/v2\/comments?post=6348"}],"version-history":[{"count":1,"href":"https:\/\/evertonfc.cz\/index.php\/wp-json\/wp\/v2\/posts\/6348\/revisions"}],"predecessor-version":[{"id":6349,"href":"https:\/\/evertonfc.cz\/index.php\/wp-json\/wp\/v2\/posts\/6348\/revisions\/6349"}],"wp:featuredmedia":[{"embeddable":true,"href":"https:\/\/evertonfc.cz\/index.php\/wp-json\/wp\/v2\/media\/1313"}],"wp:attachment":[{"href":"https:\/\/evertonfc.cz\/index.php\/wp-json\/wp\/v2\/media?parent=6348"}],"wp:term":[{"taxonomy":"category","embeddable":true,"href":"https:\/\/evertonfc.cz\/index.php\/wp-json\/wp\/v2\/categories?post=6348"},{"taxonomy":"post_tag","embeddable":true,"href":"https:\/\/evertonfc.cz\/index.php\/wp-json\/wp\/v2\/tags?post=6348"}],"curies":[{"name":"wp","href":"https:\/\/api.w.org\/{rel}","templated":true}]}}